{"id":12353,"date":"2020-04-17T21:34:01","date_gmt":"2020-04-17T20:34:01","guid":{"rendered":"https:\/\/jornaldasoficinas.com\/pt\/?p=12353"},"modified":"2020-04-17T21:36:15","modified_gmt":"2020-04-17T20:36:15","slug":"autobrillante-adota-protocolo-de-limpeza-e-desinfecao-para-veiculos-e-pessoal-de-oficina","status":"publish","type":"post","link":"https:\/\/jornaldasoficinas.com\/pt\/autobrillante-adota-protocolo-de-limpeza-e-desinfecao-para-veiculos-e-pessoal-de-oficina\/","title":{"rendered":"Autobrillante adota protocolo de limpeza e desinfe\u00e7\u00e3o para ve\u00edculos e pessoal de oficina"},"content":{"rendered":"<p><img loading=\"lazy\" decoding=\"async\" class=\"alignnone wp-image-12354 size-full\" src=\"https:\/\/jornaldasoficinas.com\/pt\/wp-content\/uploads\/2020\/04\/autobrillantecovid19.png\" alt=\"04 - autobrillantecovid19\" width=\"1024\" height=\"581\" srcset=\"https:\/\/jornaldasoficinas.com\/pt\/wp-content\/uploads\/2020\/04\/autobrillantecovid19.png 1024w, https:\/\/jornaldasoficinas.com\/pt\/wp-content\/uploads\/2020\/04\/autobrillantecovid19-300x170.png 300w, https:\/\/jornaldasoficinas.com\/pt\/wp-content\/uploads\/2020\/04\/autobrillantecovid19-150x85.png 150w, https:\/\/jornaldasoficinas.com\/pt\/wp-content\/uploads\/2020\/04\/autobrillantecovid19-768x436.png 768w\" sizes=\"auto, (max-width: 1024px) 100vw, 1024px\" \/><\/p>\n<p><strong>Integrado na rotina da oficina, desde o momento da rece\u00e7\u00e3o do ve\u00edculo at\u00e9 \u00e0 entrega do mesmo ao cliente ap\u00f3s a conclus\u00e3o do processo de manuten\u00e7\u00e3o ou repara\u00e7\u00e3o, o protocolo de limpeza e desinfec\u00e7\u00e3o da Autobrillante sistematiza a higiene de pessoas e viaturas.<\/strong><\/p>\n<p>Al\u00e9m disso, no futuro, esta ser\u00e1, de resto, a metodologia standard para in\u00fameros concession\u00e1rios e oficinas multimarca. Como se pode observar na infografia publicada pelo especialista espanhol em<em> car care <\/em>e produtos<em> non paint<\/em> do p\u00f3s-venda autom\u00f3vel, trata-se de um processo que contempla cinco passos e que garante a seguran\u00e7a de t\u00e9cnicos de oficina e clientes.<\/p>\n<p>Come\u00e7ou a ser aplicado numa infinidade de oficinas do pa\u00eds vizinho, que abriram as suas portas como resultado do regresso ao trabalho das atividades consideradas n\u00e3o essenciais, decretado pelo Governo de Espanha no dia 13 de abril.<\/p>\n<p>De acordo com a <a href=\"http:\/\/www.autobrillante.com\/\" target=\"_blank\" rel=\"noopener noreferrer\">Autobrillante<\/a>,&#8221;este protocolo de limpeza e desinfe\u00e7\u00e3o \u00e9 econ\u00f3mico, f\u00e1cil de implementar e seguro para clientes e funcion\u00e1rios. Pelo que ser\u00e1, sem d\u00favida, ser\u00e1 uma mudan\u00e7a sist\u00e9mica que se tornar\u00e1 comum e permanente nas melhores oficinas, mesmo de futuro, quando passar esta crise do novo coronav\u00edrus\u201d.<\/p>\n<p>No primeiro passo do protocolo standard da Autobrillante, reconhece-se o equipamento de prote\u00e7\u00e3o que deve ser adotado pelo pessoal da rece\u00e7\u00e3o e consultores de servi\u00e7o, consistindo, basicamente, no uso de m\u00e1scaras e luvas.<\/p>\n<p>No segundo passo, \u00e9 realizada uma limpeza profunda com desinfetante G3 nas superf\u00edcies e contacto do ve\u00edculo: puxadores da porta do lado do condutor, volante, alavanca da caixa de velocidade e do trav\u00e3o de m\u00e3o, <em>tablier<\/em>, cinto de seguran\u00e7a e respetivo dispositivo de encaixe. A limpeza deve ser feita esfregando as superf\u00edcies com um pano descart\u00e1vel, previamente pulverizado com desinfetante G3.<\/p>\n<p>Para os revestimentos, sejam eles em tecido ou em couro, a Autobrillante recomenda a utiliza\u00e7\u00e3o do produto de limpeza de interiores Autoglym, que melhora as recomenda\u00e7\u00f5es das autoridades sanit\u00e1rias, que aconselham \u00e1gua e sab\u00e3o. Al\u00e9m disso, os mostradores podem ser desinfetados com G3, seguindo-se o produto de limpeza multiusos Autoglym, que fornecer\u00e1 um acabamento brilhante e perfeito.<\/p>\n<p>O terceiro passo determina os procedimentos para proteger o ve\u00edculo durante a sua perman\u00eancia na oficina: instalar capas nos bancos e cobrir volante, alavanca de velocidades e trav\u00e3o de m\u00e3o. Para todos estes elementos, a Autobrillante disponibiliza uma variedade de produtos, como capas de assento descart\u00e1veis \u200b\u200bECO, feitas com 50% de material reciclado. A oferta \u00e9 complementada por tapetes de prote\u00e7\u00e3o de piso feitos de papel reciclado, cobertura de volante em borracha ou de pel\u00edcula em rolo, al\u00e9m de bolsas para proteger a alavanca da caixa e do trav\u00e3o de m\u00e3o.<\/p>\n<p>A prote\u00e7\u00e3o de mec\u00e2nicos, pintores e outros profissionais envolvidos na repara\u00e7\u00e3o, est\u00e1 inclu\u00edda no passo quatro. Aqui, a Autobrillante disp\u00f5e de um portef\u00f3lio completo de luvas de nitrilo, l\u00e1tex, vinil, <em>super-flex<\/em>, neoprene ou couro, todas concebidas, especificamente, para cada tarefa.<\/p>\n<p>Por fim, a \u00faltima etapa do protocolo da Autobrillante antes de o ve\u00edculo ser entregue ao cliente estabelece a desinfe\u00e7\u00e3o das \u00e1reas de repara\u00e7\u00e3o com G3, assim como a lavagem da carro\u00e7aria. Para esta \u00faltima opera\u00e7\u00e3o, \u00e9 especialmente indicado o TF3 Extra da Autoglym aplicado atrav\u00e9s de um limpador de alta press\u00e3o. Para os t\u00faneis de lavagem, s\u00e3o recomendados os qu\u00edmicos da Kanor, tamb\u00e9m distribu\u00eddos pela Autobrillante.<\/p>\n","protected":false},"excerpt":{"rendered":"<p>Integrado na rotina da oficina, desde&#8230;<\/p>\n","protected":false},"author":15,"featured_media":12354,"comment_status":"closed","ping_status":"closed","sticky":false,"template":"","format":"standard","meta":{"footnotes":""},"categories":[2],"tags":[476,727,879],"class_list":["post-12353","post","type-post","status-publish","format-standard","has-post-thumbnail","hentry","category-repintura","tag-autobrillante","tag-autoglym","tag-kanor"],"yoast_head":"<!-- This site is optimized with the Yoast SEO plugin v27.5 - https:\/\/yoast.com\/product\/yoast-seo-wordpress\/ -->\n<title>Autobrillante adota protocolo de limpeza e desinfe\u00e7\u00e3o para ve\u00edculos e pessoal de oficina - Jornal das Oficinas<\/title>\n<meta name=\"robots\" content=\"index, follow, max-snippet:-1, max-image-preview:large, max-video-preview:-1\" \/>\n<link rel=\"canonical\" href=\"https:\/\/jornaldasoficinas.com\/pt\/autobrillante-adota-protocolo-de-limpeza-e-desinfecao-para-veiculos-e-pessoal-de-oficina\/\" \/>\n<meta property=\"og:locale\" content=\"pt_PT\" \/>\n<meta property=\"og:type\" content=\"article\" \/>\n<meta property=\"og:title\" content=\"Autobrillante adota protocolo de limpeza e desinfe\u00e7\u00e3o para ve\u00edculos e pessoal de oficina - Jornal das Oficinas\" \/>\n<meta property=\"og:description\" content=\"Integrado na rotina da oficina, desde...\" \/>\n<meta property=\"og:url\" content=\"https:\/\/jornaldasoficinas.com\/pt\/autobrillante-adota-protocolo-de-limpeza-e-desinfecao-para-veiculos-e-pessoal-de-oficina\/\" \/>\n<meta property=\"og:site_name\" content=\"Jornal das Oficinas\" \/>\n<meta property=\"article:publisher\" content=\"https:\/\/www.facebook.com\/jornaloficinas\" \/>\n<meta property=\"article:published_time\" content=\"2020-04-17T20:34:01+00:00\" \/>\n<meta property=\"article:modified_time\" content=\"2020-04-17T20:36:15+00:00\" \/>\n<meta property=\"og:image\" content=\"https:\/\/jornaldasoficinas.com\/pt\/wp-content\/uploads\/2020\/04\/autobrillantecovid19.png\" \/>\n\t<meta property=\"og:image:width\" content=\"1024\" \/>\n\t<meta property=\"og:image:height\" content=\"581\" \/>\n\t<meta property=\"og:image:type\" content=\"image\/png\" \/>\n<meta name=\"author\" content=\"Reda\u00e7\u00e3o JO\" \/>\n<meta name=\"twitter:card\" content=\"summary_large_image\" \/>\n<meta name=\"twitter:creator\" content=\"@jornaloficinas\" \/>\n<meta name=\"twitter:site\" content=\"@jornaloficinas\" \/>\n<meta name=\"twitter:label1\" content=\"Escrito por\" \/>\n\t<meta name=\"twitter:data1\" content=\"Reda\u00e7\u00e3o JO\" \/>\n\t<meta name=\"twitter:label2\" content=\"Tempo estimado de leitura\" \/>\n\t<meta name=\"twitter:data2\" content=\"3 minutos\" \/>\n<script type=\"application\/ld+json\" class=\"yoast-schema-graph\">{\"@context\":\"https:\\\/\\\/schema.org\",\"@graph\":[{\"@type\":\"Article\",\"@id\":\"https:\\\/\\\/jornaldasoficinas.com\\\/pt\\\/autobrillante-adota-protocolo-de-limpeza-e-desinfecao-para-veiculos-e-pessoal-de-oficina\\\/#article\",\"isPartOf\":{\"@id\":\"https:\\\/\\\/jornaldasoficinas.com\\\/pt\\\/autobrillante-adota-protocolo-de-limpeza-e-desinfecao-para-veiculos-e-pessoal-de-oficina\\\/\"},\"author\":{\"name\":\"Reda\u00e7\u00e3o JO\",\"@id\":\"https:\\\/\\\/jornaldasoficinas.com\\\/pt\\\/#\\\/schema\\\/person\\\/a38eef5de2c41d9e7c9ac10141afddf3\"},\"headline\":\"Autobrillante adota protocolo de limpeza e desinfe\u00e7\u00e3o para ve\u00edculos e pessoal de oficina\",\"datePublished\":\"2020-04-17T20:34:01+00:00\",\"dateModified\":\"2020-04-17T20:36:15+00:00\",\"mainEntityOfPage\":{\"@id\":\"https:\\\/\\\/jornaldasoficinas.com\\\/pt\\\/autobrillante-adota-protocolo-de-limpeza-e-desinfecao-para-veiculos-e-pessoal-de-oficina\\\/\"},\"wordCount\":613,\"publisher\":{\"@id\":\"https:\\\/\\\/jornaldasoficinas.com\\\/pt\\\/#organization\"},\"image\":{\"@id\":\"https:\\\/\\\/jornaldasoficinas.com\\\/pt\\\/autobrillante-adota-protocolo-de-limpeza-e-desinfecao-para-veiculos-e-pessoal-de-oficina\\\/#primaryimage\"},\"thumbnailUrl\":\"https:\\\/\\\/jornaldasoficinas.com\\\/pt\\\/wp-content\\\/uploads\\\/2020\\\/04\\\/autobrillantecovid19.png\",\"keywords\":[\"Autobrillante\",\"Autoglym\",\"Kanor\"],\"articleSection\":[\"Repintura\"],\"inLanguage\":\"pt-PT\"},{\"@type\":\"WebPage\",\"@id\":\"https:\\\/\\\/jornaldasoficinas.com\\\/pt\\\/autobrillante-adota-protocolo-de-limpeza-e-desinfecao-para-veiculos-e-pessoal-de-oficina\\\/\",\"url\":\"https:\\\/\\\/jornaldasoficinas.com\\\/pt\\\/autobrillante-adota-protocolo-de-limpeza-e-desinfecao-para-veiculos-e-pessoal-de-oficina\\\/\",\"name\":\"Autobrillante adota protocolo de limpeza e desinfe\u00e7\u00e3o para ve\u00edculos e pessoal de oficina - Jornal das Oficinas\",\"isPartOf\":{\"@id\":\"https:\\\/\\\/jornaldasoficinas.com\\\/pt\\\/#website\"},\"primaryImageOfPage\":{\"@id\":\"https:\\\/\\\/jornaldasoficinas.com\\\/pt\\\/autobrillante-adota-protocolo-de-limpeza-e-desinfecao-para-veiculos-e-pessoal-de-oficina\\\/#primaryimage\"},\"image\":{\"@id\":\"https:\\\/\\\/jornaldasoficinas.com\\\/pt\\\/autobrillante-adota-protocolo-de-limpeza-e-desinfecao-para-veiculos-e-pessoal-de-oficina\\\/#primaryimage\"},\"thumbnailUrl\":\"https:\\\/\\\/jornaldasoficinas.com\\\/pt\\\/wp-content\\\/uploads\\\/2020\\\/04\\\/autobrillantecovid19.png\",\"datePublished\":\"2020-04-17T20:34:01+00:00\",\"dateModified\":\"2020-04-17T20:36:15+00:00\",\"breadcrumb\":{\"@id\":\"https:\\\/\\\/jornaldasoficinas.com\\\/pt\\\/autobrillante-adota-protocolo-de-limpeza-e-desinfecao-para-veiculos-e-pessoal-de-oficina\\\/#breadcrumb\"},\"inLanguage\":\"pt-PT\",\"potentialAction\":[{\"@type\":\"ReadAction\",\"target\":[\"https:\\\/\\\/jornaldasoficinas.com\\\/pt\\\/autobrillante-adota-protocolo-de-limpeza-e-desinfecao-para-veiculos-e-pessoal-de-oficina\\\/\"]}]},{\"@type\":\"ImageObject\",\"inLanguage\":\"pt-PT\",\"@id\":\"https:\\\/\\\/jornaldasoficinas.com\\\/pt\\\/autobrillante-adota-protocolo-de-limpeza-e-desinfecao-para-veiculos-e-pessoal-de-oficina\\\/#primaryimage\",\"url\":\"https:\\\/\\\/jornaldasoficinas.com\\\/pt\\\/wp-content\\\/uploads\\\/2020\\\/04\\\/autobrillantecovid19.png\",\"contentUrl\":\"https:\\\/\\\/jornaldasoficinas.com\\\/pt\\\/wp-content\\\/uploads\\\/2020\\\/04\\\/autobrillantecovid19.png\",\"width\":1024,\"height\":581,\"caption\":\"04 - autobrillantecovid19\"},{\"@type\":\"BreadcrumbList\",\"@id\":\"https:\\\/\\\/jornaldasoficinas.com\\\/pt\\\/autobrillante-adota-protocolo-de-limpeza-e-desinfecao-para-veiculos-e-pessoal-de-oficina\\\/#breadcrumb\",\"itemListElement\":[{\"@type\":\"ListItem\",\"position\":1,\"name\":\"In\u00edcio\",\"item\":\"https:\\\/\\\/jornaldasoficinas.com\\\/pt\\\/\"},{\"@type\":\"ListItem\",\"position\":2,\"name\":\"Autobrillante adota protocolo de limpeza e desinfe\u00e7\u00e3o para ve\u00edculos e pessoal de oficina\"}]},{\"@type\":\"WebSite\",\"@id\":\"https:\\\/\\\/jornaldasoficinas.com\\\/pt\\\/#website\",\"url\":\"https:\\\/\\\/jornaldasoficinas.com\\\/pt\\\/\",\"name\":\"Jornal das Oficinas\",\"description\":\"Jornal independente do Aftermarket Autom\u00f3vel em Portugal\",\"publisher\":{\"@id\":\"https:\\\/\\\/jornaldasoficinas.com\\\/pt\\\/#organization\"},\"potentialAction\":[{\"@type\":\"SearchAction\",\"target\":{\"@type\":\"EntryPoint\",\"urlTemplate\":\"https:\\\/\\\/jornaldasoficinas.com\\\/pt\\\/?s={search_term_string}\"},\"query-input\":{\"@type\":\"PropertyValueSpecification\",\"valueRequired\":true,\"valueName\":\"search_term_string\"}}],\"inLanguage\":\"pt-PT\"},{\"@type\":\"Organization\",\"@id\":\"https:\\\/\\\/jornaldasoficinas.com\\\/pt\\\/#organization\",\"name\":\"Jornal das Oficinas\",\"url\":\"https:\\\/\\\/jornaldasoficinas.com\\\/pt\\\/\",\"logo\":{\"@type\":\"ImageObject\",\"inLanguage\":\"pt-PT\",\"@id\":\"https:\\\/\\\/jornaldasoficinas.com\\\/pt\\\/#\\\/schema\\\/logo\\\/image\\\/\",\"url\":\"https:\\\/\\\/jornaldasoficinas.com\\\/pt\\\/wp-content\\\/uploads\\\/logoJO-SEO.png\",\"contentUrl\":\"https:\\\/\\\/jornaldasoficinas.com\\\/pt\\\/wp-content\\\/uploads\\\/logoJO-SEO.png\",\"width\":285,\"height\":450,\"caption\":\"Jornal das Oficinas\"},\"image\":{\"@id\":\"https:\\\/\\\/jornaldasoficinas.com\\\/pt\\\/#\\\/schema\\\/logo\\\/image\\\/\"},\"sameAs\":[\"https:\\\/\\\/www.facebook.com\\\/jornaloficinas\",\"https:\\\/\\\/x.com\\\/jornaloficinas\",\"https:\\\/\\\/www.instagram.com\\\/jornal_oficinas\\\/\",\"https:\\\/\\\/www.linkedin.com\\\/company\\\/jornal-das-oficinas\\\/\",\"https:\\\/\\\/www.youtube.com\\\/channel\\\/UCbQZBqtcvV-oSQrr7RzINGg\"]},{\"@type\":\"Person\",\"@id\":\"https:\\\/\\\/jornaldasoficinas.com\\\/pt\\\/#\\\/schema\\\/person\\\/a38eef5de2c41d9e7c9ac10141afddf3\",\"name\":\"Reda\u00e7\u00e3o JO\",\"image\":{\"@type\":\"ImageObject\",\"inLanguage\":\"pt-PT\",\"@id\":\"https:\\\/\\\/secure.gravatar.com\\\/avatar\\\/71f2fa71737ad68a84fea94bc708ddac8ea5b0c4788dc2ad202f3ccb2887742f?s=96&d=wp_user_avatar&r=g\",\"url\":\"https:\\\/\\\/secure.gravatar.com\\\/avatar\\\/71f2fa71737ad68a84fea94bc708ddac8ea5b0c4788dc2ad202f3ccb2887742f?s=96&d=wp_user_avatar&r=g\",\"contentUrl\":\"https:\\\/\\\/secure.gravatar.com\\\/avatar\\\/71f2fa71737ad68a84fea94bc708ddac8ea5b0c4788dc2ad202f3ccb2887742f?s=96&d=wp_user_avatar&r=g\",\"caption\":\"Reda\u00e7\u00e3o JO\"},\"url\":\"https:\\\/\\\/jornaldasoficinas.com\\\/pt\\\/author\\\/joredacao\\\/\"}]}<\/script>\n<!-- \/ Yoast SEO plugin. -->","yoast_head_json":{"title":"Autobrillante adota protocolo de limpeza e desinfe\u00e7\u00e3o para ve\u00edculos e pessoal de oficina - Jornal das Oficinas","robots":{"index":"index","follow":"follow","max-snippet":"max-snippet:-1","max-image-preview":"max-image-preview:large","max-video-preview":"max-video-preview:-1"},"canonical":"https:\/\/jornaldasoficinas.com\/pt\/autobrillante-adota-protocolo-de-limpeza-e-desinfecao-para-veiculos-e-pessoal-de-oficina\/","og_locale":"pt_PT","og_type":"article","og_title":"Autobrillante adota protocolo de limpeza e desinfe\u00e7\u00e3o para ve\u00edculos e pessoal de oficina - Jornal das Oficinas","og_description":"Integrado na rotina da oficina, desde...","og_url":"https:\/\/jornaldasoficinas.com\/pt\/autobrillante-adota-protocolo-de-limpeza-e-desinfecao-para-veiculos-e-pessoal-de-oficina\/","og_site_name":"Jornal das Oficinas","article_publisher":"https:\/\/www.facebook.com\/jornaloficinas","article_published_time":"2020-04-17T20:34:01+00:00","article_modified_time":"2020-04-17T20:36:15+00:00","og_image":[{"width":1024,"height":581,"url":"https:\/\/jornaldasoficinas.com\/pt\/wp-content\/uploads\/2020\/04\/autobrillantecovid19.png","type":"image\/png"}],"author":"Reda\u00e7\u00e3o JO","twitter_card":"summary_large_image","twitter_creator":"@jornaloficinas","twitter_site":"@jornaloficinas","twitter_misc":{"Escrito por":"Reda\u00e7\u00e3o JO","Tempo estimado de leitura":"3 minutos"},"schema":{"@context":"https:\/\/schema.org","@graph":[{"@type":"Article","@id":"https:\/\/jornaldasoficinas.com\/pt\/autobrillante-adota-protocolo-de-limpeza-e-desinfecao-para-veiculos-e-pessoal-de-oficina\/#article","isPartOf":{"@id":"https:\/\/jornaldasoficinas.com\/pt\/autobrillante-adota-protocolo-de-limpeza-e-desinfecao-para-veiculos-e-pessoal-de-oficina\/"},"author":{"name":"Reda\u00e7\u00e3o JO","@id":"https:\/\/jornaldasoficinas.com\/pt\/#\/schema\/person\/a38eef5de2c41d9e7c9ac10141afddf3"},"headline":"Autobrillante adota protocolo de limpeza e desinfe\u00e7\u00e3o para ve\u00edculos e pessoal de oficina","datePublished":"2020-04-17T20:34:01+00:00","dateModified":"2020-04-17T20:36:15+00:00","mainEntityOfPage":{"@id":"https:\/\/jornaldasoficinas.com\/pt\/autobrillante-adota-protocolo-de-limpeza-e-desinfecao-para-veiculos-e-pessoal-de-oficina\/"},"wordCount":613,"publisher":{"@id":"https:\/\/jornaldasoficinas.com\/pt\/#organization"},"image":{"@id":"https:\/\/jornaldasoficinas.com\/pt\/autobrillante-adota-protocolo-de-limpeza-e-desinfecao-para-veiculos-e-pessoal-de-oficina\/#primaryimage"},"thumbnailUrl":"https:\/\/jornaldasoficinas.com\/pt\/wp-content\/uploads\/2020\/04\/autobrillantecovid19.png","keywords":["Autobrillante","Autoglym","Kanor"],"articleSection":["Repintura"],"inLanguage":"pt-PT"},{"@type":"WebPage","@id":"https:\/\/jornaldasoficinas.com\/pt\/autobrillante-adota-protocolo-de-limpeza-e-desinfecao-para-veiculos-e-pessoal-de-oficina\/","url":"https:\/\/jornaldasoficinas.com\/pt\/autobrillante-adota-protocolo-de-limpeza-e-desinfecao-para-veiculos-e-pessoal-de-oficina\/","name":"Autobrillante adota protocolo de limpeza e desinfe\u00e7\u00e3o para ve\u00edculos e pessoal de oficina - Jornal das Oficinas","isPartOf":{"@id":"https:\/\/jornaldasoficinas.com\/pt\/#website"},"primaryImageOfPage":{"@id":"https:\/\/jornaldasoficinas.com\/pt\/autobrillante-adota-protocolo-de-limpeza-e-desinfecao-para-veiculos-e-pessoal-de-oficina\/#primaryimage"},"image":{"@id":"https:\/\/jornaldasoficinas.com\/pt\/autobrillante-adota-protocolo-de-limpeza-e-desinfecao-para-veiculos-e-pessoal-de-oficina\/#primaryimage"},"thumbnailUrl":"https:\/\/jornaldasoficinas.com\/pt\/wp-content\/uploads\/2020\/04\/autobrillantecovid19.png","datePublished":"2020-04-17T20:34:01+00:00","dateModified":"2020-04-17T20:36:15+00:00","breadcrumb":{"@id":"https:\/\/jornaldasoficinas.com\/pt\/autobrillante-adota-protocolo-de-limpeza-e-desinfecao-para-veiculos-e-pessoal-de-oficina\/#breadcrumb"},"inLanguage":"pt-PT","potentialAction":[{"@type":"ReadAction","target":["https:\/\/jornaldasoficinas.com\/pt\/autobrillante-adota-protocolo-de-limpeza-e-desinfecao-para-veiculos-e-pessoal-de-oficina\/"]}]},{"@type":"ImageObject","inLanguage":"pt-PT","@id":"https:\/\/jornaldasoficinas.com\/pt\/autobrillante-adota-protocolo-de-limpeza-e-desinfecao-para-veiculos-e-pessoal-de-oficina\/#primaryimage","url":"https:\/\/jornaldasoficinas.com\/pt\/wp-content\/uploads\/2020\/04\/autobrillantecovid19.png","contentUrl":"https:\/\/jornaldasoficinas.com\/pt\/wp-content\/uploads\/2020\/04\/autobrillantecovid19.png","width":1024,"height":581,"caption":"04 - autobrillantecovid19"},{"@type":"BreadcrumbList","@id":"https:\/\/jornaldasoficinas.com\/pt\/autobrillante-adota-protocolo-de-limpeza-e-desinfecao-para-veiculos-e-pessoal-de-oficina\/#breadcrumb","itemListElement":[{"@type":"ListItem","position":1,"name":"In\u00edcio","item":"https:\/\/jornaldasoficinas.com\/pt\/"},{"@type":"ListItem","position":2,"name":"Autobrillante adota protocolo de limpeza e desinfe\u00e7\u00e3o para ve\u00edculos e pessoal de oficina"}]},{"@type":"WebSite","@id":"https:\/\/jornaldasoficinas.com\/pt\/#website","url":"https:\/\/jornaldasoficinas.com\/pt\/","name":"Jornal das Oficinas","description":"Jornal independente do Aftermarket Autom\u00f3vel em Portugal","publisher":{"@id":"https:\/\/jornaldasoficinas.com\/pt\/#organization"},"potentialAction":[{"@type":"SearchAction","target":{"@type":"EntryPoint","urlTemplate":"https:\/\/jornaldasoficinas.com\/pt\/?s={search_term_string}"},"query-input":{"@type":"PropertyValueSpecification","valueRequired":true,"valueName":"search_term_string"}}],"inLanguage":"pt-PT"},{"@type":"Organization","@id":"https:\/\/jornaldasoficinas.com\/pt\/#organization","name":"Jornal das Oficinas","url":"https:\/\/jornaldasoficinas.com\/pt\/","logo":{"@type":"ImageObject","inLanguage":"pt-PT","@id":"https:\/\/jornaldasoficinas.com\/pt\/#\/schema\/logo\/image\/","url":"https:\/\/jornaldasoficinas.com\/pt\/wp-content\/uploads\/logoJO-SEO.png","contentUrl":"https:\/\/jornaldasoficinas.com\/pt\/wp-content\/uploads\/logoJO-SEO.png","width":285,"height":450,"caption":"Jornal das Oficinas"},"image":{"@id":"https:\/\/jornaldasoficinas.com\/pt\/#\/schema\/logo\/image\/"},"sameAs":["https:\/\/www.facebook.com\/jornaloficinas","https:\/\/x.com\/jornaloficinas","https:\/\/www.instagram.com\/jornal_oficinas\/","https:\/\/www.linkedin.com\/company\/jornal-das-oficinas\/","https:\/\/www.youtube.com\/channel\/UCbQZBqtcvV-oSQrr7RzINGg"]},{"@type":"Person","@id":"https:\/\/jornaldasoficinas.com\/pt\/#\/schema\/person\/a38eef5de2c41d9e7c9ac10141afddf3","name":"Reda\u00e7\u00e3o JO","image":{"@type":"ImageObject","inLanguage":"pt-PT","@id":"https:\/\/secure.gravatar.com\/avatar\/71f2fa71737ad68a84fea94bc708ddac8ea5b0c4788dc2ad202f3ccb2887742f?s=96&d=wp_user_avatar&r=g","url":"https:\/\/secure.gravatar.com\/avatar\/71f2fa71737ad68a84fea94bc708ddac8ea5b0c4788dc2ad202f3ccb2887742f?s=96&d=wp_user_avatar&r=g","contentUrl":"https:\/\/secure.gravatar.com\/avatar\/71f2fa71737ad68a84fea94bc708ddac8ea5b0c4788dc2ad202f3ccb2887742f?s=96&d=wp_user_avatar&r=g","caption":"Reda\u00e7\u00e3o JO"},"url":"https:\/\/jornaldasoficinas.com\/pt\/author\/joredacao\/"}]}},"_links":{"self":[{"href":"https:\/\/jornaldasoficinas.com\/pt\/wp-json\/wp\/v2\/posts\/12353","targetHints":{"allow":["GET"]}}],"collection":[{"href":"https:\/\/jornaldasoficinas.com\/pt\/wp-json\/wp\/v2\/posts"}],"about":[{"href":"https:\/\/jornaldasoficinas.com\/pt\/wp-json\/wp\/v2\/types\/post"}],"author":[{"embeddable":true,"href":"https:\/\/jornaldasoficinas.com\/pt\/wp-json\/wp\/v2\/users\/15"}],"replies":[{"embeddable":true,"href":"https:\/\/jornaldasoficinas.com\/pt\/wp-json\/wp\/v2\/comments?post=12353"}],"version-history":[{"count":0,"href":"https:\/\/jornaldasoficinas.com\/pt\/wp-json\/wp\/v2\/posts\/12353\/revisions"}],"wp:featuredmedia":[{"embeddable":true,"href":"https:\/\/jornaldasoficinas.com\/pt\/wp-json\/wp\/v2\/media\/12354"}],"wp:attachment":[{"href":"https:\/\/jornaldasoficinas.com\/pt\/wp-json\/wp\/v2\/media?parent=12353"}],"wp:term":[{"taxonomy":"category","embeddable":true,"href":"https:\/\/jornaldasoficinas.com\/pt\/wp-json\/wp\/v2\/categories?post=12353"},{"taxonomy":"post_tag","embeddable":true,"href":"https:\/\/jornaldasoficinas.com\/pt\/wp-json\/wp\/v2\/tags?post=12353"}],"curies":[{"name":"wp","href":"https:\/\/api.w.org\/{rel}","templated":true}]}}