{"id":12506,"date":"2020-04-23T00:40:51","date_gmt":"2020-04-22T23:40:51","guid":{"rendered":"https:\/\/jornaldasoficinas.com\/pt\/?p=12506"},"modified":"2023-07-20T16:06:24","modified_gmt":"2023-07-20T15:06:24","slug":"liberty-desinfeta-veiculos-dos-clientes-na-europa","status":"publish","type":"post","link":"https:\/\/jornaldasoficinas.com\/pt\/liberty-desinfeta-veiculos-dos-clientes-na-europa\/","title":{"rendered":"Liberty desinfeta ve\u00edculos dos clientes na Europa"},"content":{"rendered":"<p><img loading=\"lazy\" decoding=\"async\" class=\"alignnone wp-image-12505 size-full\" src=\"https:\/\/jornaldasoficinas.com\/pt\/wp-content\/uploads\/2020\/04\/libertycovid19.png\" alt=\"04 - libertycovid19\" width=\"1024\" height=\"581\" srcset=\"https:\/\/jornaldasoficinas.com\/pt\/wp-content\/uploads\/2020\/04\/libertycovid19.png 1024w, https:\/\/jornaldasoficinas.com\/pt\/wp-content\/uploads\/2020\/04\/libertycovid19-300x170.png 300w, https:\/\/jornaldasoficinas.com\/pt\/wp-content\/uploads\/2020\/04\/libertycovid19-150x85.png 150w, https:\/\/jornaldasoficinas.com\/pt\/wp-content\/uploads\/2020\/04\/libertycovid19-768x436.png 768w\" sizes=\"auto, (max-width: 1024px) 100vw, 1024px\" \/><\/p>\n<p><strong>A Liberty, no contexto gerado pela pandemia de Covid-19 na Europa, com o objetivo de continuar a proteger os clientes do inesperado e faz\u00ea-los sentir-se seguros, vai passar a disponibilizar a desinfe\u00e7\u00e3o dos seus ve\u00edculos, de forma totalmente gratuita, ap\u00f3s cada repara\u00e7\u00e3o feita na sua rede de oficinas.<\/strong><\/p>\n<p>O objetivo desta iniciativa \u00e9 que os clientes Liberty se sintam seguros, sabendo que poder\u00e3o levar os seus ve\u00edculos com total tranquilidade para qualquer oficina da rede e que estes ser\u00e3o completamente desinfetados antes da entrega. Este servi\u00e7o de desinfe\u00e7\u00e3o por ozono tamb\u00e9m ser\u00e1 realizado em ve\u00edculos de cortesia.<\/p>\n<p>Esta a\u00e7\u00e3o \u00e9 lan\u00e7ada nos mercados europeus onde a empresa disponibiliza seguro autom\u00f3vel: Portugal, Espanha e Irlanda, sob as marcas Liberty, Genesis e Regal, respetivamente. Desta forma, mais de um milh\u00e3o de condutores poder\u00e3o beneficiar deste servi\u00e7o totalmente gratuito.<\/p>\n<p>\u201cNa Liberty, queremos antecipar novas necessidades que as pessoas possam ter. Vivemos um novo contexto que transformou (e transformar\u00e1) muitos dos nossos h\u00e1bitos e preocupa\u00e7\u00f5es, principalmente no que diz respeito \u00e0 preven\u00e7\u00e3o e higiene. Queremos apoiar a nossa rede de oficinas com estas m\u00e1quinas de desinfe\u00e7\u00e3o por ozono, garantindo, assim, a continuidade dos neg\u00f3cios e colocando as pessoas em primeiro lugar, protegendo a seguran\u00e7a e a sa\u00fade dos clientes&#8221;, explica Mar\u00eda Eugenia Muguerza, diretora executiva de Opera\u00e7\u00f5es da Liberty.<\/p>\n<p>O impacto desta a\u00e7\u00e3o toma uma propor\u00e7\u00e3o ainda maior, uma vez que todas as pessoas que frequentarem a rede de oficinas da Liberty, independentemente de serem ou n\u00e3o clientes da marca, ser\u00e3o beneficiadas pelas m\u00e1quinas de desinfe\u00e7\u00e3o por ozono que a Liberty disponibilizar\u00e1, de forma gratuita, para mais de 800 estabelecimentos<\/p>\n<p>Com esta medida, a <a href=\"https:\/\/www.libertyseguros.pt\/PublicWebsite\/\" target=\"_blank\" rel=\"noopener noreferrer\">Liberty<\/a> ajuda a continuidade dos neg\u00f3cios das PME da sua rede de oficinas durante o per\u00edodo extraordin\u00e1rio que o pa\u00eds atravessa, uma vez que foram sempre parceiros estrat\u00e9gicos da seguradora.<\/p>\n","protected":false},"excerpt":{"rendered":"<p>A Liberty, no contexto gerado pela&#8230;<\/p>\n","protected":false},"author":15,"featured_media":12505,"comment_status":"closed","ping_status":"closed","sticky":false,"template":"","format":"standard","meta":{"footnotes":""},"categories":[29],"tags":[1790,1789,778],"class_list":["post-12506","post","type-post","status-publish","format-standard","has-post-thumbnail","hentry","category-empresas","tag-coronavirus","tag-covid-19","tag-liberty-seguros"],"yoast_head":"<!-- This site is optimized with the Yoast SEO plugin v27.5 - https:\/\/yoast.com\/product\/yoast-seo-wordpress\/ -->\n<title>Liberty desinfeta ve\u00edculos dos clientes na Europa - Jornal das Oficinas<\/title>\n<meta name=\"robots\" content=\"index, follow, max-snippet:-1, max-image-preview:large, max-video-preview:-1\" \/>\n<link rel=\"canonical\" href=\"https:\/\/jornaldasoficinas.com\/pt\/liberty-desinfeta-veiculos-dos-clientes-na-europa\/\" \/>\n<meta property=\"og:locale\" content=\"pt_PT\" \/>\n<meta property=\"og:type\" content=\"article\" \/>\n<meta property=\"og:title\" content=\"Liberty desinfeta ve\u00edculos dos clientes na Europa - Jornal das Oficinas\" \/>\n<meta property=\"og:description\" content=\"A Liberty, no contexto gerado pela...\" \/>\n<meta property=\"og:url\" content=\"https:\/\/jornaldasoficinas.com\/pt\/liberty-desinfeta-veiculos-dos-clientes-na-europa\/\" \/>\n<meta property=\"og:site_name\" content=\"Jornal das Oficinas\" \/>\n<meta property=\"article:publisher\" content=\"https:\/\/www.facebook.com\/jornaloficinas\" \/>\n<meta property=\"article:published_time\" content=\"2020-04-22T23:40:51+00:00\" \/>\n<meta property=\"article:modified_time\" content=\"2023-07-20T15:06:24+00:00\" \/>\n<meta property=\"og:image\" content=\"https:\/\/jornaldasoficinas.com\/pt\/wp-content\/uploads\/2020\/04\/libertycovid19.png\" \/>\n\t<meta property=\"og:image:width\" content=\"1024\" \/>\n\t<meta property=\"og:image:height\" content=\"581\" \/>\n\t<meta property=\"og:image:type\" content=\"image\/png\" \/>\n<meta name=\"author\" content=\"Reda\u00e7\u00e3o JO\" \/>\n<meta name=\"twitter:card\" content=\"summary_large_image\" \/>\n<meta name=\"twitter:creator\" content=\"@jornaloficinas\" \/>\n<meta name=\"twitter:site\" content=\"@jornaloficinas\" \/>\n<meta name=\"twitter:label1\" content=\"Escrito por\" \/>\n\t<meta name=\"twitter:data1\" content=\"Reda\u00e7\u00e3o JO\" \/>\n\t<meta name=\"twitter:label2\" content=\"Tempo estimado de leitura\" \/>\n\t<meta name=\"twitter:data2\" content=\"2 minutos\" \/>\n<script type=\"application\/ld+json\" class=\"yoast-schema-graph\">{\"@context\":\"https:\\\/\\\/schema.org\",\"@graph\":[{\"@type\":\"Article\",\"@id\":\"https:\\\/\\\/jornaldasoficinas.com\\\/pt\\\/liberty-desinfeta-veiculos-dos-clientes-na-europa\\\/#article\",\"isPartOf\":{\"@id\":\"https:\\\/\\\/jornaldasoficinas.com\\\/pt\\\/liberty-desinfeta-veiculos-dos-clientes-na-europa\\\/\"},\"author\":{\"name\":\"Reda\u00e7\u00e3o JO\",\"@id\":\"https:\\\/\\\/jornaldasoficinas.com\\\/pt\\\/#\\\/schema\\\/person\\\/a38eef5de2c41d9e7c9ac10141afddf3\"},\"headline\":\"Liberty desinfeta ve\u00edculos dos clientes na Europa\",\"datePublished\":\"2020-04-22T23:40:51+00:00\",\"dateModified\":\"2023-07-20T15:06:24+00:00\",\"mainEntityOfPage\":{\"@id\":\"https:\\\/\\\/jornaldasoficinas.com\\\/pt\\\/liberty-desinfeta-veiculos-dos-clientes-na-europa\\\/\"},\"wordCount\":343,\"publisher\":{\"@id\":\"https:\\\/\\\/jornaldasoficinas.com\\\/pt\\\/#organization\"},\"image\":{\"@id\":\"https:\\\/\\\/jornaldasoficinas.com\\\/pt\\\/liberty-desinfeta-veiculos-dos-clientes-na-europa\\\/#primaryimage\"},\"thumbnailUrl\":\"https:\\\/\\\/jornaldasoficinas.com\\\/pt\\\/wp-content\\\/uploads\\\/2020\\\/04\\\/libertycovid19.png\",\"keywords\":[\"Coronav\u00edrus\",\"COVID-19\",\"Liberty Seguros\"],\"articleSection\":[\"Empresas\"],\"inLanguage\":\"pt-PT\"},{\"@type\":\"WebPage\",\"@id\":\"https:\\\/\\\/jornaldasoficinas.com\\\/pt\\\/liberty-desinfeta-veiculos-dos-clientes-na-europa\\\/\",\"url\":\"https:\\\/\\\/jornaldasoficinas.com\\\/pt\\\/liberty-desinfeta-veiculos-dos-clientes-na-europa\\\/\",\"name\":\"Liberty desinfeta ve\u00edculos dos clientes na Europa - Jornal das Oficinas\",\"isPartOf\":{\"@id\":\"https:\\\/\\\/jornaldasoficinas.com\\\/pt\\\/#website\"},\"primaryImageOfPage\":{\"@id\":\"https:\\\/\\\/jornaldasoficinas.com\\\/pt\\\/liberty-desinfeta-veiculos-dos-clientes-na-europa\\\/#primaryimage\"},\"image\":{\"@id\":\"https:\\\/\\\/jornaldasoficinas.com\\\/pt\\\/liberty-desinfeta-veiculos-dos-clientes-na-europa\\\/#primaryimage\"},\"thumbnailUrl\":\"https:\\\/\\\/jornaldasoficinas.com\\\/pt\\\/wp-content\\\/uploads\\\/2020\\\/04\\\/libertycovid19.png\",\"datePublished\":\"2020-04-22T23:40:51+00:00\",\"dateModified\":\"2023-07-20T15:06:24+00:00\",\"breadcrumb\":{\"@id\":\"https:\\\/\\\/jornaldasoficinas.com\\\/pt\\\/liberty-desinfeta-veiculos-dos-clientes-na-europa\\\/#breadcrumb\"},\"inLanguage\":\"pt-PT\",\"potentialAction\":[{\"@type\":\"ReadAction\",\"target\":[\"https:\\\/\\\/jornaldasoficinas.com\\\/pt\\\/liberty-desinfeta-veiculos-dos-clientes-na-europa\\\/\"]}]},{\"@type\":\"ImageObject\",\"inLanguage\":\"pt-PT\",\"@id\":\"https:\\\/\\\/jornaldasoficinas.com\\\/pt\\\/liberty-desinfeta-veiculos-dos-clientes-na-europa\\\/#primaryimage\",\"url\":\"https:\\\/\\\/jornaldasoficinas.com\\\/pt\\\/wp-content\\\/uploads\\\/2020\\\/04\\\/libertycovid19.png\",\"contentUrl\":\"https:\\\/\\\/jornaldasoficinas.com\\\/pt\\\/wp-content\\\/uploads\\\/2020\\\/04\\\/libertycovid19.png\",\"width\":1024,\"height\":581,\"caption\":\"04 - libertycovid19\"},{\"@type\":\"BreadcrumbList\",\"@id\":\"https:\\\/\\\/jornaldasoficinas.com\\\/pt\\\/liberty-desinfeta-veiculos-dos-clientes-na-europa\\\/#breadcrumb\",\"itemListElement\":[{\"@type\":\"ListItem\",\"position\":1,\"name\":\"In\u00edcio\",\"item\":\"https:\\\/\\\/jornaldasoficinas.com\\\/pt\\\/\"},{\"@type\":\"ListItem\",\"position\":2,\"name\":\"Liberty desinfeta ve\u00edculos dos clientes na Europa\"}]},{\"@type\":\"WebSite\",\"@id\":\"https:\\\/\\\/jornaldasoficinas.com\\\/pt\\\/#website\",\"url\":\"https:\\\/\\\/jornaldasoficinas.com\\\/pt\\\/\",\"name\":\"Jornal das Oficinas\",\"description\":\"Jornal independente do Aftermarket Autom\u00f3vel em Portugal\",\"publisher\":{\"@id\":\"https:\\\/\\\/jornaldasoficinas.com\\\/pt\\\/#organization\"},\"potentialAction\":[{\"@type\":\"SearchAction\",\"target\":{\"@type\":\"EntryPoint\",\"urlTemplate\":\"https:\\\/\\\/jornaldasoficinas.com\\\/pt\\\/?s={search_term_string}\"},\"query-input\":{\"@type\":\"PropertyValueSpecification\",\"valueRequired\":true,\"valueName\":\"search_term_string\"}}],\"inLanguage\":\"pt-PT\"},{\"@type\":\"Organization\",\"@id\":\"https:\\\/\\\/jornaldasoficinas.com\\\/pt\\\/#organization\",\"name\":\"Jornal das Oficinas\",\"url\":\"https:\\\/\\\/jornaldasoficinas.com\\\/pt\\\/\",\"logo\":{\"@type\":\"ImageObject\",\"inLanguage\":\"pt-PT\",\"@id\":\"https:\\\/\\\/jornaldasoficinas.com\\\/pt\\\/#\\\/schema\\\/logo\\\/image\\\/\",\"url\":\"https:\\\/\\\/jornaldasoficinas.com\\\/pt\\\/wp-content\\\/uploads\\\/logoJO-SEO.png\",\"contentUrl\":\"https:\\\/\\\/jornaldasoficinas.com\\\/pt\\\/wp-content\\\/uploads\\\/logoJO-SEO.png\",\"width\":285,\"height\":450,\"caption\":\"Jornal das Oficinas\"},\"image\":{\"@id\":\"https:\\\/\\\/jornaldasoficinas.com\\\/pt\\\/#\\\/schema\\\/logo\\\/image\\\/\"},\"sameAs\":[\"https:\\\/\\\/www.facebook.com\\\/jornaloficinas\",\"https:\\\/\\\/x.com\\\/jornaloficinas\",\"https:\\\/\\\/www.instagram.com\\\/jornal_oficinas\\\/\",\"https:\\\/\\\/www.linkedin.com\\\/company\\\/jornal-das-oficinas\\\/\",\"https:\\\/\\\/www.youtube.com\\\/channel\\\/UCbQZBqtcvV-oSQrr7RzINGg\"]},{\"@type\":\"Person\",\"@id\":\"https:\\\/\\\/jornaldasoficinas.com\\\/pt\\\/#\\\/schema\\\/person\\\/a38eef5de2c41d9e7c9ac10141afddf3\",\"name\":\"Reda\u00e7\u00e3o JO\",\"image\":{\"@type\":\"ImageObject\",\"inLanguage\":\"pt-PT\",\"@id\":\"https:\\\/\\\/secure.gravatar.com\\\/avatar\\\/71f2fa71737ad68a84fea94bc708ddac8ea5b0c4788dc2ad202f3ccb2887742f?s=96&d=wp_user_avatar&r=g\",\"url\":\"https:\\\/\\\/secure.gravatar.com\\\/avatar\\\/71f2fa71737ad68a84fea94bc708ddac8ea5b0c4788dc2ad202f3ccb2887742f?s=96&d=wp_user_avatar&r=g\",\"contentUrl\":\"https:\\\/\\\/secure.gravatar.com\\\/avatar\\\/71f2fa71737ad68a84fea94bc708ddac8ea5b0c4788dc2ad202f3ccb2887742f?s=96&d=wp_user_avatar&r=g\",\"caption\":\"Reda\u00e7\u00e3o JO\"},\"url\":\"https:\\\/\\\/jornaldasoficinas.com\\\/pt\\\/author\\\/joredacao\\\/\"}]}<\/script>\n<!-- \/ Yoast SEO plugin. -->","yoast_head_json":{"title":"Liberty desinfeta ve\u00edculos dos clientes na Europa - Jornal das Oficinas","robots":{"index":"index","follow":"follow","max-snippet":"max-snippet:-1","max-image-preview":"max-image-preview:large","max-video-preview":"max-video-preview:-1"},"canonical":"https:\/\/jornaldasoficinas.com\/pt\/liberty-desinfeta-veiculos-dos-clientes-na-europa\/","og_locale":"pt_PT","og_type":"article","og_title":"Liberty desinfeta ve\u00edculos dos clientes na Europa - Jornal das Oficinas","og_description":"A Liberty, no contexto gerado pela...","og_url":"https:\/\/jornaldasoficinas.com\/pt\/liberty-desinfeta-veiculos-dos-clientes-na-europa\/","og_site_name":"Jornal das Oficinas","article_publisher":"https:\/\/www.facebook.com\/jornaloficinas","article_published_time":"2020-04-22T23:40:51+00:00","article_modified_time":"2023-07-20T15:06:24+00:00","og_image":[{"width":1024,"height":581,"url":"https:\/\/jornaldasoficinas.com\/pt\/wp-content\/uploads\/2020\/04\/libertycovid19.png","type":"image\/png"}],"author":"Reda\u00e7\u00e3o JO","twitter_card":"summary_large_image","twitter_creator":"@jornaloficinas","twitter_site":"@jornaloficinas","twitter_misc":{"Escrito por":"Reda\u00e7\u00e3o JO","Tempo estimado de leitura":"2 minutos"},"schema":{"@context":"https:\/\/schema.org","@graph":[{"@type":"Article","@id":"https:\/\/jornaldasoficinas.com\/pt\/liberty-desinfeta-veiculos-dos-clientes-na-europa\/#article","isPartOf":{"@id":"https:\/\/jornaldasoficinas.com\/pt\/liberty-desinfeta-veiculos-dos-clientes-na-europa\/"},"author":{"name":"Reda\u00e7\u00e3o JO","@id":"https:\/\/jornaldasoficinas.com\/pt\/#\/schema\/person\/a38eef5de2c41d9e7c9ac10141afddf3"},"headline":"Liberty desinfeta ve\u00edculos dos clientes na Europa","datePublished":"2020-04-22T23:40:51+00:00","dateModified":"2023-07-20T15:06:24+00:00","mainEntityOfPage":{"@id":"https:\/\/jornaldasoficinas.com\/pt\/liberty-desinfeta-veiculos-dos-clientes-na-europa\/"},"wordCount":343,"publisher":{"@id":"https:\/\/jornaldasoficinas.com\/pt\/#organization"},"image":{"@id":"https:\/\/jornaldasoficinas.com\/pt\/liberty-desinfeta-veiculos-dos-clientes-na-europa\/#primaryimage"},"thumbnailUrl":"https:\/\/jornaldasoficinas.com\/pt\/wp-content\/uploads\/2020\/04\/libertycovid19.png","keywords":["Coronav\u00edrus","COVID-19","Liberty Seguros"],"articleSection":["Empresas"],"inLanguage":"pt-PT"},{"@type":"WebPage","@id":"https:\/\/jornaldasoficinas.com\/pt\/liberty-desinfeta-veiculos-dos-clientes-na-europa\/","url":"https:\/\/jornaldasoficinas.com\/pt\/liberty-desinfeta-veiculos-dos-clientes-na-europa\/","name":"Liberty desinfeta ve\u00edculos dos clientes na Europa - Jornal das Oficinas","isPartOf":{"@id":"https:\/\/jornaldasoficinas.com\/pt\/#website"},"primaryImageOfPage":{"@id":"https:\/\/jornaldasoficinas.com\/pt\/liberty-desinfeta-veiculos-dos-clientes-na-europa\/#primaryimage"},"image":{"@id":"https:\/\/jornaldasoficinas.com\/pt\/liberty-desinfeta-veiculos-dos-clientes-na-europa\/#primaryimage"},"thumbnailUrl":"https:\/\/jornaldasoficinas.com\/pt\/wp-content\/uploads\/2020\/04\/libertycovid19.png","datePublished":"2020-04-22T23:40:51+00:00","dateModified":"2023-07-20T15:06:24+00:00","breadcrumb":{"@id":"https:\/\/jornaldasoficinas.com\/pt\/liberty-desinfeta-veiculos-dos-clientes-na-europa\/#breadcrumb"},"inLanguage":"pt-PT","potentialAction":[{"@type":"ReadAction","target":["https:\/\/jornaldasoficinas.com\/pt\/liberty-desinfeta-veiculos-dos-clientes-na-europa\/"]}]},{"@type":"ImageObject","inLanguage":"pt-PT","@id":"https:\/\/jornaldasoficinas.com\/pt\/liberty-desinfeta-veiculos-dos-clientes-na-europa\/#primaryimage","url":"https:\/\/jornaldasoficinas.com\/pt\/wp-content\/uploads\/2020\/04\/libertycovid19.png","contentUrl":"https:\/\/jornaldasoficinas.com\/pt\/wp-content\/uploads\/2020\/04\/libertycovid19.png","width":1024,"height":581,"caption":"04 - libertycovid19"},{"@type":"BreadcrumbList","@id":"https:\/\/jornaldasoficinas.com\/pt\/liberty-desinfeta-veiculos-dos-clientes-na-europa\/#breadcrumb","itemListElement":[{"@type":"ListItem","position":1,"name":"In\u00edcio","item":"https:\/\/jornaldasoficinas.com\/pt\/"},{"@type":"ListItem","position":2,"name":"Liberty desinfeta ve\u00edculos dos clientes na Europa"}]},{"@type":"WebSite","@id":"https:\/\/jornaldasoficinas.com\/pt\/#website","url":"https:\/\/jornaldasoficinas.com\/pt\/","name":"Jornal das Oficinas","description":"Jornal independente do Aftermarket Autom\u00f3vel em Portugal","publisher":{"@id":"https:\/\/jornaldasoficinas.com\/pt\/#organization"},"potentialAction":[{"@type":"SearchAction","target":{"@type":"EntryPoint","urlTemplate":"https:\/\/jornaldasoficinas.com\/pt\/?s={search_term_string}"},"query-input":{"@type":"PropertyValueSpecification","valueRequired":true,"valueName":"search_term_string"}}],"inLanguage":"pt-PT"},{"@type":"Organization","@id":"https:\/\/jornaldasoficinas.com\/pt\/#organization","name":"Jornal das Oficinas","url":"https:\/\/jornaldasoficinas.com\/pt\/","logo":{"@type":"ImageObject","inLanguage":"pt-PT","@id":"https:\/\/jornaldasoficinas.com\/pt\/#\/schema\/logo\/image\/","url":"https:\/\/jornaldasoficinas.com\/pt\/wp-content\/uploads\/logoJO-SEO.png","contentUrl":"https:\/\/jornaldasoficinas.com\/pt\/wp-content\/uploads\/logoJO-SEO.png","width":285,"height":450,"caption":"Jornal das Oficinas"},"image":{"@id":"https:\/\/jornaldasoficinas.com\/pt\/#\/schema\/logo\/image\/"},"sameAs":["https:\/\/www.facebook.com\/jornaloficinas","https:\/\/x.com\/jornaloficinas","https:\/\/www.instagram.com\/jornal_oficinas\/","https:\/\/www.linkedin.com\/company\/jornal-das-oficinas\/","https:\/\/www.youtube.com\/channel\/UCbQZBqtcvV-oSQrr7RzINGg"]},{"@type":"Person","@id":"https:\/\/jornaldasoficinas.com\/pt\/#\/schema\/person\/a38eef5de2c41d9e7c9ac10141afddf3","name":"Reda\u00e7\u00e3o JO","image":{"@type":"ImageObject","inLanguage":"pt-PT","@id":"https:\/\/secure.gravatar.com\/avatar\/71f2fa71737ad68a84fea94bc708ddac8ea5b0c4788dc2ad202f3ccb2887742f?s=96&d=wp_user_avatar&r=g","url":"https:\/\/secure.gravatar.com\/avatar\/71f2fa71737ad68a84fea94bc708ddac8ea5b0c4788dc2ad202f3ccb2887742f?s=96&d=wp_user_avatar&r=g","contentUrl":"https:\/\/secure.gravatar.com\/avatar\/71f2fa71737ad68a84fea94bc708ddac8ea5b0c4788dc2ad202f3ccb2887742f?s=96&d=wp_user_avatar&r=g","caption":"Reda\u00e7\u00e3o JO"},"url":"https:\/\/jornaldasoficinas.com\/pt\/author\/joredacao\/"}]}},"_links":{"self":[{"href":"https:\/\/jornaldasoficinas.com\/pt\/wp-json\/wp\/v2\/posts\/12506","targetHints":{"allow":["GET"]}}],"collection":[{"href":"https:\/\/jornaldasoficinas.com\/pt\/wp-json\/wp\/v2\/posts"}],"about":[{"href":"https:\/\/jornaldasoficinas.com\/pt\/wp-json\/wp\/v2\/types\/post"}],"author":[{"embeddable":true,"href":"https:\/\/jornaldasoficinas.com\/pt\/wp-json\/wp\/v2\/users\/15"}],"replies":[{"embeddable":true,"href":"https:\/\/jornaldasoficinas.com\/pt\/wp-json\/wp\/v2\/comments?post=12506"}],"version-history":[{"count":0,"href":"https:\/\/jornaldasoficinas.com\/pt\/wp-json\/wp\/v2\/posts\/12506\/revisions"}],"wp:featuredmedia":[{"embeddable":true,"href":"https:\/\/jornaldasoficinas.com\/pt\/wp-json\/wp\/v2\/media\/12505"}],"wp:attachment":[{"href":"https:\/\/jornaldasoficinas.com\/pt\/wp-json\/wp\/v2\/media?parent=12506"}],"wp:term":[{"taxonomy":"category","embeddable":true,"href":"https:\/\/jornaldasoficinas.com\/pt\/wp-json\/wp\/v2\/categories?post=12506"},{"taxonomy":"post_tag","embeddable":true,"href":"https:\/\/jornaldasoficinas.com\/pt\/wp-json\/wp\/v2\/tags?post=12506"}],"curies":[{"name":"wp","href":"https:\/\/api.w.org\/{rel}","templated":true}]}}