{"id":12653,"date":"2020-04-29T12:43:12","date_gmt":"2020-04-29T11:43:12","guid":{"rendered":"https:\/\/jornaldasoficinas.com\/pt\/?p=12653"},"modified":"2023-07-20T16:14:56","modified_gmt":"2023-07-20T15:14:56","slug":"reta-dispoe-de-servico-de-desinfecao-e-higienizacao-de-viaturas-pesadas","status":"publish","type":"post","link":"https:\/\/jornaldasoficinas.com\/pt\/reta-dispoe-de-servico-de-desinfecao-e-higienizacao-de-viaturas-pesadas\/","title":{"rendered":"Reta disp\u00f5e de servi\u00e7o de desinfe\u00e7\u00e3o e higieniza\u00e7\u00e3o de viaturas pesadas"},"content":{"rendered":"<p><img loading=\"lazy\" decoding=\"async\" class=\"alignnone wp-image-12652 size-full\" src=\"https:\/\/jornaldasoficinas.com\/pt\/wp-content\/uploads\/2020\/04\/retaoficina.png\" alt=\"04 - retaoficina\" width=\"1024\" height=\"581\" srcset=\"https:\/\/jornaldasoficinas.com\/pt\/wp-content\/uploads\/2020\/04\/retaoficina.png 1024w, https:\/\/jornaldasoficinas.com\/pt\/wp-content\/uploads\/2020\/04\/retaoficina-300x170.png 300w, https:\/\/jornaldasoficinas.com\/pt\/wp-content\/uploads\/2020\/04\/retaoficina-150x85.png 150w, https:\/\/jornaldasoficinas.com\/pt\/wp-content\/uploads\/2020\/04\/retaoficina-768x436.png 768w\" sizes=\"auto, (max-width: 1024px) 100vw, 1024px\" \/><\/p>\n<p><strong>A desinfe\u00e7\u00e3o de viaturas \u00e9 fundamental para proteger a sa\u00fade e seguran\u00e7a dos motoristas face \u00e0 pandemia de Covid-19. Nesse sentido, a Reta \u2013 Servi\u00e7os T\u00e9cnicos e Rent-a-Cargo, S.A. empresa especialista em servi\u00e7os a ve\u00edculos pesados pertencente ao Grupo Lu\u00eds Sim\u00f5es, anuncia a disponibiliza\u00e7\u00e3o de servi\u00e7os de desinfe\u00e7\u00e3o e higieniza\u00e7\u00e3o para cami\u00f5es, tratores, semirreboques e autocarros.<\/strong><\/p>\n<p>A empresa assume uma postura ativa perante a atual pandemia de Covid-19, procurando contribuir para a preven\u00e7\u00e3o, sa\u00fade e seguran\u00e7a de clientes, fornecedores, parceiros e colaboradores.<\/p>\n<p>O servi\u00e7o geral de lavagem de viaturas disponibilizado pela <a href=\"https:\/\/www.reta.pt\/pt\/\" target=\"_blank\" rel=\"noopener noreferrer\">Reta &#8211; Servi\u00e7os T\u00e9cnicos e Rent-a-Cargo, S.A.<\/a> \u00e9 aplicado em fun\u00e7\u00e3o do tipo de viatura, tipo de conjunto, interior ou exterior e tamanho da caixa.A lavagem e desinfe\u00e7\u00e3o \u00e9 realizada com recurso a um produto que reduz, de forma eficaz e definitiva, v\u00edrus e bact\u00e9rias que possam estar em suspens\u00e3o no ar, purificando, tamb\u00e9m, o ambiente.<\/p>\n<p>O produto em quest\u00e3o foi indicado pela Dire\u00e7\u00e3o-Geral de Sa\u00fade (DGS) e testado por laborat\u00f3rios oficiais em condi\u00e7\u00f5es de real utiliza\u00e7\u00e3o. \u00c9 recomendado para aplica\u00e7\u00e3o em cabines de cami\u00f5es, viaturas de passageiros e autocarros, ambul\u00e2ncias, escrit\u00f3rios e salas de reuni\u00f5es.<\/p>\n<p>Este servi\u00e7o \u00e9 prestado nas instala\u00e7\u00f5es da Reta &#8211; Servi\u00e7os T\u00e9cnicos e Rent-a-Cargo, S.A. e inclui a oferta de um borrifador de 500 ml com o mesmo produto utilizado na higieniza\u00e7\u00e3o, para que os utilizadores possam garantir condi\u00e7\u00f5es de salubridade no interior dos ve\u00edculos.<\/p>\n","protected":false},"excerpt":{"rendered":"<p>A desinfe\u00e7\u00e3o de viaturas \u00e9 fundamental&#8230;<\/p>\n","protected":false},"author":15,"featured_media":12652,"comment_status":"closed","ping_status":"closed","sticky":false,"template":"","format":"standard","meta":{"footnotes":""},"categories":[29],"tags":[2057,2123,1962,2122,2121],"class_list":["post-12653","post","type-post","status-publish","format-standard","has-post-thumbnail","hentry","category-empresas","tag-desinfecao","tag-grupo-luis-simoes","tag-higienizacao","tag-lecitrailer","tag-reta-servicos-tecnicos-e-rent-a-cargo"],"yoast_head":"<!-- This site is optimized with the Yoast SEO plugin v27.4 - https:\/\/yoast.com\/product\/yoast-seo-wordpress\/ -->\n<title>Reta disp\u00f5e de servi\u00e7o de desinfe\u00e7\u00e3o e higieniza\u00e7\u00e3o de viaturas pesadas - Jornal das Oficinas<\/title>\n<meta name=\"robots\" content=\"index, follow, max-snippet:-1, max-image-preview:large, max-video-preview:-1\" \/>\n<link rel=\"canonical\" href=\"https:\/\/jornaldasoficinas.com\/pt\/reta-dispoe-de-servico-de-desinfecao-e-higienizacao-de-viaturas-pesadas\/\" \/>\n<meta property=\"og:locale\" content=\"pt_PT\" \/>\n<meta property=\"og:type\" content=\"article\" \/>\n<meta property=\"og:title\" content=\"Reta disp\u00f5e de servi\u00e7o de desinfe\u00e7\u00e3o e higieniza\u00e7\u00e3o de viaturas pesadas - Jornal das Oficinas\" \/>\n<meta property=\"og:description\" content=\"A desinfe\u00e7\u00e3o de viaturas \u00e9 fundamental...\" \/>\n<meta property=\"og:url\" content=\"https:\/\/jornaldasoficinas.com\/pt\/reta-dispoe-de-servico-de-desinfecao-e-higienizacao-de-viaturas-pesadas\/\" \/>\n<meta property=\"og:site_name\" content=\"Jornal das Oficinas\" \/>\n<meta property=\"article:publisher\" content=\"https:\/\/www.facebook.com\/jornaloficinas\" \/>\n<meta property=\"article:published_time\" content=\"2020-04-29T11:43:12+00:00\" \/>\n<meta property=\"article:modified_time\" content=\"2023-07-20T15:14:56+00:00\" \/>\n<meta property=\"og:image\" content=\"https:\/\/jornaldasoficinas.com\/pt\/wp-content\/uploads\/2020\/04\/retaoficina.png\" \/>\n\t<meta property=\"og:image:width\" content=\"1024\" \/>\n\t<meta property=\"og:image:height\" content=\"581\" \/>\n\t<meta property=\"og:image:type\" content=\"image\/png\" \/>\n<meta name=\"author\" content=\"Reda\u00e7\u00e3o JO\" \/>\n<meta name=\"twitter:card\" content=\"summary_large_image\" \/>\n<meta name=\"twitter:creator\" content=\"@jornaloficinas\" \/>\n<meta name=\"twitter:site\" content=\"@jornaloficinas\" \/>\n<meta name=\"twitter:label1\" content=\"Escrito por\" \/>\n\t<meta name=\"twitter:data1\" content=\"Reda\u00e7\u00e3o JO\" \/>\n\t<meta name=\"twitter:label2\" content=\"Tempo estimado de leitura\" \/>\n\t<meta name=\"twitter:data2\" content=\"1 minuto\" \/>\n<script type=\"application\/ld+json\" class=\"yoast-schema-graph\">{\"@context\":\"https:\\\/\\\/schema.org\",\"@graph\":[{\"@type\":\"Article\",\"@id\":\"https:\\\/\\\/jornaldasoficinas.com\\\/pt\\\/reta-dispoe-de-servico-de-desinfecao-e-higienizacao-de-viaturas-pesadas\\\/#article\",\"isPartOf\":{\"@id\":\"https:\\\/\\\/jornaldasoficinas.com\\\/pt\\\/reta-dispoe-de-servico-de-desinfecao-e-higienizacao-de-viaturas-pesadas\\\/\"},\"author\":{\"name\":\"Reda\u00e7\u00e3o JO\",\"@id\":\"https:\\\/\\\/jornaldasoficinas.com\\\/pt\\\/#\\\/schema\\\/person\\\/a38eef5de2c41d9e7c9ac10141afddf3\"},\"headline\":\"Reta disp\u00f5e de servi\u00e7o de desinfe\u00e7\u00e3o e higieniza\u00e7\u00e3o de viaturas pesadas\",\"datePublished\":\"2020-04-29T11:43:12+00:00\",\"dateModified\":\"2023-07-20T15:14:56+00:00\",\"mainEntityOfPage\":{\"@id\":\"https:\\\/\\\/jornaldasoficinas.com\\\/pt\\\/reta-dispoe-de-servico-de-desinfecao-e-higienizacao-de-viaturas-pesadas\\\/\"},\"wordCount\":286,\"publisher\":{\"@id\":\"https:\\\/\\\/jornaldasoficinas.com\\\/pt\\\/#organization\"},\"image\":{\"@id\":\"https:\\\/\\\/jornaldasoficinas.com\\\/pt\\\/reta-dispoe-de-servico-de-desinfecao-e-higienizacao-de-viaturas-pesadas\\\/#primaryimage\"},\"thumbnailUrl\":\"https:\\\/\\\/jornaldasoficinas.com\\\/pt\\\/wp-content\\\/uploads\\\/2020\\\/04\\\/retaoficina.png\",\"keywords\":[\"Desinfe\u00e7\u00e3o\",\"Grupo Lu\u00eds Sim\u00f5es\",\"Higieniza\u00e7\u00e3o\",\"LeciTrailer\",\"Reta - Servi\u00e7os T\u00e9cnicos e Rent-a-Cargo\"],\"articleSection\":[\"Empresas\"],\"inLanguage\":\"pt-PT\"},{\"@type\":\"WebPage\",\"@id\":\"https:\\\/\\\/jornaldasoficinas.com\\\/pt\\\/reta-dispoe-de-servico-de-desinfecao-e-higienizacao-de-viaturas-pesadas\\\/\",\"url\":\"https:\\\/\\\/jornaldasoficinas.com\\\/pt\\\/reta-dispoe-de-servico-de-desinfecao-e-higienizacao-de-viaturas-pesadas\\\/\",\"name\":\"Reta disp\u00f5e de servi\u00e7o de desinfe\u00e7\u00e3o e higieniza\u00e7\u00e3o de viaturas pesadas - Jornal das Oficinas\",\"isPartOf\":{\"@id\":\"https:\\\/\\\/jornaldasoficinas.com\\\/pt\\\/#website\"},\"primaryImageOfPage\":{\"@id\":\"https:\\\/\\\/jornaldasoficinas.com\\\/pt\\\/reta-dispoe-de-servico-de-desinfecao-e-higienizacao-de-viaturas-pesadas\\\/#primaryimage\"},\"image\":{\"@id\":\"https:\\\/\\\/jornaldasoficinas.com\\\/pt\\\/reta-dispoe-de-servico-de-desinfecao-e-higienizacao-de-viaturas-pesadas\\\/#primaryimage\"},\"thumbnailUrl\":\"https:\\\/\\\/jornaldasoficinas.com\\\/pt\\\/wp-content\\\/uploads\\\/2020\\\/04\\\/retaoficina.png\",\"datePublished\":\"2020-04-29T11:43:12+00:00\",\"dateModified\":\"2023-07-20T15:14:56+00:00\",\"breadcrumb\":{\"@id\":\"https:\\\/\\\/jornaldasoficinas.com\\\/pt\\\/reta-dispoe-de-servico-de-desinfecao-e-higienizacao-de-viaturas-pesadas\\\/#breadcrumb\"},\"inLanguage\":\"pt-PT\",\"potentialAction\":[{\"@type\":\"ReadAction\",\"target\":[\"https:\\\/\\\/jornaldasoficinas.com\\\/pt\\\/reta-dispoe-de-servico-de-desinfecao-e-higienizacao-de-viaturas-pesadas\\\/\"]}]},{\"@type\":\"ImageObject\",\"inLanguage\":\"pt-PT\",\"@id\":\"https:\\\/\\\/jornaldasoficinas.com\\\/pt\\\/reta-dispoe-de-servico-de-desinfecao-e-higienizacao-de-viaturas-pesadas\\\/#primaryimage\",\"url\":\"https:\\\/\\\/jornaldasoficinas.com\\\/pt\\\/wp-content\\\/uploads\\\/2020\\\/04\\\/retaoficina.png\",\"contentUrl\":\"https:\\\/\\\/jornaldasoficinas.com\\\/pt\\\/wp-content\\\/uploads\\\/2020\\\/04\\\/retaoficina.png\",\"width\":1024,\"height\":581,\"caption\":\"04 - retaoficina\"},{\"@type\":\"BreadcrumbList\",\"@id\":\"https:\\\/\\\/jornaldasoficinas.com\\\/pt\\\/reta-dispoe-de-servico-de-desinfecao-e-higienizacao-de-viaturas-pesadas\\\/#breadcrumb\",\"itemListElement\":[{\"@type\":\"ListItem\",\"position\":1,\"name\":\"In\u00edcio\",\"item\":\"https:\\\/\\\/jornaldasoficinas.com\\\/pt\\\/\"},{\"@type\":\"ListItem\",\"position\":2,\"name\":\"Reta disp\u00f5e de servi\u00e7o de desinfe\u00e7\u00e3o e higieniza\u00e7\u00e3o de viaturas pesadas\"}]},{\"@type\":\"WebSite\",\"@id\":\"https:\\\/\\\/jornaldasoficinas.com\\\/pt\\\/#website\",\"url\":\"https:\\\/\\\/jornaldasoficinas.com\\\/pt\\\/\",\"name\":\"Jornal das Oficinas\",\"description\":\"Jornal independente do Aftermarket Autom\u00f3vel em Portugal\",\"publisher\":{\"@id\":\"https:\\\/\\\/jornaldasoficinas.com\\\/pt\\\/#organization\"},\"potentialAction\":[{\"@type\":\"SearchAction\",\"target\":{\"@type\":\"EntryPoint\",\"urlTemplate\":\"https:\\\/\\\/jornaldasoficinas.com\\\/pt\\\/?s={search_term_string}\"},\"query-input\":{\"@type\":\"PropertyValueSpecification\",\"valueRequired\":true,\"valueName\":\"search_term_string\"}}],\"inLanguage\":\"pt-PT\"},{\"@type\":\"Organization\",\"@id\":\"https:\\\/\\\/jornaldasoficinas.com\\\/pt\\\/#organization\",\"name\":\"Jornal das Oficinas\",\"url\":\"https:\\\/\\\/jornaldasoficinas.com\\\/pt\\\/\",\"logo\":{\"@type\":\"ImageObject\",\"inLanguage\":\"pt-PT\",\"@id\":\"https:\\\/\\\/jornaldasoficinas.com\\\/pt\\\/#\\\/schema\\\/logo\\\/image\\\/\",\"url\":\"https:\\\/\\\/jornaldasoficinas.com\\\/pt\\\/wp-content\\\/uploads\\\/logoJO-SEO.png\",\"contentUrl\":\"https:\\\/\\\/jornaldasoficinas.com\\\/pt\\\/wp-content\\\/uploads\\\/logoJO-SEO.png\",\"width\":285,\"height\":450,\"caption\":\"Jornal das Oficinas\"},\"image\":{\"@id\":\"https:\\\/\\\/jornaldasoficinas.com\\\/pt\\\/#\\\/schema\\\/logo\\\/image\\\/\"},\"sameAs\":[\"https:\\\/\\\/www.facebook.com\\\/jornaloficinas\",\"https:\\\/\\\/x.com\\\/jornaloficinas\",\"https:\\\/\\\/www.instagram.com\\\/jornal_oficinas\\\/\",\"https:\\\/\\\/www.linkedin.com\\\/company\\\/jornal-das-oficinas\\\/\",\"https:\\\/\\\/www.youtube.com\\\/channel\\\/UCbQZBqtcvV-oSQrr7RzINGg\"]},{\"@type\":\"Person\",\"@id\":\"https:\\\/\\\/jornaldasoficinas.com\\\/pt\\\/#\\\/schema\\\/person\\\/a38eef5de2c41d9e7c9ac10141afddf3\",\"name\":\"Reda\u00e7\u00e3o JO\",\"image\":{\"@type\":\"ImageObject\",\"inLanguage\":\"pt-PT\",\"@id\":\"https:\\\/\\\/secure.gravatar.com\\\/avatar\\\/71f2fa71737ad68a84fea94bc708ddac8ea5b0c4788dc2ad202f3ccb2887742f?s=96&d=wp_user_avatar&r=g\",\"url\":\"https:\\\/\\\/secure.gravatar.com\\\/avatar\\\/71f2fa71737ad68a84fea94bc708ddac8ea5b0c4788dc2ad202f3ccb2887742f?s=96&d=wp_user_avatar&r=g\",\"contentUrl\":\"https:\\\/\\\/secure.gravatar.com\\\/avatar\\\/71f2fa71737ad68a84fea94bc708ddac8ea5b0c4788dc2ad202f3ccb2887742f?s=96&d=wp_user_avatar&r=g\",\"caption\":\"Reda\u00e7\u00e3o JO\"},\"url\":\"https:\\\/\\\/jornaldasoficinas.com\\\/pt\\\/author\\\/joredacao\\\/\"}]}<\/script>\n<!-- \/ Yoast SEO plugin. -->","yoast_head_json":{"title":"Reta disp\u00f5e de servi\u00e7o de desinfe\u00e7\u00e3o e higieniza\u00e7\u00e3o de viaturas pesadas - Jornal das Oficinas","robots":{"index":"index","follow":"follow","max-snippet":"max-snippet:-1","max-image-preview":"max-image-preview:large","max-video-preview":"max-video-preview:-1"},"canonical":"https:\/\/jornaldasoficinas.com\/pt\/reta-dispoe-de-servico-de-desinfecao-e-higienizacao-de-viaturas-pesadas\/","og_locale":"pt_PT","og_type":"article","og_title":"Reta disp\u00f5e de servi\u00e7o de desinfe\u00e7\u00e3o e higieniza\u00e7\u00e3o de viaturas pesadas - Jornal das Oficinas","og_description":"A desinfe\u00e7\u00e3o de viaturas \u00e9 fundamental...","og_url":"https:\/\/jornaldasoficinas.com\/pt\/reta-dispoe-de-servico-de-desinfecao-e-higienizacao-de-viaturas-pesadas\/","og_site_name":"Jornal das Oficinas","article_publisher":"https:\/\/www.facebook.com\/jornaloficinas","article_published_time":"2020-04-29T11:43:12+00:00","article_modified_time":"2023-07-20T15:14:56+00:00","og_image":[{"width":1024,"height":581,"url":"https:\/\/jornaldasoficinas.com\/pt\/wp-content\/uploads\/2020\/04\/retaoficina.png","type":"image\/png"}],"author":"Reda\u00e7\u00e3o JO","twitter_card":"summary_large_image","twitter_creator":"@jornaloficinas","twitter_site":"@jornaloficinas","twitter_misc":{"Escrito por":"Reda\u00e7\u00e3o JO","Tempo estimado de leitura":"1 minuto"},"schema":{"@context":"https:\/\/schema.org","@graph":[{"@type":"Article","@id":"https:\/\/jornaldasoficinas.com\/pt\/reta-dispoe-de-servico-de-desinfecao-e-higienizacao-de-viaturas-pesadas\/#article","isPartOf":{"@id":"https:\/\/jornaldasoficinas.com\/pt\/reta-dispoe-de-servico-de-desinfecao-e-higienizacao-de-viaturas-pesadas\/"},"author":{"name":"Reda\u00e7\u00e3o JO","@id":"https:\/\/jornaldasoficinas.com\/pt\/#\/schema\/person\/a38eef5de2c41d9e7c9ac10141afddf3"},"headline":"Reta disp\u00f5e de servi\u00e7o de desinfe\u00e7\u00e3o e higieniza\u00e7\u00e3o de viaturas pesadas","datePublished":"2020-04-29T11:43:12+00:00","dateModified":"2023-07-20T15:14:56+00:00","mainEntityOfPage":{"@id":"https:\/\/jornaldasoficinas.com\/pt\/reta-dispoe-de-servico-de-desinfecao-e-higienizacao-de-viaturas-pesadas\/"},"wordCount":286,"publisher":{"@id":"https:\/\/jornaldasoficinas.com\/pt\/#organization"},"image":{"@id":"https:\/\/jornaldasoficinas.com\/pt\/reta-dispoe-de-servico-de-desinfecao-e-higienizacao-de-viaturas-pesadas\/#primaryimage"},"thumbnailUrl":"https:\/\/jornaldasoficinas.com\/pt\/wp-content\/uploads\/2020\/04\/retaoficina.png","keywords":["Desinfe\u00e7\u00e3o","Grupo Lu\u00eds Sim\u00f5es","Higieniza\u00e7\u00e3o","LeciTrailer","Reta - Servi\u00e7os T\u00e9cnicos e Rent-a-Cargo"],"articleSection":["Empresas"],"inLanguage":"pt-PT"},{"@type":"WebPage","@id":"https:\/\/jornaldasoficinas.com\/pt\/reta-dispoe-de-servico-de-desinfecao-e-higienizacao-de-viaturas-pesadas\/","url":"https:\/\/jornaldasoficinas.com\/pt\/reta-dispoe-de-servico-de-desinfecao-e-higienizacao-de-viaturas-pesadas\/","name":"Reta disp\u00f5e de servi\u00e7o de desinfe\u00e7\u00e3o e higieniza\u00e7\u00e3o de viaturas pesadas - Jornal das Oficinas","isPartOf":{"@id":"https:\/\/jornaldasoficinas.com\/pt\/#website"},"primaryImageOfPage":{"@id":"https:\/\/jornaldasoficinas.com\/pt\/reta-dispoe-de-servico-de-desinfecao-e-higienizacao-de-viaturas-pesadas\/#primaryimage"},"image":{"@id":"https:\/\/jornaldasoficinas.com\/pt\/reta-dispoe-de-servico-de-desinfecao-e-higienizacao-de-viaturas-pesadas\/#primaryimage"},"thumbnailUrl":"https:\/\/jornaldasoficinas.com\/pt\/wp-content\/uploads\/2020\/04\/retaoficina.png","datePublished":"2020-04-29T11:43:12+00:00","dateModified":"2023-07-20T15:14:56+00:00","breadcrumb":{"@id":"https:\/\/jornaldasoficinas.com\/pt\/reta-dispoe-de-servico-de-desinfecao-e-higienizacao-de-viaturas-pesadas\/#breadcrumb"},"inLanguage":"pt-PT","potentialAction":[{"@type":"ReadAction","target":["https:\/\/jornaldasoficinas.com\/pt\/reta-dispoe-de-servico-de-desinfecao-e-higienizacao-de-viaturas-pesadas\/"]}]},{"@type":"ImageObject","inLanguage":"pt-PT","@id":"https:\/\/jornaldasoficinas.com\/pt\/reta-dispoe-de-servico-de-desinfecao-e-higienizacao-de-viaturas-pesadas\/#primaryimage","url":"https:\/\/jornaldasoficinas.com\/pt\/wp-content\/uploads\/2020\/04\/retaoficina.png","contentUrl":"https:\/\/jornaldasoficinas.com\/pt\/wp-content\/uploads\/2020\/04\/retaoficina.png","width":1024,"height":581,"caption":"04 - retaoficina"},{"@type":"BreadcrumbList","@id":"https:\/\/jornaldasoficinas.com\/pt\/reta-dispoe-de-servico-de-desinfecao-e-higienizacao-de-viaturas-pesadas\/#breadcrumb","itemListElement":[{"@type":"ListItem","position":1,"name":"In\u00edcio","item":"https:\/\/jornaldasoficinas.com\/pt\/"},{"@type":"ListItem","position":2,"name":"Reta disp\u00f5e de servi\u00e7o de desinfe\u00e7\u00e3o e higieniza\u00e7\u00e3o de viaturas pesadas"}]},{"@type":"WebSite","@id":"https:\/\/jornaldasoficinas.com\/pt\/#website","url":"https:\/\/jornaldasoficinas.com\/pt\/","name":"Jornal das Oficinas","description":"Jornal independente do Aftermarket Autom\u00f3vel em Portugal","publisher":{"@id":"https:\/\/jornaldasoficinas.com\/pt\/#organization"},"potentialAction":[{"@type":"SearchAction","target":{"@type":"EntryPoint","urlTemplate":"https:\/\/jornaldasoficinas.com\/pt\/?s={search_term_string}"},"query-input":{"@type":"PropertyValueSpecification","valueRequired":true,"valueName":"search_term_string"}}],"inLanguage":"pt-PT"},{"@type":"Organization","@id":"https:\/\/jornaldasoficinas.com\/pt\/#organization","name":"Jornal das Oficinas","url":"https:\/\/jornaldasoficinas.com\/pt\/","logo":{"@type":"ImageObject","inLanguage":"pt-PT","@id":"https:\/\/jornaldasoficinas.com\/pt\/#\/schema\/logo\/image\/","url":"https:\/\/jornaldasoficinas.com\/pt\/wp-content\/uploads\/logoJO-SEO.png","contentUrl":"https:\/\/jornaldasoficinas.com\/pt\/wp-content\/uploads\/logoJO-SEO.png","width":285,"height":450,"caption":"Jornal das Oficinas"},"image":{"@id":"https:\/\/jornaldasoficinas.com\/pt\/#\/schema\/logo\/image\/"},"sameAs":["https:\/\/www.facebook.com\/jornaloficinas","https:\/\/x.com\/jornaloficinas","https:\/\/www.instagram.com\/jornal_oficinas\/","https:\/\/www.linkedin.com\/company\/jornal-das-oficinas\/","https:\/\/www.youtube.com\/channel\/UCbQZBqtcvV-oSQrr7RzINGg"]},{"@type":"Person","@id":"https:\/\/jornaldasoficinas.com\/pt\/#\/schema\/person\/a38eef5de2c41d9e7c9ac10141afddf3","name":"Reda\u00e7\u00e3o JO","image":{"@type":"ImageObject","inLanguage":"pt-PT","@id":"https:\/\/secure.gravatar.com\/avatar\/71f2fa71737ad68a84fea94bc708ddac8ea5b0c4788dc2ad202f3ccb2887742f?s=96&d=wp_user_avatar&r=g","url":"https:\/\/secure.gravatar.com\/avatar\/71f2fa71737ad68a84fea94bc708ddac8ea5b0c4788dc2ad202f3ccb2887742f?s=96&d=wp_user_avatar&r=g","contentUrl":"https:\/\/secure.gravatar.com\/avatar\/71f2fa71737ad68a84fea94bc708ddac8ea5b0c4788dc2ad202f3ccb2887742f?s=96&d=wp_user_avatar&r=g","caption":"Reda\u00e7\u00e3o JO"},"url":"https:\/\/jornaldasoficinas.com\/pt\/author\/joredacao\/"}]}},"_links":{"self":[{"href":"https:\/\/jornaldasoficinas.com\/pt\/wp-json\/wp\/v2\/posts\/12653","targetHints":{"allow":["GET"]}}],"collection":[{"href":"https:\/\/jornaldasoficinas.com\/pt\/wp-json\/wp\/v2\/posts"}],"about":[{"href":"https:\/\/jornaldasoficinas.com\/pt\/wp-json\/wp\/v2\/types\/post"}],"author":[{"embeddable":true,"href":"https:\/\/jornaldasoficinas.com\/pt\/wp-json\/wp\/v2\/users\/15"}],"replies":[{"embeddable":true,"href":"https:\/\/jornaldasoficinas.com\/pt\/wp-json\/wp\/v2\/comments?post=12653"}],"version-history":[{"count":0,"href":"https:\/\/jornaldasoficinas.com\/pt\/wp-json\/wp\/v2\/posts\/12653\/revisions"}],"wp:featuredmedia":[{"embeddable":true,"href":"https:\/\/jornaldasoficinas.com\/pt\/wp-json\/wp\/v2\/media\/12652"}],"wp:attachment":[{"href":"https:\/\/jornaldasoficinas.com\/pt\/wp-json\/wp\/v2\/media?parent=12653"}],"wp:term":[{"taxonomy":"category","embeddable":true,"href":"https:\/\/jornaldasoficinas.com\/pt\/wp-json\/wp\/v2\/categories?post=12653"},{"taxonomy":"post_tag","embeddable":true,"href":"https:\/\/jornaldasoficinas.com\/pt\/wp-json\/wp\/v2\/tags?post=12653"}],"curies":[{"name":"wp","href":"https:\/\/api.w.org\/{rel}","templated":true}]}}