{"id":12758,"date":"2020-05-04T12:56:49","date_gmt":"2020-05-04T11:56:49","guid":{"rendered":"https:\/\/jornaldasoficinas.com\/pt\/?p=12758"},"modified":"2023-07-20T16:06:21","modified_gmt":"2023-07-20T15:06:21","slug":"auto-sueco-automoveis-disponibiliza-servico-de-recolha-e-entrega","status":"publish","type":"post","link":"https:\/\/jornaldasoficinas.com\/pt\/auto-sueco-automoveis-disponibiliza-servico-de-recolha-e-entrega\/","title":{"rendered":"Auto Sueco Autom\u00f3veis disponibiliza servi\u00e7o de recolha e entrega"},"content":{"rendered":"<p><img loading=\"lazy\" decoding=\"async\" class=\"alignnone wp-image-12759 size-full\" src=\"https:\/\/jornaldasoficinas.com\/pt\/wp-content\/uploads\/2020\/05\/autosuecoautomoveis.png\" alt=\"05 - autosuecoautomoveis\" width=\"1024\" height=\"581\" srcset=\"https:\/\/jornaldasoficinas.com\/pt\/wp-content\/uploads\/2020\/05\/autosuecoautomoveis.png 1024w, https:\/\/jornaldasoficinas.com\/pt\/wp-content\/uploads\/2020\/05\/autosuecoautomoveis-300x170.png 300w, https:\/\/jornaldasoficinas.com\/pt\/wp-content\/uploads\/2020\/05\/autosuecoautomoveis-150x85.png 150w, https:\/\/jornaldasoficinas.com\/pt\/wp-content\/uploads\/2020\/05\/autosuecoautomoveis-768x436.png 768w\" sizes=\"auto, (max-width: 1024px) 100vw, 1024px\" \/><\/p>\n<p><strong>A Auto Sueco Autom\u00f3veis disponibiliza um novo servi\u00e7o de recolha e entrega de viaturas ao domic\u00edlio, com o objetivo de facilitar a vida aos clientes.<\/strong><\/p>\n<p>Estar em casa e sem necessitar de efetuar viagens di\u00e1rias \u00e9 a altura certa para marcar a revis\u00e3o programada ou anual, fazer aquela repara\u00e7\u00e3o de chapa que j\u00e1 aguardava h\u00e1 algum tempo ou resolver algum problema que teima em aparecer.<\/p>\n<p>Por esse motivo, atendendo ao momento que o pa\u00eds atravessa, em que \u00e9 bastante recomend\u00e1vel n\u00e3o sair de casa, a Auto Sueco Autom\u00f3veis coloca \u00e0 disposi\u00e7\u00e3o dos clientes um servi\u00e7o de recolha e entrega de viaturas, com toda a confian\u00e7a e seguran\u00e7a, para que estes n\u00e3o tenham de sair de casa.<\/p>\n<p>Este servi\u00e7o est\u00e1 dispon\u00edvel nas \u00e1reas geogr\u00e1ficas e lim\u00edtrofes em que est\u00e3o localizados alguns dos pontos de assist\u00eancia p\u00f3s-venda da Auto Sueco Autom\u00f3veis (Almada, Braga, Guimar\u00e3es, Porto, Queluz e Vila Nova de Gaia), sendo aconselhada a consulta pr\u00e9via da \u00e1rea de abrang\u00eancia.<\/p>\n<p>Para marcar este servi\u00e7o, os clientes poder\u00e3o premir o bot\u00e3o \u201cMarca\u00e7\u00e3o de Oficina\u201d\u00a0ou o &#8220;Click to Call&#8221; tamb\u00e9m dispon\u00edvel no <em>site<\/em> <a href=\"http:\/\/www.autosuecoautomoveis.pt\" target=\"_blank\" rel=\"noopener noreferrer\">www.autosuecoautomoveis.pt<\/a>, atrav\u00e9s do Centro de Contacto com o n\u00famero 226 150 400,\u00a0dispon\u00edvel\u00a0de segunda a sexta feira, das 09h00 \u00e0s 18h00.<\/p>\n<p>Numa altura em que as rela\u00e7\u00f5es devem ser \u00e0 dist\u00e2ncia, esta \u00e9 a forma que a Auto Sueco Autom\u00f3veis tem de estar em permanente contacto com os clientes.<\/p>\n<p>As oficinas\u00a0da Auto Sueco Autom\u00f3veis\u00a0continuaram em funcionamento durante o Estado de Emerg\u00eancia, tendo sido adotadas medidas de preven\u00e7\u00e3o e seguran\u00e7a, de acordo com as indica\u00e7\u00f5es da Dire\u00e7\u00e3o-Geral de Sa\u00fade (DGS) e praticados hor\u00e1rios reduzidos.<\/p>\n<p>Atualmente, a Auto Sueco Autom\u00f3veis representa cinco marcas (Volvo, Mazda, Honda, Land Rover e Jaguar), contando com instala\u00e7\u00f5es em Braga, Guimar\u00e3es, Porto, Gaia, Queluz e Almada, que perfazem cerca de 210 colaboradores.<\/p>\n","protected":false},"excerpt":{"rendered":"<p>A Auto Sueco Autom\u00f3veis disponibiliza um&#8230;<\/p>\n","protected":false},"author":15,"featured_media":12759,"comment_status":"closed","ping_status":"closed","sticky":false,"template":"","format":"standard","meta":{"footnotes":""},"categories":[29],"tags":[2026,454,848,318,1612,2146,488],"class_list":["post-12758","post","type-post","status-publish","format-standard","has-post-thumbnail","hentry","category-empresas","tag-auto-sueco-automoveis","tag-honda","tag-jaguar","tag-land-rover","tag-mazda","tag-servico-de-recolha-e-entrega","tag-volvo"],"yoast_head":"<!-- This site is optimized with the Yoast SEO plugin v27.4 - https:\/\/yoast.com\/product\/yoast-seo-wordpress\/ -->\n<title>Auto Sueco Autom\u00f3veis disponibiliza servi\u00e7o de recolha e entrega - Jornal das Oficinas<\/title>\n<meta name=\"robots\" content=\"index, follow, max-snippet:-1, max-image-preview:large, max-video-preview:-1\" \/>\n<link rel=\"canonical\" href=\"https:\/\/jornaldasoficinas.com\/pt\/auto-sueco-automoveis-disponibiliza-servico-de-recolha-e-entrega\/\" \/>\n<meta property=\"og:locale\" content=\"pt_PT\" \/>\n<meta property=\"og:type\" content=\"article\" \/>\n<meta property=\"og:title\" content=\"Auto Sueco Autom\u00f3veis disponibiliza servi\u00e7o de recolha e entrega - Jornal das Oficinas\" \/>\n<meta property=\"og:description\" content=\"A Auto Sueco Autom\u00f3veis disponibiliza um...\" \/>\n<meta property=\"og:url\" content=\"https:\/\/jornaldasoficinas.com\/pt\/auto-sueco-automoveis-disponibiliza-servico-de-recolha-e-entrega\/\" \/>\n<meta property=\"og:site_name\" content=\"Jornal das Oficinas\" \/>\n<meta property=\"article:publisher\" content=\"https:\/\/www.facebook.com\/jornaloficinas\" \/>\n<meta property=\"article:published_time\" content=\"2020-05-04T11:56:49+00:00\" \/>\n<meta property=\"article:modified_time\" content=\"2023-07-20T15:06:21+00:00\" \/>\n<meta property=\"og:image\" content=\"https:\/\/jornaldasoficinas.com\/pt\/wp-content\/uploads\/2020\/05\/autosuecoautomoveis.png\" \/>\n\t<meta property=\"og:image:width\" content=\"1024\" \/>\n\t<meta property=\"og:image:height\" content=\"581\" \/>\n\t<meta property=\"og:image:type\" content=\"image\/png\" \/>\n<meta name=\"author\" content=\"Reda\u00e7\u00e3o JO\" \/>\n<meta name=\"twitter:card\" content=\"summary_large_image\" \/>\n<meta name=\"twitter:creator\" content=\"@jornaloficinas\" \/>\n<meta name=\"twitter:site\" content=\"@jornaloficinas\" \/>\n<meta name=\"twitter:label1\" content=\"Escrito por\" \/>\n\t<meta name=\"twitter:data1\" content=\"Reda\u00e7\u00e3o JO\" \/>\n\t<meta name=\"twitter:label2\" content=\"Tempo estimado de leitura\" \/>\n\t<meta name=\"twitter:data2\" content=\"2 minutos\" \/>\n<script type=\"application\/ld+json\" class=\"yoast-schema-graph\">{\"@context\":\"https:\\\/\\\/schema.org\",\"@graph\":[{\"@type\":\"Article\",\"@id\":\"https:\\\/\\\/jornaldasoficinas.com\\\/pt\\\/auto-sueco-automoveis-disponibiliza-servico-de-recolha-e-entrega\\\/#article\",\"isPartOf\":{\"@id\":\"https:\\\/\\\/jornaldasoficinas.com\\\/pt\\\/auto-sueco-automoveis-disponibiliza-servico-de-recolha-e-entrega\\\/\"},\"author\":{\"name\":\"Reda\u00e7\u00e3o JO\",\"@id\":\"https:\\\/\\\/jornaldasoficinas.com\\\/pt\\\/#\\\/schema\\\/person\\\/a38eef5de2c41d9e7c9ac10141afddf3\"},\"headline\":\"Auto Sueco Autom\u00f3veis disponibiliza servi\u00e7o de recolha e entrega\",\"datePublished\":\"2020-05-04T11:56:49+00:00\",\"dateModified\":\"2023-07-20T15:06:21+00:00\",\"mainEntityOfPage\":{\"@id\":\"https:\\\/\\\/jornaldasoficinas.com\\\/pt\\\/auto-sueco-automoveis-disponibiliza-servico-de-recolha-e-entrega\\\/\"},\"wordCount\":351,\"publisher\":{\"@id\":\"https:\\\/\\\/jornaldasoficinas.com\\\/pt\\\/#organization\"},\"image\":{\"@id\":\"https:\\\/\\\/jornaldasoficinas.com\\\/pt\\\/auto-sueco-automoveis-disponibiliza-servico-de-recolha-e-entrega\\\/#primaryimage\"},\"thumbnailUrl\":\"https:\\\/\\\/jornaldasoficinas.com\\\/pt\\\/wp-content\\\/uploads\\\/2020\\\/05\\\/autosuecoautomoveis.png\",\"keywords\":[\"Auto Sueco Autom\u00f3veis\",\"Honda\",\"Jaguar\",\"Land Rover\",\"Mazda\",\"Servi\u00e7o de recolha e entrega\",\"Volvo\"],\"articleSection\":[\"Empresas\"],\"inLanguage\":\"pt-PT\"},{\"@type\":\"WebPage\",\"@id\":\"https:\\\/\\\/jornaldasoficinas.com\\\/pt\\\/auto-sueco-automoveis-disponibiliza-servico-de-recolha-e-entrega\\\/\",\"url\":\"https:\\\/\\\/jornaldasoficinas.com\\\/pt\\\/auto-sueco-automoveis-disponibiliza-servico-de-recolha-e-entrega\\\/\",\"name\":\"Auto Sueco Autom\u00f3veis disponibiliza servi\u00e7o de recolha e entrega - Jornal das Oficinas\",\"isPartOf\":{\"@id\":\"https:\\\/\\\/jornaldasoficinas.com\\\/pt\\\/#website\"},\"primaryImageOfPage\":{\"@id\":\"https:\\\/\\\/jornaldasoficinas.com\\\/pt\\\/auto-sueco-automoveis-disponibiliza-servico-de-recolha-e-entrega\\\/#primaryimage\"},\"image\":{\"@id\":\"https:\\\/\\\/jornaldasoficinas.com\\\/pt\\\/auto-sueco-automoveis-disponibiliza-servico-de-recolha-e-entrega\\\/#primaryimage\"},\"thumbnailUrl\":\"https:\\\/\\\/jornaldasoficinas.com\\\/pt\\\/wp-content\\\/uploads\\\/2020\\\/05\\\/autosuecoautomoveis.png\",\"datePublished\":\"2020-05-04T11:56:49+00:00\",\"dateModified\":\"2023-07-20T15:06:21+00:00\",\"breadcrumb\":{\"@id\":\"https:\\\/\\\/jornaldasoficinas.com\\\/pt\\\/auto-sueco-automoveis-disponibiliza-servico-de-recolha-e-entrega\\\/#breadcrumb\"},\"inLanguage\":\"pt-PT\",\"potentialAction\":[{\"@type\":\"ReadAction\",\"target\":[\"https:\\\/\\\/jornaldasoficinas.com\\\/pt\\\/auto-sueco-automoveis-disponibiliza-servico-de-recolha-e-entrega\\\/\"]}]},{\"@type\":\"ImageObject\",\"inLanguage\":\"pt-PT\",\"@id\":\"https:\\\/\\\/jornaldasoficinas.com\\\/pt\\\/auto-sueco-automoveis-disponibiliza-servico-de-recolha-e-entrega\\\/#primaryimage\",\"url\":\"https:\\\/\\\/jornaldasoficinas.com\\\/pt\\\/wp-content\\\/uploads\\\/2020\\\/05\\\/autosuecoautomoveis.png\",\"contentUrl\":\"https:\\\/\\\/jornaldasoficinas.com\\\/pt\\\/wp-content\\\/uploads\\\/2020\\\/05\\\/autosuecoautomoveis.png\",\"width\":1024,\"height\":581,\"caption\":\"05 - autosuecoautomoveis\"},{\"@type\":\"BreadcrumbList\",\"@id\":\"https:\\\/\\\/jornaldasoficinas.com\\\/pt\\\/auto-sueco-automoveis-disponibiliza-servico-de-recolha-e-entrega\\\/#breadcrumb\",\"itemListElement\":[{\"@type\":\"ListItem\",\"position\":1,\"name\":\"In\u00edcio\",\"item\":\"https:\\\/\\\/jornaldasoficinas.com\\\/pt\\\/\"},{\"@type\":\"ListItem\",\"position\":2,\"name\":\"Auto Sueco Autom\u00f3veis disponibiliza servi\u00e7o de recolha e entrega\"}]},{\"@type\":\"WebSite\",\"@id\":\"https:\\\/\\\/jornaldasoficinas.com\\\/pt\\\/#website\",\"url\":\"https:\\\/\\\/jornaldasoficinas.com\\\/pt\\\/\",\"name\":\"Jornal das Oficinas\",\"description\":\"Jornal independente do Aftermarket Autom\u00f3vel em Portugal\",\"publisher\":{\"@id\":\"https:\\\/\\\/jornaldasoficinas.com\\\/pt\\\/#organization\"},\"potentialAction\":[{\"@type\":\"SearchAction\",\"target\":{\"@type\":\"EntryPoint\",\"urlTemplate\":\"https:\\\/\\\/jornaldasoficinas.com\\\/pt\\\/?s={search_term_string}\"},\"query-input\":{\"@type\":\"PropertyValueSpecification\",\"valueRequired\":true,\"valueName\":\"search_term_string\"}}],\"inLanguage\":\"pt-PT\"},{\"@type\":\"Organization\",\"@id\":\"https:\\\/\\\/jornaldasoficinas.com\\\/pt\\\/#organization\",\"name\":\"Jornal das Oficinas\",\"url\":\"https:\\\/\\\/jornaldasoficinas.com\\\/pt\\\/\",\"logo\":{\"@type\":\"ImageObject\",\"inLanguage\":\"pt-PT\",\"@id\":\"https:\\\/\\\/jornaldasoficinas.com\\\/pt\\\/#\\\/schema\\\/logo\\\/image\\\/\",\"url\":\"https:\\\/\\\/jornaldasoficinas.com\\\/pt\\\/wp-content\\\/uploads\\\/logoJO-SEO.png\",\"contentUrl\":\"https:\\\/\\\/jornaldasoficinas.com\\\/pt\\\/wp-content\\\/uploads\\\/logoJO-SEO.png\",\"width\":285,\"height\":450,\"caption\":\"Jornal das Oficinas\"},\"image\":{\"@id\":\"https:\\\/\\\/jornaldasoficinas.com\\\/pt\\\/#\\\/schema\\\/logo\\\/image\\\/\"},\"sameAs\":[\"https:\\\/\\\/www.facebook.com\\\/jornaloficinas\",\"https:\\\/\\\/x.com\\\/jornaloficinas\",\"https:\\\/\\\/www.instagram.com\\\/jornal_oficinas\\\/\",\"https:\\\/\\\/www.linkedin.com\\\/company\\\/jornal-das-oficinas\\\/\",\"https:\\\/\\\/www.youtube.com\\\/channel\\\/UCbQZBqtcvV-oSQrr7RzINGg\"]},{\"@type\":\"Person\",\"@id\":\"https:\\\/\\\/jornaldasoficinas.com\\\/pt\\\/#\\\/schema\\\/person\\\/a38eef5de2c41d9e7c9ac10141afddf3\",\"name\":\"Reda\u00e7\u00e3o JO\",\"image\":{\"@type\":\"ImageObject\",\"inLanguage\":\"pt-PT\",\"@id\":\"https:\\\/\\\/secure.gravatar.com\\\/avatar\\\/71f2fa71737ad68a84fea94bc708ddac8ea5b0c4788dc2ad202f3ccb2887742f?s=96&d=wp_user_avatar&r=g\",\"url\":\"https:\\\/\\\/secure.gravatar.com\\\/avatar\\\/71f2fa71737ad68a84fea94bc708ddac8ea5b0c4788dc2ad202f3ccb2887742f?s=96&d=wp_user_avatar&r=g\",\"contentUrl\":\"https:\\\/\\\/secure.gravatar.com\\\/avatar\\\/71f2fa71737ad68a84fea94bc708ddac8ea5b0c4788dc2ad202f3ccb2887742f?s=96&d=wp_user_avatar&r=g\",\"caption\":\"Reda\u00e7\u00e3o JO\"},\"url\":\"https:\\\/\\\/jornaldasoficinas.com\\\/pt\\\/author\\\/joredacao\\\/\"}]}<\/script>\n<!-- \/ Yoast SEO plugin. -->","yoast_head_json":{"title":"Auto Sueco Autom\u00f3veis disponibiliza servi\u00e7o de recolha e entrega - Jornal das Oficinas","robots":{"index":"index","follow":"follow","max-snippet":"max-snippet:-1","max-image-preview":"max-image-preview:large","max-video-preview":"max-video-preview:-1"},"canonical":"https:\/\/jornaldasoficinas.com\/pt\/auto-sueco-automoveis-disponibiliza-servico-de-recolha-e-entrega\/","og_locale":"pt_PT","og_type":"article","og_title":"Auto Sueco Autom\u00f3veis disponibiliza servi\u00e7o de recolha e entrega - Jornal das Oficinas","og_description":"A Auto Sueco Autom\u00f3veis disponibiliza um...","og_url":"https:\/\/jornaldasoficinas.com\/pt\/auto-sueco-automoveis-disponibiliza-servico-de-recolha-e-entrega\/","og_site_name":"Jornal das Oficinas","article_publisher":"https:\/\/www.facebook.com\/jornaloficinas","article_published_time":"2020-05-04T11:56:49+00:00","article_modified_time":"2023-07-20T15:06:21+00:00","og_image":[{"width":1024,"height":581,"url":"https:\/\/jornaldasoficinas.com\/pt\/wp-content\/uploads\/2020\/05\/autosuecoautomoveis.png","type":"image\/png"}],"author":"Reda\u00e7\u00e3o JO","twitter_card":"summary_large_image","twitter_creator":"@jornaloficinas","twitter_site":"@jornaloficinas","twitter_misc":{"Escrito por":"Reda\u00e7\u00e3o JO","Tempo estimado de leitura":"2 minutos"},"schema":{"@context":"https:\/\/schema.org","@graph":[{"@type":"Article","@id":"https:\/\/jornaldasoficinas.com\/pt\/auto-sueco-automoveis-disponibiliza-servico-de-recolha-e-entrega\/#article","isPartOf":{"@id":"https:\/\/jornaldasoficinas.com\/pt\/auto-sueco-automoveis-disponibiliza-servico-de-recolha-e-entrega\/"},"author":{"name":"Reda\u00e7\u00e3o JO","@id":"https:\/\/jornaldasoficinas.com\/pt\/#\/schema\/person\/a38eef5de2c41d9e7c9ac10141afddf3"},"headline":"Auto Sueco Autom\u00f3veis disponibiliza servi\u00e7o de recolha e entrega","datePublished":"2020-05-04T11:56:49+00:00","dateModified":"2023-07-20T15:06:21+00:00","mainEntityOfPage":{"@id":"https:\/\/jornaldasoficinas.com\/pt\/auto-sueco-automoveis-disponibiliza-servico-de-recolha-e-entrega\/"},"wordCount":351,"publisher":{"@id":"https:\/\/jornaldasoficinas.com\/pt\/#organization"},"image":{"@id":"https:\/\/jornaldasoficinas.com\/pt\/auto-sueco-automoveis-disponibiliza-servico-de-recolha-e-entrega\/#primaryimage"},"thumbnailUrl":"https:\/\/jornaldasoficinas.com\/pt\/wp-content\/uploads\/2020\/05\/autosuecoautomoveis.png","keywords":["Auto Sueco Autom\u00f3veis","Honda","Jaguar","Land Rover","Mazda","Servi\u00e7o de recolha e entrega","Volvo"],"articleSection":["Empresas"],"inLanguage":"pt-PT"},{"@type":"WebPage","@id":"https:\/\/jornaldasoficinas.com\/pt\/auto-sueco-automoveis-disponibiliza-servico-de-recolha-e-entrega\/","url":"https:\/\/jornaldasoficinas.com\/pt\/auto-sueco-automoveis-disponibiliza-servico-de-recolha-e-entrega\/","name":"Auto Sueco Autom\u00f3veis disponibiliza servi\u00e7o de recolha e entrega - Jornal das Oficinas","isPartOf":{"@id":"https:\/\/jornaldasoficinas.com\/pt\/#website"},"primaryImageOfPage":{"@id":"https:\/\/jornaldasoficinas.com\/pt\/auto-sueco-automoveis-disponibiliza-servico-de-recolha-e-entrega\/#primaryimage"},"image":{"@id":"https:\/\/jornaldasoficinas.com\/pt\/auto-sueco-automoveis-disponibiliza-servico-de-recolha-e-entrega\/#primaryimage"},"thumbnailUrl":"https:\/\/jornaldasoficinas.com\/pt\/wp-content\/uploads\/2020\/05\/autosuecoautomoveis.png","datePublished":"2020-05-04T11:56:49+00:00","dateModified":"2023-07-20T15:06:21+00:00","breadcrumb":{"@id":"https:\/\/jornaldasoficinas.com\/pt\/auto-sueco-automoveis-disponibiliza-servico-de-recolha-e-entrega\/#breadcrumb"},"inLanguage":"pt-PT","potentialAction":[{"@type":"ReadAction","target":["https:\/\/jornaldasoficinas.com\/pt\/auto-sueco-automoveis-disponibiliza-servico-de-recolha-e-entrega\/"]}]},{"@type":"ImageObject","inLanguage":"pt-PT","@id":"https:\/\/jornaldasoficinas.com\/pt\/auto-sueco-automoveis-disponibiliza-servico-de-recolha-e-entrega\/#primaryimage","url":"https:\/\/jornaldasoficinas.com\/pt\/wp-content\/uploads\/2020\/05\/autosuecoautomoveis.png","contentUrl":"https:\/\/jornaldasoficinas.com\/pt\/wp-content\/uploads\/2020\/05\/autosuecoautomoveis.png","width":1024,"height":581,"caption":"05 - autosuecoautomoveis"},{"@type":"BreadcrumbList","@id":"https:\/\/jornaldasoficinas.com\/pt\/auto-sueco-automoveis-disponibiliza-servico-de-recolha-e-entrega\/#breadcrumb","itemListElement":[{"@type":"ListItem","position":1,"name":"In\u00edcio","item":"https:\/\/jornaldasoficinas.com\/pt\/"},{"@type":"ListItem","position":2,"name":"Auto Sueco Autom\u00f3veis disponibiliza servi\u00e7o de recolha e entrega"}]},{"@type":"WebSite","@id":"https:\/\/jornaldasoficinas.com\/pt\/#website","url":"https:\/\/jornaldasoficinas.com\/pt\/","name":"Jornal das Oficinas","description":"Jornal independente do Aftermarket Autom\u00f3vel em Portugal","publisher":{"@id":"https:\/\/jornaldasoficinas.com\/pt\/#organization"},"potentialAction":[{"@type":"SearchAction","target":{"@type":"EntryPoint","urlTemplate":"https:\/\/jornaldasoficinas.com\/pt\/?s={search_term_string}"},"query-input":{"@type":"PropertyValueSpecification","valueRequired":true,"valueName":"search_term_string"}}],"inLanguage":"pt-PT"},{"@type":"Organization","@id":"https:\/\/jornaldasoficinas.com\/pt\/#organization","name":"Jornal das Oficinas","url":"https:\/\/jornaldasoficinas.com\/pt\/","logo":{"@type":"ImageObject","inLanguage":"pt-PT","@id":"https:\/\/jornaldasoficinas.com\/pt\/#\/schema\/logo\/image\/","url":"https:\/\/jornaldasoficinas.com\/pt\/wp-content\/uploads\/logoJO-SEO.png","contentUrl":"https:\/\/jornaldasoficinas.com\/pt\/wp-content\/uploads\/logoJO-SEO.png","width":285,"height":450,"caption":"Jornal das Oficinas"},"image":{"@id":"https:\/\/jornaldasoficinas.com\/pt\/#\/schema\/logo\/image\/"},"sameAs":["https:\/\/www.facebook.com\/jornaloficinas","https:\/\/x.com\/jornaloficinas","https:\/\/www.instagram.com\/jornal_oficinas\/","https:\/\/www.linkedin.com\/company\/jornal-das-oficinas\/","https:\/\/www.youtube.com\/channel\/UCbQZBqtcvV-oSQrr7RzINGg"]},{"@type":"Person","@id":"https:\/\/jornaldasoficinas.com\/pt\/#\/schema\/person\/a38eef5de2c41d9e7c9ac10141afddf3","name":"Reda\u00e7\u00e3o JO","image":{"@type":"ImageObject","inLanguage":"pt-PT","@id":"https:\/\/secure.gravatar.com\/avatar\/71f2fa71737ad68a84fea94bc708ddac8ea5b0c4788dc2ad202f3ccb2887742f?s=96&d=wp_user_avatar&r=g","url":"https:\/\/secure.gravatar.com\/avatar\/71f2fa71737ad68a84fea94bc708ddac8ea5b0c4788dc2ad202f3ccb2887742f?s=96&d=wp_user_avatar&r=g","contentUrl":"https:\/\/secure.gravatar.com\/avatar\/71f2fa71737ad68a84fea94bc708ddac8ea5b0c4788dc2ad202f3ccb2887742f?s=96&d=wp_user_avatar&r=g","caption":"Reda\u00e7\u00e3o JO"},"url":"https:\/\/jornaldasoficinas.com\/pt\/author\/joredacao\/"}]}},"_links":{"self":[{"href":"https:\/\/jornaldasoficinas.com\/pt\/wp-json\/wp\/v2\/posts\/12758","targetHints":{"allow":["GET"]}}],"collection":[{"href":"https:\/\/jornaldasoficinas.com\/pt\/wp-json\/wp\/v2\/posts"}],"about":[{"href":"https:\/\/jornaldasoficinas.com\/pt\/wp-json\/wp\/v2\/types\/post"}],"author":[{"embeddable":true,"href":"https:\/\/jornaldasoficinas.com\/pt\/wp-json\/wp\/v2\/users\/15"}],"replies":[{"embeddable":true,"href":"https:\/\/jornaldasoficinas.com\/pt\/wp-json\/wp\/v2\/comments?post=12758"}],"version-history":[{"count":0,"href":"https:\/\/jornaldasoficinas.com\/pt\/wp-json\/wp\/v2\/posts\/12758\/revisions"}],"wp:featuredmedia":[{"embeddable":true,"href":"https:\/\/jornaldasoficinas.com\/pt\/wp-json\/wp\/v2\/media\/12759"}],"wp:attachment":[{"href":"https:\/\/jornaldasoficinas.com\/pt\/wp-json\/wp\/v2\/media?parent=12758"}],"wp:term":[{"taxonomy":"category","embeddable":true,"href":"https:\/\/jornaldasoficinas.com\/pt\/wp-json\/wp\/v2\/categories?post=12758"},{"taxonomy":"post_tag","embeddable":true,"href":"https:\/\/jornaldasoficinas.com\/pt\/wp-json\/wp\/v2\/tags?post=12758"}],"curies":[{"name":"wp","href":"https:\/\/api.w.org\/{rel}","templated":true}]}}