{"id":12791,"date":"2020-05-05T01:17:10","date_gmt":"2020-05-05T00:17:10","guid":{"rendered":"https:\/\/jornaldasoficinas.com\/pt\/?p=12791"},"modified":"2020-05-05T01:17:10","modified_gmt":"2020-05-05T00:17:10","slug":"meyle-dicas-e-truques-sobre-a-cabeca-da-ponteira-da-direcao","status":"publish","type":"post","link":"https:\/\/jornaldasoficinas.com\/pt\/meyle-dicas-e-truques-sobre-a-cabeca-da-ponteira-da-direcao\/","title":{"rendered":"MEYLE: dicas e truques sobre a cabe\u00e7a da ponteira da dire\u00e7\u00e3o"},"content":{"rendered":"<p><img loading=\"lazy\" decoding=\"async\" class=\"alignnone wp-image-12792 size-full\" src=\"https:\/\/jornaldasoficinas.com\/pt\/wp-content\/uploads\/2020\/05\/dicasmeylemaio.png\" alt=\"05 - dicasmeylemaio\" width=\"1024\" height=\"581\" srcset=\"https:\/\/jornaldasoficinas.com\/pt\/wp-content\/uploads\/2020\/05\/dicasmeylemaio.png 1024w, https:\/\/jornaldasoficinas.com\/pt\/wp-content\/uploads\/2020\/05\/dicasmeylemaio-300x170.png 300w, https:\/\/jornaldasoficinas.com\/pt\/wp-content\/uploads\/2020\/05\/dicasmeylemaio-150x85.png 150w, https:\/\/jornaldasoficinas.com\/pt\/wp-content\/uploads\/2020\/05\/dicasmeylemaio-768x436.png 768w\" sizes=\"auto, (max-width: 1024px) 100vw, 1024px\" \/><\/p>\n<p><strong>A forma e precis\u00e3o com que um ve\u00edculo curva depende de v\u00e1rios componentes. Um deles, considerado essencial para uma dire\u00e7\u00e3o precisa, \u00e9 a cabe\u00e7a da ponteira da dire\u00e7\u00e3o.<\/strong><\/p>\n<p>\u00c9 este componente que assegura que a energia seja transferida da ponteira da dire\u00e7\u00e3o para a articula\u00e7\u00e3o da manga de eixo durante as manobras de dire\u00e7\u00e3o e que as rodas sigam, consequentemente, o \u00e2ngulo imposto pelo condutor sobre o volante, mantendo o ve\u00edculo na trajet\u00f3ria.<\/p>\n<p>As cabe\u00e7as das ponteiras da dire\u00e7\u00e3o s\u00e3o componentes dur\u00e1veis, que atingem uma vida \u00fatil superior a 100 mil km. Mas s\u00e3o, tamb\u00e9m, pe\u00e7as de desgaste t\u00edpicas que precisam de ser substitu\u00eddas ao longo do tempo.<\/p>\n<p>Um defeito caracter\u00edstico da cabe\u00e7a da ponteira da dire\u00e7\u00e3o \u00e9 a manga de borracha danificada, que permite, desta forma, a entrada de areia e \u00e1gua. Como resultado, o pino da r\u00f3tula come\u00e7a a enferrujar.<\/p>\n<p>Areia e poeira tamb\u00e9m podem alojar-se entre o pino da r\u00f3tula e a sede de pl\u00e1stico e moem a sede de pl\u00e1stico at\u00e9 um acabamento \u00e1spero.<\/p>\n<p>Tudo isto danifica a cabe\u00e7a da ponteira da dire\u00e7\u00e3o e afeta a estabilidade direcional do ve\u00edculo. Como tal, representa um risco real de seguran\u00e7a.<\/p>\n<p>A durabilidade da cabe\u00e7a da ponteira da dire\u00e7\u00e3o pode ser alargada significativamente com apenas algumas etapas de trabalho. No novo v\u00eddeo no canal de TV MEYLE, o fabricante de Hamburgo revela como isto pode ser feito no VW T4.<\/p>\n<p><strong>Etapa 1: limpar a r\u00f3tula da dire\u00e7\u00e3o<\/strong><\/p>\n<p>Antes de iniciar a instala\u00e7\u00e3o da nova cabe\u00e7a da ponteira da dire\u00e7\u00e3o, a superf\u00edcie de contacto da r\u00f3tula da dire\u00e7\u00e3o na qual a borracha assenta deve ser limpa. Isto \u00e9 necess\u00e1rio para que a borracha da r\u00f3tula da dire\u00e7\u00e3o possa rodar livremente.<\/p>\n<p><strong>Etapa 2: lubrificar a superf\u00edcie da r\u00f3tula da dire\u00e7\u00e3o com graxa de silicone<\/strong><\/p>\n<p>O novo <em>kit<\/em> \u201ctudo em um\u201d ajuda as oficinas a economizar tempo precioso: o rolamento e o cubo da roda s\u00e3o pr\u00e9-montados no<em> kit <\/em>de repara\u00e7\u00e3o do rolamento de roda MEYLE-ORIGINAL. Esta solu\u00e7\u00e3o cobre um parque autom\u00f3vel global de mais de tr\u00eas milh\u00f5es de ve\u00edculos.<\/p>\n<p><strong>Etapa 3: instalar a cabe\u00e7a da ponteira da dire\u00e7\u00e3o<\/strong><\/p>\n<p>Instale a extremidade da cabe\u00e7a da ponteira da dire\u00e7\u00e3o MEYLE-HD e aperte a porca com 65 Nm. A porca deve ser apertada manualmente at\u00e9 que o pino da r\u00f3tula n\u00e3o rode mais.<\/p>\n<p>O bin\u00e1rio final de aperto \u00e9 atingido pela chave dinamom\u00e9trica. N\u00e3o utilize uma chave de impacto em nenhuma circunst\u00e2ncia para apertar a cabe\u00e7a da ponteira da dire\u00e7\u00e3o.<\/p>\n<p><strong>Etapa 4: realizar alinhamento das rodas<\/strong><\/p>\n<p>\u00c9 sempre necess\u00e1rio que o alinhamento das rodas seja realizado ap\u00f3s a instala\u00e7\u00e3o da cabe\u00e7a da ponteira da dire\u00e7\u00e3o, a fim de adaptar a geometria do eixo do ve\u00edculo \u00e0s especifica\u00e7\u00f5es do fabricante. Em seguida, a porca de bloqueio da extremidade da cabe\u00e7a da ponteira da dire\u00e7\u00e3o \u00e9 apertada com 55 Nm.<\/p>\n<p>Todas as etapas podem ser consultadas num breve tutorial em <a href=\"https:\/\/www.youtube.com\/watch?v=DZ9S8LGgwbo\" target=\"_blank\" rel=\"noopener noreferrer\">v\u00eddeo<\/a> no canal de YouTube MEYLE-TV.<\/p>\n<p>A <a href=\"https:\/\/www.meyle.com\/en\/\" target=\"_blank\" rel=\"noopener noreferrer\">MEYLE<\/a> alerta para o facto de este conte\u00fado se destinar a pessoal qualificado, sendo as etapas demonstradas de forma simplificada e abreviada, n\u00e3o representando um procedimento.<\/p>\n<p>As especifica\u00e7\u00f5es e instru\u00e7\u00f5es do fabricante do ve\u00edculo devem ser seguidas, tendo sempre prioridade sobre o procedimento geral apresentado no v\u00eddeo.<\/p>\n<p>A MEYLE AG n\u00e3o assume qualquer responsabilidade e rejeita todas as consequ\u00eancias que lhe possam ser imput\u00e1veis se as atividades demonstradas neste v\u00eddeo ou esta instru\u00e7\u00e3o forem imitadas.<\/p>\n","protected":false},"excerpt":{"rendered":"<p>A forma e precis\u00e3o com que&#8230;<\/p>\n","protected":false},"author":15,"featured_media":12792,"comment_status":"closed","ping_status":"closed","sticky":false,"template":"","format":"standard","meta":{"footnotes":""},"categories":[120],"tags":[187,2152,69,1258,1257],"class_list":["post-12791","post","type-post","status-publish","format-standard","has-post-thumbnail","hentry","category-tecnica","tag-auto-delta","tag-dicas","tag-meyle","tag-official-meyle-dealer","tag-omd"],"yoast_head":"<!-- This site is optimized with the Yoast SEO plugin v27.4 - https:\/\/yoast.com\/product\/yoast-seo-wordpress\/ -->\n<title>MEYLE: dicas e truques sobre a cabe\u00e7a da ponteira da dire\u00e7\u00e3o - Jornal das Oficinas<\/title>\n<meta name=\"robots\" content=\"index, follow, max-snippet:-1, max-image-preview:large, max-video-preview:-1\" \/>\n<link rel=\"canonical\" href=\"https:\/\/jornaldasoficinas.com\/pt\/meyle-dicas-e-truques-sobre-a-cabeca-da-ponteira-da-direcao\/\" \/>\n<meta property=\"og:locale\" content=\"pt_PT\" \/>\n<meta property=\"og:type\" content=\"article\" \/>\n<meta property=\"og:title\" content=\"MEYLE: dicas e truques sobre a cabe\u00e7a da ponteira da dire\u00e7\u00e3o - Jornal das Oficinas\" \/>\n<meta property=\"og:description\" content=\"A forma e precis\u00e3o com que...\" \/>\n<meta property=\"og:url\" content=\"https:\/\/jornaldasoficinas.com\/pt\/meyle-dicas-e-truques-sobre-a-cabeca-da-ponteira-da-direcao\/\" \/>\n<meta property=\"og:site_name\" content=\"Jornal das Oficinas\" \/>\n<meta property=\"article:publisher\" content=\"https:\/\/www.facebook.com\/jornaloficinas\" \/>\n<meta property=\"article:published_time\" content=\"2020-05-05T00:17:10+00:00\" \/>\n<meta property=\"og:image\" content=\"https:\/\/jornaldasoficinas.com\/pt\/wp-content\/uploads\/2020\/05\/dicasmeylemaio.png\" \/>\n\t<meta property=\"og:image:width\" content=\"1024\" \/>\n\t<meta property=\"og:image:height\" content=\"581\" \/>\n\t<meta property=\"og:image:type\" content=\"image\/png\" \/>\n<meta name=\"author\" content=\"Reda\u00e7\u00e3o JO\" \/>\n<meta name=\"twitter:card\" content=\"summary_large_image\" \/>\n<meta name=\"twitter:creator\" content=\"@jornaloficinas\" \/>\n<meta name=\"twitter:site\" content=\"@jornaloficinas\" \/>\n<meta name=\"twitter:label1\" content=\"Escrito por\" \/>\n\t<meta name=\"twitter:data1\" content=\"Reda\u00e7\u00e3o JO\" \/>\n\t<meta name=\"twitter:label2\" content=\"Tempo estimado de leitura\" \/>\n\t<meta name=\"twitter:data2\" content=\"3 minutos\" \/>\n<script type=\"application\/ld+json\" class=\"yoast-schema-graph\">{\"@context\":\"https:\\\/\\\/schema.org\",\"@graph\":[{\"@type\":\"Article\",\"@id\":\"https:\\\/\\\/jornaldasoficinas.com\\\/pt\\\/meyle-dicas-e-truques-sobre-a-cabeca-da-ponteira-da-direcao\\\/#article\",\"isPartOf\":{\"@id\":\"https:\\\/\\\/jornaldasoficinas.com\\\/pt\\\/meyle-dicas-e-truques-sobre-a-cabeca-da-ponteira-da-direcao\\\/\"},\"author\":{\"name\":\"Reda\u00e7\u00e3o JO\",\"@id\":\"https:\\\/\\\/jornaldasoficinas.com\\\/pt\\\/#\\\/schema\\\/person\\\/a38eef5de2c41d9e7c9ac10141afddf3\"},\"headline\":\"MEYLE: dicas e truques sobre a cabe\u00e7a da ponteira da dire\u00e7\u00e3o\",\"datePublished\":\"2020-05-05T00:17:10+00:00\",\"mainEntityOfPage\":{\"@id\":\"https:\\\/\\\/jornaldasoficinas.com\\\/pt\\\/meyle-dicas-e-truques-sobre-a-cabeca-da-ponteira-da-direcao\\\/\"},\"wordCount\":646,\"publisher\":{\"@id\":\"https:\\\/\\\/jornaldasoficinas.com\\\/pt\\\/#organization\"},\"image\":{\"@id\":\"https:\\\/\\\/jornaldasoficinas.com\\\/pt\\\/meyle-dicas-e-truques-sobre-a-cabeca-da-ponteira-da-direcao\\\/#primaryimage\"},\"thumbnailUrl\":\"https:\\\/\\\/jornaldasoficinas.com\\\/pt\\\/wp-content\\\/uploads\\\/2020\\\/05\\\/dicasmeylemaio.png\",\"keywords\":[\"Auto Delta\",\"Dicas\",\"MEYLE\",\"Official MEYLE Dealer\",\"OMD\"],\"articleSection\":[\"T\u00e9cnica\"],\"inLanguage\":\"pt-PT\"},{\"@type\":\"WebPage\",\"@id\":\"https:\\\/\\\/jornaldasoficinas.com\\\/pt\\\/meyle-dicas-e-truques-sobre-a-cabeca-da-ponteira-da-direcao\\\/\",\"url\":\"https:\\\/\\\/jornaldasoficinas.com\\\/pt\\\/meyle-dicas-e-truques-sobre-a-cabeca-da-ponteira-da-direcao\\\/\",\"name\":\"MEYLE: dicas e truques sobre a cabe\u00e7a da ponteira da dire\u00e7\u00e3o - Jornal das Oficinas\",\"isPartOf\":{\"@id\":\"https:\\\/\\\/jornaldasoficinas.com\\\/pt\\\/#website\"},\"primaryImageOfPage\":{\"@id\":\"https:\\\/\\\/jornaldasoficinas.com\\\/pt\\\/meyle-dicas-e-truques-sobre-a-cabeca-da-ponteira-da-direcao\\\/#primaryimage\"},\"image\":{\"@id\":\"https:\\\/\\\/jornaldasoficinas.com\\\/pt\\\/meyle-dicas-e-truques-sobre-a-cabeca-da-ponteira-da-direcao\\\/#primaryimage\"},\"thumbnailUrl\":\"https:\\\/\\\/jornaldasoficinas.com\\\/pt\\\/wp-content\\\/uploads\\\/2020\\\/05\\\/dicasmeylemaio.png\",\"datePublished\":\"2020-05-05T00:17:10+00:00\",\"breadcrumb\":{\"@id\":\"https:\\\/\\\/jornaldasoficinas.com\\\/pt\\\/meyle-dicas-e-truques-sobre-a-cabeca-da-ponteira-da-direcao\\\/#breadcrumb\"},\"inLanguage\":\"pt-PT\",\"potentialAction\":[{\"@type\":\"ReadAction\",\"target\":[\"https:\\\/\\\/jornaldasoficinas.com\\\/pt\\\/meyle-dicas-e-truques-sobre-a-cabeca-da-ponteira-da-direcao\\\/\"]}]},{\"@type\":\"ImageObject\",\"inLanguage\":\"pt-PT\",\"@id\":\"https:\\\/\\\/jornaldasoficinas.com\\\/pt\\\/meyle-dicas-e-truques-sobre-a-cabeca-da-ponteira-da-direcao\\\/#primaryimage\",\"url\":\"https:\\\/\\\/jornaldasoficinas.com\\\/pt\\\/wp-content\\\/uploads\\\/2020\\\/05\\\/dicasmeylemaio.png\",\"contentUrl\":\"https:\\\/\\\/jornaldasoficinas.com\\\/pt\\\/wp-content\\\/uploads\\\/2020\\\/05\\\/dicasmeylemaio.png\",\"width\":1024,\"height\":581,\"caption\":\"05 - dicasmeylemaio\"},{\"@type\":\"BreadcrumbList\",\"@id\":\"https:\\\/\\\/jornaldasoficinas.com\\\/pt\\\/meyle-dicas-e-truques-sobre-a-cabeca-da-ponteira-da-direcao\\\/#breadcrumb\",\"itemListElement\":[{\"@type\":\"ListItem\",\"position\":1,\"name\":\"In\u00edcio\",\"item\":\"https:\\\/\\\/jornaldasoficinas.com\\\/pt\\\/\"},{\"@type\":\"ListItem\",\"position\":2,\"name\":\"MEYLE: dicas e truques sobre a cabe\u00e7a da ponteira da dire\u00e7\u00e3o\"}]},{\"@type\":\"WebSite\",\"@id\":\"https:\\\/\\\/jornaldasoficinas.com\\\/pt\\\/#website\",\"url\":\"https:\\\/\\\/jornaldasoficinas.com\\\/pt\\\/\",\"name\":\"Jornal das Oficinas\",\"description\":\"Jornal independente do Aftermarket Autom\u00f3vel em Portugal\",\"publisher\":{\"@id\":\"https:\\\/\\\/jornaldasoficinas.com\\\/pt\\\/#organization\"},\"potentialAction\":[{\"@type\":\"SearchAction\",\"target\":{\"@type\":\"EntryPoint\",\"urlTemplate\":\"https:\\\/\\\/jornaldasoficinas.com\\\/pt\\\/?s={search_term_string}\"},\"query-input\":{\"@type\":\"PropertyValueSpecification\",\"valueRequired\":true,\"valueName\":\"search_term_string\"}}],\"inLanguage\":\"pt-PT\"},{\"@type\":\"Organization\",\"@id\":\"https:\\\/\\\/jornaldasoficinas.com\\\/pt\\\/#organization\",\"name\":\"Jornal das Oficinas\",\"url\":\"https:\\\/\\\/jornaldasoficinas.com\\\/pt\\\/\",\"logo\":{\"@type\":\"ImageObject\",\"inLanguage\":\"pt-PT\",\"@id\":\"https:\\\/\\\/jornaldasoficinas.com\\\/pt\\\/#\\\/schema\\\/logo\\\/image\\\/\",\"url\":\"https:\\\/\\\/jornaldasoficinas.com\\\/pt\\\/wp-content\\\/uploads\\\/logoJO-SEO.png\",\"contentUrl\":\"https:\\\/\\\/jornaldasoficinas.com\\\/pt\\\/wp-content\\\/uploads\\\/logoJO-SEO.png\",\"width\":285,\"height\":450,\"caption\":\"Jornal das Oficinas\"},\"image\":{\"@id\":\"https:\\\/\\\/jornaldasoficinas.com\\\/pt\\\/#\\\/schema\\\/logo\\\/image\\\/\"},\"sameAs\":[\"https:\\\/\\\/www.facebook.com\\\/jornaloficinas\",\"https:\\\/\\\/x.com\\\/jornaloficinas\",\"https:\\\/\\\/www.instagram.com\\\/jornal_oficinas\\\/\",\"https:\\\/\\\/www.linkedin.com\\\/company\\\/jornal-das-oficinas\\\/\",\"https:\\\/\\\/www.youtube.com\\\/channel\\\/UCbQZBqtcvV-oSQrr7RzINGg\"]},{\"@type\":\"Person\",\"@id\":\"https:\\\/\\\/jornaldasoficinas.com\\\/pt\\\/#\\\/schema\\\/person\\\/a38eef5de2c41d9e7c9ac10141afddf3\",\"name\":\"Reda\u00e7\u00e3o JO\",\"image\":{\"@type\":\"ImageObject\",\"inLanguage\":\"pt-PT\",\"@id\":\"https:\\\/\\\/secure.gravatar.com\\\/avatar\\\/71f2fa71737ad68a84fea94bc708ddac8ea5b0c4788dc2ad202f3ccb2887742f?s=96&d=wp_user_avatar&r=g\",\"url\":\"https:\\\/\\\/secure.gravatar.com\\\/avatar\\\/71f2fa71737ad68a84fea94bc708ddac8ea5b0c4788dc2ad202f3ccb2887742f?s=96&d=wp_user_avatar&r=g\",\"contentUrl\":\"https:\\\/\\\/secure.gravatar.com\\\/avatar\\\/71f2fa71737ad68a84fea94bc708ddac8ea5b0c4788dc2ad202f3ccb2887742f?s=96&d=wp_user_avatar&r=g\",\"caption\":\"Reda\u00e7\u00e3o JO\"},\"url\":\"https:\\\/\\\/jornaldasoficinas.com\\\/pt\\\/author\\\/joredacao\\\/\"}]}<\/script>\n<!-- \/ Yoast SEO plugin. -->","yoast_head_json":{"title":"MEYLE: dicas e truques sobre a cabe\u00e7a da ponteira da dire\u00e7\u00e3o - Jornal das Oficinas","robots":{"index":"index","follow":"follow","max-snippet":"max-snippet:-1","max-image-preview":"max-image-preview:large","max-video-preview":"max-video-preview:-1"},"canonical":"https:\/\/jornaldasoficinas.com\/pt\/meyle-dicas-e-truques-sobre-a-cabeca-da-ponteira-da-direcao\/","og_locale":"pt_PT","og_type":"article","og_title":"MEYLE: dicas e truques sobre a cabe\u00e7a da ponteira da dire\u00e7\u00e3o - Jornal das Oficinas","og_description":"A forma e precis\u00e3o com que...","og_url":"https:\/\/jornaldasoficinas.com\/pt\/meyle-dicas-e-truques-sobre-a-cabeca-da-ponteira-da-direcao\/","og_site_name":"Jornal das Oficinas","article_publisher":"https:\/\/www.facebook.com\/jornaloficinas","article_published_time":"2020-05-05T00:17:10+00:00","og_image":[{"width":1024,"height":581,"url":"https:\/\/jornaldasoficinas.com\/pt\/wp-content\/uploads\/2020\/05\/dicasmeylemaio.png","type":"image\/png"}],"author":"Reda\u00e7\u00e3o JO","twitter_card":"summary_large_image","twitter_creator":"@jornaloficinas","twitter_site":"@jornaloficinas","twitter_misc":{"Escrito por":"Reda\u00e7\u00e3o JO","Tempo estimado de leitura":"3 minutos"},"schema":{"@context":"https:\/\/schema.org","@graph":[{"@type":"Article","@id":"https:\/\/jornaldasoficinas.com\/pt\/meyle-dicas-e-truques-sobre-a-cabeca-da-ponteira-da-direcao\/#article","isPartOf":{"@id":"https:\/\/jornaldasoficinas.com\/pt\/meyle-dicas-e-truques-sobre-a-cabeca-da-ponteira-da-direcao\/"},"author":{"name":"Reda\u00e7\u00e3o JO","@id":"https:\/\/jornaldasoficinas.com\/pt\/#\/schema\/person\/a38eef5de2c41d9e7c9ac10141afddf3"},"headline":"MEYLE: dicas e truques sobre a cabe\u00e7a da ponteira da dire\u00e7\u00e3o","datePublished":"2020-05-05T00:17:10+00:00","mainEntityOfPage":{"@id":"https:\/\/jornaldasoficinas.com\/pt\/meyle-dicas-e-truques-sobre-a-cabeca-da-ponteira-da-direcao\/"},"wordCount":646,"publisher":{"@id":"https:\/\/jornaldasoficinas.com\/pt\/#organization"},"image":{"@id":"https:\/\/jornaldasoficinas.com\/pt\/meyle-dicas-e-truques-sobre-a-cabeca-da-ponteira-da-direcao\/#primaryimage"},"thumbnailUrl":"https:\/\/jornaldasoficinas.com\/pt\/wp-content\/uploads\/2020\/05\/dicasmeylemaio.png","keywords":["Auto Delta","Dicas","MEYLE","Official MEYLE Dealer","OMD"],"articleSection":["T\u00e9cnica"],"inLanguage":"pt-PT"},{"@type":"WebPage","@id":"https:\/\/jornaldasoficinas.com\/pt\/meyle-dicas-e-truques-sobre-a-cabeca-da-ponteira-da-direcao\/","url":"https:\/\/jornaldasoficinas.com\/pt\/meyle-dicas-e-truques-sobre-a-cabeca-da-ponteira-da-direcao\/","name":"MEYLE: dicas e truques sobre a cabe\u00e7a da ponteira da dire\u00e7\u00e3o - Jornal das Oficinas","isPartOf":{"@id":"https:\/\/jornaldasoficinas.com\/pt\/#website"},"primaryImageOfPage":{"@id":"https:\/\/jornaldasoficinas.com\/pt\/meyle-dicas-e-truques-sobre-a-cabeca-da-ponteira-da-direcao\/#primaryimage"},"image":{"@id":"https:\/\/jornaldasoficinas.com\/pt\/meyle-dicas-e-truques-sobre-a-cabeca-da-ponteira-da-direcao\/#primaryimage"},"thumbnailUrl":"https:\/\/jornaldasoficinas.com\/pt\/wp-content\/uploads\/2020\/05\/dicasmeylemaio.png","datePublished":"2020-05-05T00:17:10+00:00","breadcrumb":{"@id":"https:\/\/jornaldasoficinas.com\/pt\/meyle-dicas-e-truques-sobre-a-cabeca-da-ponteira-da-direcao\/#breadcrumb"},"inLanguage":"pt-PT","potentialAction":[{"@type":"ReadAction","target":["https:\/\/jornaldasoficinas.com\/pt\/meyle-dicas-e-truques-sobre-a-cabeca-da-ponteira-da-direcao\/"]}]},{"@type":"ImageObject","inLanguage":"pt-PT","@id":"https:\/\/jornaldasoficinas.com\/pt\/meyle-dicas-e-truques-sobre-a-cabeca-da-ponteira-da-direcao\/#primaryimage","url":"https:\/\/jornaldasoficinas.com\/pt\/wp-content\/uploads\/2020\/05\/dicasmeylemaio.png","contentUrl":"https:\/\/jornaldasoficinas.com\/pt\/wp-content\/uploads\/2020\/05\/dicasmeylemaio.png","width":1024,"height":581,"caption":"05 - dicasmeylemaio"},{"@type":"BreadcrumbList","@id":"https:\/\/jornaldasoficinas.com\/pt\/meyle-dicas-e-truques-sobre-a-cabeca-da-ponteira-da-direcao\/#breadcrumb","itemListElement":[{"@type":"ListItem","position":1,"name":"In\u00edcio","item":"https:\/\/jornaldasoficinas.com\/pt\/"},{"@type":"ListItem","position":2,"name":"MEYLE: dicas e truques sobre a cabe\u00e7a da ponteira da dire\u00e7\u00e3o"}]},{"@type":"WebSite","@id":"https:\/\/jornaldasoficinas.com\/pt\/#website","url":"https:\/\/jornaldasoficinas.com\/pt\/","name":"Jornal das Oficinas","description":"Jornal independente do Aftermarket Autom\u00f3vel em Portugal","publisher":{"@id":"https:\/\/jornaldasoficinas.com\/pt\/#organization"},"potentialAction":[{"@type":"SearchAction","target":{"@type":"EntryPoint","urlTemplate":"https:\/\/jornaldasoficinas.com\/pt\/?s={search_term_string}"},"query-input":{"@type":"PropertyValueSpecification","valueRequired":true,"valueName":"search_term_string"}}],"inLanguage":"pt-PT"},{"@type":"Organization","@id":"https:\/\/jornaldasoficinas.com\/pt\/#organization","name":"Jornal das Oficinas","url":"https:\/\/jornaldasoficinas.com\/pt\/","logo":{"@type":"ImageObject","inLanguage":"pt-PT","@id":"https:\/\/jornaldasoficinas.com\/pt\/#\/schema\/logo\/image\/","url":"https:\/\/jornaldasoficinas.com\/pt\/wp-content\/uploads\/logoJO-SEO.png","contentUrl":"https:\/\/jornaldasoficinas.com\/pt\/wp-content\/uploads\/logoJO-SEO.png","width":285,"height":450,"caption":"Jornal das Oficinas"},"image":{"@id":"https:\/\/jornaldasoficinas.com\/pt\/#\/schema\/logo\/image\/"},"sameAs":["https:\/\/www.facebook.com\/jornaloficinas","https:\/\/x.com\/jornaloficinas","https:\/\/www.instagram.com\/jornal_oficinas\/","https:\/\/www.linkedin.com\/company\/jornal-das-oficinas\/","https:\/\/www.youtube.com\/channel\/UCbQZBqtcvV-oSQrr7RzINGg"]},{"@type":"Person","@id":"https:\/\/jornaldasoficinas.com\/pt\/#\/schema\/person\/a38eef5de2c41d9e7c9ac10141afddf3","name":"Reda\u00e7\u00e3o JO","image":{"@type":"ImageObject","inLanguage":"pt-PT","@id":"https:\/\/secure.gravatar.com\/avatar\/71f2fa71737ad68a84fea94bc708ddac8ea5b0c4788dc2ad202f3ccb2887742f?s=96&d=wp_user_avatar&r=g","url":"https:\/\/secure.gravatar.com\/avatar\/71f2fa71737ad68a84fea94bc708ddac8ea5b0c4788dc2ad202f3ccb2887742f?s=96&d=wp_user_avatar&r=g","contentUrl":"https:\/\/secure.gravatar.com\/avatar\/71f2fa71737ad68a84fea94bc708ddac8ea5b0c4788dc2ad202f3ccb2887742f?s=96&d=wp_user_avatar&r=g","caption":"Reda\u00e7\u00e3o JO"},"url":"https:\/\/jornaldasoficinas.com\/pt\/author\/joredacao\/"}]}},"_links":{"self":[{"href":"https:\/\/jornaldasoficinas.com\/pt\/wp-json\/wp\/v2\/posts\/12791","targetHints":{"allow":["GET"]}}],"collection":[{"href":"https:\/\/jornaldasoficinas.com\/pt\/wp-json\/wp\/v2\/posts"}],"about":[{"href":"https:\/\/jornaldasoficinas.com\/pt\/wp-json\/wp\/v2\/types\/post"}],"author":[{"embeddable":true,"href":"https:\/\/jornaldasoficinas.com\/pt\/wp-json\/wp\/v2\/users\/15"}],"replies":[{"embeddable":true,"href":"https:\/\/jornaldasoficinas.com\/pt\/wp-json\/wp\/v2\/comments?post=12791"}],"version-history":[{"count":0,"href":"https:\/\/jornaldasoficinas.com\/pt\/wp-json\/wp\/v2\/posts\/12791\/revisions"}],"wp:featuredmedia":[{"embeddable":true,"href":"https:\/\/jornaldasoficinas.com\/pt\/wp-json\/wp\/v2\/media\/12792"}],"wp:attachment":[{"href":"https:\/\/jornaldasoficinas.com\/pt\/wp-json\/wp\/v2\/media?parent=12791"}],"wp:term":[{"taxonomy":"category","embeddable":true,"href":"https:\/\/jornaldasoficinas.com\/pt\/wp-json\/wp\/v2\/categories?post=12791"},{"taxonomy":"post_tag","embeddable":true,"href":"https:\/\/jornaldasoficinas.com\/pt\/wp-json\/wp\/v2\/tags?post=12791"}],"curies":[{"name":"wp","href":"https:\/\/api.w.org\/{rel}","templated":true}]}}