{"id":12840,"date":"2020-05-06T17:15:16","date_gmt":"2020-05-06T16:15:16","guid":{"rendered":"https:\/\/jornaldasoficinas.com\/pt\/?p=12840"},"modified":"2020-05-06T17:15:16","modified_gmt":"2020-05-06T16:15:16","slug":"fundacao-cepsa-apoia-instituicoes-na-luta-contra-a-covid-19","status":"publish","type":"post","link":"https:\/\/jornaldasoficinas.com\/pt\/fundacao-cepsa-apoia-instituicoes-na-luta-contra-a-covid-19\/","title":{"rendered":"Funda\u00e7\u00e3o\u00a0Cepsa\u00a0apoia institui\u00e7\u00f5es na luta contra a Covid-19"},"content":{"rendered":"<p><img loading=\"lazy\" decoding=\"async\" class=\"alignnone wp-image-12839 size-full\" src=\"https:\/\/jornaldasoficinas.com\/pt\/wp-content\/uploads\/2020\/05\/cepsamadrid.png\" alt=\"05 - cepsamadrid\" width=\"1024\" height=\"581\" srcset=\"https:\/\/jornaldasoficinas.com\/pt\/wp-content\/uploads\/2020\/05\/cepsamadrid.png 1024w, https:\/\/jornaldasoficinas.com\/pt\/wp-content\/uploads\/2020\/05\/cepsamadrid-300x170.png 300w, https:\/\/jornaldasoficinas.com\/pt\/wp-content\/uploads\/2020\/05\/cepsamadrid-150x85.png 150w, https:\/\/jornaldasoficinas.com\/pt\/wp-content\/uploads\/2020\/05\/cepsamadrid-768x436.png 768w\" sizes=\"auto, (max-width: 1024px) 100vw, 1024px\" \/><\/p>\n<p><strong>A Funda\u00e7\u00e3o Cepsa junta-se \u00e0 luta contra a Covid-19 ao apoiar as institui\u00e7\u00f5es &#8220;Comunidade Vida e Paz&#8221; e &#8220;Associa\u00e7\u00e3o Humanit\u00e1ria de Bombeiros Volunt\u00e1rios de Leix\u00f5es&#8221; com uma doa\u00e7\u00e3o de combust\u00edvel no valor de \u20ac10.000.<\/strong><\/p>\n<p>Ambas as institui\u00e7\u00f5es desenvolvem um trabalho muito pr\u00f3ximo junto das comunidades em que atuam e s\u00e3o fundamentais no atual cen\u00e1rio. Para ajudar que continuem a fazer o seu bom trabalho, a Funda\u00e7\u00e3o Cepsa, que tem como objetivo desenvolver a\u00e7\u00f5es de responsabilidade social nos locais onde a empresa est\u00e1 presente, vai doar \u20ac5.000 em combust\u00edvel a cada uma das referidas institui\u00e7\u00f5es.<\/p>\n<p>Os donativos ser\u00e3o materializados em cart\u00f5es de combust\u00edvel para contribuir para a redu\u00e7\u00e3o dos custos com as desloca\u00e7\u00f5es de aux\u00edlio \u00e0s respetivas comunidades. A \u201cComunidade Vida e Paz\u201d atua nas zonas de Lisboa e F\u00e1tima, prestando apoio a pessoas em condi\u00e7\u00e3o de sem-abrigo ou outras situa\u00e7\u00f5es de vulnerabilidade social.<\/p>\n<p>J\u00e1 a \u201cAssocia\u00e7\u00e3o Humanit\u00e1ria de Bombeiros Volunt\u00e1rios de Leix\u00f5es\u201d, atua na zona do Porto, desempenhando um servi\u00e7o essencial, como todas as corpora\u00e7\u00f5es, na luta contra o novo coronav\u00edrus.<\/p>\n<p>Esta ajuda faz parte do plano de a\u00e7\u00f5es que a <a href=\"https:\/\/fundacion.cepsa.com\/es\" target=\"_blank\" rel=\"noopener noreferrer\">Funda\u00e7\u00e3o Cepsa<\/a> lan\u00e7ou logo no in\u00edcio da pandemia, para colaborar com as diferentes entidades de forma a mitigar os efeitos prementes da Covid-19, principalmente entre os grupos mais vulner\u00e1veis.<\/p>\n<p>A <a href=\"https:\/\/pt.cepsa.com\/pt\/particular\" target=\"_blank\" rel=\"noopener noreferrer\">Cepsa<\/a>, consciente de que a ind\u00fastria energ\u00e9tica e qu\u00edmica tem um papel fundamental na luta contra a Covid-19, implementou, desde o in\u00edcio da crise, um Plano de Conting\u00eancia em linha com as recomenda\u00e7\u00f5es que as diversas autoridades determinaram, o que permitiu manter a sua atividade em funcionamento e garantir a seguran\u00e7a e sa\u00fade de clientes, fornecedores, colaboradores e sociedade em geral.<\/p>\n<p>Como em momentos de crise \u00e9 fundamental existir uma coordena\u00e7\u00e3o e comunica\u00e7\u00e3o bidirecional com as diferentes autoridades de comando, a Cepsa, consciente do seu papel nesta crise, colocou-se \u00e0 disposi\u00e7\u00e3o das diversas autoridades e manteve uma estreita colabora\u00e7\u00e3o para garantir o fornecimento energ\u00e9tico, assim como implementou todas as medidas propostas para reduzir a propaga\u00e7\u00e3o do novo coronav\u00edrus.<\/p>\n","protected":false},"excerpt":{"rendered":"<p>A Funda\u00e7\u00e3o Cepsa junta-se \u00e0 luta&#8230;<\/p>\n","protected":false},"author":15,"featured_media":12839,"comment_status":"closed","ping_status":"closed","sticky":false,"template":"","format":"standard","meta":{"footnotes":""},"categories":[29],"tags":[199,1790,1789,200],"class_list":["post-12840","post","type-post","status-publish","format-standard","has-post-thumbnail","hentry","category-empresas","tag-cepsa","tag-coronavirus","tag-covid-19","tag-fundacion-cepsa"],"yoast_head":"<!-- This site is optimized with the Yoast SEO plugin v27.5 - https:\/\/yoast.com\/product\/yoast-seo-wordpress\/ -->\n<title>Funda\u00e7\u00e3o\u00a0Cepsa\u00a0apoia institui\u00e7\u00f5es na luta contra a Covid-19 - Jornal das Oficinas<\/title>\n<meta name=\"robots\" content=\"index, follow, max-snippet:-1, max-image-preview:large, max-video-preview:-1\" \/>\n<link rel=\"canonical\" href=\"https:\/\/jornaldasoficinas.com\/pt\/fundacao-cepsa-apoia-instituicoes-na-luta-contra-a-covid-19\/\" \/>\n<meta property=\"og:locale\" content=\"pt_PT\" \/>\n<meta property=\"og:type\" content=\"article\" \/>\n<meta property=\"og:title\" content=\"Funda\u00e7\u00e3o\u00a0Cepsa\u00a0apoia institui\u00e7\u00f5es na luta contra a Covid-19 - Jornal das Oficinas\" \/>\n<meta property=\"og:description\" content=\"A Funda\u00e7\u00e3o Cepsa junta-se \u00e0 luta...\" \/>\n<meta property=\"og:url\" content=\"https:\/\/jornaldasoficinas.com\/pt\/fundacao-cepsa-apoia-instituicoes-na-luta-contra-a-covid-19\/\" \/>\n<meta property=\"og:site_name\" content=\"Jornal das Oficinas\" \/>\n<meta property=\"article:publisher\" content=\"https:\/\/www.facebook.com\/jornaloficinas\" \/>\n<meta property=\"article:published_time\" content=\"2020-05-06T16:15:16+00:00\" \/>\n<meta property=\"og:image\" content=\"https:\/\/jornaldasoficinas.com\/pt\/wp-content\/uploads\/2020\/05\/cepsamadrid.png\" \/>\n\t<meta property=\"og:image:width\" content=\"1024\" \/>\n\t<meta property=\"og:image:height\" content=\"581\" \/>\n\t<meta property=\"og:image:type\" content=\"image\/png\" \/>\n<meta name=\"author\" content=\"Reda\u00e7\u00e3o JO\" \/>\n<meta name=\"twitter:card\" content=\"summary_large_image\" \/>\n<meta name=\"twitter:creator\" content=\"@jornaloficinas\" \/>\n<meta name=\"twitter:site\" content=\"@jornaloficinas\" \/>\n<meta name=\"twitter:label1\" content=\"Escrito por\" \/>\n\t<meta name=\"twitter:data1\" content=\"Reda\u00e7\u00e3o JO\" \/>\n\t<meta name=\"twitter:label2\" content=\"Tempo estimado de leitura\" \/>\n\t<meta name=\"twitter:data2\" content=\"2 minutos\" \/>\n<script type=\"application\/ld+json\" class=\"yoast-schema-graph\">{\"@context\":\"https:\\\/\\\/schema.org\",\"@graph\":[{\"@type\":\"Article\",\"@id\":\"https:\\\/\\\/jornaldasoficinas.com\\\/pt\\\/fundacao-cepsa-apoia-instituicoes-na-luta-contra-a-covid-19\\\/#article\",\"isPartOf\":{\"@id\":\"https:\\\/\\\/jornaldasoficinas.com\\\/pt\\\/fundacao-cepsa-apoia-instituicoes-na-luta-contra-a-covid-19\\\/\"},\"author\":{\"name\":\"Reda\u00e7\u00e3o JO\",\"@id\":\"https:\\\/\\\/jornaldasoficinas.com\\\/pt\\\/#\\\/schema\\\/person\\\/a38eef5de2c41d9e7c9ac10141afddf3\"},\"headline\":\"Funda\u00e7\u00e3o\u00a0Cepsa\u00a0apoia institui\u00e7\u00f5es na luta contra a Covid-19\",\"datePublished\":\"2020-05-06T16:15:16+00:00\",\"mainEntityOfPage\":{\"@id\":\"https:\\\/\\\/jornaldasoficinas.com\\\/pt\\\/fundacao-cepsa-apoia-instituicoes-na-luta-contra-a-covid-19\\\/\"},\"wordCount\":387,\"publisher\":{\"@id\":\"https:\\\/\\\/jornaldasoficinas.com\\\/pt\\\/#organization\"},\"image\":{\"@id\":\"https:\\\/\\\/jornaldasoficinas.com\\\/pt\\\/fundacao-cepsa-apoia-instituicoes-na-luta-contra-a-covid-19\\\/#primaryimage\"},\"thumbnailUrl\":\"https:\\\/\\\/jornaldasoficinas.com\\\/pt\\\/wp-content\\\/uploads\\\/2020\\\/05\\\/cepsamadrid.png\",\"keywords\":[\"Cepsa\",\"Coronav\u00edrus\",\"COVID-19\",\"Fundaci\u00f3n Cepsa\"],\"articleSection\":[\"Empresas\"],\"inLanguage\":\"pt-PT\"},{\"@type\":\"WebPage\",\"@id\":\"https:\\\/\\\/jornaldasoficinas.com\\\/pt\\\/fundacao-cepsa-apoia-instituicoes-na-luta-contra-a-covid-19\\\/\",\"url\":\"https:\\\/\\\/jornaldasoficinas.com\\\/pt\\\/fundacao-cepsa-apoia-instituicoes-na-luta-contra-a-covid-19\\\/\",\"name\":\"Funda\u00e7\u00e3o\u00a0Cepsa\u00a0apoia institui\u00e7\u00f5es na luta contra a Covid-19 - Jornal das Oficinas\",\"isPartOf\":{\"@id\":\"https:\\\/\\\/jornaldasoficinas.com\\\/pt\\\/#website\"},\"primaryImageOfPage\":{\"@id\":\"https:\\\/\\\/jornaldasoficinas.com\\\/pt\\\/fundacao-cepsa-apoia-instituicoes-na-luta-contra-a-covid-19\\\/#primaryimage\"},\"image\":{\"@id\":\"https:\\\/\\\/jornaldasoficinas.com\\\/pt\\\/fundacao-cepsa-apoia-instituicoes-na-luta-contra-a-covid-19\\\/#primaryimage\"},\"thumbnailUrl\":\"https:\\\/\\\/jornaldasoficinas.com\\\/pt\\\/wp-content\\\/uploads\\\/2020\\\/05\\\/cepsamadrid.png\",\"datePublished\":\"2020-05-06T16:15:16+00:00\",\"breadcrumb\":{\"@id\":\"https:\\\/\\\/jornaldasoficinas.com\\\/pt\\\/fundacao-cepsa-apoia-instituicoes-na-luta-contra-a-covid-19\\\/#breadcrumb\"},\"inLanguage\":\"pt-PT\",\"potentialAction\":[{\"@type\":\"ReadAction\",\"target\":[\"https:\\\/\\\/jornaldasoficinas.com\\\/pt\\\/fundacao-cepsa-apoia-instituicoes-na-luta-contra-a-covid-19\\\/\"]}]},{\"@type\":\"ImageObject\",\"inLanguage\":\"pt-PT\",\"@id\":\"https:\\\/\\\/jornaldasoficinas.com\\\/pt\\\/fundacao-cepsa-apoia-instituicoes-na-luta-contra-a-covid-19\\\/#primaryimage\",\"url\":\"https:\\\/\\\/jornaldasoficinas.com\\\/pt\\\/wp-content\\\/uploads\\\/2020\\\/05\\\/cepsamadrid.png\",\"contentUrl\":\"https:\\\/\\\/jornaldasoficinas.com\\\/pt\\\/wp-content\\\/uploads\\\/2020\\\/05\\\/cepsamadrid.png\",\"width\":1024,\"height\":581,\"caption\":\"05 - cepsamadrid\"},{\"@type\":\"BreadcrumbList\",\"@id\":\"https:\\\/\\\/jornaldasoficinas.com\\\/pt\\\/fundacao-cepsa-apoia-instituicoes-na-luta-contra-a-covid-19\\\/#breadcrumb\",\"itemListElement\":[{\"@type\":\"ListItem\",\"position\":1,\"name\":\"In\u00edcio\",\"item\":\"https:\\\/\\\/jornaldasoficinas.com\\\/pt\\\/\"},{\"@type\":\"ListItem\",\"position\":2,\"name\":\"Funda\u00e7\u00e3o\u00a0Cepsa\u00a0apoia institui\u00e7\u00f5es na luta contra a Covid-19\"}]},{\"@type\":\"WebSite\",\"@id\":\"https:\\\/\\\/jornaldasoficinas.com\\\/pt\\\/#website\",\"url\":\"https:\\\/\\\/jornaldasoficinas.com\\\/pt\\\/\",\"name\":\"Jornal das Oficinas\",\"description\":\"Jornal independente do Aftermarket Autom\u00f3vel em Portugal\",\"publisher\":{\"@id\":\"https:\\\/\\\/jornaldasoficinas.com\\\/pt\\\/#organization\"},\"potentialAction\":[{\"@type\":\"SearchAction\",\"target\":{\"@type\":\"EntryPoint\",\"urlTemplate\":\"https:\\\/\\\/jornaldasoficinas.com\\\/pt\\\/?s={search_term_string}\"},\"query-input\":{\"@type\":\"PropertyValueSpecification\",\"valueRequired\":true,\"valueName\":\"search_term_string\"}}],\"inLanguage\":\"pt-PT\"},{\"@type\":\"Organization\",\"@id\":\"https:\\\/\\\/jornaldasoficinas.com\\\/pt\\\/#organization\",\"name\":\"Jornal das Oficinas\",\"url\":\"https:\\\/\\\/jornaldasoficinas.com\\\/pt\\\/\",\"logo\":{\"@type\":\"ImageObject\",\"inLanguage\":\"pt-PT\",\"@id\":\"https:\\\/\\\/jornaldasoficinas.com\\\/pt\\\/#\\\/schema\\\/logo\\\/image\\\/\",\"url\":\"https:\\\/\\\/jornaldasoficinas.com\\\/pt\\\/wp-content\\\/uploads\\\/logoJO-SEO.png\",\"contentUrl\":\"https:\\\/\\\/jornaldasoficinas.com\\\/pt\\\/wp-content\\\/uploads\\\/logoJO-SEO.png\",\"width\":285,\"height\":450,\"caption\":\"Jornal das Oficinas\"},\"image\":{\"@id\":\"https:\\\/\\\/jornaldasoficinas.com\\\/pt\\\/#\\\/schema\\\/logo\\\/image\\\/\"},\"sameAs\":[\"https:\\\/\\\/www.facebook.com\\\/jornaloficinas\",\"https:\\\/\\\/x.com\\\/jornaloficinas\",\"https:\\\/\\\/www.instagram.com\\\/jornal_oficinas\\\/\",\"https:\\\/\\\/www.linkedin.com\\\/company\\\/jornal-das-oficinas\\\/\",\"https:\\\/\\\/www.youtube.com\\\/channel\\\/UCbQZBqtcvV-oSQrr7RzINGg\"]},{\"@type\":\"Person\",\"@id\":\"https:\\\/\\\/jornaldasoficinas.com\\\/pt\\\/#\\\/schema\\\/person\\\/a38eef5de2c41d9e7c9ac10141afddf3\",\"name\":\"Reda\u00e7\u00e3o JO\",\"image\":{\"@type\":\"ImageObject\",\"inLanguage\":\"pt-PT\",\"@id\":\"https:\\\/\\\/secure.gravatar.com\\\/avatar\\\/71f2fa71737ad68a84fea94bc708ddac8ea5b0c4788dc2ad202f3ccb2887742f?s=96&d=wp_user_avatar&r=g\",\"url\":\"https:\\\/\\\/secure.gravatar.com\\\/avatar\\\/71f2fa71737ad68a84fea94bc708ddac8ea5b0c4788dc2ad202f3ccb2887742f?s=96&d=wp_user_avatar&r=g\",\"contentUrl\":\"https:\\\/\\\/secure.gravatar.com\\\/avatar\\\/71f2fa71737ad68a84fea94bc708ddac8ea5b0c4788dc2ad202f3ccb2887742f?s=96&d=wp_user_avatar&r=g\",\"caption\":\"Reda\u00e7\u00e3o JO\"},\"url\":\"https:\\\/\\\/jornaldasoficinas.com\\\/pt\\\/author\\\/joredacao\\\/\"}]}<\/script>\n<!-- \/ Yoast SEO plugin. -->","yoast_head_json":{"title":"Funda\u00e7\u00e3o\u00a0Cepsa\u00a0apoia institui\u00e7\u00f5es na luta contra a Covid-19 - Jornal das Oficinas","robots":{"index":"index","follow":"follow","max-snippet":"max-snippet:-1","max-image-preview":"max-image-preview:large","max-video-preview":"max-video-preview:-1"},"canonical":"https:\/\/jornaldasoficinas.com\/pt\/fundacao-cepsa-apoia-instituicoes-na-luta-contra-a-covid-19\/","og_locale":"pt_PT","og_type":"article","og_title":"Funda\u00e7\u00e3o\u00a0Cepsa\u00a0apoia institui\u00e7\u00f5es na luta contra a Covid-19 - Jornal das Oficinas","og_description":"A Funda\u00e7\u00e3o Cepsa junta-se \u00e0 luta...","og_url":"https:\/\/jornaldasoficinas.com\/pt\/fundacao-cepsa-apoia-instituicoes-na-luta-contra-a-covid-19\/","og_site_name":"Jornal das Oficinas","article_publisher":"https:\/\/www.facebook.com\/jornaloficinas","article_published_time":"2020-05-06T16:15:16+00:00","og_image":[{"width":1024,"height":581,"url":"https:\/\/jornaldasoficinas.com\/pt\/wp-content\/uploads\/2020\/05\/cepsamadrid.png","type":"image\/png"}],"author":"Reda\u00e7\u00e3o JO","twitter_card":"summary_large_image","twitter_creator":"@jornaloficinas","twitter_site":"@jornaloficinas","twitter_misc":{"Escrito por":"Reda\u00e7\u00e3o JO","Tempo estimado de leitura":"2 minutos"},"schema":{"@context":"https:\/\/schema.org","@graph":[{"@type":"Article","@id":"https:\/\/jornaldasoficinas.com\/pt\/fundacao-cepsa-apoia-instituicoes-na-luta-contra-a-covid-19\/#article","isPartOf":{"@id":"https:\/\/jornaldasoficinas.com\/pt\/fundacao-cepsa-apoia-instituicoes-na-luta-contra-a-covid-19\/"},"author":{"name":"Reda\u00e7\u00e3o JO","@id":"https:\/\/jornaldasoficinas.com\/pt\/#\/schema\/person\/a38eef5de2c41d9e7c9ac10141afddf3"},"headline":"Funda\u00e7\u00e3o\u00a0Cepsa\u00a0apoia institui\u00e7\u00f5es na luta contra a Covid-19","datePublished":"2020-05-06T16:15:16+00:00","mainEntityOfPage":{"@id":"https:\/\/jornaldasoficinas.com\/pt\/fundacao-cepsa-apoia-instituicoes-na-luta-contra-a-covid-19\/"},"wordCount":387,"publisher":{"@id":"https:\/\/jornaldasoficinas.com\/pt\/#organization"},"image":{"@id":"https:\/\/jornaldasoficinas.com\/pt\/fundacao-cepsa-apoia-instituicoes-na-luta-contra-a-covid-19\/#primaryimage"},"thumbnailUrl":"https:\/\/jornaldasoficinas.com\/pt\/wp-content\/uploads\/2020\/05\/cepsamadrid.png","keywords":["Cepsa","Coronav\u00edrus","COVID-19","Fundaci\u00f3n Cepsa"],"articleSection":["Empresas"],"inLanguage":"pt-PT"},{"@type":"WebPage","@id":"https:\/\/jornaldasoficinas.com\/pt\/fundacao-cepsa-apoia-instituicoes-na-luta-contra-a-covid-19\/","url":"https:\/\/jornaldasoficinas.com\/pt\/fundacao-cepsa-apoia-instituicoes-na-luta-contra-a-covid-19\/","name":"Funda\u00e7\u00e3o\u00a0Cepsa\u00a0apoia institui\u00e7\u00f5es na luta contra a Covid-19 - Jornal das Oficinas","isPartOf":{"@id":"https:\/\/jornaldasoficinas.com\/pt\/#website"},"primaryImageOfPage":{"@id":"https:\/\/jornaldasoficinas.com\/pt\/fundacao-cepsa-apoia-instituicoes-na-luta-contra-a-covid-19\/#primaryimage"},"image":{"@id":"https:\/\/jornaldasoficinas.com\/pt\/fundacao-cepsa-apoia-instituicoes-na-luta-contra-a-covid-19\/#primaryimage"},"thumbnailUrl":"https:\/\/jornaldasoficinas.com\/pt\/wp-content\/uploads\/2020\/05\/cepsamadrid.png","datePublished":"2020-05-06T16:15:16+00:00","breadcrumb":{"@id":"https:\/\/jornaldasoficinas.com\/pt\/fundacao-cepsa-apoia-instituicoes-na-luta-contra-a-covid-19\/#breadcrumb"},"inLanguage":"pt-PT","potentialAction":[{"@type":"ReadAction","target":["https:\/\/jornaldasoficinas.com\/pt\/fundacao-cepsa-apoia-instituicoes-na-luta-contra-a-covid-19\/"]}]},{"@type":"ImageObject","inLanguage":"pt-PT","@id":"https:\/\/jornaldasoficinas.com\/pt\/fundacao-cepsa-apoia-instituicoes-na-luta-contra-a-covid-19\/#primaryimage","url":"https:\/\/jornaldasoficinas.com\/pt\/wp-content\/uploads\/2020\/05\/cepsamadrid.png","contentUrl":"https:\/\/jornaldasoficinas.com\/pt\/wp-content\/uploads\/2020\/05\/cepsamadrid.png","width":1024,"height":581,"caption":"05 - cepsamadrid"},{"@type":"BreadcrumbList","@id":"https:\/\/jornaldasoficinas.com\/pt\/fundacao-cepsa-apoia-instituicoes-na-luta-contra-a-covid-19\/#breadcrumb","itemListElement":[{"@type":"ListItem","position":1,"name":"In\u00edcio","item":"https:\/\/jornaldasoficinas.com\/pt\/"},{"@type":"ListItem","position":2,"name":"Funda\u00e7\u00e3o\u00a0Cepsa\u00a0apoia institui\u00e7\u00f5es na luta contra a Covid-19"}]},{"@type":"WebSite","@id":"https:\/\/jornaldasoficinas.com\/pt\/#website","url":"https:\/\/jornaldasoficinas.com\/pt\/","name":"Jornal das Oficinas","description":"Jornal independente do Aftermarket Autom\u00f3vel em Portugal","publisher":{"@id":"https:\/\/jornaldasoficinas.com\/pt\/#organization"},"potentialAction":[{"@type":"SearchAction","target":{"@type":"EntryPoint","urlTemplate":"https:\/\/jornaldasoficinas.com\/pt\/?s={search_term_string}"},"query-input":{"@type":"PropertyValueSpecification","valueRequired":true,"valueName":"search_term_string"}}],"inLanguage":"pt-PT"},{"@type":"Organization","@id":"https:\/\/jornaldasoficinas.com\/pt\/#organization","name":"Jornal das Oficinas","url":"https:\/\/jornaldasoficinas.com\/pt\/","logo":{"@type":"ImageObject","inLanguage":"pt-PT","@id":"https:\/\/jornaldasoficinas.com\/pt\/#\/schema\/logo\/image\/","url":"https:\/\/jornaldasoficinas.com\/pt\/wp-content\/uploads\/logoJO-SEO.png","contentUrl":"https:\/\/jornaldasoficinas.com\/pt\/wp-content\/uploads\/logoJO-SEO.png","width":285,"height":450,"caption":"Jornal das Oficinas"},"image":{"@id":"https:\/\/jornaldasoficinas.com\/pt\/#\/schema\/logo\/image\/"},"sameAs":["https:\/\/www.facebook.com\/jornaloficinas","https:\/\/x.com\/jornaloficinas","https:\/\/www.instagram.com\/jornal_oficinas\/","https:\/\/www.linkedin.com\/company\/jornal-das-oficinas\/","https:\/\/www.youtube.com\/channel\/UCbQZBqtcvV-oSQrr7RzINGg"]},{"@type":"Person","@id":"https:\/\/jornaldasoficinas.com\/pt\/#\/schema\/person\/a38eef5de2c41d9e7c9ac10141afddf3","name":"Reda\u00e7\u00e3o JO","image":{"@type":"ImageObject","inLanguage":"pt-PT","@id":"https:\/\/secure.gravatar.com\/avatar\/71f2fa71737ad68a84fea94bc708ddac8ea5b0c4788dc2ad202f3ccb2887742f?s=96&d=wp_user_avatar&r=g","url":"https:\/\/secure.gravatar.com\/avatar\/71f2fa71737ad68a84fea94bc708ddac8ea5b0c4788dc2ad202f3ccb2887742f?s=96&d=wp_user_avatar&r=g","contentUrl":"https:\/\/secure.gravatar.com\/avatar\/71f2fa71737ad68a84fea94bc708ddac8ea5b0c4788dc2ad202f3ccb2887742f?s=96&d=wp_user_avatar&r=g","caption":"Reda\u00e7\u00e3o JO"},"url":"https:\/\/jornaldasoficinas.com\/pt\/author\/joredacao\/"}]}},"_links":{"self":[{"href":"https:\/\/jornaldasoficinas.com\/pt\/wp-json\/wp\/v2\/posts\/12840","targetHints":{"allow":["GET"]}}],"collection":[{"href":"https:\/\/jornaldasoficinas.com\/pt\/wp-json\/wp\/v2\/posts"}],"about":[{"href":"https:\/\/jornaldasoficinas.com\/pt\/wp-json\/wp\/v2\/types\/post"}],"author":[{"embeddable":true,"href":"https:\/\/jornaldasoficinas.com\/pt\/wp-json\/wp\/v2\/users\/15"}],"replies":[{"embeddable":true,"href":"https:\/\/jornaldasoficinas.com\/pt\/wp-json\/wp\/v2\/comments?post=12840"}],"version-history":[{"count":0,"href":"https:\/\/jornaldasoficinas.com\/pt\/wp-json\/wp\/v2\/posts\/12840\/revisions"}],"wp:featuredmedia":[{"embeddable":true,"href":"https:\/\/jornaldasoficinas.com\/pt\/wp-json\/wp\/v2\/media\/12839"}],"wp:attachment":[{"href":"https:\/\/jornaldasoficinas.com\/pt\/wp-json\/wp\/v2\/media?parent=12840"}],"wp:term":[{"taxonomy":"category","embeddable":true,"href":"https:\/\/jornaldasoficinas.com\/pt\/wp-json\/wp\/v2\/categories?post=12840"},{"taxonomy":"post_tag","embeddable":true,"href":"https:\/\/jornaldasoficinas.com\/pt\/wp-json\/wp\/v2\/tags?post=12840"}],"curies":[{"name":"wp","href":"https:\/\/api.w.org\/{rel}","templated":true}]}}