{"id":12903,"date":"2020-05-08T16:10:05","date_gmt":"2020-05-08T15:10:05","guid":{"rendered":"https:\/\/jornaldasoficinas.com\/pt\/?p=12903"},"modified":"2020-05-08T16:10:05","modified_gmt":"2020-05-08T15:10:05","slug":"dachser-ja-transportou-mais-de-60-milhoes-de-mascaras-cirurgicas","status":"publish","type":"post","link":"https:\/\/jornaldasoficinas.com\/pt\/dachser-ja-transportou-mais-de-60-milhoes-de-mascaras-cirurgicas\/","title":{"rendered":"Dachser j\u00e1 transportou mais de 60 milh\u00f5es de m\u00e1scaras cir\u00fargicas"},"content":{"rendered":"<p><img loading=\"lazy\" decoding=\"async\" class=\"alignnone wp-image-12904 size-full\" src=\"https:\/\/jornaldasoficinas.com\/pt\/wp-content\/uploads\/2020\/05\/dachsercharters.png\" alt=\"05 - dachsercharters\" width=\"1024\" height=\"581\" srcset=\"https:\/\/jornaldasoficinas.com\/pt\/wp-content\/uploads\/2020\/05\/dachsercharters.png 1024w, https:\/\/jornaldasoficinas.com\/pt\/wp-content\/uploads\/2020\/05\/dachsercharters-300x170.png 300w, https:\/\/jornaldasoficinas.com\/pt\/wp-content\/uploads\/2020\/05\/dachsercharters-150x85.png 150w, https:\/\/jornaldasoficinas.com\/pt\/wp-content\/uploads\/2020\/05\/dachsercharters-768x436.png 768w\" sizes=\"auto, (max-width: 1024px) 100vw, 1024px\" \/><\/p>\n<p><strong>No final de abril, a multinacional de log\u00edstica realizou oito voos <em>charter<\/em> em apenas uma semana e pela primeira vez na sua hist\u00f3ria, perfazendo um total de 30 desde o in\u00edcio da pandemia de Covid-19.<\/strong><\/p>\n<p>Desde o in\u00edcio da crise do novo coronav\u00edrus que a Dachser Air &amp; Sea Logistics j\u00e1 organizou 30 voos <em>charter<\/em>, tendo transportado um total de mais de 60 milh\u00f5es de m\u00e1scaras cir\u00fargicas e um conjunto de outros materiais m\u00e9dicos, como equipamentos de prote\u00e7\u00e3o individual.<\/p>\n<p>No final de abril, a multinacional de log\u00edstica organizou oito voos <em>charter<\/em> apenas numa semana e pela primeira vez na sua hist\u00f3ria. Neste n\u00famero, destacaram-se os tr\u00eas voos realizados na rota Hong Kong-Los Angeles.<\/p>\n<p>\u201cCom estes voos, podemos oferecer aos clientes acesso \u00e0s capacidades de todas as filiais da Dachser nos EUA e em v\u00e1rios locais da Am\u00e9rica Latina\u201d, afirmou Timo Stroh, <em>h<\/em><em>ead of <\/em><em>G<\/em><em>lobal Air Freight<\/em> da empresa. Refira-se, ainda, que a Dachser est\u00e1 a preparar \u201cmini\u201d voos <em>charter<\/em> semelhantes para as conex\u00f5es Xangai-Dallas, Xangai-Los Angeles e Hong Kong-Dallas.<\/p>\n<p>Ao organizar estes voos <em>charter<\/em>, a multinacional de log\u00edstica apoia os clientes no fornecimento de bens m\u00e9dicos essenciais. Ao mesmo tempo, consegue assegurar e equilibrar o decl\u00ednio na capacidade de transporte de carga a\u00e9rea, que diminuiu para metade devido \u00e0 pandemia global e \u00e0 suspens\u00e3o quase completa dos voos de passageiros.<\/p>\n<p>\u201cEste tornou-se num neg\u00f3cio importante num mercado que \u00e9, de outra forma, de dif\u00edcil acesso para o segmento Air &amp; Sea Logistics da Dachser\u201d, explicou Stroh. \u201cMas, ao mesmo tempo, h\u00e1 uma sensa\u00e7\u00e3o de motiva\u00e7\u00e3o e satisfa\u00e7\u00e3o por estarmos a fazer algo relevante e \u00fatil para a sociedade, elevando, ainda mais, a marca Dachser no mercado do transporte a\u00e9reo\u201d, acrescentou.<\/p>\n<p>A n\u00edvel nacional, caso n\u00e3o exista solu\u00e7\u00e3o localmente (atrav\u00e9s das companhias a\u00e9reas habituais), a <a href=\"https:\/\/www.dachser.pt\/pt\/index\" target=\"_blank\" rel=\"noopener noreferrer\">Dachser Portugal<\/a> possibilita a liga\u00e7\u00e3o de e para Frankfurt via transporte terrestre, atrav\u00e9s da rede Dachser European Logistics.<\/p>\n<p>Desta forma, os clientes nacionais poder\u00e3o expedir ou receber carga, via Frankfurt, nos voos <em>charter<\/em> da multinacional de e para a China e EUA. Recorde-se, ainda, que, desde 16 de mar\u00e7o, a Dachser oferece uma ponte a\u00e9rea entre os EUA, a Am\u00e9rica Latina e a <em>gateway<\/em> de carga a\u00e9rea em Frankfurt para entregas em Xangai, na China.<\/p>\n","protected":false},"excerpt":{"rendered":"<p>No final de abril, a multinacional&#8230;<\/p>\n","protected":false},"author":15,"featured_media":12904,"comment_status":"closed","ping_status":"closed","sticky":false,"template":"","format":"standard","meta":{"footnotes":""},"categories":[29],"tags":[2193,1790,1789,1875,2194,1216,631],"class_list":["post-12903","post","type-post","status-publish","format-standard","has-post-thumbnail","hentry","category-empresas","tag-charter","tag-coronavirus","tag-covid-19","tag-dachser","tag-dachser-air-sea-logistics","tag-logistica","tag-transporte"],"yoast_head":"<!-- This site is optimized with the Yoast SEO plugin v27.5 - https:\/\/yoast.com\/product\/yoast-seo-wordpress\/ -->\n<title>Dachser j\u00e1 transportou mais de 60 milh\u00f5es de m\u00e1scaras cir\u00fargicas - Jornal das Oficinas<\/title>\n<meta name=\"robots\" content=\"index, follow, max-snippet:-1, max-image-preview:large, max-video-preview:-1\" \/>\n<link rel=\"canonical\" href=\"https:\/\/jornaldasoficinas.com\/pt\/dachser-ja-transportou-mais-de-60-milhoes-de-mascaras-cirurgicas\/\" \/>\n<meta property=\"og:locale\" content=\"pt_PT\" \/>\n<meta property=\"og:type\" content=\"article\" \/>\n<meta property=\"og:title\" content=\"Dachser j\u00e1 transportou mais de 60 milh\u00f5es de m\u00e1scaras cir\u00fargicas - Jornal das Oficinas\" \/>\n<meta property=\"og:description\" content=\"No final de abril, a multinacional...\" \/>\n<meta property=\"og:url\" content=\"https:\/\/jornaldasoficinas.com\/pt\/dachser-ja-transportou-mais-de-60-milhoes-de-mascaras-cirurgicas\/\" \/>\n<meta property=\"og:site_name\" content=\"Jornal das Oficinas\" \/>\n<meta property=\"article:publisher\" content=\"https:\/\/www.facebook.com\/jornaloficinas\" \/>\n<meta property=\"article:published_time\" content=\"2020-05-08T15:10:05+00:00\" \/>\n<meta property=\"og:image\" content=\"https:\/\/jornaldasoficinas.com\/pt\/wp-content\/uploads\/2020\/05\/dachsercharters.png\" \/>\n\t<meta property=\"og:image:width\" content=\"1024\" \/>\n\t<meta property=\"og:image:height\" content=\"581\" \/>\n\t<meta property=\"og:image:type\" content=\"image\/png\" \/>\n<meta name=\"author\" content=\"Reda\u00e7\u00e3o JO\" \/>\n<meta name=\"twitter:card\" content=\"summary_large_image\" \/>\n<meta name=\"twitter:creator\" content=\"@jornaloficinas\" \/>\n<meta name=\"twitter:site\" content=\"@jornaloficinas\" \/>\n<meta name=\"twitter:label1\" content=\"Escrito por\" \/>\n\t<meta name=\"twitter:data1\" content=\"Reda\u00e7\u00e3o JO\" \/>\n\t<meta name=\"twitter:label2\" content=\"Tempo estimado de leitura\" \/>\n\t<meta name=\"twitter:data2\" content=\"2 minutos\" \/>\n<script type=\"application\/ld+json\" class=\"yoast-schema-graph\">{\"@context\":\"https:\\\/\\\/schema.org\",\"@graph\":[{\"@type\":\"Article\",\"@id\":\"https:\\\/\\\/jornaldasoficinas.com\\\/pt\\\/dachser-ja-transportou-mais-de-60-milhoes-de-mascaras-cirurgicas\\\/#article\",\"isPartOf\":{\"@id\":\"https:\\\/\\\/jornaldasoficinas.com\\\/pt\\\/dachser-ja-transportou-mais-de-60-milhoes-de-mascaras-cirurgicas\\\/\"},\"author\":{\"name\":\"Reda\u00e7\u00e3o JO\",\"@id\":\"https:\\\/\\\/jornaldasoficinas.com\\\/pt\\\/#\\\/schema\\\/person\\\/a38eef5de2c41d9e7c9ac10141afddf3\"},\"headline\":\"Dachser j\u00e1 transportou mais de 60 milh\u00f5es de m\u00e1scaras cir\u00fargicas\",\"datePublished\":\"2020-05-08T15:10:05+00:00\",\"mainEntityOfPage\":{\"@id\":\"https:\\\/\\\/jornaldasoficinas.com\\\/pt\\\/dachser-ja-transportou-mais-de-60-milhoes-de-mascaras-cirurgicas\\\/\"},\"wordCount\":416,\"publisher\":{\"@id\":\"https:\\\/\\\/jornaldasoficinas.com\\\/pt\\\/#organization\"},\"image\":{\"@id\":\"https:\\\/\\\/jornaldasoficinas.com\\\/pt\\\/dachser-ja-transportou-mais-de-60-milhoes-de-mascaras-cirurgicas\\\/#primaryimage\"},\"thumbnailUrl\":\"https:\\\/\\\/jornaldasoficinas.com\\\/pt\\\/wp-content\\\/uploads\\\/2020\\\/05\\\/dachsercharters.png\",\"keywords\":[\"Charter\",\"Coronav\u00edrus\",\"COVID-19\",\"Dachser\",\"Dachser Air &amp; Sea Logistics\",\"Log\u00edstica\",\"transporte\"],\"articleSection\":[\"Empresas\"],\"inLanguage\":\"pt-PT\"},{\"@type\":\"WebPage\",\"@id\":\"https:\\\/\\\/jornaldasoficinas.com\\\/pt\\\/dachser-ja-transportou-mais-de-60-milhoes-de-mascaras-cirurgicas\\\/\",\"url\":\"https:\\\/\\\/jornaldasoficinas.com\\\/pt\\\/dachser-ja-transportou-mais-de-60-milhoes-de-mascaras-cirurgicas\\\/\",\"name\":\"Dachser j\u00e1 transportou mais de 60 milh\u00f5es de m\u00e1scaras cir\u00fargicas - Jornal das Oficinas\",\"isPartOf\":{\"@id\":\"https:\\\/\\\/jornaldasoficinas.com\\\/pt\\\/#website\"},\"primaryImageOfPage\":{\"@id\":\"https:\\\/\\\/jornaldasoficinas.com\\\/pt\\\/dachser-ja-transportou-mais-de-60-milhoes-de-mascaras-cirurgicas\\\/#primaryimage\"},\"image\":{\"@id\":\"https:\\\/\\\/jornaldasoficinas.com\\\/pt\\\/dachser-ja-transportou-mais-de-60-milhoes-de-mascaras-cirurgicas\\\/#primaryimage\"},\"thumbnailUrl\":\"https:\\\/\\\/jornaldasoficinas.com\\\/pt\\\/wp-content\\\/uploads\\\/2020\\\/05\\\/dachsercharters.png\",\"datePublished\":\"2020-05-08T15:10:05+00:00\",\"breadcrumb\":{\"@id\":\"https:\\\/\\\/jornaldasoficinas.com\\\/pt\\\/dachser-ja-transportou-mais-de-60-milhoes-de-mascaras-cirurgicas\\\/#breadcrumb\"},\"inLanguage\":\"pt-PT\",\"potentialAction\":[{\"@type\":\"ReadAction\",\"target\":[\"https:\\\/\\\/jornaldasoficinas.com\\\/pt\\\/dachser-ja-transportou-mais-de-60-milhoes-de-mascaras-cirurgicas\\\/\"]}]},{\"@type\":\"ImageObject\",\"inLanguage\":\"pt-PT\",\"@id\":\"https:\\\/\\\/jornaldasoficinas.com\\\/pt\\\/dachser-ja-transportou-mais-de-60-milhoes-de-mascaras-cirurgicas\\\/#primaryimage\",\"url\":\"https:\\\/\\\/jornaldasoficinas.com\\\/pt\\\/wp-content\\\/uploads\\\/2020\\\/05\\\/dachsercharters.png\",\"contentUrl\":\"https:\\\/\\\/jornaldasoficinas.com\\\/pt\\\/wp-content\\\/uploads\\\/2020\\\/05\\\/dachsercharters.png\",\"width\":1024,\"height\":581,\"caption\":\"05 - dachsercharters\"},{\"@type\":\"BreadcrumbList\",\"@id\":\"https:\\\/\\\/jornaldasoficinas.com\\\/pt\\\/dachser-ja-transportou-mais-de-60-milhoes-de-mascaras-cirurgicas\\\/#breadcrumb\",\"itemListElement\":[{\"@type\":\"ListItem\",\"position\":1,\"name\":\"In\u00edcio\",\"item\":\"https:\\\/\\\/jornaldasoficinas.com\\\/pt\\\/\"},{\"@type\":\"ListItem\",\"position\":2,\"name\":\"Dachser j\u00e1 transportou mais de 60 milh\u00f5es de m\u00e1scaras cir\u00fargicas\"}]},{\"@type\":\"WebSite\",\"@id\":\"https:\\\/\\\/jornaldasoficinas.com\\\/pt\\\/#website\",\"url\":\"https:\\\/\\\/jornaldasoficinas.com\\\/pt\\\/\",\"name\":\"Jornal das Oficinas\",\"description\":\"Jornal independente do Aftermarket Autom\u00f3vel em Portugal\",\"publisher\":{\"@id\":\"https:\\\/\\\/jornaldasoficinas.com\\\/pt\\\/#organization\"},\"potentialAction\":[{\"@type\":\"SearchAction\",\"target\":{\"@type\":\"EntryPoint\",\"urlTemplate\":\"https:\\\/\\\/jornaldasoficinas.com\\\/pt\\\/?s={search_term_string}\"},\"query-input\":{\"@type\":\"PropertyValueSpecification\",\"valueRequired\":true,\"valueName\":\"search_term_string\"}}],\"inLanguage\":\"pt-PT\"},{\"@type\":\"Organization\",\"@id\":\"https:\\\/\\\/jornaldasoficinas.com\\\/pt\\\/#organization\",\"name\":\"Jornal das Oficinas\",\"url\":\"https:\\\/\\\/jornaldasoficinas.com\\\/pt\\\/\",\"logo\":{\"@type\":\"ImageObject\",\"inLanguage\":\"pt-PT\",\"@id\":\"https:\\\/\\\/jornaldasoficinas.com\\\/pt\\\/#\\\/schema\\\/logo\\\/image\\\/\",\"url\":\"https:\\\/\\\/jornaldasoficinas.com\\\/pt\\\/wp-content\\\/uploads\\\/logoJO-SEO.png\",\"contentUrl\":\"https:\\\/\\\/jornaldasoficinas.com\\\/pt\\\/wp-content\\\/uploads\\\/logoJO-SEO.png\",\"width\":285,\"height\":450,\"caption\":\"Jornal das Oficinas\"},\"image\":{\"@id\":\"https:\\\/\\\/jornaldasoficinas.com\\\/pt\\\/#\\\/schema\\\/logo\\\/image\\\/\"},\"sameAs\":[\"https:\\\/\\\/www.facebook.com\\\/jornaloficinas\",\"https:\\\/\\\/x.com\\\/jornaloficinas\",\"https:\\\/\\\/www.instagram.com\\\/jornal_oficinas\\\/\",\"https:\\\/\\\/www.linkedin.com\\\/company\\\/jornal-das-oficinas\\\/\",\"https:\\\/\\\/www.youtube.com\\\/channel\\\/UCbQZBqtcvV-oSQrr7RzINGg\"]},{\"@type\":\"Person\",\"@id\":\"https:\\\/\\\/jornaldasoficinas.com\\\/pt\\\/#\\\/schema\\\/person\\\/a38eef5de2c41d9e7c9ac10141afddf3\",\"name\":\"Reda\u00e7\u00e3o JO\",\"image\":{\"@type\":\"ImageObject\",\"inLanguage\":\"pt-PT\",\"@id\":\"https:\\\/\\\/secure.gravatar.com\\\/avatar\\\/71f2fa71737ad68a84fea94bc708ddac8ea5b0c4788dc2ad202f3ccb2887742f?s=96&d=wp_user_avatar&r=g\",\"url\":\"https:\\\/\\\/secure.gravatar.com\\\/avatar\\\/71f2fa71737ad68a84fea94bc708ddac8ea5b0c4788dc2ad202f3ccb2887742f?s=96&d=wp_user_avatar&r=g\",\"contentUrl\":\"https:\\\/\\\/secure.gravatar.com\\\/avatar\\\/71f2fa71737ad68a84fea94bc708ddac8ea5b0c4788dc2ad202f3ccb2887742f?s=96&d=wp_user_avatar&r=g\",\"caption\":\"Reda\u00e7\u00e3o JO\"},\"url\":\"https:\\\/\\\/jornaldasoficinas.com\\\/pt\\\/author\\\/joredacao\\\/\"}]}<\/script>\n<!-- \/ Yoast SEO plugin. -->","yoast_head_json":{"title":"Dachser j\u00e1 transportou mais de 60 milh\u00f5es de m\u00e1scaras cir\u00fargicas - Jornal das Oficinas","robots":{"index":"index","follow":"follow","max-snippet":"max-snippet:-1","max-image-preview":"max-image-preview:large","max-video-preview":"max-video-preview:-1"},"canonical":"https:\/\/jornaldasoficinas.com\/pt\/dachser-ja-transportou-mais-de-60-milhoes-de-mascaras-cirurgicas\/","og_locale":"pt_PT","og_type":"article","og_title":"Dachser j\u00e1 transportou mais de 60 milh\u00f5es de m\u00e1scaras cir\u00fargicas - Jornal das Oficinas","og_description":"No final de abril, a multinacional...","og_url":"https:\/\/jornaldasoficinas.com\/pt\/dachser-ja-transportou-mais-de-60-milhoes-de-mascaras-cirurgicas\/","og_site_name":"Jornal das Oficinas","article_publisher":"https:\/\/www.facebook.com\/jornaloficinas","article_published_time":"2020-05-08T15:10:05+00:00","og_image":[{"width":1024,"height":581,"url":"https:\/\/jornaldasoficinas.com\/pt\/wp-content\/uploads\/2020\/05\/dachsercharters.png","type":"image\/png"}],"author":"Reda\u00e7\u00e3o JO","twitter_card":"summary_large_image","twitter_creator":"@jornaloficinas","twitter_site":"@jornaloficinas","twitter_misc":{"Escrito por":"Reda\u00e7\u00e3o JO","Tempo estimado de leitura":"2 minutos"},"schema":{"@context":"https:\/\/schema.org","@graph":[{"@type":"Article","@id":"https:\/\/jornaldasoficinas.com\/pt\/dachser-ja-transportou-mais-de-60-milhoes-de-mascaras-cirurgicas\/#article","isPartOf":{"@id":"https:\/\/jornaldasoficinas.com\/pt\/dachser-ja-transportou-mais-de-60-milhoes-de-mascaras-cirurgicas\/"},"author":{"name":"Reda\u00e7\u00e3o JO","@id":"https:\/\/jornaldasoficinas.com\/pt\/#\/schema\/person\/a38eef5de2c41d9e7c9ac10141afddf3"},"headline":"Dachser j\u00e1 transportou mais de 60 milh\u00f5es de m\u00e1scaras cir\u00fargicas","datePublished":"2020-05-08T15:10:05+00:00","mainEntityOfPage":{"@id":"https:\/\/jornaldasoficinas.com\/pt\/dachser-ja-transportou-mais-de-60-milhoes-de-mascaras-cirurgicas\/"},"wordCount":416,"publisher":{"@id":"https:\/\/jornaldasoficinas.com\/pt\/#organization"},"image":{"@id":"https:\/\/jornaldasoficinas.com\/pt\/dachser-ja-transportou-mais-de-60-milhoes-de-mascaras-cirurgicas\/#primaryimage"},"thumbnailUrl":"https:\/\/jornaldasoficinas.com\/pt\/wp-content\/uploads\/2020\/05\/dachsercharters.png","keywords":["Charter","Coronav\u00edrus","COVID-19","Dachser","Dachser Air &amp; Sea Logistics","Log\u00edstica","transporte"],"articleSection":["Empresas"],"inLanguage":"pt-PT"},{"@type":"WebPage","@id":"https:\/\/jornaldasoficinas.com\/pt\/dachser-ja-transportou-mais-de-60-milhoes-de-mascaras-cirurgicas\/","url":"https:\/\/jornaldasoficinas.com\/pt\/dachser-ja-transportou-mais-de-60-milhoes-de-mascaras-cirurgicas\/","name":"Dachser j\u00e1 transportou mais de 60 milh\u00f5es de m\u00e1scaras cir\u00fargicas - Jornal das Oficinas","isPartOf":{"@id":"https:\/\/jornaldasoficinas.com\/pt\/#website"},"primaryImageOfPage":{"@id":"https:\/\/jornaldasoficinas.com\/pt\/dachser-ja-transportou-mais-de-60-milhoes-de-mascaras-cirurgicas\/#primaryimage"},"image":{"@id":"https:\/\/jornaldasoficinas.com\/pt\/dachser-ja-transportou-mais-de-60-milhoes-de-mascaras-cirurgicas\/#primaryimage"},"thumbnailUrl":"https:\/\/jornaldasoficinas.com\/pt\/wp-content\/uploads\/2020\/05\/dachsercharters.png","datePublished":"2020-05-08T15:10:05+00:00","breadcrumb":{"@id":"https:\/\/jornaldasoficinas.com\/pt\/dachser-ja-transportou-mais-de-60-milhoes-de-mascaras-cirurgicas\/#breadcrumb"},"inLanguage":"pt-PT","potentialAction":[{"@type":"ReadAction","target":["https:\/\/jornaldasoficinas.com\/pt\/dachser-ja-transportou-mais-de-60-milhoes-de-mascaras-cirurgicas\/"]}]},{"@type":"ImageObject","inLanguage":"pt-PT","@id":"https:\/\/jornaldasoficinas.com\/pt\/dachser-ja-transportou-mais-de-60-milhoes-de-mascaras-cirurgicas\/#primaryimage","url":"https:\/\/jornaldasoficinas.com\/pt\/wp-content\/uploads\/2020\/05\/dachsercharters.png","contentUrl":"https:\/\/jornaldasoficinas.com\/pt\/wp-content\/uploads\/2020\/05\/dachsercharters.png","width":1024,"height":581,"caption":"05 - dachsercharters"},{"@type":"BreadcrumbList","@id":"https:\/\/jornaldasoficinas.com\/pt\/dachser-ja-transportou-mais-de-60-milhoes-de-mascaras-cirurgicas\/#breadcrumb","itemListElement":[{"@type":"ListItem","position":1,"name":"In\u00edcio","item":"https:\/\/jornaldasoficinas.com\/pt\/"},{"@type":"ListItem","position":2,"name":"Dachser j\u00e1 transportou mais de 60 milh\u00f5es de m\u00e1scaras cir\u00fargicas"}]},{"@type":"WebSite","@id":"https:\/\/jornaldasoficinas.com\/pt\/#website","url":"https:\/\/jornaldasoficinas.com\/pt\/","name":"Jornal das Oficinas","description":"Jornal independente do Aftermarket Autom\u00f3vel em Portugal","publisher":{"@id":"https:\/\/jornaldasoficinas.com\/pt\/#organization"},"potentialAction":[{"@type":"SearchAction","target":{"@type":"EntryPoint","urlTemplate":"https:\/\/jornaldasoficinas.com\/pt\/?s={search_term_string}"},"query-input":{"@type":"PropertyValueSpecification","valueRequired":true,"valueName":"search_term_string"}}],"inLanguage":"pt-PT"},{"@type":"Organization","@id":"https:\/\/jornaldasoficinas.com\/pt\/#organization","name":"Jornal das Oficinas","url":"https:\/\/jornaldasoficinas.com\/pt\/","logo":{"@type":"ImageObject","inLanguage":"pt-PT","@id":"https:\/\/jornaldasoficinas.com\/pt\/#\/schema\/logo\/image\/","url":"https:\/\/jornaldasoficinas.com\/pt\/wp-content\/uploads\/logoJO-SEO.png","contentUrl":"https:\/\/jornaldasoficinas.com\/pt\/wp-content\/uploads\/logoJO-SEO.png","width":285,"height":450,"caption":"Jornal das Oficinas"},"image":{"@id":"https:\/\/jornaldasoficinas.com\/pt\/#\/schema\/logo\/image\/"},"sameAs":["https:\/\/www.facebook.com\/jornaloficinas","https:\/\/x.com\/jornaloficinas","https:\/\/www.instagram.com\/jornal_oficinas\/","https:\/\/www.linkedin.com\/company\/jornal-das-oficinas\/","https:\/\/www.youtube.com\/channel\/UCbQZBqtcvV-oSQrr7RzINGg"]},{"@type":"Person","@id":"https:\/\/jornaldasoficinas.com\/pt\/#\/schema\/person\/a38eef5de2c41d9e7c9ac10141afddf3","name":"Reda\u00e7\u00e3o JO","image":{"@type":"ImageObject","inLanguage":"pt-PT","@id":"https:\/\/secure.gravatar.com\/avatar\/71f2fa71737ad68a84fea94bc708ddac8ea5b0c4788dc2ad202f3ccb2887742f?s=96&d=wp_user_avatar&r=g","url":"https:\/\/secure.gravatar.com\/avatar\/71f2fa71737ad68a84fea94bc708ddac8ea5b0c4788dc2ad202f3ccb2887742f?s=96&d=wp_user_avatar&r=g","contentUrl":"https:\/\/secure.gravatar.com\/avatar\/71f2fa71737ad68a84fea94bc708ddac8ea5b0c4788dc2ad202f3ccb2887742f?s=96&d=wp_user_avatar&r=g","caption":"Reda\u00e7\u00e3o JO"},"url":"https:\/\/jornaldasoficinas.com\/pt\/author\/joredacao\/"}]}},"_links":{"self":[{"href":"https:\/\/jornaldasoficinas.com\/pt\/wp-json\/wp\/v2\/posts\/12903","targetHints":{"allow":["GET"]}}],"collection":[{"href":"https:\/\/jornaldasoficinas.com\/pt\/wp-json\/wp\/v2\/posts"}],"about":[{"href":"https:\/\/jornaldasoficinas.com\/pt\/wp-json\/wp\/v2\/types\/post"}],"author":[{"embeddable":true,"href":"https:\/\/jornaldasoficinas.com\/pt\/wp-json\/wp\/v2\/users\/15"}],"replies":[{"embeddable":true,"href":"https:\/\/jornaldasoficinas.com\/pt\/wp-json\/wp\/v2\/comments?post=12903"}],"version-history":[{"count":0,"href":"https:\/\/jornaldasoficinas.com\/pt\/wp-json\/wp\/v2\/posts\/12903\/revisions"}],"wp:featuredmedia":[{"embeddable":true,"href":"https:\/\/jornaldasoficinas.com\/pt\/wp-json\/wp\/v2\/media\/12904"}],"wp:attachment":[{"href":"https:\/\/jornaldasoficinas.com\/pt\/wp-json\/wp\/v2\/media?parent=12903"}],"wp:term":[{"taxonomy":"category","embeddable":true,"href":"https:\/\/jornaldasoficinas.com\/pt\/wp-json\/wp\/v2\/categories?post=12903"},{"taxonomy":"post_tag","embeddable":true,"href":"https:\/\/jornaldasoficinas.com\/pt\/wp-json\/wp\/v2\/tags?post=12903"}],"curies":[{"name":"wp","href":"https:\/\/api.w.org\/{rel}","templated":true}]}}