{"id":12915,"date":"2020-05-08T19:26:50","date_gmt":"2020-05-08T18:26:50","guid":{"rendered":"https:\/\/jornaldasoficinas.com\/pt\/?p=12915"},"modified":"2021-04-29T18:08:34","modified_gmt":"2021-04-29T17:08:34","slug":"osram-apresenta-novos-farois-ledriving-para-vw-amarok","status":"publish","type":"post","link":"https:\/\/jornaldasoficinas.com\/pt\/osram-apresenta-novos-farois-ledriving-para-vw-amarok\/","title":{"rendered":"OSRAM apresenta novos faro\u0301is LEDriving para VW Amarok"},"content":{"rendered":"<p><img loading=\"lazy\" decoding=\"async\" class=\"alignnone wp-image-12914 size-full\" src=\"https:\/\/jornaldasoficinas.com\/pt\/wp-content\/uploads\/2020\/05\/osramamarok.png\" alt=\"05 - osramamarok\" width=\"1024\" height=\"581\" srcset=\"https:\/\/jornaldasoficinas.com\/pt\/wp-content\/uploads\/2020\/05\/osramamarok.png 1024w, https:\/\/jornaldasoficinas.com\/pt\/wp-content\/uploads\/2020\/05\/osramamarok-300x170.png 300w, https:\/\/jornaldasoficinas.com\/pt\/wp-content\/uploads\/2020\/05\/osramamarok-150x85.png 150w, https:\/\/jornaldasoficinas.com\/pt\/wp-content\/uploads\/2020\/05\/osramamarok-768x436.png 768w\" sizes=\"auto, (max-width: 1024px) 100vw, 1024px\" \/><\/p>\n<p><strong>A marca revela os novos faro\u0301is LEDriving para o VW Amarok. Equipados com LED para as luzes de presenc\u0327a, de me\u0301dios, de ma\u0301ximos, de circula\u00e7\u00e3o diurna e \u201cpiscas\u201d dina\u0302micos, a OSRAM continua a trazer luz a\u0300 vida com a sua inovadora iluminac\u0327a\u0303o LED.<\/strong><\/p>\n<p>Grac\u0327as aos LED de longa durac\u0327a\u0303o e elevado desempenho, com brilho intenso, os faro\u0301is LEDriving oferecem ate\u0301 200% mais luz comparado com os requisitos mi\u0301nimos ECE R112, impressionam com ate\u0301 100% de luz mais branca comparativamente aos faro\u0301is de haloge\u0301neo standard e sa\u0303o caracterizados por um feixe de luz que pode atingir ate\u0301 200 m.<\/p>\n<p>Ale\u0301m disso, grac\u0327as a\u0300 moderna tecnologia de condutores de luz e ao moderno material difusor, estes far\u00f3is destacam-se pela distribuic\u0327a\u0303o de luz homoge\u0301nea e o\u0301tica sem pixe\u0301is. Todos estes aspetos resultam na possibilidade de uma visa\u0303o melhorada para o condutor, numa percec\u0327a\u0303o aprimorada do vei\u0301culo e, por conseguinte, num aumento da seguranc\u0327a no tra\u0301fego rodovia\u0301rio.<\/p>\n<p>Os faro\u0301is OSRAM LEDriving foram alvo de testes e aprovac\u0327o\u0303es necessa\u0301rios para o VW Amarok de acordo com as diretrizes ECE, o que significa que sa\u0303o legais no tra\u0302nsito e na\u0303o e\u0301 necessa\u0301rio registo nos documentos do vei\u0301culo.<\/p>\n<p>S\u00e3o certificados pela ECE de acordo com a ECE R6\/ R7\/ R48\/ R87\/ R112. Adicionalmente, os faro\u0301is OSRAM LEDriving foram testados no laborato\u0301rio de simulac\u0327a\u0303o ambiental com certificac\u0327a\u0303o DIN da OSRAM quanto a influe\u0302ncias externas extremas em termos de a\u0301gua, poeira, temperaturas quentes e frias, luz UV e vibrac\u0327o\u0303es e choques permanentes, tendo sido validados com a classe de protec\u0327a\u0303o IP IP69K.<\/p>\n<p>Ao ni\u0301vel da instalac\u0327a\u0303o, a tecnologia <em>plug &amp; play <\/em>assegura um processo ra\u0301pido e fa\u0301cil dos faro\u0301is OSRAM LEDriving. Os cabos existentes do VW Amarok na\u0303o precisam de ser modificados ou danificados. Tambe\u0301m na\u0303o ha\u0301 necessidade de ajuste subsequente do feixe dos faro\u0301is e na\u0303o e\u0301 necessa\u0301rio um sistema adicional de limpeza de faro\u0301is.<\/p>\n<p>A <a href=\"https:\/\/www.osram.pt\/cb\/\" target=\"_blank\" rel=\"noopener noreferrer\">OSRAM<\/a> oferece dois anos de garantia para este farol, adequado para o VW Amarok desde que equipado, de origem, com faro\u0301s de haloge\u0301neo. Tudo porque os faro\u0301is OSRAM LEDriving na\u0303o sa\u0303o adequados para o VW Amarok caso este disponha de faro\u0301is de Xe\u0301non de origem.<\/p>\n<p>Com mais este farol, a OSRAM, amplia a sua gama de faro\u0301is LEDriving, que inclui\u0301a ja\u0301 os faro\u0301is para os Golf VI, Ford Focus 3 e Golf VII, tendo este u\u0301ltimo sido distinguido com o \u201cPre\u0301mio de Inovac\u0327a\u0303o\u201d na Automechanika 2018 e com o \u201cPre\u0301mio Alema\u0303o de Inovac\u0327a\u0303o 2019\u201d. Em breve, estar\u00e1 dispon\u00edvel mais um novo modelo para o BMW S\u00e9rie 1.<\/p>\n<p>Mais informa\u00e7\u00f5es, podem ser obtidas <a href=\"https:\/\/www.osram.pt\/am\/campaigns\/bringing-style-and-performance-to-life\/index.jsp?mkt=\/luzes-ledriving\/\" target=\"_blank\" rel=\"noopener noreferrer\">aqui<\/a>. Para visualizar o v\u00eddeo, basta clicar <a href=\"https:\/\/www.youtube.com\/watch?v=Z2-WVS3aI3k\" target=\"_blank\" rel=\"noopener noreferrer\">aqui<\/a>.<\/p>\n","protected":false},"excerpt":{"rendered":"<p>A marca revela os novos faro\u0301is&#8230;<\/p>\n","protected":false},"author":15,"featured_media":12914,"comment_status":"closed","ping_status":"closed","sticky":false,"template":"","format":"standard","meta":{"footnotes":""},"categories":[37],"tags":[407,1952,60,2195],"class_list":["post-12915","post","type-post","status-publish","format-standard","has-post-thumbnail","hentry","category-mercado","tag-iluminacao","tag-ledriving","tag-osram","tag-vw-amarok"],"yoast_head":"<!-- This site is optimized with the Yoast SEO plugin v27.4 - https:\/\/yoast.com\/product\/yoast-seo-wordpress\/ -->\n<title>OSRAM apresenta novos faro\u0301is LEDriving para VW Amarok - Jornal das Oficinas<\/title>\n<meta name=\"robots\" content=\"index, follow, max-snippet:-1, max-image-preview:large, max-video-preview:-1\" \/>\n<link rel=\"canonical\" href=\"https:\/\/jornaldasoficinas.com\/pt\/osram-apresenta-novos-farois-ledriving-para-vw-amarok\/\" \/>\n<meta property=\"og:locale\" content=\"pt_PT\" \/>\n<meta property=\"og:type\" content=\"article\" \/>\n<meta property=\"og:title\" content=\"OSRAM apresenta novos faro\u0301is LEDriving para VW Amarok - Jornal das Oficinas\" \/>\n<meta property=\"og:description\" content=\"A marca revela os novos faro\u0301is...\" \/>\n<meta property=\"og:url\" content=\"https:\/\/jornaldasoficinas.com\/pt\/osram-apresenta-novos-farois-ledriving-para-vw-amarok\/\" \/>\n<meta property=\"og:site_name\" content=\"Jornal das Oficinas\" \/>\n<meta property=\"article:publisher\" content=\"https:\/\/www.facebook.com\/jornaloficinas\" \/>\n<meta property=\"article:published_time\" content=\"2020-05-08T18:26:50+00:00\" \/>\n<meta property=\"article:modified_time\" content=\"2021-04-29T17:08:34+00:00\" \/>\n<meta property=\"og:image\" content=\"https:\/\/jornaldasoficinas.com\/pt\/wp-content\/uploads\/2020\/05\/osramamarok.png\" \/>\n\t<meta property=\"og:image:width\" content=\"1024\" \/>\n\t<meta property=\"og:image:height\" content=\"581\" \/>\n\t<meta property=\"og:image:type\" content=\"image\/png\" \/>\n<meta name=\"author\" content=\"Reda\u00e7\u00e3o JO\" \/>\n<meta name=\"twitter:card\" content=\"summary_large_image\" \/>\n<meta name=\"twitter:creator\" content=\"@jornaloficinas\" \/>\n<meta name=\"twitter:site\" content=\"@jornaloficinas\" \/>\n<meta name=\"twitter:label1\" content=\"Escrito por\" \/>\n\t<meta name=\"twitter:data1\" content=\"Reda\u00e7\u00e3o JO\" \/>\n\t<meta name=\"twitter:label2\" content=\"Tempo estimado de leitura\" \/>\n\t<meta name=\"twitter:data2\" content=\"3 minutos\" \/>\n<script type=\"application\/ld+json\" class=\"yoast-schema-graph\">{\"@context\":\"https:\\\/\\\/schema.org\",\"@graph\":[{\"@type\":\"Article\",\"@id\":\"https:\\\/\\\/jornaldasoficinas.com\\\/pt\\\/osram-apresenta-novos-farois-ledriving-para-vw-amarok\\\/#article\",\"isPartOf\":{\"@id\":\"https:\\\/\\\/jornaldasoficinas.com\\\/pt\\\/osram-apresenta-novos-farois-ledriving-para-vw-amarok\\\/\"},\"author\":{\"name\":\"Reda\u00e7\u00e3o JO\",\"@id\":\"https:\\\/\\\/jornaldasoficinas.com\\\/pt\\\/#\\\/schema\\\/person\\\/a38eef5de2c41d9e7c9ac10141afddf3\"},\"headline\":\"OSRAM apresenta novos faro\u0301is LEDriving para VW Amarok\",\"datePublished\":\"2020-05-08T18:26:50+00:00\",\"dateModified\":\"2021-04-29T17:08:34+00:00\",\"mainEntityOfPage\":{\"@id\":\"https:\\\/\\\/jornaldasoficinas.com\\\/pt\\\/osram-apresenta-novos-farois-ledriving-para-vw-amarok\\\/\"},\"wordCount\":519,\"publisher\":{\"@id\":\"https:\\\/\\\/jornaldasoficinas.com\\\/pt\\\/#organization\"},\"image\":{\"@id\":\"https:\\\/\\\/jornaldasoficinas.com\\\/pt\\\/osram-apresenta-novos-farois-ledriving-para-vw-amarok\\\/#primaryimage\"},\"thumbnailUrl\":\"https:\\\/\\\/jornaldasoficinas.com\\\/pt\\\/wp-content\\\/uploads\\\/2020\\\/05\\\/osramamarok.png\",\"keywords\":[\"Ilumina\u00e7\u00e3o\",\"LEDriving\",\"OSRAM\",\"VW Amarok\"],\"articleSection\":[\"Mercado\"],\"inLanguage\":\"pt-PT\"},{\"@type\":\"WebPage\",\"@id\":\"https:\\\/\\\/jornaldasoficinas.com\\\/pt\\\/osram-apresenta-novos-farois-ledriving-para-vw-amarok\\\/\",\"url\":\"https:\\\/\\\/jornaldasoficinas.com\\\/pt\\\/osram-apresenta-novos-farois-ledriving-para-vw-amarok\\\/\",\"name\":\"OSRAM apresenta novos faro\u0301is LEDriving para VW Amarok - Jornal das Oficinas\",\"isPartOf\":{\"@id\":\"https:\\\/\\\/jornaldasoficinas.com\\\/pt\\\/#website\"},\"primaryImageOfPage\":{\"@id\":\"https:\\\/\\\/jornaldasoficinas.com\\\/pt\\\/osram-apresenta-novos-farois-ledriving-para-vw-amarok\\\/#primaryimage\"},\"image\":{\"@id\":\"https:\\\/\\\/jornaldasoficinas.com\\\/pt\\\/osram-apresenta-novos-farois-ledriving-para-vw-amarok\\\/#primaryimage\"},\"thumbnailUrl\":\"https:\\\/\\\/jornaldasoficinas.com\\\/pt\\\/wp-content\\\/uploads\\\/2020\\\/05\\\/osramamarok.png\",\"datePublished\":\"2020-05-08T18:26:50+00:00\",\"dateModified\":\"2021-04-29T17:08:34+00:00\",\"breadcrumb\":{\"@id\":\"https:\\\/\\\/jornaldasoficinas.com\\\/pt\\\/osram-apresenta-novos-farois-ledriving-para-vw-amarok\\\/#breadcrumb\"},\"inLanguage\":\"pt-PT\",\"potentialAction\":[{\"@type\":\"ReadAction\",\"target\":[\"https:\\\/\\\/jornaldasoficinas.com\\\/pt\\\/osram-apresenta-novos-farois-ledriving-para-vw-amarok\\\/\"]}]},{\"@type\":\"ImageObject\",\"inLanguage\":\"pt-PT\",\"@id\":\"https:\\\/\\\/jornaldasoficinas.com\\\/pt\\\/osram-apresenta-novos-farois-ledriving-para-vw-amarok\\\/#primaryimage\",\"url\":\"https:\\\/\\\/jornaldasoficinas.com\\\/pt\\\/wp-content\\\/uploads\\\/2020\\\/05\\\/osramamarok.png\",\"contentUrl\":\"https:\\\/\\\/jornaldasoficinas.com\\\/pt\\\/wp-content\\\/uploads\\\/2020\\\/05\\\/osramamarok.png\",\"width\":1024,\"height\":581,\"caption\":\"05 - osramamarok\"},{\"@type\":\"BreadcrumbList\",\"@id\":\"https:\\\/\\\/jornaldasoficinas.com\\\/pt\\\/osram-apresenta-novos-farois-ledriving-para-vw-amarok\\\/#breadcrumb\",\"itemListElement\":[{\"@type\":\"ListItem\",\"position\":1,\"name\":\"In\u00edcio\",\"item\":\"https:\\\/\\\/jornaldasoficinas.com\\\/pt\\\/\"},{\"@type\":\"ListItem\",\"position\":2,\"name\":\"OSRAM apresenta novos faro\u0301is LEDriving para VW Amarok\"}]},{\"@type\":\"WebSite\",\"@id\":\"https:\\\/\\\/jornaldasoficinas.com\\\/pt\\\/#website\",\"url\":\"https:\\\/\\\/jornaldasoficinas.com\\\/pt\\\/\",\"name\":\"Jornal das Oficinas\",\"description\":\"Jornal independente do Aftermarket Autom\u00f3vel em Portugal\",\"publisher\":{\"@id\":\"https:\\\/\\\/jornaldasoficinas.com\\\/pt\\\/#organization\"},\"potentialAction\":[{\"@type\":\"SearchAction\",\"target\":{\"@type\":\"EntryPoint\",\"urlTemplate\":\"https:\\\/\\\/jornaldasoficinas.com\\\/pt\\\/?s={search_term_string}\"},\"query-input\":{\"@type\":\"PropertyValueSpecification\",\"valueRequired\":true,\"valueName\":\"search_term_string\"}}],\"inLanguage\":\"pt-PT\"},{\"@type\":\"Organization\",\"@id\":\"https:\\\/\\\/jornaldasoficinas.com\\\/pt\\\/#organization\",\"name\":\"Jornal das Oficinas\",\"url\":\"https:\\\/\\\/jornaldasoficinas.com\\\/pt\\\/\",\"logo\":{\"@type\":\"ImageObject\",\"inLanguage\":\"pt-PT\",\"@id\":\"https:\\\/\\\/jornaldasoficinas.com\\\/pt\\\/#\\\/schema\\\/logo\\\/image\\\/\",\"url\":\"https:\\\/\\\/jornaldasoficinas.com\\\/pt\\\/wp-content\\\/uploads\\\/logoJO-SEO.png\",\"contentUrl\":\"https:\\\/\\\/jornaldasoficinas.com\\\/pt\\\/wp-content\\\/uploads\\\/logoJO-SEO.png\",\"width\":285,\"height\":450,\"caption\":\"Jornal das Oficinas\"},\"image\":{\"@id\":\"https:\\\/\\\/jornaldasoficinas.com\\\/pt\\\/#\\\/schema\\\/logo\\\/image\\\/\"},\"sameAs\":[\"https:\\\/\\\/www.facebook.com\\\/jornaloficinas\",\"https:\\\/\\\/x.com\\\/jornaloficinas\",\"https:\\\/\\\/www.instagram.com\\\/jornal_oficinas\\\/\",\"https:\\\/\\\/www.linkedin.com\\\/company\\\/jornal-das-oficinas\\\/\",\"https:\\\/\\\/www.youtube.com\\\/channel\\\/UCbQZBqtcvV-oSQrr7RzINGg\"]},{\"@type\":\"Person\",\"@id\":\"https:\\\/\\\/jornaldasoficinas.com\\\/pt\\\/#\\\/schema\\\/person\\\/a38eef5de2c41d9e7c9ac10141afddf3\",\"name\":\"Reda\u00e7\u00e3o JO\",\"image\":{\"@type\":\"ImageObject\",\"inLanguage\":\"pt-PT\",\"@id\":\"https:\\\/\\\/secure.gravatar.com\\\/avatar\\\/71f2fa71737ad68a84fea94bc708ddac8ea5b0c4788dc2ad202f3ccb2887742f?s=96&d=wp_user_avatar&r=g\",\"url\":\"https:\\\/\\\/secure.gravatar.com\\\/avatar\\\/71f2fa71737ad68a84fea94bc708ddac8ea5b0c4788dc2ad202f3ccb2887742f?s=96&d=wp_user_avatar&r=g\",\"contentUrl\":\"https:\\\/\\\/secure.gravatar.com\\\/avatar\\\/71f2fa71737ad68a84fea94bc708ddac8ea5b0c4788dc2ad202f3ccb2887742f?s=96&d=wp_user_avatar&r=g\",\"caption\":\"Reda\u00e7\u00e3o JO\"},\"url\":\"https:\\\/\\\/jornaldasoficinas.com\\\/pt\\\/author\\\/joredacao\\\/\"}]}<\/script>\n<!-- \/ Yoast SEO plugin. -->","yoast_head_json":{"title":"OSRAM apresenta novos faro\u0301is LEDriving para VW Amarok - Jornal das Oficinas","robots":{"index":"index","follow":"follow","max-snippet":"max-snippet:-1","max-image-preview":"max-image-preview:large","max-video-preview":"max-video-preview:-1"},"canonical":"https:\/\/jornaldasoficinas.com\/pt\/osram-apresenta-novos-farois-ledriving-para-vw-amarok\/","og_locale":"pt_PT","og_type":"article","og_title":"OSRAM apresenta novos faro\u0301is LEDriving para VW Amarok - Jornal das Oficinas","og_description":"A marca revela os novos faro\u0301is...","og_url":"https:\/\/jornaldasoficinas.com\/pt\/osram-apresenta-novos-farois-ledriving-para-vw-amarok\/","og_site_name":"Jornal das Oficinas","article_publisher":"https:\/\/www.facebook.com\/jornaloficinas","article_published_time":"2020-05-08T18:26:50+00:00","article_modified_time":"2021-04-29T17:08:34+00:00","og_image":[{"width":1024,"height":581,"url":"https:\/\/jornaldasoficinas.com\/pt\/wp-content\/uploads\/2020\/05\/osramamarok.png","type":"image\/png"}],"author":"Reda\u00e7\u00e3o JO","twitter_card":"summary_large_image","twitter_creator":"@jornaloficinas","twitter_site":"@jornaloficinas","twitter_misc":{"Escrito por":"Reda\u00e7\u00e3o JO","Tempo estimado de leitura":"3 minutos"},"schema":{"@context":"https:\/\/schema.org","@graph":[{"@type":"Article","@id":"https:\/\/jornaldasoficinas.com\/pt\/osram-apresenta-novos-farois-ledriving-para-vw-amarok\/#article","isPartOf":{"@id":"https:\/\/jornaldasoficinas.com\/pt\/osram-apresenta-novos-farois-ledriving-para-vw-amarok\/"},"author":{"name":"Reda\u00e7\u00e3o JO","@id":"https:\/\/jornaldasoficinas.com\/pt\/#\/schema\/person\/a38eef5de2c41d9e7c9ac10141afddf3"},"headline":"OSRAM apresenta novos faro\u0301is LEDriving para VW Amarok","datePublished":"2020-05-08T18:26:50+00:00","dateModified":"2021-04-29T17:08:34+00:00","mainEntityOfPage":{"@id":"https:\/\/jornaldasoficinas.com\/pt\/osram-apresenta-novos-farois-ledriving-para-vw-amarok\/"},"wordCount":519,"publisher":{"@id":"https:\/\/jornaldasoficinas.com\/pt\/#organization"},"image":{"@id":"https:\/\/jornaldasoficinas.com\/pt\/osram-apresenta-novos-farois-ledriving-para-vw-amarok\/#primaryimage"},"thumbnailUrl":"https:\/\/jornaldasoficinas.com\/pt\/wp-content\/uploads\/2020\/05\/osramamarok.png","keywords":["Ilumina\u00e7\u00e3o","LEDriving","OSRAM","VW Amarok"],"articleSection":["Mercado"],"inLanguage":"pt-PT"},{"@type":"WebPage","@id":"https:\/\/jornaldasoficinas.com\/pt\/osram-apresenta-novos-farois-ledriving-para-vw-amarok\/","url":"https:\/\/jornaldasoficinas.com\/pt\/osram-apresenta-novos-farois-ledriving-para-vw-amarok\/","name":"OSRAM apresenta novos faro\u0301is LEDriving para VW Amarok - Jornal das Oficinas","isPartOf":{"@id":"https:\/\/jornaldasoficinas.com\/pt\/#website"},"primaryImageOfPage":{"@id":"https:\/\/jornaldasoficinas.com\/pt\/osram-apresenta-novos-farois-ledriving-para-vw-amarok\/#primaryimage"},"image":{"@id":"https:\/\/jornaldasoficinas.com\/pt\/osram-apresenta-novos-farois-ledriving-para-vw-amarok\/#primaryimage"},"thumbnailUrl":"https:\/\/jornaldasoficinas.com\/pt\/wp-content\/uploads\/2020\/05\/osramamarok.png","datePublished":"2020-05-08T18:26:50+00:00","dateModified":"2021-04-29T17:08:34+00:00","breadcrumb":{"@id":"https:\/\/jornaldasoficinas.com\/pt\/osram-apresenta-novos-farois-ledriving-para-vw-amarok\/#breadcrumb"},"inLanguage":"pt-PT","potentialAction":[{"@type":"ReadAction","target":["https:\/\/jornaldasoficinas.com\/pt\/osram-apresenta-novos-farois-ledriving-para-vw-amarok\/"]}]},{"@type":"ImageObject","inLanguage":"pt-PT","@id":"https:\/\/jornaldasoficinas.com\/pt\/osram-apresenta-novos-farois-ledriving-para-vw-amarok\/#primaryimage","url":"https:\/\/jornaldasoficinas.com\/pt\/wp-content\/uploads\/2020\/05\/osramamarok.png","contentUrl":"https:\/\/jornaldasoficinas.com\/pt\/wp-content\/uploads\/2020\/05\/osramamarok.png","width":1024,"height":581,"caption":"05 - osramamarok"},{"@type":"BreadcrumbList","@id":"https:\/\/jornaldasoficinas.com\/pt\/osram-apresenta-novos-farois-ledriving-para-vw-amarok\/#breadcrumb","itemListElement":[{"@type":"ListItem","position":1,"name":"In\u00edcio","item":"https:\/\/jornaldasoficinas.com\/pt\/"},{"@type":"ListItem","position":2,"name":"OSRAM apresenta novos faro\u0301is LEDriving para VW Amarok"}]},{"@type":"WebSite","@id":"https:\/\/jornaldasoficinas.com\/pt\/#website","url":"https:\/\/jornaldasoficinas.com\/pt\/","name":"Jornal das Oficinas","description":"Jornal independente do Aftermarket Autom\u00f3vel em Portugal","publisher":{"@id":"https:\/\/jornaldasoficinas.com\/pt\/#organization"},"potentialAction":[{"@type":"SearchAction","target":{"@type":"EntryPoint","urlTemplate":"https:\/\/jornaldasoficinas.com\/pt\/?s={search_term_string}"},"query-input":{"@type":"PropertyValueSpecification","valueRequired":true,"valueName":"search_term_string"}}],"inLanguage":"pt-PT"},{"@type":"Organization","@id":"https:\/\/jornaldasoficinas.com\/pt\/#organization","name":"Jornal das Oficinas","url":"https:\/\/jornaldasoficinas.com\/pt\/","logo":{"@type":"ImageObject","inLanguage":"pt-PT","@id":"https:\/\/jornaldasoficinas.com\/pt\/#\/schema\/logo\/image\/","url":"https:\/\/jornaldasoficinas.com\/pt\/wp-content\/uploads\/logoJO-SEO.png","contentUrl":"https:\/\/jornaldasoficinas.com\/pt\/wp-content\/uploads\/logoJO-SEO.png","width":285,"height":450,"caption":"Jornal das Oficinas"},"image":{"@id":"https:\/\/jornaldasoficinas.com\/pt\/#\/schema\/logo\/image\/"},"sameAs":["https:\/\/www.facebook.com\/jornaloficinas","https:\/\/x.com\/jornaloficinas","https:\/\/www.instagram.com\/jornal_oficinas\/","https:\/\/www.linkedin.com\/company\/jornal-das-oficinas\/","https:\/\/www.youtube.com\/channel\/UCbQZBqtcvV-oSQrr7RzINGg"]},{"@type":"Person","@id":"https:\/\/jornaldasoficinas.com\/pt\/#\/schema\/person\/a38eef5de2c41d9e7c9ac10141afddf3","name":"Reda\u00e7\u00e3o JO","image":{"@type":"ImageObject","inLanguage":"pt-PT","@id":"https:\/\/secure.gravatar.com\/avatar\/71f2fa71737ad68a84fea94bc708ddac8ea5b0c4788dc2ad202f3ccb2887742f?s=96&d=wp_user_avatar&r=g","url":"https:\/\/secure.gravatar.com\/avatar\/71f2fa71737ad68a84fea94bc708ddac8ea5b0c4788dc2ad202f3ccb2887742f?s=96&d=wp_user_avatar&r=g","contentUrl":"https:\/\/secure.gravatar.com\/avatar\/71f2fa71737ad68a84fea94bc708ddac8ea5b0c4788dc2ad202f3ccb2887742f?s=96&d=wp_user_avatar&r=g","caption":"Reda\u00e7\u00e3o JO"},"url":"https:\/\/jornaldasoficinas.com\/pt\/author\/joredacao\/"}]}},"_links":{"self":[{"href":"https:\/\/jornaldasoficinas.com\/pt\/wp-json\/wp\/v2\/posts\/12915","targetHints":{"allow":["GET"]}}],"collection":[{"href":"https:\/\/jornaldasoficinas.com\/pt\/wp-json\/wp\/v2\/posts"}],"about":[{"href":"https:\/\/jornaldasoficinas.com\/pt\/wp-json\/wp\/v2\/types\/post"}],"author":[{"embeddable":true,"href":"https:\/\/jornaldasoficinas.com\/pt\/wp-json\/wp\/v2\/users\/15"}],"replies":[{"embeddable":true,"href":"https:\/\/jornaldasoficinas.com\/pt\/wp-json\/wp\/v2\/comments?post=12915"}],"version-history":[{"count":0,"href":"https:\/\/jornaldasoficinas.com\/pt\/wp-json\/wp\/v2\/posts\/12915\/revisions"}],"wp:featuredmedia":[{"embeddable":true,"href":"https:\/\/jornaldasoficinas.com\/pt\/wp-json\/wp\/v2\/media\/12914"}],"wp:attachment":[{"href":"https:\/\/jornaldasoficinas.com\/pt\/wp-json\/wp\/v2\/media?parent=12915"}],"wp:term":[{"taxonomy":"category","embeddable":true,"href":"https:\/\/jornaldasoficinas.com\/pt\/wp-json\/wp\/v2\/categories?post=12915"},{"taxonomy":"post_tag","embeddable":true,"href":"https:\/\/jornaldasoficinas.com\/pt\/wp-json\/wp\/v2\/tags?post=12915"}],"curies":[{"name":"wp","href":"https:\/\/api.w.org\/{rel}","templated":true}]}}