{"id":12964,"date":"2020-05-11T11:56:38","date_gmt":"2020-05-11T10:56:38","guid":{"rendered":"https:\/\/jornaldasoficinas.com\/pt\/?p=12964"},"modified":"2021-04-29T18:08:34","modified_gmt":"2021-04-29T17:08:34","slug":"liqui-moly-lanca-klima-refresh-para-limpeza-de-ar-condicionado","status":"publish","type":"post","link":"https:\/\/jornaldasoficinas.com\/pt\/liqui-moly-lanca-klima-refresh-para-limpeza-de-ar-condicionado\/","title":{"rendered":"LIQUI MOLY lan\u00e7a Klima Refresh para limpeza de ar condicionado"},"content":{"rendered":"<p><img loading=\"lazy\" decoding=\"async\" class=\"alignnone wp-image-12965 size-full\" src=\"https:\/\/jornaldasoficinas.com\/pt\/wp-content\/uploads\/2020\/05\/liquimolyklimarefresh.png\" alt=\"05 - liquimolyklimarefresh\" width=\"1024\" height=\"581\" srcset=\"https:\/\/jornaldasoficinas.com\/pt\/wp-content\/uploads\/2020\/05\/liquimolyklimarefresh.png 1024w, https:\/\/jornaldasoficinas.com\/pt\/wp-content\/uploads\/2020\/05\/liquimolyklimarefresh-300x170.png 300w, https:\/\/jornaldasoficinas.com\/pt\/wp-content\/uploads\/2020\/05\/liquimolyklimarefresh-150x85.png 150w, https:\/\/jornaldasoficinas.com\/pt\/wp-content\/uploads\/2020\/05\/liquimolyklimarefresh-768x436.png 768w\" sizes=\"auto, (max-width: 1024px) 100vw, 1024px\" \/><\/p>\n<p><strong>Elimina bact\u00e9rias, fungos e odores desagrad\u00e1veis no ve\u00edculo sem ser preciso desmontar nada. Como o novo Klima Refresh, a LIQUI MOLY prop\u00f5e uma limpeza eficaz do sistema de ar condicionado, a\u00e7\u00e3o que assume contornos especiais nos dias que correm.<\/strong><\/p>\n<p>Hoje, os automobilistas est\u00e3o cada vez mais atentos \u00e0 manuten\u00e7\u00e3o que precisa de ser feita quando se trata do habit\u00e1culo. Mas, apesar da troca do filtro de habit\u00e1culo ser uma opera\u00e7\u00e3o cada vez mais comum, falta uma parte importante (e fundamental) da manuten\u00e7\u00e3o da qualidade do ar do interior do ve\u00edculo: a limpeza de todo o sistema que leva ar fresco e limpo ao habit\u00e1culo.<\/p>\n<p>E quando falamos do sistema de ar condicionado, s\u00e3o muito comuns fungos e bact\u00e9rias, que acabam, invariavelmente, por entrar no habit\u00e1culo sem que os ocupantes se apercebam. Quando o ar condicionado liberta maus odores, a situa\u00e7\u00e3o \u00e9 grave e n\u00e3o se deve nunca chegar a esse ponto. Por isso, a <a href=\"https:\/\/www.liqui-moly.com\/pt\/\" target=\"_blank\" rel=\"noopener noreferrer\">LIQUI MOLY<\/a> recomenda a utiliza\u00e7\u00e3o do Klima Refresh de forma profil\u00e1tica como medida de preven\u00e7\u00e3o.<\/p>\n<p>A utiliza\u00e7\u00e3o do Klima Refresh \u00e9 simples: deixa-se o motor trabalhar, liga-se o ar condicionado, passa-se para o modo de recircula\u00e7\u00e3o do ar, fecha-se todas as janelas, coloca-se a lata na zona dos p\u00e9s, ativa-se a embalagem e sai-se do ve\u00edculo.<\/p>\n<p>A lata esvazia-se lentamente e a ventila\u00e7\u00e3o ligada distribui o produto pelos canais de ventila\u00e7\u00e3o, levando-a at\u00e9 ao evaporador do ar condicionado. Os tensioativos altamente eficazes limpam o evaporador, dissolvendo a pel\u00edcula de sujidade existente e escoando-a juntamente com a \u00e1gua da condensa\u00e7\u00e3o.<\/p>\n<p>Deste modo, o mal provocado pelos maus odores \u00e9 \u201ccortado pela raiz\u201d. A aplica\u00e7\u00e3o fica conclu\u00edda ap\u00f3s 10 minutos e o cheiro a mofo transforma-se numa leve fragr\u00e2ncia a lim\u00e3o.<\/p>\n<p>A utiliza\u00e7\u00e3o deste produto \u00e9 muito f\u00e1cil e r\u00e1pida, garantindo que o cheiro a mofo \u00e9 eliminado. Este, al\u00e9m de ter um odor desagrad\u00e1vel, tem, tamb\u00e9m, efeitos nocivos para a sa\u00fade, j\u00e1 que \u00e9 provocado por bact\u00e9rias e fungos (entre elas a temida <em>legionela<\/em>) que se alastraram pelo ar condicionado. Respirar estes elementos pode causar alergias e problemas respirat\u00f3rios.<\/p>\n<p>A pulveriza\u00e7\u00e3o \u00e9 t\u00e3o fina e eficaz que a pequena quantidade da lata \u00e9 suficiente para um autom\u00f3vel de passageiros, o que, por sua vez, tamb\u00e9m exige menos g\u00e1s de enchimento.<\/p>\n<p>Para que a lata passe todo o seu conte\u00fado para o fluxo de ar e n\u00e3o para o tapete, caso caia, o cart\u00e3o da embalagem transforma-se num suporte est\u00e1vel. Assim, a lata estreita mant\u00e9m-se sempre na vertical.<\/p>\n<p>O novo Klima Refresh (Ref.\u00aa 20000) vem substituir o j\u00e1 conhecido Klima Fresh da LIQUI MOLY, agora mais concentrado e com uma f\u00f3rmula renovada.<\/p>\n","protected":false},"excerpt":{"rendered":"<p>Elimina bact\u00e9rias, fungos e odores desagrad\u00e1veis&#8230;<\/p>\n","protected":false},"author":15,"featured_media":12965,"comment_status":"closed","ping_status":"closed","sticky":false,"template":"","format":"standard","meta":{"footnotes":""},"categories":[37],"tags":[328,2207,1097,272],"class_list":["post-12964","post","type-post","status-publish","format-standard","has-post-thumbnail","hentry","category-mercado","tag-ar-condicionado","tag-klima-refresh","tag-limpeza","tag-liqui-moly"],"yoast_head":"<!-- This site is optimized with the Yoast SEO plugin v27.5 - https:\/\/yoast.com\/product\/yoast-seo-wordpress\/ -->\n<title>LIQUI MOLY lan\u00e7a Klima Refresh para limpeza de ar condicionado - Jornal das Oficinas<\/title>\n<meta name=\"robots\" content=\"index, follow, max-snippet:-1, max-image-preview:large, max-video-preview:-1\" \/>\n<link rel=\"canonical\" href=\"https:\/\/jornaldasoficinas.com\/pt\/liqui-moly-lanca-klima-refresh-para-limpeza-de-ar-condicionado\/\" \/>\n<meta property=\"og:locale\" content=\"pt_PT\" \/>\n<meta property=\"og:type\" content=\"article\" \/>\n<meta property=\"og:title\" content=\"LIQUI MOLY lan\u00e7a Klima Refresh para limpeza de ar condicionado - Jornal das Oficinas\" \/>\n<meta property=\"og:description\" content=\"Elimina bact\u00e9rias, fungos e odores desagrad\u00e1veis...\" \/>\n<meta property=\"og:url\" content=\"https:\/\/jornaldasoficinas.com\/pt\/liqui-moly-lanca-klima-refresh-para-limpeza-de-ar-condicionado\/\" \/>\n<meta property=\"og:site_name\" content=\"Jornal das Oficinas\" \/>\n<meta property=\"article:publisher\" content=\"https:\/\/www.facebook.com\/jornaloficinas\" \/>\n<meta property=\"article:published_time\" content=\"2020-05-11T10:56:38+00:00\" \/>\n<meta property=\"article:modified_time\" content=\"2021-04-29T17:08:34+00:00\" \/>\n<meta property=\"og:image\" content=\"https:\/\/jornaldasoficinas.com\/pt\/wp-content\/uploads\/2020\/05\/liquimolyklimarefresh.png\" \/>\n\t<meta property=\"og:image:width\" content=\"1024\" \/>\n\t<meta property=\"og:image:height\" content=\"581\" \/>\n\t<meta property=\"og:image:type\" content=\"image\/png\" \/>\n<meta name=\"author\" content=\"Reda\u00e7\u00e3o JO\" \/>\n<meta name=\"twitter:card\" content=\"summary_large_image\" \/>\n<meta name=\"twitter:creator\" content=\"@jornaloficinas\" \/>\n<meta name=\"twitter:site\" content=\"@jornaloficinas\" \/>\n<meta name=\"twitter:label1\" content=\"Escrito por\" \/>\n\t<meta name=\"twitter:data1\" content=\"Reda\u00e7\u00e3o JO\" \/>\n\t<meta name=\"twitter:label2\" content=\"Tempo estimado de leitura\" \/>\n\t<meta name=\"twitter:data2\" content=\"2 minutos\" \/>\n<script type=\"application\/ld+json\" class=\"yoast-schema-graph\">{\"@context\":\"https:\\\/\\\/schema.org\",\"@graph\":[{\"@type\":\"Article\",\"@id\":\"https:\\\/\\\/jornaldasoficinas.com\\\/pt\\\/liqui-moly-lanca-klima-refresh-para-limpeza-de-ar-condicionado\\\/#article\",\"isPartOf\":{\"@id\":\"https:\\\/\\\/jornaldasoficinas.com\\\/pt\\\/liqui-moly-lanca-klima-refresh-para-limpeza-de-ar-condicionado\\\/\"},\"author\":{\"name\":\"Reda\u00e7\u00e3o JO\",\"@id\":\"https:\\\/\\\/jornaldasoficinas.com\\\/pt\\\/#\\\/schema\\\/person\\\/a38eef5de2c41d9e7c9ac10141afddf3\"},\"headline\":\"LIQUI MOLY lan\u00e7a Klima Refresh para limpeza de ar condicionado\",\"datePublished\":\"2020-05-11T10:56:38+00:00\",\"dateModified\":\"2021-04-29T17:08:34+00:00\",\"mainEntityOfPage\":{\"@id\":\"https:\\\/\\\/jornaldasoficinas.com\\\/pt\\\/liqui-moly-lanca-klima-refresh-para-limpeza-de-ar-condicionado\\\/\"},\"wordCount\":488,\"publisher\":{\"@id\":\"https:\\\/\\\/jornaldasoficinas.com\\\/pt\\\/#organization\"},\"image\":{\"@id\":\"https:\\\/\\\/jornaldasoficinas.com\\\/pt\\\/liqui-moly-lanca-klima-refresh-para-limpeza-de-ar-condicionado\\\/#primaryimage\"},\"thumbnailUrl\":\"https:\\\/\\\/jornaldasoficinas.com\\\/pt\\\/wp-content\\\/uploads\\\/2020\\\/05\\\/liquimolyklimarefresh.png\",\"keywords\":[\"Ar condicionado\",\"Klima Refresh\",\"Limpeza\",\"LIQUI MOLY\"],\"articleSection\":[\"Mercado\"],\"inLanguage\":\"pt-PT\"},{\"@type\":\"WebPage\",\"@id\":\"https:\\\/\\\/jornaldasoficinas.com\\\/pt\\\/liqui-moly-lanca-klima-refresh-para-limpeza-de-ar-condicionado\\\/\",\"url\":\"https:\\\/\\\/jornaldasoficinas.com\\\/pt\\\/liqui-moly-lanca-klima-refresh-para-limpeza-de-ar-condicionado\\\/\",\"name\":\"LIQUI MOLY lan\u00e7a Klima Refresh para limpeza de ar condicionado - Jornal das Oficinas\",\"isPartOf\":{\"@id\":\"https:\\\/\\\/jornaldasoficinas.com\\\/pt\\\/#website\"},\"primaryImageOfPage\":{\"@id\":\"https:\\\/\\\/jornaldasoficinas.com\\\/pt\\\/liqui-moly-lanca-klima-refresh-para-limpeza-de-ar-condicionado\\\/#primaryimage\"},\"image\":{\"@id\":\"https:\\\/\\\/jornaldasoficinas.com\\\/pt\\\/liqui-moly-lanca-klima-refresh-para-limpeza-de-ar-condicionado\\\/#primaryimage\"},\"thumbnailUrl\":\"https:\\\/\\\/jornaldasoficinas.com\\\/pt\\\/wp-content\\\/uploads\\\/2020\\\/05\\\/liquimolyklimarefresh.png\",\"datePublished\":\"2020-05-11T10:56:38+00:00\",\"dateModified\":\"2021-04-29T17:08:34+00:00\",\"breadcrumb\":{\"@id\":\"https:\\\/\\\/jornaldasoficinas.com\\\/pt\\\/liqui-moly-lanca-klima-refresh-para-limpeza-de-ar-condicionado\\\/#breadcrumb\"},\"inLanguage\":\"pt-PT\",\"potentialAction\":[{\"@type\":\"ReadAction\",\"target\":[\"https:\\\/\\\/jornaldasoficinas.com\\\/pt\\\/liqui-moly-lanca-klima-refresh-para-limpeza-de-ar-condicionado\\\/\"]}]},{\"@type\":\"ImageObject\",\"inLanguage\":\"pt-PT\",\"@id\":\"https:\\\/\\\/jornaldasoficinas.com\\\/pt\\\/liqui-moly-lanca-klima-refresh-para-limpeza-de-ar-condicionado\\\/#primaryimage\",\"url\":\"https:\\\/\\\/jornaldasoficinas.com\\\/pt\\\/wp-content\\\/uploads\\\/2020\\\/05\\\/liquimolyklimarefresh.png\",\"contentUrl\":\"https:\\\/\\\/jornaldasoficinas.com\\\/pt\\\/wp-content\\\/uploads\\\/2020\\\/05\\\/liquimolyklimarefresh.png\",\"width\":1024,\"height\":581,\"caption\":\"05 - liquimolyklimarefresh\"},{\"@type\":\"BreadcrumbList\",\"@id\":\"https:\\\/\\\/jornaldasoficinas.com\\\/pt\\\/liqui-moly-lanca-klima-refresh-para-limpeza-de-ar-condicionado\\\/#breadcrumb\",\"itemListElement\":[{\"@type\":\"ListItem\",\"position\":1,\"name\":\"In\u00edcio\",\"item\":\"https:\\\/\\\/jornaldasoficinas.com\\\/pt\\\/\"},{\"@type\":\"ListItem\",\"position\":2,\"name\":\"LIQUI MOLY lan\u00e7a Klima Refresh para limpeza de ar condicionado\"}]},{\"@type\":\"WebSite\",\"@id\":\"https:\\\/\\\/jornaldasoficinas.com\\\/pt\\\/#website\",\"url\":\"https:\\\/\\\/jornaldasoficinas.com\\\/pt\\\/\",\"name\":\"Jornal das Oficinas\",\"description\":\"Jornal independente do Aftermarket Autom\u00f3vel em Portugal\",\"publisher\":{\"@id\":\"https:\\\/\\\/jornaldasoficinas.com\\\/pt\\\/#organization\"},\"potentialAction\":[{\"@type\":\"SearchAction\",\"target\":{\"@type\":\"EntryPoint\",\"urlTemplate\":\"https:\\\/\\\/jornaldasoficinas.com\\\/pt\\\/?s={search_term_string}\"},\"query-input\":{\"@type\":\"PropertyValueSpecification\",\"valueRequired\":true,\"valueName\":\"search_term_string\"}}],\"inLanguage\":\"pt-PT\"},{\"@type\":\"Organization\",\"@id\":\"https:\\\/\\\/jornaldasoficinas.com\\\/pt\\\/#organization\",\"name\":\"Jornal das Oficinas\",\"url\":\"https:\\\/\\\/jornaldasoficinas.com\\\/pt\\\/\",\"logo\":{\"@type\":\"ImageObject\",\"inLanguage\":\"pt-PT\",\"@id\":\"https:\\\/\\\/jornaldasoficinas.com\\\/pt\\\/#\\\/schema\\\/logo\\\/image\\\/\",\"url\":\"https:\\\/\\\/jornaldasoficinas.com\\\/pt\\\/wp-content\\\/uploads\\\/logoJO-SEO.png\",\"contentUrl\":\"https:\\\/\\\/jornaldasoficinas.com\\\/pt\\\/wp-content\\\/uploads\\\/logoJO-SEO.png\",\"width\":285,\"height\":450,\"caption\":\"Jornal das Oficinas\"},\"image\":{\"@id\":\"https:\\\/\\\/jornaldasoficinas.com\\\/pt\\\/#\\\/schema\\\/logo\\\/image\\\/\"},\"sameAs\":[\"https:\\\/\\\/www.facebook.com\\\/jornaloficinas\",\"https:\\\/\\\/x.com\\\/jornaloficinas\",\"https:\\\/\\\/www.instagram.com\\\/jornal_oficinas\\\/\",\"https:\\\/\\\/www.linkedin.com\\\/company\\\/jornal-das-oficinas\\\/\",\"https:\\\/\\\/www.youtube.com\\\/channel\\\/UCbQZBqtcvV-oSQrr7RzINGg\"]},{\"@type\":\"Person\",\"@id\":\"https:\\\/\\\/jornaldasoficinas.com\\\/pt\\\/#\\\/schema\\\/person\\\/a38eef5de2c41d9e7c9ac10141afddf3\",\"name\":\"Reda\u00e7\u00e3o JO\",\"image\":{\"@type\":\"ImageObject\",\"inLanguage\":\"pt-PT\",\"@id\":\"https:\\\/\\\/secure.gravatar.com\\\/avatar\\\/71f2fa71737ad68a84fea94bc708ddac8ea5b0c4788dc2ad202f3ccb2887742f?s=96&d=wp_user_avatar&r=g\",\"url\":\"https:\\\/\\\/secure.gravatar.com\\\/avatar\\\/71f2fa71737ad68a84fea94bc708ddac8ea5b0c4788dc2ad202f3ccb2887742f?s=96&d=wp_user_avatar&r=g\",\"contentUrl\":\"https:\\\/\\\/secure.gravatar.com\\\/avatar\\\/71f2fa71737ad68a84fea94bc708ddac8ea5b0c4788dc2ad202f3ccb2887742f?s=96&d=wp_user_avatar&r=g\",\"caption\":\"Reda\u00e7\u00e3o JO\"},\"url\":\"https:\\\/\\\/jornaldasoficinas.com\\\/pt\\\/author\\\/joredacao\\\/\"}]}<\/script>\n<!-- \/ Yoast SEO plugin. -->","yoast_head_json":{"title":"LIQUI MOLY lan\u00e7a Klima Refresh para limpeza de ar condicionado - Jornal das Oficinas","robots":{"index":"index","follow":"follow","max-snippet":"max-snippet:-1","max-image-preview":"max-image-preview:large","max-video-preview":"max-video-preview:-1"},"canonical":"https:\/\/jornaldasoficinas.com\/pt\/liqui-moly-lanca-klima-refresh-para-limpeza-de-ar-condicionado\/","og_locale":"pt_PT","og_type":"article","og_title":"LIQUI MOLY lan\u00e7a Klima Refresh para limpeza de ar condicionado - Jornal das Oficinas","og_description":"Elimina bact\u00e9rias, fungos e odores desagrad\u00e1veis...","og_url":"https:\/\/jornaldasoficinas.com\/pt\/liqui-moly-lanca-klima-refresh-para-limpeza-de-ar-condicionado\/","og_site_name":"Jornal das Oficinas","article_publisher":"https:\/\/www.facebook.com\/jornaloficinas","article_published_time":"2020-05-11T10:56:38+00:00","article_modified_time":"2021-04-29T17:08:34+00:00","og_image":[{"width":1024,"height":581,"url":"https:\/\/jornaldasoficinas.com\/pt\/wp-content\/uploads\/2020\/05\/liquimolyklimarefresh.png","type":"image\/png"}],"author":"Reda\u00e7\u00e3o JO","twitter_card":"summary_large_image","twitter_creator":"@jornaloficinas","twitter_site":"@jornaloficinas","twitter_misc":{"Escrito por":"Reda\u00e7\u00e3o JO","Tempo estimado de leitura":"2 minutos"},"schema":{"@context":"https:\/\/schema.org","@graph":[{"@type":"Article","@id":"https:\/\/jornaldasoficinas.com\/pt\/liqui-moly-lanca-klima-refresh-para-limpeza-de-ar-condicionado\/#article","isPartOf":{"@id":"https:\/\/jornaldasoficinas.com\/pt\/liqui-moly-lanca-klima-refresh-para-limpeza-de-ar-condicionado\/"},"author":{"name":"Reda\u00e7\u00e3o JO","@id":"https:\/\/jornaldasoficinas.com\/pt\/#\/schema\/person\/a38eef5de2c41d9e7c9ac10141afddf3"},"headline":"LIQUI MOLY lan\u00e7a Klima Refresh para limpeza de ar condicionado","datePublished":"2020-05-11T10:56:38+00:00","dateModified":"2021-04-29T17:08:34+00:00","mainEntityOfPage":{"@id":"https:\/\/jornaldasoficinas.com\/pt\/liqui-moly-lanca-klima-refresh-para-limpeza-de-ar-condicionado\/"},"wordCount":488,"publisher":{"@id":"https:\/\/jornaldasoficinas.com\/pt\/#organization"},"image":{"@id":"https:\/\/jornaldasoficinas.com\/pt\/liqui-moly-lanca-klima-refresh-para-limpeza-de-ar-condicionado\/#primaryimage"},"thumbnailUrl":"https:\/\/jornaldasoficinas.com\/pt\/wp-content\/uploads\/2020\/05\/liquimolyklimarefresh.png","keywords":["Ar condicionado","Klima Refresh","Limpeza","LIQUI MOLY"],"articleSection":["Mercado"],"inLanguage":"pt-PT"},{"@type":"WebPage","@id":"https:\/\/jornaldasoficinas.com\/pt\/liqui-moly-lanca-klima-refresh-para-limpeza-de-ar-condicionado\/","url":"https:\/\/jornaldasoficinas.com\/pt\/liqui-moly-lanca-klima-refresh-para-limpeza-de-ar-condicionado\/","name":"LIQUI MOLY lan\u00e7a Klima Refresh para limpeza de ar condicionado - Jornal das Oficinas","isPartOf":{"@id":"https:\/\/jornaldasoficinas.com\/pt\/#website"},"primaryImageOfPage":{"@id":"https:\/\/jornaldasoficinas.com\/pt\/liqui-moly-lanca-klima-refresh-para-limpeza-de-ar-condicionado\/#primaryimage"},"image":{"@id":"https:\/\/jornaldasoficinas.com\/pt\/liqui-moly-lanca-klima-refresh-para-limpeza-de-ar-condicionado\/#primaryimage"},"thumbnailUrl":"https:\/\/jornaldasoficinas.com\/pt\/wp-content\/uploads\/2020\/05\/liquimolyklimarefresh.png","datePublished":"2020-05-11T10:56:38+00:00","dateModified":"2021-04-29T17:08:34+00:00","breadcrumb":{"@id":"https:\/\/jornaldasoficinas.com\/pt\/liqui-moly-lanca-klima-refresh-para-limpeza-de-ar-condicionado\/#breadcrumb"},"inLanguage":"pt-PT","potentialAction":[{"@type":"ReadAction","target":["https:\/\/jornaldasoficinas.com\/pt\/liqui-moly-lanca-klima-refresh-para-limpeza-de-ar-condicionado\/"]}]},{"@type":"ImageObject","inLanguage":"pt-PT","@id":"https:\/\/jornaldasoficinas.com\/pt\/liqui-moly-lanca-klima-refresh-para-limpeza-de-ar-condicionado\/#primaryimage","url":"https:\/\/jornaldasoficinas.com\/pt\/wp-content\/uploads\/2020\/05\/liquimolyklimarefresh.png","contentUrl":"https:\/\/jornaldasoficinas.com\/pt\/wp-content\/uploads\/2020\/05\/liquimolyklimarefresh.png","width":1024,"height":581,"caption":"05 - liquimolyklimarefresh"},{"@type":"BreadcrumbList","@id":"https:\/\/jornaldasoficinas.com\/pt\/liqui-moly-lanca-klima-refresh-para-limpeza-de-ar-condicionado\/#breadcrumb","itemListElement":[{"@type":"ListItem","position":1,"name":"In\u00edcio","item":"https:\/\/jornaldasoficinas.com\/pt\/"},{"@type":"ListItem","position":2,"name":"LIQUI MOLY lan\u00e7a Klima Refresh para limpeza de ar condicionado"}]},{"@type":"WebSite","@id":"https:\/\/jornaldasoficinas.com\/pt\/#website","url":"https:\/\/jornaldasoficinas.com\/pt\/","name":"Jornal das Oficinas","description":"Jornal independente do Aftermarket Autom\u00f3vel em Portugal","publisher":{"@id":"https:\/\/jornaldasoficinas.com\/pt\/#organization"},"potentialAction":[{"@type":"SearchAction","target":{"@type":"EntryPoint","urlTemplate":"https:\/\/jornaldasoficinas.com\/pt\/?s={search_term_string}"},"query-input":{"@type":"PropertyValueSpecification","valueRequired":true,"valueName":"search_term_string"}}],"inLanguage":"pt-PT"},{"@type":"Organization","@id":"https:\/\/jornaldasoficinas.com\/pt\/#organization","name":"Jornal das Oficinas","url":"https:\/\/jornaldasoficinas.com\/pt\/","logo":{"@type":"ImageObject","inLanguage":"pt-PT","@id":"https:\/\/jornaldasoficinas.com\/pt\/#\/schema\/logo\/image\/","url":"https:\/\/jornaldasoficinas.com\/pt\/wp-content\/uploads\/logoJO-SEO.png","contentUrl":"https:\/\/jornaldasoficinas.com\/pt\/wp-content\/uploads\/logoJO-SEO.png","width":285,"height":450,"caption":"Jornal das Oficinas"},"image":{"@id":"https:\/\/jornaldasoficinas.com\/pt\/#\/schema\/logo\/image\/"},"sameAs":["https:\/\/www.facebook.com\/jornaloficinas","https:\/\/x.com\/jornaloficinas","https:\/\/www.instagram.com\/jornal_oficinas\/","https:\/\/www.linkedin.com\/company\/jornal-das-oficinas\/","https:\/\/www.youtube.com\/channel\/UCbQZBqtcvV-oSQrr7RzINGg"]},{"@type":"Person","@id":"https:\/\/jornaldasoficinas.com\/pt\/#\/schema\/person\/a38eef5de2c41d9e7c9ac10141afddf3","name":"Reda\u00e7\u00e3o JO","image":{"@type":"ImageObject","inLanguage":"pt-PT","@id":"https:\/\/secure.gravatar.com\/avatar\/71f2fa71737ad68a84fea94bc708ddac8ea5b0c4788dc2ad202f3ccb2887742f?s=96&d=wp_user_avatar&r=g","url":"https:\/\/secure.gravatar.com\/avatar\/71f2fa71737ad68a84fea94bc708ddac8ea5b0c4788dc2ad202f3ccb2887742f?s=96&d=wp_user_avatar&r=g","contentUrl":"https:\/\/secure.gravatar.com\/avatar\/71f2fa71737ad68a84fea94bc708ddac8ea5b0c4788dc2ad202f3ccb2887742f?s=96&d=wp_user_avatar&r=g","caption":"Reda\u00e7\u00e3o JO"},"url":"https:\/\/jornaldasoficinas.com\/pt\/author\/joredacao\/"}]}},"_links":{"self":[{"href":"https:\/\/jornaldasoficinas.com\/pt\/wp-json\/wp\/v2\/posts\/12964","targetHints":{"allow":["GET"]}}],"collection":[{"href":"https:\/\/jornaldasoficinas.com\/pt\/wp-json\/wp\/v2\/posts"}],"about":[{"href":"https:\/\/jornaldasoficinas.com\/pt\/wp-json\/wp\/v2\/types\/post"}],"author":[{"embeddable":true,"href":"https:\/\/jornaldasoficinas.com\/pt\/wp-json\/wp\/v2\/users\/15"}],"replies":[{"embeddable":true,"href":"https:\/\/jornaldasoficinas.com\/pt\/wp-json\/wp\/v2\/comments?post=12964"}],"version-history":[{"count":0,"href":"https:\/\/jornaldasoficinas.com\/pt\/wp-json\/wp\/v2\/posts\/12964\/revisions"}],"wp:featuredmedia":[{"embeddable":true,"href":"https:\/\/jornaldasoficinas.com\/pt\/wp-json\/wp\/v2\/media\/12965"}],"wp:attachment":[{"href":"https:\/\/jornaldasoficinas.com\/pt\/wp-json\/wp\/v2\/media?parent=12964"}],"wp:term":[{"taxonomy":"category","embeddable":true,"href":"https:\/\/jornaldasoficinas.com\/pt\/wp-json\/wp\/v2\/categories?post=12964"},{"taxonomy":"post_tag","embeddable":true,"href":"https:\/\/jornaldasoficinas.com\/pt\/wp-json\/wp\/v2\/tags?post=12964"}],"curies":[{"name":"wp","href":"https:\/\/api.w.org\/{rel}","templated":true}]}}