{"id":12982,"date":"2020-05-11T17:20:05","date_gmt":"2020-05-11T16:20:05","guid":{"rendered":"https:\/\/jornaldasoficinas.com\/pt\/?p=12982"},"modified":"2020-05-11T17:20:05","modified_gmt":"2020-05-11T16:20:05","slug":"proracio-divulga-informacao-relacionada-com-medidas-de-protecao","status":"publish","type":"post","link":"https:\/\/jornaldasoficinas.com\/pt\/proracio-divulga-informacao-relacionada-com-medidas-de-protecao\/","title":{"rendered":"Pror\u00e1cio divulga informa\u00e7\u00e3o relacionada com medidas de prote\u00e7\u00e3o"},"content":{"rendered":"<p><img loading=\"lazy\" decoding=\"async\" class=\"alignnone wp-image-12981 size-full\" src=\"https:\/\/jornaldasoficinas.com\/pt\/wp-content\/uploads\/2020\/05\/proraciomedidas.png\" alt=\"05 - proraciomedidas\" width=\"1024\" height=\"581\" srcset=\"https:\/\/jornaldasoficinas.com\/pt\/wp-content\/uploads\/2020\/05\/proraciomedidas.png 1024w, https:\/\/jornaldasoficinas.com\/pt\/wp-content\/uploads\/2020\/05\/proraciomedidas-300x170.png 300w, https:\/\/jornaldasoficinas.com\/pt\/wp-content\/uploads\/2020\/05\/proraciomedidas-150x85.png 150w, https:\/\/jornaldasoficinas.com\/pt\/wp-content\/uploads\/2020\/05\/proraciomedidas-768x436.png 768w\" sizes=\"auto, (max-width: 1024px) 100vw, 1024px\" \/><\/p>\n<p><strong>A empresa de consultoria e gest\u00e3o divulga informa\u00e7\u00e3o que visa, essencialmente, diminuir os custos com medidas de prote\u00e7\u00e3o que as empresas suportaram desde 18 de mar\u00e7o (ou que tenham de suportar) com trabalhadores, clientes e zonas de atendimento, a fim de minimizarem os efeitos de cont\u00e1gio no \u00e2mbito da pandemia de Covid-19.<\/strong><\/p>\n<p>De acordo com a <a href=\"http:\/\/www.proracio.pt\/\" target=\"_blank\" rel=\"noopener noreferrer\">Pror\u00e1cio \u2013 Consultoria e Gest\u00e3o, Lda.<\/a>, foi criada uma linha de reembolso a fundo perdido em 80%, tendo por m\u00e1ximo o patamar dos \u20ac5.000 por empresa e visando, essencialmente, apoiar as seguintes despesas <em>vs<\/em> investimentos:<strong>\u00a0<\/strong><\/p>\n<p><strong>Despesas \/ Investimentos Eleg\u00edveis<\/strong><\/p>\n<p>\u2022 Equipamentos de Prote\u00e7\u00e3o Individual para colaboradores e clientes (m\u00e1scaras, luvas, viseiras, placas de acr\u00edlico);<\/p>\n<p>\u2022 Equipamentos de higieniza\u00e7\u00e3o e de dispensadores de desinfetantes e consum\u00edveis (dispositivos de \u00e1lcool gel);<\/p>\n<p>\u2022 Reorganiza\u00e7\u00e3o de locais de trabalho e do <em>lay out<\/em> de espa\u00e7os;<\/p>\n<p>\u2022 Contrata\u00e7\u00e3o de servi\u00e7os de desinfesta\u00e7\u00e3o;<\/p>\n<p>\u2022 Isolamento f\u00edsico de espa\u00e7os de produ\u00e7\u00e3o ou venda;<\/p>\n<p>\u2022 Sinaliza\u00e7\u00e3o vertical e horizontal;<\/p>\n<p>\u2022 Custos associados a servi\u00e7os de entregas ao domic\u00edlio;<\/p>\n<p>\u2022 Outros dispositivos de controlo e distanciamento social.<\/p>\n<p><strong>Documenta\u00e7\u00e3o necess\u00e1ria<\/strong><\/p>\n<p>\u2022 Certifica\u00e7\u00e3o de PME \u2013 IAPMEI;<\/p>\n<p>\u2022 C\u00f3digo da Certid\u00e3o Comercial Permanente;<\/p>\n<p>\u2022 Declara\u00e7\u00f5es de n\u00e3o divida \u00e0 Seguran\u00e7a Social e \u00e0s Finan\u00e7as;<\/p>\n<p>\u2022 Inscri\u00e7\u00e3o da empresa no Balc\u00e3o 2020;<\/p>\n<p>\u2022 Faturas das despesas efetuadas desde 18 de mar\u00e7o de 2020.<\/p>\n<p>Ap\u00f3s a compila\u00e7\u00e3o da documenta\u00e7\u00e3o acima mecionada, ter\u00e1 de ser efetuada a candidatura da empresa no Balc\u00e3o 2020. S\u00f3 ap\u00f3s a sua aprova\u00e7\u00e3o e homologa\u00e7\u00e3o, o incentivo estar\u00e1 dispon\u00edvel para ser atribu\u00eddo.<\/p>\n","protected":false},"excerpt":{"rendered":"<p>A empresa de consultoria e gest\u00e3o&#8230;<\/p>\n","protected":false},"author":15,"featured_media":12981,"comment_status":"closed","ping_status":"closed","sticky":false,"template":"","format":"standard","meta":{"footnotes":""},"categories":[37],"tags":[2214,1790,1789,2215,2213],"class_list":["post-12982","post","type-post","status-publish","format-standard","has-post-thumbnail","hentry","category-mercado","tag-apoios","tag-coronavirus","tag-covid-19","tag-incentivos","tag-proracio-consultoria-e-gestao-lda"],"yoast_head":"<!-- This site is optimized with the Yoast SEO plugin v27.5 - https:\/\/yoast.com\/product\/yoast-seo-wordpress\/ -->\n<title>Pror\u00e1cio divulga informa\u00e7\u00e3o relacionada com medidas de prote\u00e7\u00e3o - Jornal das Oficinas<\/title>\n<meta name=\"robots\" content=\"index, follow, max-snippet:-1, max-image-preview:large, max-video-preview:-1\" \/>\n<link rel=\"canonical\" href=\"https:\/\/jornaldasoficinas.com\/pt\/proracio-divulga-informacao-relacionada-com-medidas-de-protecao\/\" \/>\n<meta property=\"og:locale\" content=\"pt_PT\" \/>\n<meta property=\"og:type\" content=\"article\" \/>\n<meta property=\"og:title\" content=\"Pror\u00e1cio divulga informa\u00e7\u00e3o relacionada com medidas de prote\u00e7\u00e3o - Jornal das Oficinas\" \/>\n<meta property=\"og:description\" content=\"A empresa de consultoria e gest\u00e3o...\" \/>\n<meta property=\"og:url\" content=\"https:\/\/jornaldasoficinas.com\/pt\/proracio-divulga-informacao-relacionada-com-medidas-de-protecao\/\" \/>\n<meta property=\"og:site_name\" content=\"Jornal das Oficinas\" \/>\n<meta property=\"article:publisher\" content=\"https:\/\/www.facebook.com\/jornaloficinas\" \/>\n<meta property=\"article:published_time\" content=\"2020-05-11T16:20:05+00:00\" \/>\n<meta property=\"og:image\" content=\"https:\/\/jornaldasoficinas.com\/pt\/wp-content\/uploads\/2020\/05\/proraciomedidas.png\" \/>\n\t<meta property=\"og:image:width\" content=\"1024\" \/>\n\t<meta property=\"og:image:height\" content=\"581\" \/>\n\t<meta property=\"og:image:type\" content=\"image\/png\" \/>\n<meta name=\"author\" content=\"Reda\u00e7\u00e3o JO\" \/>\n<meta name=\"twitter:card\" content=\"summary_large_image\" \/>\n<meta name=\"twitter:creator\" content=\"@jornaloficinas\" \/>\n<meta name=\"twitter:site\" content=\"@jornaloficinas\" \/>\n<meta name=\"twitter:label1\" content=\"Escrito por\" \/>\n\t<meta name=\"twitter:data1\" content=\"Reda\u00e7\u00e3o JO\" \/>\n\t<meta name=\"twitter:label2\" content=\"Tempo estimado de leitura\" \/>\n\t<meta name=\"twitter:data2\" content=\"1 minuto\" \/>\n<script type=\"application\/ld+json\" class=\"yoast-schema-graph\">{\"@context\":\"https:\\\/\\\/schema.org\",\"@graph\":[{\"@type\":\"Article\",\"@id\":\"https:\\\/\\\/jornaldasoficinas.com\\\/pt\\\/proracio-divulga-informacao-relacionada-com-medidas-de-protecao\\\/#article\",\"isPartOf\":{\"@id\":\"https:\\\/\\\/jornaldasoficinas.com\\\/pt\\\/proracio-divulga-informacao-relacionada-com-medidas-de-protecao\\\/\"},\"author\":{\"name\":\"Reda\u00e7\u00e3o JO\",\"@id\":\"https:\\\/\\\/jornaldasoficinas.com\\\/pt\\\/#\\\/schema\\\/person\\\/a38eef5de2c41d9e7c9ac10141afddf3\"},\"headline\":\"Pror\u00e1cio divulga informa\u00e7\u00e3o relacionada com medidas de prote\u00e7\u00e3o\",\"datePublished\":\"2020-05-11T16:20:05+00:00\",\"mainEntityOfPage\":{\"@id\":\"https:\\\/\\\/jornaldasoficinas.com\\\/pt\\\/proracio-divulga-informacao-relacionada-com-medidas-de-protecao\\\/\"},\"wordCount\":282,\"publisher\":{\"@id\":\"https:\\\/\\\/jornaldasoficinas.com\\\/pt\\\/#organization\"},\"image\":{\"@id\":\"https:\\\/\\\/jornaldasoficinas.com\\\/pt\\\/proracio-divulga-informacao-relacionada-com-medidas-de-protecao\\\/#primaryimage\"},\"thumbnailUrl\":\"https:\\\/\\\/jornaldasoficinas.com\\\/pt\\\/wp-content\\\/uploads\\\/2020\\\/05\\\/proraciomedidas.png\",\"keywords\":[\"Apoios\",\"Coronav\u00edrus\",\"COVID-19\",\"Incentivos\",\"Pror\u00e1cio - Consultoria e Gest\u00e3o Lda.\"],\"articleSection\":[\"Mercado\"],\"inLanguage\":\"pt-PT\"},{\"@type\":\"WebPage\",\"@id\":\"https:\\\/\\\/jornaldasoficinas.com\\\/pt\\\/proracio-divulga-informacao-relacionada-com-medidas-de-protecao\\\/\",\"url\":\"https:\\\/\\\/jornaldasoficinas.com\\\/pt\\\/proracio-divulga-informacao-relacionada-com-medidas-de-protecao\\\/\",\"name\":\"Pror\u00e1cio divulga informa\u00e7\u00e3o relacionada com medidas de prote\u00e7\u00e3o - Jornal das Oficinas\",\"isPartOf\":{\"@id\":\"https:\\\/\\\/jornaldasoficinas.com\\\/pt\\\/#website\"},\"primaryImageOfPage\":{\"@id\":\"https:\\\/\\\/jornaldasoficinas.com\\\/pt\\\/proracio-divulga-informacao-relacionada-com-medidas-de-protecao\\\/#primaryimage\"},\"image\":{\"@id\":\"https:\\\/\\\/jornaldasoficinas.com\\\/pt\\\/proracio-divulga-informacao-relacionada-com-medidas-de-protecao\\\/#primaryimage\"},\"thumbnailUrl\":\"https:\\\/\\\/jornaldasoficinas.com\\\/pt\\\/wp-content\\\/uploads\\\/2020\\\/05\\\/proraciomedidas.png\",\"datePublished\":\"2020-05-11T16:20:05+00:00\",\"breadcrumb\":{\"@id\":\"https:\\\/\\\/jornaldasoficinas.com\\\/pt\\\/proracio-divulga-informacao-relacionada-com-medidas-de-protecao\\\/#breadcrumb\"},\"inLanguage\":\"pt-PT\",\"potentialAction\":[{\"@type\":\"ReadAction\",\"target\":[\"https:\\\/\\\/jornaldasoficinas.com\\\/pt\\\/proracio-divulga-informacao-relacionada-com-medidas-de-protecao\\\/\"]}]},{\"@type\":\"ImageObject\",\"inLanguage\":\"pt-PT\",\"@id\":\"https:\\\/\\\/jornaldasoficinas.com\\\/pt\\\/proracio-divulga-informacao-relacionada-com-medidas-de-protecao\\\/#primaryimage\",\"url\":\"https:\\\/\\\/jornaldasoficinas.com\\\/pt\\\/wp-content\\\/uploads\\\/2020\\\/05\\\/proraciomedidas.png\",\"contentUrl\":\"https:\\\/\\\/jornaldasoficinas.com\\\/pt\\\/wp-content\\\/uploads\\\/2020\\\/05\\\/proraciomedidas.png\",\"width\":1024,\"height\":581,\"caption\":\"05 - proraciomedidas\"},{\"@type\":\"BreadcrumbList\",\"@id\":\"https:\\\/\\\/jornaldasoficinas.com\\\/pt\\\/proracio-divulga-informacao-relacionada-com-medidas-de-protecao\\\/#breadcrumb\",\"itemListElement\":[{\"@type\":\"ListItem\",\"position\":1,\"name\":\"In\u00edcio\",\"item\":\"https:\\\/\\\/jornaldasoficinas.com\\\/pt\\\/\"},{\"@type\":\"ListItem\",\"position\":2,\"name\":\"Pror\u00e1cio divulga informa\u00e7\u00e3o relacionada com medidas de prote\u00e7\u00e3o\"}]},{\"@type\":\"WebSite\",\"@id\":\"https:\\\/\\\/jornaldasoficinas.com\\\/pt\\\/#website\",\"url\":\"https:\\\/\\\/jornaldasoficinas.com\\\/pt\\\/\",\"name\":\"Jornal das Oficinas\",\"description\":\"Jornal independente do Aftermarket Autom\u00f3vel em Portugal\",\"publisher\":{\"@id\":\"https:\\\/\\\/jornaldasoficinas.com\\\/pt\\\/#organization\"},\"potentialAction\":[{\"@type\":\"SearchAction\",\"target\":{\"@type\":\"EntryPoint\",\"urlTemplate\":\"https:\\\/\\\/jornaldasoficinas.com\\\/pt\\\/?s={search_term_string}\"},\"query-input\":{\"@type\":\"PropertyValueSpecification\",\"valueRequired\":true,\"valueName\":\"search_term_string\"}}],\"inLanguage\":\"pt-PT\"},{\"@type\":\"Organization\",\"@id\":\"https:\\\/\\\/jornaldasoficinas.com\\\/pt\\\/#organization\",\"name\":\"Jornal das Oficinas\",\"url\":\"https:\\\/\\\/jornaldasoficinas.com\\\/pt\\\/\",\"logo\":{\"@type\":\"ImageObject\",\"inLanguage\":\"pt-PT\",\"@id\":\"https:\\\/\\\/jornaldasoficinas.com\\\/pt\\\/#\\\/schema\\\/logo\\\/image\\\/\",\"url\":\"https:\\\/\\\/jornaldasoficinas.com\\\/pt\\\/wp-content\\\/uploads\\\/logoJO-SEO.png\",\"contentUrl\":\"https:\\\/\\\/jornaldasoficinas.com\\\/pt\\\/wp-content\\\/uploads\\\/logoJO-SEO.png\",\"width\":285,\"height\":450,\"caption\":\"Jornal das Oficinas\"},\"image\":{\"@id\":\"https:\\\/\\\/jornaldasoficinas.com\\\/pt\\\/#\\\/schema\\\/logo\\\/image\\\/\"},\"sameAs\":[\"https:\\\/\\\/www.facebook.com\\\/jornaloficinas\",\"https:\\\/\\\/x.com\\\/jornaloficinas\",\"https:\\\/\\\/www.instagram.com\\\/jornal_oficinas\\\/\",\"https:\\\/\\\/www.linkedin.com\\\/company\\\/jornal-das-oficinas\\\/\",\"https:\\\/\\\/www.youtube.com\\\/channel\\\/UCbQZBqtcvV-oSQrr7RzINGg\"]},{\"@type\":\"Person\",\"@id\":\"https:\\\/\\\/jornaldasoficinas.com\\\/pt\\\/#\\\/schema\\\/person\\\/a38eef5de2c41d9e7c9ac10141afddf3\",\"name\":\"Reda\u00e7\u00e3o JO\",\"image\":{\"@type\":\"ImageObject\",\"inLanguage\":\"pt-PT\",\"@id\":\"https:\\\/\\\/secure.gravatar.com\\\/avatar\\\/71f2fa71737ad68a84fea94bc708ddac8ea5b0c4788dc2ad202f3ccb2887742f?s=96&d=wp_user_avatar&r=g\",\"url\":\"https:\\\/\\\/secure.gravatar.com\\\/avatar\\\/71f2fa71737ad68a84fea94bc708ddac8ea5b0c4788dc2ad202f3ccb2887742f?s=96&d=wp_user_avatar&r=g\",\"contentUrl\":\"https:\\\/\\\/secure.gravatar.com\\\/avatar\\\/71f2fa71737ad68a84fea94bc708ddac8ea5b0c4788dc2ad202f3ccb2887742f?s=96&d=wp_user_avatar&r=g\",\"caption\":\"Reda\u00e7\u00e3o JO\"},\"url\":\"https:\\\/\\\/jornaldasoficinas.com\\\/pt\\\/author\\\/joredacao\\\/\"}]}<\/script>\n<!-- \/ Yoast SEO plugin. -->","yoast_head_json":{"title":"Pror\u00e1cio divulga informa\u00e7\u00e3o relacionada com medidas de prote\u00e7\u00e3o - Jornal das Oficinas","robots":{"index":"index","follow":"follow","max-snippet":"max-snippet:-1","max-image-preview":"max-image-preview:large","max-video-preview":"max-video-preview:-1"},"canonical":"https:\/\/jornaldasoficinas.com\/pt\/proracio-divulga-informacao-relacionada-com-medidas-de-protecao\/","og_locale":"pt_PT","og_type":"article","og_title":"Pror\u00e1cio divulga informa\u00e7\u00e3o relacionada com medidas de prote\u00e7\u00e3o - Jornal das Oficinas","og_description":"A empresa de consultoria e gest\u00e3o...","og_url":"https:\/\/jornaldasoficinas.com\/pt\/proracio-divulga-informacao-relacionada-com-medidas-de-protecao\/","og_site_name":"Jornal das Oficinas","article_publisher":"https:\/\/www.facebook.com\/jornaloficinas","article_published_time":"2020-05-11T16:20:05+00:00","og_image":[{"width":1024,"height":581,"url":"https:\/\/jornaldasoficinas.com\/pt\/wp-content\/uploads\/2020\/05\/proraciomedidas.png","type":"image\/png"}],"author":"Reda\u00e7\u00e3o JO","twitter_card":"summary_large_image","twitter_creator":"@jornaloficinas","twitter_site":"@jornaloficinas","twitter_misc":{"Escrito por":"Reda\u00e7\u00e3o JO","Tempo estimado de leitura":"1 minuto"},"schema":{"@context":"https:\/\/schema.org","@graph":[{"@type":"Article","@id":"https:\/\/jornaldasoficinas.com\/pt\/proracio-divulga-informacao-relacionada-com-medidas-de-protecao\/#article","isPartOf":{"@id":"https:\/\/jornaldasoficinas.com\/pt\/proracio-divulga-informacao-relacionada-com-medidas-de-protecao\/"},"author":{"name":"Reda\u00e7\u00e3o JO","@id":"https:\/\/jornaldasoficinas.com\/pt\/#\/schema\/person\/a38eef5de2c41d9e7c9ac10141afddf3"},"headline":"Pror\u00e1cio divulga informa\u00e7\u00e3o relacionada com medidas de prote\u00e7\u00e3o","datePublished":"2020-05-11T16:20:05+00:00","mainEntityOfPage":{"@id":"https:\/\/jornaldasoficinas.com\/pt\/proracio-divulga-informacao-relacionada-com-medidas-de-protecao\/"},"wordCount":282,"publisher":{"@id":"https:\/\/jornaldasoficinas.com\/pt\/#organization"},"image":{"@id":"https:\/\/jornaldasoficinas.com\/pt\/proracio-divulga-informacao-relacionada-com-medidas-de-protecao\/#primaryimage"},"thumbnailUrl":"https:\/\/jornaldasoficinas.com\/pt\/wp-content\/uploads\/2020\/05\/proraciomedidas.png","keywords":["Apoios","Coronav\u00edrus","COVID-19","Incentivos","Pror\u00e1cio - Consultoria e Gest\u00e3o Lda."],"articleSection":["Mercado"],"inLanguage":"pt-PT"},{"@type":"WebPage","@id":"https:\/\/jornaldasoficinas.com\/pt\/proracio-divulga-informacao-relacionada-com-medidas-de-protecao\/","url":"https:\/\/jornaldasoficinas.com\/pt\/proracio-divulga-informacao-relacionada-com-medidas-de-protecao\/","name":"Pror\u00e1cio divulga informa\u00e7\u00e3o relacionada com medidas de prote\u00e7\u00e3o - Jornal das Oficinas","isPartOf":{"@id":"https:\/\/jornaldasoficinas.com\/pt\/#website"},"primaryImageOfPage":{"@id":"https:\/\/jornaldasoficinas.com\/pt\/proracio-divulga-informacao-relacionada-com-medidas-de-protecao\/#primaryimage"},"image":{"@id":"https:\/\/jornaldasoficinas.com\/pt\/proracio-divulga-informacao-relacionada-com-medidas-de-protecao\/#primaryimage"},"thumbnailUrl":"https:\/\/jornaldasoficinas.com\/pt\/wp-content\/uploads\/2020\/05\/proraciomedidas.png","datePublished":"2020-05-11T16:20:05+00:00","breadcrumb":{"@id":"https:\/\/jornaldasoficinas.com\/pt\/proracio-divulga-informacao-relacionada-com-medidas-de-protecao\/#breadcrumb"},"inLanguage":"pt-PT","potentialAction":[{"@type":"ReadAction","target":["https:\/\/jornaldasoficinas.com\/pt\/proracio-divulga-informacao-relacionada-com-medidas-de-protecao\/"]}]},{"@type":"ImageObject","inLanguage":"pt-PT","@id":"https:\/\/jornaldasoficinas.com\/pt\/proracio-divulga-informacao-relacionada-com-medidas-de-protecao\/#primaryimage","url":"https:\/\/jornaldasoficinas.com\/pt\/wp-content\/uploads\/2020\/05\/proraciomedidas.png","contentUrl":"https:\/\/jornaldasoficinas.com\/pt\/wp-content\/uploads\/2020\/05\/proraciomedidas.png","width":1024,"height":581,"caption":"05 - proraciomedidas"},{"@type":"BreadcrumbList","@id":"https:\/\/jornaldasoficinas.com\/pt\/proracio-divulga-informacao-relacionada-com-medidas-de-protecao\/#breadcrumb","itemListElement":[{"@type":"ListItem","position":1,"name":"In\u00edcio","item":"https:\/\/jornaldasoficinas.com\/pt\/"},{"@type":"ListItem","position":2,"name":"Pror\u00e1cio divulga informa\u00e7\u00e3o relacionada com medidas de prote\u00e7\u00e3o"}]},{"@type":"WebSite","@id":"https:\/\/jornaldasoficinas.com\/pt\/#website","url":"https:\/\/jornaldasoficinas.com\/pt\/","name":"Jornal das Oficinas","description":"Jornal independente do Aftermarket Autom\u00f3vel em Portugal","publisher":{"@id":"https:\/\/jornaldasoficinas.com\/pt\/#organization"},"potentialAction":[{"@type":"SearchAction","target":{"@type":"EntryPoint","urlTemplate":"https:\/\/jornaldasoficinas.com\/pt\/?s={search_term_string}"},"query-input":{"@type":"PropertyValueSpecification","valueRequired":true,"valueName":"search_term_string"}}],"inLanguage":"pt-PT"},{"@type":"Organization","@id":"https:\/\/jornaldasoficinas.com\/pt\/#organization","name":"Jornal das Oficinas","url":"https:\/\/jornaldasoficinas.com\/pt\/","logo":{"@type":"ImageObject","inLanguage":"pt-PT","@id":"https:\/\/jornaldasoficinas.com\/pt\/#\/schema\/logo\/image\/","url":"https:\/\/jornaldasoficinas.com\/pt\/wp-content\/uploads\/logoJO-SEO.png","contentUrl":"https:\/\/jornaldasoficinas.com\/pt\/wp-content\/uploads\/logoJO-SEO.png","width":285,"height":450,"caption":"Jornal das Oficinas"},"image":{"@id":"https:\/\/jornaldasoficinas.com\/pt\/#\/schema\/logo\/image\/"},"sameAs":["https:\/\/www.facebook.com\/jornaloficinas","https:\/\/x.com\/jornaloficinas","https:\/\/www.instagram.com\/jornal_oficinas\/","https:\/\/www.linkedin.com\/company\/jornal-das-oficinas\/","https:\/\/www.youtube.com\/channel\/UCbQZBqtcvV-oSQrr7RzINGg"]},{"@type":"Person","@id":"https:\/\/jornaldasoficinas.com\/pt\/#\/schema\/person\/a38eef5de2c41d9e7c9ac10141afddf3","name":"Reda\u00e7\u00e3o JO","image":{"@type":"ImageObject","inLanguage":"pt-PT","@id":"https:\/\/secure.gravatar.com\/avatar\/71f2fa71737ad68a84fea94bc708ddac8ea5b0c4788dc2ad202f3ccb2887742f?s=96&d=wp_user_avatar&r=g","url":"https:\/\/secure.gravatar.com\/avatar\/71f2fa71737ad68a84fea94bc708ddac8ea5b0c4788dc2ad202f3ccb2887742f?s=96&d=wp_user_avatar&r=g","contentUrl":"https:\/\/secure.gravatar.com\/avatar\/71f2fa71737ad68a84fea94bc708ddac8ea5b0c4788dc2ad202f3ccb2887742f?s=96&d=wp_user_avatar&r=g","caption":"Reda\u00e7\u00e3o JO"},"url":"https:\/\/jornaldasoficinas.com\/pt\/author\/joredacao\/"}]}},"_links":{"self":[{"href":"https:\/\/jornaldasoficinas.com\/pt\/wp-json\/wp\/v2\/posts\/12982","targetHints":{"allow":["GET"]}}],"collection":[{"href":"https:\/\/jornaldasoficinas.com\/pt\/wp-json\/wp\/v2\/posts"}],"about":[{"href":"https:\/\/jornaldasoficinas.com\/pt\/wp-json\/wp\/v2\/types\/post"}],"author":[{"embeddable":true,"href":"https:\/\/jornaldasoficinas.com\/pt\/wp-json\/wp\/v2\/users\/15"}],"replies":[{"embeddable":true,"href":"https:\/\/jornaldasoficinas.com\/pt\/wp-json\/wp\/v2\/comments?post=12982"}],"version-history":[{"count":0,"href":"https:\/\/jornaldasoficinas.com\/pt\/wp-json\/wp\/v2\/posts\/12982\/revisions"}],"wp:featuredmedia":[{"embeddable":true,"href":"https:\/\/jornaldasoficinas.com\/pt\/wp-json\/wp\/v2\/media\/12981"}],"wp:attachment":[{"href":"https:\/\/jornaldasoficinas.com\/pt\/wp-json\/wp\/v2\/media?parent=12982"}],"wp:term":[{"taxonomy":"category","embeddable":true,"href":"https:\/\/jornaldasoficinas.com\/pt\/wp-json\/wp\/v2\/categories?post=12982"},{"taxonomy":"post_tag","embeddable":true,"href":"https:\/\/jornaldasoficinas.com\/pt\/wp-json\/wp\/v2\/tags?post=12982"}],"curies":[{"name":"wp","href":"https:\/\/api.w.org\/{rel}","templated":true}]}}