{"id":13119,"date":"2020-05-14T15:02:59","date_gmt":"2020-05-14T14:02:59","guid":{"rendered":"https:\/\/jornaldasoficinas.com\/pt\/?p=13119"},"modified":"2023-07-20T16:14:51","modified_gmt":"2023-07-20T15:14:51","slug":"man-entregou-camiao-eletrico-etgm-a-friedrich-wenner-gmbh","status":"publish","type":"post","link":"https:\/\/jornaldasoficinas.com\/pt\/man-entregou-camiao-eletrico-etgm-a-friedrich-wenner-gmbh\/","title":{"rendered":"MAN entregou cami\u00e3o el\u00e9trico eTGM \u00e0 Friedrich Wenner GmbH"},"content":{"rendered":"<p><img loading=\"lazy\" decoding=\"async\" class=\"alignnone wp-image-13120 size-full\" src=\"https:\/\/jornaldasoficinas.com\/pt\/wp-content\/uploads\/2020\/05\/manfriedrich.png\" alt=\"05 - manfriedrich\" width=\"1024\" height=\"581\" srcset=\"https:\/\/jornaldasoficinas.com\/pt\/wp-content\/uploads\/2020\/05\/manfriedrich.png 1024w, https:\/\/jornaldasoficinas.com\/pt\/wp-content\/uploads\/2020\/05\/manfriedrich-300x170.png 300w, https:\/\/jornaldasoficinas.com\/pt\/wp-content\/uploads\/2020\/05\/manfriedrich-150x85.png 150w, https:\/\/jornaldasoficinas.com\/pt\/wp-content\/uploads\/2020\/05\/manfriedrich-768x436.png 768w\" sizes=\"auto, (max-width: 1024px) 100vw, 1024px\" \/><\/p>\n<p><strong>A Friedrich Wenner Versmolder Vollpappen-Verarbeitungswerk GmbH adquiriu um dos primeiros MAN eTGM totalmente ele\u0301tricos para o transporte de mercadorias.<\/strong><\/p>\n<p>No futuro, o camia\u0303o de 264 kW e 26 toneladas ira\u0301 transportar os produtos da produc\u0327a\u0303o de carta\u0303o de forma silenciosa e sem emisso\u0303es. A Friedrich Wenner GmbH esta\u0301 a produzir a sua pro\u0301pria eletricidade para o eTGM gra\u00e7as ao sistema fotovoltaico de que disp\u00f5e.<\/p>\n<p>No passado dia 6 de maio, Stephan Potthoff-Wenner, diretor executivo da empresa, recebeu as chaves da nova e inovadora aquisic\u0327a\u0303o por parte do diretor de vendas Ferdinand Zeh, e do consultor de vendas, Till Kortekamp, ambos do escrito\u0301rio de vendas da MAN, em Bielefeld.<\/p>\n<p>&#8220;Com este camia\u0303o ele\u0301trico, damos, uma vez mais, mais um passo no cumprimento da nossa promessa ecolo\u0301gica, com a qual nos comprometemos ha\u0301 anos. O MAN eTGM complementa, de forma ideal, as extensas medidas que inicia\u0301mos nos u\u0301ltimos anos para reduzir, de forma sustenta\u0301vel, as emisso\u0303es de CO2 da nossa empresa&#8221;, disse Stephan Potthoff-Wentner.<\/p>\n<p>O respons\u00e1vel explicou, de seguida, a abordagem holi\u0301stica e economizadora de recursos do especialista para o desenvolvimento e produc\u0327a\u0303o de embalagens de carta\u0303o para alimentos.<\/p>\n<p>Que inclui a gesta\u0303o e reciclagem sustenta\u0301vel de resi\u0301duos ou a otimizac\u0327a\u0303o da eficie\u0302ncia energe\u0301tica na produc\u0327a\u0303o, bem como a produc\u0327a\u0303o de energia atrave\u0301s de um sistema fotovoltaico nos telhados dos pavilho\u0303es de produc\u0327a\u0303o e armazenamento. A operac\u0327a\u0303o com energia solar produzida pela empresa torna-a particularmente \u201camiga\u201d do ambiente.<\/p>\n<p>O vei\u0301culo de distribuic\u0327a\u0303o totalmente ele\u0301trico, MAN eTGM, disp\u00f5e de um quadro de tre\u0302s eixos 6&#215;2-4 com eixo mo\u0301vel direcional e eleva\u0301vel para um peso bruto de 26 toneladas.<\/p>\n<p>O eTGM da Friedrich Wenner GmbH esta\u0301 equipado com uma caixa de carga para o transporte adequado contra a humidade das caixas de carta\u0303o. Este ve\u00edculo de distribuic\u0327a\u0303o ele\u0301trica e\u0301 movido por um motor ele\u0301trico de 264 kW (360 cv), que fornece um bina\u0301rio ma\u0301ximo de 3.100 Nm.<\/p>\n<p>As unidades auxiliares, como a direc\u0327a\u0303o assistida, o compressor de ar e o sistema de ar condicionado, sa\u0303o acionadas e controladas eletricamente atrave\u0301s do sistema de gesta\u0303o de energia de acordo com as necessidades, poupando-a.<\/p>\n<p>A recuperac\u0327a\u0303o da energia de travagem converte a energia cine\u0301tica do vei\u0301culo em energia ele\u0301trica durante as fases de impulso e travagem, repondo a energia na bateria. O que pode aumentar, significativamente, a autonomia. Um ecra\u0303 no painel de instrumentos informa o condutor sobre a capacidade das baterias de io\u0303es de li\u0301tio do Grupo Volkswagen, que esta\u0303o alojadas debaixo da cabine, acima do eixo dianteiro, onde, nos ve\u00edculos \u201cconvencionais\u201d, est\u00e1 localizado o depo\u0301sito de combusti\u0301vel.<\/p>\n<p>Outras baterias esta\u0303o localizadas na estrutura do vei\u0301culo. A autonomia do MAN eTGM e\u0301 de ate\u0301 200 km, dependendo da a\u0301rea de operac\u0327a\u0303o e das condic\u0327o\u0303es clima\u0301ticas e topogra\u0301ficas. As baterias podem ser carregadas com uma pote\u0302ncia de carga de 22 ou 44 kW, com corrente alternada ou como a chamada &#8220;carga de alta pote\u0302ncia&#8221; (150 kW de corrente conti\u0301nua).<\/p>\n<p>Para que seja mais fa\u0301cil entrar no mundo da mobilidade ele\u0301trica, a <a href=\"https:\/\/www.truck.man.eu\/pt\/pt\/index.html?gclid=Cj0KCQjw2PP1BRCiARIsAEqv-pSSNw8KSZpmLT66Bl83zJVGluRckojt-wb80Fjg5tTiE_dyXeVjAHUaApaREALw_wcB\" target=\"_blank\" rel=\"noopener noreferrer\">MAN<\/a> oferece aos clientes um aconselhamento individual, abrangente e orientado para soluc\u0327o\u0303es quando adquirem um eTGM, atrav\u00e9s da MAN Transport Solutions. Ale\u0301m disso, os condutores do eTGM recebem formac\u0327a\u0303o por parte da MAN ProfiDrive, especialmente concebida para satisfazer os requisitos de conduc\u0327a\u0303o de um vei\u0301culo totalmente ele\u0301trico.<\/p>\n<p>O camia\u0303o ele\u0301trico entregue a\u0300 Friedrich Wenner GmbH faz parte de uma das primeiras se\u0301ries de vei\u0301culos que a MAN ira\u0301 entregar a va\u0301rios clientes por toda a Europa em 2020. Desde setembro de 2018 que nove camio\u0303es ele\u0301tricos foram j\u00e1 utilizados diariamente com sucesso em nove empresas do Conselho Austri\u0301aco para a Logi\u0301stica Sustenta\u0301vel (CNL). O LGI Logistics Group tambe\u0301m tem vindo a utilizar um MAN eTGM na logi\u0301stica de pec\u0327as para a Porsche, nas suas instalac\u0327o\u0303es de produc\u0327a\u0303o em Stuttgart-Zuffenhausen, desde dezembro de 2018.<\/p>\n","protected":false},"excerpt":{"rendered":"<p>A Friedrich Wenner Versmolder Vollpappen-Verarbeitungswerk GmbH&#8230;<\/p>\n","protected":false},"author":15,"featured_media":13120,"comment_status":"closed","ping_status":"closed","sticky":false,"template":"","format":"standard","meta":{"footnotes":""},"categories":[29],"tags":[1083,2251,2250,430],"class_list":["post-13119","post","type-post","status-publish","format-standard","has-post-thumbnail","hentry","category-empresas","tag-etgm","tag-friedrich-wenner-gmbh","tag-friedrich-wenner-versmolder-vollpappen-verarbeitungswerk-gmbh","tag-man-truck-bus"],"yoast_head":"<!-- This site is optimized with the Yoast SEO plugin v27.4 - https:\/\/yoast.com\/product\/yoast-seo-wordpress\/ -->\n<title>MAN entregou cami\u00e3o el\u00e9trico eTGM \u00e0 Friedrich Wenner GmbH - Jornal das Oficinas<\/title>\n<meta name=\"robots\" content=\"index, follow, max-snippet:-1, max-image-preview:large, max-video-preview:-1\" \/>\n<link rel=\"canonical\" href=\"https:\/\/jornaldasoficinas.com\/pt\/man-entregou-camiao-eletrico-etgm-a-friedrich-wenner-gmbh\/\" \/>\n<meta property=\"og:locale\" content=\"pt_PT\" \/>\n<meta property=\"og:type\" content=\"article\" \/>\n<meta property=\"og:title\" content=\"MAN entregou cami\u00e3o el\u00e9trico eTGM \u00e0 Friedrich Wenner GmbH - Jornal das Oficinas\" \/>\n<meta property=\"og:description\" content=\"A Friedrich Wenner Versmolder Vollpappen-Verarbeitungswerk GmbH...\" \/>\n<meta property=\"og:url\" content=\"https:\/\/jornaldasoficinas.com\/pt\/man-entregou-camiao-eletrico-etgm-a-friedrich-wenner-gmbh\/\" \/>\n<meta property=\"og:site_name\" content=\"Jornal das Oficinas\" \/>\n<meta property=\"article:publisher\" content=\"https:\/\/www.facebook.com\/jornaloficinas\" \/>\n<meta property=\"article:published_time\" content=\"2020-05-14T14:02:59+00:00\" \/>\n<meta property=\"article:modified_time\" content=\"2023-07-20T15:14:51+00:00\" \/>\n<meta property=\"og:image\" content=\"https:\/\/jornaldasoficinas.com\/pt\/wp-content\/uploads\/2020\/05\/manfriedrich.png\" \/>\n\t<meta property=\"og:image:width\" content=\"1024\" \/>\n\t<meta property=\"og:image:height\" content=\"581\" \/>\n\t<meta property=\"og:image:type\" content=\"image\/png\" \/>\n<meta name=\"author\" content=\"Reda\u00e7\u00e3o JO\" \/>\n<meta name=\"twitter:card\" content=\"summary_large_image\" \/>\n<meta name=\"twitter:creator\" content=\"@jornaloficinas\" \/>\n<meta name=\"twitter:site\" content=\"@jornaloficinas\" \/>\n<meta name=\"twitter:label1\" content=\"Escrito por\" \/>\n\t<meta name=\"twitter:data1\" content=\"Reda\u00e7\u00e3o JO\" \/>\n\t<meta name=\"twitter:label2\" content=\"Tempo estimado de leitura\" \/>\n\t<meta name=\"twitter:data2\" content=\"4 minutos\" \/>\n<script type=\"application\/ld+json\" class=\"yoast-schema-graph\">{\"@context\":\"https:\\\/\\\/schema.org\",\"@graph\":[{\"@type\":\"Article\",\"@id\":\"https:\\\/\\\/jornaldasoficinas.com\\\/pt\\\/man-entregou-camiao-eletrico-etgm-a-friedrich-wenner-gmbh\\\/#article\",\"isPartOf\":{\"@id\":\"https:\\\/\\\/jornaldasoficinas.com\\\/pt\\\/man-entregou-camiao-eletrico-etgm-a-friedrich-wenner-gmbh\\\/\"},\"author\":{\"name\":\"Reda\u00e7\u00e3o JO\",\"@id\":\"https:\\\/\\\/jornaldasoficinas.com\\\/pt\\\/#\\\/schema\\\/person\\\/a38eef5de2c41d9e7c9ac10141afddf3\"},\"headline\":\"MAN entregou cami\u00e3o el\u00e9trico eTGM \u00e0 Friedrich Wenner GmbH\",\"datePublished\":\"2020-05-14T14:02:59+00:00\",\"dateModified\":\"2023-07-20T15:14:51+00:00\",\"mainEntityOfPage\":{\"@id\":\"https:\\\/\\\/jornaldasoficinas.com\\\/pt\\\/man-entregou-camiao-eletrico-etgm-a-friedrich-wenner-gmbh\\\/\"},\"wordCount\":739,\"publisher\":{\"@id\":\"https:\\\/\\\/jornaldasoficinas.com\\\/pt\\\/#organization\"},\"image\":{\"@id\":\"https:\\\/\\\/jornaldasoficinas.com\\\/pt\\\/man-entregou-camiao-eletrico-etgm-a-friedrich-wenner-gmbh\\\/#primaryimage\"},\"thumbnailUrl\":\"https:\\\/\\\/jornaldasoficinas.com\\\/pt\\\/wp-content\\\/uploads\\\/2020\\\/05\\\/manfriedrich.png\",\"keywords\":[\"eTGM\",\"Friedrich Wenner GmbH\",\"Friedrich Wenner Versmolder Vollpappen-Verarbeitungswerk GmbH\",\"MAN Truck &amp; Bus\"],\"articleSection\":[\"Empresas\"],\"inLanguage\":\"pt-PT\"},{\"@type\":\"WebPage\",\"@id\":\"https:\\\/\\\/jornaldasoficinas.com\\\/pt\\\/man-entregou-camiao-eletrico-etgm-a-friedrich-wenner-gmbh\\\/\",\"url\":\"https:\\\/\\\/jornaldasoficinas.com\\\/pt\\\/man-entregou-camiao-eletrico-etgm-a-friedrich-wenner-gmbh\\\/\",\"name\":\"MAN entregou cami\u00e3o el\u00e9trico eTGM \u00e0 Friedrich Wenner GmbH - Jornal das Oficinas\",\"isPartOf\":{\"@id\":\"https:\\\/\\\/jornaldasoficinas.com\\\/pt\\\/#website\"},\"primaryImageOfPage\":{\"@id\":\"https:\\\/\\\/jornaldasoficinas.com\\\/pt\\\/man-entregou-camiao-eletrico-etgm-a-friedrich-wenner-gmbh\\\/#primaryimage\"},\"image\":{\"@id\":\"https:\\\/\\\/jornaldasoficinas.com\\\/pt\\\/man-entregou-camiao-eletrico-etgm-a-friedrich-wenner-gmbh\\\/#primaryimage\"},\"thumbnailUrl\":\"https:\\\/\\\/jornaldasoficinas.com\\\/pt\\\/wp-content\\\/uploads\\\/2020\\\/05\\\/manfriedrich.png\",\"datePublished\":\"2020-05-14T14:02:59+00:00\",\"dateModified\":\"2023-07-20T15:14:51+00:00\",\"breadcrumb\":{\"@id\":\"https:\\\/\\\/jornaldasoficinas.com\\\/pt\\\/man-entregou-camiao-eletrico-etgm-a-friedrich-wenner-gmbh\\\/#breadcrumb\"},\"inLanguage\":\"pt-PT\",\"potentialAction\":[{\"@type\":\"ReadAction\",\"target\":[\"https:\\\/\\\/jornaldasoficinas.com\\\/pt\\\/man-entregou-camiao-eletrico-etgm-a-friedrich-wenner-gmbh\\\/\"]}]},{\"@type\":\"ImageObject\",\"inLanguage\":\"pt-PT\",\"@id\":\"https:\\\/\\\/jornaldasoficinas.com\\\/pt\\\/man-entregou-camiao-eletrico-etgm-a-friedrich-wenner-gmbh\\\/#primaryimage\",\"url\":\"https:\\\/\\\/jornaldasoficinas.com\\\/pt\\\/wp-content\\\/uploads\\\/2020\\\/05\\\/manfriedrich.png\",\"contentUrl\":\"https:\\\/\\\/jornaldasoficinas.com\\\/pt\\\/wp-content\\\/uploads\\\/2020\\\/05\\\/manfriedrich.png\",\"width\":1024,\"height\":581,\"caption\":\"05 - manfriedrich\"},{\"@type\":\"BreadcrumbList\",\"@id\":\"https:\\\/\\\/jornaldasoficinas.com\\\/pt\\\/man-entregou-camiao-eletrico-etgm-a-friedrich-wenner-gmbh\\\/#breadcrumb\",\"itemListElement\":[{\"@type\":\"ListItem\",\"position\":1,\"name\":\"In\u00edcio\",\"item\":\"https:\\\/\\\/jornaldasoficinas.com\\\/pt\\\/\"},{\"@type\":\"ListItem\",\"position\":2,\"name\":\"MAN entregou cami\u00e3o el\u00e9trico eTGM \u00e0 Friedrich Wenner GmbH\"}]},{\"@type\":\"WebSite\",\"@id\":\"https:\\\/\\\/jornaldasoficinas.com\\\/pt\\\/#website\",\"url\":\"https:\\\/\\\/jornaldasoficinas.com\\\/pt\\\/\",\"name\":\"Jornal das Oficinas\",\"description\":\"Jornal independente do Aftermarket Autom\u00f3vel em Portugal\",\"publisher\":{\"@id\":\"https:\\\/\\\/jornaldasoficinas.com\\\/pt\\\/#organization\"},\"potentialAction\":[{\"@type\":\"SearchAction\",\"target\":{\"@type\":\"EntryPoint\",\"urlTemplate\":\"https:\\\/\\\/jornaldasoficinas.com\\\/pt\\\/?s={search_term_string}\"},\"query-input\":{\"@type\":\"PropertyValueSpecification\",\"valueRequired\":true,\"valueName\":\"search_term_string\"}}],\"inLanguage\":\"pt-PT\"},{\"@type\":\"Organization\",\"@id\":\"https:\\\/\\\/jornaldasoficinas.com\\\/pt\\\/#organization\",\"name\":\"Jornal das Oficinas\",\"url\":\"https:\\\/\\\/jornaldasoficinas.com\\\/pt\\\/\",\"logo\":{\"@type\":\"ImageObject\",\"inLanguage\":\"pt-PT\",\"@id\":\"https:\\\/\\\/jornaldasoficinas.com\\\/pt\\\/#\\\/schema\\\/logo\\\/image\\\/\",\"url\":\"https:\\\/\\\/jornaldasoficinas.com\\\/pt\\\/wp-content\\\/uploads\\\/logoJO-SEO.png\",\"contentUrl\":\"https:\\\/\\\/jornaldasoficinas.com\\\/pt\\\/wp-content\\\/uploads\\\/logoJO-SEO.png\",\"width\":285,\"height\":450,\"caption\":\"Jornal das Oficinas\"},\"image\":{\"@id\":\"https:\\\/\\\/jornaldasoficinas.com\\\/pt\\\/#\\\/schema\\\/logo\\\/image\\\/\"},\"sameAs\":[\"https:\\\/\\\/www.facebook.com\\\/jornaloficinas\",\"https:\\\/\\\/x.com\\\/jornaloficinas\",\"https:\\\/\\\/www.instagram.com\\\/jornal_oficinas\\\/\",\"https:\\\/\\\/www.linkedin.com\\\/company\\\/jornal-das-oficinas\\\/\",\"https:\\\/\\\/www.youtube.com\\\/channel\\\/UCbQZBqtcvV-oSQrr7RzINGg\"]},{\"@type\":\"Person\",\"@id\":\"https:\\\/\\\/jornaldasoficinas.com\\\/pt\\\/#\\\/schema\\\/person\\\/a38eef5de2c41d9e7c9ac10141afddf3\",\"name\":\"Reda\u00e7\u00e3o JO\",\"image\":{\"@type\":\"ImageObject\",\"inLanguage\":\"pt-PT\",\"@id\":\"https:\\\/\\\/secure.gravatar.com\\\/avatar\\\/71f2fa71737ad68a84fea94bc708ddac8ea5b0c4788dc2ad202f3ccb2887742f?s=96&d=wp_user_avatar&r=g\",\"url\":\"https:\\\/\\\/secure.gravatar.com\\\/avatar\\\/71f2fa71737ad68a84fea94bc708ddac8ea5b0c4788dc2ad202f3ccb2887742f?s=96&d=wp_user_avatar&r=g\",\"contentUrl\":\"https:\\\/\\\/secure.gravatar.com\\\/avatar\\\/71f2fa71737ad68a84fea94bc708ddac8ea5b0c4788dc2ad202f3ccb2887742f?s=96&d=wp_user_avatar&r=g\",\"caption\":\"Reda\u00e7\u00e3o JO\"},\"url\":\"https:\\\/\\\/jornaldasoficinas.com\\\/pt\\\/author\\\/joredacao\\\/\"}]}<\/script>\n<!-- \/ Yoast SEO plugin. -->","yoast_head_json":{"title":"MAN entregou cami\u00e3o el\u00e9trico eTGM \u00e0 Friedrich Wenner GmbH - Jornal das Oficinas","robots":{"index":"index","follow":"follow","max-snippet":"max-snippet:-1","max-image-preview":"max-image-preview:large","max-video-preview":"max-video-preview:-1"},"canonical":"https:\/\/jornaldasoficinas.com\/pt\/man-entregou-camiao-eletrico-etgm-a-friedrich-wenner-gmbh\/","og_locale":"pt_PT","og_type":"article","og_title":"MAN entregou cami\u00e3o el\u00e9trico eTGM \u00e0 Friedrich Wenner GmbH - Jornal das Oficinas","og_description":"A Friedrich Wenner Versmolder Vollpappen-Verarbeitungswerk GmbH...","og_url":"https:\/\/jornaldasoficinas.com\/pt\/man-entregou-camiao-eletrico-etgm-a-friedrich-wenner-gmbh\/","og_site_name":"Jornal das Oficinas","article_publisher":"https:\/\/www.facebook.com\/jornaloficinas","article_published_time":"2020-05-14T14:02:59+00:00","article_modified_time":"2023-07-20T15:14:51+00:00","og_image":[{"width":1024,"height":581,"url":"https:\/\/jornaldasoficinas.com\/pt\/wp-content\/uploads\/2020\/05\/manfriedrich.png","type":"image\/png"}],"author":"Reda\u00e7\u00e3o JO","twitter_card":"summary_large_image","twitter_creator":"@jornaloficinas","twitter_site":"@jornaloficinas","twitter_misc":{"Escrito por":"Reda\u00e7\u00e3o JO","Tempo estimado de leitura":"4 minutos"},"schema":{"@context":"https:\/\/schema.org","@graph":[{"@type":"Article","@id":"https:\/\/jornaldasoficinas.com\/pt\/man-entregou-camiao-eletrico-etgm-a-friedrich-wenner-gmbh\/#article","isPartOf":{"@id":"https:\/\/jornaldasoficinas.com\/pt\/man-entregou-camiao-eletrico-etgm-a-friedrich-wenner-gmbh\/"},"author":{"name":"Reda\u00e7\u00e3o JO","@id":"https:\/\/jornaldasoficinas.com\/pt\/#\/schema\/person\/a38eef5de2c41d9e7c9ac10141afddf3"},"headline":"MAN entregou cami\u00e3o el\u00e9trico eTGM \u00e0 Friedrich Wenner GmbH","datePublished":"2020-05-14T14:02:59+00:00","dateModified":"2023-07-20T15:14:51+00:00","mainEntityOfPage":{"@id":"https:\/\/jornaldasoficinas.com\/pt\/man-entregou-camiao-eletrico-etgm-a-friedrich-wenner-gmbh\/"},"wordCount":739,"publisher":{"@id":"https:\/\/jornaldasoficinas.com\/pt\/#organization"},"image":{"@id":"https:\/\/jornaldasoficinas.com\/pt\/man-entregou-camiao-eletrico-etgm-a-friedrich-wenner-gmbh\/#primaryimage"},"thumbnailUrl":"https:\/\/jornaldasoficinas.com\/pt\/wp-content\/uploads\/2020\/05\/manfriedrich.png","keywords":["eTGM","Friedrich Wenner GmbH","Friedrich Wenner Versmolder Vollpappen-Verarbeitungswerk GmbH","MAN Truck &amp; Bus"],"articleSection":["Empresas"],"inLanguage":"pt-PT"},{"@type":"WebPage","@id":"https:\/\/jornaldasoficinas.com\/pt\/man-entregou-camiao-eletrico-etgm-a-friedrich-wenner-gmbh\/","url":"https:\/\/jornaldasoficinas.com\/pt\/man-entregou-camiao-eletrico-etgm-a-friedrich-wenner-gmbh\/","name":"MAN entregou cami\u00e3o el\u00e9trico eTGM \u00e0 Friedrich Wenner GmbH - Jornal das Oficinas","isPartOf":{"@id":"https:\/\/jornaldasoficinas.com\/pt\/#website"},"primaryImageOfPage":{"@id":"https:\/\/jornaldasoficinas.com\/pt\/man-entregou-camiao-eletrico-etgm-a-friedrich-wenner-gmbh\/#primaryimage"},"image":{"@id":"https:\/\/jornaldasoficinas.com\/pt\/man-entregou-camiao-eletrico-etgm-a-friedrich-wenner-gmbh\/#primaryimage"},"thumbnailUrl":"https:\/\/jornaldasoficinas.com\/pt\/wp-content\/uploads\/2020\/05\/manfriedrich.png","datePublished":"2020-05-14T14:02:59+00:00","dateModified":"2023-07-20T15:14:51+00:00","breadcrumb":{"@id":"https:\/\/jornaldasoficinas.com\/pt\/man-entregou-camiao-eletrico-etgm-a-friedrich-wenner-gmbh\/#breadcrumb"},"inLanguage":"pt-PT","potentialAction":[{"@type":"ReadAction","target":["https:\/\/jornaldasoficinas.com\/pt\/man-entregou-camiao-eletrico-etgm-a-friedrich-wenner-gmbh\/"]}]},{"@type":"ImageObject","inLanguage":"pt-PT","@id":"https:\/\/jornaldasoficinas.com\/pt\/man-entregou-camiao-eletrico-etgm-a-friedrich-wenner-gmbh\/#primaryimage","url":"https:\/\/jornaldasoficinas.com\/pt\/wp-content\/uploads\/2020\/05\/manfriedrich.png","contentUrl":"https:\/\/jornaldasoficinas.com\/pt\/wp-content\/uploads\/2020\/05\/manfriedrich.png","width":1024,"height":581,"caption":"05 - manfriedrich"},{"@type":"BreadcrumbList","@id":"https:\/\/jornaldasoficinas.com\/pt\/man-entregou-camiao-eletrico-etgm-a-friedrich-wenner-gmbh\/#breadcrumb","itemListElement":[{"@type":"ListItem","position":1,"name":"In\u00edcio","item":"https:\/\/jornaldasoficinas.com\/pt\/"},{"@type":"ListItem","position":2,"name":"MAN entregou cami\u00e3o el\u00e9trico eTGM \u00e0 Friedrich Wenner GmbH"}]},{"@type":"WebSite","@id":"https:\/\/jornaldasoficinas.com\/pt\/#website","url":"https:\/\/jornaldasoficinas.com\/pt\/","name":"Jornal das Oficinas","description":"Jornal independente do Aftermarket Autom\u00f3vel em Portugal","publisher":{"@id":"https:\/\/jornaldasoficinas.com\/pt\/#organization"},"potentialAction":[{"@type":"SearchAction","target":{"@type":"EntryPoint","urlTemplate":"https:\/\/jornaldasoficinas.com\/pt\/?s={search_term_string}"},"query-input":{"@type":"PropertyValueSpecification","valueRequired":true,"valueName":"search_term_string"}}],"inLanguage":"pt-PT"},{"@type":"Organization","@id":"https:\/\/jornaldasoficinas.com\/pt\/#organization","name":"Jornal das Oficinas","url":"https:\/\/jornaldasoficinas.com\/pt\/","logo":{"@type":"ImageObject","inLanguage":"pt-PT","@id":"https:\/\/jornaldasoficinas.com\/pt\/#\/schema\/logo\/image\/","url":"https:\/\/jornaldasoficinas.com\/pt\/wp-content\/uploads\/logoJO-SEO.png","contentUrl":"https:\/\/jornaldasoficinas.com\/pt\/wp-content\/uploads\/logoJO-SEO.png","width":285,"height":450,"caption":"Jornal das Oficinas"},"image":{"@id":"https:\/\/jornaldasoficinas.com\/pt\/#\/schema\/logo\/image\/"},"sameAs":["https:\/\/www.facebook.com\/jornaloficinas","https:\/\/x.com\/jornaloficinas","https:\/\/www.instagram.com\/jornal_oficinas\/","https:\/\/www.linkedin.com\/company\/jornal-das-oficinas\/","https:\/\/www.youtube.com\/channel\/UCbQZBqtcvV-oSQrr7RzINGg"]},{"@type":"Person","@id":"https:\/\/jornaldasoficinas.com\/pt\/#\/schema\/person\/a38eef5de2c41d9e7c9ac10141afddf3","name":"Reda\u00e7\u00e3o JO","image":{"@type":"ImageObject","inLanguage":"pt-PT","@id":"https:\/\/secure.gravatar.com\/avatar\/71f2fa71737ad68a84fea94bc708ddac8ea5b0c4788dc2ad202f3ccb2887742f?s=96&d=wp_user_avatar&r=g","url":"https:\/\/secure.gravatar.com\/avatar\/71f2fa71737ad68a84fea94bc708ddac8ea5b0c4788dc2ad202f3ccb2887742f?s=96&d=wp_user_avatar&r=g","contentUrl":"https:\/\/secure.gravatar.com\/avatar\/71f2fa71737ad68a84fea94bc708ddac8ea5b0c4788dc2ad202f3ccb2887742f?s=96&d=wp_user_avatar&r=g","caption":"Reda\u00e7\u00e3o JO"},"url":"https:\/\/jornaldasoficinas.com\/pt\/author\/joredacao\/"}]}},"_links":{"self":[{"href":"https:\/\/jornaldasoficinas.com\/pt\/wp-json\/wp\/v2\/posts\/13119","targetHints":{"allow":["GET"]}}],"collection":[{"href":"https:\/\/jornaldasoficinas.com\/pt\/wp-json\/wp\/v2\/posts"}],"about":[{"href":"https:\/\/jornaldasoficinas.com\/pt\/wp-json\/wp\/v2\/types\/post"}],"author":[{"embeddable":true,"href":"https:\/\/jornaldasoficinas.com\/pt\/wp-json\/wp\/v2\/users\/15"}],"replies":[{"embeddable":true,"href":"https:\/\/jornaldasoficinas.com\/pt\/wp-json\/wp\/v2\/comments?post=13119"}],"version-history":[{"count":0,"href":"https:\/\/jornaldasoficinas.com\/pt\/wp-json\/wp\/v2\/posts\/13119\/revisions"}],"wp:featuredmedia":[{"embeddable":true,"href":"https:\/\/jornaldasoficinas.com\/pt\/wp-json\/wp\/v2\/media\/13120"}],"wp:attachment":[{"href":"https:\/\/jornaldasoficinas.com\/pt\/wp-json\/wp\/v2\/media?parent=13119"}],"wp:term":[{"taxonomy":"category","embeddable":true,"href":"https:\/\/jornaldasoficinas.com\/pt\/wp-json\/wp\/v2\/categories?post=13119"},{"taxonomy":"post_tag","embeddable":true,"href":"https:\/\/jornaldasoficinas.com\/pt\/wp-json\/wp\/v2\/tags?post=13119"}],"curies":[{"name":"wp","href":"https:\/\/api.w.org\/{rel}","templated":true}]}}