{"id":13122,"date":"2020-05-14T15:31:09","date_gmt":"2020-05-14T14:31:09","guid":{"rendered":"https:\/\/jornaldasoficinas.com\/pt\/?p=13122"},"modified":"2023-07-20T16:06:15","modified_gmt":"2023-07-20T15:06:15","slug":"uber-anuncia-plano-de-seguranca-para-todos-os-utilizadores-da-aplicacao-em-portugal","status":"publish","type":"post","link":"https:\/\/jornaldasoficinas.com\/pt\/uber-anuncia-plano-de-seguranca-para-todos-os-utilizadores-da-aplicacao-em-portugal\/","title":{"rendered":"Uber anuncia plano de seguran\u00e7a para todos os utilizadores da aplica\u00e7\u00e3o em Portugal"},"content":{"rendered":"<p><img loading=\"lazy\" decoding=\"async\" class=\"alignnone wp-image-13123 size-full\" src=\"https:\/\/jornaldasoficinas.com\/pt\/wp-content\/uploads\/2020\/05\/ubermask.png\" alt=\"05 - ubermask\" width=\"1024\" height=\"581\" srcset=\"https:\/\/jornaldasoficinas.com\/pt\/wp-content\/uploads\/2020\/05\/ubermask.png 1024w, https:\/\/jornaldasoficinas.com\/pt\/wp-content\/uploads\/2020\/05\/ubermask-300x170.png 300w, https:\/\/jornaldasoficinas.com\/pt\/wp-content\/uploads\/2020\/05\/ubermask-150x85.png 150w, https:\/\/jornaldasoficinas.com\/pt\/wp-content\/uploads\/2020\/05\/ubermask-768x436.png 768w\" sizes=\"auto, (max-width: 1024px) 100vw, 1024px\" \/><\/p>\n<p><strong>A Uber refor\u00e7a o seu compromisso de garantir a seguran\u00e7a de todos os utilizadores e anuncia plano focado na seguran\u00e7a para apoiar motoristas, passageiros, restaurantes e parceiros de entrega que optam por continuar a utilizar as aplica\u00e7\u00f5es Uber e Uber Eats.<\/strong><\/p>\n<p>At\u00e9 ao momento, a Uber distribuiu um total de 16 mil desinfetantes (gel para m\u00e3os e <em>sprays<\/em> de superf\u00edcie, por exemplo) de forma gratuita em todo o pa\u00eds. Os motoristas que recorrem \u00e0 aplica\u00e7\u00e3o da Uber e os parceiros de entrega do Uber Eats receberam oito mil desinfetantes, respetivamente.<\/p>\n<p>Adicionalmente, a Uber est\u00e1 a distribuir cerca de 300 mil m\u00e1scaras de prote\u00e7\u00e3o atrav\u00e9s dos postos de abastecimento Prio e de restaurantes parceiros para motoristas e operadores de entrega.<\/p>\n<p>Agora, saiba em que consiste o lan\u00e7amento da nova tecnologia de seguran\u00e7a na aplica\u00e7\u00e3o:<\/p>\n<p><strong>\u2022 Sistema inteligente de verifica\u00e7\u00e3o facial<\/strong><\/p>\n<p>Antes de ficarem <em>online<\/em>, ser\u00e1 solicitado aos motoristas e parceiros de entrega que confirmem a utiliza\u00e7\u00e3o de m\u00e1scara, tirando uma <em>selfie<\/em> com a mesma colocada<\/p>\n<p><strong><em>\u2022 Checklist online<\/em><\/strong><strong> para motoristas<\/strong><\/p>\n<p>Antes de ficarem <em>online<\/em> e aceitarem viagens, ser\u00e3o convidados a confirmar que tomaram as precau\u00e7\u00f5es de seguran\u00e7a adicionais, como assegurar que os passageiros se sentam apenas no banco de tr\u00e1s, higienizaram o ve\u00edculo e procederam a outras recomenda\u00e7\u00f5es de higiene.<\/p>\n<p>As medidas tomadas pelos motoristas ser\u00e3o comunicadas aos utilizadores atrav\u00e9s da aplica\u00e7\u00e3o antes de viagem. Estes poder\u00e3o cancel\u00e1-la se n\u00e3o se sentirem confort\u00e1veis com as medidas tomadas.<\/p>\n<p><strong><em>\u2022 Checklist online<\/em><\/strong><strong> para parceiros de entrega Uber Eats<\/strong><\/p>\n<p>Antes de ficarem <em>online<\/em>, ser\u00e1 solicitado aos parceiros de entrega que\u00a0 confirmem que tomaram certas medidas de seguran\u00e7a, como uso de uma m\u00e1scara, higieniza\u00e7\u00e3o da mochila de entrega, respeito das medidas de distanciamento social e instru\u00e7\u00f5es de entrega sem contacto ao entregar um pedido.<\/p>\n<p><strong><em>\u2022 Checklist online<\/em><\/strong><strong> para utilizadores de viagens Uber<\/strong><\/p>\n<p>Ser\u00e1 solicitado aos utilizadores de viagens Uber que confirmem que tomaram algumas medidas importantes de seguran\u00e7a recomendadas pela Organiza\u00e7\u00e3o Mundial de Sa\u00fade ou pela Dire\u00e7\u00e3o-Geral de Sa\u00fade, como a utiliza\u00e7\u00e3o de m\u00e1scara, sentarem-se apenas no banco de tr\u00e1s, lavar as m\u00e3os e abrir as janelas para ventila\u00e7\u00e3o.<\/p>\n<p><strong><em>\u2022 Feedback <\/em><\/strong><strong>de seguran\u00e7a e higiene<\/strong><\/p>\n<p>Todos os utilizadores da plataforma\u00a0 &#8211; motoristas, parceiros e clientes &#8211; v\u00e3o ter a op\u00e7\u00e3o de deixar o seu<em> feedback<\/em> no final da viagem ou da entrega acerca da experi\u00eancia de seguran\u00e7a, para que haja responsabiliza\u00e7\u00e3o m\u00fatua e que todos tenham comportamentos respons\u00e1veis ao utilizarem os servi\u00e7os dispon\u00edveis na plataforma.<\/p>\n<p>&#8220;Continuamos focados em proteger a sa\u00fade e a seguran\u00e7a de todos os envolvidos na comunidade da Uber. Estamos a trabalhar, diariamente, no sentido de refor\u00e7ar as pr\u00e1ticas de seguran\u00e7a e fornecer, gratuitamente, materiais sanit\u00e1rios e de prote\u00e7\u00e3o aos motoristas e parceiros de entrega que colaboram com a Uber. Teremos, tamb\u00e9m, especial aten\u00e7\u00e3o ao <em>feedback <\/em>de utilizadores e atuaremos em tempo \u00fatil de modo a garantir a seguran\u00e7a de todos\u201d, frisou Manuel Pina, diretor-geral da Uber em Portugal.<\/p>\n","protected":false},"excerpt":{"rendered":"<p>A Uber refor\u00e7a o seu compromisso&#8230;<\/p>\n","protected":false},"author":15,"featured_media":13123,"comment_status":"closed","ping_status":"closed","sticky":false,"template":"","format":"standard","meta":{"footnotes":""},"categories":[29],"tags":[931],"class_list":["post-13122","post","type-post","status-publish","format-standard","has-post-thumbnail","hentry","category-empresas","tag-uber"],"yoast_head":"<!-- This site is optimized with the Yoast SEO plugin v27.4 - https:\/\/yoast.com\/product\/yoast-seo-wordpress\/ -->\n<title>Uber anuncia plano de seguran\u00e7a para todos os utilizadores da aplica\u00e7\u00e3o em Portugal - Jornal das Oficinas<\/title>\n<meta name=\"robots\" content=\"index, follow, max-snippet:-1, max-image-preview:large, max-video-preview:-1\" \/>\n<link rel=\"canonical\" href=\"https:\/\/jornaldasoficinas.com\/pt\/uber-anuncia-plano-de-seguranca-para-todos-os-utilizadores-da-aplicacao-em-portugal\/\" \/>\n<meta property=\"og:locale\" content=\"pt_PT\" \/>\n<meta property=\"og:type\" content=\"article\" \/>\n<meta property=\"og:title\" content=\"Uber anuncia plano de seguran\u00e7a para todos os utilizadores da aplica\u00e7\u00e3o em Portugal - Jornal das Oficinas\" \/>\n<meta property=\"og:description\" content=\"A Uber refor\u00e7a o seu compromisso...\" \/>\n<meta property=\"og:url\" content=\"https:\/\/jornaldasoficinas.com\/pt\/uber-anuncia-plano-de-seguranca-para-todos-os-utilizadores-da-aplicacao-em-portugal\/\" \/>\n<meta property=\"og:site_name\" content=\"Jornal das Oficinas\" \/>\n<meta property=\"article:publisher\" content=\"https:\/\/www.facebook.com\/jornaloficinas\" \/>\n<meta property=\"article:published_time\" content=\"2020-05-14T14:31:09+00:00\" \/>\n<meta property=\"article:modified_time\" content=\"2023-07-20T15:06:15+00:00\" \/>\n<meta property=\"og:image\" content=\"https:\/\/jornaldasoficinas.com\/pt\/wp-content\/uploads\/2020\/05\/ubermask.png\" \/>\n\t<meta property=\"og:image:width\" content=\"1024\" \/>\n\t<meta property=\"og:image:height\" content=\"581\" \/>\n\t<meta property=\"og:image:type\" content=\"image\/png\" \/>\n<meta name=\"author\" content=\"Reda\u00e7\u00e3o JO\" \/>\n<meta name=\"twitter:card\" content=\"summary_large_image\" \/>\n<meta name=\"twitter:creator\" content=\"@jornaloficinas\" \/>\n<meta name=\"twitter:site\" content=\"@jornaloficinas\" \/>\n<meta name=\"twitter:label1\" content=\"Escrito por\" \/>\n\t<meta name=\"twitter:data1\" content=\"Reda\u00e7\u00e3o JO\" \/>\n\t<meta name=\"twitter:label2\" content=\"Tempo estimado de leitura\" \/>\n\t<meta name=\"twitter:data2\" content=\"3 minutos\" \/>\n<script type=\"application\/ld+json\" class=\"yoast-schema-graph\">{\"@context\":\"https:\\\/\\\/schema.org\",\"@graph\":[{\"@type\":\"Article\",\"@id\":\"https:\\\/\\\/jornaldasoficinas.com\\\/pt\\\/uber-anuncia-plano-de-seguranca-para-todos-os-utilizadores-da-aplicacao-em-portugal\\\/#article\",\"isPartOf\":{\"@id\":\"https:\\\/\\\/jornaldasoficinas.com\\\/pt\\\/uber-anuncia-plano-de-seguranca-para-todos-os-utilizadores-da-aplicacao-em-portugal\\\/\"},\"author\":{\"name\":\"Reda\u00e7\u00e3o JO\",\"@id\":\"https:\\\/\\\/jornaldasoficinas.com\\\/pt\\\/#\\\/schema\\\/person\\\/a38eef5de2c41d9e7c9ac10141afddf3\"},\"headline\":\"Uber anuncia plano de seguran\u00e7a para todos os utilizadores da aplica\u00e7\u00e3o em Portugal\",\"datePublished\":\"2020-05-14T14:31:09+00:00\",\"dateModified\":\"2023-07-20T15:06:15+00:00\",\"mainEntityOfPage\":{\"@id\":\"https:\\\/\\\/jornaldasoficinas.com\\\/pt\\\/uber-anuncia-plano-de-seguranca-para-todos-os-utilizadores-da-aplicacao-em-portugal\\\/\"},\"wordCount\":548,\"publisher\":{\"@id\":\"https:\\\/\\\/jornaldasoficinas.com\\\/pt\\\/#organization\"},\"image\":{\"@id\":\"https:\\\/\\\/jornaldasoficinas.com\\\/pt\\\/uber-anuncia-plano-de-seguranca-para-todos-os-utilizadores-da-aplicacao-em-portugal\\\/#primaryimage\"},\"thumbnailUrl\":\"https:\\\/\\\/jornaldasoficinas.com\\\/pt\\\/wp-content\\\/uploads\\\/2020\\\/05\\\/ubermask.png\",\"keywords\":[\"Uber\"],\"articleSection\":[\"Empresas\"],\"inLanguage\":\"pt-PT\"},{\"@type\":\"WebPage\",\"@id\":\"https:\\\/\\\/jornaldasoficinas.com\\\/pt\\\/uber-anuncia-plano-de-seguranca-para-todos-os-utilizadores-da-aplicacao-em-portugal\\\/\",\"url\":\"https:\\\/\\\/jornaldasoficinas.com\\\/pt\\\/uber-anuncia-plano-de-seguranca-para-todos-os-utilizadores-da-aplicacao-em-portugal\\\/\",\"name\":\"Uber anuncia plano de seguran\u00e7a para todos os utilizadores da aplica\u00e7\u00e3o em Portugal - Jornal das Oficinas\",\"isPartOf\":{\"@id\":\"https:\\\/\\\/jornaldasoficinas.com\\\/pt\\\/#website\"},\"primaryImageOfPage\":{\"@id\":\"https:\\\/\\\/jornaldasoficinas.com\\\/pt\\\/uber-anuncia-plano-de-seguranca-para-todos-os-utilizadores-da-aplicacao-em-portugal\\\/#primaryimage\"},\"image\":{\"@id\":\"https:\\\/\\\/jornaldasoficinas.com\\\/pt\\\/uber-anuncia-plano-de-seguranca-para-todos-os-utilizadores-da-aplicacao-em-portugal\\\/#primaryimage\"},\"thumbnailUrl\":\"https:\\\/\\\/jornaldasoficinas.com\\\/pt\\\/wp-content\\\/uploads\\\/2020\\\/05\\\/ubermask.png\",\"datePublished\":\"2020-05-14T14:31:09+00:00\",\"dateModified\":\"2023-07-20T15:06:15+00:00\",\"breadcrumb\":{\"@id\":\"https:\\\/\\\/jornaldasoficinas.com\\\/pt\\\/uber-anuncia-plano-de-seguranca-para-todos-os-utilizadores-da-aplicacao-em-portugal\\\/#breadcrumb\"},\"inLanguage\":\"pt-PT\",\"potentialAction\":[{\"@type\":\"ReadAction\",\"target\":[\"https:\\\/\\\/jornaldasoficinas.com\\\/pt\\\/uber-anuncia-plano-de-seguranca-para-todos-os-utilizadores-da-aplicacao-em-portugal\\\/\"]}]},{\"@type\":\"ImageObject\",\"inLanguage\":\"pt-PT\",\"@id\":\"https:\\\/\\\/jornaldasoficinas.com\\\/pt\\\/uber-anuncia-plano-de-seguranca-para-todos-os-utilizadores-da-aplicacao-em-portugal\\\/#primaryimage\",\"url\":\"https:\\\/\\\/jornaldasoficinas.com\\\/pt\\\/wp-content\\\/uploads\\\/2020\\\/05\\\/ubermask.png\",\"contentUrl\":\"https:\\\/\\\/jornaldasoficinas.com\\\/pt\\\/wp-content\\\/uploads\\\/2020\\\/05\\\/ubermask.png\",\"width\":1024,\"height\":581,\"caption\":\"05 - ubermask\"},{\"@type\":\"BreadcrumbList\",\"@id\":\"https:\\\/\\\/jornaldasoficinas.com\\\/pt\\\/uber-anuncia-plano-de-seguranca-para-todos-os-utilizadores-da-aplicacao-em-portugal\\\/#breadcrumb\",\"itemListElement\":[{\"@type\":\"ListItem\",\"position\":1,\"name\":\"In\u00edcio\",\"item\":\"https:\\\/\\\/jornaldasoficinas.com\\\/pt\\\/\"},{\"@type\":\"ListItem\",\"position\":2,\"name\":\"Uber anuncia plano de seguran\u00e7a para todos os utilizadores da aplica\u00e7\u00e3o em Portugal\"}]},{\"@type\":\"WebSite\",\"@id\":\"https:\\\/\\\/jornaldasoficinas.com\\\/pt\\\/#website\",\"url\":\"https:\\\/\\\/jornaldasoficinas.com\\\/pt\\\/\",\"name\":\"Jornal das Oficinas\",\"description\":\"Jornal independente do Aftermarket Autom\u00f3vel em Portugal\",\"publisher\":{\"@id\":\"https:\\\/\\\/jornaldasoficinas.com\\\/pt\\\/#organization\"},\"potentialAction\":[{\"@type\":\"SearchAction\",\"target\":{\"@type\":\"EntryPoint\",\"urlTemplate\":\"https:\\\/\\\/jornaldasoficinas.com\\\/pt\\\/?s={search_term_string}\"},\"query-input\":{\"@type\":\"PropertyValueSpecification\",\"valueRequired\":true,\"valueName\":\"search_term_string\"}}],\"inLanguage\":\"pt-PT\"},{\"@type\":\"Organization\",\"@id\":\"https:\\\/\\\/jornaldasoficinas.com\\\/pt\\\/#organization\",\"name\":\"Jornal das Oficinas\",\"url\":\"https:\\\/\\\/jornaldasoficinas.com\\\/pt\\\/\",\"logo\":{\"@type\":\"ImageObject\",\"inLanguage\":\"pt-PT\",\"@id\":\"https:\\\/\\\/jornaldasoficinas.com\\\/pt\\\/#\\\/schema\\\/logo\\\/image\\\/\",\"url\":\"https:\\\/\\\/jornaldasoficinas.com\\\/pt\\\/wp-content\\\/uploads\\\/logoJO-SEO.png\",\"contentUrl\":\"https:\\\/\\\/jornaldasoficinas.com\\\/pt\\\/wp-content\\\/uploads\\\/logoJO-SEO.png\",\"width\":285,\"height\":450,\"caption\":\"Jornal das Oficinas\"},\"image\":{\"@id\":\"https:\\\/\\\/jornaldasoficinas.com\\\/pt\\\/#\\\/schema\\\/logo\\\/image\\\/\"},\"sameAs\":[\"https:\\\/\\\/www.facebook.com\\\/jornaloficinas\",\"https:\\\/\\\/x.com\\\/jornaloficinas\",\"https:\\\/\\\/www.instagram.com\\\/jornal_oficinas\\\/\",\"https:\\\/\\\/www.linkedin.com\\\/company\\\/jornal-das-oficinas\\\/\",\"https:\\\/\\\/www.youtube.com\\\/channel\\\/UCbQZBqtcvV-oSQrr7RzINGg\"]},{\"@type\":\"Person\",\"@id\":\"https:\\\/\\\/jornaldasoficinas.com\\\/pt\\\/#\\\/schema\\\/person\\\/a38eef5de2c41d9e7c9ac10141afddf3\",\"name\":\"Reda\u00e7\u00e3o JO\",\"image\":{\"@type\":\"ImageObject\",\"inLanguage\":\"pt-PT\",\"@id\":\"https:\\\/\\\/secure.gravatar.com\\\/avatar\\\/71f2fa71737ad68a84fea94bc708ddac8ea5b0c4788dc2ad202f3ccb2887742f?s=96&d=wp_user_avatar&r=g\",\"url\":\"https:\\\/\\\/secure.gravatar.com\\\/avatar\\\/71f2fa71737ad68a84fea94bc708ddac8ea5b0c4788dc2ad202f3ccb2887742f?s=96&d=wp_user_avatar&r=g\",\"contentUrl\":\"https:\\\/\\\/secure.gravatar.com\\\/avatar\\\/71f2fa71737ad68a84fea94bc708ddac8ea5b0c4788dc2ad202f3ccb2887742f?s=96&d=wp_user_avatar&r=g\",\"caption\":\"Reda\u00e7\u00e3o JO\"},\"url\":\"https:\\\/\\\/jornaldasoficinas.com\\\/pt\\\/author\\\/joredacao\\\/\"}]}<\/script>\n<!-- \/ Yoast SEO plugin. -->","yoast_head_json":{"title":"Uber anuncia plano de seguran\u00e7a para todos os utilizadores da aplica\u00e7\u00e3o em Portugal - Jornal das Oficinas","robots":{"index":"index","follow":"follow","max-snippet":"max-snippet:-1","max-image-preview":"max-image-preview:large","max-video-preview":"max-video-preview:-1"},"canonical":"https:\/\/jornaldasoficinas.com\/pt\/uber-anuncia-plano-de-seguranca-para-todos-os-utilizadores-da-aplicacao-em-portugal\/","og_locale":"pt_PT","og_type":"article","og_title":"Uber anuncia plano de seguran\u00e7a para todos os utilizadores da aplica\u00e7\u00e3o em Portugal - Jornal das Oficinas","og_description":"A Uber refor\u00e7a o seu compromisso...","og_url":"https:\/\/jornaldasoficinas.com\/pt\/uber-anuncia-plano-de-seguranca-para-todos-os-utilizadores-da-aplicacao-em-portugal\/","og_site_name":"Jornal das Oficinas","article_publisher":"https:\/\/www.facebook.com\/jornaloficinas","article_published_time":"2020-05-14T14:31:09+00:00","article_modified_time":"2023-07-20T15:06:15+00:00","og_image":[{"width":1024,"height":581,"url":"https:\/\/jornaldasoficinas.com\/pt\/wp-content\/uploads\/2020\/05\/ubermask.png","type":"image\/png"}],"author":"Reda\u00e7\u00e3o JO","twitter_card":"summary_large_image","twitter_creator":"@jornaloficinas","twitter_site":"@jornaloficinas","twitter_misc":{"Escrito por":"Reda\u00e7\u00e3o JO","Tempo estimado de leitura":"3 minutos"},"schema":{"@context":"https:\/\/schema.org","@graph":[{"@type":"Article","@id":"https:\/\/jornaldasoficinas.com\/pt\/uber-anuncia-plano-de-seguranca-para-todos-os-utilizadores-da-aplicacao-em-portugal\/#article","isPartOf":{"@id":"https:\/\/jornaldasoficinas.com\/pt\/uber-anuncia-plano-de-seguranca-para-todos-os-utilizadores-da-aplicacao-em-portugal\/"},"author":{"name":"Reda\u00e7\u00e3o JO","@id":"https:\/\/jornaldasoficinas.com\/pt\/#\/schema\/person\/a38eef5de2c41d9e7c9ac10141afddf3"},"headline":"Uber anuncia plano de seguran\u00e7a para todos os utilizadores da aplica\u00e7\u00e3o em Portugal","datePublished":"2020-05-14T14:31:09+00:00","dateModified":"2023-07-20T15:06:15+00:00","mainEntityOfPage":{"@id":"https:\/\/jornaldasoficinas.com\/pt\/uber-anuncia-plano-de-seguranca-para-todos-os-utilizadores-da-aplicacao-em-portugal\/"},"wordCount":548,"publisher":{"@id":"https:\/\/jornaldasoficinas.com\/pt\/#organization"},"image":{"@id":"https:\/\/jornaldasoficinas.com\/pt\/uber-anuncia-plano-de-seguranca-para-todos-os-utilizadores-da-aplicacao-em-portugal\/#primaryimage"},"thumbnailUrl":"https:\/\/jornaldasoficinas.com\/pt\/wp-content\/uploads\/2020\/05\/ubermask.png","keywords":["Uber"],"articleSection":["Empresas"],"inLanguage":"pt-PT"},{"@type":"WebPage","@id":"https:\/\/jornaldasoficinas.com\/pt\/uber-anuncia-plano-de-seguranca-para-todos-os-utilizadores-da-aplicacao-em-portugal\/","url":"https:\/\/jornaldasoficinas.com\/pt\/uber-anuncia-plano-de-seguranca-para-todos-os-utilizadores-da-aplicacao-em-portugal\/","name":"Uber anuncia plano de seguran\u00e7a para todos os utilizadores da aplica\u00e7\u00e3o em Portugal - Jornal das Oficinas","isPartOf":{"@id":"https:\/\/jornaldasoficinas.com\/pt\/#website"},"primaryImageOfPage":{"@id":"https:\/\/jornaldasoficinas.com\/pt\/uber-anuncia-plano-de-seguranca-para-todos-os-utilizadores-da-aplicacao-em-portugal\/#primaryimage"},"image":{"@id":"https:\/\/jornaldasoficinas.com\/pt\/uber-anuncia-plano-de-seguranca-para-todos-os-utilizadores-da-aplicacao-em-portugal\/#primaryimage"},"thumbnailUrl":"https:\/\/jornaldasoficinas.com\/pt\/wp-content\/uploads\/2020\/05\/ubermask.png","datePublished":"2020-05-14T14:31:09+00:00","dateModified":"2023-07-20T15:06:15+00:00","breadcrumb":{"@id":"https:\/\/jornaldasoficinas.com\/pt\/uber-anuncia-plano-de-seguranca-para-todos-os-utilizadores-da-aplicacao-em-portugal\/#breadcrumb"},"inLanguage":"pt-PT","potentialAction":[{"@type":"ReadAction","target":["https:\/\/jornaldasoficinas.com\/pt\/uber-anuncia-plano-de-seguranca-para-todos-os-utilizadores-da-aplicacao-em-portugal\/"]}]},{"@type":"ImageObject","inLanguage":"pt-PT","@id":"https:\/\/jornaldasoficinas.com\/pt\/uber-anuncia-plano-de-seguranca-para-todos-os-utilizadores-da-aplicacao-em-portugal\/#primaryimage","url":"https:\/\/jornaldasoficinas.com\/pt\/wp-content\/uploads\/2020\/05\/ubermask.png","contentUrl":"https:\/\/jornaldasoficinas.com\/pt\/wp-content\/uploads\/2020\/05\/ubermask.png","width":1024,"height":581,"caption":"05 - ubermask"},{"@type":"BreadcrumbList","@id":"https:\/\/jornaldasoficinas.com\/pt\/uber-anuncia-plano-de-seguranca-para-todos-os-utilizadores-da-aplicacao-em-portugal\/#breadcrumb","itemListElement":[{"@type":"ListItem","position":1,"name":"In\u00edcio","item":"https:\/\/jornaldasoficinas.com\/pt\/"},{"@type":"ListItem","position":2,"name":"Uber anuncia plano de seguran\u00e7a para todos os utilizadores da aplica\u00e7\u00e3o em Portugal"}]},{"@type":"WebSite","@id":"https:\/\/jornaldasoficinas.com\/pt\/#website","url":"https:\/\/jornaldasoficinas.com\/pt\/","name":"Jornal das Oficinas","description":"Jornal independente do Aftermarket Autom\u00f3vel em Portugal","publisher":{"@id":"https:\/\/jornaldasoficinas.com\/pt\/#organization"},"potentialAction":[{"@type":"SearchAction","target":{"@type":"EntryPoint","urlTemplate":"https:\/\/jornaldasoficinas.com\/pt\/?s={search_term_string}"},"query-input":{"@type":"PropertyValueSpecification","valueRequired":true,"valueName":"search_term_string"}}],"inLanguage":"pt-PT"},{"@type":"Organization","@id":"https:\/\/jornaldasoficinas.com\/pt\/#organization","name":"Jornal das Oficinas","url":"https:\/\/jornaldasoficinas.com\/pt\/","logo":{"@type":"ImageObject","inLanguage":"pt-PT","@id":"https:\/\/jornaldasoficinas.com\/pt\/#\/schema\/logo\/image\/","url":"https:\/\/jornaldasoficinas.com\/pt\/wp-content\/uploads\/logoJO-SEO.png","contentUrl":"https:\/\/jornaldasoficinas.com\/pt\/wp-content\/uploads\/logoJO-SEO.png","width":285,"height":450,"caption":"Jornal das Oficinas"},"image":{"@id":"https:\/\/jornaldasoficinas.com\/pt\/#\/schema\/logo\/image\/"},"sameAs":["https:\/\/www.facebook.com\/jornaloficinas","https:\/\/x.com\/jornaloficinas","https:\/\/www.instagram.com\/jornal_oficinas\/","https:\/\/www.linkedin.com\/company\/jornal-das-oficinas\/","https:\/\/www.youtube.com\/channel\/UCbQZBqtcvV-oSQrr7RzINGg"]},{"@type":"Person","@id":"https:\/\/jornaldasoficinas.com\/pt\/#\/schema\/person\/a38eef5de2c41d9e7c9ac10141afddf3","name":"Reda\u00e7\u00e3o JO","image":{"@type":"ImageObject","inLanguage":"pt-PT","@id":"https:\/\/secure.gravatar.com\/avatar\/71f2fa71737ad68a84fea94bc708ddac8ea5b0c4788dc2ad202f3ccb2887742f?s=96&d=wp_user_avatar&r=g","url":"https:\/\/secure.gravatar.com\/avatar\/71f2fa71737ad68a84fea94bc708ddac8ea5b0c4788dc2ad202f3ccb2887742f?s=96&d=wp_user_avatar&r=g","contentUrl":"https:\/\/secure.gravatar.com\/avatar\/71f2fa71737ad68a84fea94bc708ddac8ea5b0c4788dc2ad202f3ccb2887742f?s=96&d=wp_user_avatar&r=g","caption":"Reda\u00e7\u00e3o JO"},"url":"https:\/\/jornaldasoficinas.com\/pt\/author\/joredacao\/"}]}},"_links":{"self":[{"href":"https:\/\/jornaldasoficinas.com\/pt\/wp-json\/wp\/v2\/posts\/13122","targetHints":{"allow":["GET"]}}],"collection":[{"href":"https:\/\/jornaldasoficinas.com\/pt\/wp-json\/wp\/v2\/posts"}],"about":[{"href":"https:\/\/jornaldasoficinas.com\/pt\/wp-json\/wp\/v2\/types\/post"}],"author":[{"embeddable":true,"href":"https:\/\/jornaldasoficinas.com\/pt\/wp-json\/wp\/v2\/users\/15"}],"replies":[{"embeddable":true,"href":"https:\/\/jornaldasoficinas.com\/pt\/wp-json\/wp\/v2\/comments?post=13122"}],"version-history":[{"count":0,"href":"https:\/\/jornaldasoficinas.com\/pt\/wp-json\/wp\/v2\/posts\/13122\/revisions"}],"wp:featuredmedia":[{"embeddable":true,"href":"https:\/\/jornaldasoficinas.com\/pt\/wp-json\/wp\/v2\/media\/13123"}],"wp:attachment":[{"href":"https:\/\/jornaldasoficinas.com\/pt\/wp-json\/wp\/v2\/media?parent=13122"}],"wp:term":[{"taxonomy":"category","embeddable":true,"href":"https:\/\/jornaldasoficinas.com\/pt\/wp-json\/wp\/v2\/categories?post=13122"},{"taxonomy":"post_tag","embeddable":true,"href":"https:\/\/jornaldasoficinas.com\/pt\/wp-json\/wp\/v2\/tags?post=13122"}],"curies":[{"name":"wp","href":"https:\/\/api.w.org\/{rel}","templated":true}]}}