{"id":13181,"date":"2020-05-17T23:32:53","date_gmt":"2020-05-17T22:32:53","guid":{"rendered":"https:\/\/jornaldasoficinas.com\/pt\/?p=13181"},"modified":"2020-05-17T23:32:53","modified_gmt":"2020-05-17T22:32:53","slug":"proracio-divulga-programa-adaptar-microempresas","status":"publish","type":"post","link":"https:\/\/jornaldasoficinas.com\/pt\/proracio-divulga-programa-adaptar-microempresas\/","title":{"rendered":"Pror\u00e1cio divulga Programa ADAPTAR microempresas"},"content":{"rendered":"<p><img loading=\"lazy\" decoding=\"async\" class=\"alignnone wp-image-13182 size-full\" src=\"https:\/\/jornaldasoficinas.com\/pt\/wp-content\/uploads\/2020\/05\/proracioprogramaadaptar.png\" alt=\"05 - proracioprogramaadaptar\" width=\"1024\" height=\"581\" srcset=\"https:\/\/jornaldasoficinas.com\/pt\/wp-content\/uploads\/2020\/05\/proracioprogramaadaptar.png 1024w, https:\/\/jornaldasoficinas.com\/pt\/wp-content\/uploads\/2020\/05\/proracioprogramaadaptar-300x170.png 300w, https:\/\/jornaldasoficinas.com\/pt\/wp-content\/uploads\/2020\/05\/proracioprogramaadaptar-150x85.png 150w, https:\/\/jornaldasoficinas.com\/pt\/wp-content\/uploads\/2020\/05\/proracioprogramaadaptar-768x436.png 768w\" sizes=\"auto, (max-width: 1024px) 100vw, 1024px\" \/><\/p>\n<p><strong>O Programa ADAPTAR, regulado pelo Decreto-Lei n.\u00b0 20-G\/2020, de 14 de maio, o qual cria o \u201cSistema de incentivos \u00e0 adapta\u00e7\u00e3o da atividade das microempresas ao contexto da pandemia de Covid-19\u201d, foi divulgado pela Pror\u00e1cio &#8211; Consultoria e Gest\u00e3o, Lda.<\/strong><\/p>\n<p>Entretanto, foi j\u00e1 publicado, no dia 15 de maio de 2020, o aviso para a apresenta\u00e7\u00e3o de candidaturas de microempresas ao Programa ADAPTAR.<\/p>\n<p>Pelo que a <a href=\"http:\/\/www.proracio.pt\/\" target=\"_blank\" rel=\"noopener noreferrer\">Pror\u00e1cio<\/a> deixa, a seguir, um resumo do referido aviso, destacando os seguintes aspetos:<\/p>\n<p><strong>\u00c1rea geogr\u00e1fica de aplica\u00e7\u00e3o<\/strong><\/p>\n<p>O presente aviso tem aplicabilidade em todo o territ\u00f3rio do continente.<\/p>\n<p><strong>\u00c2mbito setorial<\/strong><\/p>\n<p>Todos os setores de atividade, incluindo com\u00e9rcio e servi\u00e7os, alojamento, restaura\u00e7\u00e3o, ind\u00fastria e transportes, com exclus\u00e3o dos setores de pesca e aquicultura, produ\u00e7\u00e3o agr\u00edcola prim\u00e1ria e florestas, transforma\u00e7\u00e3o e comercializa\u00e7\u00e3o de produtos agr\u00edcolas, atividades financeiras e de seguros, defesa, lotarias e outros jogos de aposta.<\/p>\n<p><strong>Condi\u00e7\u00f5s espec\u00edficas do aviso \u2013 benefici\u00e1rios e projetos<\/strong><\/p>\n<p><strong>\u00a0<\/strong>Os projetos a apoiar t\u00eam de cumprir os crit\u00e9rios de elegibilidade do benefici\u00e1rio e dos projetos, designadamente:<\/p>\n<p>\u2022 O benefici\u00e1rio tem de estar legalmente constitu\u00eddo a 1 de mar\u00e7o de 2020;<\/p>\n<p>\u2022 O benefici\u00e1rio tem de dispor de contabilidade organizada;<\/p>\n<p>\u2022 Obter o estatuto de microempresa (certificado eletr\u00f3nico emitido pelo IAPMEI) em como emprega menos de 10 pessoas e tem um volume de neg\u00f3cios anual ou balan\u00e7o total n\u00e3o superior a dois milh\u00f5es de euros;<\/p>\n<p>\u2022 Ter, ou poder assegurar, at\u00e9 \u00e0 assinatura do termo de aceita\u00e7\u00e3o, que disp\u00f5e de situa\u00e7\u00e3o tribut\u00e1ria e contributiva regularizada perante a administra\u00e7\u00e3o fiscal e a seguran\u00e7a social;<\/p>\n<p>\u2022 O projeto tem de ter por objetivo a realiza\u00e7\u00e3o de um investimento de valor em despesas eleg\u00edveis n\u00e3o inferior a \u20ac500 e n\u00e3o superior a \u20ac5.000;<\/p>\n<p>\u2022 O projeto tem de ter uma dura\u00e7\u00e3o m\u00e1xima de execu\u00e7\u00e3o de seis meses, a contar da data de notifica\u00e7\u00e3o da decis\u00e3o favor\u00e1vel, tendo como data limite 31 de dezembro de 2020.<\/p>\n<p><strong>Despesas eleg\u00edveis<\/strong><\/p>\n<p><strong>\u00a0<\/strong>S\u00e3o eleg\u00edveis as seguintes despesas realizadas a partir do dia 18 de mar\u00e7o de 2020:<\/p>\n<p>\u2022 Aquisi\u00e7\u00e3o de Equipamentos de Prote\u00e7\u00e3o Individual necess\u00e1rios para um per\u00edodo m\u00e1ximo de seis meses para utiliza\u00e7\u00e3o pelos trabalhadores e clientes em espa\u00e7os com atendimento ao p\u00fablico, nomeadamente, m\u00e1scaras, luvas, viseiras e outros;<\/p>\n<p>\u2022 Aquisi\u00e7\u00e3o e instala\u00e7\u00e3o de equipamentos de higieniza\u00e7\u00e3o e de dispensa autom\u00e1tica de desinfetantes, bem como respetivos consum\u00edveis, para um per\u00edodo m\u00e1ximo de seis meses, nomeadamente solu\u00e7\u00e3o desinfetante;<\/p>\n<p>\u2022 Contrata\u00e7\u00e3o de servi\u00e7os de desinfe\u00e7\u00e3o das instala\u00e7\u00f5es por um per\u00edodo m\u00e1ximo de seis meses;<\/p>\n<p>\u2022 Aquisi\u00e7\u00e3o e instala\u00e7\u00e3o de dispositivos de pagamento autom\u00e1tico, abrangendo os que utilizem tecnologia <em>contactless<\/em>, incluindo os custos com a contrata\u00e7\u00e3o do servi\u00e7o para um per\u00edodo m\u00e1ximo de seis meses;<\/p>\n<p>\u2022 Custos iniciais associados \u00e0 domicilia\u00e7\u00e3o de aplica\u00e7\u00f5es, ades\u00e3o inicial a plataformas eletr\u00f3nicas, subscri\u00e7\u00e3o inicial de aplica\u00e7\u00f5es em regime de <em>software as a servisse<\/em>, cria\u00e7\u00e3o e publica\u00e7\u00e3o inicial de novos conte\u00fados eletr\u00f3nicos, bem como a inclus\u00e3o ou cataloga\u00e7\u00e3o em diret\u00f3rios ou motores de busca;<\/p>\n<p>\u2022 Reorganiza\u00e7\u00e3o e adapta\u00e7\u00e3o de locais de trabalho e de <em>lay out<\/em> de espa\u00e7os \u00e0s orienta\u00e7\u00f5es e boas pr\u00e1ticas do atual contexto, designadamente instala\u00e7\u00e3o de portas autom\u00e1ticas, instala\u00e7\u00e3o de ilumina\u00e7\u00e3o por sensor, instala\u00e7\u00e3o de dispensadores por sensor nas casas de banho, cria\u00e7\u00e3o de \u00e1reas de conting\u00eancia, entre outros;<\/p>\n<p>\u2022 Isolamento f\u00edsico de espa\u00e7os de produ\u00e7\u00e3o ou de venda ou presta\u00e7\u00e3o de servi\u00e7os, designadamente instala\u00e7\u00e3o de divis\u00f3rias entre equipamentos, c\u00e9lulas de produ\u00e7\u00e3o, secret\u00e1rias, postos ou balc\u00f5es de atendimento;<\/p>\n<p>\u2022 Aquisi\u00e7\u00e3o e instala\u00e7\u00e3o de outros dispositivos de controlo e distanciamento f\u00edsico;<\/p>\n<p>\u2022 Custos com a aquisi\u00e7\u00e3o e coloca\u00e7\u00e3o de informa\u00e7\u00e3o e orienta\u00e7\u00e3o aos colaboradores e ao p\u00fablico, incluindo sinaliza\u00e7\u00e3o vertical e horizontal, no interior e exterior dos espa\u00e7os.<\/p>\n<p><strong>Despesas n\u00e3o eleg\u00edveis<\/strong><\/p>\n<p>\u2022 Trabalhos da empresa para ela pr\u00f3pria;<\/p>\n<p>\u2022 Aquisi\u00e7\u00e3o de bens em estado de uso.<\/p>\n<p><strong>Taxa de financiamento dos projetos e pagamentos<\/strong><\/p>\n<p>\u2022 Os apoios s\u00e3o atribu\u00eddos sob a forma de subven\u00e7\u00e3o n\u00e3o reembols\u00e1vel (fundo perdido), sendo aplicada uma taxa de apoio de 80% sobre o tal das despesas consideradas eleg\u00edveis at\u00e9 um patamar m\u00e1ximo de \u20ac5.000 e m\u00ednimo de \u20ac500;<\/p>\n<p>\u2022 Com a confirma\u00e7\u00e3o pelo benefici\u00e1rio da aceita\u00e7\u00e3o do termo da decis\u00e3o no Balc\u00e3o 2020, \u00e9 pago, automaticamente, um adiantamento de 50% do incentivo aprovado;<\/p>\n<p>\u2022 O pedido de pagamento final deve ser apresentado pelo benefici\u00e1rio no prazo m\u00e1ximo de 30 dias \u00fateis ap\u00f3s a data da conclus\u00e3o do projeto, sendo o montante de incentivo apurado com base em declara\u00e7\u00e3o de despesa de realiza\u00e7\u00e3o de investimento eleg\u00edvel subscrita pela empresa e certificada pelo contabilista certificado.<\/p>\n<p><strong>Apresenta\u00e7\u00e3o das candidaturas<\/strong><\/p>\n<p><strong>\u00a0<\/strong>A apresenta\u00e7\u00e3o das candidaturas \u00e9 efetuada ap\u00f3s registo pr\u00e9vio da empresa no Balc\u00e3o 2020 e atrav\u00e9s de submiss\u00e3o no Balc\u00e3o 2020 do formul\u00e1rio eletr\u00f3nico simplificado e disponibilizado na plataforma do Sistema de Incentivos \u00e0s Empresa do PT2020.<\/p>\n<p>S\u00e3o estes os principais aspetos a ter em linha de conta na candidatura das microempresas ao Programa ADAPTAR. No entanto, existem outros de natureza operacional que tamb\u00e9m s\u00e3o importantes, mas que devem ser vistos de forma casu\u00edstica.<\/p>\n","protected":false},"excerpt":{"rendered":"<p>O Programa ADAPTAR, regulado pelo Decreto-Lei&#8230;<\/p>\n","protected":false},"author":15,"featured_media":13182,"comment_status":"closed","ping_status":"closed","sticky":false,"template":"","format":"standard","meta":{"footnotes":""},"categories":[37],"tags":[1790,1789,2269,2213],"class_list":["post-13181","post","type-post","status-publish","format-standard","has-post-thumbnail","hentry","category-mercado","tag-coronavirus","tag-covid-19","tag-programa-adaptar","tag-proracio-consultoria-e-gestao-lda"],"yoast_head":"<!-- This site is optimized with the Yoast SEO plugin v27.5 - https:\/\/yoast.com\/product\/yoast-seo-wordpress\/ -->\n<title>Pror\u00e1cio divulga Programa ADAPTAR microempresas - Jornal das Oficinas<\/title>\n<meta name=\"robots\" content=\"index, follow, max-snippet:-1, max-image-preview:large, max-video-preview:-1\" \/>\n<link rel=\"canonical\" href=\"https:\/\/jornaldasoficinas.com\/pt\/proracio-divulga-programa-adaptar-microempresas\/\" \/>\n<meta property=\"og:locale\" content=\"pt_PT\" \/>\n<meta property=\"og:type\" content=\"article\" \/>\n<meta property=\"og:title\" content=\"Pror\u00e1cio divulga Programa ADAPTAR microempresas - Jornal das Oficinas\" \/>\n<meta property=\"og:description\" content=\"O Programa ADAPTAR, regulado pelo Decreto-Lei...\" \/>\n<meta property=\"og:url\" content=\"https:\/\/jornaldasoficinas.com\/pt\/proracio-divulga-programa-adaptar-microempresas\/\" \/>\n<meta property=\"og:site_name\" content=\"Jornal das Oficinas\" \/>\n<meta property=\"article:publisher\" content=\"https:\/\/www.facebook.com\/jornaloficinas\" \/>\n<meta property=\"article:published_time\" content=\"2020-05-17T22:32:53+00:00\" \/>\n<meta property=\"og:image\" content=\"https:\/\/jornaldasoficinas.com\/pt\/wp-content\/uploads\/2020\/05\/proracioprogramaadaptar.png\" \/>\n\t<meta property=\"og:image:width\" content=\"1024\" \/>\n\t<meta property=\"og:image:height\" content=\"581\" \/>\n\t<meta property=\"og:image:type\" content=\"image\/png\" \/>\n<meta name=\"author\" content=\"Reda\u00e7\u00e3o JO\" \/>\n<meta name=\"twitter:card\" content=\"summary_large_image\" \/>\n<meta name=\"twitter:creator\" content=\"@jornaloficinas\" \/>\n<meta name=\"twitter:site\" content=\"@jornaloficinas\" \/>\n<meta name=\"twitter:label1\" content=\"Escrito por\" \/>\n\t<meta name=\"twitter:data1\" content=\"Reda\u00e7\u00e3o JO\" \/>\n\t<meta name=\"twitter:label2\" content=\"Tempo estimado de leitura\" \/>\n\t<meta name=\"twitter:data2\" content=\"5 minutos\" \/>\n<script type=\"application\/ld+json\" class=\"yoast-schema-graph\">{\"@context\":\"https:\\\/\\\/schema.org\",\"@graph\":[{\"@type\":\"Article\",\"@id\":\"https:\\\/\\\/jornaldasoficinas.com\\\/pt\\\/proracio-divulga-programa-adaptar-microempresas\\\/#article\",\"isPartOf\":{\"@id\":\"https:\\\/\\\/jornaldasoficinas.com\\\/pt\\\/proracio-divulga-programa-adaptar-microempresas\\\/\"},\"author\":{\"name\":\"Reda\u00e7\u00e3o JO\",\"@id\":\"https:\\\/\\\/jornaldasoficinas.com\\\/pt\\\/#\\\/schema\\\/person\\\/a38eef5de2c41d9e7c9ac10141afddf3\"},\"headline\":\"Pror\u00e1cio divulga Programa ADAPTAR microempresas\",\"datePublished\":\"2020-05-17T22:32:53+00:00\",\"mainEntityOfPage\":{\"@id\":\"https:\\\/\\\/jornaldasoficinas.com\\\/pt\\\/proracio-divulga-programa-adaptar-microempresas\\\/\"},\"wordCount\":938,\"publisher\":{\"@id\":\"https:\\\/\\\/jornaldasoficinas.com\\\/pt\\\/#organization\"},\"image\":{\"@id\":\"https:\\\/\\\/jornaldasoficinas.com\\\/pt\\\/proracio-divulga-programa-adaptar-microempresas\\\/#primaryimage\"},\"thumbnailUrl\":\"https:\\\/\\\/jornaldasoficinas.com\\\/pt\\\/wp-content\\\/uploads\\\/2020\\\/05\\\/proracioprogramaadaptar.png\",\"keywords\":[\"Coronav\u00edrus\",\"COVID-19\",\"Programa ADAPTAR\",\"Pror\u00e1cio - Consultoria e Gest\u00e3o Lda.\"],\"articleSection\":[\"Mercado\"],\"inLanguage\":\"pt-PT\"},{\"@type\":\"WebPage\",\"@id\":\"https:\\\/\\\/jornaldasoficinas.com\\\/pt\\\/proracio-divulga-programa-adaptar-microempresas\\\/\",\"url\":\"https:\\\/\\\/jornaldasoficinas.com\\\/pt\\\/proracio-divulga-programa-adaptar-microempresas\\\/\",\"name\":\"Pror\u00e1cio divulga Programa ADAPTAR microempresas - Jornal das Oficinas\",\"isPartOf\":{\"@id\":\"https:\\\/\\\/jornaldasoficinas.com\\\/pt\\\/#website\"},\"primaryImageOfPage\":{\"@id\":\"https:\\\/\\\/jornaldasoficinas.com\\\/pt\\\/proracio-divulga-programa-adaptar-microempresas\\\/#primaryimage\"},\"image\":{\"@id\":\"https:\\\/\\\/jornaldasoficinas.com\\\/pt\\\/proracio-divulga-programa-adaptar-microempresas\\\/#primaryimage\"},\"thumbnailUrl\":\"https:\\\/\\\/jornaldasoficinas.com\\\/pt\\\/wp-content\\\/uploads\\\/2020\\\/05\\\/proracioprogramaadaptar.png\",\"datePublished\":\"2020-05-17T22:32:53+00:00\",\"breadcrumb\":{\"@id\":\"https:\\\/\\\/jornaldasoficinas.com\\\/pt\\\/proracio-divulga-programa-adaptar-microempresas\\\/#breadcrumb\"},\"inLanguage\":\"pt-PT\",\"potentialAction\":[{\"@type\":\"ReadAction\",\"target\":[\"https:\\\/\\\/jornaldasoficinas.com\\\/pt\\\/proracio-divulga-programa-adaptar-microempresas\\\/\"]}]},{\"@type\":\"ImageObject\",\"inLanguage\":\"pt-PT\",\"@id\":\"https:\\\/\\\/jornaldasoficinas.com\\\/pt\\\/proracio-divulga-programa-adaptar-microempresas\\\/#primaryimage\",\"url\":\"https:\\\/\\\/jornaldasoficinas.com\\\/pt\\\/wp-content\\\/uploads\\\/2020\\\/05\\\/proracioprogramaadaptar.png\",\"contentUrl\":\"https:\\\/\\\/jornaldasoficinas.com\\\/pt\\\/wp-content\\\/uploads\\\/2020\\\/05\\\/proracioprogramaadaptar.png\",\"width\":1024,\"height\":581,\"caption\":\"05 - proracioprogramaadaptar\"},{\"@type\":\"BreadcrumbList\",\"@id\":\"https:\\\/\\\/jornaldasoficinas.com\\\/pt\\\/proracio-divulga-programa-adaptar-microempresas\\\/#breadcrumb\",\"itemListElement\":[{\"@type\":\"ListItem\",\"position\":1,\"name\":\"In\u00edcio\",\"item\":\"https:\\\/\\\/jornaldasoficinas.com\\\/pt\\\/\"},{\"@type\":\"ListItem\",\"position\":2,\"name\":\"Pror\u00e1cio divulga Programa ADAPTAR microempresas\"}]},{\"@type\":\"WebSite\",\"@id\":\"https:\\\/\\\/jornaldasoficinas.com\\\/pt\\\/#website\",\"url\":\"https:\\\/\\\/jornaldasoficinas.com\\\/pt\\\/\",\"name\":\"Jornal das Oficinas\",\"description\":\"Jornal independente do Aftermarket Autom\u00f3vel em Portugal\",\"publisher\":{\"@id\":\"https:\\\/\\\/jornaldasoficinas.com\\\/pt\\\/#organization\"},\"potentialAction\":[{\"@type\":\"SearchAction\",\"target\":{\"@type\":\"EntryPoint\",\"urlTemplate\":\"https:\\\/\\\/jornaldasoficinas.com\\\/pt\\\/?s={search_term_string}\"},\"query-input\":{\"@type\":\"PropertyValueSpecification\",\"valueRequired\":true,\"valueName\":\"search_term_string\"}}],\"inLanguage\":\"pt-PT\"},{\"@type\":\"Organization\",\"@id\":\"https:\\\/\\\/jornaldasoficinas.com\\\/pt\\\/#organization\",\"name\":\"Jornal das Oficinas\",\"url\":\"https:\\\/\\\/jornaldasoficinas.com\\\/pt\\\/\",\"logo\":{\"@type\":\"ImageObject\",\"inLanguage\":\"pt-PT\",\"@id\":\"https:\\\/\\\/jornaldasoficinas.com\\\/pt\\\/#\\\/schema\\\/logo\\\/image\\\/\",\"url\":\"https:\\\/\\\/jornaldasoficinas.com\\\/pt\\\/wp-content\\\/uploads\\\/logoJO-SEO.png\",\"contentUrl\":\"https:\\\/\\\/jornaldasoficinas.com\\\/pt\\\/wp-content\\\/uploads\\\/logoJO-SEO.png\",\"width\":285,\"height\":450,\"caption\":\"Jornal das Oficinas\"},\"image\":{\"@id\":\"https:\\\/\\\/jornaldasoficinas.com\\\/pt\\\/#\\\/schema\\\/logo\\\/image\\\/\"},\"sameAs\":[\"https:\\\/\\\/www.facebook.com\\\/jornaloficinas\",\"https:\\\/\\\/x.com\\\/jornaloficinas\",\"https:\\\/\\\/www.instagram.com\\\/jornal_oficinas\\\/\",\"https:\\\/\\\/www.linkedin.com\\\/company\\\/jornal-das-oficinas\\\/\",\"https:\\\/\\\/www.youtube.com\\\/channel\\\/UCbQZBqtcvV-oSQrr7RzINGg\"]},{\"@type\":\"Person\",\"@id\":\"https:\\\/\\\/jornaldasoficinas.com\\\/pt\\\/#\\\/schema\\\/person\\\/a38eef5de2c41d9e7c9ac10141afddf3\",\"name\":\"Reda\u00e7\u00e3o JO\",\"image\":{\"@type\":\"ImageObject\",\"inLanguage\":\"pt-PT\",\"@id\":\"https:\\\/\\\/secure.gravatar.com\\\/avatar\\\/71f2fa71737ad68a84fea94bc708ddac8ea5b0c4788dc2ad202f3ccb2887742f?s=96&d=wp_user_avatar&r=g\",\"url\":\"https:\\\/\\\/secure.gravatar.com\\\/avatar\\\/71f2fa71737ad68a84fea94bc708ddac8ea5b0c4788dc2ad202f3ccb2887742f?s=96&d=wp_user_avatar&r=g\",\"contentUrl\":\"https:\\\/\\\/secure.gravatar.com\\\/avatar\\\/71f2fa71737ad68a84fea94bc708ddac8ea5b0c4788dc2ad202f3ccb2887742f?s=96&d=wp_user_avatar&r=g\",\"caption\":\"Reda\u00e7\u00e3o JO\"},\"url\":\"https:\\\/\\\/jornaldasoficinas.com\\\/pt\\\/author\\\/joredacao\\\/\"}]}<\/script>\n<!-- \/ Yoast SEO plugin. -->","yoast_head_json":{"title":"Pror\u00e1cio divulga Programa ADAPTAR microempresas - Jornal das Oficinas","robots":{"index":"index","follow":"follow","max-snippet":"max-snippet:-1","max-image-preview":"max-image-preview:large","max-video-preview":"max-video-preview:-1"},"canonical":"https:\/\/jornaldasoficinas.com\/pt\/proracio-divulga-programa-adaptar-microempresas\/","og_locale":"pt_PT","og_type":"article","og_title":"Pror\u00e1cio divulga Programa ADAPTAR microempresas - Jornal das Oficinas","og_description":"O Programa ADAPTAR, regulado pelo Decreto-Lei...","og_url":"https:\/\/jornaldasoficinas.com\/pt\/proracio-divulga-programa-adaptar-microempresas\/","og_site_name":"Jornal das Oficinas","article_publisher":"https:\/\/www.facebook.com\/jornaloficinas","article_published_time":"2020-05-17T22:32:53+00:00","og_image":[{"width":1024,"height":581,"url":"https:\/\/jornaldasoficinas.com\/pt\/wp-content\/uploads\/2020\/05\/proracioprogramaadaptar.png","type":"image\/png"}],"author":"Reda\u00e7\u00e3o JO","twitter_card":"summary_large_image","twitter_creator":"@jornaloficinas","twitter_site":"@jornaloficinas","twitter_misc":{"Escrito por":"Reda\u00e7\u00e3o JO","Tempo estimado de leitura":"5 minutos"},"schema":{"@context":"https:\/\/schema.org","@graph":[{"@type":"Article","@id":"https:\/\/jornaldasoficinas.com\/pt\/proracio-divulga-programa-adaptar-microempresas\/#article","isPartOf":{"@id":"https:\/\/jornaldasoficinas.com\/pt\/proracio-divulga-programa-adaptar-microempresas\/"},"author":{"name":"Reda\u00e7\u00e3o JO","@id":"https:\/\/jornaldasoficinas.com\/pt\/#\/schema\/person\/a38eef5de2c41d9e7c9ac10141afddf3"},"headline":"Pror\u00e1cio divulga Programa ADAPTAR microempresas","datePublished":"2020-05-17T22:32:53+00:00","mainEntityOfPage":{"@id":"https:\/\/jornaldasoficinas.com\/pt\/proracio-divulga-programa-adaptar-microempresas\/"},"wordCount":938,"publisher":{"@id":"https:\/\/jornaldasoficinas.com\/pt\/#organization"},"image":{"@id":"https:\/\/jornaldasoficinas.com\/pt\/proracio-divulga-programa-adaptar-microempresas\/#primaryimage"},"thumbnailUrl":"https:\/\/jornaldasoficinas.com\/pt\/wp-content\/uploads\/2020\/05\/proracioprogramaadaptar.png","keywords":["Coronav\u00edrus","COVID-19","Programa ADAPTAR","Pror\u00e1cio - Consultoria e Gest\u00e3o Lda."],"articleSection":["Mercado"],"inLanguage":"pt-PT"},{"@type":"WebPage","@id":"https:\/\/jornaldasoficinas.com\/pt\/proracio-divulga-programa-adaptar-microempresas\/","url":"https:\/\/jornaldasoficinas.com\/pt\/proracio-divulga-programa-adaptar-microempresas\/","name":"Pror\u00e1cio divulga Programa ADAPTAR microempresas - Jornal das Oficinas","isPartOf":{"@id":"https:\/\/jornaldasoficinas.com\/pt\/#website"},"primaryImageOfPage":{"@id":"https:\/\/jornaldasoficinas.com\/pt\/proracio-divulga-programa-adaptar-microempresas\/#primaryimage"},"image":{"@id":"https:\/\/jornaldasoficinas.com\/pt\/proracio-divulga-programa-adaptar-microempresas\/#primaryimage"},"thumbnailUrl":"https:\/\/jornaldasoficinas.com\/pt\/wp-content\/uploads\/2020\/05\/proracioprogramaadaptar.png","datePublished":"2020-05-17T22:32:53+00:00","breadcrumb":{"@id":"https:\/\/jornaldasoficinas.com\/pt\/proracio-divulga-programa-adaptar-microempresas\/#breadcrumb"},"inLanguage":"pt-PT","potentialAction":[{"@type":"ReadAction","target":["https:\/\/jornaldasoficinas.com\/pt\/proracio-divulga-programa-adaptar-microempresas\/"]}]},{"@type":"ImageObject","inLanguage":"pt-PT","@id":"https:\/\/jornaldasoficinas.com\/pt\/proracio-divulga-programa-adaptar-microempresas\/#primaryimage","url":"https:\/\/jornaldasoficinas.com\/pt\/wp-content\/uploads\/2020\/05\/proracioprogramaadaptar.png","contentUrl":"https:\/\/jornaldasoficinas.com\/pt\/wp-content\/uploads\/2020\/05\/proracioprogramaadaptar.png","width":1024,"height":581,"caption":"05 - proracioprogramaadaptar"},{"@type":"BreadcrumbList","@id":"https:\/\/jornaldasoficinas.com\/pt\/proracio-divulga-programa-adaptar-microempresas\/#breadcrumb","itemListElement":[{"@type":"ListItem","position":1,"name":"In\u00edcio","item":"https:\/\/jornaldasoficinas.com\/pt\/"},{"@type":"ListItem","position":2,"name":"Pror\u00e1cio divulga Programa ADAPTAR microempresas"}]},{"@type":"WebSite","@id":"https:\/\/jornaldasoficinas.com\/pt\/#website","url":"https:\/\/jornaldasoficinas.com\/pt\/","name":"Jornal das Oficinas","description":"Jornal independente do Aftermarket Autom\u00f3vel em Portugal","publisher":{"@id":"https:\/\/jornaldasoficinas.com\/pt\/#organization"},"potentialAction":[{"@type":"SearchAction","target":{"@type":"EntryPoint","urlTemplate":"https:\/\/jornaldasoficinas.com\/pt\/?s={search_term_string}"},"query-input":{"@type":"PropertyValueSpecification","valueRequired":true,"valueName":"search_term_string"}}],"inLanguage":"pt-PT"},{"@type":"Organization","@id":"https:\/\/jornaldasoficinas.com\/pt\/#organization","name":"Jornal das Oficinas","url":"https:\/\/jornaldasoficinas.com\/pt\/","logo":{"@type":"ImageObject","inLanguage":"pt-PT","@id":"https:\/\/jornaldasoficinas.com\/pt\/#\/schema\/logo\/image\/","url":"https:\/\/jornaldasoficinas.com\/pt\/wp-content\/uploads\/logoJO-SEO.png","contentUrl":"https:\/\/jornaldasoficinas.com\/pt\/wp-content\/uploads\/logoJO-SEO.png","width":285,"height":450,"caption":"Jornal das Oficinas"},"image":{"@id":"https:\/\/jornaldasoficinas.com\/pt\/#\/schema\/logo\/image\/"},"sameAs":["https:\/\/www.facebook.com\/jornaloficinas","https:\/\/x.com\/jornaloficinas","https:\/\/www.instagram.com\/jornal_oficinas\/","https:\/\/www.linkedin.com\/company\/jornal-das-oficinas\/","https:\/\/www.youtube.com\/channel\/UCbQZBqtcvV-oSQrr7RzINGg"]},{"@type":"Person","@id":"https:\/\/jornaldasoficinas.com\/pt\/#\/schema\/person\/a38eef5de2c41d9e7c9ac10141afddf3","name":"Reda\u00e7\u00e3o JO","image":{"@type":"ImageObject","inLanguage":"pt-PT","@id":"https:\/\/secure.gravatar.com\/avatar\/71f2fa71737ad68a84fea94bc708ddac8ea5b0c4788dc2ad202f3ccb2887742f?s=96&d=wp_user_avatar&r=g","url":"https:\/\/secure.gravatar.com\/avatar\/71f2fa71737ad68a84fea94bc708ddac8ea5b0c4788dc2ad202f3ccb2887742f?s=96&d=wp_user_avatar&r=g","contentUrl":"https:\/\/secure.gravatar.com\/avatar\/71f2fa71737ad68a84fea94bc708ddac8ea5b0c4788dc2ad202f3ccb2887742f?s=96&d=wp_user_avatar&r=g","caption":"Reda\u00e7\u00e3o JO"},"url":"https:\/\/jornaldasoficinas.com\/pt\/author\/joredacao\/"}]}},"_links":{"self":[{"href":"https:\/\/jornaldasoficinas.com\/pt\/wp-json\/wp\/v2\/posts\/13181","targetHints":{"allow":["GET"]}}],"collection":[{"href":"https:\/\/jornaldasoficinas.com\/pt\/wp-json\/wp\/v2\/posts"}],"about":[{"href":"https:\/\/jornaldasoficinas.com\/pt\/wp-json\/wp\/v2\/types\/post"}],"author":[{"embeddable":true,"href":"https:\/\/jornaldasoficinas.com\/pt\/wp-json\/wp\/v2\/users\/15"}],"replies":[{"embeddable":true,"href":"https:\/\/jornaldasoficinas.com\/pt\/wp-json\/wp\/v2\/comments?post=13181"}],"version-history":[{"count":0,"href":"https:\/\/jornaldasoficinas.com\/pt\/wp-json\/wp\/v2\/posts\/13181\/revisions"}],"wp:featuredmedia":[{"embeddable":true,"href":"https:\/\/jornaldasoficinas.com\/pt\/wp-json\/wp\/v2\/media\/13182"}],"wp:attachment":[{"href":"https:\/\/jornaldasoficinas.com\/pt\/wp-json\/wp\/v2\/media?parent=13181"}],"wp:term":[{"taxonomy":"category","embeddable":true,"href":"https:\/\/jornaldasoficinas.com\/pt\/wp-json\/wp\/v2\/categories?post=13181"},{"taxonomy":"post_tag","embeddable":true,"href":"https:\/\/jornaldasoficinas.com\/pt\/wp-json\/wp\/v2\/tags?post=13181"}],"curies":[{"name":"wp","href":"https:\/\/api.w.org\/{rel}","templated":true}]}}