{"id":13285,"date":"2020-05-24T11:32:34","date_gmt":"2020-05-24T10:32:34","guid":{"rendered":"https:\/\/jornaldasoficinas.com\/pt\/?p=13285"},"modified":"2020-05-24T12:21:45","modified_gmt":"2020-05-24T11:21:45","slug":"rede-de-oficinas-vulco-regressa-a-atividade-dando-prioridade-a-saude","status":"publish","type":"post","link":"https:\/\/jornaldasoficinas.com\/pt\/rede-de-oficinas-vulco-regressa-a-atividade-dando-prioridade-a-saude\/","title":{"rendered":"Rede de oficinas Vulco regressa \u00e0 atividade dando prioridade \u00e0 sa\u00fade"},"content":{"rendered":"<p><strong><img loading=\"lazy\" decoding=\"async\" class=\"alignnone wp-image-13281 size-full\" src=\"https:\/\/jornaldasoficinas.com\/pt\/wp-content\/uploads\/2020\/05\/Rede-de-oficinas-Vulco-regressa-a\u0300-atividade-dando-prioridade-a\u0300-sau\u0301de.png\" alt=\"05 - Rede-de-oficinas-Vulco-regressa-a\u0300-atividade-dando-prioridade-a\u0300-sau\u0301de\" width=\"1024\" height=\"581\" srcset=\"https:\/\/jornaldasoficinas.com\/pt\/wp-content\/uploads\/2020\/05\/Rede-de-oficinas-Vulco-regressa-a\u0300-atividade-dando-prioridade-a\u0300-sau\u0301de.png 1024w, https:\/\/jornaldasoficinas.com\/pt\/wp-content\/uploads\/2020\/05\/Rede-de-oficinas-Vulco-regressa-a\u0300-atividade-dando-prioridade-a\u0300-sau\u0301de-300x170.png 300w, https:\/\/jornaldasoficinas.com\/pt\/wp-content\/uploads\/2020\/05\/Rede-de-oficinas-Vulco-regressa-a\u0300-atividade-dando-prioridade-a\u0300-sau\u0301de-150x85.png 150w, https:\/\/jornaldasoficinas.com\/pt\/wp-content\/uploads\/2020\/05\/Rede-de-oficinas-Vulco-regressa-a\u0300-atividade-dando-prioridade-a\u0300-sau\u0301de-768x436.png 768w\" sizes=\"auto, (max-width: 1024px) 100vw, 1024px\" \/><\/strong><\/p>\n<p><strong>A Vulco, rede de oficinas apoiada pela Goodyear, especializada em pneus e mec\u00e2nica r\u00e1pida, regressa \u00e0 atividade ap\u00f3s o per\u00edodo de paragem for\u00e7ada devido \u00e0 propaga\u00e7\u00e3o da pandemia de Covid-19.<\/strong><\/p>\n<p>As oficinas Vulco prestam servi\u00e7o aos clientes implementando todas as medidas de seguran\u00e7a e higiene recomendadas pelas autoridades, de modo a garantir a sa\u00fade de colaboradores e clientes.<\/p>\n<p>Como refere Javier Garc\u00eda, propriet\u00e1rio da Vulco de Boiro, na Esta\u00e7\u00e3o de Sevi\u00e7o Garlou, \u201crecuper\u00e1mos os trabalhadores afetados pela suspens\u00e3o tempor\u00e1ria da sua atividade e implement\u00e1mos as medidas de prote\u00e7\u00e3o recomendadas pelas autoridades de sa\u00fade\u201d.<\/p>\n<p>E acrescenta: \u201cVeja-se o uso de m\u00e1scaras e luvas descart\u00e1veis ou o material de prote\u00e7\u00e3o para os ve\u00edculos de utiliza\u00e7\u00e3o \u00fanica. Retir\u00e1mos o equipamento da sala de espera e instal\u00e1mos anteparas de prote\u00e7\u00e3o no local de pagamento. Tamb\u00e9m adquirimos dois equipamentos de ozono para desinfe\u00e7\u00e3o dos ve\u00edculos e instala\u00e7\u00f5es\u201d.<\/p>\n<p>Al\u00e9m disso, a partir de hoje e at\u00e9 dia 30 deste m\u00eas, os clientes que recorram \u00e0s oficinas <a href=\"https:\/\/www.vulco.pt\/\">Vulco<\/a>, tanto em Portugal como em Espanha, receber\u00e3o um<em> kit<\/em> completo de desinfe\u00e7\u00e3o e higieniza\u00e7\u00e3o do ve\u00edculo, que inclui luvas, uma camur\u00e7a e dois desinfetantes em gel (oferta limitada ao <em>stock<\/em> existente).<\/p>\n<p>O per\u00edodo de inatividade imposto pelo Estado de Emerg\u00eancia, com a consequente imobiliza\u00e7\u00e3o do ve\u00edculo, nalguns casos superior a dois meses, pode implicar o aparecimento de diversas avarias no autom\u00f3vel. Problemas nos pneus, nas escovas do limpa para-brisas, baterias descarregadas, n\u00edveis de \u00f3leo insuficientes ou l\u00e2mpadas fundidas, s\u00e3o apenas algumas delas, alerta a Vulco.<\/p>\n<p>Margarita Acu\u00f1as, diretora ib\u00e9rica da Vulco, destaca que a prioridade da rede \u201c\u00e9, agora e sempre, a seguran\u00e7a de clientes e colaboradores. \u00c9 importante que os clientes confiem nos nossos servi\u00e7os. Para tal, adapt\u00e1mos a nossa forma de trabalhar. Implement\u00e1mos um controlo apertado dos processos de rece\u00e7\u00e3o e entrega dos ve\u00edculos e habilit\u00e1mos as nossas oficinas para esse efeito. Continuamos a trabalhar para oferecer, agora mais do que nunca, um excelente servi\u00e7o\u201d.<\/p>\n","protected":false},"excerpt":{"rendered":"<p>A Vulco, rede de oficinas apoiada&#8230;<\/p>\n","protected":false},"author":15,"featured_media":13281,"comment_status":"closed","ping_status":"closed","sticky":false,"template":"","format":"standard","meta":{"footnotes":""},"categories":[37],"tags":[2288],"class_list":["post-13285","post","type-post","status-publish","format-standard","has-post-thumbnail","hentry","category-mercado","tag-vulco"],"yoast_head":"<!-- This site is optimized with the Yoast SEO plugin v27.4 - https:\/\/yoast.com\/product\/yoast-seo-wordpress\/ -->\n<title>Rede de oficinas Vulco regressa \u00e0 atividade dando prioridade \u00e0 sa\u00fade - Jornal das Oficinas<\/title>\n<meta name=\"robots\" content=\"index, follow, max-snippet:-1, max-image-preview:large, max-video-preview:-1\" \/>\n<link rel=\"canonical\" href=\"https:\/\/jornaldasoficinas.com\/pt\/rede-de-oficinas-vulco-regressa-a-atividade-dando-prioridade-a-saude\/\" \/>\n<meta property=\"og:locale\" content=\"pt_PT\" \/>\n<meta property=\"og:type\" content=\"article\" \/>\n<meta property=\"og:title\" content=\"Rede de oficinas Vulco regressa \u00e0 atividade dando prioridade \u00e0 sa\u00fade - Jornal das Oficinas\" \/>\n<meta property=\"og:description\" content=\"A Vulco, rede de oficinas apoiada...\" \/>\n<meta property=\"og:url\" content=\"https:\/\/jornaldasoficinas.com\/pt\/rede-de-oficinas-vulco-regressa-a-atividade-dando-prioridade-a-saude\/\" \/>\n<meta property=\"og:site_name\" content=\"Jornal das Oficinas\" \/>\n<meta property=\"article:publisher\" content=\"https:\/\/www.facebook.com\/jornaloficinas\" \/>\n<meta property=\"article:published_time\" content=\"2020-05-24T10:32:34+00:00\" \/>\n<meta property=\"article:modified_time\" content=\"2020-05-24T11:21:45+00:00\" \/>\n<meta property=\"og:image\" content=\"https:\/\/jornaldasoficinas.com\/pt\/wp-content\/uploads\/2020\/05\/Rede-de-oficinas-Vulco-regressa-a\u0300-atividade-dando-prioridade-a\u0300-sau\u0301de.png\" \/>\n\t<meta property=\"og:image:width\" content=\"1024\" \/>\n\t<meta property=\"og:image:height\" content=\"581\" \/>\n\t<meta property=\"og:image:type\" content=\"image\/png\" \/>\n<meta name=\"author\" content=\"Reda\u00e7\u00e3o JO\" \/>\n<meta name=\"twitter:card\" content=\"summary_large_image\" \/>\n<meta name=\"twitter:creator\" content=\"@jornaloficinas\" \/>\n<meta name=\"twitter:site\" content=\"@jornaloficinas\" \/>\n<meta name=\"twitter:label1\" content=\"Escrito por\" \/>\n\t<meta name=\"twitter:data1\" content=\"Reda\u00e7\u00e3o JO\" \/>\n\t<meta name=\"twitter:label2\" content=\"Tempo estimado de leitura\" \/>\n\t<meta name=\"twitter:data2\" content=\"2 minutos\" \/>\n<script type=\"application\/ld+json\" class=\"yoast-schema-graph\">{\"@context\":\"https:\\\/\\\/schema.org\",\"@graph\":[{\"@type\":\"Article\",\"@id\":\"https:\\\/\\\/jornaldasoficinas.com\\\/pt\\\/rede-de-oficinas-vulco-regressa-a-atividade-dando-prioridade-a-saude\\\/#article\",\"isPartOf\":{\"@id\":\"https:\\\/\\\/jornaldasoficinas.com\\\/pt\\\/rede-de-oficinas-vulco-regressa-a-atividade-dando-prioridade-a-saude\\\/\"},\"author\":{\"name\":\"Reda\u00e7\u00e3o JO\",\"@id\":\"https:\\\/\\\/jornaldasoficinas.com\\\/pt\\\/#\\\/schema\\\/person\\\/a38eef5de2c41d9e7c9ac10141afddf3\"},\"headline\":\"Rede de oficinas Vulco regressa \u00e0 atividade dando prioridade \u00e0 sa\u00fade\",\"datePublished\":\"2020-05-24T10:32:34+00:00\",\"dateModified\":\"2020-05-24T11:21:45+00:00\",\"mainEntityOfPage\":{\"@id\":\"https:\\\/\\\/jornaldasoficinas.com\\\/pt\\\/rede-de-oficinas-vulco-regressa-a-atividade-dando-prioridade-a-saude\\\/\"},\"wordCount\":379,\"publisher\":{\"@id\":\"https:\\\/\\\/jornaldasoficinas.com\\\/pt\\\/#organization\"},\"image\":{\"@id\":\"https:\\\/\\\/jornaldasoficinas.com\\\/pt\\\/rede-de-oficinas-vulco-regressa-a-atividade-dando-prioridade-a-saude\\\/#primaryimage\"},\"thumbnailUrl\":\"https:\\\/\\\/jornaldasoficinas.com\\\/pt\\\/wp-content\\\/uploads\\\/2020\\\/05\\\/Rede-de-oficinas-Vulco-regressa-a\u0300-atividade-dando-prioridade-a\u0300-sau\u0301de.png\",\"keywords\":[\"Vulco\"],\"articleSection\":[\"Mercado\"],\"inLanguage\":\"pt-PT\"},{\"@type\":\"WebPage\",\"@id\":\"https:\\\/\\\/jornaldasoficinas.com\\\/pt\\\/rede-de-oficinas-vulco-regressa-a-atividade-dando-prioridade-a-saude\\\/\",\"url\":\"https:\\\/\\\/jornaldasoficinas.com\\\/pt\\\/rede-de-oficinas-vulco-regressa-a-atividade-dando-prioridade-a-saude\\\/\",\"name\":\"Rede de oficinas Vulco regressa \u00e0 atividade dando prioridade \u00e0 sa\u00fade - Jornal das Oficinas\",\"isPartOf\":{\"@id\":\"https:\\\/\\\/jornaldasoficinas.com\\\/pt\\\/#website\"},\"primaryImageOfPage\":{\"@id\":\"https:\\\/\\\/jornaldasoficinas.com\\\/pt\\\/rede-de-oficinas-vulco-regressa-a-atividade-dando-prioridade-a-saude\\\/#primaryimage\"},\"image\":{\"@id\":\"https:\\\/\\\/jornaldasoficinas.com\\\/pt\\\/rede-de-oficinas-vulco-regressa-a-atividade-dando-prioridade-a-saude\\\/#primaryimage\"},\"thumbnailUrl\":\"https:\\\/\\\/jornaldasoficinas.com\\\/pt\\\/wp-content\\\/uploads\\\/2020\\\/05\\\/Rede-de-oficinas-Vulco-regressa-a\u0300-atividade-dando-prioridade-a\u0300-sau\u0301de.png\",\"datePublished\":\"2020-05-24T10:32:34+00:00\",\"dateModified\":\"2020-05-24T11:21:45+00:00\",\"breadcrumb\":{\"@id\":\"https:\\\/\\\/jornaldasoficinas.com\\\/pt\\\/rede-de-oficinas-vulco-regressa-a-atividade-dando-prioridade-a-saude\\\/#breadcrumb\"},\"inLanguage\":\"pt-PT\",\"potentialAction\":[{\"@type\":\"ReadAction\",\"target\":[\"https:\\\/\\\/jornaldasoficinas.com\\\/pt\\\/rede-de-oficinas-vulco-regressa-a-atividade-dando-prioridade-a-saude\\\/\"]}]},{\"@type\":\"ImageObject\",\"inLanguage\":\"pt-PT\",\"@id\":\"https:\\\/\\\/jornaldasoficinas.com\\\/pt\\\/rede-de-oficinas-vulco-regressa-a-atividade-dando-prioridade-a-saude\\\/#primaryimage\",\"url\":\"https:\\\/\\\/jornaldasoficinas.com\\\/pt\\\/wp-content\\\/uploads\\\/2020\\\/05\\\/Rede-de-oficinas-Vulco-regressa-a\u0300-atividade-dando-prioridade-a\u0300-sau\u0301de.png\",\"contentUrl\":\"https:\\\/\\\/jornaldasoficinas.com\\\/pt\\\/wp-content\\\/uploads\\\/2020\\\/05\\\/Rede-de-oficinas-Vulco-regressa-a\u0300-atividade-dando-prioridade-a\u0300-sau\u0301de.png\",\"width\":1024,\"height\":581,\"caption\":\"05 - Rede-de-oficinas-Vulco-regressa-a\u0300-atividade-dando-prioridade-a\u0300-sau\u0301de\"},{\"@type\":\"BreadcrumbList\",\"@id\":\"https:\\\/\\\/jornaldasoficinas.com\\\/pt\\\/rede-de-oficinas-vulco-regressa-a-atividade-dando-prioridade-a-saude\\\/#breadcrumb\",\"itemListElement\":[{\"@type\":\"ListItem\",\"position\":1,\"name\":\"In\u00edcio\",\"item\":\"https:\\\/\\\/jornaldasoficinas.com\\\/pt\\\/\"},{\"@type\":\"ListItem\",\"position\":2,\"name\":\"Rede de oficinas Vulco regressa \u00e0 atividade dando prioridade \u00e0 sa\u00fade\"}]},{\"@type\":\"WebSite\",\"@id\":\"https:\\\/\\\/jornaldasoficinas.com\\\/pt\\\/#website\",\"url\":\"https:\\\/\\\/jornaldasoficinas.com\\\/pt\\\/\",\"name\":\"Jornal das Oficinas\",\"description\":\"Jornal independente do Aftermarket Autom\u00f3vel em Portugal\",\"publisher\":{\"@id\":\"https:\\\/\\\/jornaldasoficinas.com\\\/pt\\\/#organization\"},\"potentialAction\":[{\"@type\":\"SearchAction\",\"target\":{\"@type\":\"EntryPoint\",\"urlTemplate\":\"https:\\\/\\\/jornaldasoficinas.com\\\/pt\\\/?s={search_term_string}\"},\"query-input\":{\"@type\":\"PropertyValueSpecification\",\"valueRequired\":true,\"valueName\":\"search_term_string\"}}],\"inLanguage\":\"pt-PT\"},{\"@type\":\"Organization\",\"@id\":\"https:\\\/\\\/jornaldasoficinas.com\\\/pt\\\/#organization\",\"name\":\"Jornal das Oficinas\",\"url\":\"https:\\\/\\\/jornaldasoficinas.com\\\/pt\\\/\",\"logo\":{\"@type\":\"ImageObject\",\"inLanguage\":\"pt-PT\",\"@id\":\"https:\\\/\\\/jornaldasoficinas.com\\\/pt\\\/#\\\/schema\\\/logo\\\/image\\\/\",\"url\":\"https:\\\/\\\/jornaldasoficinas.com\\\/pt\\\/wp-content\\\/uploads\\\/logoJO-SEO.png\",\"contentUrl\":\"https:\\\/\\\/jornaldasoficinas.com\\\/pt\\\/wp-content\\\/uploads\\\/logoJO-SEO.png\",\"width\":285,\"height\":450,\"caption\":\"Jornal das Oficinas\"},\"image\":{\"@id\":\"https:\\\/\\\/jornaldasoficinas.com\\\/pt\\\/#\\\/schema\\\/logo\\\/image\\\/\"},\"sameAs\":[\"https:\\\/\\\/www.facebook.com\\\/jornaloficinas\",\"https:\\\/\\\/x.com\\\/jornaloficinas\",\"https:\\\/\\\/www.instagram.com\\\/jornal_oficinas\\\/\",\"https:\\\/\\\/www.linkedin.com\\\/company\\\/jornal-das-oficinas\\\/\",\"https:\\\/\\\/www.youtube.com\\\/channel\\\/UCbQZBqtcvV-oSQrr7RzINGg\"]},{\"@type\":\"Person\",\"@id\":\"https:\\\/\\\/jornaldasoficinas.com\\\/pt\\\/#\\\/schema\\\/person\\\/a38eef5de2c41d9e7c9ac10141afddf3\",\"name\":\"Reda\u00e7\u00e3o JO\",\"image\":{\"@type\":\"ImageObject\",\"inLanguage\":\"pt-PT\",\"@id\":\"https:\\\/\\\/secure.gravatar.com\\\/avatar\\\/71f2fa71737ad68a84fea94bc708ddac8ea5b0c4788dc2ad202f3ccb2887742f?s=96&d=wp_user_avatar&r=g\",\"url\":\"https:\\\/\\\/secure.gravatar.com\\\/avatar\\\/71f2fa71737ad68a84fea94bc708ddac8ea5b0c4788dc2ad202f3ccb2887742f?s=96&d=wp_user_avatar&r=g\",\"contentUrl\":\"https:\\\/\\\/secure.gravatar.com\\\/avatar\\\/71f2fa71737ad68a84fea94bc708ddac8ea5b0c4788dc2ad202f3ccb2887742f?s=96&d=wp_user_avatar&r=g\",\"caption\":\"Reda\u00e7\u00e3o JO\"},\"url\":\"https:\\\/\\\/jornaldasoficinas.com\\\/pt\\\/author\\\/joredacao\\\/\"}]}<\/script>\n<!-- \/ Yoast SEO plugin. -->","yoast_head_json":{"title":"Rede de oficinas Vulco regressa \u00e0 atividade dando prioridade \u00e0 sa\u00fade - Jornal das Oficinas","robots":{"index":"index","follow":"follow","max-snippet":"max-snippet:-1","max-image-preview":"max-image-preview:large","max-video-preview":"max-video-preview:-1"},"canonical":"https:\/\/jornaldasoficinas.com\/pt\/rede-de-oficinas-vulco-regressa-a-atividade-dando-prioridade-a-saude\/","og_locale":"pt_PT","og_type":"article","og_title":"Rede de oficinas Vulco regressa \u00e0 atividade dando prioridade \u00e0 sa\u00fade - Jornal das Oficinas","og_description":"A Vulco, rede de oficinas apoiada...","og_url":"https:\/\/jornaldasoficinas.com\/pt\/rede-de-oficinas-vulco-regressa-a-atividade-dando-prioridade-a-saude\/","og_site_name":"Jornal das Oficinas","article_publisher":"https:\/\/www.facebook.com\/jornaloficinas","article_published_time":"2020-05-24T10:32:34+00:00","article_modified_time":"2020-05-24T11:21:45+00:00","og_image":[{"width":1024,"height":581,"url":"https:\/\/jornaldasoficinas.com\/pt\/wp-content\/uploads\/2020\/05\/Rede-de-oficinas-Vulco-regressa-a\u0300-atividade-dando-prioridade-a\u0300-sau\u0301de.png","type":"image\/png"}],"author":"Reda\u00e7\u00e3o JO","twitter_card":"summary_large_image","twitter_creator":"@jornaloficinas","twitter_site":"@jornaloficinas","twitter_misc":{"Escrito por":"Reda\u00e7\u00e3o JO","Tempo estimado de leitura":"2 minutos"},"schema":{"@context":"https:\/\/schema.org","@graph":[{"@type":"Article","@id":"https:\/\/jornaldasoficinas.com\/pt\/rede-de-oficinas-vulco-regressa-a-atividade-dando-prioridade-a-saude\/#article","isPartOf":{"@id":"https:\/\/jornaldasoficinas.com\/pt\/rede-de-oficinas-vulco-regressa-a-atividade-dando-prioridade-a-saude\/"},"author":{"name":"Reda\u00e7\u00e3o JO","@id":"https:\/\/jornaldasoficinas.com\/pt\/#\/schema\/person\/a38eef5de2c41d9e7c9ac10141afddf3"},"headline":"Rede de oficinas Vulco regressa \u00e0 atividade dando prioridade \u00e0 sa\u00fade","datePublished":"2020-05-24T10:32:34+00:00","dateModified":"2020-05-24T11:21:45+00:00","mainEntityOfPage":{"@id":"https:\/\/jornaldasoficinas.com\/pt\/rede-de-oficinas-vulco-regressa-a-atividade-dando-prioridade-a-saude\/"},"wordCount":379,"publisher":{"@id":"https:\/\/jornaldasoficinas.com\/pt\/#organization"},"image":{"@id":"https:\/\/jornaldasoficinas.com\/pt\/rede-de-oficinas-vulco-regressa-a-atividade-dando-prioridade-a-saude\/#primaryimage"},"thumbnailUrl":"https:\/\/jornaldasoficinas.com\/pt\/wp-content\/uploads\/2020\/05\/Rede-de-oficinas-Vulco-regressa-a\u0300-atividade-dando-prioridade-a\u0300-sau\u0301de.png","keywords":["Vulco"],"articleSection":["Mercado"],"inLanguage":"pt-PT"},{"@type":"WebPage","@id":"https:\/\/jornaldasoficinas.com\/pt\/rede-de-oficinas-vulco-regressa-a-atividade-dando-prioridade-a-saude\/","url":"https:\/\/jornaldasoficinas.com\/pt\/rede-de-oficinas-vulco-regressa-a-atividade-dando-prioridade-a-saude\/","name":"Rede de oficinas Vulco regressa \u00e0 atividade dando prioridade \u00e0 sa\u00fade - Jornal das Oficinas","isPartOf":{"@id":"https:\/\/jornaldasoficinas.com\/pt\/#website"},"primaryImageOfPage":{"@id":"https:\/\/jornaldasoficinas.com\/pt\/rede-de-oficinas-vulco-regressa-a-atividade-dando-prioridade-a-saude\/#primaryimage"},"image":{"@id":"https:\/\/jornaldasoficinas.com\/pt\/rede-de-oficinas-vulco-regressa-a-atividade-dando-prioridade-a-saude\/#primaryimage"},"thumbnailUrl":"https:\/\/jornaldasoficinas.com\/pt\/wp-content\/uploads\/2020\/05\/Rede-de-oficinas-Vulco-regressa-a\u0300-atividade-dando-prioridade-a\u0300-sau\u0301de.png","datePublished":"2020-05-24T10:32:34+00:00","dateModified":"2020-05-24T11:21:45+00:00","breadcrumb":{"@id":"https:\/\/jornaldasoficinas.com\/pt\/rede-de-oficinas-vulco-regressa-a-atividade-dando-prioridade-a-saude\/#breadcrumb"},"inLanguage":"pt-PT","potentialAction":[{"@type":"ReadAction","target":["https:\/\/jornaldasoficinas.com\/pt\/rede-de-oficinas-vulco-regressa-a-atividade-dando-prioridade-a-saude\/"]}]},{"@type":"ImageObject","inLanguage":"pt-PT","@id":"https:\/\/jornaldasoficinas.com\/pt\/rede-de-oficinas-vulco-regressa-a-atividade-dando-prioridade-a-saude\/#primaryimage","url":"https:\/\/jornaldasoficinas.com\/pt\/wp-content\/uploads\/2020\/05\/Rede-de-oficinas-Vulco-regressa-a\u0300-atividade-dando-prioridade-a\u0300-sau\u0301de.png","contentUrl":"https:\/\/jornaldasoficinas.com\/pt\/wp-content\/uploads\/2020\/05\/Rede-de-oficinas-Vulco-regressa-a\u0300-atividade-dando-prioridade-a\u0300-sau\u0301de.png","width":1024,"height":581,"caption":"05 - Rede-de-oficinas-Vulco-regressa-a\u0300-atividade-dando-prioridade-a\u0300-sau\u0301de"},{"@type":"BreadcrumbList","@id":"https:\/\/jornaldasoficinas.com\/pt\/rede-de-oficinas-vulco-regressa-a-atividade-dando-prioridade-a-saude\/#breadcrumb","itemListElement":[{"@type":"ListItem","position":1,"name":"In\u00edcio","item":"https:\/\/jornaldasoficinas.com\/pt\/"},{"@type":"ListItem","position":2,"name":"Rede de oficinas Vulco regressa \u00e0 atividade dando prioridade \u00e0 sa\u00fade"}]},{"@type":"WebSite","@id":"https:\/\/jornaldasoficinas.com\/pt\/#website","url":"https:\/\/jornaldasoficinas.com\/pt\/","name":"Jornal das Oficinas","description":"Jornal independente do Aftermarket Autom\u00f3vel em Portugal","publisher":{"@id":"https:\/\/jornaldasoficinas.com\/pt\/#organization"},"potentialAction":[{"@type":"SearchAction","target":{"@type":"EntryPoint","urlTemplate":"https:\/\/jornaldasoficinas.com\/pt\/?s={search_term_string}"},"query-input":{"@type":"PropertyValueSpecification","valueRequired":true,"valueName":"search_term_string"}}],"inLanguage":"pt-PT"},{"@type":"Organization","@id":"https:\/\/jornaldasoficinas.com\/pt\/#organization","name":"Jornal das Oficinas","url":"https:\/\/jornaldasoficinas.com\/pt\/","logo":{"@type":"ImageObject","inLanguage":"pt-PT","@id":"https:\/\/jornaldasoficinas.com\/pt\/#\/schema\/logo\/image\/","url":"https:\/\/jornaldasoficinas.com\/pt\/wp-content\/uploads\/logoJO-SEO.png","contentUrl":"https:\/\/jornaldasoficinas.com\/pt\/wp-content\/uploads\/logoJO-SEO.png","width":285,"height":450,"caption":"Jornal das Oficinas"},"image":{"@id":"https:\/\/jornaldasoficinas.com\/pt\/#\/schema\/logo\/image\/"},"sameAs":["https:\/\/www.facebook.com\/jornaloficinas","https:\/\/x.com\/jornaloficinas","https:\/\/www.instagram.com\/jornal_oficinas\/","https:\/\/www.linkedin.com\/company\/jornal-das-oficinas\/","https:\/\/www.youtube.com\/channel\/UCbQZBqtcvV-oSQrr7RzINGg"]},{"@type":"Person","@id":"https:\/\/jornaldasoficinas.com\/pt\/#\/schema\/person\/a38eef5de2c41d9e7c9ac10141afddf3","name":"Reda\u00e7\u00e3o JO","image":{"@type":"ImageObject","inLanguage":"pt-PT","@id":"https:\/\/secure.gravatar.com\/avatar\/71f2fa71737ad68a84fea94bc708ddac8ea5b0c4788dc2ad202f3ccb2887742f?s=96&d=wp_user_avatar&r=g","url":"https:\/\/secure.gravatar.com\/avatar\/71f2fa71737ad68a84fea94bc708ddac8ea5b0c4788dc2ad202f3ccb2887742f?s=96&d=wp_user_avatar&r=g","contentUrl":"https:\/\/secure.gravatar.com\/avatar\/71f2fa71737ad68a84fea94bc708ddac8ea5b0c4788dc2ad202f3ccb2887742f?s=96&d=wp_user_avatar&r=g","caption":"Reda\u00e7\u00e3o JO"},"url":"https:\/\/jornaldasoficinas.com\/pt\/author\/joredacao\/"}]}},"_links":{"self":[{"href":"https:\/\/jornaldasoficinas.com\/pt\/wp-json\/wp\/v2\/posts\/13285","targetHints":{"allow":["GET"]}}],"collection":[{"href":"https:\/\/jornaldasoficinas.com\/pt\/wp-json\/wp\/v2\/posts"}],"about":[{"href":"https:\/\/jornaldasoficinas.com\/pt\/wp-json\/wp\/v2\/types\/post"}],"author":[{"embeddable":true,"href":"https:\/\/jornaldasoficinas.com\/pt\/wp-json\/wp\/v2\/users\/15"}],"replies":[{"embeddable":true,"href":"https:\/\/jornaldasoficinas.com\/pt\/wp-json\/wp\/v2\/comments?post=13285"}],"version-history":[{"count":0,"href":"https:\/\/jornaldasoficinas.com\/pt\/wp-json\/wp\/v2\/posts\/13285\/revisions"}],"wp:featuredmedia":[{"embeddable":true,"href":"https:\/\/jornaldasoficinas.com\/pt\/wp-json\/wp\/v2\/media\/13281"}],"wp:attachment":[{"href":"https:\/\/jornaldasoficinas.com\/pt\/wp-json\/wp\/v2\/media?parent=13285"}],"wp:term":[{"taxonomy":"category","embeddable":true,"href":"https:\/\/jornaldasoficinas.com\/pt\/wp-json\/wp\/v2\/categories?post=13285"},{"taxonomy":"post_tag","embeddable":true,"href":"https:\/\/jornaldasoficinas.com\/pt\/wp-json\/wp\/v2\/tags?post=13285"}],"curies":[{"name":"wp","href":"https:\/\/api.w.org\/{rel}","templated":true}]}}