{"id":13362,"date":"2020-05-28T19:44:17","date_gmt":"2020-05-28T18:44:17","guid":{"rendered":"https:\/\/jornaldasoficinas.com\/pt\/?p=13362"},"modified":"2020-05-28T19:44:17","modified_gmt":"2020-05-28T18:44:17","slug":"spies-hecker-afina-imagem-da-equipa-formula-one-mercedes-amg-petronas","status":"publish","type":"post","link":"https:\/\/jornaldasoficinas.com\/pt\/spies-hecker-afina-imagem-da-equipa-formula-one-mercedes-amg-petronas\/","title":{"rendered":"Spies Hecker afina imagem da equipa Formula One Mercedes-AMG Petronas"},"content":{"rendered":"<p><img loading=\"lazy\" decoding=\"async\" class=\"alignnone wp-image-13363 size-full\" src=\"https:\/\/jornaldasoficinas.com\/pt\/wp-content\/uploads\/2020\/05\/mercedesamgpetronas.png\" alt=\"05 - mercedesamgpetronas\" width=\"1024\" height=\"581\" srcset=\"https:\/\/jornaldasoficinas.com\/pt\/wp-content\/uploads\/2020\/05\/mercedesamgpetronas.png 1024w, https:\/\/jornaldasoficinas.com\/pt\/wp-content\/uploads\/2020\/05\/mercedesamgpetronas-300x170.png 300w, https:\/\/jornaldasoficinas.com\/pt\/wp-content\/uploads\/2020\/05\/mercedesamgpetronas-150x85.png 150w, https:\/\/jornaldasoficinas.com\/pt\/wp-content\/uploads\/2020\/05\/mercedesamgpetronas-768x436.png 768w\" sizes=\"auto, (max-width: 1024px) 100vw, 1024px\" \/><\/p>\n<p><strong>Com a temporada de 2020 de F\u00f3rmula 1 suspensa, a Spies Hecker aproveita a oportunidade para analisar em profundidade a imagem da equipa e o trabalho que \u00e9 necess\u00e1rio para aplic\u00e1-la.<\/strong><\/p>\n<p>A equipa Formula One Mercedes-AMG Petronas \u00e9 a atual Campe\u00e3 Mundial de Construtores de F\u00f3rmula 1 da FIA, tendo conseguido um recorde depois de obter um t\u00edtulo pela sexta vez consecutiva no final da temporada de 2019.<\/p>\n<p>Os seus monolugares de corrida s\u00e3o conhecidos pela apar\u00eancia elegante nas ic\u00f3nicas imagens prateadas que s\u00e3o apresentadas todas as temporadas. H\u00e1 mais de seis anos que Andrew Moody, <em>head de Paint &amp; Graphics<\/em> da equipa Formula One Mercedes-AMG Petronas, conta com o apoio e a oferta de produtos personalizados da Spies Hecker, marca de repintura global da Axalta, que \u00e9 um dos principais fornecedores mundiais de tintas l\u00edquidas e em p\u00f3.<\/p>\n<p>Joachim Hinz, <em>brand manager<\/em> da Spies Hecker na Europa, M\u00e9dio Oriente e \u00c1frica, afirmou que \u201cos f\u00e3s em todo o mundo esperam ver a imagem de 2020, que foi apresentada no m\u00eas de fevereiro em Londres, na pista de corridas a determinada altura esta temporada. Entretanto, gostar\u00edamos de partilhar com os nossos amigos e com a fam\u00edlia Spies Hecker alguns dos detalhes que podem n\u00e3o ter visto na nova imagem\u201d.<\/p>\n<p>\u00c0 primeira vista, a principal diferen\u00e7a na imagem de 2020 \u00e9 a adi\u00e7\u00e3o de cor de vinho, especificamente nas extremidades das asas das placas frontais e traseiras, tampa do motor e, sobretudo, na estrutura tubular em arco.<\/p>\n<p>Este toque de cor deve-se ao novo parceiro principal da equipa Formula One Mercedes-AMG Petronas, a INEOS, uma vez que a cor de vinho \u00e9 a cor da sua divis\u00e3o de desporto, que inclui o Tour de France e as equipas da America Cup.<\/p>\n<p>Esta cor foi correspondida na perfei\u00e7\u00e3o, de forma digital, a partir de uma das bicicletas da equipa da INEOS, que foi enviada para a Oficina de Pintura em Brackley, no Reino Unido, utilizando o espectrofot\u00f3metro ColorDialog Phoenix.<\/p>\n<p>Andrew Moody explicou que \u201cn\u00e3o \u00e9 t\u00e3o f\u00e1cil obter a cor de vinho como pode parecer\u201d. Al\u00e9m disso, \u201cexiste um esbatimento de cinco cores desde a cor de vinho at\u00e9 ao preto. E, em algumas \u00e1reas no carro de corrida, \u00e9 vis\u00edvel em mais de um componente, pelo que temos de garantir que \u00e9 perfeito\u201d.<\/p>\n<p>Segundo explicou, \u201cexiste, tamb\u00e9m, uma linha principal preta muito fina e uma linha principal prateada que contornam as \u00e1reas em cor de vinho, pelo que o processo \u00e9 bastante complexo\u201d.<\/p>\n<p>A imagem de 2020 n\u00e3o s\u00f3 tem mais preto, como, tamb\u00e9m, o preto, EQ Black, \u00e9 mais escuro e mais intenso, o que faz com que o Mercedes-AMG F1 W11 EQ Power+ tenha uma apar\u00eancia ainda mais \u201camea\u00e7adora\u201d.<\/p>\n<p>Outra mudan\u00e7a importante diz respeito \u00e0s linhas de fluxo, que deixaram de ter as extremidades brilhantes das imagens anteriores e exibem, agora, linhas de fluxo com extremidades definidas e claras.<\/p>\n<p>Andrew Moore acrescentou que \u201ca imagem de 2020 representa a evolu\u00e7\u00e3o das linhas de fluxo que utiliz\u00e1mos desde 2017. Este ano, n\u00e3o existe esbatimento nas extremidades\u201d. As linhas de fluxo, no verde PETRONAS apelativo e personalizado que a Axalta criou para a equipa na temporada de 2019, s\u00e3o contornadas com EQ Black. \u201cN\u00e3o h\u00e1 nenhum lugar no carro em que o verde PETRONAS e o prateado Stirling se encontrem\u201d, referiu Andrew Moore.<\/p>\n<p>Os f\u00e3s mais atentos podem ter reparado que as estrelas que adornam a tampa do motor e o chassis t\u00eam cinco tamanhos diferentes e duas cores prateadas diferentes, para al\u00e9m das duas estrelas especiais, uma em cada lado, que s\u00e3o em vermelho vivo e prestam homenagem a Niki Lauda, o <em>non-executive chairman<\/em> da equipa, recentemente falecido. Andrew Moore declarou que \u201ctodas as estrelas foram pintadas e n\u00e3o s\u00e3o decalques, como muitas pessoas podem pensar\u201d.<\/p>\n<p>A oficina de pintura utiliza uma variedade de produtos Spies Hecker, incluindo o Priomat Wash Primer 4075 e, em seguida, o Permasolid HS Vario Primer Surfacer 5340, um prim\u00e1rio aparelho com um elevado teor de s\u00f3lidos, ou Permasolid HS Performance Surfacer 5320, um aparelho de lixagem de secagem r\u00e1pida 2K HS.<\/p>\n<p>Os <em>degrad\u00eas <\/em>da cor da equipa foram pintados com a Base Bicamada Permahyd Hi-TEC 480\u00e7 A oficina de pintura completou o acabamento dos componentes com Verniz Permasolid HS Optimum Plus Clear 8650 ou com o Verniz Permasolid HS Race Clear 8700.<\/p>\n<p>\u201cTivemos muito prazer em prolongar a nossa rela\u00e7\u00e3o como fornecedor oficial da equipa Formula One Mercedes-AMG Petronas no in\u00edcio de 2020, quando celebr\u00e1mos novamente o contrato\u201d, frisou Joachim Hinz.<\/p>\n<p>E concluiu: \u201cTodos n\u00f3s, na Spies Hecker, temos muito orgulho em colaborar com campe\u00f5es mundiais. Ainda por cima, uns que fizeram hist\u00f3ria. Tal como todos os f\u00e3s de F\u00f3rmula 1, esperamos poder ver algumas corridas quando for seguro para as equipas e f\u00e3s\u201d.<\/p>\n<p>Para mais informa\u00e7\u00f5es sobre a Spies Hecker, clicar <a href=\"https:\/\/www.spieshecker.com\/corporate\/en_GB.html\" target=\"_blank\" rel=\"noopener noreferrer\">aqui<\/a>. Para seguir a equipa Formula One Mercedes-AMG Petronas, clicar <a href=\"https:\/\/www.mercedesamgf1.com\/en\/\" target=\"_blank\" rel=\"noopener noreferrer\">aqui<\/a>.<\/p>\n","protected":false},"excerpt":{"rendered":"<p>Com a temporada de 2020 de&#8230;<\/p>\n","protected":false},"author":15,"featured_media":13363,"comment_status":"closed","ping_status":"closed","sticky":false,"template":"","format":"standard","meta":{"footnotes":""},"categories":[2],"tags":[67,1543,2293,2303,709],"class_list":["post-13362","post","type-post","status-publish","format-standard","has-post-thumbnail","hentry","category-repintura","tag-axalta","tag-formula-1","tag-formula-one-mercedes-amg-petronas","tag-ineos","tag-spies-hecker"],"yoast_head":"<!-- This site is optimized with the Yoast SEO plugin v27.4 - https:\/\/yoast.com\/product\/yoast-seo-wordpress\/ -->\n<title>Spies Hecker afina imagem da equipa Formula One Mercedes-AMG Petronas - Jornal das Oficinas<\/title>\n<meta name=\"robots\" content=\"index, follow, max-snippet:-1, max-image-preview:large, max-video-preview:-1\" \/>\n<link rel=\"canonical\" href=\"https:\/\/jornaldasoficinas.com\/pt\/spies-hecker-afina-imagem-da-equipa-formula-one-mercedes-amg-petronas\/\" \/>\n<meta property=\"og:locale\" content=\"pt_PT\" \/>\n<meta property=\"og:type\" content=\"article\" \/>\n<meta property=\"og:title\" content=\"Spies Hecker afina imagem da equipa Formula One Mercedes-AMG Petronas - Jornal das Oficinas\" \/>\n<meta property=\"og:description\" content=\"Com a temporada de 2020 de...\" \/>\n<meta property=\"og:url\" content=\"https:\/\/jornaldasoficinas.com\/pt\/spies-hecker-afina-imagem-da-equipa-formula-one-mercedes-amg-petronas\/\" \/>\n<meta property=\"og:site_name\" content=\"Jornal das Oficinas\" \/>\n<meta property=\"article:publisher\" content=\"https:\/\/www.facebook.com\/jornaloficinas\" \/>\n<meta property=\"article:published_time\" content=\"2020-05-28T18:44:17+00:00\" \/>\n<meta property=\"og:image\" content=\"https:\/\/jornaldasoficinas.com\/pt\/wp-content\/uploads\/2020\/05\/mercedesamgpetronas.png\" \/>\n\t<meta property=\"og:image:width\" content=\"1024\" \/>\n\t<meta property=\"og:image:height\" content=\"581\" \/>\n\t<meta property=\"og:image:type\" content=\"image\/png\" \/>\n<meta name=\"author\" content=\"Reda\u00e7\u00e3o JO\" \/>\n<meta name=\"twitter:card\" content=\"summary_large_image\" \/>\n<meta name=\"twitter:creator\" content=\"@jornaloficinas\" \/>\n<meta name=\"twitter:site\" content=\"@jornaloficinas\" \/>\n<meta name=\"twitter:label1\" content=\"Escrito por\" \/>\n\t<meta name=\"twitter:data1\" content=\"Reda\u00e7\u00e3o JO\" \/>\n\t<meta name=\"twitter:label2\" content=\"Tempo estimado de leitura\" \/>\n\t<meta name=\"twitter:data2\" content=\"4 minutos\" \/>\n<script type=\"application\/ld+json\" class=\"yoast-schema-graph\">{\"@context\":\"https:\\\/\\\/schema.org\",\"@graph\":[{\"@type\":\"Article\",\"@id\":\"https:\\\/\\\/jornaldasoficinas.com\\\/pt\\\/spies-hecker-afina-imagem-da-equipa-formula-one-mercedes-amg-petronas\\\/#article\",\"isPartOf\":{\"@id\":\"https:\\\/\\\/jornaldasoficinas.com\\\/pt\\\/spies-hecker-afina-imagem-da-equipa-formula-one-mercedes-amg-petronas\\\/\"},\"author\":{\"name\":\"Reda\u00e7\u00e3o JO\",\"@id\":\"https:\\\/\\\/jornaldasoficinas.com\\\/pt\\\/#\\\/schema\\\/person\\\/a38eef5de2c41d9e7c9ac10141afddf3\"},\"headline\":\"Spies Hecker afina imagem da equipa Formula One Mercedes-AMG Petronas\",\"datePublished\":\"2020-05-28T18:44:17+00:00\",\"mainEntityOfPage\":{\"@id\":\"https:\\\/\\\/jornaldasoficinas.com\\\/pt\\\/spies-hecker-afina-imagem-da-equipa-formula-one-mercedes-amg-petronas\\\/\"},\"wordCount\":847,\"publisher\":{\"@id\":\"https:\\\/\\\/jornaldasoficinas.com\\\/pt\\\/#organization\"},\"image\":{\"@id\":\"https:\\\/\\\/jornaldasoficinas.com\\\/pt\\\/spies-hecker-afina-imagem-da-equipa-formula-one-mercedes-amg-petronas\\\/#primaryimage\"},\"thumbnailUrl\":\"https:\\\/\\\/jornaldasoficinas.com\\\/pt\\\/wp-content\\\/uploads\\\/2020\\\/05\\\/mercedesamgpetronas.png\",\"keywords\":[\"Axalta\",\"Formula 1\",\"Formula One Mercedes-AMG Petronas\",\"INEOS\",\"Spies Hecker\"],\"articleSection\":[\"Repintura\"],\"inLanguage\":\"pt-PT\"},{\"@type\":\"WebPage\",\"@id\":\"https:\\\/\\\/jornaldasoficinas.com\\\/pt\\\/spies-hecker-afina-imagem-da-equipa-formula-one-mercedes-amg-petronas\\\/\",\"url\":\"https:\\\/\\\/jornaldasoficinas.com\\\/pt\\\/spies-hecker-afina-imagem-da-equipa-formula-one-mercedes-amg-petronas\\\/\",\"name\":\"Spies Hecker afina imagem da equipa Formula One Mercedes-AMG Petronas - Jornal das Oficinas\",\"isPartOf\":{\"@id\":\"https:\\\/\\\/jornaldasoficinas.com\\\/pt\\\/#website\"},\"primaryImageOfPage\":{\"@id\":\"https:\\\/\\\/jornaldasoficinas.com\\\/pt\\\/spies-hecker-afina-imagem-da-equipa-formula-one-mercedes-amg-petronas\\\/#primaryimage\"},\"image\":{\"@id\":\"https:\\\/\\\/jornaldasoficinas.com\\\/pt\\\/spies-hecker-afina-imagem-da-equipa-formula-one-mercedes-amg-petronas\\\/#primaryimage\"},\"thumbnailUrl\":\"https:\\\/\\\/jornaldasoficinas.com\\\/pt\\\/wp-content\\\/uploads\\\/2020\\\/05\\\/mercedesamgpetronas.png\",\"datePublished\":\"2020-05-28T18:44:17+00:00\",\"breadcrumb\":{\"@id\":\"https:\\\/\\\/jornaldasoficinas.com\\\/pt\\\/spies-hecker-afina-imagem-da-equipa-formula-one-mercedes-amg-petronas\\\/#breadcrumb\"},\"inLanguage\":\"pt-PT\",\"potentialAction\":[{\"@type\":\"ReadAction\",\"target\":[\"https:\\\/\\\/jornaldasoficinas.com\\\/pt\\\/spies-hecker-afina-imagem-da-equipa-formula-one-mercedes-amg-petronas\\\/\"]}]},{\"@type\":\"ImageObject\",\"inLanguage\":\"pt-PT\",\"@id\":\"https:\\\/\\\/jornaldasoficinas.com\\\/pt\\\/spies-hecker-afina-imagem-da-equipa-formula-one-mercedes-amg-petronas\\\/#primaryimage\",\"url\":\"https:\\\/\\\/jornaldasoficinas.com\\\/pt\\\/wp-content\\\/uploads\\\/2020\\\/05\\\/mercedesamgpetronas.png\",\"contentUrl\":\"https:\\\/\\\/jornaldasoficinas.com\\\/pt\\\/wp-content\\\/uploads\\\/2020\\\/05\\\/mercedesamgpetronas.png\",\"width\":1024,\"height\":581,\"caption\":\"05 - mercedesamgpetronas\"},{\"@type\":\"BreadcrumbList\",\"@id\":\"https:\\\/\\\/jornaldasoficinas.com\\\/pt\\\/spies-hecker-afina-imagem-da-equipa-formula-one-mercedes-amg-petronas\\\/#breadcrumb\",\"itemListElement\":[{\"@type\":\"ListItem\",\"position\":1,\"name\":\"In\u00edcio\",\"item\":\"https:\\\/\\\/jornaldasoficinas.com\\\/pt\\\/\"},{\"@type\":\"ListItem\",\"position\":2,\"name\":\"Spies Hecker afina imagem da equipa Formula One Mercedes-AMG Petronas\"}]},{\"@type\":\"WebSite\",\"@id\":\"https:\\\/\\\/jornaldasoficinas.com\\\/pt\\\/#website\",\"url\":\"https:\\\/\\\/jornaldasoficinas.com\\\/pt\\\/\",\"name\":\"Jornal das Oficinas\",\"description\":\"Jornal independente do Aftermarket Autom\u00f3vel em Portugal\",\"publisher\":{\"@id\":\"https:\\\/\\\/jornaldasoficinas.com\\\/pt\\\/#organization\"},\"potentialAction\":[{\"@type\":\"SearchAction\",\"target\":{\"@type\":\"EntryPoint\",\"urlTemplate\":\"https:\\\/\\\/jornaldasoficinas.com\\\/pt\\\/?s={search_term_string}\"},\"query-input\":{\"@type\":\"PropertyValueSpecification\",\"valueRequired\":true,\"valueName\":\"search_term_string\"}}],\"inLanguage\":\"pt-PT\"},{\"@type\":\"Organization\",\"@id\":\"https:\\\/\\\/jornaldasoficinas.com\\\/pt\\\/#organization\",\"name\":\"Jornal das Oficinas\",\"url\":\"https:\\\/\\\/jornaldasoficinas.com\\\/pt\\\/\",\"logo\":{\"@type\":\"ImageObject\",\"inLanguage\":\"pt-PT\",\"@id\":\"https:\\\/\\\/jornaldasoficinas.com\\\/pt\\\/#\\\/schema\\\/logo\\\/image\\\/\",\"url\":\"https:\\\/\\\/jornaldasoficinas.com\\\/pt\\\/wp-content\\\/uploads\\\/logoJO-SEO.png\",\"contentUrl\":\"https:\\\/\\\/jornaldasoficinas.com\\\/pt\\\/wp-content\\\/uploads\\\/logoJO-SEO.png\",\"width\":285,\"height\":450,\"caption\":\"Jornal das Oficinas\"},\"image\":{\"@id\":\"https:\\\/\\\/jornaldasoficinas.com\\\/pt\\\/#\\\/schema\\\/logo\\\/image\\\/\"},\"sameAs\":[\"https:\\\/\\\/www.facebook.com\\\/jornaloficinas\",\"https:\\\/\\\/x.com\\\/jornaloficinas\",\"https:\\\/\\\/www.instagram.com\\\/jornal_oficinas\\\/\",\"https:\\\/\\\/www.linkedin.com\\\/company\\\/jornal-das-oficinas\\\/\",\"https:\\\/\\\/www.youtube.com\\\/channel\\\/UCbQZBqtcvV-oSQrr7RzINGg\"]},{\"@type\":\"Person\",\"@id\":\"https:\\\/\\\/jornaldasoficinas.com\\\/pt\\\/#\\\/schema\\\/person\\\/a38eef5de2c41d9e7c9ac10141afddf3\",\"name\":\"Reda\u00e7\u00e3o JO\",\"image\":{\"@type\":\"ImageObject\",\"inLanguage\":\"pt-PT\",\"@id\":\"https:\\\/\\\/secure.gravatar.com\\\/avatar\\\/71f2fa71737ad68a84fea94bc708ddac8ea5b0c4788dc2ad202f3ccb2887742f?s=96&d=wp_user_avatar&r=g\",\"url\":\"https:\\\/\\\/secure.gravatar.com\\\/avatar\\\/71f2fa71737ad68a84fea94bc708ddac8ea5b0c4788dc2ad202f3ccb2887742f?s=96&d=wp_user_avatar&r=g\",\"contentUrl\":\"https:\\\/\\\/secure.gravatar.com\\\/avatar\\\/71f2fa71737ad68a84fea94bc708ddac8ea5b0c4788dc2ad202f3ccb2887742f?s=96&d=wp_user_avatar&r=g\",\"caption\":\"Reda\u00e7\u00e3o JO\"},\"url\":\"https:\\\/\\\/jornaldasoficinas.com\\\/pt\\\/author\\\/joredacao\\\/\"}]}<\/script>\n<!-- \/ Yoast SEO plugin. -->","yoast_head_json":{"title":"Spies Hecker afina imagem da equipa Formula One Mercedes-AMG Petronas - Jornal das Oficinas","robots":{"index":"index","follow":"follow","max-snippet":"max-snippet:-1","max-image-preview":"max-image-preview:large","max-video-preview":"max-video-preview:-1"},"canonical":"https:\/\/jornaldasoficinas.com\/pt\/spies-hecker-afina-imagem-da-equipa-formula-one-mercedes-amg-petronas\/","og_locale":"pt_PT","og_type":"article","og_title":"Spies Hecker afina imagem da equipa Formula One Mercedes-AMG Petronas - Jornal das Oficinas","og_description":"Com a temporada de 2020 de...","og_url":"https:\/\/jornaldasoficinas.com\/pt\/spies-hecker-afina-imagem-da-equipa-formula-one-mercedes-amg-petronas\/","og_site_name":"Jornal das Oficinas","article_publisher":"https:\/\/www.facebook.com\/jornaloficinas","article_published_time":"2020-05-28T18:44:17+00:00","og_image":[{"width":1024,"height":581,"url":"https:\/\/jornaldasoficinas.com\/pt\/wp-content\/uploads\/2020\/05\/mercedesamgpetronas.png","type":"image\/png"}],"author":"Reda\u00e7\u00e3o JO","twitter_card":"summary_large_image","twitter_creator":"@jornaloficinas","twitter_site":"@jornaloficinas","twitter_misc":{"Escrito por":"Reda\u00e7\u00e3o JO","Tempo estimado de leitura":"4 minutos"},"schema":{"@context":"https:\/\/schema.org","@graph":[{"@type":"Article","@id":"https:\/\/jornaldasoficinas.com\/pt\/spies-hecker-afina-imagem-da-equipa-formula-one-mercedes-amg-petronas\/#article","isPartOf":{"@id":"https:\/\/jornaldasoficinas.com\/pt\/spies-hecker-afina-imagem-da-equipa-formula-one-mercedes-amg-petronas\/"},"author":{"name":"Reda\u00e7\u00e3o JO","@id":"https:\/\/jornaldasoficinas.com\/pt\/#\/schema\/person\/a38eef5de2c41d9e7c9ac10141afddf3"},"headline":"Spies Hecker afina imagem da equipa Formula One Mercedes-AMG Petronas","datePublished":"2020-05-28T18:44:17+00:00","mainEntityOfPage":{"@id":"https:\/\/jornaldasoficinas.com\/pt\/spies-hecker-afina-imagem-da-equipa-formula-one-mercedes-amg-petronas\/"},"wordCount":847,"publisher":{"@id":"https:\/\/jornaldasoficinas.com\/pt\/#organization"},"image":{"@id":"https:\/\/jornaldasoficinas.com\/pt\/spies-hecker-afina-imagem-da-equipa-formula-one-mercedes-amg-petronas\/#primaryimage"},"thumbnailUrl":"https:\/\/jornaldasoficinas.com\/pt\/wp-content\/uploads\/2020\/05\/mercedesamgpetronas.png","keywords":["Axalta","Formula 1","Formula One Mercedes-AMG Petronas","INEOS","Spies Hecker"],"articleSection":["Repintura"],"inLanguage":"pt-PT"},{"@type":"WebPage","@id":"https:\/\/jornaldasoficinas.com\/pt\/spies-hecker-afina-imagem-da-equipa-formula-one-mercedes-amg-petronas\/","url":"https:\/\/jornaldasoficinas.com\/pt\/spies-hecker-afina-imagem-da-equipa-formula-one-mercedes-amg-petronas\/","name":"Spies Hecker afina imagem da equipa Formula One Mercedes-AMG Petronas - Jornal das Oficinas","isPartOf":{"@id":"https:\/\/jornaldasoficinas.com\/pt\/#website"},"primaryImageOfPage":{"@id":"https:\/\/jornaldasoficinas.com\/pt\/spies-hecker-afina-imagem-da-equipa-formula-one-mercedes-amg-petronas\/#primaryimage"},"image":{"@id":"https:\/\/jornaldasoficinas.com\/pt\/spies-hecker-afina-imagem-da-equipa-formula-one-mercedes-amg-petronas\/#primaryimage"},"thumbnailUrl":"https:\/\/jornaldasoficinas.com\/pt\/wp-content\/uploads\/2020\/05\/mercedesamgpetronas.png","datePublished":"2020-05-28T18:44:17+00:00","breadcrumb":{"@id":"https:\/\/jornaldasoficinas.com\/pt\/spies-hecker-afina-imagem-da-equipa-formula-one-mercedes-amg-petronas\/#breadcrumb"},"inLanguage":"pt-PT","potentialAction":[{"@type":"ReadAction","target":["https:\/\/jornaldasoficinas.com\/pt\/spies-hecker-afina-imagem-da-equipa-formula-one-mercedes-amg-petronas\/"]}]},{"@type":"ImageObject","inLanguage":"pt-PT","@id":"https:\/\/jornaldasoficinas.com\/pt\/spies-hecker-afina-imagem-da-equipa-formula-one-mercedes-amg-petronas\/#primaryimage","url":"https:\/\/jornaldasoficinas.com\/pt\/wp-content\/uploads\/2020\/05\/mercedesamgpetronas.png","contentUrl":"https:\/\/jornaldasoficinas.com\/pt\/wp-content\/uploads\/2020\/05\/mercedesamgpetronas.png","width":1024,"height":581,"caption":"05 - mercedesamgpetronas"},{"@type":"BreadcrumbList","@id":"https:\/\/jornaldasoficinas.com\/pt\/spies-hecker-afina-imagem-da-equipa-formula-one-mercedes-amg-petronas\/#breadcrumb","itemListElement":[{"@type":"ListItem","position":1,"name":"In\u00edcio","item":"https:\/\/jornaldasoficinas.com\/pt\/"},{"@type":"ListItem","position":2,"name":"Spies Hecker afina imagem da equipa Formula One Mercedes-AMG Petronas"}]},{"@type":"WebSite","@id":"https:\/\/jornaldasoficinas.com\/pt\/#website","url":"https:\/\/jornaldasoficinas.com\/pt\/","name":"Jornal das Oficinas","description":"Jornal independente do Aftermarket Autom\u00f3vel em Portugal","publisher":{"@id":"https:\/\/jornaldasoficinas.com\/pt\/#organization"},"potentialAction":[{"@type":"SearchAction","target":{"@type":"EntryPoint","urlTemplate":"https:\/\/jornaldasoficinas.com\/pt\/?s={search_term_string}"},"query-input":{"@type":"PropertyValueSpecification","valueRequired":true,"valueName":"search_term_string"}}],"inLanguage":"pt-PT"},{"@type":"Organization","@id":"https:\/\/jornaldasoficinas.com\/pt\/#organization","name":"Jornal das Oficinas","url":"https:\/\/jornaldasoficinas.com\/pt\/","logo":{"@type":"ImageObject","inLanguage":"pt-PT","@id":"https:\/\/jornaldasoficinas.com\/pt\/#\/schema\/logo\/image\/","url":"https:\/\/jornaldasoficinas.com\/pt\/wp-content\/uploads\/logoJO-SEO.png","contentUrl":"https:\/\/jornaldasoficinas.com\/pt\/wp-content\/uploads\/logoJO-SEO.png","width":285,"height":450,"caption":"Jornal das Oficinas"},"image":{"@id":"https:\/\/jornaldasoficinas.com\/pt\/#\/schema\/logo\/image\/"},"sameAs":["https:\/\/www.facebook.com\/jornaloficinas","https:\/\/x.com\/jornaloficinas","https:\/\/www.instagram.com\/jornal_oficinas\/","https:\/\/www.linkedin.com\/company\/jornal-das-oficinas\/","https:\/\/www.youtube.com\/channel\/UCbQZBqtcvV-oSQrr7RzINGg"]},{"@type":"Person","@id":"https:\/\/jornaldasoficinas.com\/pt\/#\/schema\/person\/a38eef5de2c41d9e7c9ac10141afddf3","name":"Reda\u00e7\u00e3o JO","image":{"@type":"ImageObject","inLanguage":"pt-PT","@id":"https:\/\/secure.gravatar.com\/avatar\/71f2fa71737ad68a84fea94bc708ddac8ea5b0c4788dc2ad202f3ccb2887742f?s=96&d=wp_user_avatar&r=g","url":"https:\/\/secure.gravatar.com\/avatar\/71f2fa71737ad68a84fea94bc708ddac8ea5b0c4788dc2ad202f3ccb2887742f?s=96&d=wp_user_avatar&r=g","contentUrl":"https:\/\/secure.gravatar.com\/avatar\/71f2fa71737ad68a84fea94bc708ddac8ea5b0c4788dc2ad202f3ccb2887742f?s=96&d=wp_user_avatar&r=g","caption":"Reda\u00e7\u00e3o JO"},"url":"https:\/\/jornaldasoficinas.com\/pt\/author\/joredacao\/"}]}},"_links":{"self":[{"href":"https:\/\/jornaldasoficinas.com\/pt\/wp-json\/wp\/v2\/posts\/13362","targetHints":{"allow":["GET"]}}],"collection":[{"href":"https:\/\/jornaldasoficinas.com\/pt\/wp-json\/wp\/v2\/posts"}],"about":[{"href":"https:\/\/jornaldasoficinas.com\/pt\/wp-json\/wp\/v2\/types\/post"}],"author":[{"embeddable":true,"href":"https:\/\/jornaldasoficinas.com\/pt\/wp-json\/wp\/v2\/users\/15"}],"replies":[{"embeddable":true,"href":"https:\/\/jornaldasoficinas.com\/pt\/wp-json\/wp\/v2\/comments?post=13362"}],"version-history":[{"count":0,"href":"https:\/\/jornaldasoficinas.com\/pt\/wp-json\/wp\/v2\/posts\/13362\/revisions"}],"wp:featuredmedia":[{"embeddable":true,"href":"https:\/\/jornaldasoficinas.com\/pt\/wp-json\/wp\/v2\/media\/13363"}],"wp:attachment":[{"href":"https:\/\/jornaldasoficinas.com\/pt\/wp-json\/wp\/v2\/media?parent=13362"}],"wp:term":[{"taxonomy":"category","embeddable":true,"href":"https:\/\/jornaldasoficinas.com\/pt\/wp-json\/wp\/v2\/categories?post=13362"},{"taxonomy":"post_tag","embeddable":true,"href":"https:\/\/jornaldasoficinas.com\/pt\/wp-json\/wp\/v2\/tags?post=13362"}],"curies":[{"name":"wp","href":"https:\/\/api.w.org\/{rel}","templated":true}]}}