{"id":13626,"date":"2020-06-08T08:00:11","date_gmt":"2020-06-08T07:00:11","guid":{"rendered":"https:\/\/jornaldasoficinas.com\/pt\/?p=13626"},"modified":"2021-04-29T18:08:08","modified_gmt":"2021-04-29T17:08:08","slug":"fuchs-lanca-novo-fluido-transmissoes-automaticas-mercedes","status":"publish","type":"post","link":"https:\/\/jornaldasoficinas.com\/pt\/fuchs-lanca-novo-fluido-transmissoes-automaticas-mercedes\/","title":{"rendered":"FUCHS lan\u00e7a novo fluido transmiss\u00f5es autom\u00e1ticas Mercedes"},"content":{"rendered":"<p><strong><img loading=\"lazy\" decoding=\"async\" class=\"alignnone wp-image-13623 size-full\" src=\"https:\/\/jornaldasoficinas.com\/pt\/wp-content\/uploads\/2020\/06\/FUCHS-lanc\u0327a-novo.jpg\" alt=\"06 - FUCHS-lanc\u0327a-novo\" width=\"1024\" height=\"581\" srcset=\"https:\/\/jornaldasoficinas.com\/pt\/wp-content\/uploads\/2020\/06\/FUCHS-lanc\u0327a-novo.jpg 1024w, https:\/\/jornaldasoficinas.com\/pt\/wp-content\/uploads\/2020\/06\/FUCHS-lanc\u0327a-novo-300x170.jpg 300w, https:\/\/jornaldasoficinas.com\/pt\/wp-content\/uploads\/2020\/06\/FUCHS-lanc\u0327a-novo-150x85.jpg 150w, https:\/\/jornaldasoficinas.com\/pt\/wp-content\/uploads\/2020\/06\/FUCHS-lanc\u0327a-novo-768x436.jpg 768w\" sizes=\"auto, (max-width: 1024px) 100vw, 1024px\" \/><\/strong><\/p>\n<p><strong>A FUCHS anunciou o lan\u00e7amento do novo fluido de Performance Premium para Transmiss\u00f5es Autom\u00e1ticas, o TITAN ATF 9134 FE. Este novo fluido foi especialmente desenvolvido para transmiss\u00f5es autom\u00e1ticas de 9 velocidades da Mercedes-Benz da s\u00e9rie 725.0 (9G-Tronic ou NAG III) e proporciona economia de combust\u00edvel inovadora.<\/strong><\/p>\n<p>Com a utiliza\u00e7\u00e3o do TITAN ATF 9134 FE, \u00e9 conseguido m\u00e1ximo conforto na condu\u00e7\u00e3o com uma din\u00e2mica melhorada devido a mudan\u00e7as de velocidade r\u00e1pidas. A nova gera\u00e7\u00e3o de transmiss\u00f5es autom\u00e1ticas da Mercedes-Benz alcan\u00e7ou economias de combust\u00edvel na ordem dos 6,5% em compara\u00e7\u00e3o com o modelo antecessor 7G-Tronic Plus. A chave para esta economia de combust\u00edvel \u00e9 a utiliza\u00e7\u00e3o de duas bombas de \u00f3leo para fornecimento de \u00f3leo, bem como, a redu\u00e7\u00e3o adicional das perdas por atrito na transmiss\u00e3o, que \u00e9 conseguida devido \u00e0 baixa viscosidade do \u00f3leo.<\/p>\n<p>O aumento significativo dos requisitos de elevada estabilidade \u00e0 oxida\u00e7\u00e3o, compatibilidade com componentes eletr\u00f3nicos, otimizado comportamento antiespuma e otimizadas propriedades de coeficiente de atrito, bem como, a \u201credu\u00e7\u00e3o de emiss\u00f5es de CO2\u201d por diminui\u00e7\u00e3o de viscosidade, t\u00eam um papel vital e foi definido pela Mercedes-Benz na especifica\u00e7\u00e3o independente MB 236.17. O TITAN ATF 9134 FE \u00e9 o resultado da Investiga\u00e7\u00e3o &amp; Desenvolvimento mais recentes e foi especialmente desenvolvido para cumprir estes requisitos.<\/p>\n","protected":false},"excerpt":{"rendered":"<p>A FUCHS anunciou o lan\u00e7amento do&#8230;<\/p>\n","protected":false},"author":15,"featured_media":13623,"comment_status":"closed","ping_status":"closed","sticky":false,"template":"","format":"standard","meta":{"footnotes":""},"categories":[37],"tags":[277],"class_list":["post-13626","post","type-post","status-publish","format-standard","has-post-thumbnail","hentry","category-mercado","tag-fuchs"],"yoast_head":"<!-- This site is optimized with the Yoast SEO plugin v27.4 - https:\/\/yoast.com\/product\/yoast-seo-wordpress\/ -->\n<title>FUCHS lan\u00e7a novo fluido transmiss\u00f5es autom\u00e1ticas Mercedes - Jornal das Oficinas<\/title>\n<meta name=\"robots\" content=\"index, follow, max-snippet:-1, max-image-preview:large, max-video-preview:-1\" \/>\n<link rel=\"canonical\" href=\"https:\/\/jornaldasoficinas.com\/pt\/fuchs-lanca-novo-fluido-transmissoes-automaticas-mercedes\/\" \/>\n<meta property=\"og:locale\" content=\"pt_PT\" \/>\n<meta property=\"og:type\" content=\"article\" \/>\n<meta property=\"og:title\" content=\"FUCHS lan\u00e7a novo fluido transmiss\u00f5es autom\u00e1ticas Mercedes - Jornal das Oficinas\" \/>\n<meta property=\"og:description\" content=\"A FUCHS anunciou o lan\u00e7amento do...\" \/>\n<meta property=\"og:url\" content=\"https:\/\/jornaldasoficinas.com\/pt\/fuchs-lanca-novo-fluido-transmissoes-automaticas-mercedes\/\" \/>\n<meta property=\"og:site_name\" content=\"Jornal das Oficinas\" \/>\n<meta property=\"article:publisher\" content=\"https:\/\/www.facebook.com\/jornaloficinas\" \/>\n<meta property=\"article:published_time\" content=\"2020-06-08T07:00:11+00:00\" \/>\n<meta property=\"article:modified_time\" content=\"2021-04-29T17:08:08+00:00\" \/>\n<meta property=\"og:image\" content=\"https:\/\/jornaldasoficinas.com\/pt\/wp-content\/uploads\/2020\/06\/FUCHS-lanc\u0327a-novo.jpg\" \/>\n\t<meta property=\"og:image:width\" content=\"1024\" \/>\n\t<meta property=\"og:image:height\" content=\"581\" \/>\n\t<meta property=\"og:image:type\" content=\"image\/jpeg\" \/>\n<meta name=\"author\" content=\"Reda\u00e7\u00e3o JO\" \/>\n<meta name=\"twitter:card\" content=\"summary_large_image\" \/>\n<meta name=\"twitter:creator\" content=\"@jornaloficinas\" \/>\n<meta name=\"twitter:site\" content=\"@jornaloficinas\" \/>\n<meta name=\"twitter:label1\" content=\"Escrito por\" \/>\n\t<meta name=\"twitter:data1\" content=\"Reda\u00e7\u00e3o JO\" \/>\n\t<meta name=\"twitter:label2\" content=\"Tempo estimado de leitura\" \/>\n\t<meta name=\"twitter:data2\" content=\"1 minuto\" \/>\n<script type=\"application\/ld+json\" class=\"yoast-schema-graph\">{\"@context\":\"https:\\\/\\\/schema.org\",\"@graph\":[{\"@type\":\"Article\",\"@id\":\"https:\\\/\\\/jornaldasoficinas.com\\\/pt\\\/fuchs-lanca-novo-fluido-transmissoes-automaticas-mercedes\\\/#article\",\"isPartOf\":{\"@id\":\"https:\\\/\\\/jornaldasoficinas.com\\\/pt\\\/fuchs-lanca-novo-fluido-transmissoes-automaticas-mercedes\\\/\"},\"author\":{\"name\":\"Reda\u00e7\u00e3o JO\",\"@id\":\"https:\\\/\\\/jornaldasoficinas.com\\\/pt\\\/#\\\/schema\\\/person\\\/a38eef5de2c41d9e7c9ac10141afddf3\"},\"headline\":\"FUCHS lan\u00e7a novo fluido transmiss\u00f5es autom\u00e1ticas Mercedes\",\"datePublished\":\"2020-06-08T07:00:11+00:00\",\"dateModified\":\"2021-04-29T17:08:08+00:00\",\"mainEntityOfPage\":{\"@id\":\"https:\\\/\\\/jornaldasoficinas.com\\\/pt\\\/fuchs-lanca-novo-fluido-transmissoes-automaticas-mercedes\\\/\"},\"wordCount\":233,\"publisher\":{\"@id\":\"https:\\\/\\\/jornaldasoficinas.com\\\/pt\\\/#organization\"},\"image\":{\"@id\":\"https:\\\/\\\/jornaldasoficinas.com\\\/pt\\\/fuchs-lanca-novo-fluido-transmissoes-automaticas-mercedes\\\/#primaryimage\"},\"thumbnailUrl\":\"https:\\\/\\\/jornaldasoficinas.com\\\/pt\\\/wp-content\\\/uploads\\\/2020\\\/06\\\/FUCHS-lanc\u0327a-novo.jpg\",\"keywords\":[\"Fuchs\"],\"articleSection\":[\"Mercado\"],\"inLanguage\":\"pt-PT\"},{\"@type\":\"WebPage\",\"@id\":\"https:\\\/\\\/jornaldasoficinas.com\\\/pt\\\/fuchs-lanca-novo-fluido-transmissoes-automaticas-mercedes\\\/\",\"url\":\"https:\\\/\\\/jornaldasoficinas.com\\\/pt\\\/fuchs-lanca-novo-fluido-transmissoes-automaticas-mercedes\\\/\",\"name\":\"FUCHS lan\u00e7a novo fluido transmiss\u00f5es autom\u00e1ticas Mercedes - Jornal das Oficinas\",\"isPartOf\":{\"@id\":\"https:\\\/\\\/jornaldasoficinas.com\\\/pt\\\/#website\"},\"primaryImageOfPage\":{\"@id\":\"https:\\\/\\\/jornaldasoficinas.com\\\/pt\\\/fuchs-lanca-novo-fluido-transmissoes-automaticas-mercedes\\\/#primaryimage\"},\"image\":{\"@id\":\"https:\\\/\\\/jornaldasoficinas.com\\\/pt\\\/fuchs-lanca-novo-fluido-transmissoes-automaticas-mercedes\\\/#primaryimage\"},\"thumbnailUrl\":\"https:\\\/\\\/jornaldasoficinas.com\\\/pt\\\/wp-content\\\/uploads\\\/2020\\\/06\\\/FUCHS-lanc\u0327a-novo.jpg\",\"datePublished\":\"2020-06-08T07:00:11+00:00\",\"dateModified\":\"2021-04-29T17:08:08+00:00\",\"breadcrumb\":{\"@id\":\"https:\\\/\\\/jornaldasoficinas.com\\\/pt\\\/fuchs-lanca-novo-fluido-transmissoes-automaticas-mercedes\\\/#breadcrumb\"},\"inLanguage\":\"pt-PT\",\"potentialAction\":[{\"@type\":\"ReadAction\",\"target\":[\"https:\\\/\\\/jornaldasoficinas.com\\\/pt\\\/fuchs-lanca-novo-fluido-transmissoes-automaticas-mercedes\\\/\"]}]},{\"@type\":\"ImageObject\",\"inLanguage\":\"pt-PT\",\"@id\":\"https:\\\/\\\/jornaldasoficinas.com\\\/pt\\\/fuchs-lanca-novo-fluido-transmissoes-automaticas-mercedes\\\/#primaryimage\",\"url\":\"https:\\\/\\\/jornaldasoficinas.com\\\/pt\\\/wp-content\\\/uploads\\\/2020\\\/06\\\/FUCHS-lanc\u0327a-novo.jpg\",\"contentUrl\":\"https:\\\/\\\/jornaldasoficinas.com\\\/pt\\\/wp-content\\\/uploads\\\/2020\\\/06\\\/FUCHS-lanc\u0327a-novo.jpg\",\"width\":1024,\"height\":581,\"caption\":\"06 - FUCHS-lanc\u0327a-novo\"},{\"@type\":\"BreadcrumbList\",\"@id\":\"https:\\\/\\\/jornaldasoficinas.com\\\/pt\\\/fuchs-lanca-novo-fluido-transmissoes-automaticas-mercedes\\\/#breadcrumb\",\"itemListElement\":[{\"@type\":\"ListItem\",\"position\":1,\"name\":\"In\u00edcio\",\"item\":\"https:\\\/\\\/jornaldasoficinas.com\\\/pt\\\/\"},{\"@type\":\"ListItem\",\"position\":2,\"name\":\"FUCHS lan\u00e7a novo fluido transmiss\u00f5es autom\u00e1ticas Mercedes\"}]},{\"@type\":\"WebSite\",\"@id\":\"https:\\\/\\\/jornaldasoficinas.com\\\/pt\\\/#website\",\"url\":\"https:\\\/\\\/jornaldasoficinas.com\\\/pt\\\/\",\"name\":\"Jornal das Oficinas\",\"description\":\"Jornal independente do Aftermarket Autom\u00f3vel em Portugal\",\"publisher\":{\"@id\":\"https:\\\/\\\/jornaldasoficinas.com\\\/pt\\\/#organization\"},\"potentialAction\":[{\"@type\":\"SearchAction\",\"target\":{\"@type\":\"EntryPoint\",\"urlTemplate\":\"https:\\\/\\\/jornaldasoficinas.com\\\/pt\\\/?s={search_term_string}\"},\"query-input\":{\"@type\":\"PropertyValueSpecification\",\"valueRequired\":true,\"valueName\":\"search_term_string\"}}],\"inLanguage\":\"pt-PT\"},{\"@type\":\"Organization\",\"@id\":\"https:\\\/\\\/jornaldasoficinas.com\\\/pt\\\/#organization\",\"name\":\"Jornal das Oficinas\",\"url\":\"https:\\\/\\\/jornaldasoficinas.com\\\/pt\\\/\",\"logo\":{\"@type\":\"ImageObject\",\"inLanguage\":\"pt-PT\",\"@id\":\"https:\\\/\\\/jornaldasoficinas.com\\\/pt\\\/#\\\/schema\\\/logo\\\/image\\\/\",\"url\":\"https:\\\/\\\/jornaldasoficinas.com\\\/pt\\\/wp-content\\\/uploads\\\/logoJO-SEO.png\",\"contentUrl\":\"https:\\\/\\\/jornaldasoficinas.com\\\/pt\\\/wp-content\\\/uploads\\\/logoJO-SEO.png\",\"width\":285,\"height\":450,\"caption\":\"Jornal das Oficinas\"},\"image\":{\"@id\":\"https:\\\/\\\/jornaldasoficinas.com\\\/pt\\\/#\\\/schema\\\/logo\\\/image\\\/\"},\"sameAs\":[\"https:\\\/\\\/www.facebook.com\\\/jornaloficinas\",\"https:\\\/\\\/x.com\\\/jornaloficinas\",\"https:\\\/\\\/www.instagram.com\\\/jornal_oficinas\\\/\",\"https:\\\/\\\/www.linkedin.com\\\/company\\\/jornal-das-oficinas\\\/\",\"https:\\\/\\\/www.youtube.com\\\/channel\\\/UCbQZBqtcvV-oSQrr7RzINGg\"]},{\"@type\":\"Person\",\"@id\":\"https:\\\/\\\/jornaldasoficinas.com\\\/pt\\\/#\\\/schema\\\/person\\\/a38eef5de2c41d9e7c9ac10141afddf3\",\"name\":\"Reda\u00e7\u00e3o JO\",\"image\":{\"@type\":\"ImageObject\",\"inLanguage\":\"pt-PT\",\"@id\":\"https:\\\/\\\/secure.gravatar.com\\\/avatar\\\/71f2fa71737ad68a84fea94bc708ddac8ea5b0c4788dc2ad202f3ccb2887742f?s=96&d=wp_user_avatar&r=g\",\"url\":\"https:\\\/\\\/secure.gravatar.com\\\/avatar\\\/71f2fa71737ad68a84fea94bc708ddac8ea5b0c4788dc2ad202f3ccb2887742f?s=96&d=wp_user_avatar&r=g\",\"contentUrl\":\"https:\\\/\\\/secure.gravatar.com\\\/avatar\\\/71f2fa71737ad68a84fea94bc708ddac8ea5b0c4788dc2ad202f3ccb2887742f?s=96&d=wp_user_avatar&r=g\",\"caption\":\"Reda\u00e7\u00e3o JO\"},\"url\":\"https:\\\/\\\/jornaldasoficinas.com\\\/pt\\\/author\\\/joredacao\\\/\"}]}<\/script>\n<!-- \/ Yoast SEO plugin. -->","yoast_head_json":{"title":"FUCHS lan\u00e7a novo fluido transmiss\u00f5es autom\u00e1ticas Mercedes - Jornal das Oficinas","robots":{"index":"index","follow":"follow","max-snippet":"max-snippet:-1","max-image-preview":"max-image-preview:large","max-video-preview":"max-video-preview:-1"},"canonical":"https:\/\/jornaldasoficinas.com\/pt\/fuchs-lanca-novo-fluido-transmissoes-automaticas-mercedes\/","og_locale":"pt_PT","og_type":"article","og_title":"FUCHS lan\u00e7a novo fluido transmiss\u00f5es autom\u00e1ticas Mercedes - Jornal das Oficinas","og_description":"A FUCHS anunciou o lan\u00e7amento do...","og_url":"https:\/\/jornaldasoficinas.com\/pt\/fuchs-lanca-novo-fluido-transmissoes-automaticas-mercedes\/","og_site_name":"Jornal das Oficinas","article_publisher":"https:\/\/www.facebook.com\/jornaloficinas","article_published_time":"2020-06-08T07:00:11+00:00","article_modified_time":"2021-04-29T17:08:08+00:00","og_image":[{"width":1024,"height":581,"url":"https:\/\/jornaldasoficinas.com\/pt\/wp-content\/uploads\/2020\/06\/FUCHS-lanc\u0327a-novo.jpg","type":"image\/jpeg"}],"author":"Reda\u00e7\u00e3o JO","twitter_card":"summary_large_image","twitter_creator":"@jornaloficinas","twitter_site":"@jornaloficinas","twitter_misc":{"Escrito por":"Reda\u00e7\u00e3o JO","Tempo estimado de leitura":"1 minuto"},"schema":{"@context":"https:\/\/schema.org","@graph":[{"@type":"Article","@id":"https:\/\/jornaldasoficinas.com\/pt\/fuchs-lanca-novo-fluido-transmissoes-automaticas-mercedes\/#article","isPartOf":{"@id":"https:\/\/jornaldasoficinas.com\/pt\/fuchs-lanca-novo-fluido-transmissoes-automaticas-mercedes\/"},"author":{"name":"Reda\u00e7\u00e3o JO","@id":"https:\/\/jornaldasoficinas.com\/pt\/#\/schema\/person\/a38eef5de2c41d9e7c9ac10141afddf3"},"headline":"FUCHS lan\u00e7a novo fluido transmiss\u00f5es autom\u00e1ticas Mercedes","datePublished":"2020-06-08T07:00:11+00:00","dateModified":"2021-04-29T17:08:08+00:00","mainEntityOfPage":{"@id":"https:\/\/jornaldasoficinas.com\/pt\/fuchs-lanca-novo-fluido-transmissoes-automaticas-mercedes\/"},"wordCount":233,"publisher":{"@id":"https:\/\/jornaldasoficinas.com\/pt\/#organization"},"image":{"@id":"https:\/\/jornaldasoficinas.com\/pt\/fuchs-lanca-novo-fluido-transmissoes-automaticas-mercedes\/#primaryimage"},"thumbnailUrl":"https:\/\/jornaldasoficinas.com\/pt\/wp-content\/uploads\/2020\/06\/FUCHS-lanc\u0327a-novo.jpg","keywords":["Fuchs"],"articleSection":["Mercado"],"inLanguage":"pt-PT"},{"@type":"WebPage","@id":"https:\/\/jornaldasoficinas.com\/pt\/fuchs-lanca-novo-fluido-transmissoes-automaticas-mercedes\/","url":"https:\/\/jornaldasoficinas.com\/pt\/fuchs-lanca-novo-fluido-transmissoes-automaticas-mercedes\/","name":"FUCHS lan\u00e7a novo fluido transmiss\u00f5es autom\u00e1ticas Mercedes - Jornal das Oficinas","isPartOf":{"@id":"https:\/\/jornaldasoficinas.com\/pt\/#website"},"primaryImageOfPage":{"@id":"https:\/\/jornaldasoficinas.com\/pt\/fuchs-lanca-novo-fluido-transmissoes-automaticas-mercedes\/#primaryimage"},"image":{"@id":"https:\/\/jornaldasoficinas.com\/pt\/fuchs-lanca-novo-fluido-transmissoes-automaticas-mercedes\/#primaryimage"},"thumbnailUrl":"https:\/\/jornaldasoficinas.com\/pt\/wp-content\/uploads\/2020\/06\/FUCHS-lanc\u0327a-novo.jpg","datePublished":"2020-06-08T07:00:11+00:00","dateModified":"2021-04-29T17:08:08+00:00","breadcrumb":{"@id":"https:\/\/jornaldasoficinas.com\/pt\/fuchs-lanca-novo-fluido-transmissoes-automaticas-mercedes\/#breadcrumb"},"inLanguage":"pt-PT","potentialAction":[{"@type":"ReadAction","target":["https:\/\/jornaldasoficinas.com\/pt\/fuchs-lanca-novo-fluido-transmissoes-automaticas-mercedes\/"]}]},{"@type":"ImageObject","inLanguage":"pt-PT","@id":"https:\/\/jornaldasoficinas.com\/pt\/fuchs-lanca-novo-fluido-transmissoes-automaticas-mercedes\/#primaryimage","url":"https:\/\/jornaldasoficinas.com\/pt\/wp-content\/uploads\/2020\/06\/FUCHS-lanc\u0327a-novo.jpg","contentUrl":"https:\/\/jornaldasoficinas.com\/pt\/wp-content\/uploads\/2020\/06\/FUCHS-lanc\u0327a-novo.jpg","width":1024,"height":581,"caption":"06 - FUCHS-lanc\u0327a-novo"},{"@type":"BreadcrumbList","@id":"https:\/\/jornaldasoficinas.com\/pt\/fuchs-lanca-novo-fluido-transmissoes-automaticas-mercedes\/#breadcrumb","itemListElement":[{"@type":"ListItem","position":1,"name":"In\u00edcio","item":"https:\/\/jornaldasoficinas.com\/pt\/"},{"@type":"ListItem","position":2,"name":"FUCHS lan\u00e7a novo fluido transmiss\u00f5es autom\u00e1ticas Mercedes"}]},{"@type":"WebSite","@id":"https:\/\/jornaldasoficinas.com\/pt\/#website","url":"https:\/\/jornaldasoficinas.com\/pt\/","name":"Jornal das Oficinas","description":"Jornal independente do Aftermarket Autom\u00f3vel em Portugal","publisher":{"@id":"https:\/\/jornaldasoficinas.com\/pt\/#organization"},"potentialAction":[{"@type":"SearchAction","target":{"@type":"EntryPoint","urlTemplate":"https:\/\/jornaldasoficinas.com\/pt\/?s={search_term_string}"},"query-input":{"@type":"PropertyValueSpecification","valueRequired":true,"valueName":"search_term_string"}}],"inLanguage":"pt-PT"},{"@type":"Organization","@id":"https:\/\/jornaldasoficinas.com\/pt\/#organization","name":"Jornal das Oficinas","url":"https:\/\/jornaldasoficinas.com\/pt\/","logo":{"@type":"ImageObject","inLanguage":"pt-PT","@id":"https:\/\/jornaldasoficinas.com\/pt\/#\/schema\/logo\/image\/","url":"https:\/\/jornaldasoficinas.com\/pt\/wp-content\/uploads\/logoJO-SEO.png","contentUrl":"https:\/\/jornaldasoficinas.com\/pt\/wp-content\/uploads\/logoJO-SEO.png","width":285,"height":450,"caption":"Jornal das Oficinas"},"image":{"@id":"https:\/\/jornaldasoficinas.com\/pt\/#\/schema\/logo\/image\/"},"sameAs":["https:\/\/www.facebook.com\/jornaloficinas","https:\/\/x.com\/jornaloficinas","https:\/\/www.instagram.com\/jornal_oficinas\/","https:\/\/www.linkedin.com\/company\/jornal-das-oficinas\/","https:\/\/www.youtube.com\/channel\/UCbQZBqtcvV-oSQrr7RzINGg"]},{"@type":"Person","@id":"https:\/\/jornaldasoficinas.com\/pt\/#\/schema\/person\/a38eef5de2c41d9e7c9ac10141afddf3","name":"Reda\u00e7\u00e3o JO","image":{"@type":"ImageObject","inLanguage":"pt-PT","@id":"https:\/\/secure.gravatar.com\/avatar\/71f2fa71737ad68a84fea94bc708ddac8ea5b0c4788dc2ad202f3ccb2887742f?s=96&d=wp_user_avatar&r=g","url":"https:\/\/secure.gravatar.com\/avatar\/71f2fa71737ad68a84fea94bc708ddac8ea5b0c4788dc2ad202f3ccb2887742f?s=96&d=wp_user_avatar&r=g","contentUrl":"https:\/\/secure.gravatar.com\/avatar\/71f2fa71737ad68a84fea94bc708ddac8ea5b0c4788dc2ad202f3ccb2887742f?s=96&d=wp_user_avatar&r=g","caption":"Reda\u00e7\u00e3o JO"},"url":"https:\/\/jornaldasoficinas.com\/pt\/author\/joredacao\/"}]}},"_links":{"self":[{"href":"https:\/\/jornaldasoficinas.com\/pt\/wp-json\/wp\/v2\/posts\/13626","targetHints":{"allow":["GET"]}}],"collection":[{"href":"https:\/\/jornaldasoficinas.com\/pt\/wp-json\/wp\/v2\/posts"}],"about":[{"href":"https:\/\/jornaldasoficinas.com\/pt\/wp-json\/wp\/v2\/types\/post"}],"author":[{"embeddable":true,"href":"https:\/\/jornaldasoficinas.com\/pt\/wp-json\/wp\/v2\/users\/15"}],"replies":[{"embeddable":true,"href":"https:\/\/jornaldasoficinas.com\/pt\/wp-json\/wp\/v2\/comments?post=13626"}],"version-history":[{"count":0,"href":"https:\/\/jornaldasoficinas.com\/pt\/wp-json\/wp\/v2\/posts\/13626\/revisions"}],"wp:featuredmedia":[{"embeddable":true,"href":"https:\/\/jornaldasoficinas.com\/pt\/wp-json\/wp\/v2\/media\/13623"}],"wp:attachment":[{"href":"https:\/\/jornaldasoficinas.com\/pt\/wp-json\/wp\/v2\/media?parent=13626"}],"wp:term":[{"taxonomy":"category","embeddable":true,"href":"https:\/\/jornaldasoficinas.com\/pt\/wp-json\/wp\/v2\/categories?post=13626"},{"taxonomy":"post_tag","embeddable":true,"href":"https:\/\/jornaldasoficinas.com\/pt\/wp-json\/wp\/v2\/tags?post=13626"}],"curies":[{"name":"wp","href":"https:\/\/api.w.org\/{rel}","templated":true}]}}