{"id":13734,"date":"2020-06-12T16:16:07","date_gmt":"2020-06-12T15:16:07","guid":{"rendered":"https:\/\/jornaldasoficinas.com\/pt\/?p=13734"},"modified":"2020-06-11T12:21:40","modified_gmt":"2020-06-11T11:21:40","slug":"vendas-de-usados-na-europa-recuperam","status":"publish","type":"post","link":"https:\/\/jornaldasoficinas.com\/pt\/vendas-de-usados-na-europa-recuperam\/","title":{"rendered":"Vendas de usados na Europa recuperam"},"content":{"rendered":"<p><strong><img loading=\"lazy\" decoding=\"async\" class=\"alignnone wp-image-13715 size-full\" src=\"https:\/\/jornaldasoficinas.com\/pt\/wp-content\/uploads\/2020\/06\/Vendas-de-usados.jpg\" alt=\"06 - Vendas-de-usados\" width=\"1024\" height=\"581\" srcset=\"https:\/\/jornaldasoficinas.com\/pt\/wp-content\/uploads\/2020\/06\/Vendas-de-usados.jpg 1024w, https:\/\/jornaldasoficinas.com\/pt\/wp-content\/uploads\/2020\/06\/Vendas-de-usados-300x170.jpg 300w, https:\/\/jornaldasoficinas.com\/pt\/wp-content\/uploads\/2020\/06\/Vendas-de-usados-150x85.jpg 150w, https:\/\/jornaldasoficinas.com\/pt\/wp-content\/uploads\/2020\/06\/Vendas-de-usados-768x436.jpg 768w\" sizes=\"auto, (max-width: 1024px) 100vw, 1024px\" \/><\/strong><\/p>\n<p><strong>As vendas de autom\u00f3veis usados na Europa recuperam para n\u00edveis perto de 2019 na \u00faltima semana de Maio. A procura pela motoriza\u00e7\u00e3o diesel cai 29% e os pre\u00e7os mant\u00eam-se est\u00e1veis. Portugal \u00e9 o mercado que mais rapidamente cresce na Europa, de acordo com o \u00faltimo relat\u00f3rio do Observat\u00f3rio INDICATA.<\/strong><\/p>\n<p>As vendas globais est\u00e3o agora a descer apenas 17%, em termos hom\u00f3logos e a tend\u00eancia de subida continua, com a \u00faltima semana de Maio a descer apenas 9%. Em Portugal os volumes n\u00e3o s\u00f3 subiram para n\u00edveis pr\u00e9-bloqueio, como subiram em Maio 21% em rela\u00e7\u00e3o ao m\u00eas homologo, do ano passado.<\/p>\n<p>As vendas de usados t\u00eam sido fortes na maioria dos pa\u00edses, embora muitos retalhistas ainda n\u00e3o tenham respondido \u00e0 queda dos n\u00edveis de stock, com a compra no mercado de com\u00e9rcio. \u201cQuando isto acontece, os pre\u00e7os dos usados no com\u00e9rcio podem muito bem voltar a aumentar\u201d alerta o Director Global do INDICATA, Andy Shields.<\/p>\n<p>O que se tornou mais evidente do ponto de vista do tipo de combust\u00edvel \u00e9 que os autom\u00f3veis usados a gasolina e os h\u00edbridos est\u00e3o agora a ser preferidos, ao inv\u00e9s do diesel, em toda a Europa, exceto no Reino Unido. A Alemanha, outrora um mercado muito impulsionado pelo diesel, assistiu \u00e0 maior fuga, afastando-se deste tipo de combust\u00edvel.<\/p>\n<p>\u201cO tempo dir\u00e1 se os compradores de autom\u00f3veis usados se tornaram mais conscientes do ponto de vista ambiental durante a pandemia Covid-19, ou se esta \u00e9 apenas uma decis\u00e3o por impulso?\u201d, acrescentou.<\/p>\n<p>O que \u00e9 \u00f3bvio \u00e9 que muitos consumidores pretendem divertir-se, agora que o bloqueio come\u00e7a a ser aliviado, com autom\u00f3veis desportivos e ve\u00edculos de luxo em ascens\u00e3o e a procura por autom\u00f3veis executivos mais antigos e maiores a cair.<\/p>\n<p>Os pre\u00e7os dos usados come\u00e7aram a mexer, embora gradualmente, com a Su\u00e9cia, o menos restritivo de todos os pa\u00edses europeus, assistindo \u00e0 maior redu\u00e7\u00e3o de pre\u00e7os de 4,2%. Todos os outros pa\u00edses est\u00e3o a encontrar cautelosamente um novo pre\u00e7o \u201cnormal\u201d, o que sugere que os retalhistas e os fabricantes est\u00e3o a manter a calma e n\u00e3o est\u00e3o a vender o seu stock em p\u00e2nico.<\/p>\n<p>Esta recupera\u00e7\u00e3o torna-se ainda mais not\u00e1vel, dado que mercados-chave como o Reino Unido permaneceram com os retalhistas encerrados durante todo o per\u00edodo. \u201cCom efeito, o facto de os volumes estarem a ser alcan\u00e7ados nestes mercados mostra o quanto o consumidor est\u00e1 disposto a alterar o percurso de compra, n\u00e3o apenas a fazer cada vez mais pesquisas online antes de visitar o retalhista, mas tamb\u00e9m a concluir a transa\u00e7\u00e3o remotamente\u201d, termina dizendo Andy Shields.<\/p>\n<p><strong>A recupera\u00e7\u00e3o continua<br \/>\n<\/strong>No m\u00eas de Maio, nos 13 mercados onde o INDICATA est\u00e1 presente, as vendas ca\u00edram 17,7%, mas tal foi essencialmente provocado pelos mercados que se mantiveram em pleno bloqueio ao longo do per\u00edodo. Os mercados que sa\u00edram do bloqueio (ou foram pouco impactados pelo bloqueio) est\u00e3o a recuperar para n\u00edveis do ano anterior, ou mesmo acima.<\/p>\n<p>Esta tend\u00eancia continua, com o mercado total de autom\u00f3veis usados a descer apenas 9% na \u00faltima semana de Maio relativamente ao per\u00edodo hom\u00f3logo.<\/p>\n<p>Da mesma forma que j\u00e1 referimos, a passagem do diesel para tipos de combust\u00edveis mais amigos do ambiente \u00e9 muito evidente. Embora as vendas dos gasolina continuem a descer 11,35%, quando comparamos com um mercado que caiu 17,7%, significa que a quota global do mercado dos gasolina est\u00e1 a ganhar terreno.<\/p>\n<p><strong>Portugal<br \/>\n<\/strong>Um dos mercados mais afetados durante o bloqueio, Portugal est\u00e1 a dar sinais reais de retoma na procura estimulando o retorno \u00e0 vida do seu com\u00e9rcio autom\u00f3vel. Os volumes n\u00e3o s\u00f3 subiram para n\u00edveis pr\u00e9-bloqueio, como subiram em Maio 21% em rela\u00e7\u00e3o ao m\u00eas homologo, do ano passado. Portugal \u00e9 o mercado que mais rapidamente cresce na Europa.<\/p>\n<p>Embora haja uma substitui\u00e7\u00e3o do diesel por outros combust\u00edveis, h\u00e1 tamb\u00e9m um mercado forte nos autom\u00f3veis mais antigos e um crescimento dos ve\u00edculos de luxo e desportivos.<\/p>\n<p>Os volumes est\u00e3o a recuperar, mas os pre\u00e7os mant\u00eam-se est\u00e1veis, 2,6% abaixo dos valores pr\u00e9-bloqueio.<\/p>\n<p>Curiosamente, o mercado tem sido lento a trazer novos ve\u00edculos para o stock dos retalhistas, pelo que \u00e9 expect\u00e1vel que a escassez de stocks ir\u00e1 em breve impulsionar o aumento das compras por parte dos retalhistas.<\/p>\n<p>Para fazer o d<em>ownload<\/em> do mais recente relat\u00f3rio do Observat\u00f3rio INDICATA v\u00e1 a <a href=\"https:\/\/www.indicata.pt\/corona\" target=\"_blank\" rel=\"noopener noreferrer\">www.indicata.pt\/corona<\/a>.<\/p>\n","protected":false},"excerpt":{"rendered":"<p>As vendas de autom\u00f3veis usados na&#8230;<\/p>\n","protected":false},"author":15,"featured_media":13715,"comment_status":"closed","ping_status":"closed","sticky":false,"template":"","format":"standard","meta":{"footnotes":""},"categories":[37],"tags":[1895],"class_list":["post-13734","post","type-post","status-publish","format-standard","has-post-thumbnail","hentry","category-mercado","tag-indicata"],"yoast_head":"<!-- This site is optimized with the Yoast SEO plugin v27.5 - https:\/\/yoast.com\/product\/yoast-seo-wordpress\/ -->\n<title>Vendas de usados na Europa recuperam - Jornal das Oficinas<\/title>\n<meta name=\"robots\" content=\"index, follow, max-snippet:-1, max-image-preview:large, max-video-preview:-1\" \/>\n<link rel=\"canonical\" href=\"https:\/\/jornaldasoficinas.com\/pt\/vendas-de-usados-na-europa-recuperam\/\" \/>\n<meta property=\"og:locale\" content=\"pt_PT\" \/>\n<meta property=\"og:type\" content=\"article\" \/>\n<meta property=\"og:title\" content=\"Vendas de usados na Europa recuperam - Jornal das Oficinas\" \/>\n<meta property=\"og:description\" content=\"As vendas de autom\u00f3veis usados na...\" \/>\n<meta property=\"og:url\" content=\"https:\/\/jornaldasoficinas.com\/pt\/vendas-de-usados-na-europa-recuperam\/\" \/>\n<meta property=\"og:site_name\" content=\"Jornal das Oficinas\" \/>\n<meta property=\"article:publisher\" content=\"https:\/\/www.facebook.com\/jornaloficinas\" \/>\n<meta property=\"article:published_time\" content=\"2020-06-12T15:16:07+00:00\" \/>\n<meta property=\"og:image\" content=\"https:\/\/jornaldasoficinas.com\/pt\/wp-content\/uploads\/2020\/06\/Vendas-de-usados.jpg\" \/>\n\t<meta property=\"og:image:width\" content=\"1024\" \/>\n\t<meta property=\"og:image:height\" content=\"581\" \/>\n\t<meta property=\"og:image:type\" content=\"image\/jpeg\" \/>\n<meta name=\"author\" content=\"Reda\u00e7\u00e3o JO\" \/>\n<meta name=\"twitter:card\" content=\"summary_large_image\" \/>\n<meta name=\"twitter:creator\" content=\"@jornaloficinas\" \/>\n<meta name=\"twitter:site\" content=\"@jornaloficinas\" \/>\n<meta name=\"twitter:label1\" content=\"Escrito por\" \/>\n\t<meta name=\"twitter:data1\" content=\"Reda\u00e7\u00e3o JO\" \/>\n\t<meta name=\"twitter:label2\" content=\"Tempo estimado de leitura\" \/>\n\t<meta name=\"twitter:data2\" content=\"4 minutos\" \/>\n<script type=\"application\/ld+json\" class=\"yoast-schema-graph\">{\"@context\":\"https:\\\/\\\/schema.org\",\"@graph\":[{\"@type\":\"Article\",\"@id\":\"https:\\\/\\\/jornaldasoficinas.com\\\/pt\\\/vendas-de-usados-na-europa-recuperam\\\/#article\",\"isPartOf\":{\"@id\":\"https:\\\/\\\/jornaldasoficinas.com\\\/pt\\\/vendas-de-usados-na-europa-recuperam\\\/\"},\"author\":{\"name\":\"Reda\u00e7\u00e3o JO\",\"@id\":\"https:\\\/\\\/jornaldasoficinas.com\\\/pt\\\/#\\\/schema\\\/person\\\/a38eef5de2c41d9e7c9ac10141afddf3\"},\"headline\":\"Vendas de usados na Europa recuperam\",\"datePublished\":\"2020-06-12T15:16:07+00:00\",\"mainEntityOfPage\":{\"@id\":\"https:\\\/\\\/jornaldasoficinas.com\\\/pt\\\/vendas-de-usados-na-europa-recuperam\\\/\"},\"wordCount\":778,\"publisher\":{\"@id\":\"https:\\\/\\\/jornaldasoficinas.com\\\/pt\\\/#organization\"},\"image\":{\"@id\":\"https:\\\/\\\/jornaldasoficinas.com\\\/pt\\\/vendas-de-usados-na-europa-recuperam\\\/#primaryimage\"},\"thumbnailUrl\":\"https:\\\/\\\/jornaldasoficinas.com\\\/pt\\\/wp-content\\\/uploads\\\/2020\\\/06\\\/Vendas-de-usados.jpg\",\"keywords\":[\"INDICATA\"],\"articleSection\":[\"Mercado\"],\"inLanguage\":\"pt-PT\"},{\"@type\":\"WebPage\",\"@id\":\"https:\\\/\\\/jornaldasoficinas.com\\\/pt\\\/vendas-de-usados-na-europa-recuperam\\\/\",\"url\":\"https:\\\/\\\/jornaldasoficinas.com\\\/pt\\\/vendas-de-usados-na-europa-recuperam\\\/\",\"name\":\"Vendas de usados na Europa recuperam - Jornal das Oficinas\",\"isPartOf\":{\"@id\":\"https:\\\/\\\/jornaldasoficinas.com\\\/pt\\\/#website\"},\"primaryImageOfPage\":{\"@id\":\"https:\\\/\\\/jornaldasoficinas.com\\\/pt\\\/vendas-de-usados-na-europa-recuperam\\\/#primaryimage\"},\"image\":{\"@id\":\"https:\\\/\\\/jornaldasoficinas.com\\\/pt\\\/vendas-de-usados-na-europa-recuperam\\\/#primaryimage\"},\"thumbnailUrl\":\"https:\\\/\\\/jornaldasoficinas.com\\\/pt\\\/wp-content\\\/uploads\\\/2020\\\/06\\\/Vendas-de-usados.jpg\",\"datePublished\":\"2020-06-12T15:16:07+00:00\",\"breadcrumb\":{\"@id\":\"https:\\\/\\\/jornaldasoficinas.com\\\/pt\\\/vendas-de-usados-na-europa-recuperam\\\/#breadcrumb\"},\"inLanguage\":\"pt-PT\",\"potentialAction\":[{\"@type\":\"ReadAction\",\"target\":[\"https:\\\/\\\/jornaldasoficinas.com\\\/pt\\\/vendas-de-usados-na-europa-recuperam\\\/\"]}]},{\"@type\":\"ImageObject\",\"inLanguage\":\"pt-PT\",\"@id\":\"https:\\\/\\\/jornaldasoficinas.com\\\/pt\\\/vendas-de-usados-na-europa-recuperam\\\/#primaryimage\",\"url\":\"https:\\\/\\\/jornaldasoficinas.com\\\/pt\\\/wp-content\\\/uploads\\\/2020\\\/06\\\/Vendas-de-usados.jpg\",\"contentUrl\":\"https:\\\/\\\/jornaldasoficinas.com\\\/pt\\\/wp-content\\\/uploads\\\/2020\\\/06\\\/Vendas-de-usados.jpg\",\"width\":1024,\"height\":581,\"caption\":\"06 - Vendas-de-usados\"},{\"@type\":\"BreadcrumbList\",\"@id\":\"https:\\\/\\\/jornaldasoficinas.com\\\/pt\\\/vendas-de-usados-na-europa-recuperam\\\/#breadcrumb\",\"itemListElement\":[{\"@type\":\"ListItem\",\"position\":1,\"name\":\"In\u00edcio\",\"item\":\"https:\\\/\\\/jornaldasoficinas.com\\\/pt\\\/\"},{\"@type\":\"ListItem\",\"position\":2,\"name\":\"Vendas de usados na Europa recuperam\"}]},{\"@type\":\"WebSite\",\"@id\":\"https:\\\/\\\/jornaldasoficinas.com\\\/pt\\\/#website\",\"url\":\"https:\\\/\\\/jornaldasoficinas.com\\\/pt\\\/\",\"name\":\"Jornal das Oficinas\",\"description\":\"Jornal independente do Aftermarket Autom\u00f3vel em Portugal\",\"publisher\":{\"@id\":\"https:\\\/\\\/jornaldasoficinas.com\\\/pt\\\/#organization\"},\"potentialAction\":[{\"@type\":\"SearchAction\",\"target\":{\"@type\":\"EntryPoint\",\"urlTemplate\":\"https:\\\/\\\/jornaldasoficinas.com\\\/pt\\\/?s={search_term_string}\"},\"query-input\":{\"@type\":\"PropertyValueSpecification\",\"valueRequired\":true,\"valueName\":\"search_term_string\"}}],\"inLanguage\":\"pt-PT\"},{\"@type\":\"Organization\",\"@id\":\"https:\\\/\\\/jornaldasoficinas.com\\\/pt\\\/#organization\",\"name\":\"Jornal das Oficinas\",\"url\":\"https:\\\/\\\/jornaldasoficinas.com\\\/pt\\\/\",\"logo\":{\"@type\":\"ImageObject\",\"inLanguage\":\"pt-PT\",\"@id\":\"https:\\\/\\\/jornaldasoficinas.com\\\/pt\\\/#\\\/schema\\\/logo\\\/image\\\/\",\"url\":\"https:\\\/\\\/jornaldasoficinas.com\\\/pt\\\/wp-content\\\/uploads\\\/logoJO-SEO.png\",\"contentUrl\":\"https:\\\/\\\/jornaldasoficinas.com\\\/pt\\\/wp-content\\\/uploads\\\/logoJO-SEO.png\",\"width\":285,\"height\":450,\"caption\":\"Jornal das Oficinas\"},\"image\":{\"@id\":\"https:\\\/\\\/jornaldasoficinas.com\\\/pt\\\/#\\\/schema\\\/logo\\\/image\\\/\"},\"sameAs\":[\"https:\\\/\\\/www.facebook.com\\\/jornaloficinas\",\"https:\\\/\\\/x.com\\\/jornaloficinas\",\"https:\\\/\\\/www.instagram.com\\\/jornal_oficinas\\\/\",\"https:\\\/\\\/www.linkedin.com\\\/company\\\/jornal-das-oficinas\\\/\",\"https:\\\/\\\/www.youtube.com\\\/channel\\\/UCbQZBqtcvV-oSQrr7RzINGg\"]},{\"@type\":\"Person\",\"@id\":\"https:\\\/\\\/jornaldasoficinas.com\\\/pt\\\/#\\\/schema\\\/person\\\/a38eef5de2c41d9e7c9ac10141afddf3\",\"name\":\"Reda\u00e7\u00e3o JO\",\"image\":{\"@type\":\"ImageObject\",\"inLanguage\":\"pt-PT\",\"@id\":\"https:\\\/\\\/secure.gravatar.com\\\/avatar\\\/71f2fa71737ad68a84fea94bc708ddac8ea5b0c4788dc2ad202f3ccb2887742f?s=96&d=wp_user_avatar&r=g\",\"url\":\"https:\\\/\\\/secure.gravatar.com\\\/avatar\\\/71f2fa71737ad68a84fea94bc708ddac8ea5b0c4788dc2ad202f3ccb2887742f?s=96&d=wp_user_avatar&r=g\",\"contentUrl\":\"https:\\\/\\\/secure.gravatar.com\\\/avatar\\\/71f2fa71737ad68a84fea94bc708ddac8ea5b0c4788dc2ad202f3ccb2887742f?s=96&d=wp_user_avatar&r=g\",\"caption\":\"Reda\u00e7\u00e3o JO\"},\"url\":\"https:\\\/\\\/jornaldasoficinas.com\\\/pt\\\/author\\\/joredacao\\\/\"}]}<\/script>\n<!-- \/ Yoast SEO plugin. -->","yoast_head_json":{"title":"Vendas de usados na Europa recuperam - Jornal das Oficinas","robots":{"index":"index","follow":"follow","max-snippet":"max-snippet:-1","max-image-preview":"max-image-preview:large","max-video-preview":"max-video-preview:-1"},"canonical":"https:\/\/jornaldasoficinas.com\/pt\/vendas-de-usados-na-europa-recuperam\/","og_locale":"pt_PT","og_type":"article","og_title":"Vendas de usados na Europa recuperam - Jornal das Oficinas","og_description":"As vendas de autom\u00f3veis usados na...","og_url":"https:\/\/jornaldasoficinas.com\/pt\/vendas-de-usados-na-europa-recuperam\/","og_site_name":"Jornal das Oficinas","article_publisher":"https:\/\/www.facebook.com\/jornaloficinas","article_published_time":"2020-06-12T15:16:07+00:00","og_image":[{"width":1024,"height":581,"url":"https:\/\/jornaldasoficinas.com\/pt\/wp-content\/uploads\/2020\/06\/Vendas-de-usados.jpg","type":"image\/jpeg"}],"author":"Reda\u00e7\u00e3o JO","twitter_card":"summary_large_image","twitter_creator":"@jornaloficinas","twitter_site":"@jornaloficinas","twitter_misc":{"Escrito por":"Reda\u00e7\u00e3o JO","Tempo estimado de leitura":"4 minutos"},"schema":{"@context":"https:\/\/schema.org","@graph":[{"@type":"Article","@id":"https:\/\/jornaldasoficinas.com\/pt\/vendas-de-usados-na-europa-recuperam\/#article","isPartOf":{"@id":"https:\/\/jornaldasoficinas.com\/pt\/vendas-de-usados-na-europa-recuperam\/"},"author":{"name":"Reda\u00e7\u00e3o JO","@id":"https:\/\/jornaldasoficinas.com\/pt\/#\/schema\/person\/a38eef5de2c41d9e7c9ac10141afddf3"},"headline":"Vendas de usados na Europa recuperam","datePublished":"2020-06-12T15:16:07+00:00","mainEntityOfPage":{"@id":"https:\/\/jornaldasoficinas.com\/pt\/vendas-de-usados-na-europa-recuperam\/"},"wordCount":778,"publisher":{"@id":"https:\/\/jornaldasoficinas.com\/pt\/#organization"},"image":{"@id":"https:\/\/jornaldasoficinas.com\/pt\/vendas-de-usados-na-europa-recuperam\/#primaryimage"},"thumbnailUrl":"https:\/\/jornaldasoficinas.com\/pt\/wp-content\/uploads\/2020\/06\/Vendas-de-usados.jpg","keywords":["INDICATA"],"articleSection":["Mercado"],"inLanguage":"pt-PT"},{"@type":"WebPage","@id":"https:\/\/jornaldasoficinas.com\/pt\/vendas-de-usados-na-europa-recuperam\/","url":"https:\/\/jornaldasoficinas.com\/pt\/vendas-de-usados-na-europa-recuperam\/","name":"Vendas de usados na Europa recuperam - Jornal das Oficinas","isPartOf":{"@id":"https:\/\/jornaldasoficinas.com\/pt\/#website"},"primaryImageOfPage":{"@id":"https:\/\/jornaldasoficinas.com\/pt\/vendas-de-usados-na-europa-recuperam\/#primaryimage"},"image":{"@id":"https:\/\/jornaldasoficinas.com\/pt\/vendas-de-usados-na-europa-recuperam\/#primaryimage"},"thumbnailUrl":"https:\/\/jornaldasoficinas.com\/pt\/wp-content\/uploads\/2020\/06\/Vendas-de-usados.jpg","datePublished":"2020-06-12T15:16:07+00:00","breadcrumb":{"@id":"https:\/\/jornaldasoficinas.com\/pt\/vendas-de-usados-na-europa-recuperam\/#breadcrumb"},"inLanguage":"pt-PT","potentialAction":[{"@type":"ReadAction","target":["https:\/\/jornaldasoficinas.com\/pt\/vendas-de-usados-na-europa-recuperam\/"]}]},{"@type":"ImageObject","inLanguage":"pt-PT","@id":"https:\/\/jornaldasoficinas.com\/pt\/vendas-de-usados-na-europa-recuperam\/#primaryimage","url":"https:\/\/jornaldasoficinas.com\/pt\/wp-content\/uploads\/2020\/06\/Vendas-de-usados.jpg","contentUrl":"https:\/\/jornaldasoficinas.com\/pt\/wp-content\/uploads\/2020\/06\/Vendas-de-usados.jpg","width":1024,"height":581,"caption":"06 - Vendas-de-usados"},{"@type":"BreadcrumbList","@id":"https:\/\/jornaldasoficinas.com\/pt\/vendas-de-usados-na-europa-recuperam\/#breadcrumb","itemListElement":[{"@type":"ListItem","position":1,"name":"In\u00edcio","item":"https:\/\/jornaldasoficinas.com\/pt\/"},{"@type":"ListItem","position":2,"name":"Vendas de usados na Europa recuperam"}]},{"@type":"WebSite","@id":"https:\/\/jornaldasoficinas.com\/pt\/#website","url":"https:\/\/jornaldasoficinas.com\/pt\/","name":"Jornal das Oficinas","description":"Jornal independente do Aftermarket Autom\u00f3vel em Portugal","publisher":{"@id":"https:\/\/jornaldasoficinas.com\/pt\/#organization"},"potentialAction":[{"@type":"SearchAction","target":{"@type":"EntryPoint","urlTemplate":"https:\/\/jornaldasoficinas.com\/pt\/?s={search_term_string}"},"query-input":{"@type":"PropertyValueSpecification","valueRequired":true,"valueName":"search_term_string"}}],"inLanguage":"pt-PT"},{"@type":"Organization","@id":"https:\/\/jornaldasoficinas.com\/pt\/#organization","name":"Jornal das Oficinas","url":"https:\/\/jornaldasoficinas.com\/pt\/","logo":{"@type":"ImageObject","inLanguage":"pt-PT","@id":"https:\/\/jornaldasoficinas.com\/pt\/#\/schema\/logo\/image\/","url":"https:\/\/jornaldasoficinas.com\/pt\/wp-content\/uploads\/logoJO-SEO.png","contentUrl":"https:\/\/jornaldasoficinas.com\/pt\/wp-content\/uploads\/logoJO-SEO.png","width":285,"height":450,"caption":"Jornal das Oficinas"},"image":{"@id":"https:\/\/jornaldasoficinas.com\/pt\/#\/schema\/logo\/image\/"},"sameAs":["https:\/\/www.facebook.com\/jornaloficinas","https:\/\/x.com\/jornaloficinas","https:\/\/www.instagram.com\/jornal_oficinas\/","https:\/\/www.linkedin.com\/company\/jornal-das-oficinas\/","https:\/\/www.youtube.com\/channel\/UCbQZBqtcvV-oSQrr7RzINGg"]},{"@type":"Person","@id":"https:\/\/jornaldasoficinas.com\/pt\/#\/schema\/person\/a38eef5de2c41d9e7c9ac10141afddf3","name":"Reda\u00e7\u00e3o JO","image":{"@type":"ImageObject","inLanguage":"pt-PT","@id":"https:\/\/secure.gravatar.com\/avatar\/71f2fa71737ad68a84fea94bc708ddac8ea5b0c4788dc2ad202f3ccb2887742f?s=96&d=wp_user_avatar&r=g","url":"https:\/\/secure.gravatar.com\/avatar\/71f2fa71737ad68a84fea94bc708ddac8ea5b0c4788dc2ad202f3ccb2887742f?s=96&d=wp_user_avatar&r=g","contentUrl":"https:\/\/secure.gravatar.com\/avatar\/71f2fa71737ad68a84fea94bc708ddac8ea5b0c4788dc2ad202f3ccb2887742f?s=96&d=wp_user_avatar&r=g","caption":"Reda\u00e7\u00e3o JO"},"url":"https:\/\/jornaldasoficinas.com\/pt\/author\/joredacao\/"}]}},"_links":{"self":[{"href":"https:\/\/jornaldasoficinas.com\/pt\/wp-json\/wp\/v2\/posts\/13734","targetHints":{"allow":["GET"]}}],"collection":[{"href":"https:\/\/jornaldasoficinas.com\/pt\/wp-json\/wp\/v2\/posts"}],"about":[{"href":"https:\/\/jornaldasoficinas.com\/pt\/wp-json\/wp\/v2\/types\/post"}],"author":[{"embeddable":true,"href":"https:\/\/jornaldasoficinas.com\/pt\/wp-json\/wp\/v2\/users\/15"}],"replies":[{"embeddable":true,"href":"https:\/\/jornaldasoficinas.com\/pt\/wp-json\/wp\/v2\/comments?post=13734"}],"version-history":[{"count":0,"href":"https:\/\/jornaldasoficinas.com\/pt\/wp-json\/wp\/v2\/posts\/13734\/revisions"}],"wp:featuredmedia":[{"embeddable":true,"href":"https:\/\/jornaldasoficinas.com\/pt\/wp-json\/wp\/v2\/media\/13715"}],"wp:attachment":[{"href":"https:\/\/jornaldasoficinas.com\/pt\/wp-json\/wp\/v2\/media?parent=13734"}],"wp:term":[{"taxonomy":"category","embeddable":true,"href":"https:\/\/jornaldasoficinas.com\/pt\/wp-json\/wp\/v2\/categories?post=13734"},{"taxonomy":"post_tag","embeddable":true,"href":"https:\/\/jornaldasoficinas.com\/pt\/wp-json\/wp\/v2\/tags?post=13734"}],"curies":[{"name":"wp","href":"https:\/\/api.w.org\/{rel}","templated":true}]}}