{"id":13783,"date":"2020-06-12T20:00:27","date_gmt":"2020-06-12T19:00:27","guid":{"rendered":"https:\/\/jornaldasoficinas.com\/pt\/?p=13783"},"modified":"2021-04-29T18:08:07","modified_gmt":"2021-04-29T17:08:07","slug":"krautli-reforca-portefolio-de-a-c-e-climatizacao","status":"publish","type":"post","link":"https:\/\/jornaldasoficinas.com\/pt\/krautli-reforca-portefolio-de-a-c-e-climatizacao\/","title":{"rendered":"Krautli refor\u00e7a portef\u00f3lio de A\/C e Climatiza\u00e7\u00e3o"},"content":{"rendered":"<p><strong><img loading=\"lazy\" decoding=\"async\" class=\"alignnone wp-image-13784 size-full\" src=\"https:\/\/jornaldasoficinas.com\/pt\/wp-content\/uploads\/2020\/06\/krautli.png\" alt=\"06 - krautli\" width=\"1024\" height=\"581\" srcset=\"https:\/\/jornaldasoficinas.com\/pt\/wp-content\/uploads\/2020\/06\/krautli.png 1024w, https:\/\/jornaldasoficinas.com\/pt\/wp-content\/uploads\/2020\/06\/krautli-300x170.png 300w, https:\/\/jornaldasoficinas.com\/pt\/wp-content\/uploads\/2020\/06\/krautli-150x85.png 150w, https:\/\/jornaldasoficinas.com\/pt\/wp-content\/uploads\/2020\/06\/krautli-768x436.png 768w\" sizes=\"auto, (max-width: 1024px) 100vw, 1024px\" \/><\/strong><\/p>\n<p><strong>Com o tempo quente a chegar a Krautli Portugal preparou antecipadamente a \u00e9poca de Ver\u00e3o, refor\u00e7ando o seu portf\u00f3lio de pe\u00e7as e sistemas na gama de Ar Condicionado e Climatiza\u00e7\u00e3o.<\/strong><\/p>\n<p>A <a href=\"https:\/\/www.krautli.pt\/pt\/home\/?n=10\" target=\"_blank\" rel=\"noopener noreferrer\">Krautli<\/a> oferece agora uma gama atualizada de produtos qu\u00edmicos e ferramentas das marcas ERRECOM e EA CLIMA.<\/p>\n<p>Como marcas l\u00edderes neste tipo de produtos, est\u00e3o na vanguarda da inova\u00e7\u00e3o t\u00e9cnica e da experi\u00eancia. A oferta alargada inclui lubrificantes, kits para dete\u00e7\u00e3o de fugas, acess\u00f3rios e l\u00edquidos, selantes, tratamentos purificadores aerosol, aditivos para circuitos A\/C, term\u00f3metros digitais, man\u00f3metros, conectores r\u00e1pidos, entre outros.<\/p>\n<p>O produto estrela da Errecom \u00e9 o nebulizador ultra-s\u00f3nico Atom Machine, desenvolvido para pulverizar um l\u00edquido onde os vapores resultantes s\u00e3o distribu\u00eddos pelo ve\u00edculo de modo a higienizar e desodorizar quer o cockpit quer o sistema de ar condicionado. \u00c9 uma solu\u00e7\u00e3o eficaz e econ\u00f3mica de higieniza\u00e7\u00e3o e desodoriza\u00e7\u00e3o.<\/p>\n<p>Al\u00e9m disso, oferece v\u00e1rios componentes para repara\u00e7\u00e3o de compressores da EA CLIMA, incluindo polias de embraiagem para compressores A\/C, bobinas eletromagn\u00e9ticas, v\u00e1lvulas de controle, resist\u00eancias de ventilador, entre muitos outros componentes para equipamentos A\/C de ve\u00edculos pesados, turismo, constru\u00e7\u00e3o e agricultura.<\/p>\n<p>Centra a sua oferta de compressores de ar condicionado em 4 marcas conceituadas, nomeadamente a DELPHI, MAHLE, EA Clima e NRF. Ao apostar em diversas marcas garante uma cobertura praticamente total do parque nacional, com dois n\u00edveis de oferta \u2013 um primeiro n\u00edvel de qualidade denominado \u201cPremium\u201d no qual se encontram os compressores originais, dos fabricantes presentes no primeiro equipamento; um segundo n\u00edvel denominado \u201cstandard\u201d ou \u201calternativo\u201d no qual podemos encontrar compressores com alto rendimento e que representam uma solu\u00e7\u00e3o de menor custo, com uma excelente rela\u00e7\u00e3o pre\u00e7o\/qualidade. Todas estas marcas transmitem a sua experi\u00eancia do primeiro equipamento atrav\u00e9s das mais variadas informa\u00e7\u00f5es t\u00e9cnicas, v\u00eddeos, sess\u00f5es de forma\u00e7\u00e3o, entre outras ferramentas que coloca tamb\u00e9m ao dispor dos seus clientes.<\/p>\n<p>Como produto estrela da DELPHI, destaca na sua oferta o compressor TSP0155997, com aplica\u00e7\u00e3o em centenas de ve\u00edculos do grupo VAG. Com mais de 50 anos de experi\u00eancia, a Delphi Technologies possui um vasto historial em compressores de ar condicionado tanto no equipamento OE como no mercado p\u00f3s-venda.<\/p>\n<p>Relativamente a esta\u00e7\u00f5es de carga A\/C, a Krautli representa uma marca italiana reconhecida h\u00e1 v\u00e1rios anos no mercado pela sua robustez e qualidade, a MODINE (antiga LUVATA).<\/p>\n<p>A marca segmenta a sua gama ICEGARD em tr\u00eas cores, consoante as funcionalidades e caracter\u00edsticas t\u00e9cnicas \u2013 Verde, Rosso e Blu, todas elas com vers\u00f5es espec\u00edficas para R134 ou R1234yf, de utiliza\u00e7\u00e3o completamente autom\u00e1tica ou semi-autom\u00e1tica. Com esta gama cobre todas as necessidades relativamente \u00e0 manuten\u00e7\u00e3o dos sistemas A\/C de autom\u00f3veis, ve\u00edculos comerciais pesados e m\u00e1quinas agr\u00edcolas ou industriais. A interface de f\u00e1cil utiliza\u00e7\u00e3o e os procedimentos simplificados de manuten\u00e7\u00e3o facilitam o funcionamento das esta\u00e7\u00f5es de carga no dia a dia da oficina. As vers\u00f5es premium est\u00e3o equipadas com a \u00faltima gera\u00e7\u00e3o de Gas Analyzer para proteger o equipamento contra a utiliza\u00e7\u00e3o indevida e permitir ao operador avaliar poss\u00edveis quest\u00f5es cr\u00edticas.<\/p>\n<p>Relativamente aos produtos da gama t\u00e9rmica \u2013 arrefecimento do motor, a Krautli refor\u00e7ou este ano o seu investimento em produtos NRF, colocando em stock cerca de 1.000 refer\u00eancias de radiadores, intercoolers, ventiladores, etc.<\/p>\n<p>O Grupo NRF \u00e9 um dos principais fabricantes e fornecedores de produtos de refrigera\u00e7\u00e3o para o mercado de p\u00f3s-venda autom\u00f3vel, especificamente os radiadores de alta qualidade. Os seus radiadores s\u00e3o conhecidos pelo seu excelente desempenho, alta capacidade de refrigera\u00e7\u00e3o e durabilidade. A NRF oferece uma ampla gama \u2013 mais de 2.200 radiadores que se ajustam perfeitamente a ve\u00edculos de passageiros, ve\u00edculos comerciais ligeiros, cami\u00f5es e equipamentos de agricultura.<\/p>\n","protected":false},"excerpt":{"rendered":"<p>Com o tempo quente a chegar&#8230;<\/p>\n","protected":false},"author":15,"featured_media":13784,"comment_status":"closed","ping_status":"closed","sticky":false,"template":"","format":"standard","meta":{"footnotes":""},"categories":[37],"tags":[1358,2343,1465,2346,98,2345,290,106,2344],"class_list":["post-13783","post","type-post","status-publish","format-standard","has-post-thumbnail","hentry","category-mercado","tag-delphi","tag-ea-clima","tag-errecom","tag-grupo-nrf","tag-grupo-vag","tag-icegard","tag-krautli","tag-mahle","tag-modeine"],"yoast_head":"<!-- This site is optimized with the Yoast SEO plugin v27.5 - https:\/\/yoast.com\/product\/yoast-seo-wordpress\/ -->\n<title>Krautli refor\u00e7a portef\u00f3lio de A\/C e Climatiza\u00e7\u00e3o - Jornal das Oficinas<\/title>\n<meta name=\"robots\" content=\"index, follow, max-snippet:-1, max-image-preview:large, max-video-preview:-1\" \/>\n<link rel=\"canonical\" href=\"https:\/\/jornaldasoficinas.com\/pt\/krautli-reforca-portefolio-de-a-c-e-climatizacao\/\" \/>\n<meta property=\"og:locale\" content=\"pt_PT\" \/>\n<meta property=\"og:type\" content=\"article\" \/>\n<meta property=\"og:title\" content=\"Krautli refor\u00e7a portef\u00f3lio de A\/C e Climatiza\u00e7\u00e3o - Jornal das Oficinas\" \/>\n<meta property=\"og:description\" content=\"Com o tempo quente a chegar...\" \/>\n<meta property=\"og:url\" content=\"https:\/\/jornaldasoficinas.com\/pt\/krautli-reforca-portefolio-de-a-c-e-climatizacao\/\" \/>\n<meta property=\"og:site_name\" content=\"Jornal das Oficinas\" \/>\n<meta property=\"article:publisher\" content=\"https:\/\/www.facebook.com\/jornaloficinas\" \/>\n<meta property=\"article:published_time\" content=\"2020-06-12T19:00:27+00:00\" \/>\n<meta property=\"article:modified_time\" content=\"2021-04-29T17:08:07+00:00\" \/>\n<meta property=\"og:image\" content=\"https:\/\/jornaldasoficinas.com\/pt\/wp-content\/uploads\/2020\/06\/krautli.png\" \/>\n\t<meta property=\"og:image:width\" content=\"1024\" \/>\n\t<meta property=\"og:image:height\" content=\"581\" \/>\n\t<meta property=\"og:image:type\" content=\"image\/png\" \/>\n<meta name=\"author\" content=\"Reda\u00e7\u00e3o JO\" \/>\n<meta name=\"twitter:card\" content=\"summary_large_image\" \/>\n<meta name=\"twitter:creator\" content=\"@jornaloficinas\" \/>\n<meta name=\"twitter:site\" content=\"@jornaloficinas\" \/>\n<meta name=\"twitter:label1\" content=\"Escrito por\" \/>\n\t<meta name=\"twitter:data1\" content=\"Reda\u00e7\u00e3o JO\" \/>\n\t<meta name=\"twitter:label2\" content=\"Tempo estimado de leitura\" \/>\n\t<meta name=\"twitter:data2\" content=\"3 minutos\" \/>\n<script type=\"application\/ld+json\" class=\"yoast-schema-graph\">{\"@context\":\"https:\\\/\\\/schema.org\",\"@graph\":[{\"@type\":\"Article\",\"@id\":\"https:\\\/\\\/jornaldasoficinas.com\\\/pt\\\/krautli-reforca-portefolio-de-a-c-e-climatizacao\\\/#article\",\"isPartOf\":{\"@id\":\"https:\\\/\\\/jornaldasoficinas.com\\\/pt\\\/krautli-reforca-portefolio-de-a-c-e-climatizacao\\\/\"},\"author\":{\"name\":\"Reda\u00e7\u00e3o JO\",\"@id\":\"https:\\\/\\\/jornaldasoficinas.com\\\/pt\\\/#\\\/schema\\\/person\\\/a38eef5de2c41d9e7c9ac10141afddf3\"},\"headline\":\"Krautli refor\u00e7a portef\u00f3lio de A\\\/C e Climatiza\u00e7\u00e3o\",\"datePublished\":\"2020-06-12T19:00:27+00:00\",\"dateModified\":\"2021-04-29T17:08:07+00:00\",\"mainEntityOfPage\":{\"@id\":\"https:\\\/\\\/jornaldasoficinas.com\\\/pt\\\/krautli-reforca-portefolio-de-a-c-e-climatizacao\\\/\"},\"wordCount\":683,\"publisher\":{\"@id\":\"https:\\\/\\\/jornaldasoficinas.com\\\/pt\\\/#organization\"},\"image\":{\"@id\":\"https:\\\/\\\/jornaldasoficinas.com\\\/pt\\\/krautli-reforca-portefolio-de-a-c-e-climatizacao\\\/#primaryimage\"},\"thumbnailUrl\":\"https:\\\/\\\/jornaldasoficinas.com\\\/pt\\\/wp-content\\\/uploads\\\/2020\\\/06\\\/krautli.png\",\"keywords\":[\"Delphi\",\"EA Clima\",\"Errecom\",\"Grupo NRF\",\"Grupo VAG\",\"Icegard\",\"Krautli\",\"MAHLE\",\"Modeine\"],\"articleSection\":[\"Mercado\"],\"inLanguage\":\"pt-PT\"},{\"@type\":\"WebPage\",\"@id\":\"https:\\\/\\\/jornaldasoficinas.com\\\/pt\\\/krautli-reforca-portefolio-de-a-c-e-climatizacao\\\/\",\"url\":\"https:\\\/\\\/jornaldasoficinas.com\\\/pt\\\/krautli-reforca-portefolio-de-a-c-e-climatizacao\\\/\",\"name\":\"Krautli refor\u00e7a portef\u00f3lio de A\\\/C e Climatiza\u00e7\u00e3o - Jornal das Oficinas\",\"isPartOf\":{\"@id\":\"https:\\\/\\\/jornaldasoficinas.com\\\/pt\\\/#website\"},\"primaryImageOfPage\":{\"@id\":\"https:\\\/\\\/jornaldasoficinas.com\\\/pt\\\/krautli-reforca-portefolio-de-a-c-e-climatizacao\\\/#primaryimage\"},\"image\":{\"@id\":\"https:\\\/\\\/jornaldasoficinas.com\\\/pt\\\/krautli-reforca-portefolio-de-a-c-e-climatizacao\\\/#primaryimage\"},\"thumbnailUrl\":\"https:\\\/\\\/jornaldasoficinas.com\\\/pt\\\/wp-content\\\/uploads\\\/2020\\\/06\\\/krautli.png\",\"datePublished\":\"2020-06-12T19:00:27+00:00\",\"dateModified\":\"2021-04-29T17:08:07+00:00\",\"breadcrumb\":{\"@id\":\"https:\\\/\\\/jornaldasoficinas.com\\\/pt\\\/krautli-reforca-portefolio-de-a-c-e-climatizacao\\\/#breadcrumb\"},\"inLanguage\":\"pt-PT\",\"potentialAction\":[{\"@type\":\"ReadAction\",\"target\":[\"https:\\\/\\\/jornaldasoficinas.com\\\/pt\\\/krautli-reforca-portefolio-de-a-c-e-climatizacao\\\/\"]}]},{\"@type\":\"ImageObject\",\"inLanguage\":\"pt-PT\",\"@id\":\"https:\\\/\\\/jornaldasoficinas.com\\\/pt\\\/krautli-reforca-portefolio-de-a-c-e-climatizacao\\\/#primaryimage\",\"url\":\"https:\\\/\\\/jornaldasoficinas.com\\\/pt\\\/wp-content\\\/uploads\\\/2020\\\/06\\\/krautli.png\",\"contentUrl\":\"https:\\\/\\\/jornaldasoficinas.com\\\/pt\\\/wp-content\\\/uploads\\\/2020\\\/06\\\/krautli.png\",\"width\":1024,\"height\":581,\"caption\":\"06 - krautli\"},{\"@type\":\"BreadcrumbList\",\"@id\":\"https:\\\/\\\/jornaldasoficinas.com\\\/pt\\\/krautli-reforca-portefolio-de-a-c-e-climatizacao\\\/#breadcrumb\",\"itemListElement\":[{\"@type\":\"ListItem\",\"position\":1,\"name\":\"In\u00edcio\",\"item\":\"https:\\\/\\\/jornaldasoficinas.com\\\/pt\\\/\"},{\"@type\":\"ListItem\",\"position\":2,\"name\":\"Krautli refor\u00e7a portef\u00f3lio de A\\\/C e Climatiza\u00e7\u00e3o\"}]},{\"@type\":\"WebSite\",\"@id\":\"https:\\\/\\\/jornaldasoficinas.com\\\/pt\\\/#website\",\"url\":\"https:\\\/\\\/jornaldasoficinas.com\\\/pt\\\/\",\"name\":\"Jornal das Oficinas\",\"description\":\"Jornal independente do Aftermarket Autom\u00f3vel em Portugal\",\"publisher\":{\"@id\":\"https:\\\/\\\/jornaldasoficinas.com\\\/pt\\\/#organization\"},\"potentialAction\":[{\"@type\":\"SearchAction\",\"target\":{\"@type\":\"EntryPoint\",\"urlTemplate\":\"https:\\\/\\\/jornaldasoficinas.com\\\/pt\\\/?s={search_term_string}\"},\"query-input\":{\"@type\":\"PropertyValueSpecification\",\"valueRequired\":true,\"valueName\":\"search_term_string\"}}],\"inLanguage\":\"pt-PT\"},{\"@type\":\"Organization\",\"@id\":\"https:\\\/\\\/jornaldasoficinas.com\\\/pt\\\/#organization\",\"name\":\"Jornal das Oficinas\",\"url\":\"https:\\\/\\\/jornaldasoficinas.com\\\/pt\\\/\",\"logo\":{\"@type\":\"ImageObject\",\"inLanguage\":\"pt-PT\",\"@id\":\"https:\\\/\\\/jornaldasoficinas.com\\\/pt\\\/#\\\/schema\\\/logo\\\/image\\\/\",\"url\":\"https:\\\/\\\/jornaldasoficinas.com\\\/pt\\\/wp-content\\\/uploads\\\/logoJO-SEO.png\",\"contentUrl\":\"https:\\\/\\\/jornaldasoficinas.com\\\/pt\\\/wp-content\\\/uploads\\\/logoJO-SEO.png\",\"width\":285,\"height\":450,\"caption\":\"Jornal das Oficinas\"},\"image\":{\"@id\":\"https:\\\/\\\/jornaldasoficinas.com\\\/pt\\\/#\\\/schema\\\/logo\\\/image\\\/\"},\"sameAs\":[\"https:\\\/\\\/www.facebook.com\\\/jornaloficinas\",\"https:\\\/\\\/x.com\\\/jornaloficinas\",\"https:\\\/\\\/www.instagram.com\\\/jornal_oficinas\\\/\",\"https:\\\/\\\/www.linkedin.com\\\/company\\\/jornal-das-oficinas\\\/\",\"https:\\\/\\\/www.youtube.com\\\/channel\\\/UCbQZBqtcvV-oSQrr7RzINGg\"]},{\"@type\":\"Person\",\"@id\":\"https:\\\/\\\/jornaldasoficinas.com\\\/pt\\\/#\\\/schema\\\/person\\\/a38eef5de2c41d9e7c9ac10141afddf3\",\"name\":\"Reda\u00e7\u00e3o JO\",\"image\":{\"@type\":\"ImageObject\",\"inLanguage\":\"pt-PT\",\"@id\":\"https:\\\/\\\/secure.gravatar.com\\\/avatar\\\/71f2fa71737ad68a84fea94bc708ddac8ea5b0c4788dc2ad202f3ccb2887742f?s=96&d=wp_user_avatar&r=g\",\"url\":\"https:\\\/\\\/secure.gravatar.com\\\/avatar\\\/71f2fa71737ad68a84fea94bc708ddac8ea5b0c4788dc2ad202f3ccb2887742f?s=96&d=wp_user_avatar&r=g\",\"contentUrl\":\"https:\\\/\\\/secure.gravatar.com\\\/avatar\\\/71f2fa71737ad68a84fea94bc708ddac8ea5b0c4788dc2ad202f3ccb2887742f?s=96&d=wp_user_avatar&r=g\",\"caption\":\"Reda\u00e7\u00e3o JO\"},\"url\":\"https:\\\/\\\/jornaldasoficinas.com\\\/pt\\\/author\\\/joredacao\\\/\"}]}<\/script>\n<!-- \/ Yoast SEO plugin. -->","yoast_head_json":{"title":"Krautli refor\u00e7a portef\u00f3lio de A\/C e Climatiza\u00e7\u00e3o - Jornal das Oficinas","robots":{"index":"index","follow":"follow","max-snippet":"max-snippet:-1","max-image-preview":"max-image-preview:large","max-video-preview":"max-video-preview:-1"},"canonical":"https:\/\/jornaldasoficinas.com\/pt\/krautli-reforca-portefolio-de-a-c-e-climatizacao\/","og_locale":"pt_PT","og_type":"article","og_title":"Krautli refor\u00e7a portef\u00f3lio de A\/C e Climatiza\u00e7\u00e3o - Jornal das Oficinas","og_description":"Com o tempo quente a chegar...","og_url":"https:\/\/jornaldasoficinas.com\/pt\/krautli-reforca-portefolio-de-a-c-e-climatizacao\/","og_site_name":"Jornal das Oficinas","article_publisher":"https:\/\/www.facebook.com\/jornaloficinas","article_published_time":"2020-06-12T19:00:27+00:00","article_modified_time":"2021-04-29T17:08:07+00:00","og_image":[{"width":1024,"height":581,"url":"https:\/\/jornaldasoficinas.com\/pt\/wp-content\/uploads\/2020\/06\/krautli.png","type":"image\/png"}],"author":"Reda\u00e7\u00e3o JO","twitter_card":"summary_large_image","twitter_creator":"@jornaloficinas","twitter_site":"@jornaloficinas","twitter_misc":{"Escrito por":"Reda\u00e7\u00e3o JO","Tempo estimado de leitura":"3 minutos"},"schema":{"@context":"https:\/\/schema.org","@graph":[{"@type":"Article","@id":"https:\/\/jornaldasoficinas.com\/pt\/krautli-reforca-portefolio-de-a-c-e-climatizacao\/#article","isPartOf":{"@id":"https:\/\/jornaldasoficinas.com\/pt\/krautli-reforca-portefolio-de-a-c-e-climatizacao\/"},"author":{"name":"Reda\u00e7\u00e3o JO","@id":"https:\/\/jornaldasoficinas.com\/pt\/#\/schema\/person\/a38eef5de2c41d9e7c9ac10141afddf3"},"headline":"Krautli refor\u00e7a portef\u00f3lio de A\/C e Climatiza\u00e7\u00e3o","datePublished":"2020-06-12T19:00:27+00:00","dateModified":"2021-04-29T17:08:07+00:00","mainEntityOfPage":{"@id":"https:\/\/jornaldasoficinas.com\/pt\/krautli-reforca-portefolio-de-a-c-e-climatizacao\/"},"wordCount":683,"publisher":{"@id":"https:\/\/jornaldasoficinas.com\/pt\/#organization"},"image":{"@id":"https:\/\/jornaldasoficinas.com\/pt\/krautli-reforca-portefolio-de-a-c-e-climatizacao\/#primaryimage"},"thumbnailUrl":"https:\/\/jornaldasoficinas.com\/pt\/wp-content\/uploads\/2020\/06\/krautli.png","keywords":["Delphi","EA Clima","Errecom","Grupo NRF","Grupo VAG","Icegard","Krautli","MAHLE","Modeine"],"articleSection":["Mercado"],"inLanguage":"pt-PT"},{"@type":"WebPage","@id":"https:\/\/jornaldasoficinas.com\/pt\/krautli-reforca-portefolio-de-a-c-e-climatizacao\/","url":"https:\/\/jornaldasoficinas.com\/pt\/krautli-reforca-portefolio-de-a-c-e-climatizacao\/","name":"Krautli refor\u00e7a portef\u00f3lio de A\/C e Climatiza\u00e7\u00e3o - Jornal das Oficinas","isPartOf":{"@id":"https:\/\/jornaldasoficinas.com\/pt\/#website"},"primaryImageOfPage":{"@id":"https:\/\/jornaldasoficinas.com\/pt\/krautli-reforca-portefolio-de-a-c-e-climatizacao\/#primaryimage"},"image":{"@id":"https:\/\/jornaldasoficinas.com\/pt\/krautli-reforca-portefolio-de-a-c-e-climatizacao\/#primaryimage"},"thumbnailUrl":"https:\/\/jornaldasoficinas.com\/pt\/wp-content\/uploads\/2020\/06\/krautli.png","datePublished":"2020-06-12T19:00:27+00:00","dateModified":"2021-04-29T17:08:07+00:00","breadcrumb":{"@id":"https:\/\/jornaldasoficinas.com\/pt\/krautli-reforca-portefolio-de-a-c-e-climatizacao\/#breadcrumb"},"inLanguage":"pt-PT","potentialAction":[{"@type":"ReadAction","target":["https:\/\/jornaldasoficinas.com\/pt\/krautli-reforca-portefolio-de-a-c-e-climatizacao\/"]}]},{"@type":"ImageObject","inLanguage":"pt-PT","@id":"https:\/\/jornaldasoficinas.com\/pt\/krautli-reforca-portefolio-de-a-c-e-climatizacao\/#primaryimage","url":"https:\/\/jornaldasoficinas.com\/pt\/wp-content\/uploads\/2020\/06\/krautli.png","contentUrl":"https:\/\/jornaldasoficinas.com\/pt\/wp-content\/uploads\/2020\/06\/krautli.png","width":1024,"height":581,"caption":"06 - krautli"},{"@type":"BreadcrumbList","@id":"https:\/\/jornaldasoficinas.com\/pt\/krautli-reforca-portefolio-de-a-c-e-climatizacao\/#breadcrumb","itemListElement":[{"@type":"ListItem","position":1,"name":"In\u00edcio","item":"https:\/\/jornaldasoficinas.com\/pt\/"},{"@type":"ListItem","position":2,"name":"Krautli refor\u00e7a portef\u00f3lio de A\/C e Climatiza\u00e7\u00e3o"}]},{"@type":"WebSite","@id":"https:\/\/jornaldasoficinas.com\/pt\/#website","url":"https:\/\/jornaldasoficinas.com\/pt\/","name":"Jornal das Oficinas","description":"Jornal independente do Aftermarket Autom\u00f3vel em Portugal","publisher":{"@id":"https:\/\/jornaldasoficinas.com\/pt\/#organization"},"potentialAction":[{"@type":"SearchAction","target":{"@type":"EntryPoint","urlTemplate":"https:\/\/jornaldasoficinas.com\/pt\/?s={search_term_string}"},"query-input":{"@type":"PropertyValueSpecification","valueRequired":true,"valueName":"search_term_string"}}],"inLanguage":"pt-PT"},{"@type":"Organization","@id":"https:\/\/jornaldasoficinas.com\/pt\/#organization","name":"Jornal das Oficinas","url":"https:\/\/jornaldasoficinas.com\/pt\/","logo":{"@type":"ImageObject","inLanguage":"pt-PT","@id":"https:\/\/jornaldasoficinas.com\/pt\/#\/schema\/logo\/image\/","url":"https:\/\/jornaldasoficinas.com\/pt\/wp-content\/uploads\/logoJO-SEO.png","contentUrl":"https:\/\/jornaldasoficinas.com\/pt\/wp-content\/uploads\/logoJO-SEO.png","width":285,"height":450,"caption":"Jornal das Oficinas"},"image":{"@id":"https:\/\/jornaldasoficinas.com\/pt\/#\/schema\/logo\/image\/"},"sameAs":["https:\/\/www.facebook.com\/jornaloficinas","https:\/\/x.com\/jornaloficinas","https:\/\/www.instagram.com\/jornal_oficinas\/","https:\/\/www.linkedin.com\/company\/jornal-das-oficinas\/","https:\/\/www.youtube.com\/channel\/UCbQZBqtcvV-oSQrr7RzINGg"]},{"@type":"Person","@id":"https:\/\/jornaldasoficinas.com\/pt\/#\/schema\/person\/a38eef5de2c41d9e7c9ac10141afddf3","name":"Reda\u00e7\u00e3o JO","image":{"@type":"ImageObject","inLanguage":"pt-PT","@id":"https:\/\/secure.gravatar.com\/avatar\/71f2fa71737ad68a84fea94bc708ddac8ea5b0c4788dc2ad202f3ccb2887742f?s=96&d=wp_user_avatar&r=g","url":"https:\/\/secure.gravatar.com\/avatar\/71f2fa71737ad68a84fea94bc708ddac8ea5b0c4788dc2ad202f3ccb2887742f?s=96&d=wp_user_avatar&r=g","contentUrl":"https:\/\/secure.gravatar.com\/avatar\/71f2fa71737ad68a84fea94bc708ddac8ea5b0c4788dc2ad202f3ccb2887742f?s=96&d=wp_user_avatar&r=g","caption":"Reda\u00e7\u00e3o JO"},"url":"https:\/\/jornaldasoficinas.com\/pt\/author\/joredacao\/"}]}},"_links":{"self":[{"href":"https:\/\/jornaldasoficinas.com\/pt\/wp-json\/wp\/v2\/posts\/13783","targetHints":{"allow":["GET"]}}],"collection":[{"href":"https:\/\/jornaldasoficinas.com\/pt\/wp-json\/wp\/v2\/posts"}],"about":[{"href":"https:\/\/jornaldasoficinas.com\/pt\/wp-json\/wp\/v2\/types\/post"}],"author":[{"embeddable":true,"href":"https:\/\/jornaldasoficinas.com\/pt\/wp-json\/wp\/v2\/users\/15"}],"replies":[{"embeddable":true,"href":"https:\/\/jornaldasoficinas.com\/pt\/wp-json\/wp\/v2\/comments?post=13783"}],"version-history":[{"count":0,"href":"https:\/\/jornaldasoficinas.com\/pt\/wp-json\/wp\/v2\/posts\/13783\/revisions"}],"wp:featuredmedia":[{"embeddable":true,"href":"https:\/\/jornaldasoficinas.com\/pt\/wp-json\/wp\/v2\/media\/13784"}],"wp:attachment":[{"href":"https:\/\/jornaldasoficinas.com\/pt\/wp-json\/wp\/v2\/media?parent=13783"}],"wp:term":[{"taxonomy":"category","embeddable":true,"href":"https:\/\/jornaldasoficinas.com\/pt\/wp-json\/wp\/v2\/categories?post=13783"},{"taxonomy":"post_tag","embeddable":true,"href":"https:\/\/jornaldasoficinas.com\/pt\/wp-json\/wp\/v2\/tags?post=13783"}],"curies":[{"name":"wp","href":"https:\/\/api.w.org\/{rel}","templated":true}]}}