{"id":13898,"date":"2020-06-18T12:00:03","date_gmt":"2020-06-18T11:00:03","guid":{"rendered":"https:\/\/jornaldasoficinas.com\/pt\/?p=13898"},"modified":"2020-06-18T10:54:14","modified_gmt":"2020-06-18T09:54:14","slug":"portugal-reduziu-numero-de-mortes-nas-estradas-entre-2010-e-2019","status":"publish","type":"post","link":"https:\/\/jornaldasoficinas.com\/pt\/portugal-reduziu-numero-de-mortes-nas-estradas-entre-2010-e-2019\/","title":{"rendered":"Portugal reduziu n\u00famero de mortes nas estradas entre 2010 e 2019"},"content":{"rendered":"<p><img loading=\"lazy\" decoding=\"async\" class=\"alignnone wp-image-13894 size-full\" src=\"https:\/\/jornaldasoficinas.com\/pt\/wp-content\/uploads\/2020\/06\/portugal-reduziu.jpg\" alt=\"06 - portugal-reduziu\" width=\"1024\" height=\"581\" srcset=\"https:\/\/jornaldasoficinas.com\/pt\/wp-content\/uploads\/2020\/06\/portugal-reduziu.jpg 1024w, https:\/\/jornaldasoficinas.com\/pt\/wp-content\/uploads\/2020\/06\/portugal-reduziu-300x170.jpg 300w, https:\/\/jornaldasoficinas.com\/pt\/wp-content\/uploads\/2020\/06\/portugal-reduziu-150x85.jpg 150w, https:\/\/jornaldasoficinas.com\/pt\/wp-content\/uploads\/2020\/06\/portugal-reduziu-768x436.jpg 768w\" sizes=\"auto, (max-width: 1024px) 100vw, 1024px\" \/><\/p>\n<p><strong>Portugal, juntamente com a Gr\u00e9cia e os Estados B\u00e1lticos, foram os pa\u00edses com melhor desempenho na UE, de acordo com o novo relat\u00f3rio sobre os progressos realizados na redu\u00e7\u00e3o de mortes nas estradas na Europa desde 2010, publicado pelo Conselho Europeu de Seguran\u00e7a nos Transportes (ETSC).<\/strong><\/p>\n<p>A Est\u00f3nia recebeu o pr\u00e9mio ETSC Road Safety Performance Index (PIN) deste ano num evento realizado on-line. Este Estado do B\u00e1ltico tem agora um n\u00edvel de mortalidade nas estradas (mortes nas estradas por milh\u00e3o de habitantes) compar\u00e1vel \u00e0 Holanda &#8211; um feito not\u00e1vel e um reflexo de investimentos significativos e lideran\u00e7a estrat\u00e9gica em seguran\u00e7a rodovi\u00e1ria ao longo de v\u00e1rios anos.<\/p>\n<p>Quanto a Portugal, embora surja em destaque pela redu\u00e7\u00e3o no n\u00famero de mortos durante este per\u00edodo (2010-2019), a realidade nacional ainda se mant\u00e9m preocupante, com os n\u00fameros de v\u00edtimas mortais acima da m\u00e9dia europeia.<\/p>\n<p><strong>Jos\u00e9 Miguel Trigoso, presidente do conselho de dire\u00e7\u00e3o da <a href=\"https:\/\/prp.pt\/\" target=\"_blank\" rel=\"noopener noreferrer\">PRP<\/a>, analisa:<br \/>\n<\/strong>&#8220;Relativamente a Portugal, a situa\u00e7\u00e3o \u00e9 particularmente grave no que respeita \u00e0 sinistralidade dentro das localidades, pelo que as prioridades devem ser concentradas nas pol\u00edticas a implementar direcionadas \u00e0 redu\u00e7\u00e3o do risco nas \u00e1reas urbanas. Prote\u00e7\u00e3o aos utentes mais vulner\u00e1veis e gest\u00e3o das velocidades adequadas \u00e0s \u00e1reas urbanas s\u00e3o condi\u00e7\u00f5es determinantes para a redu\u00e7\u00e3o sustent\u00e1vel da sinistralidade.&#8221;<\/p>\n<p>A PRP defende ainda que &#8220;igualmente priorit\u00e1rio deve ser o combate \u00e0 condu\u00e7\u00e3o sob a influ\u00eancia do \u00e1lcool (e outras drogas) bem como \u00e0 distra\u00e7\u00e3o proporcionada pela utiliza\u00e7\u00e3o dos \u201csmartphones\u201d.<\/p>\n<p>Este relat\u00f3rio mostra que dois dos l\u00edderes tradicionais da Europa em seguran\u00e7a rodovi\u00e1ria: a Holanda e o Reino Unido, embora se mantenham relativamente seguros quando comparados \u00e0 mortalidade rodovi\u00e1ria, tiveram mais mortes nas estradas em 2019 do que em 2010. Fran\u00e7a, Su\u00e9cia e Alemanha tamb\u00e9m mostraram um dececionante progresso nos \u00faltimos nove anos, com redu\u00e7\u00f5es modestas nas mortes. A Bulg\u00e1ria e a Rom\u00e9nia mant\u00eam os piores desempenhos da Europa em termos de sinistralidade rodovi\u00e1ria e tamb\u00e9m apresentaram redu\u00e7\u00f5es abaixo da m\u00e9dia nos \u00faltimos anos.<\/p>\n<p>A UE e os seus Estados-Membros acordaram a meta de reduzir para metade as mortes nas estradas at\u00e9 2020. Com ainda um ano at\u00e9 que os dados completos de 2020 estejam dispon\u00edveis, a meta quase certamente n\u00e3o ser\u00e1 atingida. \u00c9 prov\u00e1vel que esse seja o caso, mesmo considerando a queda significativa no n\u00famero de v\u00edtimas mortais que ocorreu em v\u00e1rios pa\u00edses nos \u00faltimos meses como resultado das pol\u00edticas de confinamento do Covid-19.<\/p>\n<p><strong>Antonio Avenoso, diretor executivo do Conselho Europeu de Seguran\u00e7a em Transportes, comentou:<br \/>\n<\/strong>\u201cEmbora o progresso na Europa tenha dececionado nos \u00faltimos nove anos, alguns pa\u00edses passaram silenciosamente por uma revolu\u00e7\u00e3o na seguran\u00e7a rodovi\u00e1ria. Temos o prazer de premiar a Est\u00f3nia este ano pelo seu progresso not\u00e1vel, ap\u00f3s a vit\u00f3ria da Irlanda em 2019. &#8221;<\/p>\n<p>\u201cNo geral, os Estados-Membros da UE precisar\u00e3o acelerar as novas metas para 2030. Mas a recente resposta \u00e0 epidemia de Covid-19 pode indicar um caminho a seguir. Uma mudan\u00e7a dram\u00e1tica para as desloca\u00e7\u00f5es a p\u00e9 e de bicicleta nas \u00e1reas urbanas, combinada com altera\u00e7\u00f5es na infraestrutura e redu\u00e7\u00f5es nos limites de velocidade, pode ter um enorme impacto na sinistralidade rodovi\u00e1ria. Mas, se voltarmos ao normal, ap\u00f3s a crise, os resultados poder\u00e3o ser ainda piores do que antes. J\u00e1 existem sinais de perigo no grande n\u00famero de contraordena\u00e7\u00f5es por excesso de velocidade relatados \u00e0 medida que os confinamentos s\u00e3o levantados, o que s\u00f3 contribui para a sobrecarga da pol\u00edcia e servi\u00e7os de emerg\u00eancia.\u201d<\/p>\n<p>\u00c9 prov\u00e1vel que a seguran\u00e7a rodovi\u00e1ria na UE aumente na pr\u00f3xima d\u00e9cada, gra\u00e7as \u00e0 nova legisla\u00e7\u00e3o sobre padr\u00f5es m\u00ednimos de seguran\u00e7a nos ve\u00edculos e infraestrutura acordada no ano passado. Mas muito depender\u00e1 dos padr\u00f5es t\u00e9cnicos detalhados para as novas leis, que est\u00e3o a ser elaborados atualmente. O ETSC est\u00e1 particularmente preocupado com os requisitos da tecnologia ISA (Intelligent Speed \u200b\u200bAssistance) para carros novos e com os padr\u00f5es de &#8220;vis\u00e3o direta&#8221; (para melhorar a visibilidade \u00e0 volta do ve\u00edculo para os condutores) dos novos ve\u00edculos pesados, que correm o risco de cair por terra ap\u00f3s press\u00f5es da ind\u00fastria autom\u00f3vel.<\/p>\n","protected":false},"excerpt":{"rendered":"<p>Portugal, juntamente com a Gr\u00e9cia e&#8230;<\/p>\n","protected":false},"author":15,"featured_media":13894,"comment_status":"closed","ping_status":"closed","sticky":false,"template":"","format":"standard","meta":{"footnotes":""},"categories":[37],"tags":[780],"class_list":["post-13898","post","type-post","status-publish","format-standard","has-post-thumbnail","hentry","category-mercado","tag-prp"],"yoast_head":"<!-- This site is optimized with the Yoast SEO plugin v27.4 - https:\/\/yoast.com\/product\/yoast-seo-wordpress\/ -->\n<title>Portugal reduziu n\u00famero de mortes nas estradas entre 2010 e 2019 - Jornal das Oficinas<\/title>\n<meta name=\"robots\" content=\"index, follow, max-snippet:-1, max-image-preview:large, max-video-preview:-1\" \/>\n<link rel=\"canonical\" href=\"https:\/\/jornaldasoficinas.com\/pt\/portugal-reduziu-numero-de-mortes-nas-estradas-entre-2010-e-2019\/\" \/>\n<meta property=\"og:locale\" content=\"pt_PT\" \/>\n<meta property=\"og:type\" content=\"article\" \/>\n<meta property=\"og:title\" content=\"Portugal reduziu n\u00famero de mortes nas estradas entre 2010 e 2019 - Jornal das Oficinas\" \/>\n<meta property=\"og:description\" content=\"Portugal, juntamente com a Gr\u00e9cia e...\" \/>\n<meta property=\"og:url\" content=\"https:\/\/jornaldasoficinas.com\/pt\/portugal-reduziu-numero-de-mortes-nas-estradas-entre-2010-e-2019\/\" \/>\n<meta property=\"og:site_name\" content=\"Jornal das Oficinas\" \/>\n<meta property=\"article:publisher\" content=\"https:\/\/www.facebook.com\/jornaloficinas\" \/>\n<meta property=\"article:published_time\" content=\"2020-06-18T11:00:03+00:00\" \/>\n<meta property=\"og:image\" content=\"https:\/\/jornaldasoficinas.com\/pt\/wp-content\/uploads\/2020\/06\/portugal-reduziu.jpg\" \/>\n\t<meta property=\"og:image:width\" content=\"1024\" \/>\n\t<meta property=\"og:image:height\" content=\"581\" \/>\n\t<meta property=\"og:image:type\" content=\"image\/jpeg\" \/>\n<meta name=\"author\" content=\"Reda\u00e7\u00e3o JO\" \/>\n<meta name=\"twitter:card\" content=\"summary_large_image\" \/>\n<meta name=\"twitter:creator\" content=\"@jornaloficinas\" \/>\n<meta name=\"twitter:site\" content=\"@jornaloficinas\" \/>\n<meta name=\"twitter:label1\" content=\"Escrito por\" \/>\n\t<meta name=\"twitter:data1\" content=\"Reda\u00e7\u00e3o JO\" \/>\n\t<meta name=\"twitter:label2\" content=\"Tempo estimado de leitura\" \/>\n\t<meta name=\"twitter:data2\" content=\"4 minutos\" \/>\n<script type=\"application\/ld+json\" class=\"yoast-schema-graph\">{\"@context\":\"https:\\\/\\\/schema.org\",\"@graph\":[{\"@type\":\"Article\",\"@id\":\"https:\\\/\\\/jornaldasoficinas.com\\\/pt\\\/portugal-reduziu-numero-de-mortes-nas-estradas-entre-2010-e-2019\\\/#article\",\"isPartOf\":{\"@id\":\"https:\\\/\\\/jornaldasoficinas.com\\\/pt\\\/portugal-reduziu-numero-de-mortes-nas-estradas-entre-2010-e-2019\\\/\"},\"author\":{\"name\":\"Reda\u00e7\u00e3o JO\",\"@id\":\"https:\\\/\\\/jornaldasoficinas.com\\\/pt\\\/#\\\/schema\\\/person\\\/a38eef5de2c41d9e7c9ac10141afddf3\"},\"headline\":\"Portugal reduziu n\u00famero de mortes nas estradas entre 2010 e 2019\",\"datePublished\":\"2020-06-18T11:00:03+00:00\",\"mainEntityOfPage\":{\"@id\":\"https:\\\/\\\/jornaldasoficinas.com\\\/pt\\\/portugal-reduziu-numero-de-mortes-nas-estradas-entre-2010-e-2019\\\/\"},\"wordCount\":758,\"publisher\":{\"@id\":\"https:\\\/\\\/jornaldasoficinas.com\\\/pt\\\/#organization\"},\"image\":{\"@id\":\"https:\\\/\\\/jornaldasoficinas.com\\\/pt\\\/portugal-reduziu-numero-de-mortes-nas-estradas-entre-2010-e-2019\\\/#primaryimage\"},\"thumbnailUrl\":\"https:\\\/\\\/jornaldasoficinas.com\\\/pt\\\/wp-content\\\/uploads\\\/2020\\\/06\\\/portugal-reduziu.jpg\",\"keywords\":[\"PRP\"],\"articleSection\":[\"Mercado\"],\"inLanguage\":\"pt-PT\"},{\"@type\":\"WebPage\",\"@id\":\"https:\\\/\\\/jornaldasoficinas.com\\\/pt\\\/portugal-reduziu-numero-de-mortes-nas-estradas-entre-2010-e-2019\\\/\",\"url\":\"https:\\\/\\\/jornaldasoficinas.com\\\/pt\\\/portugal-reduziu-numero-de-mortes-nas-estradas-entre-2010-e-2019\\\/\",\"name\":\"Portugal reduziu n\u00famero de mortes nas estradas entre 2010 e 2019 - Jornal das Oficinas\",\"isPartOf\":{\"@id\":\"https:\\\/\\\/jornaldasoficinas.com\\\/pt\\\/#website\"},\"primaryImageOfPage\":{\"@id\":\"https:\\\/\\\/jornaldasoficinas.com\\\/pt\\\/portugal-reduziu-numero-de-mortes-nas-estradas-entre-2010-e-2019\\\/#primaryimage\"},\"image\":{\"@id\":\"https:\\\/\\\/jornaldasoficinas.com\\\/pt\\\/portugal-reduziu-numero-de-mortes-nas-estradas-entre-2010-e-2019\\\/#primaryimage\"},\"thumbnailUrl\":\"https:\\\/\\\/jornaldasoficinas.com\\\/pt\\\/wp-content\\\/uploads\\\/2020\\\/06\\\/portugal-reduziu.jpg\",\"datePublished\":\"2020-06-18T11:00:03+00:00\",\"breadcrumb\":{\"@id\":\"https:\\\/\\\/jornaldasoficinas.com\\\/pt\\\/portugal-reduziu-numero-de-mortes-nas-estradas-entre-2010-e-2019\\\/#breadcrumb\"},\"inLanguage\":\"pt-PT\",\"potentialAction\":[{\"@type\":\"ReadAction\",\"target\":[\"https:\\\/\\\/jornaldasoficinas.com\\\/pt\\\/portugal-reduziu-numero-de-mortes-nas-estradas-entre-2010-e-2019\\\/\"]}]},{\"@type\":\"ImageObject\",\"inLanguage\":\"pt-PT\",\"@id\":\"https:\\\/\\\/jornaldasoficinas.com\\\/pt\\\/portugal-reduziu-numero-de-mortes-nas-estradas-entre-2010-e-2019\\\/#primaryimage\",\"url\":\"https:\\\/\\\/jornaldasoficinas.com\\\/pt\\\/wp-content\\\/uploads\\\/2020\\\/06\\\/portugal-reduziu.jpg\",\"contentUrl\":\"https:\\\/\\\/jornaldasoficinas.com\\\/pt\\\/wp-content\\\/uploads\\\/2020\\\/06\\\/portugal-reduziu.jpg\",\"width\":1024,\"height\":581,\"caption\":\"06 - portugal-reduziu\"},{\"@type\":\"BreadcrumbList\",\"@id\":\"https:\\\/\\\/jornaldasoficinas.com\\\/pt\\\/portugal-reduziu-numero-de-mortes-nas-estradas-entre-2010-e-2019\\\/#breadcrumb\",\"itemListElement\":[{\"@type\":\"ListItem\",\"position\":1,\"name\":\"In\u00edcio\",\"item\":\"https:\\\/\\\/jornaldasoficinas.com\\\/pt\\\/\"},{\"@type\":\"ListItem\",\"position\":2,\"name\":\"Portugal reduziu n\u00famero de mortes nas estradas entre 2010 e 2019\"}]},{\"@type\":\"WebSite\",\"@id\":\"https:\\\/\\\/jornaldasoficinas.com\\\/pt\\\/#website\",\"url\":\"https:\\\/\\\/jornaldasoficinas.com\\\/pt\\\/\",\"name\":\"Jornal das Oficinas\",\"description\":\"Jornal independente do Aftermarket Autom\u00f3vel em Portugal\",\"publisher\":{\"@id\":\"https:\\\/\\\/jornaldasoficinas.com\\\/pt\\\/#organization\"},\"potentialAction\":[{\"@type\":\"SearchAction\",\"target\":{\"@type\":\"EntryPoint\",\"urlTemplate\":\"https:\\\/\\\/jornaldasoficinas.com\\\/pt\\\/?s={search_term_string}\"},\"query-input\":{\"@type\":\"PropertyValueSpecification\",\"valueRequired\":true,\"valueName\":\"search_term_string\"}}],\"inLanguage\":\"pt-PT\"},{\"@type\":\"Organization\",\"@id\":\"https:\\\/\\\/jornaldasoficinas.com\\\/pt\\\/#organization\",\"name\":\"Jornal das Oficinas\",\"url\":\"https:\\\/\\\/jornaldasoficinas.com\\\/pt\\\/\",\"logo\":{\"@type\":\"ImageObject\",\"inLanguage\":\"pt-PT\",\"@id\":\"https:\\\/\\\/jornaldasoficinas.com\\\/pt\\\/#\\\/schema\\\/logo\\\/image\\\/\",\"url\":\"https:\\\/\\\/jornaldasoficinas.com\\\/pt\\\/wp-content\\\/uploads\\\/logoJO-SEO.png\",\"contentUrl\":\"https:\\\/\\\/jornaldasoficinas.com\\\/pt\\\/wp-content\\\/uploads\\\/logoJO-SEO.png\",\"width\":285,\"height\":450,\"caption\":\"Jornal das Oficinas\"},\"image\":{\"@id\":\"https:\\\/\\\/jornaldasoficinas.com\\\/pt\\\/#\\\/schema\\\/logo\\\/image\\\/\"},\"sameAs\":[\"https:\\\/\\\/www.facebook.com\\\/jornaloficinas\",\"https:\\\/\\\/x.com\\\/jornaloficinas\",\"https:\\\/\\\/www.instagram.com\\\/jornal_oficinas\\\/\",\"https:\\\/\\\/www.linkedin.com\\\/company\\\/jornal-das-oficinas\\\/\",\"https:\\\/\\\/www.youtube.com\\\/channel\\\/UCbQZBqtcvV-oSQrr7RzINGg\"]},{\"@type\":\"Person\",\"@id\":\"https:\\\/\\\/jornaldasoficinas.com\\\/pt\\\/#\\\/schema\\\/person\\\/a38eef5de2c41d9e7c9ac10141afddf3\",\"name\":\"Reda\u00e7\u00e3o JO\",\"image\":{\"@type\":\"ImageObject\",\"inLanguage\":\"pt-PT\",\"@id\":\"https:\\\/\\\/secure.gravatar.com\\\/avatar\\\/71f2fa71737ad68a84fea94bc708ddac8ea5b0c4788dc2ad202f3ccb2887742f?s=96&d=wp_user_avatar&r=g\",\"url\":\"https:\\\/\\\/secure.gravatar.com\\\/avatar\\\/71f2fa71737ad68a84fea94bc708ddac8ea5b0c4788dc2ad202f3ccb2887742f?s=96&d=wp_user_avatar&r=g\",\"contentUrl\":\"https:\\\/\\\/secure.gravatar.com\\\/avatar\\\/71f2fa71737ad68a84fea94bc708ddac8ea5b0c4788dc2ad202f3ccb2887742f?s=96&d=wp_user_avatar&r=g\",\"caption\":\"Reda\u00e7\u00e3o JO\"},\"url\":\"https:\\\/\\\/jornaldasoficinas.com\\\/pt\\\/author\\\/joredacao\\\/\"}]}<\/script>\n<!-- \/ Yoast SEO plugin. -->","yoast_head_json":{"title":"Portugal reduziu n\u00famero de mortes nas estradas entre 2010 e 2019 - Jornal das Oficinas","robots":{"index":"index","follow":"follow","max-snippet":"max-snippet:-1","max-image-preview":"max-image-preview:large","max-video-preview":"max-video-preview:-1"},"canonical":"https:\/\/jornaldasoficinas.com\/pt\/portugal-reduziu-numero-de-mortes-nas-estradas-entre-2010-e-2019\/","og_locale":"pt_PT","og_type":"article","og_title":"Portugal reduziu n\u00famero de mortes nas estradas entre 2010 e 2019 - Jornal das Oficinas","og_description":"Portugal, juntamente com a Gr\u00e9cia e...","og_url":"https:\/\/jornaldasoficinas.com\/pt\/portugal-reduziu-numero-de-mortes-nas-estradas-entre-2010-e-2019\/","og_site_name":"Jornal das Oficinas","article_publisher":"https:\/\/www.facebook.com\/jornaloficinas","article_published_time":"2020-06-18T11:00:03+00:00","og_image":[{"width":1024,"height":581,"url":"https:\/\/jornaldasoficinas.com\/pt\/wp-content\/uploads\/2020\/06\/portugal-reduziu.jpg","type":"image\/jpeg"}],"author":"Reda\u00e7\u00e3o JO","twitter_card":"summary_large_image","twitter_creator":"@jornaloficinas","twitter_site":"@jornaloficinas","twitter_misc":{"Escrito por":"Reda\u00e7\u00e3o JO","Tempo estimado de leitura":"4 minutos"},"schema":{"@context":"https:\/\/schema.org","@graph":[{"@type":"Article","@id":"https:\/\/jornaldasoficinas.com\/pt\/portugal-reduziu-numero-de-mortes-nas-estradas-entre-2010-e-2019\/#article","isPartOf":{"@id":"https:\/\/jornaldasoficinas.com\/pt\/portugal-reduziu-numero-de-mortes-nas-estradas-entre-2010-e-2019\/"},"author":{"name":"Reda\u00e7\u00e3o JO","@id":"https:\/\/jornaldasoficinas.com\/pt\/#\/schema\/person\/a38eef5de2c41d9e7c9ac10141afddf3"},"headline":"Portugal reduziu n\u00famero de mortes nas estradas entre 2010 e 2019","datePublished":"2020-06-18T11:00:03+00:00","mainEntityOfPage":{"@id":"https:\/\/jornaldasoficinas.com\/pt\/portugal-reduziu-numero-de-mortes-nas-estradas-entre-2010-e-2019\/"},"wordCount":758,"publisher":{"@id":"https:\/\/jornaldasoficinas.com\/pt\/#organization"},"image":{"@id":"https:\/\/jornaldasoficinas.com\/pt\/portugal-reduziu-numero-de-mortes-nas-estradas-entre-2010-e-2019\/#primaryimage"},"thumbnailUrl":"https:\/\/jornaldasoficinas.com\/pt\/wp-content\/uploads\/2020\/06\/portugal-reduziu.jpg","keywords":["PRP"],"articleSection":["Mercado"],"inLanguage":"pt-PT"},{"@type":"WebPage","@id":"https:\/\/jornaldasoficinas.com\/pt\/portugal-reduziu-numero-de-mortes-nas-estradas-entre-2010-e-2019\/","url":"https:\/\/jornaldasoficinas.com\/pt\/portugal-reduziu-numero-de-mortes-nas-estradas-entre-2010-e-2019\/","name":"Portugal reduziu n\u00famero de mortes nas estradas entre 2010 e 2019 - Jornal das Oficinas","isPartOf":{"@id":"https:\/\/jornaldasoficinas.com\/pt\/#website"},"primaryImageOfPage":{"@id":"https:\/\/jornaldasoficinas.com\/pt\/portugal-reduziu-numero-de-mortes-nas-estradas-entre-2010-e-2019\/#primaryimage"},"image":{"@id":"https:\/\/jornaldasoficinas.com\/pt\/portugal-reduziu-numero-de-mortes-nas-estradas-entre-2010-e-2019\/#primaryimage"},"thumbnailUrl":"https:\/\/jornaldasoficinas.com\/pt\/wp-content\/uploads\/2020\/06\/portugal-reduziu.jpg","datePublished":"2020-06-18T11:00:03+00:00","breadcrumb":{"@id":"https:\/\/jornaldasoficinas.com\/pt\/portugal-reduziu-numero-de-mortes-nas-estradas-entre-2010-e-2019\/#breadcrumb"},"inLanguage":"pt-PT","potentialAction":[{"@type":"ReadAction","target":["https:\/\/jornaldasoficinas.com\/pt\/portugal-reduziu-numero-de-mortes-nas-estradas-entre-2010-e-2019\/"]}]},{"@type":"ImageObject","inLanguage":"pt-PT","@id":"https:\/\/jornaldasoficinas.com\/pt\/portugal-reduziu-numero-de-mortes-nas-estradas-entre-2010-e-2019\/#primaryimage","url":"https:\/\/jornaldasoficinas.com\/pt\/wp-content\/uploads\/2020\/06\/portugal-reduziu.jpg","contentUrl":"https:\/\/jornaldasoficinas.com\/pt\/wp-content\/uploads\/2020\/06\/portugal-reduziu.jpg","width":1024,"height":581,"caption":"06 - portugal-reduziu"},{"@type":"BreadcrumbList","@id":"https:\/\/jornaldasoficinas.com\/pt\/portugal-reduziu-numero-de-mortes-nas-estradas-entre-2010-e-2019\/#breadcrumb","itemListElement":[{"@type":"ListItem","position":1,"name":"In\u00edcio","item":"https:\/\/jornaldasoficinas.com\/pt\/"},{"@type":"ListItem","position":2,"name":"Portugal reduziu n\u00famero de mortes nas estradas entre 2010 e 2019"}]},{"@type":"WebSite","@id":"https:\/\/jornaldasoficinas.com\/pt\/#website","url":"https:\/\/jornaldasoficinas.com\/pt\/","name":"Jornal das Oficinas","description":"Jornal independente do Aftermarket Autom\u00f3vel em Portugal","publisher":{"@id":"https:\/\/jornaldasoficinas.com\/pt\/#organization"},"potentialAction":[{"@type":"SearchAction","target":{"@type":"EntryPoint","urlTemplate":"https:\/\/jornaldasoficinas.com\/pt\/?s={search_term_string}"},"query-input":{"@type":"PropertyValueSpecification","valueRequired":true,"valueName":"search_term_string"}}],"inLanguage":"pt-PT"},{"@type":"Organization","@id":"https:\/\/jornaldasoficinas.com\/pt\/#organization","name":"Jornal das Oficinas","url":"https:\/\/jornaldasoficinas.com\/pt\/","logo":{"@type":"ImageObject","inLanguage":"pt-PT","@id":"https:\/\/jornaldasoficinas.com\/pt\/#\/schema\/logo\/image\/","url":"https:\/\/jornaldasoficinas.com\/pt\/wp-content\/uploads\/logoJO-SEO.png","contentUrl":"https:\/\/jornaldasoficinas.com\/pt\/wp-content\/uploads\/logoJO-SEO.png","width":285,"height":450,"caption":"Jornal das Oficinas"},"image":{"@id":"https:\/\/jornaldasoficinas.com\/pt\/#\/schema\/logo\/image\/"},"sameAs":["https:\/\/www.facebook.com\/jornaloficinas","https:\/\/x.com\/jornaloficinas","https:\/\/www.instagram.com\/jornal_oficinas\/","https:\/\/www.linkedin.com\/company\/jornal-das-oficinas\/","https:\/\/www.youtube.com\/channel\/UCbQZBqtcvV-oSQrr7RzINGg"]},{"@type":"Person","@id":"https:\/\/jornaldasoficinas.com\/pt\/#\/schema\/person\/a38eef5de2c41d9e7c9ac10141afddf3","name":"Reda\u00e7\u00e3o JO","image":{"@type":"ImageObject","inLanguage":"pt-PT","@id":"https:\/\/secure.gravatar.com\/avatar\/71f2fa71737ad68a84fea94bc708ddac8ea5b0c4788dc2ad202f3ccb2887742f?s=96&d=wp_user_avatar&r=g","url":"https:\/\/secure.gravatar.com\/avatar\/71f2fa71737ad68a84fea94bc708ddac8ea5b0c4788dc2ad202f3ccb2887742f?s=96&d=wp_user_avatar&r=g","contentUrl":"https:\/\/secure.gravatar.com\/avatar\/71f2fa71737ad68a84fea94bc708ddac8ea5b0c4788dc2ad202f3ccb2887742f?s=96&d=wp_user_avatar&r=g","caption":"Reda\u00e7\u00e3o JO"},"url":"https:\/\/jornaldasoficinas.com\/pt\/author\/joredacao\/"}]}},"_links":{"self":[{"href":"https:\/\/jornaldasoficinas.com\/pt\/wp-json\/wp\/v2\/posts\/13898","targetHints":{"allow":["GET"]}}],"collection":[{"href":"https:\/\/jornaldasoficinas.com\/pt\/wp-json\/wp\/v2\/posts"}],"about":[{"href":"https:\/\/jornaldasoficinas.com\/pt\/wp-json\/wp\/v2\/types\/post"}],"author":[{"embeddable":true,"href":"https:\/\/jornaldasoficinas.com\/pt\/wp-json\/wp\/v2\/users\/15"}],"replies":[{"embeddable":true,"href":"https:\/\/jornaldasoficinas.com\/pt\/wp-json\/wp\/v2\/comments?post=13898"}],"version-history":[{"count":0,"href":"https:\/\/jornaldasoficinas.com\/pt\/wp-json\/wp\/v2\/posts\/13898\/revisions"}],"wp:featuredmedia":[{"embeddable":true,"href":"https:\/\/jornaldasoficinas.com\/pt\/wp-json\/wp\/v2\/media\/13894"}],"wp:attachment":[{"href":"https:\/\/jornaldasoficinas.com\/pt\/wp-json\/wp\/v2\/media?parent=13898"}],"wp:term":[{"taxonomy":"category","embeddable":true,"href":"https:\/\/jornaldasoficinas.com\/pt\/wp-json\/wp\/v2\/categories?post=13898"},{"taxonomy":"post_tag","embeddable":true,"href":"https:\/\/jornaldasoficinas.com\/pt\/wp-json\/wp\/v2\/tags?post=13898"}],"curies":[{"name":"wp","href":"https:\/\/api.w.org\/{rel}","templated":true}]}}