{"id":14099,"date":"2020-06-26T14:00:59","date_gmt":"2020-06-26T13:00:59","guid":{"rendered":"https:\/\/jornaldasoficinas.com\/pt\/?p=14099"},"modified":"2020-06-26T09:20:18","modified_gmt":"2020-06-26T08:20:18","slug":"el-recambiazo-impulsiona-vendas","status":"publish","type":"post","link":"https:\/\/jornaldasoficinas.com\/pt\/el-recambiazo-impulsiona-vendas\/","title":{"rendered":"El Recambiazo impulsiona vendas"},"content":{"rendered":"<p><strong><img loading=\"lazy\" decoding=\"async\" class=\"alignnone wp-image-14077 size-full\" src=\"https:\/\/jornaldasoficinas.com\/pt\/wp-content\/uploads\/2020\/06\/El-Recambiazo.jpg\" alt=\"06 - El-Recambiazo\" width=\"1024\" height=\"581\" srcset=\"https:\/\/jornaldasoficinas.com\/pt\/wp-content\/uploads\/2020\/06\/El-Recambiazo.jpg 1024w, https:\/\/jornaldasoficinas.com\/pt\/wp-content\/uploads\/2020\/06\/El-Recambiazo-300x170.jpg 300w, https:\/\/jornaldasoficinas.com\/pt\/wp-content\/uploads\/2020\/06\/El-Recambiazo-150x85.jpg 150w, https:\/\/jornaldasoficinas.com\/pt\/wp-content\/uploads\/2020\/06\/El-Recambiazo-768x436.jpg 768w\" sizes=\"auto, (max-width: 1024px) 100vw, 1024px\" \/><\/strong><\/p>\n<p><strong>Este ano, a situa\u00e7\u00e3o criada pelo coronav\u00edrus fez com que a ASER transferisse a sua campanha &#8220;El Recambiazo&#8221;, realizada todos os anos durante o m\u00eas de maio, para o m\u00eas de junho.<\/strong><\/p>\n<p>Do grupo, a inten\u00e7\u00e3o dessa mudan\u00e7a \u00e9 clara:<\/p>\n<p>Por um lado, desenvolver a a\u00e7\u00e3o em maio, m\u00eas em que a atividade no setor ainda n\u00e3o tinha recuperado a 100%, envolveu investir uma grande quantidade de esfor\u00e7o e recursos numa a\u00e7\u00e3o que, certamente, n\u00e3o teria obtido os resultados merecida.<\/p>\n<p>Por outro lado, lan\u00e7\u00e1-lo em junho, m\u00eas em que o setor est\u00e1 a recupera gradualmente a sua atividade normal, ajudaria os parceiros e clientes do Grupo a recuperar essa normalidade o mais r\u00e1pido poss\u00edvel. E nada melhor do que recuperar a normalidade, oferecendo descontos adicionais e a possibilidade de ganhar um dos mais de 5.000 presentes da campanha.<\/p>\n<p>Segundo Jos\u00e9 Luis Bravo, CEO da <a href=\"https:\/\/www.vuelveelrecambiazo.com\/\" target=\"_blank\" rel=\"noopener noreferrer\">ASER<\/a>, \u201cessas campanhas fazem parte da estrat\u00e9gia e do ADN do Grupo. S\u00e3o a\u00e7\u00f5es destinadas a ajudar os nossos parceiros a vender mais e melhor, mas tamb\u00e9m a ajudar os clientes de nossos parceiros. Nas circunst\u00e2ncias atuais, poder\u00edamos ter decidido n\u00e3o fazer o Recambiazo e esperar at\u00e9 outubro para lan\u00e7ar o Give Me Five, mas era necess\u00e1rio enviar uma mensagem de calma e normalidade atrav\u00e9s do El Recambiazo, e os resultados obtidos prova que est\u00e1vamos corretos.\u201d<\/p>\n<p>Com tr\u00eas semanas de campanha j\u00e1 cumpridas, o El Recambiazo tamb\u00e9m serviu para dar um impulso \u00e0s vendas. Na primeira semana, El Recambiazo come\u00e7ou devagar. As inscri\u00e7\u00f5es, principalmente nos primeiros dias, n\u00e3o alcan\u00e7aram os dados das edi\u00e7\u00f5es anteriores. Embora a sede do Grupo estivesse a trabalhar na campanha de comunica\u00e7\u00e3o da a\u00e7\u00e3o, localmente alguns dos parceiros foram afetados pela situa\u00e7\u00e3o causada pelas ERTEs. Os modelos ainda n\u00e3o estavam cem por cento e a equipa ativa foi dividida para cobrir todas as necessidades da empresa, de modo que algumas das a\u00e7\u00f5es &#8220;locais&#8221; realizadas nas edi\u00e7\u00f5es anteriores de El Recambiazo n\u00e3o se efetivaram.<\/p>\n<p>Por\u00e9m, ap\u00f3s os primeiros dias, os registros atingiram a velocidade de cruzeiro e a m\u00e9dia di\u00e1ria excedeu 500 notas de entrega registradas, mais de 7.000 ap\u00f3s tr\u00eas semanas de campanha.<\/p>\n<p>Esses dados est\u00e3o diretamente relacionados \u00e0s a\u00e7\u00f5es realizadas no n\u00edvel local. Embora muitos clientes soubessem que o Recambiazo estava em andamento, a reincorpora\u00e7\u00e3o ao trabalho da parte da equipa que ainda estava na ERTE permitiu a comunica\u00e7\u00e3o direta com os clientes de cada parceiro e o monitoramento di\u00e1rio das notas de entrega de clientes, o que se refletiu no aumento de linhas e valor das notas de entrega, para atingir mais de \u20ac 100 e optar por um dos presentes da campanha, e tamb\u00e9m no aumento do n\u00famero de registros.<\/p>\n<p>Mas os dados obtidos por El Recambiazo nas tr\u00eas primeiras semanas tamb\u00e9m servem para nos dar uma id\u00e9ia de como os neg\u00f3cios de parceiros e clientes se est\u00e3o a comportar. Analisando os registros do El Recambiazo e os coment\u00e1rios de alguns parceiros, os sentimentos s\u00e3o positivos permitem um certo otimismo.<\/p>\n","protected":false},"excerpt":{"rendered":"<p>Este ano, a situa\u00e7\u00e3o criada pelo&#8230;<\/p>\n","protected":false},"author":15,"featured_media":14077,"comment_status":"closed","ping_status":"closed","sticky":false,"template":"","format":"standard","meta":{"footnotes":""},"categories":[29],"tags":[255],"class_list":["post-14099","post","type-post","status-publish","format-standard","has-post-thumbnail","hentry","category-empresas","tag-aser"],"yoast_head":"<!-- This site is optimized with the Yoast SEO plugin v27.4 - https:\/\/yoast.com\/product\/yoast-seo-wordpress\/ -->\n<title>El Recambiazo impulsiona vendas - Jornal das Oficinas<\/title>\n<meta name=\"robots\" content=\"index, follow, max-snippet:-1, max-image-preview:large, max-video-preview:-1\" \/>\n<link rel=\"canonical\" href=\"https:\/\/jornaldasoficinas.com\/pt\/el-recambiazo-impulsiona-vendas\/\" \/>\n<meta property=\"og:locale\" content=\"pt_PT\" \/>\n<meta property=\"og:type\" content=\"article\" \/>\n<meta property=\"og:title\" content=\"El Recambiazo impulsiona vendas - Jornal das Oficinas\" \/>\n<meta property=\"og:description\" content=\"Este ano, a situa\u00e7\u00e3o criada pelo...\" \/>\n<meta property=\"og:url\" content=\"https:\/\/jornaldasoficinas.com\/pt\/el-recambiazo-impulsiona-vendas\/\" \/>\n<meta property=\"og:site_name\" content=\"Jornal das Oficinas\" \/>\n<meta property=\"article:publisher\" content=\"https:\/\/www.facebook.com\/jornaloficinas\" \/>\n<meta property=\"article:published_time\" content=\"2020-06-26T13:00:59+00:00\" \/>\n<meta property=\"og:image\" content=\"https:\/\/jornaldasoficinas.com\/pt\/wp-content\/uploads\/2020\/06\/El-Recambiazo.jpg\" \/>\n\t<meta property=\"og:image:width\" content=\"1024\" \/>\n\t<meta property=\"og:image:height\" content=\"581\" \/>\n\t<meta property=\"og:image:type\" content=\"image\/jpeg\" \/>\n<meta name=\"author\" content=\"Reda\u00e7\u00e3o JO\" \/>\n<meta name=\"twitter:card\" content=\"summary_large_image\" \/>\n<meta name=\"twitter:creator\" content=\"@jornaloficinas\" \/>\n<meta name=\"twitter:site\" content=\"@jornaloficinas\" \/>\n<meta name=\"twitter:label1\" content=\"Escrito por\" \/>\n\t<meta name=\"twitter:data1\" content=\"Reda\u00e7\u00e3o JO\" \/>\n\t<meta name=\"twitter:label2\" content=\"Tempo estimado de leitura\" \/>\n\t<meta name=\"twitter:data2\" content=\"3 minutos\" \/>\n<script type=\"application\/ld+json\" class=\"yoast-schema-graph\">{\"@context\":\"https:\\\/\\\/schema.org\",\"@graph\":[{\"@type\":\"Article\",\"@id\":\"https:\\\/\\\/jornaldasoficinas.com\\\/pt\\\/el-recambiazo-impulsiona-vendas\\\/#article\",\"isPartOf\":{\"@id\":\"https:\\\/\\\/jornaldasoficinas.com\\\/pt\\\/el-recambiazo-impulsiona-vendas\\\/\"},\"author\":{\"name\":\"Reda\u00e7\u00e3o JO\",\"@id\":\"https:\\\/\\\/jornaldasoficinas.com\\\/pt\\\/#\\\/schema\\\/person\\\/a38eef5de2c41d9e7c9ac10141afddf3\"},\"headline\":\"El Recambiazo impulsiona vendas\",\"datePublished\":\"2020-06-26T13:00:59+00:00\",\"mainEntityOfPage\":{\"@id\":\"https:\\\/\\\/jornaldasoficinas.com\\\/pt\\\/el-recambiazo-impulsiona-vendas\\\/\"},\"wordCount\":550,\"publisher\":{\"@id\":\"https:\\\/\\\/jornaldasoficinas.com\\\/pt\\\/#organization\"},\"image\":{\"@id\":\"https:\\\/\\\/jornaldasoficinas.com\\\/pt\\\/el-recambiazo-impulsiona-vendas\\\/#primaryimage\"},\"thumbnailUrl\":\"https:\\\/\\\/jornaldasoficinas.com\\\/pt\\\/wp-content\\\/uploads\\\/2020\\\/06\\\/El-Recambiazo.jpg\",\"keywords\":[\"ASER\"],\"articleSection\":[\"Empresas\"],\"inLanguage\":\"pt-PT\"},{\"@type\":\"WebPage\",\"@id\":\"https:\\\/\\\/jornaldasoficinas.com\\\/pt\\\/el-recambiazo-impulsiona-vendas\\\/\",\"url\":\"https:\\\/\\\/jornaldasoficinas.com\\\/pt\\\/el-recambiazo-impulsiona-vendas\\\/\",\"name\":\"El Recambiazo impulsiona vendas - Jornal das Oficinas\",\"isPartOf\":{\"@id\":\"https:\\\/\\\/jornaldasoficinas.com\\\/pt\\\/#website\"},\"primaryImageOfPage\":{\"@id\":\"https:\\\/\\\/jornaldasoficinas.com\\\/pt\\\/el-recambiazo-impulsiona-vendas\\\/#primaryimage\"},\"image\":{\"@id\":\"https:\\\/\\\/jornaldasoficinas.com\\\/pt\\\/el-recambiazo-impulsiona-vendas\\\/#primaryimage\"},\"thumbnailUrl\":\"https:\\\/\\\/jornaldasoficinas.com\\\/pt\\\/wp-content\\\/uploads\\\/2020\\\/06\\\/El-Recambiazo.jpg\",\"datePublished\":\"2020-06-26T13:00:59+00:00\",\"breadcrumb\":{\"@id\":\"https:\\\/\\\/jornaldasoficinas.com\\\/pt\\\/el-recambiazo-impulsiona-vendas\\\/#breadcrumb\"},\"inLanguage\":\"pt-PT\",\"potentialAction\":[{\"@type\":\"ReadAction\",\"target\":[\"https:\\\/\\\/jornaldasoficinas.com\\\/pt\\\/el-recambiazo-impulsiona-vendas\\\/\"]}]},{\"@type\":\"ImageObject\",\"inLanguage\":\"pt-PT\",\"@id\":\"https:\\\/\\\/jornaldasoficinas.com\\\/pt\\\/el-recambiazo-impulsiona-vendas\\\/#primaryimage\",\"url\":\"https:\\\/\\\/jornaldasoficinas.com\\\/pt\\\/wp-content\\\/uploads\\\/2020\\\/06\\\/El-Recambiazo.jpg\",\"contentUrl\":\"https:\\\/\\\/jornaldasoficinas.com\\\/pt\\\/wp-content\\\/uploads\\\/2020\\\/06\\\/El-Recambiazo.jpg\",\"width\":1024,\"height\":581,\"caption\":\"06 - El-Recambiazo\"},{\"@type\":\"BreadcrumbList\",\"@id\":\"https:\\\/\\\/jornaldasoficinas.com\\\/pt\\\/el-recambiazo-impulsiona-vendas\\\/#breadcrumb\",\"itemListElement\":[{\"@type\":\"ListItem\",\"position\":1,\"name\":\"In\u00edcio\",\"item\":\"https:\\\/\\\/jornaldasoficinas.com\\\/pt\\\/\"},{\"@type\":\"ListItem\",\"position\":2,\"name\":\"El Recambiazo impulsiona vendas\"}]},{\"@type\":\"WebSite\",\"@id\":\"https:\\\/\\\/jornaldasoficinas.com\\\/pt\\\/#website\",\"url\":\"https:\\\/\\\/jornaldasoficinas.com\\\/pt\\\/\",\"name\":\"Jornal das Oficinas\",\"description\":\"Jornal independente do Aftermarket Autom\u00f3vel em Portugal\",\"publisher\":{\"@id\":\"https:\\\/\\\/jornaldasoficinas.com\\\/pt\\\/#organization\"},\"potentialAction\":[{\"@type\":\"SearchAction\",\"target\":{\"@type\":\"EntryPoint\",\"urlTemplate\":\"https:\\\/\\\/jornaldasoficinas.com\\\/pt\\\/?s={search_term_string}\"},\"query-input\":{\"@type\":\"PropertyValueSpecification\",\"valueRequired\":true,\"valueName\":\"search_term_string\"}}],\"inLanguage\":\"pt-PT\"},{\"@type\":\"Organization\",\"@id\":\"https:\\\/\\\/jornaldasoficinas.com\\\/pt\\\/#organization\",\"name\":\"Jornal das Oficinas\",\"url\":\"https:\\\/\\\/jornaldasoficinas.com\\\/pt\\\/\",\"logo\":{\"@type\":\"ImageObject\",\"inLanguage\":\"pt-PT\",\"@id\":\"https:\\\/\\\/jornaldasoficinas.com\\\/pt\\\/#\\\/schema\\\/logo\\\/image\\\/\",\"url\":\"https:\\\/\\\/jornaldasoficinas.com\\\/pt\\\/wp-content\\\/uploads\\\/logoJO-SEO.png\",\"contentUrl\":\"https:\\\/\\\/jornaldasoficinas.com\\\/pt\\\/wp-content\\\/uploads\\\/logoJO-SEO.png\",\"width\":285,\"height\":450,\"caption\":\"Jornal das Oficinas\"},\"image\":{\"@id\":\"https:\\\/\\\/jornaldasoficinas.com\\\/pt\\\/#\\\/schema\\\/logo\\\/image\\\/\"},\"sameAs\":[\"https:\\\/\\\/www.facebook.com\\\/jornaloficinas\",\"https:\\\/\\\/x.com\\\/jornaloficinas\",\"https:\\\/\\\/www.instagram.com\\\/jornal_oficinas\\\/\",\"https:\\\/\\\/www.linkedin.com\\\/company\\\/jornal-das-oficinas\\\/\",\"https:\\\/\\\/www.youtube.com\\\/channel\\\/UCbQZBqtcvV-oSQrr7RzINGg\"]},{\"@type\":\"Person\",\"@id\":\"https:\\\/\\\/jornaldasoficinas.com\\\/pt\\\/#\\\/schema\\\/person\\\/a38eef5de2c41d9e7c9ac10141afddf3\",\"name\":\"Reda\u00e7\u00e3o JO\",\"image\":{\"@type\":\"ImageObject\",\"inLanguage\":\"pt-PT\",\"@id\":\"https:\\\/\\\/secure.gravatar.com\\\/avatar\\\/71f2fa71737ad68a84fea94bc708ddac8ea5b0c4788dc2ad202f3ccb2887742f?s=96&d=wp_user_avatar&r=g\",\"url\":\"https:\\\/\\\/secure.gravatar.com\\\/avatar\\\/71f2fa71737ad68a84fea94bc708ddac8ea5b0c4788dc2ad202f3ccb2887742f?s=96&d=wp_user_avatar&r=g\",\"contentUrl\":\"https:\\\/\\\/secure.gravatar.com\\\/avatar\\\/71f2fa71737ad68a84fea94bc708ddac8ea5b0c4788dc2ad202f3ccb2887742f?s=96&d=wp_user_avatar&r=g\",\"caption\":\"Reda\u00e7\u00e3o JO\"},\"url\":\"https:\\\/\\\/jornaldasoficinas.com\\\/pt\\\/author\\\/joredacao\\\/\"}]}<\/script>\n<!-- \/ Yoast SEO plugin. -->","yoast_head_json":{"title":"El Recambiazo impulsiona vendas - Jornal das Oficinas","robots":{"index":"index","follow":"follow","max-snippet":"max-snippet:-1","max-image-preview":"max-image-preview:large","max-video-preview":"max-video-preview:-1"},"canonical":"https:\/\/jornaldasoficinas.com\/pt\/el-recambiazo-impulsiona-vendas\/","og_locale":"pt_PT","og_type":"article","og_title":"El Recambiazo impulsiona vendas - Jornal das Oficinas","og_description":"Este ano, a situa\u00e7\u00e3o criada pelo...","og_url":"https:\/\/jornaldasoficinas.com\/pt\/el-recambiazo-impulsiona-vendas\/","og_site_name":"Jornal das Oficinas","article_publisher":"https:\/\/www.facebook.com\/jornaloficinas","article_published_time":"2020-06-26T13:00:59+00:00","og_image":[{"width":1024,"height":581,"url":"https:\/\/jornaldasoficinas.com\/pt\/wp-content\/uploads\/2020\/06\/El-Recambiazo.jpg","type":"image\/jpeg"}],"author":"Reda\u00e7\u00e3o JO","twitter_card":"summary_large_image","twitter_creator":"@jornaloficinas","twitter_site":"@jornaloficinas","twitter_misc":{"Escrito por":"Reda\u00e7\u00e3o JO","Tempo estimado de leitura":"3 minutos"},"schema":{"@context":"https:\/\/schema.org","@graph":[{"@type":"Article","@id":"https:\/\/jornaldasoficinas.com\/pt\/el-recambiazo-impulsiona-vendas\/#article","isPartOf":{"@id":"https:\/\/jornaldasoficinas.com\/pt\/el-recambiazo-impulsiona-vendas\/"},"author":{"name":"Reda\u00e7\u00e3o JO","@id":"https:\/\/jornaldasoficinas.com\/pt\/#\/schema\/person\/a38eef5de2c41d9e7c9ac10141afddf3"},"headline":"El Recambiazo impulsiona vendas","datePublished":"2020-06-26T13:00:59+00:00","mainEntityOfPage":{"@id":"https:\/\/jornaldasoficinas.com\/pt\/el-recambiazo-impulsiona-vendas\/"},"wordCount":550,"publisher":{"@id":"https:\/\/jornaldasoficinas.com\/pt\/#organization"},"image":{"@id":"https:\/\/jornaldasoficinas.com\/pt\/el-recambiazo-impulsiona-vendas\/#primaryimage"},"thumbnailUrl":"https:\/\/jornaldasoficinas.com\/pt\/wp-content\/uploads\/2020\/06\/El-Recambiazo.jpg","keywords":["ASER"],"articleSection":["Empresas"],"inLanguage":"pt-PT"},{"@type":"WebPage","@id":"https:\/\/jornaldasoficinas.com\/pt\/el-recambiazo-impulsiona-vendas\/","url":"https:\/\/jornaldasoficinas.com\/pt\/el-recambiazo-impulsiona-vendas\/","name":"El Recambiazo impulsiona vendas - Jornal das Oficinas","isPartOf":{"@id":"https:\/\/jornaldasoficinas.com\/pt\/#website"},"primaryImageOfPage":{"@id":"https:\/\/jornaldasoficinas.com\/pt\/el-recambiazo-impulsiona-vendas\/#primaryimage"},"image":{"@id":"https:\/\/jornaldasoficinas.com\/pt\/el-recambiazo-impulsiona-vendas\/#primaryimage"},"thumbnailUrl":"https:\/\/jornaldasoficinas.com\/pt\/wp-content\/uploads\/2020\/06\/El-Recambiazo.jpg","datePublished":"2020-06-26T13:00:59+00:00","breadcrumb":{"@id":"https:\/\/jornaldasoficinas.com\/pt\/el-recambiazo-impulsiona-vendas\/#breadcrumb"},"inLanguage":"pt-PT","potentialAction":[{"@type":"ReadAction","target":["https:\/\/jornaldasoficinas.com\/pt\/el-recambiazo-impulsiona-vendas\/"]}]},{"@type":"ImageObject","inLanguage":"pt-PT","@id":"https:\/\/jornaldasoficinas.com\/pt\/el-recambiazo-impulsiona-vendas\/#primaryimage","url":"https:\/\/jornaldasoficinas.com\/pt\/wp-content\/uploads\/2020\/06\/El-Recambiazo.jpg","contentUrl":"https:\/\/jornaldasoficinas.com\/pt\/wp-content\/uploads\/2020\/06\/El-Recambiazo.jpg","width":1024,"height":581,"caption":"06 - El-Recambiazo"},{"@type":"BreadcrumbList","@id":"https:\/\/jornaldasoficinas.com\/pt\/el-recambiazo-impulsiona-vendas\/#breadcrumb","itemListElement":[{"@type":"ListItem","position":1,"name":"In\u00edcio","item":"https:\/\/jornaldasoficinas.com\/pt\/"},{"@type":"ListItem","position":2,"name":"El Recambiazo impulsiona vendas"}]},{"@type":"WebSite","@id":"https:\/\/jornaldasoficinas.com\/pt\/#website","url":"https:\/\/jornaldasoficinas.com\/pt\/","name":"Jornal das Oficinas","description":"Jornal independente do Aftermarket Autom\u00f3vel em Portugal","publisher":{"@id":"https:\/\/jornaldasoficinas.com\/pt\/#organization"},"potentialAction":[{"@type":"SearchAction","target":{"@type":"EntryPoint","urlTemplate":"https:\/\/jornaldasoficinas.com\/pt\/?s={search_term_string}"},"query-input":{"@type":"PropertyValueSpecification","valueRequired":true,"valueName":"search_term_string"}}],"inLanguage":"pt-PT"},{"@type":"Organization","@id":"https:\/\/jornaldasoficinas.com\/pt\/#organization","name":"Jornal das Oficinas","url":"https:\/\/jornaldasoficinas.com\/pt\/","logo":{"@type":"ImageObject","inLanguage":"pt-PT","@id":"https:\/\/jornaldasoficinas.com\/pt\/#\/schema\/logo\/image\/","url":"https:\/\/jornaldasoficinas.com\/pt\/wp-content\/uploads\/logoJO-SEO.png","contentUrl":"https:\/\/jornaldasoficinas.com\/pt\/wp-content\/uploads\/logoJO-SEO.png","width":285,"height":450,"caption":"Jornal das Oficinas"},"image":{"@id":"https:\/\/jornaldasoficinas.com\/pt\/#\/schema\/logo\/image\/"},"sameAs":["https:\/\/www.facebook.com\/jornaloficinas","https:\/\/x.com\/jornaloficinas","https:\/\/www.instagram.com\/jornal_oficinas\/","https:\/\/www.linkedin.com\/company\/jornal-das-oficinas\/","https:\/\/www.youtube.com\/channel\/UCbQZBqtcvV-oSQrr7RzINGg"]},{"@type":"Person","@id":"https:\/\/jornaldasoficinas.com\/pt\/#\/schema\/person\/a38eef5de2c41d9e7c9ac10141afddf3","name":"Reda\u00e7\u00e3o JO","image":{"@type":"ImageObject","inLanguage":"pt-PT","@id":"https:\/\/secure.gravatar.com\/avatar\/71f2fa71737ad68a84fea94bc708ddac8ea5b0c4788dc2ad202f3ccb2887742f?s=96&d=wp_user_avatar&r=g","url":"https:\/\/secure.gravatar.com\/avatar\/71f2fa71737ad68a84fea94bc708ddac8ea5b0c4788dc2ad202f3ccb2887742f?s=96&d=wp_user_avatar&r=g","contentUrl":"https:\/\/secure.gravatar.com\/avatar\/71f2fa71737ad68a84fea94bc708ddac8ea5b0c4788dc2ad202f3ccb2887742f?s=96&d=wp_user_avatar&r=g","caption":"Reda\u00e7\u00e3o JO"},"url":"https:\/\/jornaldasoficinas.com\/pt\/author\/joredacao\/"}]}},"_links":{"self":[{"href":"https:\/\/jornaldasoficinas.com\/pt\/wp-json\/wp\/v2\/posts\/14099","targetHints":{"allow":["GET"]}}],"collection":[{"href":"https:\/\/jornaldasoficinas.com\/pt\/wp-json\/wp\/v2\/posts"}],"about":[{"href":"https:\/\/jornaldasoficinas.com\/pt\/wp-json\/wp\/v2\/types\/post"}],"author":[{"embeddable":true,"href":"https:\/\/jornaldasoficinas.com\/pt\/wp-json\/wp\/v2\/users\/15"}],"replies":[{"embeddable":true,"href":"https:\/\/jornaldasoficinas.com\/pt\/wp-json\/wp\/v2\/comments?post=14099"}],"version-history":[{"count":0,"href":"https:\/\/jornaldasoficinas.com\/pt\/wp-json\/wp\/v2\/posts\/14099\/revisions"}],"wp:featuredmedia":[{"embeddable":true,"href":"https:\/\/jornaldasoficinas.com\/pt\/wp-json\/wp\/v2\/media\/14077"}],"wp:attachment":[{"href":"https:\/\/jornaldasoficinas.com\/pt\/wp-json\/wp\/v2\/media?parent=14099"}],"wp:term":[{"taxonomy":"category","embeddable":true,"href":"https:\/\/jornaldasoficinas.com\/pt\/wp-json\/wp\/v2\/categories?post=14099"},{"taxonomy":"post_tag","embeddable":true,"href":"https:\/\/jornaldasoficinas.com\/pt\/wp-json\/wp\/v2\/tags?post=14099"}],"curies":[{"name":"wp","href":"https:\/\/api.w.org\/{rel}","templated":true}]}}