{"id":14261,"date":"2020-07-06T08:00:09","date_gmt":"2020-07-06T07:00:09","guid":{"rendered":"https:\/\/jornaldasoficinas.com\/pt\/?p=14261"},"modified":"2020-07-03T10:32:44","modified_gmt":"2020-07-03T09:32:44","slug":"uber-vai-aceitar-apenas-veiculos-eletricos","status":"publish","type":"post","link":"https:\/\/jornaldasoficinas.com\/pt\/uber-vai-aceitar-apenas-veiculos-eletricos\/","title":{"rendered":"Uber vai aceitar apenas ve\u00edculos el\u00e9tricos"},"content":{"rendered":"<p><img loading=\"lazy\" decoding=\"async\" class=\"alignnone wp-image-14246 size-full\" src=\"https:\/\/jornaldasoficinas.com\/pt\/wp-content\/uploads\/2020\/07\/Uber-vai-aceitar.jpg\" alt=\"07 - Uber-vai-aceitar\" width=\"1024\" height=\"581\" srcset=\"https:\/\/jornaldasoficinas.com\/pt\/wp-content\/uploads\/2020\/07\/Uber-vai-aceitar.jpg 1024w, https:\/\/jornaldasoficinas.com\/pt\/wp-content\/uploads\/2020\/07\/Uber-vai-aceitar-300x170.jpg 300w, https:\/\/jornaldasoficinas.com\/pt\/wp-content\/uploads\/2020\/07\/Uber-vai-aceitar-150x85.jpg 150w, https:\/\/jornaldasoficinas.com\/pt\/wp-content\/uploads\/2020\/07\/Uber-vai-aceitar-768x436.jpg 768w\" sizes=\"auto, (max-width: 1024px) 100vw, 1024px\" \/><\/p>\n<p><strong>A Uber anunciou o compromisso de aceitar apenas ve\u00edculos el\u00e9tricos na plataforma nas maiores cidades do pa\u00eds, a partir de 16 de julho. A regra \u00e9 aplic\u00e1vel a novos ve\u00edculos nas \u00e1reas metropolitanas de Lisboa e do Porto, distritos de Braga e de Faro relativamente ao principal servi\u00e7o UberX, bem como ao Comfort.<\/strong><\/p>\n<p>Os parceiros v\u00e3o poder continuar a adicionar ve\u00edculos n\u00e3o el\u00e9tricos no caso de substitui\u00e7\u00e3o de um ve\u00edculo j\u00e1 registado na plataforma ou para os servi\u00e7os Uber Black ou UberXL.<\/p>\n<p>\u201cQueremos continuar a contribuir para o desenvolvimento e adop\u00e7\u00e3o da mobilidade el\u00e9trica em Portugal, como temos feito desde que aqui lan\u00e7\u00e1mos o primeiro produto 100% el\u00e9ctrico da Uber, em estreia mundial, em 2016. A electrifica\u00e7\u00e3o do sector dos transportes tem ainda obst\u00e1culos estruturais pela frente como o desenvolvimento da infraestrutura de carregamento, ou a oferta acess\u00edvel de ve\u00edculos el\u00e9ctricos, pelo que esta transi\u00e7\u00e3o ter\u00e1 sempre de ser gradual.<\/p>\n<p>A forma como a Uber encara este desafio \u00e9 ambiciosa mas realista: sabemos o que temos pela frente mas esperamos que iniciativas como esta possam ajudar a mobilizar parceiros privados e autoridades p\u00fablicas e que este esfor\u00e7o, que tem de ser conjunto, possa fazer a diferen\u00e7a. Queremos estar neste novo normal com condi\u00e7\u00f5es melhores do que quando entr\u00e1mos e a mobilidade el\u00e9ctrica \u00e9 um dos pilares dessa estrat\u00e9gia.\u201d, refere Manuel Pina, Diretor Geral da Uber em Portugal.<\/p>\n<p>Em junho, a ZERO &#8211; Associa\u00e7\u00e3o de Sistema Terrestre Sustent\u00e1vel e o cons\u00f3rcio internacional Transport &amp; Environment (T&amp;E), publicaram um relat\u00f3rio onde estimam\u00a0que o custo total de propriedade de um carro el\u00e9trico em Lisboa, Madrid e Paris pode j\u00e1 ser mais baixo que o de um autom\u00f3vel a diesel\/gasolina.<\/p>\n<p>No entanto, este relat\u00f3rio identifica tamb\u00e9m importantes barreiras a uma adop\u00e7\u00e3o generalizada da mobilidade el\u00e9ctrica, especialmente para frotas comerciais, que exigir\u00e3o um esfor\u00e7o concertado do sector da mobilidade para serem ultrapassadas.<\/p>\n<p>Estas barreiras come\u00e7am pela necessidade de uma melhoria de infraestrutura de carregamento r\u00e1pido nas cidades, mas passam tamb\u00e9m pela disponibilidade de ve\u00edculos el\u00e9tricos compat\u00edveis com as necessidades destes servi\u00e7os, pelo desenvolvimento de pol\u00edticas urbanas que incentivem uma transi\u00e7\u00e3o ao longo da pr\u00f3xima d\u00e9cada, e at\u00e9 pela adapta\u00e7\u00e3o dos incentivos dispon\u00edveis para operadores que queiram optar por esta via. Este relat\u00f3rio destaca tamb\u00e9m como melhor pr\u00e1tica europeia a parceria da Uber com a PowerDot para reduzir os custos totais de propriedade de ve\u00edculos el\u00e9ctricos e incentivar o desenvolvimento desta infraestrutura.<\/p>\n<p>Em setembro de 2019, a Uber anunciou a parceria com a PowerDot, na qual os motoristas da Uber t\u00eam acesso exclusivo aos hubs de carregamento el\u00e9trico a pre\u00e7os competitivos. Durante o m\u00eas de julho a PowerDot vai expandir a sua rede de hubs de energia com 2 novos lan\u00e7amentos em parceria com a Uber: 1 em Lisboa (Entrecampos) e 1 no Porto (Bessa), perfazendo um total de 6 hubs de energia em todo o pa\u00eds, com 14 pontos de carregamento que v\u00e3o permitir mais de 1000 carregamentos di\u00e1rios dos motoristas parceiros da Uber.<\/p>\n<p>O Uber Green foi a primeira primeira op\u00e7\u00e3o de viagem on-demand 100% el\u00e9trica da Uber lan\u00e7ada em Portugal em 2016. Em Portugal, a Uber estima que os ve\u00edculos el\u00e9ctricos dispon\u00edveis na aplica\u00e7\u00e3o j\u00e1 poupam 40 toneladas de emiss\u00f5es CO2 semanalmente, 2080 toneladas anualmente.<\/p>\n<p>Desde a chegada da Uber a Portugal j\u00e1 foram realizados mais de 3 milh\u00f5es de downloads da aplica\u00e7\u00e3o.<\/p>\n","protected":false},"excerpt":{"rendered":"<p>A Uber anunciou o compromisso de&#8230;<\/p>\n","protected":false},"author":15,"featured_media":14246,"comment_status":"closed","ping_status":"closed","sticky":false,"template":"","format":"standard","meta":{"footnotes":""},"categories":[37],"tags":[931],"class_list":["post-14261","post","type-post","status-publish","format-standard","has-post-thumbnail","hentry","category-mercado","tag-uber"],"yoast_head":"<!-- This site is optimized with the Yoast SEO plugin v27.4 - https:\/\/yoast.com\/product\/yoast-seo-wordpress\/ -->\n<title>Uber vai aceitar apenas ve\u00edculos el\u00e9tricos - Jornal das Oficinas<\/title>\n<meta name=\"robots\" content=\"index, follow, max-snippet:-1, max-image-preview:large, max-video-preview:-1\" \/>\n<link rel=\"canonical\" href=\"https:\/\/jornaldasoficinas.com\/pt\/uber-vai-aceitar-apenas-veiculos-eletricos\/\" \/>\n<meta property=\"og:locale\" content=\"pt_PT\" \/>\n<meta property=\"og:type\" content=\"article\" \/>\n<meta property=\"og:title\" content=\"Uber vai aceitar apenas ve\u00edculos el\u00e9tricos - Jornal das Oficinas\" \/>\n<meta property=\"og:description\" content=\"A Uber anunciou o compromisso de...\" \/>\n<meta property=\"og:url\" content=\"https:\/\/jornaldasoficinas.com\/pt\/uber-vai-aceitar-apenas-veiculos-eletricos\/\" \/>\n<meta property=\"og:site_name\" content=\"Jornal das Oficinas\" \/>\n<meta property=\"article:publisher\" content=\"https:\/\/www.facebook.com\/jornaloficinas\" \/>\n<meta property=\"article:published_time\" content=\"2020-07-06T07:00:09+00:00\" \/>\n<meta property=\"og:image\" content=\"https:\/\/jornaldasoficinas.com\/pt\/wp-content\/uploads\/2020\/07\/Uber-vai-aceitar.jpg\" \/>\n\t<meta property=\"og:image:width\" content=\"1024\" \/>\n\t<meta property=\"og:image:height\" content=\"581\" \/>\n\t<meta property=\"og:image:type\" content=\"image\/jpeg\" \/>\n<meta name=\"author\" content=\"Reda\u00e7\u00e3o JO\" \/>\n<meta name=\"twitter:card\" content=\"summary_large_image\" \/>\n<meta name=\"twitter:creator\" content=\"@jornaloficinas\" \/>\n<meta name=\"twitter:site\" content=\"@jornaloficinas\" \/>\n<meta name=\"twitter:label1\" content=\"Escrito por\" \/>\n\t<meta name=\"twitter:data1\" content=\"Reda\u00e7\u00e3o JO\" \/>\n\t<meta name=\"twitter:label2\" content=\"Tempo estimado de leitura\" \/>\n\t<meta name=\"twitter:data2\" content=\"3 minutos\" \/>\n<script type=\"application\/ld+json\" class=\"yoast-schema-graph\">{\"@context\":\"https:\\\/\\\/schema.org\",\"@graph\":[{\"@type\":\"Article\",\"@id\":\"https:\\\/\\\/jornaldasoficinas.com\\\/pt\\\/uber-vai-aceitar-apenas-veiculos-eletricos\\\/#article\",\"isPartOf\":{\"@id\":\"https:\\\/\\\/jornaldasoficinas.com\\\/pt\\\/uber-vai-aceitar-apenas-veiculos-eletricos\\\/\"},\"author\":{\"name\":\"Reda\u00e7\u00e3o JO\",\"@id\":\"https:\\\/\\\/jornaldasoficinas.com\\\/pt\\\/#\\\/schema\\\/person\\\/a38eef5de2c41d9e7c9ac10141afddf3\"},\"headline\":\"Uber vai aceitar apenas ve\u00edculos el\u00e9tricos\",\"datePublished\":\"2020-07-06T07:00:09+00:00\",\"mainEntityOfPage\":{\"@id\":\"https:\\\/\\\/jornaldasoficinas.com\\\/pt\\\/uber-vai-aceitar-apenas-veiculos-eletricos\\\/\"},\"wordCount\":622,\"publisher\":{\"@id\":\"https:\\\/\\\/jornaldasoficinas.com\\\/pt\\\/#organization\"},\"image\":{\"@id\":\"https:\\\/\\\/jornaldasoficinas.com\\\/pt\\\/uber-vai-aceitar-apenas-veiculos-eletricos\\\/#primaryimage\"},\"thumbnailUrl\":\"https:\\\/\\\/jornaldasoficinas.com\\\/pt\\\/wp-content\\\/uploads\\\/2020\\\/07\\\/Uber-vai-aceitar.jpg\",\"keywords\":[\"Uber\"],\"articleSection\":[\"Mercado\"],\"inLanguage\":\"pt-PT\"},{\"@type\":\"WebPage\",\"@id\":\"https:\\\/\\\/jornaldasoficinas.com\\\/pt\\\/uber-vai-aceitar-apenas-veiculos-eletricos\\\/\",\"url\":\"https:\\\/\\\/jornaldasoficinas.com\\\/pt\\\/uber-vai-aceitar-apenas-veiculos-eletricos\\\/\",\"name\":\"Uber vai aceitar apenas ve\u00edculos el\u00e9tricos - Jornal das Oficinas\",\"isPartOf\":{\"@id\":\"https:\\\/\\\/jornaldasoficinas.com\\\/pt\\\/#website\"},\"primaryImageOfPage\":{\"@id\":\"https:\\\/\\\/jornaldasoficinas.com\\\/pt\\\/uber-vai-aceitar-apenas-veiculos-eletricos\\\/#primaryimage\"},\"image\":{\"@id\":\"https:\\\/\\\/jornaldasoficinas.com\\\/pt\\\/uber-vai-aceitar-apenas-veiculos-eletricos\\\/#primaryimage\"},\"thumbnailUrl\":\"https:\\\/\\\/jornaldasoficinas.com\\\/pt\\\/wp-content\\\/uploads\\\/2020\\\/07\\\/Uber-vai-aceitar.jpg\",\"datePublished\":\"2020-07-06T07:00:09+00:00\",\"breadcrumb\":{\"@id\":\"https:\\\/\\\/jornaldasoficinas.com\\\/pt\\\/uber-vai-aceitar-apenas-veiculos-eletricos\\\/#breadcrumb\"},\"inLanguage\":\"pt-PT\",\"potentialAction\":[{\"@type\":\"ReadAction\",\"target\":[\"https:\\\/\\\/jornaldasoficinas.com\\\/pt\\\/uber-vai-aceitar-apenas-veiculos-eletricos\\\/\"]}]},{\"@type\":\"ImageObject\",\"inLanguage\":\"pt-PT\",\"@id\":\"https:\\\/\\\/jornaldasoficinas.com\\\/pt\\\/uber-vai-aceitar-apenas-veiculos-eletricos\\\/#primaryimage\",\"url\":\"https:\\\/\\\/jornaldasoficinas.com\\\/pt\\\/wp-content\\\/uploads\\\/2020\\\/07\\\/Uber-vai-aceitar.jpg\",\"contentUrl\":\"https:\\\/\\\/jornaldasoficinas.com\\\/pt\\\/wp-content\\\/uploads\\\/2020\\\/07\\\/Uber-vai-aceitar.jpg\",\"width\":1024,\"height\":581,\"caption\":\"07 - Uber-vai-aceitar\"},{\"@type\":\"BreadcrumbList\",\"@id\":\"https:\\\/\\\/jornaldasoficinas.com\\\/pt\\\/uber-vai-aceitar-apenas-veiculos-eletricos\\\/#breadcrumb\",\"itemListElement\":[{\"@type\":\"ListItem\",\"position\":1,\"name\":\"In\u00edcio\",\"item\":\"https:\\\/\\\/jornaldasoficinas.com\\\/pt\\\/\"},{\"@type\":\"ListItem\",\"position\":2,\"name\":\"Uber vai aceitar apenas ve\u00edculos el\u00e9tricos\"}]},{\"@type\":\"WebSite\",\"@id\":\"https:\\\/\\\/jornaldasoficinas.com\\\/pt\\\/#website\",\"url\":\"https:\\\/\\\/jornaldasoficinas.com\\\/pt\\\/\",\"name\":\"Jornal das Oficinas\",\"description\":\"Jornal independente do Aftermarket Autom\u00f3vel em Portugal\",\"publisher\":{\"@id\":\"https:\\\/\\\/jornaldasoficinas.com\\\/pt\\\/#organization\"},\"potentialAction\":[{\"@type\":\"SearchAction\",\"target\":{\"@type\":\"EntryPoint\",\"urlTemplate\":\"https:\\\/\\\/jornaldasoficinas.com\\\/pt\\\/?s={search_term_string}\"},\"query-input\":{\"@type\":\"PropertyValueSpecification\",\"valueRequired\":true,\"valueName\":\"search_term_string\"}}],\"inLanguage\":\"pt-PT\"},{\"@type\":\"Organization\",\"@id\":\"https:\\\/\\\/jornaldasoficinas.com\\\/pt\\\/#organization\",\"name\":\"Jornal das Oficinas\",\"url\":\"https:\\\/\\\/jornaldasoficinas.com\\\/pt\\\/\",\"logo\":{\"@type\":\"ImageObject\",\"inLanguage\":\"pt-PT\",\"@id\":\"https:\\\/\\\/jornaldasoficinas.com\\\/pt\\\/#\\\/schema\\\/logo\\\/image\\\/\",\"url\":\"https:\\\/\\\/jornaldasoficinas.com\\\/pt\\\/wp-content\\\/uploads\\\/logoJO-SEO.png\",\"contentUrl\":\"https:\\\/\\\/jornaldasoficinas.com\\\/pt\\\/wp-content\\\/uploads\\\/logoJO-SEO.png\",\"width\":285,\"height\":450,\"caption\":\"Jornal das Oficinas\"},\"image\":{\"@id\":\"https:\\\/\\\/jornaldasoficinas.com\\\/pt\\\/#\\\/schema\\\/logo\\\/image\\\/\"},\"sameAs\":[\"https:\\\/\\\/www.facebook.com\\\/jornaloficinas\",\"https:\\\/\\\/x.com\\\/jornaloficinas\",\"https:\\\/\\\/www.instagram.com\\\/jornal_oficinas\\\/\",\"https:\\\/\\\/www.linkedin.com\\\/company\\\/jornal-das-oficinas\\\/\",\"https:\\\/\\\/www.youtube.com\\\/channel\\\/UCbQZBqtcvV-oSQrr7RzINGg\"]},{\"@type\":\"Person\",\"@id\":\"https:\\\/\\\/jornaldasoficinas.com\\\/pt\\\/#\\\/schema\\\/person\\\/a38eef5de2c41d9e7c9ac10141afddf3\",\"name\":\"Reda\u00e7\u00e3o JO\",\"image\":{\"@type\":\"ImageObject\",\"inLanguage\":\"pt-PT\",\"@id\":\"https:\\\/\\\/secure.gravatar.com\\\/avatar\\\/71f2fa71737ad68a84fea94bc708ddac8ea5b0c4788dc2ad202f3ccb2887742f?s=96&d=wp_user_avatar&r=g\",\"url\":\"https:\\\/\\\/secure.gravatar.com\\\/avatar\\\/71f2fa71737ad68a84fea94bc708ddac8ea5b0c4788dc2ad202f3ccb2887742f?s=96&d=wp_user_avatar&r=g\",\"contentUrl\":\"https:\\\/\\\/secure.gravatar.com\\\/avatar\\\/71f2fa71737ad68a84fea94bc708ddac8ea5b0c4788dc2ad202f3ccb2887742f?s=96&d=wp_user_avatar&r=g\",\"caption\":\"Reda\u00e7\u00e3o JO\"},\"url\":\"https:\\\/\\\/jornaldasoficinas.com\\\/pt\\\/author\\\/joredacao\\\/\"}]}<\/script>\n<!-- \/ Yoast SEO plugin. -->","yoast_head_json":{"title":"Uber vai aceitar apenas ve\u00edculos el\u00e9tricos - Jornal das Oficinas","robots":{"index":"index","follow":"follow","max-snippet":"max-snippet:-1","max-image-preview":"max-image-preview:large","max-video-preview":"max-video-preview:-1"},"canonical":"https:\/\/jornaldasoficinas.com\/pt\/uber-vai-aceitar-apenas-veiculos-eletricos\/","og_locale":"pt_PT","og_type":"article","og_title":"Uber vai aceitar apenas ve\u00edculos el\u00e9tricos - Jornal das Oficinas","og_description":"A Uber anunciou o compromisso de...","og_url":"https:\/\/jornaldasoficinas.com\/pt\/uber-vai-aceitar-apenas-veiculos-eletricos\/","og_site_name":"Jornal das Oficinas","article_publisher":"https:\/\/www.facebook.com\/jornaloficinas","article_published_time":"2020-07-06T07:00:09+00:00","og_image":[{"width":1024,"height":581,"url":"https:\/\/jornaldasoficinas.com\/pt\/wp-content\/uploads\/2020\/07\/Uber-vai-aceitar.jpg","type":"image\/jpeg"}],"author":"Reda\u00e7\u00e3o JO","twitter_card":"summary_large_image","twitter_creator":"@jornaloficinas","twitter_site":"@jornaloficinas","twitter_misc":{"Escrito por":"Reda\u00e7\u00e3o JO","Tempo estimado de leitura":"3 minutos"},"schema":{"@context":"https:\/\/schema.org","@graph":[{"@type":"Article","@id":"https:\/\/jornaldasoficinas.com\/pt\/uber-vai-aceitar-apenas-veiculos-eletricos\/#article","isPartOf":{"@id":"https:\/\/jornaldasoficinas.com\/pt\/uber-vai-aceitar-apenas-veiculos-eletricos\/"},"author":{"name":"Reda\u00e7\u00e3o JO","@id":"https:\/\/jornaldasoficinas.com\/pt\/#\/schema\/person\/a38eef5de2c41d9e7c9ac10141afddf3"},"headline":"Uber vai aceitar apenas ve\u00edculos el\u00e9tricos","datePublished":"2020-07-06T07:00:09+00:00","mainEntityOfPage":{"@id":"https:\/\/jornaldasoficinas.com\/pt\/uber-vai-aceitar-apenas-veiculos-eletricos\/"},"wordCount":622,"publisher":{"@id":"https:\/\/jornaldasoficinas.com\/pt\/#organization"},"image":{"@id":"https:\/\/jornaldasoficinas.com\/pt\/uber-vai-aceitar-apenas-veiculos-eletricos\/#primaryimage"},"thumbnailUrl":"https:\/\/jornaldasoficinas.com\/pt\/wp-content\/uploads\/2020\/07\/Uber-vai-aceitar.jpg","keywords":["Uber"],"articleSection":["Mercado"],"inLanguage":"pt-PT"},{"@type":"WebPage","@id":"https:\/\/jornaldasoficinas.com\/pt\/uber-vai-aceitar-apenas-veiculos-eletricos\/","url":"https:\/\/jornaldasoficinas.com\/pt\/uber-vai-aceitar-apenas-veiculos-eletricos\/","name":"Uber vai aceitar apenas ve\u00edculos el\u00e9tricos - Jornal das Oficinas","isPartOf":{"@id":"https:\/\/jornaldasoficinas.com\/pt\/#website"},"primaryImageOfPage":{"@id":"https:\/\/jornaldasoficinas.com\/pt\/uber-vai-aceitar-apenas-veiculos-eletricos\/#primaryimage"},"image":{"@id":"https:\/\/jornaldasoficinas.com\/pt\/uber-vai-aceitar-apenas-veiculos-eletricos\/#primaryimage"},"thumbnailUrl":"https:\/\/jornaldasoficinas.com\/pt\/wp-content\/uploads\/2020\/07\/Uber-vai-aceitar.jpg","datePublished":"2020-07-06T07:00:09+00:00","breadcrumb":{"@id":"https:\/\/jornaldasoficinas.com\/pt\/uber-vai-aceitar-apenas-veiculos-eletricos\/#breadcrumb"},"inLanguage":"pt-PT","potentialAction":[{"@type":"ReadAction","target":["https:\/\/jornaldasoficinas.com\/pt\/uber-vai-aceitar-apenas-veiculos-eletricos\/"]}]},{"@type":"ImageObject","inLanguage":"pt-PT","@id":"https:\/\/jornaldasoficinas.com\/pt\/uber-vai-aceitar-apenas-veiculos-eletricos\/#primaryimage","url":"https:\/\/jornaldasoficinas.com\/pt\/wp-content\/uploads\/2020\/07\/Uber-vai-aceitar.jpg","contentUrl":"https:\/\/jornaldasoficinas.com\/pt\/wp-content\/uploads\/2020\/07\/Uber-vai-aceitar.jpg","width":1024,"height":581,"caption":"07 - Uber-vai-aceitar"},{"@type":"BreadcrumbList","@id":"https:\/\/jornaldasoficinas.com\/pt\/uber-vai-aceitar-apenas-veiculos-eletricos\/#breadcrumb","itemListElement":[{"@type":"ListItem","position":1,"name":"In\u00edcio","item":"https:\/\/jornaldasoficinas.com\/pt\/"},{"@type":"ListItem","position":2,"name":"Uber vai aceitar apenas ve\u00edculos el\u00e9tricos"}]},{"@type":"WebSite","@id":"https:\/\/jornaldasoficinas.com\/pt\/#website","url":"https:\/\/jornaldasoficinas.com\/pt\/","name":"Jornal das Oficinas","description":"Jornal independente do Aftermarket Autom\u00f3vel em Portugal","publisher":{"@id":"https:\/\/jornaldasoficinas.com\/pt\/#organization"},"potentialAction":[{"@type":"SearchAction","target":{"@type":"EntryPoint","urlTemplate":"https:\/\/jornaldasoficinas.com\/pt\/?s={search_term_string}"},"query-input":{"@type":"PropertyValueSpecification","valueRequired":true,"valueName":"search_term_string"}}],"inLanguage":"pt-PT"},{"@type":"Organization","@id":"https:\/\/jornaldasoficinas.com\/pt\/#organization","name":"Jornal das Oficinas","url":"https:\/\/jornaldasoficinas.com\/pt\/","logo":{"@type":"ImageObject","inLanguage":"pt-PT","@id":"https:\/\/jornaldasoficinas.com\/pt\/#\/schema\/logo\/image\/","url":"https:\/\/jornaldasoficinas.com\/pt\/wp-content\/uploads\/logoJO-SEO.png","contentUrl":"https:\/\/jornaldasoficinas.com\/pt\/wp-content\/uploads\/logoJO-SEO.png","width":285,"height":450,"caption":"Jornal das Oficinas"},"image":{"@id":"https:\/\/jornaldasoficinas.com\/pt\/#\/schema\/logo\/image\/"},"sameAs":["https:\/\/www.facebook.com\/jornaloficinas","https:\/\/x.com\/jornaloficinas","https:\/\/www.instagram.com\/jornal_oficinas\/","https:\/\/www.linkedin.com\/company\/jornal-das-oficinas\/","https:\/\/www.youtube.com\/channel\/UCbQZBqtcvV-oSQrr7RzINGg"]},{"@type":"Person","@id":"https:\/\/jornaldasoficinas.com\/pt\/#\/schema\/person\/a38eef5de2c41d9e7c9ac10141afddf3","name":"Reda\u00e7\u00e3o JO","image":{"@type":"ImageObject","inLanguage":"pt-PT","@id":"https:\/\/secure.gravatar.com\/avatar\/71f2fa71737ad68a84fea94bc708ddac8ea5b0c4788dc2ad202f3ccb2887742f?s=96&d=wp_user_avatar&r=g","url":"https:\/\/secure.gravatar.com\/avatar\/71f2fa71737ad68a84fea94bc708ddac8ea5b0c4788dc2ad202f3ccb2887742f?s=96&d=wp_user_avatar&r=g","contentUrl":"https:\/\/secure.gravatar.com\/avatar\/71f2fa71737ad68a84fea94bc708ddac8ea5b0c4788dc2ad202f3ccb2887742f?s=96&d=wp_user_avatar&r=g","caption":"Reda\u00e7\u00e3o JO"},"url":"https:\/\/jornaldasoficinas.com\/pt\/author\/joredacao\/"}]}},"_links":{"self":[{"href":"https:\/\/jornaldasoficinas.com\/pt\/wp-json\/wp\/v2\/posts\/14261","targetHints":{"allow":["GET"]}}],"collection":[{"href":"https:\/\/jornaldasoficinas.com\/pt\/wp-json\/wp\/v2\/posts"}],"about":[{"href":"https:\/\/jornaldasoficinas.com\/pt\/wp-json\/wp\/v2\/types\/post"}],"author":[{"embeddable":true,"href":"https:\/\/jornaldasoficinas.com\/pt\/wp-json\/wp\/v2\/users\/15"}],"replies":[{"embeddable":true,"href":"https:\/\/jornaldasoficinas.com\/pt\/wp-json\/wp\/v2\/comments?post=14261"}],"version-history":[{"count":0,"href":"https:\/\/jornaldasoficinas.com\/pt\/wp-json\/wp\/v2\/posts\/14261\/revisions"}],"wp:featuredmedia":[{"embeddable":true,"href":"https:\/\/jornaldasoficinas.com\/pt\/wp-json\/wp\/v2\/media\/14246"}],"wp:attachment":[{"href":"https:\/\/jornaldasoficinas.com\/pt\/wp-json\/wp\/v2\/media?parent=14261"}],"wp:term":[{"taxonomy":"category","embeddable":true,"href":"https:\/\/jornaldasoficinas.com\/pt\/wp-json\/wp\/v2\/categories?post=14261"},{"taxonomy":"post_tag","embeddable":true,"href":"https:\/\/jornaldasoficinas.com\/pt\/wp-json\/wp\/v2\/tags?post=14261"}],"curies":[{"name":"wp","href":"https:\/\/api.w.org\/{rel}","templated":true}]}}