{"id":14861,"date":"2020-07-28T12:00:06","date_gmt":"2020-07-28T11:00:06","guid":{"rendered":"https:\/\/jornaldasoficinas.com\/pt\/?p=14861"},"modified":"2020-07-27T18:48:15","modified_gmt":"2020-07-27T17:48:15","slug":"klaus-patzak-nomeado-novo-cfo-da-schaeffler","status":"publish","type":"post","link":"https:\/\/jornaldasoficinas.com\/pt\/klaus-patzak-nomeado-novo-cfo-da-schaeffler\/","title":{"rendered":"Klaus Patzak nomeado novo CFO da Schaeffler"},"content":{"rendered":"<p><img loading=\"lazy\" decoding=\"async\" class=\"alignnone wp-image-14834 size-full\" src=\"https:\/\/jornaldasoficinas.com\/pt\/wp-content\/uploads\/2020\/07\/Klaus-Patzak.jpg\" alt=\"07 - Klaus-Patzak\" width=\"1024\" height=\"581\" srcset=\"https:\/\/jornaldasoficinas.com\/pt\/wp-content\/uploads\/2020\/07\/Klaus-Patzak.jpg 1024w, https:\/\/jornaldasoficinas.com\/pt\/wp-content\/uploads\/2020\/07\/Klaus-Patzak-300x170.jpg 300w, https:\/\/jornaldasoficinas.com\/pt\/wp-content\/uploads\/2020\/07\/Klaus-Patzak-150x85.jpg 150w, https:\/\/jornaldasoficinas.com\/pt\/wp-content\/uploads\/2020\/07\/Klaus-Patzak-768x436.jpg 768w\" sizes=\"auto, (max-width: 1024px) 100vw, 1024px\" \/><\/p>\n<p><strong>A Schaeffler, fornecedor global dos setores automotivo e industrial, anunciou que o Conselho de Supervis\u00e3o da Schaeffler AG nomeou o Dr. Klaus Patzak (55 anos) como membro do Comit\u00e9 Executivo da Schaeffler AG na sua reuni\u00e3o que decorreu no dia de hoje, com efeito a partir de 1 de agosto de 2020.<\/strong><\/p>\n<p>O Dr. Patzak assumir\u00e1 o cargo de CFO, que inclui a responsabilidade das fun\u00e7\u00f5es de finan\u00e7as e tecnologia da informa\u00e7\u00e3o, como sucessor de Dietmar Heinrich (56 anos), que segundo o acordado ir\u00e1 deixar a Schaeffler AG a 31 de julho de 2020, para abra\u00e7ar novos desafios na sua carreira profissional.<\/p>\n<p>Ap\u00f3s terminar os seus estudos e doutoramento em Munique, o Dr. Patzak iniciou a sua carreira profissional em 1993 no departamento financeiro da Siemens AG, onde mais recentemente exerceu fun\u00e7\u00f5es como Manager Partner respons\u00e1vel de empresas em carteira selecionadas (POC), como diretor-geral da Siemens Gas &amp; Power Management GmbH e como Chief Financial Officer (CFO) da nova divis\u00e3o de neg\u00f3cio da Siemens Gas and Power. Anteriormente, entre 2016 e 2018, foi membro do Conselho de Administra\u00e7\u00e3o e CFO da empresa Bilfinger SE.<\/p>\n<p>Entre 2011 a 2016 tinha desempenhado o mesmo cargo na Osram Light AG. Entre 2002 e 2011,\u00a0 desempenhou diversos cargos de dire\u00e7\u00e3o no segmento de finan\u00e7as corporativas da Siemens AG, onde foi respons\u00e1vel pelos departamentos de Auditoria Financeira e de Contabilidade e Relat\u00f3rios, assim como pelo departamento central de Relat\u00f3rios e Controlling. Entre 2000 e 2002 ocupou o cargo de diretor comercial da unidade de neg\u00f3cio de Comunica\u00e7\u00f5es por Cabo da Infineon AG. Antes deste per\u00edodo, foi respons\u00e1vel por v\u00e1rios cargos de dire\u00e7\u00e3o no departamento financeiro central da Siemens AG e passou dois anos a trabalhar para as filiais da Siemens nos Estados Unidos. O Dr. Patzak \u00e9 doutorado em administra\u00e7\u00e3o de empresas e licenciado em ci\u00eancias empresariais e assistente de dire\u00e7\u00e3o industrial.<\/p>\n<p>Georg F. W. Schaeffler, acionista familiar e presidente do Conselho de Supervis\u00e3o da Schaeffler AG, disse: &#8220;Estamos muito felizes por dar as boas-vindas \u00e0 Schaeffler AG ao Dr. Klaus Patzak, um CFO altamente experiente e qualificado. O Dr. Patzak chega ao Grupo Schaeffler num momento caracterizado por enormes desafios. Estamos confiantes de que os seus vastos conhecimentos v\u00e3o desempenhar um papel significativo no sucesso da prepara\u00e7\u00e3o do Grupo Schaeffler para o futuro. A sua vasta experi\u00eancia de muitos anos a trabalhar para importantes empresas internacionais do setor industrial e tecnol\u00f3gico ser\u00e1 um ativo particularmente valioso para n\u00f3s nesse sentido&#8221;.<\/p>\n<p>O Sr. Schaeffler expressou ainda o seu agradecimento a Dietmar Heinrich: &#8220;Dietmar Heinrich fez parte do Grupo Schaeffler ao longo de 25 anos, durante os quais realizou um trabalho extraordin\u00e1rio, assumindo fun\u00e7\u00f5es importantes tanto na Alemanha como no estrangeiro. Em particular, quero destacar o facto de ter continuado a demonstrar uma grande dedica\u00e7\u00e3o e compromisso nas suas fun\u00e7\u00f5es dentro do Grupo Schaeffler durante a crise do coronav\u00edrus, apesar da sua sa\u00edda iminente da empresa. Gostaria de expressar os meus sinceros agradecimentos ao Sr. Heinrich em nome de todo o Conselho de Supervis\u00e3o pelos seus anos de excelente trabalho e de lhe desejar, tamb\u00e9m em nome de minha m\u00e3e, Maria-Elisabeth Schaeffler-Thumann, o melhor para seu futuro profissional e pessoal&#8221;.<\/p>\n","protected":false},"excerpt":{"rendered":"<p>A Schaeffler, fornecedor global dos setores&#8230;<\/p>\n","protected":false},"author":15,"featured_media":14834,"comment_status":"closed","ping_status":"closed","sticky":false,"template":"","format":"standard","meta":{"footnotes":""},"categories":[29],"tags":[1840],"class_list":["post-14861","post","type-post","status-publish","format-standard","has-post-thumbnail","hentry","category-empresas","tag-schaeffler"],"yoast_head":"<!-- This site is optimized with the Yoast SEO plugin v27.4 - https:\/\/yoast.com\/product\/yoast-seo-wordpress\/ -->\n<title>Klaus Patzak nomeado novo CFO da Schaeffler - Jornal das Oficinas<\/title>\n<meta name=\"robots\" content=\"index, follow, max-snippet:-1, max-image-preview:large, max-video-preview:-1\" \/>\n<link rel=\"canonical\" href=\"https:\/\/jornaldasoficinas.com\/pt\/klaus-patzak-nomeado-novo-cfo-da-schaeffler\/\" \/>\n<meta property=\"og:locale\" content=\"pt_PT\" \/>\n<meta property=\"og:type\" content=\"article\" \/>\n<meta property=\"og:title\" content=\"Klaus Patzak nomeado novo CFO da Schaeffler - Jornal das Oficinas\" \/>\n<meta property=\"og:description\" content=\"A Schaeffler, fornecedor global dos setores...\" \/>\n<meta property=\"og:url\" content=\"https:\/\/jornaldasoficinas.com\/pt\/klaus-patzak-nomeado-novo-cfo-da-schaeffler\/\" \/>\n<meta property=\"og:site_name\" content=\"Jornal das Oficinas\" \/>\n<meta property=\"article:publisher\" content=\"https:\/\/www.facebook.com\/jornaloficinas\" \/>\n<meta property=\"article:published_time\" content=\"2020-07-28T11:00:06+00:00\" \/>\n<meta property=\"og:image\" content=\"https:\/\/jornaldasoficinas.com\/pt\/wp-content\/uploads\/2020\/07\/Klaus-Patzak.jpg\" \/>\n\t<meta property=\"og:image:width\" content=\"1024\" \/>\n\t<meta property=\"og:image:height\" content=\"581\" \/>\n\t<meta property=\"og:image:type\" content=\"image\/jpeg\" \/>\n<meta name=\"author\" content=\"Reda\u00e7\u00e3o JO\" \/>\n<meta name=\"twitter:card\" content=\"summary_large_image\" \/>\n<meta name=\"twitter:creator\" content=\"@jornaloficinas\" \/>\n<meta name=\"twitter:site\" content=\"@jornaloficinas\" \/>\n<meta name=\"twitter:label1\" content=\"Escrito por\" \/>\n\t<meta name=\"twitter:data1\" content=\"Reda\u00e7\u00e3o JO\" \/>\n\t<meta name=\"twitter:label2\" content=\"Tempo estimado de leitura\" \/>\n\t<meta name=\"twitter:data2\" content=\"3 minutos\" \/>\n<script type=\"application\/ld+json\" class=\"yoast-schema-graph\">{\"@context\":\"https:\\\/\\\/schema.org\",\"@graph\":[{\"@type\":\"Article\",\"@id\":\"https:\\\/\\\/jornaldasoficinas.com\\\/pt\\\/klaus-patzak-nomeado-novo-cfo-da-schaeffler\\\/#article\",\"isPartOf\":{\"@id\":\"https:\\\/\\\/jornaldasoficinas.com\\\/pt\\\/klaus-patzak-nomeado-novo-cfo-da-schaeffler\\\/\"},\"author\":{\"name\":\"Reda\u00e7\u00e3o JO\",\"@id\":\"https:\\\/\\\/jornaldasoficinas.com\\\/pt\\\/#\\\/schema\\\/person\\\/a38eef5de2c41d9e7c9ac10141afddf3\"},\"headline\":\"Klaus Patzak nomeado novo CFO da Schaeffler\",\"datePublished\":\"2020-07-28T11:00:06+00:00\",\"mainEntityOfPage\":{\"@id\":\"https:\\\/\\\/jornaldasoficinas.com\\\/pt\\\/klaus-patzak-nomeado-novo-cfo-da-schaeffler\\\/\"},\"wordCount\":554,\"publisher\":{\"@id\":\"https:\\\/\\\/jornaldasoficinas.com\\\/pt\\\/#organization\"},\"image\":{\"@id\":\"https:\\\/\\\/jornaldasoficinas.com\\\/pt\\\/klaus-patzak-nomeado-novo-cfo-da-schaeffler\\\/#primaryimage\"},\"thumbnailUrl\":\"https:\\\/\\\/jornaldasoficinas.com\\\/pt\\\/wp-content\\\/uploads\\\/2020\\\/07\\\/Klaus-Patzak.jpg\",\"keywords\":[\"Schaeffler\"],\"articleSection\":[\"Empresas\"],\"inLanguage\":\"pt-PT\"},{\"@type\":\"WebPage\",\"@id\":\"https:\\\/\\\/jornaldasoficinas.com\\\/pt\\\/klaus-patzak-nomeado-novo-cfo-da-schaeffler\\\/\",\"url\":\"https:\\\/\\\/jornaldasoficinas.com\\\/pt\\\/klaus-patzak-nomeado-novo-cfo-da-schaeffler\\\/\",\"name\":\"Klaus Patzak nomeado novo CFO da Schaeffler - Jornal das Oficinas\",\"isPartOf\":{\"@id\":\"https:\\\/\\\/jornaldasoficinas.com\\\/pt\\\/#website\"},\"primaryImageOfPage\":{\"@id\":\"https:\\\/\\\/jornaldasoficinas.com\\\/pt\\\/klaus-patzak-nomeado-novo-cfo-da-schaeffler\\\/#primaryimage\"},\"image\":{\"@id\":\"https:\\\/\\\/jornaldasoficinas.com\\\/pt\\\/klaus-patzak-nomeado-novo-cfo-da-schaeffler\\\/#primaryimage\"},\"thumbnailUrl\":\"https:\\\/\\\/jornaldasoficinas.com\\\/pt\\\/wp-content\\\/uploads\\\/2020\\\/07\\\/Klaus-Patzak.jpg\",\"datePublished\":\"2020-07-28T11:00:06+00:00\",\"breadcrumb\":{\"@id\":\"https:\\\/\\\/jornaldasoficinas.com\\\/pt\\\/klaus-patzak-nomeado-novo-cfo-da-schaeffler\\\/#breadcrumb\"},\"inLanguage\":\"pt-PT\",\"potentialAction\":[{\"@type\":\"ReadAction\",\"target\":[\"https:\\\/\\\/jornaldasoficinas.com\\\/pt\\\/klaus-patzak-nomeado-novo-cfo-da-schaeffler\\\/\"]}]},{\"@type\":\"ImageObject\",\"inLanguage\":\"pt-PT\",\"@id\":\"https:\\\/\\\/jornaldasoficinas.com\\\/pt\\\/klaus-patzak-nomeado-novo-cfo-da-schaeffler\\\/#primaryimage\",\"url\":\"https:\\\/\\\/jornaldasoficinas.com\\\/pt\\\/wp-content\\\/uploads\\\/2020\\\/07\\\/Klaus-Patzak.jpg\",\"contentUrl\":\"https:\\\/\\\/jornaldasoficinas.com\\\/pt\\\/wp-content\\\/uploads\\\/2020\\\/07\\\/Klaus-Patzak.jpg\",\"width\":1024,\"height\":581,\"caption\":\"07 - Klaus-Patzak\"},{\"@type\":\"BreadcrumbList\",\"@id\":\"https:\\\/\\\/jornaldasoficinas.com\\\/pt\\\/klaus-patzak-nomeado-novo-cfo-da-schaeffler\\\/#breadcrumb\",\"itemListElement\":[{\"@type\":\"ListItem\",\"position\":1,\"name\":\"In\u00edcio\",\"item\":\"https:\\\/\\\/jornaldasoficinas.com\\\/pt\\\/\"},{\"@type\":\"ListItem\",\"position\":2,\"name\":\"Klaus Patzak nomeado novo CFO da Schaeffler\"}]},{\"@type\":\"WebSite\",\"@id\":\"https:\\\/\\\/jornaldasoficinas.com\\\/pt\\\/#website\",\"url\":\"https:\\\/\\\/jornaldasoficinas.com\\\/pt\\\/\",\"name\":\"Jornal das Oficinas\",\"description\":\"Jornal independente do Aftermarket Autom\u00f3vel em Portugal\",\"publisher\":{\"@id\":\"https:\\\/\\\/jornaldasoficinas.com\\\/pt\\\/#organization\"},\"potentialAction\":[{\"@type\":\"SearchAction\",\"target\":{\"@type\":\"EntryPoint\",\"urlTemplate\":\"https:\\\/\\\/jornaldasoficinas.com\\\/pt\\\/?s={search_term_string}\"},\"query-input\":{\"@type\":\"PropertyValueSpecification\",\"valueRequired\":true,\"valueName\":\"search_term_string\"}}],\"inLanguage\":\"pt-PT\"},{\"@type\":\"Organization\",\"@id\":\"https:\\\/\\\/jornaldasoficinas.com\\\/pt\\\/#organization\",\"name\":\"Jornal das Oficinas\",\"url\":\"https:\\\/\\\/jornaldasoficinas.com\\\/pt\\\/\",\"logo\":{\"@type\":\"ImageObject\",\"inLanguage\":\"pt-PT\",\"@id\":\"https:\\\/\\\/jornaldasoficinas.com\\\/pt\\\/#\\\/schema\\\/logo\\\/image\\\/\",\"url\":\"https:\\\/\\\/jornaldasoficinas.com\\\/pt\\\/wp-content\\\/uploads\\\/logoJO-SEO.png\",\"contentUrl\":\"https:\\\/\\\/jornaldasoficinas.com\\\/pt\\\/wp-content\\\/uploads\\\/logoJO-SEO.png\",\"width\":285,\"height\":450,\"caption\":\"Jornal das Oficinas\"},\"image\":{\"@id\":\"https:\\\/\\\/jornaldasoficinas.com\\\/pt\\\/#\\\/schema\\\/logo\\\/image\\\/\"},\"sameAs\":[\"https:\\\/\\\/www.facebook.com\\\/jornaloficinas\",\"https:\\\/\\\/x.com\\\/jornaloficinas\",\"https:\\\/\\\/www.instagram.com\\\/jornal_oficinas\\\/\",\"https:\\\/\\\/www.linkedin.com\\\/company\\\/jornal-das-oficinas\\\/\",\"https:\\\/\\\/www.youtube.com\\\/channel\\\/UCbQZBqtcvV-oSQrr7RzINGg\"]},{\"@type\":\"Person\",\"@id\":\"https:\\\/\\\/jornaldasoficinas.com\\\/pt\\\/#\\\/schema\\\/person\\\/a38eef5de2c41d9e7c9ac10141afddf3\",\"name\":\"Reda\u00e7\u00e3o JO\",\"image\":{\"@type\":\"ImageObject\",\"inLanguage\":\"pt-PT\",\"@id\":\"https:\\\/\\\/secure.gravatar.com\\\/avatar\\\/71f2fa71737ad68a84fea94bc708ddac8ea5b0c4788dc2ad202f3ccb2887742f?s=96&d=wp_user_avatar&r=g\",\"url\":\"https:\\\/\\\/secure.gravatar.com\\\/avatar\\\/71f2fa71737ad68a84fea94bc708ddac8ea5b0c4788dc2ad202f3ccb2887742f?s=96&d=wp_user_avatar&r=g\",\"contentUrl\":\"https:\\\/\\\/secure.gravatar.com\\\/avatar\\\/71f2fa71737ad68a84fea94bc708ddac8ea5b0c4788dc2ad202f3ccb2887742f?s=96&d=wp_user_avatar&r=g\",\"caption\":\"Reda\u00e7\u00e3o JO\"},\"url\":\"https:\\\/\\\/jornaldasoficinas.com\\\/pt\\\/author\\\/joredacao\\\/\"}]}<\/script>\n<!-- \/ Yoast SEO plugin. -->","yoast_head_json":{"title":"Klaus Patzak nomeado novo CFO da Schaeffler - Jornal das Oficinas","robots":{"index":"index","follow":"follow","max-snippet":"max-snippet:-1","max-image-preview":"max-image-preview:large","max-video-preview":"max-video-preview:-1"},"canonical":"https:\/\/jornaldasoficinas.com\/pt\/klaus-patzak-nomeado-novo-cfo-da-schaeffler\/","og_locale":"pt_PT","og_type":"article","og_title":"Klaus Patzak nomeado novo CFO da Schaeffler - Jornal das Oficinas","og_description":"A Schaeffler, fornecedor global dos setores...","og_url":"https:\/\/jornaldasoficinas.com\/pt\/klaus-patzak-nomeado-novo-cfo-da-schaeffler\/","og_site_name":"Jornal das Oficinas","article_publisher":"https:\/\/www.facebook.com\/jornaloficinas","article_published_time":"2020-07-28T11:00:06+00:00","og_image":[{"width":1024,"height":581,"url":"https:\/\/jornaldasoficinas.com\/pt\/wp-content\/uploads\/2020\/07\/Klaus-Patzak.jpg","type":"image\/jpeg"}],"author":"Reda\u00e7\u00e3o JO","twitter_card":"summary_large_image","twitter_creator":"@jornaloficinas","twitter_site":"@jornaloficinas","twitter_misc":{"Escrito por":"Reda\u00e7\u00e3o JO","Tempo estimado de leitura":"3 minutos"},"schema":{"@context":"https:\/\/schema.org","@graph":[{"@type":"Article","@id":"https:\/\/jornaldasoficinas.com\/pt\/klaus-patzak-nomeado-novo-cfo-da-schaeffler\/#article","isPartOf":{"@id":"https:\/\/jornaldasoficinas.com\/pt\/klaus-patzak-nomeado-novo-cfo-da-schaeffler\/"},"author":{"name":"Reda\u00e7\u00e3o JO","@id":"https:\/\/jornaldasoficinas.com\/pt\/#\/schema\/person\/a38eef5de2c41d9e7c9ac10141afddf3"},"headline":"Klaus Patzak nomeado novo CFO da Schaeffler","datePublished":"2020-07-28T11:00:06+00:00","mainEntityOfPage":{"@id":"https:\/\/jornaldasoficinas.com\/pt\/klaus-patzak-nomeado-novo-cfo-da-schaeffler\/"},"wordCount":554,"publisher":{"@id":"https:\/\/jornaldasoficinas.com\/pt\/#organization"},"image":{"@id":"https:\/\/jornaldasoficinas.com\/pt\/klaus-patzak-nomeado-novo-cfo-da-schaeffler\/#primaryimage"},"thumbnailUrl":"https:\/\/jornaldasoficinas.com\/pt\/wp-content\/uploads\/2020\/07\/Klaus-Patzak.jpg","keywords":["Schaeffler"],"articleSection":["Empresas"],"inLanguage":"pt-PT"},{"@type":"WebPage","@id":"https:\/\/jornaldasoficinas.com\/pt\/klaus-patzak-nomeado-novo-cfo-da-schaeffler\/","url":"https:\/\/jornaldasoficinas.com\/pt\/klaus-patzak-nomeado-novo-cfo-da-schaeffler\/","name":"Klaus Patzak nomeado novo CFO da Schaeffler - Jornal das Oficinas","isPartOf":{"@id":"https:\/\/jornaldasoficinas.com\/pt\/#website"},"primaryImageOfPage":{"@id":"https:\/\/jornaldasoficinas.com\/pt\/klaus-patzak-nomeado-novo-cfo-da-schaeffler\/#primaryimage"},"image":{"@id":"https:\/\/jornaldasoficinas.com\/pt\/klaus-patzak-nomeado-novo-cfo-da-schaeffler\/#primaryimage"},"thumbnailUrl":"https:\/\/jornaldasoficinas.com\/pt\/wp-content\/uploads\/2020\/07\/Klaus-Patzak.jpg","datePublished":"2020-07-28T11:00:06+00:00","breadcrumb":{"@id":"https:\/\/jornaldasoficinas.com\/pt\/klaus-patzak-nomeado-novo-cfo-da-schaeffler\/#breadcrumb"},"inLanguage":"pt-PT","potentialAction":[{"@type":"ReadAction","target":["https:\/\/jornaldasoficinas.com\/pt\/klaus-patzak-nomeado-novo-cfo-da-schaeffler\/"]}]},{"@type":"ImageObject","inLanguage":"pt-PT","@id":"https:\/\/jornaldasoficinas.com\/pt\/klaus-patzak-nomeado-novo-cfo-da-schaeffler\/#primaryimage","url":"https:\/\/jornaldasoficinas.com\/pt\/wp-content\/uploads\/2020\/07\/Klaus-Patzak.jpg","contentUrl":"https:\/\/jornaldasoficinas.com\/pt\/wp-content\/uploads\/2020\/07\/Klaus-Patzak.jpg","width":1024,"height":581,"caption":"07 - Klaus-Patzak"},{"@type":"BreadcrumbList","@id":"https:\/\/jornaldasoficinas.com\/pt\/klaus-patzak-nomeado-novo-cfo-da-schaeffler\/#breadcrumb","itemListElement":[{"@type":"ListItem","position":1,"name":"In\u00edcio","item":"https:\/\/jornaldasoficinas.com\/pt\/"},{"@type":"ListItem","position":2,"name":"Klaus Patzak nomeado novo CFO da Schaeffler"}]},{"@type":"WebSite","@id":"https:\/\/jornaldasoficinas.com\/pt\/#website","url":"https:\/\/jornaldasoficinas.com\/pt\/","name":"Jornal das Oficinas","description":"Jornal independente do Aftermarket Autom\u00f3vel em Portugal","publisher":{"@id":"https:\/\/jornaldasoficinas.com\/pt\/#organization"},"potentialAction":[{"@type":"SearchAction","target":{"@type":"EntryPoint","urlTemplate":"https:\/\/jornaldasoficinas.com\/pt\/?s={search_term_string}"},"query-input":{"@type":"PropertyValueSpecification","valueRequired":true,"valueName":"search_term_string"}}],"inLanguage":"pt-PT"},{"@type":"Organization","@id":"https:\/\/jornaldasoficinas.com\/pt\/#organization","name":"Jornal das Oficinas","url":"https:\/\/jornaldasoficinas.com\/pt\/","logo":{"@type":"ImageObject","inLanguage":"pt-PT","@id":"https:\/\/jornaldasoficinas.com\/pt\/#\/schema\/logo\/image\/","url":"https:\/\/jornaldasoficinas.com\/pt\/wp-content\/uploads\/logoJO-SEO.png","contentUrl":"https:\/\/jornaldasoficinas.com\/pt\/wp-content\/uploads\/logoJO-SEO.png","width":285,"height":450,"caption":"Jornal das Oficinas"},"image":{"@id":"https:\/\/jornaldasoficinas.com\/pt\/#\/schema\/logo\/image\/"},"sameAs":["https:\/\/www.facebook.com\/jornaloficinas","https:\/\/x.com\/jornaloficinas","https:\/\/www.instagram.com\/jornal_oficinas\/","https:\/\/www.linkedin.com\/company\/jornal-das-oficinas\/","https:\/\/www.youtube.com\/channel\/UCbQZBqtcvV-oSQrr7RzINGg"]},{"@type":"Person","@id":"https:\/\/jornaldasoficinas.com\/pt\/#\/schema\/person\/a38eef5de2c41d9e7c9ac10141afddf3","name":"Reda\u00e7\u00e3o JO","image":{"@type":"ImageObject","inLanguage":"pt-PT","@id":"https:\/\/secure.gravatar.com\/avatar\/71f2fa71737ad68a84fea94bc708ddac8ea5b0c4788dc2ad202f3ccb2887742f?s=96&d=wp_user_avatar&r=g","url":"https:\/\/secure.gravatar.com\/avatar\/71f2fa71737ad68a84fea94bc708ddac8ea5b0c4788dc2ad202f3ccb2887742f?s=96&d=wp_user_avatar&r=g","contentUrl":"https:\/\/secure.gravatar.com\/avatar\/71f2fa71737ad68a84fea94bc708ddac8ea5b0c4788dc2ad202f3ccb2887742f?s=96&d=wp_user_avatar&r=g","caption":"Reda\u00e7\u00e3o JO"},"url":"https:\/\/jornaldasoficinas.com\/pt\/author\/joredacao\/"}]}},"_links":{"self":[{"href":"https:\/\/jornaldasoficinas.com\/pt\/wp-json\/wp\/v2\/posts\/14861","targetHints":{"allow":["GET"]}}],"collection":[{"href":"https:\/\/jornaldasoficinas.com\/pt\/wp-json\/wp\/v2\/posts"}],"about":[{"href":"https:\/\/jornaldasoficinas.com\/pt\/wp-json\/wp\/v2\/types\/post"}],"author":[{"embeddable":true,"href":"https:\/\/jornaldasoficinas.com\/pt\/wp-json\/wp\/v2\/users\/15"}],"replies":[{"embeddable":true,"href":"https:\/\/jornaldasoficinas.com\/pt\/wp-json\/wp\/v2\/comments?post=14861"}],"version-history":[{"count":0,"href":"https:\/\/jornaldasoficinas.com\/pt\/wp-json\/wp\/v2\/posts\/14861\/revisions"}],"wp:featuredmedia":[{"embeddable":true,"href":"https:\/\/jornaldasoficinas.com\/pt\/wp-json\/wp\/v2\/media\/14834"}],"wp:attachment":[{"href":"https:\/\/jornaldasoficinas.com\/pt\/wp-json\/wp\/v2\/media?parent=14861"}],"wp:term":[{"taxonomy":"category","embeddable":true,"href":"https:\/\/jornaldasoficinas.com\/pt\/wp-json\/wp\/v2\/categories?post=14861"},{"taxonomy":"post_tag","embeddable":true,"href":"https:\/\/jornaldasoficinas.com\/pt\/wp-json\/wp\/v2\/tags?post=14861"}],"curies":[{"name":"wp","href":"https:\/\/api.w.org\/{rel}","templated":true}]}}