{"id":15126,"date":"2020-08-07T18:00:06","date_gmt":"2020-08-07T17:00:06","guid":{"rendered":"https:\/\/jornaldasoficinas.com\/pt\/?p=15126"},"modified":"2020-08-07T16:38:27","modified_gmt":"2020-08-07T15:38:27","slug":"axalta-lanca-relatorio-de-sustentabilidade","status":"publish","type":"post","link":"https:\/\/jornaldasoficinas.com\/pt\/axalta-lanca-relatorio-de-sustentabilidade\/","title":{"rendered":"Axalta lan\u00e7a relat\u00f3rio de sustentabilidade"},"content":{"rendered":"<p><strong><img loading=\"lazy\" decoding=\"async\" class=\"alignnone wp-image-15124 size-full\" src=\"https:\/\/jornaldasoficinas.com\/pt\/wp-content\/uploads\/2020\/08\/axalta.png\" alt=\"08 - axalta\" width=\"1024\" height=\"581\" srcset=\"https:\/\/jornaldasoficinas.com\/pt\/wp-content\/uploads\/2020\/08\/axalta.png 1024w, https:\/\/jornaldasoficinas.com\/pt\/wp-content\/uploads\/2020\/08\/axalta-300x170.png 300w, https:\/\/jornaldasoficinas.com\/pt\/wp-content\/uploads\/2020\/08\/axalta-150x85.png 150w, https:\/\/jornaldasoficinas.com\/pt\/wp-content\/uploads\/2020\/08\/axalta-768x436.png 768w\" sizes=\"auto, (max-width: 1024px) 100vw, 1024px\" \/><\/strong><\/p>\n<p><strong>A Axalta, lan\u00e7ou o seu Relat\u00f3rio de Sustentabilidade 2018-2019, destacando os avan\u00e7os da empresa em pr\u00e1ticas comerciais sustent\u00e1veis, incluindo tecnologia, opera\u00e7\u00f5es e fornecimento respons\u00e1vel.<\/strong><\/p>\n<p>\u201cSustentabilidade \u00e9 fundamental para os nossos valores, nosso neg\u00f3cio e est\u00e1 incorporada em tudo o que fazemos\u201d, disse Robert Bryant, CEO da Axalta. \u201cDas tecnologias inovadoras da Axalta, que ajudam os clientes a economizar energia e aumentar a produtividade, \u00e0s maneiras como estamos tornando nossas opera\u00e7\u00f5es mais seguras e diminuindo impacto ambiental, ao nosso comprometimento de agir com integridade, esse Relat\u00f3rio de Sustentabilidade evidencia o progresso que nosso time global alcan\u00e7ou coletivamente. Muitos stakeholders da Axalta est\u00e3o incrivelmente interessados em t\u00f3picos de sustentabilidade e esse relat\u00f3rio \u00e9 um modo de demonstrar nossas prioridades e conquistas sustent\u00e1veis\u201d.<\/p>\n<p>Nos dois anos que o relat\u00f3rio cobre, a Axalta exibe seu compromisso cont\u00ednuo com a sustentabilidade e o progresso em dire\u00e7\u00e3o \u00e0s metas em v\u00e1rias \u00e1reas ambientais, sociais e de governan\u00e7a (ESG, em ingl\u00eas). O documento destaca diversos pr\u00eamios recebidos de clientes, organiza\u00e7\u00f5es de tecnologia e outros que reconheceram os programas e o seu desempenho nesse quesito.<\/p>\n<p>O relat\u00f3rio tamb\u00e9m mostra os mais de 150 anos de experi\u00eancia da Axalta no setor, o compromisso com o avan\u00e7o da tecnologia em revestimentos e o desenvolvimento de produtos sustent\u00e1veis que tornam os materiais mais dur\u00e1veis e com melhor desempenho. A companhia continuou investindo em inova\u00e7\u00e3o, lan\u00e7ando mais de 250 novos produtos nos \u00faltimos dois anos e abrindo um Centro Global de Inova\u00e7\u00f5es, o maior de pesquisa e desenvolvimento de cores e revestimentos do mundo.<\/p>\n<p>A Axalta reafirmou seu compromisso com a fabrica\u00e7\u00e3o segura e respons\u00e1vel, revelando \u201cConduzindo Desempenho Perfeito\u201d como o seu novo slogan operacional, juntamente com o treinamento adicional de seguran\u00e7a em todo o mundo. Em 2019, a organiza\u00e7\u00e3o obteve a melhor taxa de incidentes registr\u00e1veis de todos os tempos, de 0.28, com desempenho de seguran\u00e7a de decil superior na ind\u00fastria de revestimentos.<\/p>\n<p>A empresa ainda reporta redu\u00e7\u00e3o no uso de energia e emiss\u00f5es associadas de gases de efeito estufa, provenientes de opera\u00e7\u00f5es durante o per\u00edodo registrado. Al\u00e9m disso, a companhia descreve seus esfor\u00e7os para impulsionar pr\u00e1ticas de compras respons\u00e1veis e direitos humanos em toda a sua cadeia de suprimentos.<\/p>\n<p>Entre 2018 e 2019, a Axalta seguiu seu compromisso com as pessoas e as comunidades locais, fortaleceu seu desenvolvimento interno de talentos, engajamento de colaboradores e esfor\u00e7os de diversidade e inclus\u00e3o. Por meio do programa \u201cFuturos Brilhantes\u201d, fez a diferen\u00e7a onde atua, colaborando com parceiros para avan\u00e7ar em iniciativas de ci\u00eancias, tecnologia, engenharia, matem\u00e1tica (STEM, em ingl\u00eas) e gest\u00e3o ambiental.<\/p>\n<p>O Relat\u00f3rio de Sustentabilidade 2018-2019 da Axalta est\u00e1 dispon\u00edvel online no site <a href=\"https:\/\/www.axalta.com\/corporate\/en_US\/sustainability.html\" target=\"_blank\" rel=\"noopener noreferrer\">https:\/\/www.axalta.com\/corporate\/en_US\/sustainability.html<\/a><\/p>\n<p>&nbsp;<\/p>\n","protected":false},"excerpt":{"rendered":"<p>A Axalta, lan\u00e7ou o seu Relat\u00f3rio&#8230;<\/p>\n","protected":false},"author":15,"featured_media":15124,"comment_status":"closed","ping_status":"closed","sticky":false,"template":"","format":"standard","meta":{"footnotes":""},"categories":[2],"tags":[67],"class_list":["post-15126","post","type-post","status-publish","format-standard","has-post-thumbnail","hentry","category-repintura","tag-axalta"],"yoast_head":"<!-- This site is optimized with the Yoast SEO plugin v27.4 - https:\/\/yoast.com\/product\/yoast-seo-wordpress\/ -->\n<title>Axalta lan\u00e7a relat\u00f3rio de sustentabilidade - Jornal das Oficinas<\/title>\n<meta name=\"robots\" content=\"index, follow, max-snippet:-1, max-image-preview:large, max-video-preview:-1\" \/>\n<link rel=\"canonical\" href=\"https:\/\/jornaldasoficinas.com\/pt\/axalta-lanca-relatorio-de-sustentabilidade\/\" \/>\n<meta property=\"og:locale\" content=\"pt_PT\" \/>\n<meta property=\"og:type\" content=\"article\" \/>\n<meta property=\"og:title\" content=\"Axalta lan\u00e7a relat\u00f3rio de sustentabilidade - Jornal das Oficinas\" \/>\n<meta property=\"og:description\" content=\"A Axalta, lan\u00e7ou o seu Relat\u00f3rio...\" \/>\n<meta property=\"og:url\" content=\"https:\/\/jornaldasoficinas.com\/pt\/axalta-lanca-relatorio-de-sustentabilidade\/\" \/>\n<meta property=\"og:site_name\" content=\"Jornal das Oficinas\" \/>\n<meta property=\"article:publisher\" content=\"https:\/\/www.facebook.com\/jornaloficinas\" \/>\n<meta property=\"article:published_time\" content=\"2020-08-07T17:00:06+00:00\" \/>\n<meta property=\"og:image\" content=\"https:\/\/jornaldasoficinas.com\/pt\/wp-content\/uploads\/2020\/08\/axalta.png\" \/>\n\t<meta property=\"og:image:width\" content=\"1024\" \/>\n\t<meta property=\"og:image:height\" content=\"581\" \/>\n\t<meta property=\"og:image:type\" content=\"image\/png\" \/>\n<meta name=\"author\" content=\"Reda\u00e7\u00e3o JO\" \/>\n<meta name=\"twitter:card\" content=\"summary_large_image\" \/>\n<meta name=\"twitter:creator\" content=\"@jornaloficinas\" \/>\n<meta name=\"twitter:site\" content=\"@jornaloficinas\" \/>\n<meta name=\"twitter:label1\" content=\"Escrito por\" \/>\n\t<meta name=\"twitter:data1\" content=\"Reda\u00e7\u00e3o JO\" \/>\n\t<meta name=\"twitter:label2\" content=\"Tempo estimado de leitura\" \/>\n\t<meta name=\"twitter:data2\" content=\"2 minutos\" \/>\n<script type=\"application\/ld+json\" class=\"yoast-schema-graph\">{\"@context\":\"https:\\\/\\\/schema.org\",\"@graph\":[{\"@type\":\"Article\",\"@id\":\"https:\\\/\\\/jornaldasoficinas.com\\\/pt\\\/axalta-lanca-relatorio-de-sustentabilidade\\\/#article\",\"isPartOf\":{\"@id\":\"https:\\\/\\\/jornaldasoficinas.com\\\/pt\\\/axalta-lanca-relatorio-de-sustentabilidade\\\/\"},\"author\":{\"name\":\"Reda\u00e7\u00e3o JO\",\"@id\":\"https:\\\/\\\/jornaldasoficinas.com\\\/pt\\\/#\\\/schema\\\/person\\\/a38eef5de2c41d9e7c9ac10141afddf3\"},\"headline\":\"Axalta lan\u00e7a relat\u00f3rio de sustentabilidade\",\"datePublished\":\"2020-08-07T17:00:06+00:00\",\"mainEntityOfPage\":{\"@id\":\"https:\\\/\\\/jornaldasoficinas.com\\\/pt\\\/axalta-lanca-relatorio-de-sustentabilidade\\\/\"},\"wordCount\":497,\"publisher\":{\"@id\":\"https:\\\/\\\/jornaldasoficinas.com\\\/pt\\\/#organization\"},\"image\":{\"@id\":\"https:\\\/\\\/jornaldasoficinas.com\\\/pt\\\/axalta-lanca-relatorio-de-sustentabilidade\\\/#primaryimage\"},\"thumbnailUrl\":\"https:\\\/\\\/jornaldasoficinas.com\\\/pt\\\/wp-content\\\/uploads\\\/2020\\\/08\\\/axalta.png\",\"keywords\":[\"Axalta\"],\"articleSection\":[\"Repintura\"],\"inLanguage\":\"pt-PT\"},{\"@type\":\"WebPage\",\"@id\":\"https:\\\/\\\/jornaldasoficinas.com\\\/pt\\\/axalta-lanca-relatorio-de-sustentabilidade\\\/\",\"url\":\"https:\\\/\\\/jornaldasoficinas.com\\\/pt\\\/axalta-lanca-relatorio-de-sustentabilidade\\\/\",\"name\":\"Axalta lan\u00e7a relat\u00f3rio de sustentabilidade - Jornal das Oficinas\",\"isPartOf\":{\"@id\":\"https:\\\/\\\/jornaldasoficinas.com\\\/pt\\\/#website\"},\"primaryImageOfPage\":{\"@id\":\"https:\\\/\\\/jornaldasoficinas.com\\\/pt\\\/axalta-lanca-relatorio-de-sustentabilidade\\\/#primaryimage\"},\"image\":{\"@id\":\"https:\\\/\\\/jornaldasoficinas.com\\\/pt\\\/axalta-lanca-relatorio-de-sustentabilidade\\\/#primaryimage\"},\"thumbnailUrl\":\"https:\\\/\\\/jornaldasoficinas.com\\\/pt\\\/wp-content\\\/uploads\\\/2020\\\/08\\\/axalta.png\",\"datePublished\":\"2020-08-07T17:00:06+00:00\",\"breadcrumb\":{\"@id\":\"https:\\\/\\\/jornaldasoficinas.com\\\/pt\\\/axalta-lanca-relatorio-de-sustentabilidade\\\/#breadcrumb\"},\"inLanguage\":\"pt-PT\",\"potentialAction\":[{\"@type\":\"ReadAction\",\"target\":[\"https:\\\/\\\/jornaldasoficinas.com\\\/pt\\\/axalta-lanca-relatorio-de-sustentabilidade\\\/\"]}]},{\"@type\":\"ImageObject\",\"inLanguage\":\"pt-PT\",\"@id\":\"https:\\\/\\\/jornaldasoficinas.com\\\/pt\\\/axalta-lanca-relatorio-de-sustentabilidade\\\/#primaryimage\",\"url\":\"https:\\\/\\\/jornaldasoficinas.com\\\/pt\\\/wp-content\\\/uploads\\\/2020\\\/08\\\/axalta.png\",\"contentUrl\":\"https:\\\/\\\/jornaldasoficinas.com\\\/pt\\\/wp-content\\\/uploads\\\/2020\\\/08\\\/axalta.png\",\"width\":1024,\"height\":581,\"caption\":\"08 - axalta\"},{\"@type\":\"BreadcrumbList\",\"@id\":\"https:\\\/\\\/jornaldasoficinas.com\\\/pt\\\/axalta-lanca-relatorio-de-sustentabilidade\\\/#breadcrumb\",\"itemListElement\":[{\"@type\":\"ListItem\",\"position\":1,\"name\":\"In\u00edcio\",\"item\":\"https:\\\/\\\/jornaldasoficinas.com\\\/pt\\\/\"},{\"@type\":\"ListItem\",\"position\":2,\"name\":\"Axalta lan\u00e7a relat\u00f3rio de sustentabilidade\"}]},{\"@type\":\"WebSite\",\"@id\":\"https:\\\/\\\/jornaldasoficinas.com\\\/pt\\\/#website\",\"url\":\"https:\\\/\\\/jornaldasoficinas.com\\\/pt\\\/\",\"name\":\"Jornal das Oficinas\",\"description\":\"Jornal independente do Aftermarket Autom\u00f3vel em Portugal\",\"publisher\":{\"@id\":\"https:\\\/\\\/jornaldasoficinas.com\\\/pt\\\/#organization\"},\"potentialAction\":[{\"@type\":\"SearchAction\",\"target\":{\"@type\":\"EntryPoint\",\"urlTemplate\":\"https:\\\/\\\/jornaldasoficinas.com\\\/pt\\\/?s={search_term_string}\"},\"query-input\":{\"@type\":\"PropertyValueSpecification\",\"valueRequired\":true,\"valueName\":\"search_term_string\"}}],\"inLanguage\":\"pt-PT\"},{\"@type\":\"Organization\",\"@id\":\"https:\\\/\\\/jornaldasoficinas.com\\\/pt\\\/#organization\",\"name\":\"Jornal das Oficinas\",\"url\":\"https:\\\/\\\/jornaldasoficinas.com\\\/pt\\\/\",\"logo\":{\"@type\":\"ImageObject\",\"inLanguage\":\"pt-PT\",\"@id\":\"https:\\\/\\\/jornaldasoficinas.com\\\/pt\\\/#\\\/schema\\\/logo\\\/image\\\/\",\"url\":\"https:\\\/\\\/jornaldasoficinas.com\\\/pt\\\/wp-content\\\/uploads\\\/logoJO-SEO.png\",\"contentUrl\":\"https:\\\/\\\/jornaldasoficinas.com\\\/pt\\\/wp-content\\\/uploads\\\/logoJO-SEO.png\",\"width\":285,\"height\":450,\"caption\":\"Jornal das Oficinas\"},\"image\":{\"@id\":\"https:\\\/\\\/jornaldasoficinas.com\\\/pt\\\/#\\\/schema\\\/logo\\\/image\\\/\"},\"sameAs\":[\"https:\\\/\\\/www.facebook.com\\\/jornaloficinas\",\"https:\\\/\\\/x.com\\\/jornaloficinas\",\"https:\\\/\\\/www.instagram.com\\\/jornal_oficinas\\\/\",\"https:\\\/\\\/www.linkedin.com\\\/company\\\/jornal-das-oficinas\\\/\",\"https:\\\/\\\/www.youtube.com\\\/channel\\\/UCbQZBqtcvV-oSQrr7RzINGg\"]},{\"@type\":\"Person\",\"@id\":\"https:\\\/\\\/jornaldasoficinas.com\\\/pt\\\/#\\\/schema\\\/person\\\/a38eef5de2c41d9e7c9ac10141afddf3\",\"name\":\"Reda\u00e7\u00e3o JO\",\"image\":{\"@type\":\"ImageObject\",\"inLanguage\":\"pt-PT\",\"@id\":\"https:\\\/\\\/secure.gravatar.com\\\/avatar\\\/71f2fa71737ad68a84fea94bc708ddac8ea5b0c4788dc2ad202f3ccb2887742f?s=96&d=wp_user_avatar&r=g\",\"url\":\"https:\\\/\\\/secure.gravatar.com\\\/avatar\\\/71f2fa71737ad68a84fea94bc708ddac8ea5b0c4788dc2ad202f3ccb2887742f?s=96&d=wp_user_avatar&r=g\",\"contentUrl\":\"https:\\\/\\\/secure.gravatar.com\\\/avatar\\\/71f2fa71737ad68a84fea94bc708ddac8ea5b0c4788dc2ad202f3ccb2887742f?s=96&d=wp_user_avatar&r=g\",\"caption\":\"Reda\u00e7\u00e3o JO\"},\"url\":\"https:\\\/\\\/jornaldasoficinas.com\\\/pt\\\/author\\\/joredacao\\\/\"}]}<\/script>\n<!-- \/ Yoast SEO plugin. -->","yoast_head_json":{"title":"Axalta lan\u00e7a relat\u00f3rio de sustentabilidade - Jornal das Oficinas","robots":{"index":"index","follow":"follow","max-snippet":"max-snippet:-1","max-image-preview":"max-image-preview:large","max-video-preview":"max-video-preview:-1"},"canonical":"https:\/\/jornaldasoficinas.com\/pt\/axalta-lanca-relatorio-de-sustentabilidade\/","og_locale":"pt_PT","og_type":"article","og_title":"Axalta lan\u00e7a relat\u00f3rio de sustentabilidade - Jornal das Oficinas","og_description":"A Axalta, lan\u00e7ou o seu Relat\u00f3rio...","og_url":"https:\/\/jornaldasoficinas.com\/pt\/axalta-lanca-relatorio-de-sustentabilidade\/","og_site_name":"Jornal das Oficinas","article_publisher":"https:\/\/www.facebook.com\/jornaloficinas","article_published_time":"2020-08-07T17:00:06+00:00","og_image":[{"width":1024,"height":581,"url":"https:\/\/jornaldasoficinas.com\/pt\/wp-content\/uploads\/2020\/08\/axalta.png","type":"image\/png"}],"author":"Reda\u00e7\u00e3o JO","twitter_card":"summary_large_image","twitter_creator":"@jornaloficinas","twitter_site":"@jornaloficinas","twitter_misc":{"Escrito por":"Reda\u00e7\u00e3o JO","Tempo estimado de leitura":"2 minutos"},"schema":{"@context":"https:\/\/schema.org","@graph":[{"@type":"Article","@id":"https:\/\/jornaldasoficinas.com\/pt\/axalta-lanca-relatorio-de-sustentabilidade\/#article","isPartOf":{"@id":"https:\/\/jornaldasoficinas.com\/pt\/axalta-lanca-relatorio-de-sustentabilidade\/"},"author":{"name":"Reda\u00e7\u00e3o JO","@id":"https:\/\/jornaldasoficinas.com\/pt\/#\/schema\/person\/a38eef5de2c41d9e7c9ac10141afddf3"},"headline":"Axalta lan\u00e7a relat\u00f3rio de sustentabilidade","datePublished":"2020-08-07T17:00:06+00:00","mainEntityOfPage":{"@id":"https:\/\/jornaldasoficinas.com\/pt\/axalta-lanca-relatorio-de-sustentabilidade\/"},"wordCount":497,"publisher":{"@id":"https:\/\/jornaldasoficinas.com\/pt\/#organization"},"image":{"@id":"https:\/\/jornaldasoficinas.com\/pt\/axalta-lanca-relatorio-de-sustentabilidade\/#primaryimage"},"thumbnailUrl":"https:\/\/jornaldasoficinas.com\/pt\/wp-content\/uploads\/2020\/08\/axalta.png","keywords":["Axalta"],"articleSection":["Repintura"],"inLanguage":"pt-PT"},{"@type":"WebPage","@id":"https:\/\/jornaldasoficinas.com\/pt\/axalta-lanca-relatorio-de-sustentabilidade\/","url":"https:\/\/jornaldasoficinas.com\/pt\/axalta-lanca-relatorio-de-sustentabilidade\/","name":"Axalta lan\u00e7a relat\u00f3rio de sustentabilidade - Jornal das Oficinas","isPartOf":{"@id":"https:\/\/jornaldasoficinas.com\/pt\/#website"},"primaryImageOfPage":{"@id":"https:\/\/jornaldasoficinas.com\/pt\/axalta-lanca-relatorio-de-sustentabilidade\/#primaryimage"},"image":{"@id":"https:\/\/jornaldasoficinas.com\/pt\/axalta-lanca-relatorio-de-sustentabilidade\/#primaryimage"},"thumbnailUrl":"https:\/\/jornaldasoficinas.com\/pt\/wp-content\/uploads\/2020\/08\/axalta.png","datePublished":"2020-08-07T17:00:06+00:00","breadcrumb":{"@id":"https:\/\/jornaldasoficinas.com\/pt\/axalta-lanca-relatorio-de-sustentabilidade\/#breadcrumb"},"inLanguage":"pt-PT","potentialAction":[{"@type":"ReadAction","target":["https:\/\/jornaldasoficinas.com\/pt\/axalta-lanca-relatorio-de-sustentabilidade\/"]}]},{"@type":"ImageObject","inLanguage":"pt-PT","@id":"https:\/\/jornaldasoficinas.com\/pt\/axalta-lanca-relatorio-de-sustentabilidade\/#primaryimage","url":"https:\/\/jornaldasoficinas.com\/pt\/wp-content\/uploads\/2020\/08\/axalta.png","contentUrl":"https:\/\/jornaldasoficinas.com\/pt\/wp-content\/uploads\/2020\/08\/axalta.png","width":1024,"height":581,"caption":"08 - axalta"},{"@type":"BreadcrumbList","@id":"https:\/\/jornaldasoficinas.com\/pt\/axalta-lanca-relatorio-de-sustentabilidade\/#breadcrumb","itemListElement":[{"@type":"ListItem","position":1,"name":"In\u00edcio","item":"https:\/\/jornaldasoficinas.com\/pt\/"},{"@type":"ListItem","position":2,"name":"Axalta lan\u00e7a relat\u00f3rio de sustentabilidade"}]},{"@type":"WebSite","@id":"https:\/\/jornaldasoficinas.com\/pt\/#website","url":"https:\/\/jornaldasoficinas.com\/pt\/","name":"Jornal das Oficinas","description":"Jornal independente do Aftermarket Autom\u00f3vel em Portugal","publisher":{"@id":"https:\/\/jornaldasoficinas.com\/pt\/#organization"},"potentialAction":[{"@type":"SearchAction","target":{"@type":"EntryPoint","urlTemplate":"https:\/\/jornaldasoficinas.com\/pt\/?s={search_term_string}"},"query-input":{"@type":"PropertyValueSpecification","valueRequired":true,"valueName":"search_term_string"}}],"inLanguage":"pt-PT"},{"@type":"Organization","@id":"https:\/\/jornaldasoficinas.com\/pt\/#organization","name":"Jornal das Oficinas","url":"https:\/\/jornaldasoficinas.com\/pt\/","logo":{"@type":"ImageObject","inLanguage":"pt-PT","@id":"https:\/\/jornaldasoficinas.com\/pt\/#\/schema\/logo\/image\/","url":"https:\/\/jornaldasoficinas.com\/pt\/wp-content\/uploads\/logoJO-SEO.png","contentUrl":"https:\/\/jornaldasoficinas.com\/pt\/wp-content\/uploads\/logoJO-SEO.png","width":285,"height":450,"caption":"Jornal das Oficinas"},"image":{"@id":"https:\/\/jornaldasoficinas.com\/pt\/#\/schema\/logo\/image\/"},"sameAs":["https:\/\/www.facebook.com\/jornaloficinas","https:\/\/x.com\/jornaloficinas","https:\/\/www.instagram.com\/jornal_oficinas\/","https:\/\/www.linkedin.com\/company\/jornal-das-oficinas\/","https:\/\/www.youtube.com\/channel\/UCbQZBqtcvV-oSQrr7RzINGg"]},{"@type":"Person","@id":"https:\/\/jornaldasoficinas.com\/pt\/#\/schema\/person\/a38eef5de2c41d9e7c9ac10141afddf3","name":"Reda\u00e7\u00e3o JO","image":{"@type":"ImageObject","inLanguage":"pt-PT","@id":"https:\/\/secure.gravatar.com\/avatar\/71f2fa71737ad68a84fea94bc708ddac8ea5b0c4788dc2ad202f3ccb2887742f?s=96&d=wp_user_avatar&r=g","url":"https:\/\/secure.gravatar.com\/avatar\/71f2fa71737ad68a84fea94bc708ddac8ea5b0c4788dc2ad202f3ccb2887742f?s=96&d=wp_user_avatar&r=g","contentUrl":"https:\/\/secure.gravatar.com\/avatar\/71f2fa71737ad68a84fea94bc708ddac8ea5b0c4788dc2ad202f3ccb2887742f?s=96&d=wp_user_avatar&r=g","caption":"Reda\u00e7\u00e3o JO"},"url":"https:\/\/jornaldasoficinas.com\/pt\/author\/joredacao\/"}]}},"_links":{"self":[{"href":"https:\/\/jornaldasoficinas.com\/pt\/wp-json\/wp\/v2\/posts\/15126","targetHints":{"allow":["GET"]}}],"collection":[{"href":"https:\/\/jornaldasoficinas.com\/pt\/wp-json\/wp\/v2\/posts"}],"about":[{"href":"https:\/\/jornaldasoficinas.com\/pt\/wp-json\/wp\/v2\/types\/post"}],"author":[{"embeddable":true,"href":"https:\/\/jornaldasoficinas.com\/pt\/wp-json\/wp\/v2\/users\/15"}],"replies":[{"embeddable":true,"href":"https:\/\/jornaldasoficinas.com\/pt\/wp-json\/wp\/v2\/comments?post=15126"}],"version-history":[{"count":0,"href":"https:\/\/jornaldasoficinas.com\/pt\/wp-json\/wp\/v2\/posts\/15126\/revisions"}],"wp:featuredmedia":[{"embeddable":true,"href":"https:\/\/jornaldasoficinas.com\/pt\/wp-json\/wp\/v2\/media\/15124"}],"wp:attachment":[{"href":"https:\/\/jornaldasoficinas.com\/pt\/wp-json\/wp\/v2\/media?parent=15126"}],"wp:term":[{"taxonomy":"category","embeddable":true,"href":"https:\/\/jornaldasoficinas.com\/pt\/wp-json\/wp\/v2\/categories?post=15126"},{"taxonomy":"post_tag","embeddable":true,"href":"https:\/\/jornaldasoficinas.com\/pt\/wp-json\/wp\/v2\/tags?post=15126"}],"curies":[{"name":"wp","href":"https:\/\/api.w.org\/{rel}","templated":true}]}}