{"id":15288,"date":"2020-08-15T12:00:07","date_gmt":"2020-08-15T11:00:07","guid":{"rendered":"https:\/\/jornaldasoficinas.com\/pt\/?p=15288"},"modified":"2023-07-20T16:06:08","modified_gmt":"2023-07-20T15:06:08","slug":"hyundai-apresenta-diferencas-entre-hibridos-e-eletricos","status":"publish","type":"post","link":"https:\/\/jornaldasoficinas.com\/pt\/hyundai-apresenta-diferencas-entre-hibridos-e-eletricos\/","title":{"rendered":"Hyundai apresenta diferen\u00e7as entre H\u00edbridos e El\u00e9tricos"},"content":{"rendered":"<p><strong><img loading=\"lazy\" decoding=\"async\" class=\"alignnone wp-image-15252 size-full\" src=\"https:\/\/jornaldasoficinas.com\/pt\/wp-content\/uploads\/2020\/08\/Hyundai-apresenta.jpg\" alt=\"08 - Hyundai-apresenta\" width=\"1024\" height=\"581\" srcset=\"https:\/\/jornaldasoficinas.com\/pt\/wp-content\/uploads\/2020\/08\/Hyundai-apresenta.jpg 1024w, https:\/\/jornaldasoficinas.com\/pt\/wp-content\/uploads\/2020\/08\/Hyundai-apresenta-300x170.jpg 300w, https:\/\/jornaldasoficinas.com\/pt\/wp-content\/uploads\/2020\/08\/Hyundai-apresenta-150x85.jpg 150w, https:\/\/jornaldasoficinas.com\/pt\/wp-content\/uploads\/2020\/08\/Hyundai-apresenta-768x436.jpg 768w\" sizes=\"auto, (max-width: 1024px) 100vw, 1024px\" \/><\/strong><\/p>\n<p><strong>As tecnologias H\u00edbrida e El\u00e9trica s\u00e3o semelhantes em algumas carater\u00edsticas, mas nem sempre \u00e9 f\u00e1cil distinguir um <a href=\"https:\/\/blueacademy.hyundai.pt\/carros-hibridos\/\" target=\"_blank\" rel=\"noopener\">autom\u00f3vel h\u00edbrido<\/a> de um el\u00e9trico.<\/strong><\/p>\n<p>A Hyundai Portugal criou uma plataforma, a Blue Academy, com o objetivo de esclarecer e responder a todas as d\u00favidas: como saber optar por uma das duas tecnologias, quais as diferen\u00e7as entre as mesmas e quanto \u00e9 poss\u00edvel poupar com elas.<\/p>\n<p><strong>Tecnologia H\u00edbrida<br \/>\n<\/strong>A tecnologia h\u00edbrida agrega diferentes tipos de tecnologias: H\u00edbridos convencionais, 48V\/Mild-Hybrid e H\u00edbrido Plug-in. A Hyundai \u00e9 a \u00fanica marca a disponibilizar a mais vasta gama de solu\u00e7\u00f5es eletrificadas e, por isso, na gama Hyundai, encontramos v\u00e1rios modelos que incorporam estas tecnologias. O Hyundai Kauai est\u00e1 dispon\u00edvel na vers\u00e3o h\u00edbrida e o Hyundai IONIQ est\u00e1 dispon\u00edvel com motoriza\u00e7\u00e3o h\u00edbrida e h\u00edbrida plug-in. Por fim, podemos encontrar o 48V\/Mild-Hybrid dispon\u00edvel no Hyundai Tucson.<\/p>\n<p>Os ve\u00edculos h\u00edbridos convencionais conjugam dois tipos de motores: o motor el\u00e9trico e o motor a combust\u00e3o. A fun\u00e7\u00e3o do motor el\u00e9trico \u00e9 auxiliar o motor a combust\u00e3o. A principal vantagem deste tipo de tecnologia \u00e9 a redu\u00e7\u00e3o no consumo de combust\u00edvel e na emiss\u00e3o de gases poluentes, pois o motor el\u00e9trico acaba por diminuir o tempo de funcionamento do motor a combust\u00e3o.<\/p>\n<p>Os ve\u00edculos com tecnologia 48V\/Mild-Hybrid, conjugam o funcionamento do motor a combust\u00e3o com o \u201cmotor\u201d el\u00e9trico, mas n\u00e3o permitem uma condu\u00e7\u00e3o exclusivamente el\u00e9trica. O motor el\u00e9trico de 48V deste sistema \u00e9 simplesmente um auxiliar do motor a combust\u00e3o, permitindo a diminui\u00e7\u00e3o do consumo de combust\u00edvel e a emiss\u00e3o de gases poluentes ao auxiliar o arranque e a acelera\u00e7\u00e3o do ve\u00edculo, e ao acrescentar at\u00e9 12kW de pot\u00eancia ao autom\u00f3vel. Estes ve\u00edculos n\u00e3o podem ser carregados externamente. A energia do motor el\u00e9trico \u00e9 regenerada nos momentos de desacelera\u00e7\u00e3o ou travagem do ve\u00edculo, tal como acontece por exemplo no Hyundai Tucson 48V.<\/p>\n<p>Os ve\u00edculos com tecnologia Plug-in, ao contr\u00e1rio dos autom\u00f3veis mild hybrid, conseguem circular exclusivamente com a energia do motor el\u00e9trico. Ap\u00f3s esgotada a energia do motor el\u00e9trico, este circular\u00e1 com a energia gerada pelo motor a combust\u00e3o. Tal como os autom\u00f3veis com a tecnologia mild hybrid, tamb\u00e9m a energia do motor dos h\u00edbridos plug-in \u00e9 regenerada nos momentos de desacelera\u00e7\u00e3o ou travagem do ve\u00edculo. Para al\u00e9m de poderem circular exclusivamente em modo el\u00e9trico, os h\u00edbridos plug-in t\u00eam ainda outra grande diferen\u00e7a face aos mild hybrid: podem ser carregados externamente, ou seja, atrav\u00e9s de uma liga\u00e7\u00e3o \u00e0 rede el\u00e9trica.<\/p>\n<p><strong>Tecnologia El\u00e9trica<br \/>\n<\/strong>Ao contr\u00e1rio dos ve\u00edculos h\u00edbridos, os <a href=\"https:\/\/blueacademy.hyundai.pt\/carros-eletricos\/\" target=\"_blank\" rel=\"noopener\">ve\u00edculos el\u00e9tricos<\/a> s\u00f3 t\u00eam um motor el\u00e9trico. Assim, circulam sempre em modo el\u00e9trico, n\u00e3o havendo consumo de combust\u00edvel ou emiss\u00e3o de gases poluentes.<\/p>\n<p>Tal como acontece com os ve\u00edculos h\u00edbridos, tamb\u00e9m a energia do motor el\u00e9trico dos ve\u00edculos 100% el\u00e9tricos \u00e9 regenerada quando o ve\u00edculo se encontra em desacelera\u00e7\u00e3o ou travagem. Por\u00e9m, o meio de carregamento deste tipo de ve\u00edculos \u00e9 atrav\u00e9s da conex\u00e3o do autom\u00f3vel \u00e0 rede de energia el\u00e9trica, uma vez que alguns destes ve\u00edculos j\u00e1 apresentam autonomias superiores a 400 quil\u00f3metros, como \u00e9 o caso do novo Hyundai KAUAI Electric que apresenta uma autonomia de cerca de 450 km.<\/p>\n<p>Dependendo da capacidade do autom\u00f3vel e da pot\u00eancia da rede el\u00e9trica, a carga total de um ve\u00edculo el\u00e9trico pode ser atingida em cerca de uma hora ou at\u00e9 menos, como acontece no Hyundai IONIQ Eletric que possibilita um carregamento r\u00e1pido em cerca de 23 minutos.<\/p>\n<p>Os ve\u00edculos a Hidrog\u00e9nio, como o Hyundai Nexo, s\u00e3o considerados ve\u00edculos el\u00e9tricos porque utilizam energia el\u00e9trica, combinando oxig\u00e9nio e hidrog\u00e9nio para criar um fluxo de eletr\u00f5es que, por sua vez, d\u00e3o energia ao motor el\u00e9trico e carregam a bateria.<\/p>\n<p>Existem diferen\u00e7as entre os ve\u00edculos totalmente el\u00e9tricos e ve\u00edculos a hidrog\u00e9nio: os ve\u00edculos el\u00e9tricos carregam-se, principalmente, atrav\u00e9s da rede el\u00e9trica, enquanto que os ve\u00edculos a hidrog\u00e9nio s\u00e3o abastecidos com hidrog\u00e9nio. Os autom\u00f3veis a hidrog\u00e9nio s\u00e3o ainda mais amigos do ambiente pois, para al\u00e9m de n\u00e3o consumirem combust\u00edvel ou emitirem gases poluentes, ainda purificam o ar ao emitirem vapor de ar.<\/p>\n<p><strong>Poupar com ve\u00edculos el\u00e9tricos<br \/>\n<\/strong>Com um ve\u00edculo el\u00e9trico \u00e9 poss\u00edvel poupar no combust\u00edvel, manuten\u00e7\u00e3o e ainda ter benef\u00edcios fiscais.<\/p>\n<p>O custo de carregamento de um ve\u00edculo el\u00e9trico \u00e9 bastante inferior ao custo de abastecimento de um ve\u00edculo a combust\u00e3o pelo facto de a energia el\u00e9trica ser mais barata que o combust\u00edvel.<\/p>\n<p>Embora a poupan\u00e7a com o abastecimento seja o destaque na poupan\u00e7a com os ve\u00edculos el\u00e9tricos, \u00e9 poss\u00edvel ainda poupar na manuten\u00e7\u00e3o, uma vez que os ve\u00edculos el\u00e9tricos t\u00eam menos componentes no motor quando comparados com ve\u00edculos a combust\u00e3o ou h\u00edbridos. Como tal, os custos da sua manuten\u00e7\u00e3o s\u00e3o tamb\u00e9m bastante inferiores.<\/p>\n<p><strong>Benef\u00edcios Fiscais<br \/>\n<\/strong>Seja h\u00edbrido ou el\u00e9trico, cada tecnologia tem os seus pontos fortes e fracos, dependendo das necessidades dos condutores. Contudo as tecnologias Plug-in, el\u00e9trico e hidrog\u00e9nio s\u00e3o as \u00fanicas com benef\u00edcios fiscais. Destacam-se, o incentivo monet\u00e1rio \u00e0 compra de um autom\u00f3vel 100% el\u00e9trico no valor de 3.000\u20ac, para o ano de 2020; a Isen\u00e7\u00e3o de ISV; e a Dedu\u00e7\u00e3o de IVA para empresas.<\/p>\n","protected":false},"excerpt":{"rendered":"<p>As tecnologias H\u00edbrida e El\u00e9trica s\u00e3o&#8230;<\/p>\n","protected":false},"author":15,"featured_media":15252,"comment_status":"closed","ping_status":"closed","sticky":false,"template":"","format":"standard","meta":{"footnotes":""},"categories":[29],"tags":[33],"class_list":["post-15288","post","type-post","status-publish","format-standard","has-post-thumbnail","hentry","category-empresas","tag-hyundai"],"yoast_head":"<!-- This site is optimized with the Yoast SEO plugin v27.4 - https:\/\/yoast.com\/product\/yoast-seo-wordpress\/ -->\n<title>Hyundai apresenta diferen\u00e7as entre H\u00edbridos e El\u00e9tricos - Jornal das Oficinas<\/title>\n<meta name=\"robots\" content=\"index, follow, max-snippet:-1, max-image-preview:large, max-video-preview:-1\" \/>\n<link rel=\"canonical\" href=\"https:\/\/jornaldasoficinas.com\/pt\/hyundai-apresenta-diferencas-entre-hibridos-e-eletricos\/\" \/>\n<meta property=\"og:locale\" content=\"pt_PT\" \/>\n<meta property=\"og:type\" content=\"article\" \/>\n<meta property=\"og:title\" content=\"Hyundai apresenta diferen\u00e7as entre H\u00edbridos e El\u00e9tricos - Jornal das Oficinas\" \/>\n<meta property=\"og:description\" content=\"As tecnologias H\u00edbrida e El\u00e9trica s\u00e3o...\" \/>\n<meta property=\"og:url\" content=\"https:\/\/jornaldasoficinas.com\/pt\/hyundai-apresenta-diferencas-entre-hibridos-e-eletricos\/\" \/>\n<meta property=\"og:site_name\" content=\"Jornal das Oficinas\" \/>\n<meta property=\"article:publisher\" content=\"https:\/\/www.facebook.com\/jornaloficinas\" \/>\n<meta property=\"article:published_time\" content=\"2020-08-15T11:00:07+00:00\" \/>\n<meta property=\"article:modified_time\" content=\"2023-07-20T15:06:08+00:00\" \/>\n<meta property=\"og:image\" content=\"https:\/\/jornaldasoficinas.com\/pt\/wp-content\/uploads\/2020\/08\/Hyundai-apresenta.jpg\" \/>\n\t<meta property=\"og:image:width\" content=\"1024\" \/>\n\t<meta property=\"og:image:height\" content=\"581\" \/>\n\t<meta property=\"og:image:type\" content=\"image\/jpeg\" \/>\n<meta name=\"author\" content=\"Reda\u00e7\u00e3o JO\" \/>\n<meta name=\"twitter:card\" content=\"summary_large_image\" \/>\n<meta name=\"twitter:creator\" content=\"@jornaloficinas\" \/>\n<meta name=\"twitter:site\" content=\"@jornaloficinas\" \/>\n<meta name=\"twitter:label1\" content=\"Escrito por\" \/>\n\t<meta name=\"twitter:data1\" content=\"Reda\u00e7\u00e3o JO\" \/>\n\t<meta name=\"twitter:label2\" content=\"Tempo estimado de leitura\" \/>\n\t<meta name=\"twitter:data2\" content=\"4 minutos\" \/>\n<script type=\"application\/ld+json\" class=\"yoast-schema-graph\">{\"@context\":\"https:\\\/\\\/schema.org\",\"@graph\":[{\"@type\":\"Article\",\"@id\":\"https:\\\/\\\/jornaldasoficinas.com\\\/pt\\\/hyundai-apresenta-diferencas-entre-hibridos-e-eletricos\\\/#article\",\"isPartOf\":{\"@id\":\"https:\\\/\\\/jornaldasoficinas.com\\\/pt\\\/hyundai-apresenta-diferencas-entre-hibridos-e-eletricos\\\/\"},\"author\":{\"name\":\"Reda\u00e7\u00e3o JO\",\"@id\":\"https:\\\/\\\/jornaldasoficinas.com\\\/pt\\\/#\\\/schema\\\/person\\\/a38eef5de2c41d9e7c9ac10141afddf3\"},\"headline\":\"Hyundai apresenta diferen\u00e7as entre H\u00edbridos e El\u00e9tricos\",\"datePublished\":\"2020-08-15T11:00:07+00:00\",\"dateModified\":\"2023-07-20T15:06:08+00:00\",\"mainEntityOfPage\":{\"@id\":\"https:\\\/\\\/jornaldasoficinas.com\\\/pt\\\/hyundai-apresenta-diferencas-entre-hibridos-e-eletricos\\\/\"},\"wordCount\":989,\"publisher\":{\"@id\":\"https:\\\/\\\/jornaldasoficinas.com\\\/pt\\\/#organization\"},\"image\":{\"@id\":\"https:\\\/\\\/jornaldasoficinas.com\\\/pt\\\/hyundai-apresenta-diferencas-entre-hibridos-e-eletricos\\\/#primaryimage\"},\"thumbnailUrl\":\"https:\\\/\\\/jornaldasoficinas.com\\\/pt\\\/wp-content\\\/uploads\\\/2020\\\/08\\\/Hyundai-apresenta.jpg\",\"keywords\":[\"Hyundai\"],\"articleSection\":[\"Empresas\"],\"inLanguage\":\"pt-PT\"},{\"@type\":\"WebPage\",\"@id\":\"https:\\\/\\\/jornaldasoficinas.com\\\/pt\\\/hyundai-apresenta-diferencas-entre-hibridos-e-eletricos\\\/\",\"url\":\"https:\\\/\\\/jornaldasoficinas.com\\\/pt\\\/hyundai-apresenta-diferencas-entre-hibridos-e-eletricos\\\/\",\"name\":\"Hyundai apresenta diferen\u00e7as entre H\u00edbridos e El\u00e9tricos - Jornal das Oficinas\",\"isPartOf\":{\"@id\":\"https:\\\/\\\/jornaldasoficinas.com\\\/pt\\\/#website\"},\"primaryImageOfPage\":{\"@id\":\"https:\\\/\\\/jornaldasoficinas.com\\\/pt\\\/hyundai-apresenta-diferencas-entre-hibridos-e-eletricos\\\/#primaryimage\"},\"image\":{\"@id\":\"https:\\\/\\\/jornaldasoficinas.com\\\/pt\\\/hyundai-apresenta-diferencas-entre-hibridos-e-eletricos\\\/#primaryimage\"},\"thumbnailUrl\":\"https:\\\/\\\/jornaldasoficinas.com\\\/pt\\\/wp-content\\\/uploads\\\/2020\\\/08\\\/Hyundai-apresenta.jpg\",\"datePublished\":\"2020-08-15T11:00:07+00:00\",\"dateModified\":\"2023-07-20T15:06:08+00:00\",\"breadcrumb\":{\"@id\":\"https:\\\/\\\/jornaldasoficinas.com\\\/pt\\\/hyundai-apresenta-diferencas-entre-hibridos-e-eletricos\\\/#breadcrumb\"},\"inLanguage\":\"pt-PT\",\"potentialAction\":[{\"@type\":\"ReadAction\",\"target\":[\"https:\\\/\\\/jornaldasoficinas.com\\\/pt\\\/hyundai-apresenta-diferencas-entre-hibridos-e-eletricos\\\/\"]}]},{\"@type\":\"ImageObject\",\"inLanguage\":\"pt-PT\",\"@id\":\"https:\\\/\\\/jornaldasoficinas.com\\\/pt\\\/hyundai-apresenta-diferencas-entre-hibridos-e-eletricos\\\/#primaryimage\",\"url\":\"https:\\\/\\\/jornaldasoficinas.com\\\/pt\\\/wp-content\\\/uploads\\\/2020\\\/08\\\/Hyundai-apresenta.jpg\",\"contentUrl\":\"https:\\\/\\\/jornaldasoficinas.com\\\/pt\\\/wp-content\\\/uploads\\\/2020\\\/08\\\/Hyundai-apresenta.jpg\",\"width\":1024,\"height\":581,\"caption\":\"08 - Hyundai-apresenta\"},{\"@type\":\"BreadcrumbList\",\"@id\":\"https:\\\/\\\/jornaldasoficinas.com\\\/pt\\\/hyundai-apresenta-diferencas-entre-hibridos-e-eletricos\\\/#breadcrumb\",\"itemListElement\":[{\"@type\":\"ListItem\",\"position\":1,\"name\":\"In\u00edcio\",\"item\":\"https:\\\/\\\/jornaldasoficinas.com\\\/pt\\\/\"},{\"@type\":\"ListItem\",\"position\":2,\"name\":\"Hyundai apresenta diferen\u00e7as entre H\u00edbridos e El\u00e9tricos\"}]},{\"@type\":\"WebSite\",\"@id\":\"https:\\\/\\\/jornaldasoficinas.com\\\/pt\\\/#website\",\"url\":\"https:\\\/\\\/jornaldasoficinas.com\\\/pt\\\/\",\"name\":\"Jornal das Oficinas\",\"description\":\"Jornal independente do Aftermarket Autom\u00f3vel em Portugal\",\"publisher\":{\"@id\":\"https:\\\/\\\/jornaldasoficinas.com\\\/pt\\\/#organization\"},\"potentialAction\":[{\"@type\":\"SearchAction\",\"target\":{\"@type\":\"EntryPoint\",\"urlTemplate\":\"https:\\\/\\\/jornaldasoficinas.com\\\/pt\\\/?s={search_term_string}\"},\"query-input\":{\"@type\":\"PropertyValueSpecification\",\"valueRequired\":true,\"valueName\":\"search_term_string\"}}],\"inLanguage\":\"pt-PT\"},{\"@type\":\"Organization\",\"@id\":\"https:\\\/\\\/jornaldasoficinas.com\\\/pt\\\/#organization\",\"name\":\"Jornal das Oficinas\",\"url\":\"https:\\\/\\\/jornaldasoficinas.com\\\/pt\\\/\",\"logo\":{\"@type\":\"ImageObject\",\"inLanguage\":\"pt-PT\",\"@id\":\"https:\\\/\\\/jornaldasoficinas.com\\\/pt\\\/#\\\/schema\\\/logo\\\/image\\\/\",\"url\":\"https:\\\/\\\/jornaldasoficinas.com\\\/pt\\\/wp-content\\\/uploads\\\/logoJO-SEO.png\",\"contentUrl\":\"https:\\\/\\\/jornaldasoficinas.com\\\/pt\\\/wp-content\\\/uploads\\\/logoJO-SEO.png\",\"width\":285,\"height\":450,\"caption\":\"Jornal das Oficinas\"},\"image\":{\"@id\":\"https:\\\/\\\/jornaldasoficinas.com\\\/pt\\\/#\\\/schema\\\/logo\\\/image\\\/\"},\"sameAs\":[\"https:\\\/\\\/www.facebook.com\\\/jornaloficinas\",\"https:\\\/\\\/x.com\\\/jornaloficinas\",\"https:\\\/\\\/www.instagram.com\\\/jornal_oficinas\\\/\",\"https:\\\/\\\/www.linkedin.com\\\/company\\\/jornal-das-oficinas\\\/\",\"https:\\\/\\\/www.youtube.com\\\/channel\\\/UCbQZBqtcvV-oSQrr7RzINGg\"]},{\"@type\":\"Person\",\"@id\":\"https:\\\/\\\/jornaldasoficinas.com\\\/pt\\\/#\\\/schema\\\/person\\\/a38eef5de2c41d9e7c9ac10141afddf3\",\"name\":\"Reda\u00e7\u00e3o JO\",\"image\":{\"@type\":\"ImageObject\",\"inLanguage\":\"pt-PT\",\"@id\":\"https:\\\/\\\/secure.gravatar.com\\\/avatar\\\/71f2fa71737ad68a84fea94bc708ddac8ea5b0c4788dc2ad202f3ccb2887742f?s=96&d=wp_user_avatar&r=g\",\"url\":\"https:\\\/\\\/secure.gravatar.com\\\/avatar\\\/71f2fa71737ad68a84fea94bc708ddac8ea5b0c4788dc2ad202f3ccb2887742f?s=96&d=wp_user_avatar&r=g\",\"contentUrl\":\"https:\\\/\\\/secure.gravatar.com\\\/avatar\\\/71f2fa71737ad68a84fea94bc708ddac8ea5b0c4788dc2ad202f3ccb2887742f?s=96&d=wp_user_avatar&r=g\",\"caption\":\"Reda\u00e7\u00e3o JO\"},\"url\":\"https:\\\/\\\/jornaldasoficinas.com\\\/pt\\\/author\\\/joredacao\\\/\"}]}<\/script>\n<!-- \/ Yoast SEO plugin. -->","yoast_head_json":{"title":"Hyundai apresenta diferen\u00e7as entre H\u00edbridos e El\u00e9tricos - Jornal das Oficinas","robots":{"index":"index","follow":"follow","max-snippet":"max-snippet:-1","max-image-preview":"max-image-preview:large","max-video-preview":"max-video-preview:-1"},"canonical":"https:\/\/jornaldasoficinas.com\/pt\/hyundai-apresenta-diferencas-entre-hibridos-e-eletricos\/","og_locale":"pt_PT","og_type":"article","og_title":"Hyundai apresenta diferen\u00e7as entre H\u00edbridos e El\u00e9tricos - Jornal das Oficinas","og_description":"As tecnologias H\u00edbrida e El\u00e9trica s\u00e3o...","og_url":"https:\/\/jornaldasoficinas.com\/pt\/hyundai-apresenta-diferencas-entre-hibridos-e-eletricos\/","og_site_name":"Jornal das Oficinas","article_publisher":"https:\/\/www.facebook.com\/jornaloficinas","article_published_time":"2020-08-15T11:00:07+00:00","article_modified_time":"2023-07-20T15:06:08+00:00","og_image":[{"width":1024,"height":581,"url":"https:\/\/jornaldasoficinas.com\/pt\/wp-content\/uploads\/2020\/08\/Hyundai-apresenta.jpg","type":"image\/jpeg"}],"author":"Reda\u00e7\u00e3o JO","twitter_card":"summary_large_image","twitter_creator":"@jornaloficinas","twitter_site":"@jornaloficinas","twitter_misc":{"Escrito por":"Reda\u00e7\u00e3o JO","Tempo estimado de leitura":"4 minutos"},"schema":{"@context":"https:\/\/schema.org","@graph":[{"@type":"Article","@id":"https:\/\/jornaldasoficinas.com\/pt\/hyundai-apresenta-diferencas-entre-hibridos-e-eletricos\/#article","isPartOf":{"@id":"https:\/\/jornaldasoficinas.com\/pt\/hyundai-apresenta-diferencas-entre-hibridos-e-eletricos\/"},"author":{"name":"Reda\u00e7\u00e3o JO","@id":"https:\/\/jornaldasoficinas.com\/pt\/#\/schema\/person\/a38eef5de2c41d9e7c9ac10141afddf3"},"headline":"Hyundai apresenta diferen\u00e7as entre H\u00edbridos e El\u00e9tricos","datePublished":"2020-08-15T11:00:07+00:00","dateModified":"2023-07-20T15:06:08+00:00","mainEntityOfPage":{"@id":"https:\/\/jornaldasoficinas.com\/pt\/hyundai-apresenta-diferencas-entre-hibridos-e-eletricos\/"},"wordCount":989,"publisher":{"@id":"https:\/\/jornaldasoficinas.com\/pt\/#organization"},"image":{"@id":"https:\/\/jornaldasoficinas.com\/pt\/hyundai-apresenta-diferencas-entre-hibridos-e-eletricos\/#primaryimage"},"thumbnailUrl":"https:\/\/jornaldasoficinas.com\/pt\/wp-content\/uploads\/2020\/08\/Hyundai-apresenta.jpg","keywords":["Hyundai"],"articleSection":["Empresas"],"inLanguage":"pt-PT"},{"@type":"WebPage","@id":"https:\/\/jornaldasoficinas.com\/pt\/hyundai-apresenta-diferencas-entre-hibridos-e-eletricos\/","url":"https:\/\/jornaldasoficinas.com\/pt\/hyundai-apresenta-diferencas-entre-hibridos-e-eletricos\/","name":"Hyundai apresenta diferen\u00e7as entre H\u00edbridos e El\u00e9tricos - Jornal das Oficinas","isPartOf":{"@id":"https:\/\/jornaldasoficinas.com\/pt\/#website"},"primaryImageOfPage":{"@id":"https:\/\/jornaldasoficinas.com\/pt\/hyundai-apresenta-diferencas-entre-hibridos-e-eletricos\/#primaryimage"},"image":{"@id":"https:\/\/jornaldasoficinas.com\/pt\/hyundai-apresenta-diferencas-entre-hibridos-e-eletricos\/#primaryimage"},"thumbnailUrl":"https:\/\/jornaldasoficinas.com\/pt\/wp-content\/uploads\/2020\/08\/Hyundai-apresenta.jpg","datePublished":"2020-08-15T11:00:07+00:00","dateModified":"2023-07-20T15:06:08+00:00","breadcrumb":{"@id":"https:\/\/jornaldasoficinas.com\/pt\/hyundai-apresenta-diferencas-entre-hibridos-e-eletricos\/#breadcrumb"},"inLanguage":"pt-PT","potentialAction":[{"@type":"ReadAction","target":["https:\/\/jornaldasoficinas.com\/pt\/hyundai-apresenta-diferencas-entre-hibridos-e-eletricos\/"]}]},{"@type":"ImageObject","inLanguage":"pt-PT","@id":"https:\/\/jornaldasoficinas.com\/pt\/hyundai-apresenta-diferencas-entre-hibridos-e-eletricos\/#primaryimage","url":"https:\/\/jornaldasoficinas.com\/pt\/wp-content\/uploads\/2020\/08\/Hyundai-apresenta.jpg","contentUrl":"https:\/\/jornaldasoficinas.com\/pt\/wp-content\/uploads\/2020\/08\/Hyundai-apresenta.jpg","width":1024,"height":581,"caption":"08 - Hyundai-apresenta"},{"@type":"BreadcrumbList","@id":"https:\/\/jornaldasoficinas.com\/pt\/hyundai-apresenta-diferencas-entre-hibridos-e-eletricos\/#breadcrumb","itemListElement":[{"@type":"ListItem","position":1,"name":"In\u00edcio","item":"https:\/\/jornaldasoficinas.com\/pt\/"},{"@type":"ListItem","position":2,"name":"Hyundai apresenta diferen\u00e7as entre H\u00edbridos e El\u00e9tricos"}]},{"@type":"WebSite","@id":"https:\/\/jornaldasoficinas.com\/pt\/#website","url":"https:\/\/jornaldasoficinas.com\/pt\/","name":"Jornal das Oficinas","description":"Jornal independente do Aftermarket Autom\u00f3vel em Portugal","publisher":{"@id":"https:\/\/jornaldasoficinas.com\/pt\/#organization"},"potentialAction":[{"@type":"SearchAction","target":{"@type":"EntryPoint","urlTemplate":"https:\/\/jornaldasoficinas.com\/pt\/?s={search_term_string}"},"query-input":{"@type":"PropertyValueSpecification","valueRequired":true,"valueName":"search_term_string"}}],"inLanguage":"pt-PT"},{"@type":"Organization","@id":"https:\/\/jornaldasoficinas.com\/pt\/#organization","name":"Jornal das Oficinas","url":"https:\/\/jornaldasoficinas.com\/pt\/","logo":{"@type":"ImageObject","inLanguage":"pt-PT","@id":"https:\/\/jornaldasoficinas.com\/pt\/#\/schema\/logo\/image\/","url":"https:\/\/jornaldasoficinas.com\/pt\/wp-content\/uploads\/logoJO-SEO.png","contentUrl":"https:\/\/jornaldasoficinas.com\/pt\/wp-content\/uploads\/logoJO-SEO.png","width":285,"height":450,"caption":"Jornal das Oficinas"},"image":{"@id":"https:\/\/jornaldasoficinas.com\/pt\/#\/schema\/logo\/image\/"},"sameAs":["https:\/\/www.facebook.com\/jornaloficinas","https:\/\/x.com\/jornaloficinas","https:\/\/www.instagram.com\/jornal_oficinas\/","https:\/\/www.linkedin.com\/company\/jornal-das-oficinas\/","https:\/\/www.youtube.com\/channel\/UCbQZBqtcvV-oSQrr7RzINGg"]},{"@type":"Person","@id":"https:\/\/jornaldasoficinas.com\/pt\/#\/schema\/person\/a38eef5de2c41d9e7c9ac10141afddf3","name":"Reda\u00e7\u00e3o JO","image":{"@type":"ImageObject","inLanguage":"pt-PT","@id":"https:\/\/secure.gravatar.com\/avatar\/71f2fa71737ad68a84fea94bc708ddac8ea5b0c4788dc2ad202f3ccb2887742f?s=96&d=wp_user_avatar&r=g","url":"https:\/\/secure.gravatar.com\/avatar\/71f2fa71737ad68a84fea94bc708ddac8ea5b0c4788dc2ad202f3ccb2887742f?s=96&d=wp_user_avatar&r=g","contentUrl":"https:\/\/secure.gravatar.com\/avatar\/71f2fa71737ad68a84fea94bc708ddac8ea5b0c4788dc2ad202f3ccb2887742f?s=96&d=wp_user_avatar&r=g","caption":"Reda\u00e7\u00e3o JO"},"url":"https:\/\/jornaldasoficinas.com\/pt\/author\/joredacao\/"}]}},"_links":{"self":[{"href":"https:\/\/jornaldasoficinas.com\/pt\/wp-json\/wp\/v2\/posts\/15288","targetHints":{"allow":["GET"]}}],"collection":[{"href":"https:\/\/jornaldasoficinas.com\/pt\/wp-json\/wp\/v2\/posts"}],"about":[{"href":"https:\/\/jornaldasoficinas.com\/pt\/wp-json\/wp\/v2\/types\/post"}],"author":[{"embeddable":true,"href":"https:\/\/jornaldasoficinas.com\/pt\/wp-json\/wp\/v2\/users\/15"}],"replies":[{"embeddable":true,"href":"https:\/\/jornaldasoficinas.com\/pt\/wp-json\/wp\/v2\/comments?post=15288"}],"version-history":[{"count":0,"href":"https:\/\/jornaldasoficinas.com\/pt\/wp-json\/wp\/v2\/posts\/15288\/revisions"}],"wp:featuredmedia":[{"embeddable":true,"href":"https:\/\/jornaldasoficinas.com\/pt\/wp-json\/wp\/v2\/media\/15252"}],"wp:attachment":[{"href":"https:\/\/jornaldasoficinas.com\/pt\/wp-json\/wp\/v2\/media?parent=15288"}],"wp:term":[{"taxonomy":"category","embeddable":true,"href":"https:\/\/jornaldasoficinas.com\/pt\/wp-json\/wp\/v2\/categories?post=15288"},{"taxonomy":"post_tag","embeddable":true,"href":"https:\/\/jornaldasoficinas.com\/pt\/wp-json\/wp\/v2\/tags?post=15288"}],"curies":[{"name":"wp","href":"https:\/\/api.w.org\/{rel}","templated":true}]}}