{"id":15407,"date":"2020-08-26T19:55:07","date_gmt":"2020-08-26T18:55:07","guid":{"rendered":"https:\/\/jornaldasoficinas.com\/pt\/?p=15407"},"modified":"2020-08-26T19:56:40","modified_gmt":"2020-08-26T18:56:40","slug":"krautli-e-o-novo-distribuidor-oficial-da-blaupunkt","status":"publish","type":"post","link":"https:\/\/jornaldasoficinas.com\/pt\/krautli-e-o-novo-distribuidor-oficial-da-blaupunkt\/","title":{"rendered":"Krautli \u00e9 o novo distribuidor oficial da BLAUPUNKT"},"content":{"rendered":"<p><img loading=\"lazy\" decoding=\"async\" class=\"alignnone wp-image-15402 size-full\" src=\"https:\/\/jornaldasoficinas.com\/pt\/wp-content\/uploads\/2020\/08\/Krautli-e\u0301-o-novo-distribuidor.jpg\" alt=\"08 - Krautli-e\u0301-o-novo-distribuidor\" width=\"1024\" height=\"581\" srcset=\"https:\/\/jornaldasoficinas.com\/pt\/wp-content\/uploads\/2020\/08\/Krautli-e\u0301-o-novo-distribuidor.jpg 1024w, https:\/\/jornaldasoficinas.com\/pt\/wp-content\/uploads\/2020\/08\/Krautli-e\u0301-o-novo-distribuidor-300x170.jpg 300w, https:\/\/jornaldasoficinas.com\/pt\/wp-content\/uploads\/2020\/08\/Krautli-e\u0301-o-novo-distribuidor-150x85.jpg 150w, https:\/\/jornaldasoficinas.com\/pt\/wp-content\/uploads\/2020\/08\/Krautli-e\u0301-o-novo-distribuidor-768x436.jpg 768w\" sizes=\"auto, (max-width: 1024px) 100vw, 1024px\" \/><\/p>\n<p><strong>Krautli Portugal \u00e9 o novo Distribuidor Oficial para Portugal da marca alem\u00e3 BLAUPUNKT. Como uma das empresas l\u00edderes no com\u00e9rcio de solu\u00e7\u00f5es de infotainment e multim\u00e9dia para autom\u00f3veis, a Krautli expande a sua oferta com esta marca cuja qualidade dispensa apresenta\u00e7\u00f5es.<\/strong><\/p>\n<p>Fundada na Alemanha em 1924, a BLAUPUNKT iniciou o seu programa com a produ\u00e7\u00e3o de auscultadores e recetores. J\u00e1 em 1932 iniciou a comercializa\u00e7\u00e3o a n\u00edvel mundial de r\u00e1dios para autom\u00f3veis. Atualmente, a BLAUPUNKT oferece uma vasta gama de produtos multim\u00e9dia, tais como r\u00e1dios, colunas, sistemas de assist\u00eancia \u00e0 condu\u00e7\u00e3o e sistemas de navega\u00e7\u00e3o.<\/p>\n<p>As inova\u00e7\u00f5es da BLAUPUNKT incluem sistemas multim\u00e9dia 1-DIN e 2-DIN para autom\u00f3veis, cami\u00f5es e caravanas, colunas, bem como todo o tipo de acess\u00f3rios para r\u00e1dios (antenas, cabos, etc.) e c\u00e2maras de tablier. Os sistemas est\u00e3o equipados com a mais recente tecnologia e permitem conectividade com smartphones. Oferecem at\u00e9 a possibilidade de espelhar o ecr\u00e3 de um smartphone iOS ou Android diretamente no ecr\u00e3 do sistema multim\u00e9dia.<\/p>\n<p>A BLAUPUNKT distingue-se dos outros fornecedores com um design muito simples. Ao longo dos anos, alguns modelos tornaram-se verdadeiros objectos de culto. Um desses modelos \u00e9 o lend\u00e1rio BLAUPUNKT &#8220;Bremen SQR 46&#8221;, de 1986. A marca est\u00e1 a promover a reinterpreta\u00e7\u00e3o do popular autorr\u00e1dio 1-DIN, combinando os USPs do modelo dos anos 80 com novas tecnologias e fun\u00e7\u00f5es \u2013 o resultado \u00e9 o &#8220;Bremen SQR 46 DAB&#8221;. O novo modelo tem uma profundidade adaptada para os Youngtimer com gavetas de instala\u00e7\u00e3o mais curtas.<\/p>\n<p>Com esta importante incorpora\u00e7\u00e3o, a Krautli Portugal aumenta o seu vasto portef\u00f3lio de produtos e refor\u00e7a a sua posi\u00e7\u00e3o de fornecedor global de marcas Premium no sector Aftermarket.<\/p>\n<p><img loading=\"lazy\" decoding=\"async\" class=\"size-medium wp-image-15409 alignleft\" src=\"https:\/\/jornaldasoficinas.com\/pt\/wp-content\/uploads\/2020\/08\/BLAUPUNKT-Bremen-SQR-46-1-300x170.jpg\" alt=\"08 - BLAUPUNKT-Bremen-SQR-46-1\" width=\"300\" height=\"170\" srcset=\"https:\/\/jornaldasoficinas.com\/pt\/wp-content\/uploads\/2020\/08\/BLAUPUNKT-Bremen-SQR-46-1-300x170.jpg 300w, https:\/\/jornaldasoficinas.com\/pt\/wp-content\/uploads\/2020\/08\/BLAUPUNKT-Bremen-SQR-46-1-150x85.jpg 150w, https:\/\/jornaldasoficinas.com\/pt\/wp-content\/uploads\/2020\/08\/BLAUPUNKT-Bremen-SQR-46-1-768x436.jpg 768w, https:\/\/jornaldasoficinas.com\/pt\/wp-content\/uploads\/2020\/08\/BLAUPUNKT-Bremen-SQR-46-1.jpg 1024w\" sizes=\"auto, (max-width: 300px) 100vw, 300px\" \/><img loading=\"lazy\" decoding=\"async\" class=\"alignnone size-medium wp-image-15410\" src=\"https:\/\/jornaldasoficinas.com\/pt\/wp-content\/uploads\/2020\/08\/BLAUPUNKT-Bremen-SQR-46-300x170.jpg\" alt=\"08 - BLAUPUNKT-Bremen-SQR-46\" width=\"300\" height=\"170\" srcset=\"https:\/\/jornaldasoficinas.com\/pt\/wp-content\/uploads\/2020\/08\/BLAUPUNKT-Bremen-SQR-46-300x170.jpg 300w, https:\/\/jornaldasoficinas.com\/pt\/wp-content\/uploads\/2020\/08\/BLAUPUNKT-Bremen-SQR-46-150x85.jpg 150w, https:\/\/jornaldasoficinas.com\/pt\/wp-content\/uploads\/2020\/08\/BLAUPUNKT-Bremen-SQR-46-768x436.jpg 768w, https:\/\/jornaldasoficinas.com\/pt\/wp-content\/uploads\/2020\/08\/BLAUPUNKT-Bremen-SQR-46.jpg 1024w\" sizes=\"auto, (max-width: 300px) 100vw, 300px\" \/><\/p>\n","protected":false},"excerpt":{"rendered":"<p>Krautli Portugal \u00e9 o novo Distribuidor&#8230;<\/p>\n","protected":false},"author":15,"featured_media":15402,"comment_status":"closed","ping_status":"closed","sticky":false,"template":"","format":"standard","meta":{"footnotes":""},"categories":[6],"tags":[2414,290],"class_list":["post-15407","post","type-post","status-publish","format-standard","has-post-thumbnail","hentry","category-equipamentos","tag-blaupunkt","tag-krautli"],"yoast_head":"<!-- This site is optimized with the Yoast SEO plugin v27.4 - https:\/\/yoast.com\/product\/yoast-seo-wordpress\/ -->\n<title>Krautli \u00e9 o novo distribuidor oficial da BLAUPUNKT - Jornal das Oficinas<\/title>\n<meta name=\"robots\" content=\"index, follow, max-snippet:-1, max-image-preview:large, max-video-preview:-1\" \/>\n<link rel=\"canonical\" href=\"https:\/\/jornaldasoficinas.com\/pt\/krautli-e-o-novo-distribuidor-oficial-da-blaupunkt\/\" \/>\n<meta property=\"og:locale\" content=\"pt_PT\" \/>\n<meta property=\"og:type\" content=\"article\" \/>\n<meta property=\"og:title\" content=\"Krautli \u00e9 o novo distribuidor oficial da BLAUPUNKT - Jornal das Oficinas\" \/>\n<meta property=\"og:description\" content=\"Krautli Portugal \u00e9 o novo Distribuidor...\" \/>\n<meta property=\"og:url\" content=\"https:\/\/jornaldasoficinas.com\/pt\/krautli-e-o-novo-distribuidor-oficial-da-blaupunkt\/\" \/>\n<meta property=\"og:site_name\" content=\"Jornal das Oficinas\" \/>\n<meta property=\"article:publisher\" content=\"https:\/\/www.facebook.com\/jornaloficinas\" \/>\n<meta property=\"article:published_time\" content=\"2020-08-26T18:55:07+00:00\" \/>\n<meta property=\"article:modified_time\" content=\"2020-08-26T18:56:40+00:00\" \/>\n<meta property=\"og:image\" content=\"https:\/\/jornaldasoficinas.com\/pt\/wp-content\/uploads\/2020\/08\/Krautli-e\u0301-o-novo-distribuidor.jpg\" \/>\n\t<meta property=\"og:image:width\" content=\"1024\" \/>\n\t<meta property=\"og:image:height\" content=\"581\" \/>\n\t<meta property=\"og:image:type\" content=\"image\/jpeg\" \/>\n<meta name=\"author\" content=\"Reda\u00e7\u00e3o JO\" \/>\n<meta name=\"twitter:card\" content=\"summary_large_image\" \/>\n<meta name=\"twitter:creator\" content=\"@jornaloficinas\" \/>\n<meta name=\"twitter:site\" content=\"@jornaloficinas\" \/>\n<meta name=\"twitter:label1\" content=\"Escrito por\" \/>\n\t<meta name=\"twitter:data1\" content=\"Reda\u00e7\u00e3o JO\" \/>\n\t<meta name=\"twitter:label2\" content=\"Tempo estimado de leitura\" \/>\n\t<meta name=\"twitter:data2\" content=\"1 minuto\" \/>\n<script type=\"application\/ld+json\" class=\"yoast-schema-graph\">{\"@context\":\"https:\\\/\\\/schema.org\",\"@graph\":[{\"@type\":\"Article\",\"@id\":\"https:\\\/\\\/jornaldasoficinas.com\\\/pt\\\/krautli-e-o-novo-distribuidor-oficial-da-blaupunkt\\\/#article\",\"isPartOf\":{\"@id\":\"https:\\\/\\\/jornaldasoficinas.com\\\/pt\\\/krautli-e-o-novo-distribuidor-oficial-da-blaupunkt\\\/\"},\"author\":{\"name\":\"Reda\u00e7\u00e3o JO\",\"@id\":\"https:\\\/\\\/jornaldasoficinas.com\\\/pt\\\/#\\\/schema\\\/person\\\/a38eef5de2c41d9e7c9ac10141afddf3\"},\"headline\":\"Krautli \u00e9 o novo distribuidor oficial da BLAUPUNKT\",\"datePublished\":\"2020-08-26T18:55:07+00:00\",\"dateModified\":\"2020-08-26T18:56:40+00:00\",\"mainEntityOfPage\":{\"@id\":\"https:\\\/\\\/jornaldasoficinas.com\\\/pt\\\/krautli-e-o-novo-distribuidor-oficial-da-blaupunkt\\\/\"},\"wordCount\":302,\"publisher\":{\"@id\":\"https:\\\/\\\/jornaldasoficinas.com\\\/pt\\\/#organization\"},\"image\":{\"@id\":\"https:\\\/\\\/jornaldasoficinas.com\\\/pt\\\/krautli-e-o-novo-distribuidor-oficial-da-blaupunkt\\\/#primaryimage\"},\"thumbnailUrl\":\"https:\\\/\\\/jornaldasoficinas.com\\\/pt\\\/wp-content\\\/uploads\\\/2020\\\/08\\\/Krautli-e\u0301-o-novo-distribuidor.jpg\",\"keywords\":[\"Blaupunkt\",\"Krautli\"],\"articleSection\":[\"Equipamentos\"],\"inLanguage\":\"pt-PT\"},{\"@type\":\"WebPage\",\"@id\":\"https:\\\/\\\/jornaldasoficinas.com\\\/pt\\\/krautli-e-o-novo-distribuidor-oficial-da-blaupunkt\\\/\",\"url\":\"https:\\\/\\\/jornaldasoficinas.com\\\/pt\\\/krautli-e-o-novo-distribuidor-oficial-da-blaupunkt\\\/\",\"name\":\"Krautli \u00e9 o novo distribuidor oficial da BLAUPUNKT - Jornal das Oficinas\",\"isPartOf\":{\"@id\":\"https:\\\/\\\/jornaldasoficinas.com\\\/pt\\\/#website\"},\"primaryImageOfPage\":{\"@id\":\"https:\\\/\\\/jornaldasoficinas.com\\\/pt\\\/krautli-e-o-novo-distribuidor-oficial-da-blaupunkt\\\/#primaryimage\"},\"image\":{\"@id\":\"https:\\\/\\\/jornaldasoficinas.com\\\/pt\\\/krautli-e-o-novo-distribuidor-oficial-da-blaupunkt\\\/#primaryimage\"},\"thumbnailUrl\":\"https:\\\/\\\/jornaldasoficinas.com\\\/pt\\\/wp-content\\\/uploads\\\/2020\\\/08\\\/Krautli-e\u0301-o-novo-distribuidor.jpg\",\"datePublished\":\"2020-08-26T18:55:07+00:00\",\"dateModified\":\"2020-08-26T18:56:40+00:00\",\"breadcrumb\":{\"@id\":\"https:\\\/\\\/jornaldasoficinas.com\\\/pt\\\/krautli-e-o-novo-distribuidor-oficial-da-blaupunkt\\\/#breadcrumb\"},\"inLanguage\":\"pt-PT\",\"potentialAction\":[{\"@type\":\"ReadAction\",\"target\":[\"https:\\\/\\\/jornaldasoficinas.com\\\/pt\\\/krautli-e-o-novo-distribuidor-oficial-da-blaupunkt\\\/\"]}]},{\"@type\":\"ImageObject\",\"inLanguage\":\"pt-PT\",\"@id\":\"https:\\\/\\\/jornaldasoficinas.com\\\/pt\\\/krautli-e-o-novo-distribuidor-oficial-da-blaupunkt\\\/#primaryimage\",\"url\":\"https:\\\/\\\/jornaldasoficinas.com\\\/pt\\\/wp-content\\\/uploads\\\/2020\\\/08\\\/Krautli-e\u0301-o-novo-distribuidor.jpg\",\"contentUrl\":\"https:\\\/\\\/jornaldasoficinas.com\\\/pt\\\/wp-content\\\/uploads\\\/2020\\\/08\\\/Krautli-e\u0301-o-novo-distribuidor.jpg\",\"width\":1024,\"height\":581,\"caption\":\"08 - Krautli-e\u0301-o-novo-distribuidor\"},{\"@type\":\"BreadcrumbList\",\"@id\":\"https:\\\/\\\/jornaldasoficinas.com\\\/pt\\\/krautli-e-o-novo-distribuidor-oficial-da-blaupunkt\\\/#breadcrumb\",\"itemListElement\":[{\"@type\":\"ListItem\",\"position\":1,\"name\":\"In\u00edcio\",\"item\":\"https:\\\/\\\/jornaldasoficinas.com\\\/pt\\\/\"},{\"@type\":\"ListItem\",\"position\":2,\"name\":\"Krautli \u00e9 o novo distribuidor oficial da BLAUPUNKT\"}]},{\"@type\":\"WebSite\",\"@id\":\"https:\\\/\\\/jornaldasoficinas.com\\\/pt\\\/#website\",\"url\":\"https:\\\/\\\/jornaldasoficinas.com\\\/pt\\\/\",\"name\":\"Jornal das Oficinas\",\"description\":\"Jornal independente do Aftermarket Autom\u00f3vel em Portugal\",\"publisher\":{\"@id\":\"https:\\\/\\\/jornaldasoficinas.com\\\/pt\\\/#organization\"},\"potentialAction\":[{\"@type\":\"SearchAction\",\"target\":{\"@type\":\"EntryPoint\",\"urlTemplate\":\"https:\\\/\\\/jornaldasoficinas.com\\\/pt\\\/?s={search_term_string}\"},\"query-input\":{\"@type\":\"PropertyValueSpecification\",\"valueRequired\":true,\"valueName\":\"search_term_string\"}}],\"inLanguage\":\"pt-PT\"},{\"@type\":\"Organization\",\"@id\":\"https:\\\/\\\/jornaldasoficinas.com\\\/pt\\\/#organization\",\"name\":\"Jornal das Oficinas\",\"url\":\"https:\\\/\\\/jornaldasoficinas.com\\\/pt\\\/\",\"logo\":{\"@type\":\"ImageObject\",\"inLanguage\":\"pt-PT\",\"@id\":\"https:\\\/\\\/jornaldasoficinas.com\\\/pt\\\/#\\\/schema\\\/logo\\\/image\\\/\",\"url\":\"https:\\\/\\\/jornaldasoficinas.com\\\/pt\\\/wp-content\\\/uploads\\\/logoJO-SEO.png\",\"contentUrl\":\"https:\\\/\\\/jornaldasoficinas.com\\\/pt\\\/wp-content\\\/uploads\\\/logoJO-SEO.png\",\"width\":285,\"height\":450,\"caption\":\"Jornal das Oficinas\"},\"image\":{\"@id\":\"https:\\\/\\\/jornaldasoficinas.com\\\/pt\\\/#\\\/schema\\\/logo\\\/image\\\/\"},\"sameAs\":[\"https:\\\/\\\/www.facebook.com\\\/jornaloficinas\",\"https:\\\/\\\/x.com\\\/jornaloficinas\",\"https:\\\/\\\/www.instagram.com\\\/jornal_oficinas\\\/\",\"https:\\\/\\\/www.linkedin.com\\\/company\\\/jornal-das-oficinas\\\/\",\"https:\\\/\\\/www.youtube.com\\\/channel\\\/UCbQZBqtcvV-oSQrr7RzINGg\"]},{\"@type\":\"Person\",\"@id\":\"https:\\\/\\\/jornaldasoficinas.com\\\/pt\\\/#\\\/schema\\\/person\\\/a38eef5de2c41d9e7c9ac10141afddf3\",\"name\":\"Reda\u00e7\u00e3o JO\",\"image\":{\"@type\":\"ImageObject\",\"inLanguage\":\"pt-PT\",\"@id\":\"https:\\\/\\\/secure.gravatar.com\\\/avatar\\\/71f2fa71737ad68a84fea94bc708ddac8ea5b0c4788dc2ad202f3ccb2887742f?s=96&d=wp_user_avatar&r=g\",\"url\":\"https:\\\/\\\/secure.gravatar.com\\\/avatar\\\/71f2fa71737ad68a84fea94bc708ddac8ea5b0c4788dc2ad202f3ccb2887742f?s=96&d=wp_user_avatar&r=g\",\"contentUrl\":\"https:\\\/\\\/secure.gravatar.com\\\/avatar\\\/71f2fa71737ad68a84fea94bc708ddac8ea5b0c4788dc2ad202f3ccb2887742f?s=96&d=wp_user_avatar&r=g\",\"caption\":\"Reda\u00e7\u00e3o JO\"},\"url\":\"https:\\\/\\\/jornaldasoficinas.com\\\/pt\\\/author\\\/joredacao\\\/\"}]}<\/script>\n<!-- \/ Yoast SEO plugin. -->","yoast_head_json":{"title":"Krautli \u00e9 o novo distribuidor oficial da BLAUPUNKT - Jornal das Oficinas","robots":{"index":"index","follow":"follow","max-snippet":"max-snippet:-1","max-image-preview":"max-image-preview:large","max-video-preview":"max-video-preview:-1"},"canonical":"https:\/\/jornaldasoficinas.com\/pt\/krautli-e-o-novo-distribuidor-oficial-da-blaupunkt\/","og_locale":"pt_PT","og_type":"article","og_title":"Krautli \u00e9 o novo distribuidor oficial da BLAUPUNKT - Jornal das Oficinas","og_description":"Krautli Portugal \u00e9 o novo Distribuidor...","og_url":"https:\/\/jornaldasoficinas.com\/pt\/krautli-e-o-novo-distribuidor-oficial-da-blaupunkt\/","og_site_name":"Jornal das Oficinas","article_publisher":"https:\/\/www.facebook.com\/jornaloficinas","article_published_time":"2020-08-26T18:55:07+00:00","article_modified_time":"2020-08-26T18:56:40+00:00","og_image":[{"width":1024,"height":581,"url":"https:\/\/jornaldasoficinas.com\/pt\/wp-content\/uploads\/2020\/08\/Krautli-e\u0301-o-novo-distribuidor.jpg","type":"image\/jpeg"}],"author":"Reda\u00e7\u00e3o JO","twitter_card":"summary_large_image","twitter_creator":"@jornaloficinas","twitter_site":"@jornaloficinas","twitter_misc":{"Escrito por":"Reda\u00e7\u00e3o JO","Tempo estimado de leitura":"1 minuto"},"schema":{"@context":"https:\/\/schema.org","@graph":[{"@type":"Article","@id":"https:\/\/jornaldasoficinas.com\/pt\/krautli-e-o-novo-distribuidor-oficial-da-blaupunkt\/#article","isPartOf":{"@id":"https:\/\/jornaldasoficinas.com\/pt\/krautli-e-o-novo-distribuidor-oficial-da-blaupunkt\/"},"author":{"name":"Reda\u00e7\u00e3o JO","@id":"https:\/\/jornaldasoficinas.com\/pt\/#\/schema\/person\/a38eef5de2c41d9e7c9ac10141afddf3"},"headline":"Krautli \u00e9 o novo distribuidor oficial da BLAUPUNKT","datePublished":"2020-08-26T18:55:07+00:00","dateModified":"2020-08-26T18:56:40+00:00","mainEntityOfPage":{"@id":"https:\/\/jornaldasoficinas.com\/pt\/krautli-e-o-novo-distribuidor-oficial-da-blaupunkt\/"},"wordCount":302,"publisher":{"@id":"https:\/\/jornaldasoficinas.com\/pt\/#organization"},"image":{"@id":"https:\/\/jornaldasoficinas.com\/pt\/krautli-e-o-novo-distribuidor-oficial-da-blaupunkt\/#primaryimage"},"thumbnailUrl":"https:\/\/jornaldasoficinas.com\/pt\/wp-content\/uploads\/2020\/08\/Krautli-e\u0301-o-novo-distribuidor.jpg","keywords":["Blaupunkt","Krautli"],"articleSection":["Equipamentos"],"inLanguage":"pt-PT"},{"@type":"WebPage","@id":"https:\/\/jornaldasoficinas.com\/pt\/krautli-e-o-novo-distribuidor-oficial-da-blaupunkt\/","url":"https:\/\/jornaldasoficinas.com\/pt\/krautli-e-o-novo-distribuidor-oficial-da-blaupunkt\/","name":"Krautli \u00e9 o novo distribuidor oficial da BLAUPUNKT - Jornal das Oficinas","isPartOf":{"@id":"https:\/\/jornaldasoficinas.com\/pt\/#website"},"primaryImageOfPage":{"@id":"https:\/\/jornaldasoficinas.com\/pt\/krautli-e-o-novo-distribuidor-oficial-da-blaupunkt\/#primaryimage"},"image":{"@id":"https:\/\/jornaldasoficinas.com\/pt\/krautli-e-o-novo-distribuidor-oficial-da-blaupunkt\/#primaryimage"},"thumbnailUrl":"https:\/\/jornaldasoficinas.com\/pt\/wp-content\/uploads\/2020\/08\/Krautli-e\u0301-o-novo-distribuidor.jpg","datePublished":"2020-08-26T18:55:07+00:00","dateModified":"2020-08-26T18:56:40+00:00","breadcrumb":{"@id":"https:\/\/jornaldasoficinas.com\/pt\/krautli-e-o-novo-distribuidor-oficial-da-blaupunkt\/#breadcrumb"},"inLanguage":"pt-PT","potentialAction":[{"@type":"ReadAction","target":["https:\/\/jornaldasoficinas.com\/pt\/krautli-e-o-novo-distribuidor-oficial-da-blaupunkt\/"]}]},{"@type":"ImageObject","inLanguage":"pt-PT","@id":"https:\/\/jornaldasoficinas.com\/pt\/krautli-e-o-novo-distribuidor-oficial-da-blaupunkt\/#primaryimage","url":"https:\/\/jornaldasoficinas.com\/pt\/wp-content\/uploads\/2020\/08\/Krautli-e\u0301-o-novo-distribuidor.jpg","contentUrl":"https:\/\/jornaldasoficinas.com\/pt\/wp-content\/uploads\/2020\/08\/Krautli-e\u0301-o-novo-distribuidor.jpg","width":1024,"height":581,"caption":"08 - Krautli-e\u0301-o-novo-distribuidor"},{"@type":"BreadcrumbList","@id":"https:\/\/jornaldasoficinas.com\/pt\/krautli-e-o-novo-distribuidor-oficial-da-blaupunkt\/#breadcrumb","itemListElement":[{"@type":"ListItem","position":1,"name":"In\u00edcio","item":"https:\/\/jornaldasoficinas.com\/pt\/"},{"@type":"ListItem","position":2,"name":"Krautli \u00e9 o novo distribuidor oficial da BLAUPUNKT"}]},{"@type":"WebSite","@id":"https:\/\/jornaldasoficinas.com\/pt\/#website","url":"https:\/\/jornaldasoficinas.com\/pt\/","name":"Jornal das Oficinas","description":"Jornal independente do Aftermarket Autom\u00f3vel em Portugal","publisher":{"@id":"https:\/\/jornaldasoficinas.com\/pt\/#organization"},"potentialAction":[{"@type":"SearchAction","target":{"@type":"EntryPoint","urlTemplate":"https:\/\/jornaldasoficinas.com\/pt\/?s={search_term_string}"},"query-input":{"@type":"PropertyValueSpecification","valueRequired":true,"valueName":"search_term_string"}}],"inLanguage":"pt-PT"},{"@type":"Organization","@id":"https:\/\/jornaldasoficinas.com\/pt\/#organization","name":"Jornal das Oficinas","url":"https:\/\/jornaldasoficinas.com\/pt\/","logo":{"@type":"ImageObject","inLanguage":"pt-PT","@id":"https:\/\/jornaldasoficinas.com\/pt\/#\/schema\/logo\/image\/","url":"https:\/\/jornaldasoficinas.com\/pt\/wp-content\/uploads\/logoJO-SEO.png","contentUrl":"https:\/\/jornaldasoficinas.com\/pt\/wp-content\/uploads\/logoJO-SEO.png","width":285,"height":450,"caption":"Jornal das Oficinas"},"image":{"@id":"https:\/\/jornaldasoficinas.com\/pt\/#\/schema\/logo\/image\/"},"sameAs":["https:\/\/www.facebook.com\/jornaloficinas","https:\/\/x.com\/jornaloficinas","https:\/\/www.instagram.com\/jornal_oficinas\/","https:\/\/www.linkedin.com\/company\/jornal-das-oficinas\/","https:\/\/www.youtube.com\/channel\/UCbQZBqtcvV-oSQrr7RzINGg"]},{"@type":"Person","@id":"https:\/\/jornaldasoficinas.com\/pt\/#\/schema\/person\/a38eef5de2c41d9e7c9ac10141afddf3","name":"Reda\u00e7\u00e3o JO","image":{"@type":"ImageObject","inLanguage":"pt-PT","@id":"https:\/\/secure.gravatar.com\/avatar\/71f2fa71737ad68a84fea94bc708ddac8ea5b0c4788dc2ad202f3ccb2887742f?s=96&d=wp_user_avatar&r=g","url":"https:\/\/secure.gravatar.com\/avatar\/71f2fa71737ad68a84fea94bc708ddac8ea5b0c4788dc2ad202f3ccb2887742f?s=96&d=wp_user_avatar&r=g","contentUrl":"https:\/\/secure.gravatar.com\/avatar\/71f2fa71737ad68a84fea94bc708ddac8ea5b0c4788dc2ad202f3ccb2887742f?s=96&d=wp_user_avatar&r=g","caption":"Reda\u00e7\u00e3o JO"},"url":"https:\/\/jornaldasoficinas.com\/pt\/author\/joredacao\/"}]}},"_links":{"self":[{"href":"https:\/\/jornaldasoficinas.com\/pt\/wp-json\/wp\/v2\/posts\/15407","targetHints":{"allow":["GET"]}}],"collection":[{"href":"https:\/\/jornaldasoficinas.com\/pt\/wp-json\/wp\/v2\/posts"}],"about":[{"href":"https:\/\/jornaldasoficinas.com\/pt\/wp-json\/wp\/v2\/types\/post"}],"author":[{"embeddable":true,"href":"https:\/\/jornaldasoficinas.com\/pt\/wp-json\/wp\/v2\/users\/15"}],"replies":[{"embeddable":true,"href":"https:\/\/jornaldasoficinas.com\/pt\/wp-json\/wp\/v2\/comments?post=15407"}],"version-history":[{"count":0,"href":"https:\/\/jornaldasoficinas.com\/pt\/wp-json\/wp\/v2\/posts\/15407\/revisions"}],"wp:featuredmedia":[{"embeddable":true,"href":"https:\/\/jornaldasoficinas.com\/pt\/wp-json\/wp\/v2\/media\/15402"}],"wp:attachment":[{"href":"https:\/\/jornaldasoficinas.com\/pt\/wp-json\/wp\/v2\/media?parent=15407"}],"wp:term":[{"taxonomy":"category","embeddable":true,"href":"https:\/\/jornaldasoficinas.com\/pt\/wp-json\/wp\/v2\/categories?post=15407"},{"taxonomy":"post_tag","embeddable":true,"href":"https:\/\/jornaldasoficinas.com\/pt\/wp-json\/wp\/v2\/tags?post=15407"}],"curies":[{"name":"wp","href":"https:\/\/api.w.org\/{rel}","templated":true}]}}