{"id":15431,"date":"2020-08-27T14:00:51","date_gmt":"2020-08-27T13:00:51","guid":{"rendered":"https:\/\/jornaldasoficinas.com\/pt\/?p=15431"},"modified":"2020-08-27T09:33:05","modified_gmt":"2020-08-27T08:33:05","slug":"rheinmetall-automotive-no-primeiro-semestre-de-2020","status":"publish","type":"post","link":"https:\/\/jornaldasoficinas.com\/pt\/rheinmetall-automotive-no-primeiro-semestre-de-2020\/","title":{"rendered":"Rheinmetall Automotive no primeiro semestre de 2020"},"content":{"rendered":"<p><img loading=\"lazy\" decoding=\"async\" class=\"alignnone wp-image-15427 size-full\" src=\"https:\/\/jornaldasoficinas.com\/pt\/wp-content\/uploads\/2020\/08\/Rheinmetall-Automotive.png\" alt=\"08 - Rheinmetall-Automotive\" width=\"1024\" height=\"581\" srcset=\"https:\/\/jornaldasoficinas.com\/pt\/wp-content\/uploads\/2020\/08\/Rheinmetall-Automotive.png 1024w, https:\/\/jornaldasoficinas.com\/pt\/wp-content\/uploads\/2020\/08\/Rheinmetall-Automotive-300x170.png 300w, https:\/\/jornaldasoficinas.com\/pt\/wp-content\/uploads\/2020\/08\/Rheinmetall-Automotive-150x85.png 150w, https:\/\/jornaldasoficinas.com\/pt\/wp-content\/uploads\/2020\/08\/Rheinmetall-Automotive-768x436.png 768w\" sizes=\"auto, (max-width: 1024px) 100vw, 1024px\" \/><\/p>\n<p><strong>A Rheinmetall Automotive AG n\u00e3o escapou dos efeitos negativos da crise global na ind\u00fastria automotiva e registrou uma redu\u00e7\u00e3o de 34% nas vendas para \u20ac 956 milh\u00f5es (ano anterior: \u20ac 1.440 milh\u00f5es).<\/strong><\/p>\n<p>As vendas ca\u00edram 33% ap\u00f3s o ajuste dos efeitos cambiais. A produ\u00e7\u00e3o global de ve\u00edculos ligeiros de acordo com a IHS Markit Vehicle Production Forecast (atualiza\u00e7\u00e3o de 4 de agosto de 2020) diminuiu 33% com rela\u00e7\u00e3o ao ano anterior no primeiro semestre de 2020.<\/p>\n<p>Armin Papperger, CEO da Rheinmetall AG disse: \u201cNo setor automotivo, n\u00f3s, como o resto da ind\u00fastria automotiva global, fomos afetados pelas quedas massivas de produ\u00e7\u00e3o e fraqueza geral do mercado no segundo trimestre em particular. Com uma gest\u00e3o de custos rigorosa, no entanto, conseguimos limitar significativamente os efeitos da crise. A situa\u00e7\u00e3o no setor automotivo continua muito desafiadora. No entanto, nos pr\u00f3ximos meses, faremos tudo para chegar o mais perto poss\u00edvel do equil\u00edbrio em termos de resultado operacional e para desenvolver o neg\u00f3cio de forma positiva novamente nos anos subsequentes.\u201d<\/p>\n<p>Como resultado da queda nas vendas induzida pela crise, o setor automotivo fechou os primeiros seis meses de 2020 com lucro operacional de \u20ac &#8211; 41 milh\u00f5es, em compara\u00e7\u00e3o com \u20ac 102 milh\u00f5es no primeiro semestre de 2019. A margem operacional foi de &#8211; 4,3% (ano anterior : 7,1%). O lucro declarado antes de juros e impostos (EBIT) de \u20ac -341 milh\u00f5es no primeiro semestre de 2020 foi tamb\u00e9m significativamente menor do que o valor do ano anterior de \u20ac 104 milh\u00f5es, o que resultou em grande parte do preju\u00edzo de \u20ac 300 milh\u00f5es reconhecido no segundo trimestre de 2020.<\/p>\n<p>A evolu\u00e7\u00e3o negativa dos resultados operacionais deveu-se principalmente \u00e0 falta de vendas induzida pela crise no segundo trimestre de 2020, que &#8211; porque a produ\u00e7\u00e3o automotiva na Europa e na Am\u00e9rica do Norte quase parou temporariamente &#8211; diminuiu em mais da metade (53% ) em compara\u00e7\u00e3o com o valor do ano anterior. A dire\u00e7\u00e3o contrariou este desenvolvimento com uma gest\u00e3o de custos rigorosa. Medidas extensas e de a\u00e7\u00e3o r\u00e1pida reduziram significativamente o tamanho do decl\u00ednio dos ganhos no setor automotivo. Al\u00e9m disso, os investimentos l\u00edquidos no primeiro semestre do ano foram reduzidos em 40% em rela\u00e7\u00e3o ao ano anterior para garantir a liquidez.<\/p>\n<p>No primeiro semestre de 2020, a divis\u00e3o de Mecatr\u00f3nica gerou vendas de \u20ac 520 milh\u00f5es, queda de \u20ac 288 milh\u00f5es ou 36% em rela\u00e7\u00e3o ao ano anterior. Como resultado da queda nas vendas, o lucro operacional da divis\u00e3o caiu para \u20ac &#8211; 15 milh\u00f5es, ap\u00f3s \u20ac 66 milh\u00f5es no ano anterior.<\/p>\n<p>Em \u20ac 332 milh\u00f5es, as vendas da divis\u00e3o Hardparts ca\u00edram no primeiro semestre de 2020, caindo \u20ac 172 milh\u00f5es ou 34% ano a ano. Apesar das medidas acima mencionadas para reduzir custos, os ganhos operacionais da divis\u00e3o Hardparts totalizaram \u20ac &#8211; 29 milh\u00f5es, uma queda de \u20ac 51 milh\u00f5es ano a ano.<\/p>\n<p>Na divis\u00e3o Aftermarket, as vendas diminu\u00edram \u20ac 26 milh\u00f5es ou 15% com rela\u00e7\u00e3o ao ano anterior, para \u20ac 150 milh\u00f5es no primeiro semestre de 2020. O lucro operacional da divis\u00e3o totalizou \u20ac 6 milh\u00f5es.<\/p>\n<p>Ap\u00f3s a queda inicial das vendas induzida pelo coronav\u00edrus no primeiro trimestre de 2020, as joint ventures na China, que n\u00e3o est\u00e3o inclu\u00eddas nos n\u00fameros de vendas do setor automotivo, aumentaram suas vendas novamente no segundo trimestre, gra\u00e7as \u00e0 recupera\u00e7\u00e3o da ind\u00fastria automotiva chinesa. No primeiro semestre de 2020, as empresas alcan\u00e7aram vendas de \u20ac 393 milh\u00f5es, queda de 14% em rela\u00e7\u00e3o ao ano anterior. Em compara\u00e7\u00e3o, a produ\u00e7\u00e3o de ve\u00edculos leves na China diminuiu 22% no mesmo per\u00edodo.<\/p>\n<p>No setor automotivo, os efeitos da crise do coronav\u00edrus na demanda do cliente final, os n\u00fameros de produ\u00e7\u00e3o dos fabricantes automotivos e as cadeias de abastecimento globais ainda n\u00e3o podem ser previstos de forma confi\u00e1vel. Uma perspetiva ajustada de vendas e lucros para 2020 como um todo que reflita a mudan\u00e7a da situa\u00e7\u00e3o do mercado ainda n\u00e3o \u00e9 poss\u00edvel, dadas as incertezas existentes. Desde que n\u00e3o haja um novo bloqueio, o lucro operacional l\u00edquido entre \u20ac &#8211; 30 milh\u00f5es e o ponto de equil\u00edbrio \u00e9 atualmente direcionado para o setor automotivo.<\/p>\n","protected":false},"excerpt":{"rendered":"<p>A Rheinmetall Automotive AG n\u00e3o escapou&#8230;<\/p>\n","protected":false},"author":15,"featured_media":15427,"comment_status":"closed","ping_status":"closed","sticky":false,"template":"","format":"standard","meta":{"footnotes":""},"categories":[29],"tags":[217],"class_list":["post-15431","post","type-post","status-publish","format-standard","has-post-thumbnail","hentry","category-empresas","tag-rheinmetall-automotive"],"yoast_head":"<!-- This site is optimized with the Yoast SEO plugin v27.4 - https:\/\/yoast.com\/product\/yoast-seo-wordpress\/ -->\n<title>Rheinmetall Automotive no primeiro semestre de 2020 - Jornal das Oficinas<\/title>\n<meta name=\"robots\" content=\"index, follow, max-snippet:-1, max-image-preview:large, max-video-preview:-1\" \/>\n<link rel=\"canonical\" href=\"https:\/\/jornaldasoficinas.com\/pt\/rheinmetall-automotive-no-primeiro-semestre-de-2020\/\" \/>\n<meta property=\"og:locale\" content=\"pt_PT\" \/>\n<meta property=\"og:type\" content=\"article\" \/>\n<meta property=\"og:title\" content=\"Rheinmetall Automotive no primeiro semestre de 2020 - Jornal das Oficinas\" \/>\n<meta property=\"og:description\" content=\"A Rheinmetall Automotive AG n\u00e3o escapou...\" \/>\n<meta property=\"og:url\" content=\"https:\/\/jornaldasoficinas.com\/pt\/rheinmetall-automotive-no-primeiro-semestre-de-2020\/\" \/>\n<meta property=\"og:site_name\" content=\"Jornal das Oficinas\" \/>\n<meta property=\"article:publisher\" content=\"https:\/\/www.facebook.com\/jornaloficinas\" \/>\n<meta property=\"article:published_time\" content=\"2020-08-27T13:00:51+00:00\" \/>\n<meta property=\"og:image\" content=\"https:\/\/jornaldasoficinas.com\/pt\/wp-content\/uploads\/2020\/08\/Rheinmetall-Automotive.png\" \/>\n\t<meta property=\"og:image:width\" content=\"1024\" \/>\n\t<meta property=\"og:image:height\" content=\"581\" \/>\n\t<meta property=\"og:image:type\" content=\"image\/png\" \/>\n<meta name=\"author\" content=\"Reda\u00e7\u00e3o JO\" \/>\n<meta name=\"twitter:card\" content=\"summary_large_image\" \/>\n<meta name=\"twitter:creator\" content=\"@jornaloficinas\" \/>\n<meta name=\"twitter:site\" content=\"@jornaloficinas\" \/>\n<meta name=\"twitter:label1\" content=\"Escrito por\" \/>\n\t<meta name=\"twitter:data1\" content=\"Reda\u00e7\u00e3o JO\" \/>\n\t<meta name=\"twitter:label2\" content=\"Tempo estimado de leitura\" \/>\n\t<meta name=\"twitter:data2\" content=\"3 minutos\" \/>\n<script type=\"application\/ld+json\" class=\"yoast-schema-graph\">{\"@context\":\"https:\\\/\\\/schema.org\",\"@graph\":[{\"@type\":\"Article\",\"@id\":\"https:\\\/\\\/jornaldasoficinas.com\\\/pt\\\/rheinmetall-automotive-no-primeiro-semestre-de-2020\\\/#article\",\"isPartOf\":{\"@id\":\"https:\\\/\\\/jornaldasoficinas.com\\\/pt\\\/rheinmetall-automotive-no-primeiro-semestre-de-2020\\\/\"},\"author\":{\"name\":\"Reda\u00e7\u00e3o JO\",\"@id\":\"https:\\\/\\\/jornaldasoficinas.com\\\/pt\\\/#\\\/schema\\\/person\\\/a38eef5de2c41d9e7c9ac10141afddf3\"},\"headline\":\"Rheinmetall Automotive no primeiro semestre de 2020\",\"datePublished\":\"2020-08-27T13:00:51+00:00\",\"mainEntityOfPage\":{\"@id\":\"https:\\\/\\\/jornaldasoficinas.com\\\/pt\\\/rheinmetall-automotive-no-primeiro-semestre-de-2020\\\/\"},\"wordCount\":703,\"publisher\":{\"@id\":\"https:\\\/\\\/jornaldasoficinas.com\\\/pt\\\/#organization\"},\"image\":{\"@id\":\"https:\\\/\\\/jornaldasoficinas.com\\\/pt\\\/rheinmetall-automotive-no-primeiro-semestre-de-2020\\\/#primaryimage\"},\"thumbnailUrl\":\"https:\\\/\\\/jornaldasoficinas.com\\\/pt\\\/wp-content\\\/uploads\\\/2020\\\/08\\\/Rheinmetall-Automotive.png\",\"keywords\":[\"Rheinmetall Automotive\"],\"articleSection\":[\"Empresas\"],\"inLanguage\":\"pt-PT\"},{\"@type\":\"WebPage\",\"@id\":\"https:\\\/\\\/jornaldasoficinas.com\\\/pt\\\/rheinmetall-automotive-no-primeiro-semestre-de-2020\\\/\",\"url\":\"https:\\\/\\\/jornaldasoficinas.com\\\/pt\\\/rheinmetall-automotive-no-primeiro-semestre-de-2020\\\/\",\"name\":\"Rheinmetall Automotive no primeiro semestre de 2020 - Jornal das Oficinas\",\"isPartOf\":{\"@id\":\"https:\\\/\\\/jornaldasoficinas.com\\\/pt\\\/#website\"},\"primaryImageOfPage\":{\"@id\":\"https:\\\/\\\/jornaldasoficinas.com\\\/pt\\\/rheinmetall-automotive-no-primeiro-semestre-de-2020\\\/#primaryimage\"},\"image\":{\"@id\":\"https:\\\/\\\/jornaldasoficinas.com\\\/pt\\\/rheinmetall-automotive-no-primeiro-semestre-de-2020\\\/#primaryimage\"},\"thumbnailUrl\":\"https:\\\/\\\/jornaldasoficinas.com\\\/pt\\\/wp-content\\\/uploads\\\/2020\\\/08\\\/Rheinmetall-Automotive.png\",\"datePublished\":\"2020-08-27T13:00:51+00:00\",\"breadcrumb\":{\"@id\":\"https:\\\/\\\/jornaldasoficinas.com\\\/pt\\\/rheinmetall-automotive-no-primeiro-semestre-de-2020\\\/#breadcrumb\"},\"inLanguage\":\"pt-PT\",\"potentialAction\":[{\"@type\":\"ReadAction\",\"target\":[\"https:\\\/\\\/jornaldasoficinas.com\\\/pt\\\/rheinmetall-automotive-no-primeiro-semestre-de-2020\\\/\"]}]},{\"@type\":\"ImageObject\",\"inLanguage\":\"pt-PT\",\"@id\":\"https:\\\/\\\/jornaldasoficinas.com\\\/pt\\\/rheinmetall-automotive-no-primeiro-semestre-de-2020\\\/#primaryimage\",\"url\":\"https:\\\/\\\/jornaldasoficinas.com\\\/pt\\\/wp-content\\\/uploads\\\/2020\\\/08\\\/Rheinmetall-Automotive.png\",\"contentUrl\":\"https:\\\/\\\/jornaldasoficinas.com\\\/pt\\\/wp-content\\\/uploads\\\/2020\\\/08\\\/Rheinmetall-Automotive.png\",\"width\":1024,\"height\":581,\"caption\":\"08 - Rheinmetall-Automotive\"},{\"@type\":\"BreadcrumbList\",\"@id\":\"https:\\\/\\\/jornaldasoficinas.com\\\/pt\\\/rheinmetall-automotive-no-primeiro-semestre-de-2020\\\/#breadcrumb\",\"itemListElement\":[{\"@type\":\"ListItem\",\"position\":1,\"name\":\"In\u00edcio\",\"item\":\"https:\\\/\\\/jornaldasoficinas.com\\\/pt\\\/\"},{\"@type\":\"ListItem\",\"position\":2,\"name\":\"Rheinmetall Automotive no primeiro semestre de 2020\"}]},{\"@type\":\"WebSite\",\"@id\":\"https:\\\/\\\/jornaldasoficinas.com\\\/pt\\\/#website\",\"url\":\"https:\\\/\\\/jornaldasoficinas.com\\\/pt\\\/\",\"name\":\"Jornal das Oficinas\",\"description\":\"Jornal independente do Aftermarket Autom\u00f3vel em Portugal\",\"publisher\":{\"@id\":\"https:\\\/\\\/jornaldasoficinas.com\\\/pt\\\/#organization\"},\"potentialAction\":[{\"@type\":\"SearchAction\",\"target\":{\"@type\":\"EntryPoint\",\"urlTemplate\":\"https:\\\/\\\/jornaldasoficinas.com\\\/pt\\\/?s={search_term_string}\"},\"query-input\":{\"@type\":\"PropertyValueSpecification\",\"valueRequired\":true,\"valueName\":\"search_term_string\"}}],\"inLanguage\":\"pt-PT\"},{\"@type\":\"Organization\",\"@id\":\"https:\\\/\\\/jornaldasoficinas.com\\\/pt\\\/#organization\",\"name\":\"Jornal das Oficinas\",\"url\":\"https:\\\/\\\/jornaldasoficinas.com\\\/pt\\\/\",\"logo\":{\"@type\":\"ImageObject\",\"inLanguage\":\"pt-PT\",\"@id\":\"https:\\\/\\\/jornaldasoficinas.com\\\/pt\\\/#\\\/schema\\\/logo\\\/image\\\/\",\"url\":\"https:\\\/\\\/jornaldasoficinas.com\\\/pt\\\/wp-content\\\/uploads\\\/logoJO-SEO.png\",\"contentUrl\":\"https:\\\/\\\/jornaldasoficinas.com\\\/pt\\\/wp-content\\\/uploads\\\/logoJO-SEO.png\",\"width\":285,\"height\":450,\"caption\":\"Jornal das Oficinas\"},\"image\":{\"@id\":\"https:\\\/\\\/jornaldasoficinas.com\\\/pt\\\/#\\\/schema\\\/logo\\\/image\\\/\"},\"sameAs\":[\"https:\\\/\\\/www.facebook.com\\\/jornaloficinas\",\"https:\\\/\\\/x.com\\\/jornaloficinas\",\"https:\\\/\\\/www.instagram.com\\\/jornal_oficinas\\\/\",\"https:\\\/\\\/www.linkedin.com\\\/company\\\/jornal-das-oficinas\\\/\",\"https:\\\/\\\/www.youtube.com\\\/channel\\\/UCbQZBqtcvV-oSQrr7RzINGg\"]},{\"@type\":\"Person\",\"@id\":\"https:\\\/\\\/jornaldasoficinas.com\\\/pt\\\/#\\\/schema\\\/person\\\/a38eef5de2c41d9e7c9ac10141afddf3\",\"name\":\"Reda\u00e7\u00e3o JO\",\"image\":{\"@type\":\"ImageObject\",\"inLanguage\":\"pt-PT\",\"@id\":\"https:\\\/\\\/secure.gravatar.com\\\/avatar\\\/71f2fa71737ad68a84fea94bc708ddac8ea5b0c4788dc2ad202f3ccb2887742f?s=96&d=wp_user_avatar&r=g\",\"url\":\"https:\\\/\\\/secure.gravatar.com\\\/avatar\\\/71f2fa71737ad68a84fea94bc708ddac8ea5b0c4788dc2ad202f3ccb2887742f?s=96&d=wp_user_avatar&r=g\",\"contentUrl\":\"https:\\\/\\\/secure.gravatar.com\\\/avatar\\\/71f2fa71737ad68a84fea94bc708ddac8ea5b0c4788dc2ad202f3ccb2887742f?s=96&d=wp_user_avatar&r=g\",\"caption\":\"Reda\u00e7\u00e3o JO\"},\"url\":\"https:\\\/\\\/jornaldasoficinas.com\\\/pt\\\/author\\\/joredacao\\\/\"}]}<\/script>\n<!-- \/ Yoast SEO plugin. -->","yoast_head_json":{"title":"Rheinmetall Automotive no primeiro semestre de 2020 - Jornal das Oficinas","robots":{"index":"index","follow":"follow","max-snippet":"max-snippet:-1","max-image-preview":"max-image-preview:large","max-video-preview":"max-video-preview:-1"},"canonical":"https:\/\/jornaldasoficinas.com\/pt\/rheinmetall-automotive-no-primeiro-semestre-de-2020\/","og_locale":"pt_PT","og_type":"article","og_title":"Rheinmetall Automotive no primeiro semestre de 2020 - Jornal das Oficinas","og_description":"A Rheinmetall Automotive AG n\u00e3o escapou...","og_url":"https:\/\/jornaldasoficinas.com\/pt\/rheinmetall-automotive-no-primeiro-semestre-de-2020\/","og_site_name":"Jornal das Oficinas","article_publisher":"https:\/\/www.facebook.com\/jornaloficinas","article_published_time":"2020-08-27T13:00:51+00:00","og_image":[{"width":1024,"height":581,"url":"https:\/\/jornaldasoficinas.com\/pt\/wp-content\/uploads\/2020\/08\/Rheinmetall-Automotive.png","type":"image\/png"}],"author":"Reda\u00e7\u00e3o JO","twitter_card":"summary_large_image","twitter_creator":"@jornaloficinas","twitter_site":"@jornaloficinas","twitter_misc":{"Escrito por":"Reda\u00e7\u00e3o JO","Tempo estimado de leitura":"3 minutos"},"schema":{"@context":"https:\/\/schema.org","@graph":[{"@type":"Article","@id":"https:\/\/jornaldasoficinas.com\/pt\/rheinmetall-automotive-no-primeiro-semestre-de-2020\/#article","isPartOf":{"@id":"https:\/\/jornaldasoficinas.com\/pt\/rheinmetall-automotive-no-primeiro-semestre-de-2020\/"},"author":{"name":"Reda\u00e7\u00e3o JO","@id":"https:\/\/jornaldasoficinas.com\/pt\/#\/schema\/person\/a38eef5de2c41d9e7c9ac10141afddf3"},"headline":"Rheinmetall Automotive no primeiro semestre de 2020","datePublished":"2020-08-27T13:00:51+00:00","mainEntityOfPage":{"@id":"https:\/\/jornaldasoficinas.com\/pt\/rheinmetall-automotive-no-primeiro-semestre-de-2020\/"},"wordCount":703,"publisher":{"@id":"https:\/\/jornaldasoficinas.com\/pt\/#organization"},"image":{"@id":"https:\/\/jornaldasoficinas.com\/pt\/rheinmetall-automotive-no-primeiro-semestre-de-2020\/#primaryimage"},"thumbnailUrl":"https:\/\/jornaldasoficinas.com\/pt\/wp-content\/uploads\/2020\/08\/Rheinmetall-Automotive.png","keywords":["Rheinmetall Automotive"],"articleSection":["Empresas"],"inLanguage":"pt-PT"},{"@type":"WebPage","@id":"https:\/\/jornaldasoficinas.com\/pt\/rheinmetall-automotive-no-primeiro-semestre-de-2020\/","url":"https:\/\/jornaldasoficinas.com\/pt\/rheinmetall-automotive-no-primeiro-semestre-de-2020\/","name":"Rheinmetall Automotive no primeiro semestre de 2020 - Jornal das Oficinas","isPartOf":{"@id":"https:\/\/jornaldasoficinas.com\/pt\/#website"},"primaryImageOfPage":{"@id":"https:\/\/jornaldasoficinas.com\/pt\/rheinmetall-automotive-no-primeiro-semestre-de-2020\/#primaryimage"},"image":{"@id":"https:\/\/jornaldasoficinas.com\/pt\/rheinmetall-automotive-no-primeiro-semestre-de-2020\/#primaryimage"},"thumbnailUrl":"https:\/\/jornaldasoficinas.com\/pt\/wp-content\/uploads\/2020\/08\/Rheinmetall-Automotive.png","datePublished":"2020-08-27T13:00:51+00:00","breadcrumb":{"@id":"https:\/\/jornaldasoficinas.com\/pt\/rheinmetall-automotive-no-primeiro-semestre-de-2020\/#breadcrumb"},"inLanguage":"pt-PT","potentialAction":[{"@type":"ReadAction","target":["https:\/\/jornaldasoficinas.com\/pt\/rheinmetall-automotive-no-primeiro-semestre-de-2020\/"]}]},{"@type":"ImageObject","inLanguage":"pt-PT","@id":"https:\/\/jornaldasoficinas.com\/pt\/rheinmetall-automotive-no-primeiro-semestre-de-2020\/#primaryimage","url":"https:\/\/jornaldasoficinas.com\/pt\/wp-content\/uploads\/2020\/08\/Rheinmetall-Automotive.png","contentUrl":"https:\/\/jornaldasoficinas.com\/pt\/wp-content\/uploads\/2020\/08\/Rheinmetall-Automotive.png","width":1024,"height":581,"caption":"08 - Rheinmetall-Automotive"},{"@type":"BreadcrumbList","@id":"https:\/\/jornaldasoficinas.com\/pt\/rheinmetall-automotive-no-primeiro-semestre-de-2020\/#breadcrumb","itemListElement":[{"@type":"ListItem","position":1,"name":"In\u00edcio","item":"https:\/\/jornaldasoficinas.com\/pt\/"},{"@type":"ListItem","position":2,"name":"Rheinmetall Automotive no primeiro semestre de 2020"}]},{"@type":"WebSite","@id":"https:\/\/jornaldasoficinas.com\/pt\/#website","url":"https:\/\/jornaldasoficinas.com\/pt\/","name":"Jornal das Oficinas","description":"Jornal independente do Aftermarket Autom\u00f3vel em Portugal","publisher":{"@id":"https:\/\/jornaldasoficinas.com\/pt\/#organization"},"potentialAction":[{"@type":"SearchAction","target":{"@type":"EntryPoint","urlTemplate":"https:\/\/jornaldasoficinas.com\/pt\/?s={search_term_string}"},"query-input":{"@type":"PropertyValueSpecification","valueRequired":true,"valueName":"search_term_string"}}],"inLanguage":"pt-PT"},{"@type":"Organization","@id":"https:\/\/jornaldasoficinas.com\/pt\/#organization","name":"Jornal das Oficinas","url":"https:\/\/jornaldasoficinas.com\/pt\/","logo":{"@type":"ImageObject","inLanguage":"pt-PT","@id":"https:\/\/jornaldasoficinas.com\/pt\/#\/schema\/logo\/image\/","url":"https:\/\/jornaldasoficinas.com\/pt\/wp-content\/uploads\/logoJO-SEO.png","contentUrl":"https:\/\/jornaldasoficinas.com\/pt\/wp-content\/uploads\/logoJO-SEO.png","width":285,"height":450,"caption":"Jornal das Oficinas"},"image":{"@id":"https:\/\/jornaldasoficinas.com\/pt\/#\/schema\/logo\/image\/"},"sameAs":["https:\/\/www.facebook.com\/jornaloficinas","https:\/\/x.com\/jornaloficinas","https:\/\/www.instagram.com\/jornal_oficinas\/","https:\/\/www.linkedin.com\/company\/jornal-das-oficinas\/","https:\/\/www.youtube.com\/channel\/UCbQZBqtcvV-oSQrr7RzINGg"]},{"@type":"Person","@id":"https:\/\/jornaldasoficinas.com\/pt\/#\/schema\/person\/a38eef5de2c41d9e7c9ac10141afddf3","name":"Reda\u00e7\u00e3o JO","image":{"@type":"ImageObject","inLanguage":"pt-PT","@id":"https:\/\/secure.gravatar.com\/avatar\/71f2fa71737ad68a84fea94bc708ddac8ea5b0c4788dc2ad202f3ccb2887742f?s=96&d=wp_user_avatar&r=g","url":"https:\/\/secure.gravatar.com\/avatar\/71f2fa71737ad68a84fea94bc708ddac8ea5b0c4788dc2ad202f3ccb2887742f?s=96&d=wp_user_avatar&r=g","contentUrl":"https:\/\/secure.gravatar.com\/avatar\/71f2fa71737ad68a84fea94bc708ddac8ea5b0c4788dc2ad202f3ccb2887742f?s=96&d=wp_user_avatar&r=g","caption":"Reda\u00e7\u00e3o JO"},"url":"https:\/\/jornaldasoficinas.com\/pt\/author\/joredacao\/"}]}},"_links":{"self":[{"href":"https:\/\/jornaldasoficinas.com\/pt\/wp-json\/wp\/v2\/posts\/15431","targetHints":{"allow":["GET"]}}],"collection":[{"href":"https:\/\/jornaldasoficinas.com\/pt\/wp-json\/wp\/v2\/posts"}],"about":[{"href":"https:\/\/jornaldasoficinas.com\/pt\/wp-json\/wp\/v2\/types\/post"}],"author":[{"embeddable":true,"href":"https:\/\/jornaldasoficinas.com\/pt\/wp-json\/wp\/v2\/users\/15"}],"replies":[{"embeddable":true,"href":"https:\/\/jornaldasoficinas.com\/pt\/wp-json\/wp\/v2\/comments?post=15431"}],"version-history":[{"count":0,"href":"https:\/\/jornaldasoficinas.com\/pt\/wp-json\/wp\/v2\/posts\/15431\/revisions"}],"wp:featuredmedia":[{"embeddable":true,"href":"https:\/\/jornaldasoficinas.com\/pt\/wp-json\/wp\/v2\/media\/15427"}],"wp:attachment":[{"href":"https:\/\/jornaldasoficinas.com\/pt\/wp-json\/wp\/v2\/media?parent=15431"}],"wp:term":[{"taxonomy":"category","embeddable":true,"href":"https:\/\/jornaldasoficinas.com\/pt\/wp-json\/wp\/v2\/categories?post=15431"},{"taxonomy":"post_tag","embeddable":true,"href":"https:\/\/jornaldasoficinas.com\/pt\/wp-json\/wp\/v2\/tags?post=15431"}],"curies":[{"name":"wp","href":"https:\/\/api.w.org\/{rel}","templated":true}]}}