{"id":15437,"date":"2020-08-28T08:00:57","date_gmt":"2020-08-28T07:00:57","guid":{"rendered":"https:\/\/jornaldasoficinas.com\/pt\/?p=15437"},"modified":"2020-08-27T09:40:29","modified_gmt":"2020-08-27T08:40:29","slug":"avis-propoe-roadtrips-para-refrescar-neste-verao","status":"publish","type":"post","link":"https:\/\/jornaldasoficinas.com\/pt\/avis-propoe-roadtrips-para-refrescar-neste-verao\/","title":{"rendered":"Avis prop\u00f5e \u201croadtrips\u201d para refrescar neste Ver\u00e3o"},"content":{"rendered":"<p><img loading=\"lazy\" decoding=\"async\" class=\"alignnone wp-image-15426 size-full\" src=\"https:\/\/jornaldasoficinas.com\/pt\/wp-content\/uploads\/2020\/08\/Avis-propo\u0303e.jpg\" alt=\"08 - Avis-propo\u0303e\" width=\"1024\" height=\"581\" srcset=\"https:\/\/jornaldasoficinas.com\/pt\/wp-content\/uploads\/2020\/08\/Avis-propo\u0303e.jpg 1024w, https:\/\/jornaldasoficinas.com\/pt\/wp-content\/uploads\/2020\/08\/Avis-propo\u0303e-300x170.jpg 300w, https:\/\/jornaldasoficinas.com\/pt\/wp-content\/uploads\/2020\/08\/Avis-propo\u0303e-150x85.jpg 150w, https:\/\/jornaldasoficinas.com\/pt\/wp-content\/uploads\/2020\/08\/Avis-propo\u0303e-768x436.jpg 768w\" sizes=\"auto, (max-width: 1024px) 100vw, 1024px\" \/><\/p>\n<p><strong>\u00c0 medida que as medidas de confinamento s\u00e3o aligeiradas e com a chegada do ver\u00e3o, come\u00e7amos a ter cada vez mais vontade de sair de casa e desfrutar do bom tempo num local calmo, evitando as multid\u00f5es e os principais pontos tur\u00edsticos.<\/strong><\/p>\n<p>Para ajudar os condutores a planear a pr\u00f3xima viagem de carro, a Avis Portugal reuniu as principais recomenda\u00e7\u00f5es de ve\u00edculos, bem como algumas dicas para que usufrua da sua viagem com a devida seguran\u00e7a na estrada, apesar do calor que j\u00e1 se faz sentir. Para quem quer planear uma roadtrip, mas est\u00e1 \u00e0 procura de inspira\u00e7\u00e3o para aproveitar ao m\u00e1ximo o clima de ver\u00e3o, a Avis Portugal tamb\u00e9m enumerou alguns dos seus destinos favoritos.<\/p>\n<p><strong>Recomenda\u00e7\u00f5es de ve\u00edculos Avis Portugal<br \/>\n<\/strong>Em Portugal, a Avis disp\u00f5e de ve\u00edculos de v\u00e1rias gamas e com variadas funcionalidades, para quem quer voltar \u00e0 estrada e aproveitar uma viagem de carro em grande estilo. Para ajudar a planear a viagem perfeita, com o ve\u00edculo adequado, a Avis Portugal selecionou alguns dos autom\u00f3veis favoritos dispon\u00edveis para aluguer.<\/p>\n<ol>\n<li><strong> O descapot\u00e1vel \u2013 Mini Cooper Cabrio ou similar <\/strong><\/li>\n<\/ol>\n<p>Porque n\u00e3o sentir o vento no cabelo enquanto conduz uma viatura descapot\u00e1vel? Este carro \u00e9 a combina\u00e7\u00e3o perfeita para desfrutar do sol e garantir que se mant\u00e9m fresco enquanto est\u00e1 na estrada, nos dias em que as temperaturas atingem os 30 \u00b0.<\/p>\n<ol start=\"2\">\n<li><strong> O H\u00edbrido \u2013 Toyota CHR ou similar<\/strong><\/li>\n<\/ol>\n<p>Se procurar conduzir entre montanhas e subidas, este SUV pode ser a op\u00e7\u00e3o ideal. O Toyota CHR n\u00e3o s\u00f3 fornece um espa\u00e7o amplo, como tamb\u00e9m \u00e9 um crossover h\u00edbrido autom\u00e1tico. Este ve\u00edculo, com o movimento perfeito, vai provocar rea\u00e7\u00f5es e comportamentos in\u00e9ditos, tornando a sua viagem uma experi\u00eancia \u00fanica.<\/p>\n<ol start=\"3\">\n<li><strong> O Super mini citadino- FIAT 500 ou similar <\/strong><\/li>\n<\/ol>\n<p>Este ve\u00edculo proporciona o equil\u00edbrio perfeito para quem procura um carro pequeno citadino, f\u00e1cil de estacionar, mas igualmente capaz de obter um excelente desempenho em viagens mais longas.<\/p>\n<ol start=\"4\">\n<li><strong> O Minibus \u2013 Mercedes-Benz Classe V Autom\u00e1tico<\/strong><\/li>\n<\/ol>\n<p>Para fam\u00edlias que querem viajar em grande estilo e beneficiar de algum espa\u00e7o extra, o minibus \u00e9 a solu\u00e7\u00e3o perfeita. Os passageiros v\u00e3o conseguir viajar com todo o conforto, e ao mesmo tempo ter\u00e3o espa\u00e7o suficiente para malas e cestas para piqueniques. O Mercedes-Benz Classe V autom\u00e1tico \u00e9 atraente e luxuoso, permitindo uma experi\u00eancia de condu\u00e7\u00e3o inesquec\u00edvel.<\/p>\n<p><strong>Avis Portugal elabora dicas para uma roadtrip de ver\u00e3o<br \/>\n<\/strong>Na Avis, a sa\u00fade, a seguran\u00e7a e o bem-estar dos nossos colaboradores e clientes \u00e9 a nossa prioridade n\u00famero um. Para aqueles que procuram voltar \u00e0 estrada em seguran\u00e7a, depois do confinamento, a Avis Portugal lan\u00e7ou o Compromisso de Seguran\u00e7a Avis, que estabelece o compromisso de manter todos os seus clientes e colaboradores seguros. Em parceria com a RB, os fabricantes da Lysol, melhor\u00e1mos todos os protocolos de limpeza e saneamento e as medidas de distanciamento social s\u00e3o respeitadas em todas as esta\u00e7\u00f5es.<\/p>\n<p>Para uma viagem confort\u00e1vel, com temperaturas altas, a Avis Portugal preparou as melhores dicas para chegar onde precisa em seguran\u00e7a.<\/p>\n<ol>\n<li><strong>Higiene e prote\u00e7\u00e3o pessoal<\/strong> \u2013 antes de partir, considere para onde vai viajar e que prote\u00e7\u00e3o pessoal ser\u00e1 necess\u00e1ria para o seu percurso. Vai para um local onde ir\u00e1 frequentar espa\u00e7os p\u00fablicos? Recomenda-se ent\u00e3o, que tenha sempre consigo o desinfetante, bem como a m\u00e1scara, e que desinfete sempre que poss\u00edvel o telem\u00f3vel ou as partes do carro que s\u00e3o manuseadas regularmente.<strong><br \/>\n<\/strong><\/li>\n<\/ol>\n<ol start=\"2\">\n<li><strong>\u00d3culos de sol<\/strong> \u2013 quando conduzimos durante os per\u00edodos mais ensolarados, o brilho e o reflexo podem prejudicar a nossa vis\u00e3o e, por isso, a nossa seguran\u00e7a. Os \u00f3culos de sol reduzem o desconforto e limitam a press\u00e3o adicional nos olhos do condutor. Para quem tem problemas de vis\u00e3o, \u00e9 recomendado que utilize \u00f3culos de sol graduados. N\u00e3o se esque\u00e7a do protetor solar para que os bra\u00e7os e o rosto estejam sempre protegidos.<\/li>\n<\/ol>\n<ol start=\"3\">\n<li><strong>\u00c1gua<\/strong> \u2013 certifique-se que ter\u00e1 sempre \u00e1gua no carro, o que ir\u00e1 garantir que se mantenha hidratado e em alerta.<\/li>\n<\/ol>\n<ol start=\"4\">\n<li><strong>Roupa confort\u00e1vel<\/strong> \u2013 procure usar sempre roupa confort\u00e1vel, que n\u00e3o restrinja o movimento, sobretudo quando conduz longas dist\u00e2ncias. Lembre-se igualmente que a maioria dos carros aquecem quando estacionados, por isso, se est\u00e1 a planear passar o dia todo fora, considere um conjunto de roupas frescas para se trocar. Certifique-se que toda a sua aten\u00e7\u00e3o deve estar na estrada e n\u00e3o se deve distrair por estar a utilizar roupas desconfort\u00e1veis.<\/li>\n<\/ol>\n<ol start=\"5\">\n<li><strong>Cal\u00e7ado apropriado \u2013<\/strong> durante os meses de ver\u00e3o, muitos de n\u00f3s recorremos a chinelos e sand\u00e1lias, mas estes n\u00e3o s\u00e3o os mais apropriados para conduzir. Mantenha sempre um par de sapatos adequados no carro para trocar.<\/li>\n<\/ol>\n<ol start=\"6\">\n<li><strong>Limpa para-brisas e janelas\u2013<\/strong> os para-brisas e as janelas sujas, agravam muitas vezes a luz solar e o reflexo durante a condu\u00e7\u00e3o. Para garantir a m\u00e1xima visibilidade na sua viagem, certifique-se de que todas as janelas est\u00e3o limpas durante toda a viagem. Recomendamos igualmente que leve consigo um limpa vidros e um pano do carro para as viagens mais empoeiradas!<\/li>\n<\/ol>\n<ol start=\"7\">\n<li><strong>Ar condicionado \u2013<\/strong> para que todos possam permanecer confort\u00e1veis e frescos, utilize o ar condicionado durante a viagem.<\/li>\n<\/ol>\n<ol start=\"8\">\n<li><strong>Protetores de sol para a janela \u2013<\/strong> quando estacionar, considere colocar um protetor de para-brisas para que o carro permane\u00e7a o mais fresco poss\u00edvel. Para al\u00e9m disso, se tem crian\u00e7as no carro, utilize as viseiras solares na janela para evitar o sobreaquecimento e o reflexo.<\/li>\n<\/ol>\n<ol start=\"9\">\n<li><strong>Parqueamento \u2013<\/strong> tente estacionar em locais com sombra ou, se estacionar em cidades ou \u00e1reas urbanas, procure parques de estacionamento subterr\u00e2neos. Deste modo, ir\u00e1 garantir que o seu carro se mant\u00e9m fresco para a viagem de regresso a casa.<strong><br \/>\n<\/strong><\/li>\n<\/ol>\n<ol start=\"10\">\n<li><strong>Aten\u00e7\u00e3o extra<\/strong> \u2013 por \u00faltimo, mas n\u00e3o menos importante, preste especial aten\u00e7\u00e3o \u00e0 estrada. O sol \u00e9 \u00f3timo, mas pode prejudicar a sua vis\u00e3o e a dos restantes condutores. Ter\u00e1 de estar atento ao comportamento dos outros condutores, n\u00e3o s\u00f3 pelo sol, mas tamb\u00e9m porque viagens em autoestradas e estradas nacionais podem ser cansativas. Certifique-se que est\u00e1 desperto e com capacidade para se concentrar no percurso, n\u00e3o se esque\u00e7a tamb\u00e9m de fazer pausas regulares.<\/li>\n<\/ol>\n<p><strong>Avis Portugal sugere destinos exclusivos para escapadinhas de ver\u00e3o<br \/>\n<\/strong>A Avis Portugal selecionou alguns destinos pouco explorados, que permitem manter a dist\u00e2ncia social, longe das habituais multid\u00f5es e atra\u00e7\u00f5es populares. Desta forma, se procura um espa\u00e7o ao ar livre mais seguro para desfrutar do bom tempo, reunimos algumas \u201cjoias\u201d escondidas para o inspirar na sua viagem e encontrar o cen\u00e1rio perfeito para as suas redes sociais.<\/p>\n<ol>\n<li><strong> Um destino de praia mais tranquilo &#8211; Praia das Bicas (Sesimbra)<\/strong><\/li>\n<\/ol>\n<p>Pr\u00f3ximo do Parque de Campismo Campimeco, localiza-se a praia das bicas. Isolada e tranquila, a praia tem um extenso areal e \u00e1gua l\u00edmpida. O acesso n\u00e3o \u00e9 dif\u00edcil, pois existe uma escadaria de madeira. No final do dia, fotografe o p\u00f4r-do-sol extraordin\u00e1rio e se for amante de desportos aqu\u00e1ticos como surf, windsurf ou bodyboard, n\u00e3o se esque\u00e7a de levar a prancha!<\/p>\n<ol start=\"2\">\n<li><strong> Um local isolado para um piquenique em fam\u00edlia &#8211; Vila do Pinh\u00e3o (Douro)<\/strong><\/li>\n<\/ol>\n<p>Aproveite o fim-de-semana e fa\u00e7a uma escapadinha de dois dias at\u00e9 Pinh\u00e3o, a vila \u00e9 pequena e localiza-se no cora\u00e7\u00e3o do Alto Douro Vinhateiro e tem uma paisagem de cortar a respira\u00e7\u00e3o. Recomendamos tamb\u00e9m a viagem de barco com partida do Porto ou da R\u00e9gua, onde poder\u00e1 observar a Natureza deslumbrante deste local.<\/p>\n<ol start=\"3\">\n<li><strong> Um local ideal para tirar a fotografia perfeita para o Instagram \u2013 Baloi\u00e7o do Trevim (Serra da Lous\u00e3)<\/strong><\/li>\n<\/ol>\n<p>No ponto mais alto da Serra de Lous\u00e3, fica o baloi\u00e7o do Trevim, a 1.200 metros de altitude. A\u00ed poder\u00e1 observar a vista incr\u00edvel da natureza da serra enquanto tira uma fotografia ic\u00f3nica para as suas redes sociais. Os seus amigos ficar\u00e3o cheios de inveja e likes n\u00e3o ir\u00e3o faltar! Aproveite e descubra os tesouros que a serra tem para lhe oferecer, como o castelo, as praias fluviais e as famosas aldeias de xisto.<\/p>\n<ol start=\"4\">\n<li><strong> Um local grande ao ar livre para aproveitar a Natureza\u2013 Mata Nacional do Bu\u00e7aco (Luso)<\/strong><\/li>\n<\/ol>\n<p>A Mata Nacional do Bu\u00e7aco foi plantada pela Ordem dos Carmelitas Descal\u00e7os, no in\u00edcio do s\u00e9culo XVII. Com a sua bot\u00e2nica deslumbrante, a mata convida os mais destemidos a aventurarem-se por seis percursos pedestres devidamente identificados. A Fonte Fria, o Vale dos Fetos, o Grande Lago, o Jardim novo e o arboreto s\u00e3o apenas alguns dos locais deslumbrantes inseridos na mata. Desafie a sua fam\u00edlia e amigos e perca os gramas extra que ganhou na quarentena, num passeio extraordin\u00e1rio que nunca ser\u00e1 esquecido.<\/p>\n<ol start=\"5\">\n<li><strong> Um local para estacionar o carro e caminhar \u2013 Aldeia do Sistelo (Arcos de Valdevez) <\/strong><\/li>\n<\/ol>\n<p>Esta Aldeia \u00e9 conhecida como \u201cPequeno Tibete Portugu\u00eas\u201d e \u00e9 um para\u00edso para quem gosta de caminhar e descobrir as maravilhas da Natureza. Como tal, poder\u00e1 estacionar o carro na Aldeia e optar por um dos mais de doze trilhos que Sistelo tem para oferecer. Destacamos o PR14, o mais diversificado. Aqui poder\u00e1 observar montanhas, aldeias e caminhos rurais, com a vista encantadora sobre os socalcos do Sistelo.<\/p>\n<p>Os clientes podem reservar com confian\u00e7a este ver\u00e3o, uma vez que a Avis Portugal renuncia a todas as taxas de cancelamento das reservas diretas efetuadas antes de 15 de dezembro de 2020.<\/p>\n<p>Para mais informa\u00e7\u00f5es visite <a href=\"https:\/\/www.avis.com.pt\/\" target=\"_blank\" rel=\"noopener noreferrer\">https:\/\/www.avis.com.pt\/<\/a>.<\/p>\n","protected":false},"excerpt":{"rendered":"<p>\u00c0 medida que as medidas de&#8230;<\/p>\n","protected":false},"author":15,"featured_media":15426,"comment_status":"closed","ping_status":"closed","sticky":false,"template":"","format":"standard","meta":{"footnotes":""},"categories":[37],"tags":[602],"class_list":["post-15437","post","type-post","status-publish","format-standard","has-post-thumbnail","hentry","category-mercado","tag-avis"],"yoast_head":"<!-- This site is optimized with the Yoast SEO plugin v27.4 - https:\/\/yoast.com\/product\/yoast-seo-wordpress\/ -->\n<title>Avis prop\u00f5e \u201croadtrips\u201d para refrescar neste Ver\u00e3o - Jornal das Oficinas<\/title>\n<meta name=\"robots\" content=\"index, follow, max-snippet:-1, max-image-preview:large, max-video-preview:-1\" \/>\n<link rel=\"canonical\" href=\"https:\/\/jornaldasoficinas.com\/pt\/avis-propoe-roadtrips-para-refrescar-neste-verao\/\" \/>\n<meta property=\"og:locale\" content=\"pt_PT\" \/>\n<meta property=\"og:type\" content=\"article\" \/>\n<meta property=\"og:title\" content=\"Avis prop\u00f5e \u201croadtrips\u201d para refrescar neste Ver\u00e3o - Jornal das Oficinas\" \/>\n<meta property=\"og:description\" content=\"\u00c0 medida que as medidas de...\" \/>\n<meta property=\"og:url\" content=\"https:\/\/jornaldasoficinas.com\/pt\/avis-propoe-roadtrips-para-refrescar-neste-verao\/\" \/>\n<meta property=\"og:site_name\" content=\"Jornal das Oficinas\" \/>\n<meta property=\"article:publisher\" content=\"https:\/\/www.facebook.com\/jornaloficinas\" \/>\n<meta property=\"article:published_time\" content=\"2020-08-28T07:00:57+00:00\" \/>\n<meta property=\"og:image\" content=\"https:\/\/jornaldasoficinas.com\/pt\/wp-content\/uploads\/2020\/08\/Avis-propo\u0303e.jpg\" \/>\n\t<meta property=\"og:image:width\" content=\"1024\" \/>\n\t<meta property=\"og:image:height\" content=\"581\" \/>\n\t<meta property=\"og:image:type\" content=\"image\/jpeg\" \/>\n<meta name=\"author\" content=\"Reda\u00e7\u00e3o JO\" \/>\n<meta name=\"twitter:card\" content=\"summary_large_image\" \/>\n<meta name=\"twitter:creator\" content=\"@jornaloficinas\" \/>\n<meta name=\"twitter:site\" content=\"@jornaloficinas\" \/>\n<meta name=\"twitter:label1\" content=\"Escrito por\" \/>\n\t<meta name=\"twitter:data1\" content=\"Reda\u00e7\u00e3o JO\" \/>\n\t<meta name=\"twitter:label2\" content=\"Tempo estimado de leitura\" \/>\n\t<meta name=\"twitter:data2\" content=\"8 minutos\" \/>\n<script type=\"application\/ld+json\" class=\"yoast-schema-graph\">{\"@context\":\"https:\\\/\\\/schema.org\",\"@graph\":[{\"@type\":\"Article\",\"@id\":\"https:\\\/\\\/jornaldasoficinas.com\\\/pt\\\/avis-propoe-roadtrips-para-refrescar-neste-verao\\\/#article\",\"isPartOf\":{\"@id\":\"https:\\\/\\\/jornaldasoficinas.com\\\/pt\\\/avis-propoe-roadtrips-para-refrescar-neste-verao\\\/\"},\"author\":{\"name\":\"Reda\u00e7\u00e3o JO\",\"@id\":\"https:\\\/\\\/jornaldasoficinas.com\\\/pt\\\/#\\\/schema\\\/person\\\/a38eef5de2c41d9e7c9ac10141afddf3\"},\"headline\":\"Avis prop\u00f5e \u201croadtrips\u201d para refrescar neste Ver\u00e3o\",\"datePublished\":\"2020-08-28T07:00:57+00:00\",\"mainEntityOfPage\":{\"@id\":\"https:\\\/\\\/jornaldasoficinas.com\\\/pt\\\/avis-propoe-roadtrips-para-refrescar-neste-verao\\\/\"},\"wordCount\":1633,\"publisher\":{\"@id\":\"https:\\\/\\\/jornaldasoficinas.com\\\/pt\\\/#organization\"},\"image\":{\"@id\":\"https:\\\/\\\/jornaldasoficinas.com\\\/pt\\\/avis-propoe-roadtrips-para-refrescar-neste-verao\\\/#primaryimage\"},\"thumbnailUrl\":\"https:\\\/\\\/jornaldasoficinas.com\\\/pt\\\/wp-content\\\/uploads\\\/2020\\\/08\\\/Avis-propo\u0303e.jpg\",\"keywords\":[\"Avis\"],\"articleSection\":[\"Mercado\"],\"inLanguage\":\"pt-PT\"},{\"@type\":\"WebPage\",\"@id\":\"https:\\\/\\\/jornaldasoficinas.com\\\/pt\\\/avis-propoe-roadtrips-para-refrescar-neste-verao\\\/\",\"url\":\"https:\\\/\\\/jornaldasoficinas.com\\\/pt\\\/avis-propoe-roadtrips-para-refrescar-neste-verao\\\/\",\"name\":\"Avis prop\u00f5e \u201croadtrips\u201d para refrescar neste Ver\u00e3o - Jornal das Oficinas\",\"isPartOf\":{\"@id\":\"https:\\\/\\\/jornaldasoficinas.com\\\/pt\\\/#website\"},\"primaryImageOfPage\":{\"@id\":\"https:\\\/\\\/jornaldasoficinas.com\\\/pt\\\/avis-propoe-roadtrips-para-refrescar-neste-verao\\\/#primaryimage\"},\"image\":{\"@id\":\"https:\\\/\\\/jornaldasoficinas.com\\\/pt\\\/avis-propoe-roadtrips-para-refrescar-neste-verao\\\/#primaryimage\"},\"thumbnailUrl\":\"https:\\\/\\\/jornaldasoficinas.com\\\/pt\\\/wp-content\\\/uploads\\\/2020\\\/08\\\/Avis-propo\u0303e.jpg\",\"datePublished\":\"2020-08-28T07:00:57+00:00\",\"breadcrumb\":{\"@id\":\"https:\\\/\\\/jornaldasoficinas.com\\\/pt\\\/avis-propoe-roadtrips-para-refrescar-neste-verao\\\/#breadcrumb\"},\"inLanguage\":\"pt-PT\",\"potentialAction\":[{\"@type\":\"ReadAction\",\"target\":[\"https:\\\/\\\/jornaldasoficinas.com\\\/pt\\\/avis-propoe-roadtrips-para-refrescar-neste-verao\\\/\"]}]},{\"@type\":\"ImageObject\",\"inLanguage\":\"pt-PT\",\"@id\":\"https:\\\/\\\/jornaldasoficinas.com\\\/pt\\\/avis-propoe-roadtrips-para-refrescar-neste-verao\\\/#primaryimage\",\"url\":\"https:\\\/\\\/jornaldasoficinas.com\\\/pt\\\/wp-content\\\/uploads\\\/2020\\\/08\\\/Avis-propo\u0303e.jpg\",\"contentUrl\":\"https:\\\/\\\/jornaldasoficinas.com\\\/pt\\\/wp-content\\\/uploads\\\/2020\\\/08\\\/Avis-propo\u0303e.jpg\",\"width\":1024,\"height\":581,\"caption\":\"Shot of an attractive young woman going on a road trip\"},{\"@type\":\"BreadcrumbList\",\"@id\":\"https:\\\/\\\/jornaldasoficinas.com\\\/pt\\\/avis-propoe-roadtrips-para-refrescar-neste-verao\\\/#breadcrumb\",\"itemListElement\":[{\"@type\":\"ListItem\",\"position\":1,\"name\":\"In\u00edcio\",\"item\":\"https:\\\/\\\/jornaldasoficinas.com\\\/pt\\\/\"},{\"@type\":\"ListItem\",\"position\":2,\"name\":\"Avis prop\u00f5e \u201croadtrips\u201d para refrescar neste Ver\u00e3o\"}]},{\"@type\":\"WebSite\",\"@id\":\"https:\\\/\\\/jornaldasoficinas.com\\\/pt\\\/#website\",\"url\":\"https:\\\/\\\/jornaldasoficinas.com\\\/pt\\\/\",\"name\":\"Jornal das Oficinas\",\"description\":\"Jornal independente do Aftermarket Autom\u00f3vel em Portugal\",\"publisher\":{\"@id\":\"https:\\\/\\\/jornaldasoficinas.com\\\/pt\\\/#organization\"},\"potentialAction\":[{\"@type\":\"SearchAction\",\"target\":{\"@type\":\"EntryPoint\",\"urlTemplate\":\"https:\\\/\\\/jornaldasoficinas.com\\\/pt\\\/?s={search_term_string}\"},\"query-input\":{\"@type\":\"PropertyValueSpecification\",\"valueRequired\":true,\"valueName\":\"search_term_string\"}}],\"inLanguage\":\"pt-PT\"},{\"@type\":\"Organization\",\"@id\":\"https:\\\/\\\/jornaldasoficinas.com\\\/pt\\\/#organization\",\"name\":\"Jornal das Oficinas\",\"url\":\"https:\\\/\\\/jornaldasoficinas.com\\\/pt\\\/\",\"logo\":{\"@type\":\"ImageObject\",\"inLanguage\":\"pt-PT\",\"@id\":\"https:\\\/\\\/jornaldasoficinas.com\\\/pt\\\/#\\\/schema\\\/logo\\\/image\\\/\",\"url\":\"https:\\\/\\\/jornaldasoficinas.com\\\/pt\\\/wp-content\\\/uploads\\\/logoJO-SEO.png\",\"contentUrl\":\"https:\\\/\\\/jornaldasoficinas.com\\\/pt\\\/wp-content\\\/uploads\\\/logoJO-SEO.png\",\"width\":285,\"height\":450,\"caption\":\"Jornal das Oficinas\"},\"image\":{\"@id\":\"https:\\\/\\\/jornaldasoficinas.com\\\/pt\\\/#\\\/schema\\\/logo\\\/image\\\/\"},\"sameAs\":[\"https:\\\/\\\/www.facebook.com\\\/jornaloficinas\",\"https:\\\/\\\/x.com\\\/jornaloficinas\",\"https:\\\/\\\/www.instagram.com\\\/jornal_oficinas\\\/\",\"https:\\\/\\\/www.linkedin.com\\\/company\\\/jornal-das-oficinas\\\/\",\"https:\\\/\\\/www.youtube.com\\\/channel\\\/UCbQZBqtcvV-oSQrr7RzINGg\"]},{\"@type\":\"Person\",\"@id\":\"https:\\\/\\\/jornaldasoficinas.com\\\/pt\\\/#\\\/schema\\\/person\\\/a38eef5de2c41d9e7c9ac10141afddf3\",\"name\":\"Reda\u00e7\u00e3o JO\",\"image\":{\"@type\":\"ImageObject\",\"inLanguage\":\"pt-PT\",\"@id\":\"https:\\\/\\\/secure.gravatar.com\\\/avatar\\\/71f2fa71737ad68a84fea94bc708ddac8ea5b0c4788dc2ad202f3ccb2887742f?s=96&d=wp_user_avatar&r=g\",\"url\":\"https:\\\/\\\/secure.gravatar.com\\\/avatar\\\/71f2fa71737ad68a84fea94bc708ddac8ea5b0c4788dc2ad202f3ccb2887742f?s=96&d=wp_user_avatar&r=g\",\"contentUrl\":\"https:\\\/\\\/secure.gravatar.com\\\/avatar\\\/71f2fa71737ad68a84fea94bc708ddac8ea5b0c4788dc2ad202f3ccb2887742f?s=96&d=wp_user_avatar&r=g\",\"caption\":\"Reda\u00e7\u00e3o JO\"},\"url\":\"https:\\\/\\\/jornaldasoficinas.com\\\/pt\\\/author\\\/joredacao\\\/\"}]}<\/script>\n<!-- \/ Yoast SEO plugin. -->","yoast_head_json":{"title":"Avis prop\u00f5e \u201croadtrips\u201d para refrescar neste Ver\u00e3o - Jornal das Oficinas","robots":{"index":"index","follow":"follow","max-snippet":"max-snippet:-1","max-image-preview":"max-image-preview:large","max-video-preview":"max-video-preview:-1"},"canonical":"https:\/\/jornaldasoficinas.com\/pt\/avis-propoe-roadtrips-para-refrescar-neste-verao\/","og_locale":"pt_PT","og_type":"article","og_title":"Avis prop\u00f5e \u201croadtrips\u201d para refrescar neste Ver\u00e3o - Jornal das Oficinas","og_description":"\u00c0 medida que as medidas de...","og_url":"https:\/\/jornaldasoficinas.com\/pt\/avis-propoe-roadtrips-para-refrescar-neste-verao\/","og_site_name":"Jornal das Oficinas","article_publisher":"https:\/\/www.facebook.com\/jornaloficinas","article_published_time":"2020-08-28T07:00:57+00:00","og_image":[{"width":1024,"height":581,"url":"https:\/\/jornaldasoficinas.com\/pt\/wp-content\/uploads\/2020\/08\/Avis-propo\u0303e.jpg","type":"image\/jpeg"}],"author":"Reda\u00e7\u00e3o JO","twitter_card":"summary_large_image","twitter_creator":"@jornaloficinas","twitter_site":"@jornaloficinas","twitter_misc":{"Escrito por":"Reda\u00e7\u00e3o JO","Tempo estimado de leitura":"8 minutos"},"schema":{"@context":"https:\/\/schema.org","@graph":[{"@type":"Article","@id":"https:\/\/jornaldasoficinas.com\/pt\/avis-propoe-roadtrips-para-refrescar-neste-verao\/#article","isPartOf":{"@id":"https:\/\/jornaldasoficinas.com\/pt\/avis-propoe-roadtrips-para-refrescar-neste-verao\/"},"author":{"name":"Reda\u00e7\u00e3o JO","@id":"https:\/\/jornaldasoficinas.com\/pt\/#\/schema\/person\/a38eef5de2c41d9e7c9ac10141afddf3"},"headline":"Avis prop\u00f5e \u201croadtrips\u201d para refrescar neste Ver\u00e3o","datePublished":"2020-08-28T07:00:57+00:00","mainEntityOfPage":{"@id":"https:\/\/jornaldasoficinas.com\/pt\/avis-propoe-roadtrips-para-refrescar-neste-verao\/"},"wordCount":1633,"publisher":{"@id":"https:\/\/jornaldasoficinas.com\/pt\/#organization"},"image":{"@id":"https:\/\/jornaldasoficinas.com\/pt\/avis-propoe-roadtrips-para-refrescar-neste-verao\/#primaryimage"},"thumbnailUrl":"https:\/\/jornaldasoficinas.com\/pt\/wp-content\/uploads\/2020\/08\/Avis-propo\u0303e.jpg","keywords":["Avis"],"articleSection":["Mercado"],"inLanguage":"pt-PT"},{"@type":"WebPage","@id":"https:\/\/jornaldasoficinas.com\/pt\/avis-propoe-roadtrips-para-refrescar-neste-verao\/","url":"https:\/\/jornaldasoficinas.com\/pt\/avis-propoe-roadtrips-para-refrescar-neste-verao\/","name":"Avis prop\u00f5e \u201croadtrips\u201d para refrescar neste Ver\u00e3o - Jornal das Oficinas","isPartOf":{"@id":"https:\/\/jornaldasoficinas.com\/pt\/#website"},"primaryImageOfPage":{"@id":"https:\/\/jornaldasoficinas.com\/pt\/avis-propoe-roadtrips-para-refrescar-neste-verao\/#primaryimage"},"image":{"@id":"https:\/\/jornaldasoficinas.com\/pt\/avis-propoe-roadtrips-para-refrescar-neste-verao\/#primaryimage"},"thumbnailUrl":"https:\/\/jornaldasoficinas.com\/pt\/wp-content\/uploads\/2020\/08\/Avis-propo\u0303e.jpg","datePublished":"2020-08-28T07:00:57+00:00","breadcrumb":{"@id":"https:\/\/jornaldasoficinas.com\/pt\/avis-propoe-roadtrips-para-refrescar-neste-verao\/#breadcrumb"},"inLanguage":"pt-PT","potentialAction":[{"@type":"ReadAction","target":["https:\/\/jornaldasoficinas.com\/pt\/avis-propoe-roadtrips-para-refrescar-neste-verao\/"]}]},{"@type":"ImageObject","inLanguage":"pt-PT","@id":"https:\/\/jornaldasoficinas.com\/pt\/avis-propoe-roadtrips-para-refrescar-neste-verao\/#primaryimage","url":"https:\/\/jornaldasoficinas.com\/pt\/wp-content\/uploads\/2020\/08\/Avis-propo\u0303e.jpg","contentUrl":"https:\/\/jornaldasoficinas.com\/pt\/wp-content\/uploads\/2020\/08\/Avis-propo\u0303e.jpg","width":1024,"height":581,"caption":"Shot of an attractive young woman going on a road trip"},{"@type":"BreadcrumbList","@id":"https:\/\/jornaldasoficinas.com\/pt\/avis-propoe-roadtrips-para-refrescar-neste-verao\/#breadcrumb","itemListElement":[{"@type":"ListItem","position":1,"name":"In\u00edcio","item":"https:\/\/jornaldasoficinas.com\/pt\/"},{"@type":"ListItem","position":2,"name":"Avis prop\u00f5e \u201croadtrips\u201d para refrescar neste Ver\u00e3o"}]},{"@type":"WebSite","@id":"https:\/\/jornaldasoficinas.com\/pt\/#website","url":"https:\/\/jornaldasoficinas.com\/pt\/","name":"Jornal das Oficinas","description":"Jornal independente do Aftermarket Autom\u00f3vel em Portugal","publisher":{"@id":"https:\/\/jornaldasoficinas.com\/pt\/#organization"},"potentialAction":[{"@type":"SearchAction","target":{"@type":"EntryPoint","urlTemplate":"https:\/\/jornaldasoficinas.com\/pt\/?s={search_term_string}"},"query-input":{"@type":"PropertyValueSpecification","valueRequired":true,"valueName":"search_term_string"}}],"inLanguage":"pt-PT"},{"@type":"Organization","@id":"https:\/\/jornaldasoficinas.com\/pt\/#organization","name":"Jornal das Oficinas","url":"https:\/\/jornaldasoficinas.com\/pt\/","logo":{"@type":"ImageObject","inLanguage":"pt-PT","@id":"https:\/\/jornaldasoficinas.com\/pt\/#\/schema\/logo\/image\/","url":"https:\/\/jornaldasoficinas.com\/pt\/wp-content\/uploads\/logoJO-SEO.png","contentUrl":"https:\/\/jornaldasoficinas.com\/pt\/wp-content\/uploads\/logoJO-SEO.png","width":285,"height":450,"caption":"Jornal das Oficinas"},"image":{"@id":"https:\/\/jornaldasoficinas.com\/pt\/#\/schema\/logo\/image\/"},"sameAs":["https:\/\/www.facebook.com\/jornaloficinas","https:\/\/x.com\/jornaloficinas","https:\/\/www.instagram.com\/jornal_oficinas\/","https:\/\/www.linkedin.com\/company\/jornal-das-oficinas\/","https:\/\/www.youtube.com\/channel\/UCbQZBqtcvV-oSQrr7RzINGg"]},{"@type":"Person","@id":"https:\/\/jornaldasoficinas.com\/pt\/#\/schema\/person\/a38eef5de2c41d9e7c9ac10141afddf3","name":"Reda\u00e7\u00e3o JO","image":{"@type":"ImageObject","inLanguage":"pt-PT","@id":"https:\/\/secure.gravatar.com\/avatar\/71f2fa71737ad68a84fea94bc708ddac8ea5b0c4788dc2ad202f3ccb2887742f?s=96&d=wp_user_avatar&r=g","url":"https:\/\/secure.gravatar.com\/avatar\/71f2fa71737ad68a84fea94bc708ddac8ea5b0c4788dc2ad202f3ccb2887742f?s=96&d=wp_user_avatar&r=g","contentUrl":"https:\/\/secure.gravatar.com\/avatar\/71f2fa71737ad68a84fea94bc708ddac8ea5b0c4788dc2ad202f3ccb2887742f?s=96&d=wp_user_avatar&r=g","caption":"Reda\u00e7\u00e3o JO"},"url":"https:\/\/jornaldasoficinas.com\/pt\/author\/joredacao\/"}]}},"_links":{"self":[{"href":"https:\/\/jornaldasoficinas.com\/pt\/wp-json\/wp\/v2\/posts\/15437","targetHints":{"allow":["GET"]}}],"collection":[{"href":"https:\/\/jornaldasoficinas.com\/pt\/wp-json\/wp\/v2\/posts"}],"about":[{"href":"https:\/\/jornaldasoficinas.com\/pt\/wp-json\/wp\/v2\/types\/post"}],"author":[{"embeddable":true,"href":"https:\/\/jornaldasoficinas.com\/pt\/wp-json\/wp\/v2\/users\/15"}],"replies":[{"embeddable":true,"href":"https:\/\/jornaldasoficinas.com\/pt\/wp-json\/wp\/v2\/comments?post=15437"}],"version-history":[{"count":0,"href":"https:\/\/jornaldasoficinas.com\/pt\/wp-json\/wp\/v2\/posts\/15437\/revisions"}],"wp:featuredmedia":[{"embeddable":true,"href":"https:\/\/jornaldasoficinas.com\/pt\/wp-json\/wp\/v2\/media\/15426"}],"wp:attachment":[{"href":"https:\/\/jornaldasoficinas.com\/pt\/wp-json\/wp\/v2\/media?parent=15437"}],"wp:term":[{"taxonomy":"category","embeddable":true,"href":"https:\/\/jornaldasoficinas.com\/pt\/wp-json\/wp\/v2\/categories?post=15437"},{"taxonomy":"post_tag","embeddable":true,"href":"https:\/\/jornaldasoficinas.com\/pt\/wp-json\/wp\/v2\/tags?post=15437"}],"curies":[{"name":"wp","href":"https:\/\/api.w.org\/{rel}","templated":true}]}}