{"id":15520,"date":"2020-08-29T10:00:20","date_gmt":"2020-08-29T09:00:20","guid":{"rendered":"https:\/\/jornaldasoficinas.com\/pt\/?p=15520"},"modified":"2020-08-29T08:52:20","modified_gmt":"2020-08-29T07:52:20","slug":"12-causas-aser-sistemas-de-ignicao-e-gestao-de-motor","status":"publish","type":"post","link":"https:\/\/jornaldasoficinas.com\/pt\/12-causas-aser-sistemas-de-ignicao-e-gestao-de-motor\/","title":{"rendered":"12 Causas ASER: Sistemas de Igni\u00e7\u00e3o e Gest\u00e3o de Motor"},"content":{"rendered":"<p><strong><img loading=\"lazy\" decoding=\"async\" class=\"alignnone wp-image-15526 size-full\" src=\"https:\/\/jornaldasoficinas.com\/pt\/wp-content\/uploads\/2020\/08\/12-Causas-ASER.jpg\" alt=\"08 - 12-Causas-ASER\" width=\"1024\" height=\"581\" srcset=\"https:\/\/jornaldasoficinas.com\/pt\/wp-content\/uploads\/2020\/08\/12-Causas-ASER.jpg 1024w, https:\/\/jornaldasoficinas.com\/pt\/wp-content\/uploads\/2020\/08\/12-Causas-ASER-300x170.jpg 300w, https:\/\/jornaldasoficinas.com\/pt\/wp-content\/uploads\/2020\/08\/12-Causas-ASER-150x85.jpg 150w, https:\/\/jornaldasoficinas.com\/pt\/wp-content\/uploads\/2020\/08\/12-Causas-ASER-768x436.jpg 768w\" sizes=\"auto, (max-width: 1024px) 100vw, 1024px\" \/><\/strong><\/p>\n<p><strong>A ASER lan\u00e7a na edi\u00e7\u00e3o de setembro as 12 causas que podem levar \u00e0 rutura do Sistema de Igni\u00e7\u00e3o e Gest\u00e3o de Motor. Saiba quais neste artigo.<\/strong><\/p>\n<p>Pode n\u00e3o estar muito familiarizado com o conceito de sistemas de gerenciamento do motor, mas com certeza conhece a travagem central, os vidros el\u00e9tricos ou o medidor de combust\u00edvel.<\/p>\n<p>A principal tarefa de um Sistema de Gest\u00e3o de Motor \u00e9 coordenar e controlar os par\u00e2metros como o ponto de igni\u00e7\u00e3o, a quantidade de combust\u00edvel injetado e a temperatura e rota\u00e7\u00f5es do motor, entre outras coisas. O seu objetivo \u00e9 garantir um funcionamento econ\u00f3mico e ecol\u00f3gico do ve\u00edculo. Sistemas de gest\u00e3o de motor tamb\u00e9m fazem operar os para-brisas, sistemas de ventila\u00e7\u00e3o e refrigera\u00e7\u00e3o, bem como far\u00f3is dianteiros.<\/p>\n<p>O sistema de gest\u00e3o de motor \u00e9 um mecanismo de precis\u00e3o que distribui informa\u00e7\u00f5es para muitos sensores diferentes. Sem saber a que velocidade estamos a viajar, sem saber a temperatura da cabine ou ignorar as revolu\u00e7\u00f5es que usamos pode ser perigoso. Esta informa\u00e7\u00e3o \u00e9 necess\u00e1ria para n\u00e3o comprometer a sua seguran\u00e7a.<\/p>\n<p>Os sensores ajudam a reduzir o consumo de combust\u00edvel e as emiss\u00f5es de gases poluentes. Estes, desempenham um papel essencial no ve\u00edculo, pois melhoram a efici\u00eancia, seguran\u00e7a do motor e do ve\u00edculo, e permitem maior conforto para o motorista e para o resto dos ocupantes. Para que um sensor execute sua fun\u00e7\u00e3o corretamente, ele deve ser resistente \u00e0 temperatura, humidade, sujeira e produtos qu\u00edmicos. Cada sensor tem uma grande responsabilidade no correto funcionamento do sistema de gest\u00e3o do motor.<\/p>\n<p>A manuten\u00e7\u00e3o correta do sistema de gest\u00e3o do motor afeta uma infinidade de partes do carro, a partir de elementos que influenciam o conforto do motorista e de todos os ocupantes a sensores e atuadores que, em caso de falha, podem levar a uma s\u00e9ria quebra do motor.<\/p>\n<p><strong>Como detetamos falhas no sistema de gest\u00e3o\u00a0 do motor?<br \/>\n<\/strong>&#8211; Se a luz no painel indica a falha.<\/p>\n<p>&#8211; Se notarmos um consumo excessivo e um n\u00edvel vari\u00e1vel no n\u00famero de rota\u00e7\u00f5es.<\/p>\n<p>&#8211; Se notarmos que o escape emite uma cor incomum.<\/p>\n<p>&#8211; Se notarmos pequenos solavancos, ou perdas de pot\u00eancia.<\/p>\n<p>Se notar qualquer sintoma de que algo est\u00e1 errado com o sistema de gest\u00e3o do motor, n\u00e3o espere at\u00e9 avariar. V\u00e1 at\u00e9 \u00e0 sua oficina de confian\u00e7a, pois pode levar ao consumo excessivo do seu ve\u00edculo, uma perda de energia e at\u00e9 mesmo uma diminui\u00e7\u00e3o na seguran\u00e7a e conforto de todos os ocupantes.<\/p>\n<p>E lembre-se de ir apenas a &#8220;oficinas de confian\u00e7a&#8221; que cumpram todos os regulamentos atuais, com conhecimento adequado para arranjar o seu ve\u00edculo, que lhe pode oferecer garantia no arranjo e que usam pe\u00e7as sobressalentes de qualidade. Lembre-se de que o barato costuma sair caro.<\/p>\n","protected":false},"excerpt":{"rendered":"<p>A ASER lan\u00e7a na edi\u00e7\u00e3o de&#8230;<\/p>\n","protected":false},"author":15,"featured_media":15526,"comment_status":"closed","ping_status":"closed","sticky":false,"template":"","format":"standard","meta":{"footnotes":""},"categories":[29],"tags":[255],"class_list":["post-15520","post","type-post","status-publish","format-standard","has-post-thumbnail","hentry","category-empresas","tag-aser"],"yoast_head":"<!-- This site is optimized with the Yoast SEO plugin v27.4 - https:\/\/yoast.com\/product\/yoast-seo-wordpress\/ -->\n<title>12 Causas ASER: Sistemas de Igni\u00e7\u00e3o e Gest\u00e3o de Motor - Jornal das Oficinas<\/title>\n<meta name=\"robots\" content=\"index, follow, max-snippet:-1, max-image-preview:large, max-video-preview:-1\" \/>\n<link rel=\"canonical\" href=\"https:\/\/jornaldasoficinas.com\/pt\/12-causas-aser-sistemas-de-ignicao-e-gestao-de-motor\/\" \/>\n<meta property=\"og:locale\" content=\"pt_PT\" \/>\n<meta property=\"og:type\" content=\"article\" \/>\n<meta property=\"og:title\" content=\"12 Causas ASER: Sistemas de Igni\u00e7\u00e3o e Gest\u00e3o de Motor - Jornal das Oficinas\" \/>\n<meta property=\"og:description\" content=\"A ASER lan\u00e7a na edi\u00e7\u00e3o de...\" \/>\n<meta property=\"og:url\" content=\"https:\/\/jornaldasoficinas.com\/pt\/12-causas-aser-sistemas-de-ignicao-e-gestao-de-motor\/\" \/>\n<meta property=\"og:site_name\" content=\"Jornal das Oficinas\" \/>\n<meta property=\"article:publisher\" content=\"https:\/\/www.facebook.com\/jornaloficinas\" \/>\n<meta property=\"article:published_time\" content=\"2020-08-29T09:00:20+00:00\" \/>\n<meta property=\"og:image\" content=\"https:\/\/jornaldasoficinas.com\/pt\/wp-content\/uploads\/2020\/08\/12-Causas-ASER.jpg\" \/>\n\t<meta property=\"og:image:width\" content=\"1024\" \/>\n\t<meta property=\"og:image:height\" content=\"581\" \/>\n\t<meta property=\"og:image:type\" content=\"image\/jpeg\" \/>\n<meta name=\"author\" content=\"Reda\u00e7\u00e3o JO\" \/>\n<meta name=\"twitter:card\" content=\"summary_large_image\" \/>\n<meta name=\"twitter:creator\" content=\"@jornaloficinas\" \/>\n<meta name=\"twitter:site\" content=\"@jornaloficinas\" \/>\n<meta name=\"twitter:label1\" content=\"Escrito por\" \/>\n\t<meta name=\"twitter:data1\" content=\"Reda\u00e7\u00e3o JO\" \/>\n\t<meta name=\"twitter:label2\" content=\"Tempo estimado de leitura\" \/>\n\t<meta name=\"twitter:data2\" content=\"2 minutos\" \/>\n<script type=\"application\/ld+json\" class=\"yoast-schema-graph\">{\"@context\":\"https:\\\/\\\/schema.org\",\"@graph\":[{\"@type\":\"Article\",\"@id\":\"https:\\\/\\\/jornaldasoficinas.com\\\/pt\\\/12-causas-aser-sistemas-de-ignicao-e-gestao-de-motor\\\/#article\",\"isPartOf\":{\"@id\":\"https:\\\/\\\/jornaldasoficinas.com\\\/pt\\\/12-causas-aser-sistemas-de-ignicao-e-gestao-de-motor\\\/\"},\"author\":{\"name\":\"Reda\u00e7\u00e3o JO\",\"@id\":\"https:\\\/\\\/jornaldasoficinas.com\\\/pt\\\/#\\\/schema\\\/person\\\/a38eef5de2c41d9e7c9ac10141afddf3\"},\"headline\":\"12 Causas ASER: Sistemas de Igni\u00e7\u00e3o e Gest\u00e3o de Motor\",\"datePublished\":\"2020-08-29T09:00:20+00:00\",\"mainEntityOfPage\":{\"@id\":\"https:\\\/\\\/jornaldasoficinas.com\\\/pt\\\/12-causas-aser-sistemas-de-ignicao-e-gestao-de-motor\\\/\"},\"wordCount\":508,\"publisher\":{\"@id\":\"https:\\\/\\\/jornaldasoficinas.com\\\/pt\\\/#organization\"},\"image\":{\"@id\":\"https:\\\/\\\/jornaldasoficinas.com\\\/pt\\\/12-causas-aser-sistemas-de-ignicao-e-gestao-de-motor\\\/#primaryimage\"},\"thumbnailUrl\":\"https:\\\/\\\/jornaldasoficinas.com\\\/pt\\\/wp-content\\\/uploads\\\/2020\\\/08\\\/12-Causas-ASER.jpg\",\"keywords\":[\"ASER\"],\"articleSection\":[\"Empresas\"],\"inLanguage\":\"pt-PT\"},{\"@type\":\"WebPage\",\"@id\":\"https:\\\/\\\/jornaldasoficinas.com\\\/pt\\\/12-causas-aser-sistemas-de-ignicao-e-gestao-de-motor\\\/\",\"url\":\"https:\\\/\\\/jornaldasoficinas.com\\\/pt\\\/12-causas-aser-sistemas-de-ignicao-e-gestao-de-motor\\\/\",\"name\":\"12 Causas ASER: Sistemas de Igni\u00e7\u00e3o e Gest\u00e3o de Motor - Jornal das Oficinas\",\"isPartOf\":{\"@id\":\"https:\\\/\\\/jornaldasoficinas.com\\\/pt\\\/#website\"},\"primaryImageOfPage\":{\"@id\":\"https:\\\/\\\/jornaldasoficinas.com\\\/pt\\\/12-causas-aser-sistemas-de-ignicao-e-gestao-de-motor\\\/#primaryimage\"},\"image\":{\"@id\":\"https:\\\/\\\/jornaldasoficinas.com\\\/pt\\\/12-causas-aser-sistemas-de-ignicao-e-gestao-de-motor\\\/#primaryimage\"},\"thumbnailUrl\":\"https:\\\/\\\/jornaldasoficinas.com\\\/pt\\\/wp-content\\\/uploads\\\/2020\\\/08\\\/12-Causas-ASER.jpg\",\"datePublished\":\"2020-08-29T09:00:20+00:00\",\"breadcrumb\":{\"@id\":\"https:\\\/\\\/jornaldasoficinas.com\\\/pt\\\/12-causas-aser-sistemas-de-ignicao-e-gestao-de-motor\\\/#breadcrumb\"},\"inLanguage\":\"pt-PT\",\"potentialAction\":[{\"@type\":\"ReadAction\",\"target\":[\"https:\\\/\\\/jornaldasoficinas.com\\\/pt\\\/12-causas-aser-sistemas-de-ignicao-e-gestao-de-motor\\\/\"]}]},{\"@type\":\"ImageObject\",\"inLanguage\":\"pt-PT\",\"@id\":\"https:\\\/\\\/jornaldasoficinas.com\\\/pt\\\/12-causas-aser-sistemas-de-ignicao-e-gestao-de-motor\\\/#primaryimage\",\"url\":\"https:\\\/\\\/jornaldasoficinas.com\\\/pt\\\/wp-content\\\/uploads\\\/2020\\\/08\\\/12-Causas-ASER.jpg\",\"contentUrl\":\"https:\\\/\\\/jornaldasoficinas.com\\\/pt\\\/wp-content\\\/uploads\\\/2020\\\/08\\\/12-Causas-ASER.jpg\",\"width\":1024,\"height\":581,\"caption\":\"08 - 12-Causas-ASER\"},{\"@type\":\"BreadcrumbList\",\"@id\":\"https:\\\/\\\/jornaldasoficinas.com\\\/pt\\\/12-causas-aser-sistemas-de-ignicao-e-gestao-de-motor\\\/#breadcrumb\",\"itemListElement\":[{\"@type\":\"ListItem\",\"position\":1,\"name\":\"In\u00edcio\",\"item\":\"https:\\\/\\\/jornaldasoficinas.com\\\/pt\\\/\"},{\"@type\":\"ListItem\",\"position\":2,\"name\":\"12 Causas ASER: Sistemas de Igni\u00e7\u00e3o e Gest\u00e3o de Motor\"}]},{\"@type\":\"WebSite\",\"@id\":\"https:\\\/\\\/jornaldasoficinas.com\\\/pt\\\/#website\",\"url\":\"https:\\\/\\\/jornaldasoficinas.com\\\/pt\\\/\",\"name\":\"Jornal das Oficinas\",\"description\":\"Jornal independente do Aftermarket Autom\u00f3vel em Portugal\",\"publisher\":{\"@id\":\"https:\\\/\\\/jornaldasoficinas.com\\\/pt\\\/#organization\"},\"potentialAction\":[{\"@type\":\"SearchAction\",\"target\":{\"@type\":\"EntryPoint\",\"urlTemplate\":\"https:\\\/\\\/jornaldasoficinas.com\\\/pt\\\/?s={search_term_string}\"},\"query-input\":{\"@type\":\"PropertyValueSpecification\",\"valueRequired\":true,\"valueName\":\"search_term_string\"}}],\"inLanguage\":\"pt-PT\"},{\"@type\":\"Organization\",\"@id\":\"https:\\\/\\\/jornaldasoficinas.com\\\/pt\\\/#organization\",\"name\":\"Jornal das Oficinas\",\"url\":\"https:\\\/\\\/jornaldasoficinas.com\\\/pt\\\/\",\"logo\":{\"@type\":\"ImageObject\",\"inLanguage\":\"pt-PT\",\"@id\":\"https:\\\/\\\/jornaldasoficinas.com\\\/pt\\\/#\\\/schema\\\/logo\\\/image\\\/\",\"url\":\"https:\\\/\\\/jornaldasoficinas.com\\\/pt\\\/wp-content\\\/uploads\\\/logoJO-SEO.png\",\"contentUrl\":\"https:\\\/\\\/jornaldasoficinas.com\\\/pt\\\/wp-content\\\/uploads\\\/logoJO-SEO.png\",\"width\":285,\"height\":450,\"caption\":\"Jornal das Oficinas\"},\"image\":{\"@id\":\"https:\\\/\\\/jornaldasoficinas.com\\\/pt\\\/#\\\/schema\\\/logo\\\/image\\\/\"},\"sameAs\":[\"https:\\\/\\\/www.facebook.com\\\/jornaloficinas\",\"https:\\\/\\\/x.com\\\/jornaloficinas\",\"https:\\\/\\\/www.instagram.com\\\/jornal_oficinas\\\/\",\"https:\\\/\\\/www.linkedin.com\\\/company\\\/jornal-das-oficinas\\\/\",\"https:\\\/\\\/www.youtube.com\\\/channel\\\/UCbQZBqtcvV-oSQrr7RzINGg\"]},{\"@type\":\"Person\",\"@id\":\"https:\\\/\\\/jornaldasoficinas.com\\\/pt\\\/#\\\/schema\\\/person\\\/a38eef5de2c41d9e7c9ac10141afddf3\",\"name\":\"Reda\u00e7\u00e3o JO\",\"image\":{\"@type\":\"ImageObject\",\"inLanguage\":\"pt-PT\",\"@id\":\"https:\\\/\\\/secure.gravatar.com\\\/avatar\\\/71f2fa71737ad68a84fea94bc708ddac8ea5b0c4788dc2ad202f3ccb2887742f?s=96&d=wp_user_avatar&r=g\",\"url\":\"https:\\\/\\\/secure.gravatar.com\\\/avatar\\\/71f2fa71737ad68a84fea94bc708ddac8ea5b0c4788dc2ad202f3ccb2887742f?s=96&d=wp_user_avatar&r=g\",\"contentUrl\":\"https:\\\/\\\/secure.gravatar.com\\\/avatar\\\/71f2fa71737ad68a84fea94bc708ddac8ea5b0c4788dc2ad202f3ccb2887742f?s=96&d=wp_user_avatar&r=g\",\"caption\":\"Reda\u00e7\u00e3o JO\"},\"url\":\"https:\\\/\\\/jornaldasoficinas.com\\\/pt\\\/author\\\/joredacao\\\/\"}]}<\/script>\n<!-- \/ Yoast SEO plugin. -->","yoast_head_json":{"title":"12 Causas ASER: Sistemas de Igni\u00e7\u00e3o e Gest\u00e3o de Motor - Jornal das Oficinas","robots":{"index":"index","follow":"follow","max-snippet":"max-snippet:-1","max-image-preview":"max-image-preview:large","max-video-preview":"max-video-preview:-1"},"canonical":"https:\/\/jornaldasoficinas.com\/pt\/12-causas-aser-sistemas-de-ignicao-e-gestao-de-motor\/","og_locale":"pt_PT","og_type":"article","og_title":"12 Causas ASER: Sistemas de Igni\u00e7\u00e3o e Gest\u00e3o de Motor - Jornal das Oficinas","og_description":"A ASER lan\u00e7a na edi\u00e7\u00e3o de...","og_url":"https:\/\/jornaldasoficinas.com\/pt\/12-causas-aser-sistemas-de-ignicao-e-gestao-de-motor\/","og_site_name":"Jornal das Oficinas","article_publisher":"https:\/\/www.facebook.com\/jornaloficinas","article_published_time":"2020-08-29T09:00:20+00:00","og_image":[{"width":1024,"height":581,"url":"https:\/\/jornaldasoficinas.com\/pt\/wp-content\/uploads\/2020\/08\/12-Causas-ASER.jpg","type":"image\/jpeg"}],"author":"Reda\u00e7\u00e3o JO","twitter_card":"summary_large_image","twitter_creator":"@jornaloficinas","twitter_site":"@jornaloficinas","twitter_misc":{"Escrito por":"Reda\u00e7\u00e3o JO","Tempo estimado de leitura":"2 minutos"},"schema":{"@context":"https:\/\/schema.org","@graph":[{"@type":"Article","@id":"https:\/\/jornaldasoficinas.com\/pt\/12-causas-aser-sistemas-de-ignicao-e-gestao-de-motor\/#article","isPartOf":{"@id":"https:\/\/jornaldasoficinas.com\/pt\/12-causas-aser-sistemas-de-ignicao-e-gestao-de-motor\/"},"author":{"name":"Reda\u00e7\u00e3o JO","@id":"https:\/\/jornaldasoficinas.com\/pt\/#\/schema\/person\/a38eef5de2c41d9e7c9ac10141afddf3"},"headline":"12 Causas ASER: Sistemas de Igni\u00e7\u00e3o e Gest\u00e3o de Motor","datePublished":"2020-08-29T09:00:20+00:00","mainEntityOfPage":{"@id":"https:\/\/jornaldasoficinas.com\/pt\/12-causas-aser-sistemas-de-ignicao-e-gestao-de-motor\/"},"wordCount":508,"publisher":{"@id":"https:\/\/jornaldasoficinas.com\/pt\/#organization"},"image":{"@id":"https:\/\/jornaldasoficinas.com\/pt\/12-causas-aser-sistemas-de-ignicao-e-gestao-de-motor\/#primaryimage"},"thumbnailUrl":"https:\/\/jornaldasoficinas.com\/pt\/wp-content\/uploads\/2020\/08\/12-Causas-ASER.jpg","keywords":["ASER"],"articleSection":["Empresas"],"inLanguage":"pt-PT"},{"@type":"WebPage","@id":"https:\/\/jornaldasoficinas.com\/pt\/12-causas-aser-sistemas-de-ignicao-e-gestao-de-motor\/","url":"https:\/\/jornaldasoficinas.com\/pt\/12-causas-aser-sistemas-de-ignicao-e-gestao-de-motor\/","name":"12 Causas ASER: Sistemas de Igni\u00e7\u00e3o e Gest\u00e3o de Motor - Jornal das Oficinas","isPartOf":{"@id":"https:\/\/jornaldasoficinas.com\/pt\/#website"},"primaryImageOfPage":{"@id":"https:\/\/jornaldasoficinas.com\/pt\/12-causas-aser-sistemas-de-ignicao-e-gestao-de-motor\/#primaryimage"},"image":{"@id":"https:\/\/jornaldasoficinas.com\/pt\/12-causas-aser-sistemas-de-ignicao-e-gestao-de-motor\/#primaryimage"},"thumbnailUrl":"https:\/\/jornaldasoficinas.com\/pt\/wp-content\/uploads\/2020\/08\/12-Causas-ASER.jpg","datePublished":"2020-08-29T09:00:20+00:00","breadcrumb":{"@id":"https:\/\/jornaldasoficinas.com\/pt\/12-causas-aser-sistemas-de-ignicao-e-gestao-de-motor\/#breadcrumb"},"inLanguage":"pt-PT","potentialAction":[{"@type":"ReadAction","target":["https:\/\/jornaldasoficinas.com\/pt\/12-causas-aser-sistemas-de-ignicao-e-gestao-de-motor\/"]}]},{"@type":"ImageObject","inLanguage":"pt-PT","@id":"https:\/\/jornaldasoficinas.com\/pt\/12-causas-aser-sistemas-de-ignicao-e-gestao-de-motor\/#primaryimage","url":"https:\/\/jornaldasoficinas.com\/pt\/wp-content\/uploads\/2020\/08\/12-Causas-ASER.jpg","contentUrl":"https:\/\/jornaldasoficinas.com\/pt\/wp-content\/uploads\/2020\/08\/12-Causas-ASER.jpg","width":1024,"height":581,"caption":"08 - 12-Causas-ASER"},{"@type":"BreadcrumbList","@id":"https:\/\/jornaldasoficinas.com\/pt\/12-causas-aser-sistemas-de-ignicao-e-gestao-de-motor\/#breadcrumb","itemListElement":[{"@type":"ListItem","position":1,"name":"In\u00edcio","item":"https:\/\/jornaldasoficinas.com\/pt\/"},{"@type":"ListItem","position":2,"name":"12 Causas ASER: Sistemas de Igni\u00e7\u00e3o e Gest\u00e3o de Motor"}]},{"@type":"WebSite","@id":"https:\/\/jornaldasoficinas.com\/pt\/#website","url":"https:\/\/jornaldasoficinas.com\/pt\/","name":"Jornal das Oficinas","description":"Jornal independente do Aftermarket Autom\u00f3vel em Portugal","publisher":{"@id":"https:\/\/jornaldasoficinas.com\/pt\/#organization"},"potentialAction":[{"@type":"SearchAction","target":{"@type":"EntryPoint","urlTemplate":"https:\/\/jornaldasoficinas.com\/pt\/?s={search_term_string}"},"query-input":{"@type":"PropertyValueSpecification","valueRequired":true,"valueName":"search_term_string"}}],"inLanguage":"pt-PT"},{"@type":"Organization","@id":"https:\/\/jornaldasoficinas.com\/pt\/#organization","name":"Jornal das Oficinas","url":"https:\/\/jornaldasoficinas.com\/pt\/","logo":{"@type":"ImageObject","inLanguage":"pt-PT","@id":"https:\/\/jornaldasoficinas.com\/pt\/#\/schema\/logo\/image\/","url":"https:\/\/jornaldasoficinas.com\/pt\/wp-content\/uploads\/logoJO-SEO.png","contentUrl":"https:\/\/jornaldasoficinas.com\/pt\/wp-content\/uploads\/logoJO-SEO.png","width":285,"height":450,"caption":"Jornal das Oficinas"},"image":{"@id":"https:\/\/jornaldasoficinas.com\/pt\/#\/schema\/logo\/image\/"},"sameAs":["https:\/\/www.facebook.com\/jornaloficinas","https:\/\/x.com\/jornaloficinas","https:\/\/www.instagram.com\/jornal_oficinas\/","https:\/\/www.linkedin.com\/company\/jornal-das-oficinas\/","https:\/\/www.youtube.com\/channel\/UCbQZBqtcvV-oSQrr7RzINGg"]},{"@type":"Person","@id":"https:\/\/jornaldasoficinas.com\/pt\/#\/schema\/person\/a38eef5de2c41d9e7c9ac10141afddf3","name":"Reda\u00e7\u00e3o JO","image":{"@type":"ImageObject","inLanguage":"pt-PT","@id":"https:\/\/secure.gravatar.com\/avatar\/71f2fa71737ad68a84fea94bc708ddac8ea5b0c4788dc2ad202f3ccb2887742f?s=96&d=wp_user_avatar&r=g","url":"https:\/\/secure.gravatar.com\/avatar\/71f2fa71737ad68a84fea94bc708ddac8ea5b0c4788dc2ad202f3ccb2887742f?s=96&d=wp_user_avatar&r=g","contentUrl":"https:\/\/secure.gravatar.com\/avatar\/71f2fa71737ad68a84fea94bc708ddac8ea5b0c4788dc2ad202f3ccb2887742f?s=96&d=wp_user_avatar&r=g","caption":"Reda\u00e7\u00e3o JO"},"url":"https:\/\/jornaldasoficinas.com\/pt\/author\/joredacao\/"}]}},"_links":{"self":[{"href":"https:\/\/jornaldasoficinas.com\/pt\/wp-json\/wp\/v2\/posts\/15520","targetHints":{"allow":["GET"]}}],"collection":[{"href":"https:\/\/jornaldasoficinas.com\/pt\/wp-json\/wp\/v2\/posts"}],"about":[{"href":"https:\/\/jornaldasoficinas.com\/pt\/wp-json\/wp\/v2\/types\/post"}],"author":[{"embeddable":true,"href":"https:\/\/jornaldasoficinas.com\/pt\/wp-json\/wp\/v2\/users\/15"}],"replies":[{"embeddable":true,"href":"https:\/\/jornaldasoficinas.com\/pt\/wp-json\/wp\/v2\/comments?post=15520"}],"version-history":[{"count":0,"href":"https:\/\/jornaldasoficinas.com\/pt\/wp-json\/wp\/v2\/posts\/15520\/revisions"}],"wp:featuredmedia":[{"embeddable":true,"href":"https:\/\/jornaldasoficinas.com\/pt\/wp-json\/wp\/v2\/media\/15526"}],"wp:attachment":[{"href":"https:\/\/jornaldasoficinas.com\/pt\/wp-json\/wp\/v2\/media?parent=15520"}],"wp:term":[{"taxonomy":"category","embeddable":true,"href":"https:\/\/jornaldasoficinas.com\/pt\/wp-json\/wp\/v2\/categories?post=15520"},{"taxonomy":"post_tag","embeddable":true,"href":"https:\/\/jornaldasoficinas.com\/pt\/wp-json\/wp\/v2\/tags?post=15520"}],"curies":[{"name":"wp","href":"https:\/\/api.w.org\/{rel}","templated":true}]}}