{"id":15599,"date":"2020-09-02T12:30:05","date_gmt":"2020-09-02T11:30:05","guid":{"rendered":"https:\/\/jornaldasoficinas.com\/pt\/?p=15599"},"modified":"2020-09-02T13:57:54","modified_gmt":"2020-09-02T12:57:54","slug":"galp-testa-carregamento-movel-de-baterias","status":"publish","type":"post","link":"https:\/\/jornaldasoficinas.com\/pt\/galp-testa-carregamento-movel-de-baterias\/","title":{"rendered":"Galp testa carregamento m\u00f3vel de baterias"},"content":{"rendered":"<p><img loading=\"lazy\" decoding=\"async\" class=\"alignnone wp-image-15585 size-full\" src=\"https:\/\/jornaldasoficinas.com\/pt\/wp-content\/uploads\/2020\/09\/Galp-testa-carregamento.jpg\" alt=\"09 - Galp-testa-carregamento\" width=\"1024\" height=\"581\" srcset=\"https:\/\/jornaldasoficinas.com\/pt\/wp-content\/uploads\/2020\/09\/Galp-testa-carregamento.jpg 1024w, https:\/\/jornaldasoficinas.com\/pt\/wp-content\/uploads\/2020\/09\/Galp-testa-carregamento-300x170.jpg 300w, https:\/\/jornaldasoficinas.com\/pt\/wp-content\/uploads\/2020\/09\/Galp-testa-carregamento-150x85.jpg 150w, https:\/\/jornaldasoficinas.com\/pt\/wp-content\/uploads\/2020\/09\/Galp-testa-carregamento-768x436.jpg 768w\" sizes=\"auto, (max-width: 1024px) 100vw, 1024px\" \/><\/p>\n<p><strong>Cascais foi o s\u00edtio escolhido pela Galp para testar o novo carregamento m\u00f3vel de baterias para ve\u00edculos el\u00e9tricos. Depois do Algarve, est\u00e3o agora dispon\u00edveis pelo concelho de Cascais. Os primeiros 15 minutos s\u00e3o gratuitos.<\/strong><\/p>\n<p>A Galp, enquanto player de refer\u00eancia para a transi\u00e7\u00e3o energ\u00e9tica, aposta na ado\u00e7\u00e3o de uma mobilidade mais eficiente e sustent\u00e1vel, sendo l\u00edder na mobilidade el\u00e9trica em Portugal.<\/p>\n<p>Procurando antecipar as necessidades dos seus clientes, a Galp est\u00e1 a avan\u00e7ar agora com um conceito pioneiro de carregamento port\u00e1til de ve\u00edculos el\u00e9tricos, atrav\u00e9s do qual o cliente poder\u00e1 vir a requisitar o servi\u00e7o em local e hora da sua conveni\u00eancia.<\/p>\n<p>Depois de uma primeira fase de testes no Algarve, a Galp avan\u00e7a agora no munic\u00edpio de Cascais com este projeto piloto que permite aos condutores de ve\u00edculos el\u00e9tricos recarregarem as baterias dos seus autom\u00f3veis atrav\u00e9s de um powerbank m\u00f3vel, solu\u00e7\u00e3o t\u00e9cnica que foi desenvolvida pela start up portuguesa AddVolt.<\/p>\n<p>O projeto d\u00e1 assim um novo passo no sentido aferir o interesse dos consumidores por esta solu\u00e7\u00e3o mais conveniente, que poder\u00e1 complementar a atual rede instalada de carregadores e contribuir ao mesmo tempo para a mitiga\u00e7\u00e3o de eventuais constrangimentos na rede, por excesso de procura.<\/p>\n<p>Durante este piloto, os carregamentos ser\u00e3o gratuitos e ter\u00e3o a dura\u00e7\u00e3o de 15 minutos cada o que permitir\u00e1 uma autonomia entre 20 e 30 kms, dependendo do modelo de ve\u00edculo.<\/p>\n<p>A equipa t\u00e9cnica da Galp que dar\u00e1 suporte a este projeto estar\u00e1 no terreno em Cascais at\u00e9 dia 07 de setembro. O acesso a esta tecnologia poder\u00e1 ser solicitado pelos condutores de ve\u00edculos el\u00e9tricos estacionados nos parques de estacionamento da Marina de Cascais, da praia de Carcavelos, da praia de S\u00e3o Pedro do Estoril, da Cidadela de Cascais e dos jardins do Casino de Estoril.<\/p>\n<p>Pioneira em Portugal e na Europa quando instalou, em 2010, o primeiro ponto de carregamento r\u00e1pido para ve\u00edculos el\u00e9tricos numa esta\u00e7\u00e3o de servi\u00e7o, em Lisboa, a Galp \u00e9 hoje l\u00edder de mercado na oferta de pontos de carregamentos el\u00e9tricos em Portugal. Em 2018, a Galp foi tamb\u00e9m o primeiro operador a apresentar ao mercado nacional um plano integrado para casa e estrada no \u00e2mbito da mobilidade el\u00e9trica, o plano Galp Electric.<\/p>\n","protected":false},"excerpt":{"rendered":"<p>Cascais foi o s\u00edtio escolhido pela&#8230;<\/p>\n","protected":false},"author":15,"featured_media":15585,"comment_status":"closed","ping_status":"closed","sticky":false,"template":"","format":"standard","meta":{"footnotes":""},"categories":[37],"tags":[438],"class_list":["post-15599","post","type-post","status-publish","format-standard","has-post-thumbnail","hentry","category-mercado","tag-galp"],"yoast_head":"<!-- This site is optimized with the Yoast SEO plugin v27.4 - https:\/\/yoast.com\/product\/yoast-seo-wordpress\/ -->\n<title>Galp testa carregamento m\u00f3vel de baterias - Jornal das Oficinas<\/title>\n<meta name=\"robots\" content=\"index, follow, max-snippet:-1, max-image-preview:large, max-video-preview:-1\" \/>\n<link rel=\"canonical\" href=\"https:\/\/jornaldasoficinas.com\/pt\/galp-testa-carregamento-movel-de-baterias\/\" \/>\n<meta property=\"og:locale\" content=\"pt_PT\" \/>\n<meta property=\"og:type\" content=\"article\" \/>\n<meta property=\"og:title\" content=\"Galp testa carregamento m\u00f3vel de baterias - Jornal das Oficinas\" \/>\n<meta property=\"og:description\" content=\"Cascais foi o s\u00edtio escolhido pela...\" \/>\n<meta property=\"og:url\" content=\"https:\/\/jornaldasoficinas.com\/pt\/galp-testa-carregamento-movel-de-baterias\/\" \/>\n<meta property=\"og:site_name\" content=\"Jornal das Oficinas\" \/>\n<meta property=\"article:publisher\" content=\"https:\/\/www.facebook.com\/jornaloficinas\" \/>\n<meta property=\"article:published_time\" content=\"2020-09-02T11:30:05+00:00\" \/>\n<meta property=\"article:modified_time\" content=\"2020-09-02T12:57:54+00:00\" \/>\n<meta property=\"og:image\" content=\"https:\/\/jornaldasoficinas.com\/pt\/wp-content\/uploads\/2020\/09\/Galp-testa-carregamento.jpg\" \/>\n\t<meta property=\"og:image:width\" content=\"1024\" \/>\n\t<meta property=\"og:image:height\" content=\"581\" \/>\n\t<meta property=\"og:image:type\" content=\"image\/jpeg\" \/>\n<meta name=\"author\" content=\"Reda\u00e7\u00e3o JO\" \/>\n<meta name=\"twitter:card\" content=\"summary_large_image\" \/>\n<meta name=\"twitter:creator\" content=\"@jornaloficinas\" \/>\n<meta name=\"twitter:site\" content=\"@jornaloficinas\" \/>\n<meta name=\"twitter:label1\" content=\"Escrito por\" \/>\n\t<meta name=\"twitter:data1\" content=\"Reda\u00e7\u00e3o JO\" \/>\n\t<meta name=\"twitter:label2\" content=\"Tempo estimado de leitura\" \/>\n\t<meta name=\"twitter:data2\" content=\"2 minutos\" \/>\n<script type=\"application\/ld+json\" class=\"yoast-schema-graph\">{\"@context\":\"https:\\\/\\\/schema.org\",\"@graph\":[{\"@type\":\"Article\",\"@id\":\"https:\\\/\\\/jornaldasoficinas.com\\\/pt\\\/galp-testa-carregamento-movel-de-baterias\\\/#article\",\"isPartOf\":{\"@id\":\"https:\\\/\\\/jornaldasoficinas.com\\\/pt\\\/galp-testa-carregamento-movel-de-baterias\\\/\"},\"author\":{\"name\":\"Reda\u00e7\u00e3o JO\",\"@id\":\"https:\\\/\\\/jornaldasoficinas.com\\\/pt\\\/#\\\/schema\\\/person\\\/a38eef5de2c41d9e7c9ac10141afddf3\"},\"headline\":\"Galp testa carregamento m\u00f3vel de baterias\",\"datePublished\":\"2020-09-02T11:30:05+00:00\",\"dateModified\":\"2020-09-02T12:57:54+00:00\",\"mainEntityOfPage\":{\"@id\":\"https:\\\/\\\/jornaldasoficinas.com\\\/pt\\\/galp-testa-carregamento-movel-de-baterias\\\/\"},\"wordCount\":410,\"publisher\":{\"@id\":\"https:\\\/\\\/jornaldasoficinas.com\\\/pt\\\/#organization\"},\"image\":{\"@id\":\"https:\\\/\\\/jornaldasoficinas.com\\\/pt\\\/galp-testa-carregamento-movel-de-baterias\\\/#primaryimage\"},\"thumbnailUrl\":\"https:\\\/\\\/jornaldasoficinas.com\\\/pt\\\/wp-content\\\/uploads\\\/2020\\\/09\\\/Galp-testa-carregamento.jpg\",\"keywords\":[\"Galp\"],\"articleSection\":[\"Mercado\"],\"inLanguage\":\"pt-PT\"},{\"@type\":\"WebPage\",\"@id\":\"https:\\\/\\\/jornaldasoficinas.com\\\/pt\\\/galp-testa-carregamento-movel-de-baterias\\\/\",\"url\":\"https:\\\/\\\/jornaldasoficinas.com\\\/pt\\\/galp-testa-carregamento-movel-de-baterias\\\/\",\"name\":\"Galp testa carregamento m\u00f3vel de baterias - Jornal das Oficinas\",\"isPartOf\":{\"@id\":\"https:\\\/\\\/jornaldasoficinas.com\\\/pt\\\/#website\"},\"primaryImageOfPage\":{\"@id\":\"https:\\\/\\\/jornaldasoficinas.com\\\/pt\\\/galp-testa-carregamento-movel-de-baterias\\\/#primaryimage\"},\"image\":{\"@id\":\"https:\\\/\\\/jornaldasoficinas.com\\\/pt\\\/galp-testa-carregamento-movel-de-baterias\\\/#primaryimage\"},\"thumbnailUrl\":\"https:\\\/\\\/jornaldasoficinas.com\\\/pt\\\/wp-content\\\/uploads\\\/2020\\\/09\\\/Galp-testa-carregamento.jpg\",\"datePublished\":\"2020-09-02T11:30:05+00:00\",\"dateModified\":\"2020-09-02T12:57:54+00:00\",\"breadcrumb\":{\"@id\":\"https:\\\/\\\/jornaldasoficinas.com\\\/pt\\\/galp-testa-carregamento-movel-de-baterias\\\/#breadcrumb\"},\"inLanguage\":\"pt-PT\",\"potentialAction\":[{\"@type\":\"ReadAction\",\"target\":[\"https:\\\/\\\/jornaldasoficinas.com\\\/pt\\\/galp-testa-carregamento-movel-de-baterias\\\/\"]}]},{\"@type\":\"ImageObject\",\"inLanguage\":\"pt-PT\",\"@id\":\"https:\\\/\\\/jornaldasoficinas.com\\\/pt\\\/galp-testa-carregamento-movel-de-baterias\\\/#primaryimage\",\"url\":\"https:\\\/\\\/jornaldasoficinas.com\\\/pt\\\/wp-content\\\/uploads\\\/2020\\\/09\\\/Galp-testa-carregamento.jpg\",\"contentUrl\":\"https:\\\/\\\/jornaldasoficinas.com\\\/pt\\\/wp-content\\\/uploads\\\/2020\\\/09\\\/Galp-testa-carregamento.jpg\",\"width\":1024,\"height\":581,\"caption\":\"09 - Galp-testa-carregamento\"},{\"@type\":\"BreadcrumbList\",\"@id\":\"https:\\\/\\\/jornaldasoficinas.com\\\/pt\\\/galp-testa-carregamento-movel-de-baterias\\\/#breadcrumb\",\"itemListElement\":[{\"@type\":\"ListItem\",\"position\":1,\"name\":\"In\u00edcio\",\"item\":\"https:\\\/\\\/jornaldasoficinas.com\\\/pt\\\/\"},{\"@type\":\"ListItem\",\"position\":2,\"name\":\"Galp testa carregamento m\u00f3vel de baterias\"}]},{\"@type\":\"WebSite\",\"@id\":\"https:\\\/\\\/jornaldasoficinas.com\\\/pt\\\/#website\",\"url\":\"https:\\\/\\\/jornaldasoficinas.com\\\/pt\\\/\",\"name\":\"Jornal das Oficinas\",\"description\":\"Jornal independente do Aftermarket Autom\u00f3vel em Portugal\",\"publisher\":{\"@id\":\"https:\\\/\\\/jornaldasoficinas.com\\\/pt\\\/#organization\"},\"potentialAction\":[{\"@type\":\"SearchAction\",\"target\":{\"@type\":\"EntryPoint\",\"urlTemplate\":\"https:\\\/\\\/jornaldasoficinas.com\\\/pt\\\/?s={search_term_string}\"},\"query-input\":{\"@type\":\"PropertyValueSpecification\",\"valueRequired\":true,\"valueName\":\"search_term_string\"}}],\"inLanguage\":\"pt-PT\"},{\"@type\":\"Organization\",\"@id\":\"https:\\\/\\\/jornaldasoficinas.com\\\/pt\\\/#organization\",\"name\":\"Jornal das Oficinas\",\"url\":\"https:\\\/\\\/jornaldasoficinas.com\\\/pt\\\/\",\"logo\":{\"@type\":\"ImageObject\",\"inLanguage\":\"pt-PT\",\"@id\":\"https:\\\/\\\/jornaldasoficinas.com\\\/pt\\\/#\\\/schema\\\/logo\\\/image\\\/\",\"url\":\"https:\\\/\\\/jornaldasoficinas.com\\\/pt\\\/wp-content\\\/uploads\\\/logoJO-SEO.png\",\"contentUrl\":\"https:\\\/\\\/jornaldasoficinas.com\\\/pt\\\/wp-content\\\/uploads\\\/logoJO-SEO.png\",\"width\":285,\"height\":450,\"caption\":\"Jornal das Oficinas\"},\"image\":{\"@id\":\"https:\\\/\\\/jornaldasoficinas.com\\\/pt\\\/#\\\/schema\\\/logo\\\/image\\\/\"},\"sameAs\":[\"https:\\\/\\\/www.facebook.com\\\/jornaloficinas\",\"https:\\\/\\\/x.com\\\/jornaloficinas\",\"https:\\\/\\\/www.instagram.com\\\/jornal_oficinas\\\/\",\"https:\\\/\\\/www.linkedin.com\\\/company\\\/jornal-das-oficinas\\\/\",\"https:\\\/\\\/www.youtube.com\\\/channel\\\/UCbQZBqtcvV-oSQrr7RzINGg\"]},{\"@type\":\"Person\",\"@id\":\"https:\\\/\\\/jornaldasoficinas.com\\\/pt\\\/#\\\/schema\\\/person\\\/a38eef5de2c41d9e7c9ac10141afddf3\",\"name\":\"Reda\u00e7\u00e3o JO\",\"image\":{\"@type\":\"ImageObject\",\"inLanguage\":\"pt-PT\",\"@id\":\"https:\\\/\\\/secure.gravatar.com\\\/avatar\\\/71f2fa71737ad68a84fea94bc708ddac8ea5b0c4788dc2ad202f3ccb2887742f?s=96&d=wp_user_avatar&r=g\",\"url\":\"https:\\\/\\\/secure.gravatar.com\\\/avatar\\\/71f2fa71737ad68a84fea94bc708ddac8ea5b0c4788dc2ad202f3ccb2887742f?s=96&d=wp_user_avatar&r=g\",\"contentUrl\":\"https:\\\/\\\/secure.gravatar.com\\\/avatar\\\/71f2fa71737ad68a84fea94bc708ddac8ea5b0c4788dc2ad202f3ccb2887742f?s=96&d=wp_user_avatar&r=g\",\"caption\":\"Reda\u00e7\u00e3o JO\"},\"url\":\"https:\\\/\\\/jornaldasoficinas.com\\\/pt\\\/author\\\/joredacao\\\/\"}]}<\/script>\n<!-- \/ Yoast SEO plugin. -->","yoast_head_json":{"title":"Galp testa carregamento m\u00f3vel de baterias - Jornal das Oficinas","robots":{"index":"index","follow":"follow","max-snippet":"max-snippet:-1","max-image-preview":"max-image-preview:large","max-video-preview":"max-video-preview:-1"},"canonical":"https:\/\/jornaldasoficinas.com\/pt\/galp-testa-carregamento-movel-de-baterias\/","og_locale":"pt_PT","og_type":"article","og_title":"Galp testa carregamento m\u00f3vel de baterias - Jornal das Oficinas","og_description":"Cascais foi o s\u00edtio escolhido pela...","og_url":"https:\/\/jornaldasoficinas.com\/pt\/galp-testa-carregamento-movel-de-baterias\/","og_site_name":"Jornal das Oficinas","article_publisher":"https:\/\/www.facebook.com\/jornaloficinas","article_published_time":"2020-09-02T11:30:05+00:00","article_modified_time":"2020-09-02T12:57:54+00:00","og_image":[{"width":1024,"height":581,"url":"https:\/\/jornaldasoficinas.com\/pt\/wp-content\/uploads\/2020\/09\/Galp-testa-carregamento.jpg","type":"image\/jpeg"}],"author":"Reda\u00e7\u00e3o JO","twitter_card":"summary_large_image","twitter_creator":"@jornaloficinas","twitter_site":"@jornaloficinas","twitter_misc":{"Escrito por":"Reda\u00e7\u00e3o JO","Tempo estimado de leitura":"2 minutos"},"schema":{"@context":"https:\/\/schema.org","@graph":[{"@type":"Article","@id":"https:\/\/jornaldasoficinas.com\/pt\/galp-testa-carregamento-movel-de-baterias\/#article","isPartOf":{"@id":"https:\/\/jornaldasoficinas.com\/pt\/galp-testa-carregamento-movel-de-baterias\/"},"author":{"name":"Reda\u00e7\u00e3o JO","@id":"https:\/\/jornaldasoficinas.com\/pt\/#\/schema\/person\/a38eef5de2c41d9e7c9ac10141afddf3"},"headline":"Galp testa carregamento m\u00f3vel de baterias","datePublished":"2020-09-02T11:30:05+00:00","dateModified":"2020-09-02T12:57:54+00:00","mainEntityOfPage":{"@id":"https:\/\/jornaldasoficinas.com\/pt\/galp-testa-carregamento-movel-de-baterias\/"},"wordCount":410,"publisher":{"@id":"https:\/\/jornaldasoficinas.com\/pt\/#organization"},"image":{"@id":"https:\/\/jornaldasoficinas.com\/pt\/galp-testa-carregamento-movel-de-baterias\/#primaryimage"},"thumbnailUrl":"https:\/\/jornaldasoficinas.com\/pt\/wp-content\/uploads\/2020\/09\/Galp-testa-carregamento.jpg","keywords":["Galp"],"articleSection":["Mercado"],"inLanguage":"pt-PT"},{"@type":"WebPage","@id":"https:\/\/jornaldasoficinas.com\/pt\/galp-testa-carregamento-movel-de-baterias\/","url":"https:\/\/jornaldasoficinas.com\/pt\/galp-testa-carregamento-movel-de-baterias\/","name":"Galp testa carregamento m\u00f3vel de baterias - Jornal das Oficinas","isPartOf":{"@id":"https:\/\/jornaldasoficinas.com\/pt\/#website"},"primaryImageOfPage":{"@id":"https:\/\/jornaldasoficinas.com\/pt\/galp-testa-carregamento-movel-de-baterias\/#primaryimage"},"image":{"@id":"https:\/\/jornaldasoficinas.com\/pt\/galp-testa-carregamento-movel-de-baterias\/#primaryimage"},"thumbnailUrl":"https:\/\/jornaldasoficinas.com\/pt\/wp-content\/uploads\/2020\/09\/Galp-testa-carregamento.jpg","datePublished":"2020-09-02T11:30:05+00:00","dateModified":"2020-09-02T12:57:54+00:00","breadcrumb":{"@id":"https:\/\/jornaldasoficinas.com\/pt\/galp-testa-carregamento-movel-de-baterias\/#breadcrumb"},"inLanguage":"pt-PT","potentialAction":[{"@type":"ReadAction","target":["https:\/\/jornaldasoficinas.com\/pt\/galp-testa-carregamento-movel-de-baterias\/"]}]},{"@type":"ImageObject","inLanguage":"pt-PT","@id":"https:\/\/jornaldasoficinas.com\/pt\/galp-testa-carregamento-movel-de-baterias\/#primaryimage","url":"https:\/\/jornaldasoficinas.com\/pt\/wp-content\/uploads\/2020\/09\/Galp-testa-carregamento.jpg","contentUrl":"https:\/\/jornaldasoficinas.com\/pt\/wp-content\/uploads\/2020\/09\/Galp-testa-carregamento.jpg","width":1024,"height":581,"caption":"09 - Galp-testa-carregamento"},{"@type":"BreadcrumbList","@id":"https:\/\/jornaldasoficinas.com\/pt\/galp-testa-carregamento-movel-de-baterias\/#breadcrumb","itemListElement":[{"@type":"ListItem","position":1,"name":"In\u00edcio","item":"https:\/\/jornaldasoficinas.com\/pt\/"},{"@type":"ListItem","position":2,"name":"Galp testa carregamento m\u00f3vel de baterias"}]},{"@type":"WebSite","@id":"https:\/\/jornaldasoficinas.com\/pt\/#website","url":"https:\/\/jornaldasoficinas.com\/pt\/","name":"Jornal das Oficinas","description":"Jornal independente do Aftermarket Autom\u00f3vel em Portugal","publisher":{"@id":"https:\/\/jornaldasoficinas.com\/pt\/#organization"},"potentialAction":[{"@type":"SearchAction","target":{"@type":"EntryPoint","urlTemplate":"https:\/\/jornaldasoficinas.com\/pt\/?s={search_term_string}"},"query-input":{"@type":"PropertyValueSpecification","valueRequired":true,"valueName":"search_term_string"}}],"inLanguage":"pt-PT"},{"@type":"Organization","@id":"https:\/\/jornaldasoficinas.com\/pt\/#organization","name":"Jornal das Oficinas","url":"https:\/\/jornaldasoficinas.com\/pt\/","logo":{"@type":"ImageObject","inLanguage":"pt-PT","@id":"https:\/\/jornaldasoficinas.com\/pt\/#\/schema\/logo\/image\/","url":"https:\/\/jornaldasoficinas.com\/pt\/wp-content\/uploads\/logoJO-SEO.png","contentUrl":"https:\/\/jornaldasoficinas.com\/pt\/wp-content\/uploads\/logoJO-SEO.png","width":285,"height":450,"caption":"Jornal das Oficinas"},"image":{"@id":"https:\/\/jornaldasoficinas.com\/pt\/#\/schema\/logo\/image\/"},"sameAs":["https:\/\/www.facebook.com\/jornaloficinas","https:\/\/x.com\/jornaloficinas","https:\/\/www.instagram.com\/jornal_oficinas\/","https:\/\/www.linkedin.com\/company\/jornal-das-oficinas\/","https:\/\/www.youtube.com\/channel\/UCbQZBqtcvV-oSQrr7RzINGg"]},{"@type":"Person","@id":"https:\/\/jornaldasoficinas.com\/pt\/#\/schema\/person\/a38eef5de2c41d9e7c9ac10141afddf3","name":"Reda\u00e7\u00e3o JO","image":{"@type":"ImageObject","inLanguage":"pt-PT","@id":"https:\/\/secure.gravatar.com\/avatar\/71f2fa71737ad68a84fea94bc708ddac8ea5b0c4788dc2ad202f3ccb2887742f?s=96&d=wp_user_avatar&r=g","url":"https:\/\/secure.gravatar.com\/avatar\/71f2fa71737ad68a84fea94bc708ddac8ea5b0c4788dc2ad202f3ccb2887742f?s=96&d=wp_user_avatar&r=g","contentUrl":"https:\/\/secure.gravatar.com\/avatar\/71f2fa71737ad68a84fea94bc708ddac8ea5b0c4788dc2ad202f3ccb2887742f?s=96&d=wp_user_avatar&r=g","caption":"Reda\u00e7\u00e3o JO"},"url":"https:\/\/jornaldasoficinas.com\/pt\/author\/joredacao\/"}]}},"_links":{"self":[{"href":"https:\/\/jornaldasoficinas.com\/pt\/wp-json\/wp\/v2\/posts\/15599","targetHints":{"allow":["GET"]}}],"collection":[{"href":"https:\/\/jornaldasoficinas.com\/pt\/wp-json\/wp\/v2\/posts"}],"about":[{"href":"https:\/\/jornaldasoficinas.com\/pt\/wp-json\/wp\/v2\/types\/post"}],"author":[{"embeddable":true,"href":"https:\/\/jornaldasoficinas.com\/pt\/wp-json\/wp\/v2\/users\/15"}],"replies":[{"embeddable":true,"href":"https:\/\/jornaldasoficinas.com\/pt\/wp-json\/wp\/v2\/comments?post=15599"}],"version-history":[{"count":0,"href":"https:\/\/jornaldasoficinas.com\/pt\/wp-json\/wp\/v2\/posts\/15599\/revisions"}],"wp:featuredmedia":[{"embeddable":true,"href":"https:\/\/jornaldasoficinas.com\/pt\/wp-json\/wp\/v2\/media\/15585"}],"wp:attachment":[{"href":"https:\/\/jornaldasoficinas.com\/pt\/wp-json\/wp\/v2\/media?parent=15599"}],"wp:term":[{"taxonomy":"category","embeddable":true,"href":"https:\/\/jornaldasoficinas.com\/pt\/wp-json\/wp\/v2\/categories?post=15599"},{"taxonomy":"post_tag","embeddable":true,"href":"https:\/\/jornaldasoficinas.com\/pt\/wp-json\/wp\/v2\/tags?post=15599"}],"curies":[{"name":"wp","href":"https:\/\/api.w.org\/{rel}","templated":true}]}}