{"id":15949,"date":"2020-09-21T18:00:02","date_gmt":"2020-09-21T17:00:02","guid":{"rendered":"https:\/\/jornaldasoficinas.com\/pt\/?p=15949"},"modified":"2020-09-19T16:35:52","modified_gmt":"2020-09-19T15:35:52","slug":"mann-hummel-no-top-50-dos-lideres-mundiais-de-sustentabilidade","status":"publish","type":"post","link":"https:\/\/jornaldasoficinas.com\/pt\/mann-hummel-no-top-50-dos-lideres-mundiais-de-sustentabilidade\/","title":{"rendered":"MANN + HUMMEL no top 50 dos l\u00edderes mundiais de sustentabilidade"},"content":{"rendered":"<p><strong><img loading=\"lazy\" decoding=\"async\" class=\"alignnone wp-image-15895 size-full\" src=\"https:\/\/jornaldasoficinas.com\/pt\/wp-content\/uploads\/2020\/09\/MANN-HUMMEL-no-top-50-dos-li\u0301deres-mundiais-de-sustentabilidade.jpg\" alt=\"09 - MANN-HUMMEL-no-top-50-dos-li\u0301deres-mundiais-de-sustentabilidade\" width=\"1024\" height=\"581\" srcset=\"https:\/\/jornaldasoficinas.com\/pt\/wp-content\/uploads\/2020\/09\/MANN-HUMMEL-no-top-50-dos-li\u0301deres-mundiais-de-sustentabilidade.jpg 1024w, https:\/\/jornaldasoficinas.com\/pt\/wp-content\/uploads\/2020\/09\/MANN-HUMMEL-no-top-50-dos-li\u0301deres-mundiais-de-sustentabilidade-300x170.jpg 300w, https:\/\/jornaldasoficinas.com\/pt\/wp-content\/uploads\/2020\/09\/MANN-HUMMEL-no-top-50-dos-li\u0301deres-mundiais-de-sustentabilidade-150x85.jpg 150w, https:\/\/jornaldasoficinas.com\/pt\/wp-content\/uploads\/2020\/09\/MANN-HUMMEL-no-top-50-dos-li\u0301deres-mundiais-de-sustentabilidade-768x436.jpg 768w\" sizes=\"auto, (max-width: 1024px) 100vw, 1024px\" \/><\/strong><\/p>\n<p><strong>A MANN + HUMMEL chega ao top 50 dos l\u00edderes mundiais de sustentabilidade por separar o \u201c\u00fatil do prejudicial\u201d para o ambiente. 50 Sustainability Climate Leaders inclui a MANN + HUMMEL como uma das 50 empresas no mundo que mais contribui para a sustentabilidade ambiental.<\/strong><\/p>\n<p>A iniciativa do International Business Community re\u00fane importantes empresas convencidas da import\u00e2ncia de a\u00e7\u00f5es efetivas no combate \u00e0s Mudan\u00e7as Clim\u00e1ticas de acordo com os Objetivos de Desenvolvimento Sustent\u00e1vel das Na\u00e7\u00f5es Unidas.<\/p>\n<p>Paolo Emilio Zanini, Diretor Geral da iniciativa, afirma que \u201ctodas as empresas que participam nesta campanha s\u00e3o mestras na implementa\u00e7\u00e3o de planos em prol da sustentabilidade e na prioriza\u00e7\u00e3o do meio ambiente no seio de suas empresas\u201d. Com o slogan #aRaceWeCanWin (\u201cUma corrida em que podemos vencer\u201d), esta campanha apresentada recentemente na Bloomberg, permitir\u00e1 que CEOs de empresas como MANN + HUMMEL, Novartis, Ericsson ou John Deere, compartilhem suas ideias, experi\u00eancias e propostas para alcan\u00e7ar maior sustentabilidade em seus neg\u00f3cios e atividades.<\/p>\n<p>A <a href=\"https:\/\/www.mann-hummel.com\/en\/\" target=\"_blank\" rel=\"noopener noreferrer\">MANN + HUMMEL<\/a> obteve este reconhecimento pelo esfor\u00e7o cont\u00ednuo em \u201cseparar o \u00fatil do prejudicial\u201d, miss\u00e3o vital da empresa nos \u00faltimos anos. \u201cProteger o meio ambiente \u00e9 essencial. Temos que investir na sustentabilidade para permitir uma mobilidade mais limpa &#8220;, apontam a esse respeito a sede da MANN + HUMMEL na Alemanha, e continuam:&#8221; Al\u00e9m disso, em termos de polui\u00e7\u00e3o do ar ou da \u00e1gua, a necessidade de filtra\u00e7\u00e3o \u00e9 primordial, temos consci\u00eancia disso, por isso fazemos todos os esfor\u00e7os para evitar os danos que a polui\u00e7\u00e3o pode causar \u00e0s pessoas e ao meio ambiente \u201d. E o corpo humano pode ficar tr\u00eas semanas sem comer, mas s\u00f3 pode ficar tr\u00eas dias sem \u00e1gua e tr\u00eas minutos sem ar, destacam-se como um exemplo.<\/p>\n<p>Perseguindo este objetivo, a MANN + HUMMEL desenvolvem solu\u00e7\u00f5es e produtos de filtra\u00e7\u00e3o para enfrentar os m\u00faltiplos desafios que existem nesta linha no seu setor. Essas solu\u00e7\u00f5es s\u00e3o voltadas principalmente para mobilidade el\u00e9trica, filtra\u00e7\u00e3o industrial, tratamento de efluentes, purifica\u00e7\u00e3o de \u00e1gua e filtra\u00e7\u00e3o de ar em espa\u00e7os p\u00fablicos, entre outros.<\/p>\n<p>Al\u00e9m disso, o grupo aplica todas essas solu\u00e7\u00f5es ao seu trabalho di\u00e1rio em todas as suas unidades de produ\u00e7\u00e3o. Assim, em 2018, a MANN + HUMMEL reduziu suas emiss\u00f5es de CO2 em cerca de 3.300 toneladas e atualmente tem capacidade para filtrar 1,6 milh\u00e3o de litros c\u00fabicos de ar para proteger a sa\u00fade de mais de tr\u00eas milh\u00f5es de pessoas. em \u00e1reas urbanas. Com tudo isso, a empresa avan\u00e7a na redu\u00e7\u00e3o cont\u00ednua da pegada de carbono que gera.<\/p>\n<p>Assim, desenvolvendo solu\u00e7\u00f5es para diferentes ind\u00fastrias que contribuem para um futuro mais limpo e aplicando crit\u00e9rios de sustentabilidade em suas opera\u00e7\u00f5es, a MANN + HUMMEL contribui duplamente para o combate \u00e0s mudan\u00e7as clim\u00e1ticas: presencialmente e ajudando outros setores e empresas contribuir positivamente para o meio ambiente.<\/p>\n","protected":false},"excerpt":{"rendered":"<p>A MANN + HUMMEL chega ao&#8230;<\/p>\n","protected":false},"author":15,"featured_media":15895,"comment_status":"closed","ping_status":"closed","sticky":false,"template":"","format":"standard","meta":{"footnotes":""},"categories":[29],"tags":[223],"class_list":["post-15949","post","type-post","status-publish","format-standard","has-post-thumbnail","hentry","category-empresas","tag-mannhummel"],"yoast_head":"<!-- This site is optimized with the Yoast SEO plugin v27.5 - https:\/\/yoast.com\/product\/yoast-seo-wordpress\/ -->\n<title>MANN + HUMMEL no top 50 dos l\u00edderes mundiais de sustentabilidade - Jornal das Oficinas<\/title>\n<meta name=\"robots\" content=\"index, follow, max-snippet:-1, max-image-preview:large, max-video-preview:-1\" \/>\n<link rel=\"canonical\" href=\"https:\/\/jornaldasoficinas.com\/pt\/mann-hummel-no-top-50-dos-lideres-mundiais-de-sustentabilidade\/\" \/>\n<meta property=\"og:locale\" content=\"pt_PT\" \/>\n<meta property=\"og:type\" content=\"article\" \/>\n<meta property=\"og:title\" content=\"MANN + HUMMEL no top 50 dos l\u00edderes mundiais de sustentabilidade - Jornal das Oficinas\" \/>\n<meta property=\"og:description\" content=\"A MANN + HUMMEL chega ao...\" \/>\n<meta property=\"og:url\" content=\"https:\/\/jornaldasoficinas.com\/pt\/mann-hummel-no-top-50-dos-lideres-mundiais-de-sustentabilidade\/\" \/>\n<meta property=\"og:site_name\" content=\"Jornal das Oficinas\" \/>\n<meta property=\"article:publisher\" content=\"https:\/\/www.facebook.com\/jornaloficinas\" \/>\n<meta property=\"article:published_time\" content=\"2020-09-21T17:00:02+00:00\" \/>\n<meta property=\"og:image\" content=\"https:\/\/jornaldasoficinas.com\/pt\/wp-content\/uploads\/2020\/09\/MANN-HUMMEL-no-top-50-dos-li\u0301deres-mundiais-de-sustentabilidade.jpg\" \/>\n\t<meta property=\"og:image:width\" content=\"1024\" \/>\n\t<meta property=\"og:image:height\" content=\"581\" \/>\n\t<meta property=\"og:image:type\" content=\"image\/jpeg\" \/>\n<meta name=\"author\" content=\"Reda\u00e7\u00e3o JO\" \/>\n<meta name=\"twitter:card\" content=\"summary_large_image\" \/>\n<meta name=\"twitter:creator\" content=\"@jornaloficinas\" \/>\n<meta name=\"twitter:site\" content=\"@jornaloficinas\" \/>\n<meta name=\"twitter:label1\" content=\"Escrito por\" \/>\n\t<meta name=\"twitter:data1\" content=\"Reda\u00e7\u00e3o JO\" \/>\n\t<meta name=\"twitter:label2\" content=\"Tempo estimado de leitura\" \/>\n\t<meta name=\"twitter:data2\" content=\"2 minutos\" \/>\n<script type=\"application\/ld+json\" class=\"yoast-schema-graph\">{\"@context\":\"https:\\\/\\\/schema.org\",\"@graph\":[{\"@type\":\"Article\",\"@id\":\"https:\\\/\\\/jornaldasoficinas.com\\\/pt\\\/mann-hummel-no-top-50-dos-lideres-mundiais-de-sustentabilidade\\\/#article\",\"isPartOf\":{\"@id\":\"https:\\\/\\\/jornaldasoficinas.com\\\/pt\\\/mann-hummel-no-top-50-dos-lideres-mundiais-de-sustentabilidade\\\/\"},\"author\":{\"name\":\"Reda\u00e7\u00e3o JO\",\"@id\":\"https:\\\/\\\/jornaldasoficinas.com\\\/pt\\\/#\\\/schema\\\/person\\\/a38eef5de2c41d9e7c9ac10141afddf3\"},\"headline\":\"MANN + HUMMEL no top 50 dos l\u00edderes mundiais de sustentabilidade\",\"datePublished\":\"2020-09-21T17:00:02+00:00\",\"mainEntityOfPage\":{\"@id\":\"https:\\\/\\\/jornaldasoficinas.com\\\/pt\\\/mann-hummel-no-top-50-dos-lideres-mundiais-de-sustentabilidade\\\/\"},\"wordCount\":504,\"publisher\":{\"@id\":\"https:\\\/\\\/jornaldasoficinas.com\\\/pt\\\/#organization\"},\"image\":{\"@id\":\"https:\\\/\\\/jornaldasoficinas.com\\\/pt\\\/mann-hummel-no-top-50-dos-lideres-mundiais-de-sustentabilidade\\\/#primaryimage\"},\"thumbnailUrl\":\"https:\\\/\\\/jornaldasoficinas.com\\\/pt\\\/wp-content\\\/uploads\\\/2020\\\/09\\\/MANN-HUMMEL-no-top-50-dos-li\u0301deres-mundiais-de-sustentabilidade.jpg\",\"keywords\":[\"MANN+HUMMEL\"],\"articleSection\":[\"Empresas\"],\"inLanguage\":\"pt-PT\"},{\"@type\":\"WebPage\",\"@id\":\"https:\\\/\\\/jornaldasoficinas.com\\\/pt\\\/mann-hummel-no-top-50-dos-lideres-mundiais-de-sustentabilidade\\\/\",\"url\":\"https:\\\/\\\/jornaldasoficinas.com\\\/pt\\\/mann-hummel-no-top-50-dos-lideres-mundiais-de-sustentabilidade\\\/\",\"name\":\"MANN + HUMMEL no top 50 dos l\u00edderes mundiais de sustentabilidade - Jornal das Oficinas\",\"isPartOf\":{\"@id\":\"https:\\\/\\\/jornaldasoficinas.com\\\/pt\\\/#website\"},\"primaryImageOfPage\":{\"@id\":\"https:\\\/\\\/jornaldasoficinas.com\\\/pt\\\/mann-hummel-no-top-50-dos-lideres-mundiais-de-sustentabilidade\\\/#primaryimage\"},\"image\":{\"@id\":\"https:\\\/\\\/jornaldasoficinas.com\\\/pt\\\/mann-hummel-no-top-50-dos-lideres-mundiais-de-sustentabilidade\\\/#primaryimage\"},\"thumbnailUrl\":\"https:\\\/\\\/jornaldasoficinas.com\\\/pt\\\/wp-content\\\/uploads\\\/2020\\\/09\\\/MANN-HUMMEL-no-top-50-dos-li\u0301deres-mundiais-de-sustentabilidade.jpg\",\"datePublished\":\"2020-09-21T17:00:02+00:00\",\"breadcrumb\":{\"@id\":\"https:\\\/\\\/jornaldasoficinas.com\\\/pt\\\/mann-hummel-no-top-50-dos-lideres-mundiais-de-sustentabilidade\\\/#breadcrumb\"},\"inLanguage\":\"pt-PT\",\"potentialAction\":[{\"@type\":\"ReadAction\",\"target\":[\"https:\\\/\\\/jornaldasoficinas.com\\\/pt\\\/mann-hummel-no-top-50-dos-lideres-mundiais-de-sustentabilidade\\\/\"]}]},{\"@type\":\"ImageObject\",\"inLanguage\":\"pt-PT\",\"@id\":\"https:\\\/\\\/jornaldasoficinas.com\\\/pt\\\/mann-hummel-no-top-50-dos-lideres-mundiais-de-sustentabilidade\\\/#primaryimage\",\"url\":\"https:\\\/\\\/jornaldasoficinas.com\\\/pt\\\/wp-content\\\/uploads\\\/2020\\\/09\\\/MANN-HUMMEL-no-top-50-dos-li\u0301deres-mundiais-de-sustentabilidade.jpg\",\"contentUrl\":\"https:\\\/\\\/jornaldasoficinas.com\\\/pt\\\/wp-content\\\/uploads\\\/2020\\\/09\\\/MANN-HUMMEL-no-top-50-dos-li\u0301deres-mundiais-de-sustentabilidade.jpg\",\"width\":1024,\"height\":581,\"caption\":\"09 - MANN-HUMMEL-no-top-50-dos-li\u0301deres-mundiais-de-sustentabilidade\"},{\"@type\":\"BreadcrumbList\",\"@id\":\"https:\\\/\\\/jornaldasoficinas.com\\\/pt\\\/mann-hummel-no-top-50-dos-lideres-mundiais-de-sustentabilidade\\\/#breadcrumb\",\"itemListElement\":[{\"@type\":\"ListItem\",\"position\":1,\"name\":\"In\u00edcio\",\"item\":\"https:\\\/\\\/jornaldasoficinas.com\\\/pt\\\/\"},{\"@type\":\"ListItem\",\"position\":2,\"name\":\"MANN + HUMMEL no top 50 dos l\u00edderes mundiais de sustentabilidade\"}]},{\"@type\":\"WebSite\",\"@id\":\"https:\\\/\\\/jornaldasoficinas.com\\\/pt\\\/#website\",\"url\":\"https:\\\/\\\/jornaldasoficinas.com\\\/pt\\\/\",\"name\":\"Jornal das Oficinas\",\"description\":\"Jornal independente do Aftermarket Autom\u00f3vel em Portugal\",\"publisher\":{\"@id\":\"https:\\\/\\\/jornaldasoficinas.com\\\/pt\\\/#organization\"},\"potentialAction\":[{\"@type\":\"SearchAction\",\"target\":{\"@type\":\"EntryPoint\",\"urlTemplate\":\"https:\\\/\\\/jornaldasoficinas.com\\\/pt\\\/?s={search_term_string}\"},\"query-input\":{\"@type\":\"PropertyValueSpecification\",\"valueRequired\":true,\"valueName\":\"search_term_string\"}}],\"inLanguage\":\"pt-PT\"},{\"@type\":\"Organization\",\"@id\":\"https:\\\/\\\/jornaldasoficinas.com\\\/pt\\\/#organization\",\"name\":\"Jornal das Oficinas\",\"url\":\"https:\\\/\\\/jornaldasoficinas.com\\\/pt\\\/\",\"logo\":{\"@type\":\"ImageObject\",\"inLanguage\":\"pt-PT\",\"@id\":\"https:\\\/\\\/jornaldasoficinas.com\\\/pt\\\/#\\\/schema\\\/logo\\\/image\\\/\",\"url\":\"https:\\\/\\\/jornaldasoficinas.com\\\/pt\\\/wp-content\\\/uploads\\\/logoJO-SEO.png\",\"contentUrl\":\"https:\\\/\\\/jornaldasoficinas.com\\\/pt\\\/wp-content\\\/uploads\\\/logoJO-SEO.png\",\"width\":285,\"height\":450,\"caption\":\"Jornal das Oficinas\"},\"image\":{\"@id\":\"https:\\\/\\\/jornaldasoficinas.com\\\/pt\\\/#\\\/schema\\\/logo\\\/image\\\/\"},\"sameAs\":[\"https:\\\/\\\/www.facebook.com\\\/jornaloficinas\",\"https:\\\/\\\/x.com\\\/jornaloficinas\",\"https:\\\/\\\/www.instagram.com\\\/jornal_oficinas\\\/\",\"https:\\\/\\\/www.linkedin.com\\\/company\\\/jornal-das-oficinas\\\/\",\"https:\\\/\\\/www.youtube.com\\\/channel\\\/UCbQZBqtcvV-oSQrr7RzINGg\"]},{\"@type\":\"Person\",\"@id\":\"https:\\\/\\\/jornaldasoficinas.com\\\/pt\\\/#\\\/schema\\\/person\\\/a38eef5de2c41d9e7c9ac10141afddf3\",\"name\":\"Reda\u00e7\u00e3o JO\",\"image\":{\"@type\":\"ImageObject\",\"inLanguage\":\"pt-PT\",\"@id\":\"https:\\\/\\\/secure.gravatar.com\\\/avatar\\\/71f2fa71737ad68a84fea94bc708ddac8ea5b0c4788dc2ad202f3ccb2887742f?s=96&d=wp_user_avatar&r=g\",\"url\":\"https:\\\/\\\/secure.gravatar.com\\\/avatar\\\/71f2fa71737ad68a84fea94bc708ddac8ea5b0c4788dc2ad202f3ccb2887742f?s=96&d=wp_user_avatar&r=g\",\"contentUrl\":\"https:\\\/\\\/secure.gravatar.com\\\/avatar\\\/71f2fa71737ad68a84fea94bc708ddac8ea5b0c4788dc2ad202f3ccb2887742f?s=96&d=wp_user_avatar&r=g\",\"caption\":\"Reda\u00e7\u00e3o JO\"},\"url\":\"https:\\\/\\\/jornaldasoficinas.com\\\/pt\\\/author\\\/joredacao\\\/\"}]}<\/script>\n<!-- \/ Yoast SEO plugin. -->","yoast_head_json":{"title":"MANN + HUMMEL no top 50 dos l\u00edderes mundiais de sustentabilidade - Jornal das Oficinas","robots":{"index":"index","follow":"follow","max-snippet":"max-snippet:-1","max-image-preview":"max-image-preview:large","max-video-preview":"max-video-preview:-1"},"canonical":"https:\/\/jornaldasoficinas.com\/pt\/mann-hummel-no-top-50-dos-lideres-mundiais-de-sustentabilidade\/","og_locale":"pt_PT","og_type":"article","og_title":"MANN + HUMMEL no top 50 dos l\u00edderes mundiais de sustentabilidade - Jornal das Oficinas","og_description":"A MANN + HUMMEL chega ao...","og_url":"https:\/\/jornaldasoficinas.com\/pt\/mann-hummel-no-top-50-dos-lideres-mundiais-de-sustentabilidade\/","og_site_name":"Jornal das Oficinas","article_publisher":"https:\/\/www.facebook.com\/jornaloficinas","article_published_time":"2020-09-21T17:00:02+00:00","og_image":[{"width":1024,"height":581,"url":"https:\/\/jornaldasoficinas.com\/pt\/wp-content\/uploads\/2020\/09\/MANN-HUMMEL-no-top-50-dos-li\u0301deres-mundiais-de-sustentabilidade.jpg","type":"image\/jpeg"}],"author":"Reda\u00e7\u00e3o JO","twitter_card":"summary_large_image","twitter_creator":"@jornaloficinas","twitter_site":"@jornaloficinas","twitter_misc":{"Escrito por":"Reda\u00e7\u00e3o JO","Tempo estimado de leitura":"2 minutos"},"schema":{"@context":"https:\/\/schema.org","@graph":[{"@type":"Article","@id":"https:\/\/jornaldasoficinas.com\/pt\/mann-hummel-no-top-50-dos-lideres-mundiais-de-sustentabilidade\/#article","isPartOf":{"@id":"https:\/\/jornaldasoficinas.com\/pt\/mann-hummel-no-top-50-dos-lideres-mundiais-de-sustentabilidade\/"},"author":{"name":"Reda\u00e7\u00e3o JO","@id":"https:\/\/jornaldasoficinas.com\/pt\/#\/schema\/person\/a38eef5de2c41d9e7c9ac10141afddf3"},"headline":"MANN + HUMMEL no top 50 dos l\u00edderes mundiais de sustentabilidade","datePublished":"2020-09-21T17:00:02+00:00","mainEntityOfPage":{"@id":"https:\/\/jornaldasoficinas.com\/pt\/mann-hummel-no-top-50-dos-lideres-mundiais-de-sustentabilidade\/"},"wordCount":504,"publisher":{"@id":"https:\/\/jornaldasoficinas.com\/pt\/#organization"},"image":{"@id":"https:\/\/jornaldasoficinas.com\/pt\/mann-hummel-no-top-50-dos-lideres-mundiais-de-sustentabilidade\/#primaryimage"},"thumbnailUrl":"https:\/\/jornaldasoficinas.com\/pt\/wp-content\/uploads\/2020\/09\/MANN-HUMMEL-no-top-50-dos-li\u0301deres-mundiais-de-sustentabilidade.jpg","keywords":["MANN+HUMMEL"],"articleSection":["Empresas"],"inLanguage":"pt-PT"},{"@type":"WebPage","@id":"https:\/\/jornaldasoficinas.com\/pt\/mann-hummel-no-top-50-dos-lideres-mundiais-de-sustentabilidade\/","url":"https:\/\/jornaldasoficinas.com\/pt\/mann-hummel-no-top-50-dos-lideres-mundiais-de-sustentabilidade\/","name":"MANN + HUMMEL no top 50 dos l\u00edderes mundiais de sustentabilidade - Jornal das Oficinas","isPartOf":{"@id":"https:\/\/jornaldasoficinas.com\/pt\/#website"},"primaryImageOfPage":{"@id":"https:\/\/jornaldasoficinas.com\/pt\/mann-hummel-no-top-50-dos-lideres-mundiais-de-sustentabilidade\/#primaryimage"},"image":{"@id":"https:\/\/jornaldasoficinas.com\/pt\/mann-hummel-no-top-50-dos-lideres-mundiais-de-sustentabilidade\/#primaryimage"},"thumbnailUrl":"https:\/\/jornaldasoficinas.com\/pt\/wp-content\/uploads\/2020\/09\/MANN-HUMMEL-no-top-50-dos-li\u0301deres-mundiais-de-sustentabilidade.jpg","datePublished":"2020-09-21T17:00:02+00:00","breadcrumb":{"@id":"https:\/\/jornaldasoficinas.com\/pt\/mann-hummel-no-top-50-dos-lideres-mundiais-de-sustentabilidade\/#breadcrumb"},"inLanguage":"pt-PT","potentialAction":[{"@type":"ReadAction","target":["https:\/\/jornaldasoficinas.com\/pt\/mann-hummel-no-top-50-dos-lideres-mundiais-de-sustentabilidade\/"]}]},{"@type":"ImageObject","inLanguage":"pt-PT","@id":"https:\/\/jornaldasoficinas.com\/pt\/mann-hummel-no-top-50-dos-lideres-mundiais-de-sustentabilidade\/#primaryimage","url":"https:\/\/jornaldasoficinas.com\/pt\/wp-content\/uploads\/2020\/09\/MANN-HUMMEL-no-top-50-dos-li\u0301deres-mundiais-de-sustentabilidade.jpg","contentUrl":"https:\/\/jornaldasoficinas.com\/pt\/wp-content\/uploads\/2020\/09\/MANN-HUMMEL-no-top-50-dos-li\u0301deres-mundiais-de-sustentabilidade.jpg","width":1024,"height":581,"caption":"09 - MANN-HUMMEL-no-top-50-dos-li\u0301deres-mundiais-de-sustentabilidade"},{"@type":"BreadcrumbList","@id":"https:\/\/jornaldasoficinas.com\/pt\/mann-hummel-no-top-50-dos-lideres-mundiais-de-sustentabilidade\/#breadcrumb","itemListElement":[{"@type":"ListItem","position":1,"name":"In\u00edcio","item":"https:\/\/jornaldasoficinas.com\/pt\/"},{"@type":"ListItem","position":2,"name":"MANN + HUMMEL no top 50 dos l\u00edderes mundiais de sustentabilidade"}]},{"@type":"WebSite","@id":"https:\/\/jornaldasoficinas.com\/pt\/#website","url":"https:\/\/jornaldasoficinas.com\/pt\/","name":"Jornal das Oficinas","description":"Jornal independente do Aftermarket Autom\u00f3vel em Portugal","publisher":{"@id":"https:\/\/jornaldasoficinas.com\/pt\/#organization"},"potentialAction":[{"@type":"SearchAction","target":{"@type":"EntryPoint","urlTemplate":"https:\/\/jornaldasoficinas.com\/pt\/?s={search_term_string}"},"query-input":{"@type":"PropertyValueSpecification","valueRequired":true,"valueName":"search_term_string"}}],"inLanguage":"pt-PT"},{"@type":"Organization","@id":"https:\/\/jornaldasoficinas.com\/pt\/#organization","name":"Jornal das Oficinas","url":"https:\/\/jornaldasoficinas.com\/pt\/","logo":{"@type":"ImageObject","inLanguage":"pt-PT","@id":"https:\/\/jornaldasoficinas.com\/pt\/#\/schema\/logo\/image\/","url":"https:\/\/jornaldasoficinas.com\/pt\/wp-content\/uploads\/logoJO-SEO.png","contentUrl":"https:\/\/jornaldasoficinas.com\/pt\/wp-content\/uploads\/logoJO-SEO.png","width":285,"height":450,"caption":"Jornal das Oficinas"},"image":{"@id":"https:\/\/jornaldasoficinas.com\/pt\/#\/schema\/logo\/image\/"},"sameAs":["https:\/\/www.facebook.com\/jornaloficinas","https:\/\/x.com\/jornaloficinas","https:\/\/www.instagram.com\/jornal_oficinas\/","https:\/\/www.linkedin.com\/company\/jornal-das-oficinas\/","https:\/\/www.youtube.com\/channel\/UCbQZBqtcvV-oSQrr7RzINGg"]},{"@type":"Person","@id":"https:\/\/jornaldasoficinas.com\/pt\/#\/schema\/person\/a38eef5de2c41d9e7c9ac10141afddf3","name":"Reda\u00e7\u00e3o JO","image":{"@type":"ImageObject","inLanguage":"pt-PT","@id":"https:\/\/secure.gravatar.com\/avatar\/71f2fa71737ad68a84fea94bc708ddac8ea5b0c4788dc2ad202f3ccb2887742f?s=96&d=wp_user_avatar&r=g","url":"https:\/\/secure.gravatar.com\/avatar\/71f2fa71737ad68a84fea94bc708ddac8ea5b0c4788dc2ad202f3ccb2887742f?s=96&d=wp_user_avatar&r=g","contentUrl":"https:\/\/secure.gravatar.com\/avatar\/71f2fa71737ad68a84fea94bc708ddac8ea5b0c4788dc2ad202f3ccb2887742f?s=96&d=wp_user_avatar&r=g","caption":"Reda\u00e7\u00e3o JO"},"url":"https:\/\/jornaldasoficinas.com\/pt\/author\/joredacao\/"}]}},"_links":{"self":[{"href":"https:\/\/jornaldasoficinas.com\/pt\/wp-json\/wp\/v2\/posts\/15949","targetHints":{"allow":["GET"]}}],"collection":[{"href":"https:\/\/jornaldasoficinas.com\/pt\/wp-json\/wp\/v2\/posts"}],"about":[{"href":"https:\/\/jornaldasoficinas.com\/pt\/wp-json\/wp\/v2\/types\/post"}],"author":[{"embeddable":true,"href":"https:\/\/jornaldasoficinas.com\/pt\/wp-json\/wp\/v2\/users\/15"}],"replies":[{"embeddable":true,"href":"https:\/\/jornaldasoficinas.com\/pt\/wp-json\/wp\/v2\/comments?post=15949"}],"version-history":[{"count":0,"href":"https:\/\/jornaldasoficinas.com\/pt\/wp-json\/wp\/v2\/posts\/15949\/revisions"}],"wp:featuredmedia":[{"embeddable":true,"href":"https:\/\/jornaldasoficinas.com\/pt\/wp-json\/wp\/v2\/media\/15895"}],"wp:attachment":[{"href":"https:\/\/jornaldasoficinas.com\/pt\/wp-json\/wp\/v2\/media?parent=15949"}],"wp:term":[{"taxonomy":"category","embeddable":true,"href":"https:\/\/jornaldasoficinas.com\/pt\/wp-json\/wp\/v2\/categories?post=15949"},{"taxonomy":"post_tag","embeddable":true,"href":"https:\/\/jornaldasoficinas.com\/pt\/wp-json\/wp\/v2\/tags?post=15949"}],"curies":[{"name":"wp","href":"https:\/\/api.w.org\/{rel}","templated":true}]}}