{"id":16009,"date":"2020-09-24T20:00:22","date_gmt":"2020-09-24T19:00:22","guid":{"rendered":"https:\/\/jornaldasoficinas.com\/pt\/?p=16009"},"modified":"2020-09-24T09:03:59","modified_gmt":"2020-09-24T08:03:59","slug":"congestionamento-automovel-em-queda","status":"publish","type":"post","link":"https:\/\/jornaldasoficinas.com\/pt\/congestionamento-automovel-em-queda\/","title":{"rendered":"Congestionamento autom\u00f3vel em queda"},"content":{"rendered":"<p><strong><img loading=\"lazy\" decoding=\"async\" class=\"alignnone wp-image-15981 size-full\" src=\"https:\/\/jornaldasoficinas.com\/pt\/wp-content\/uploads\/2020\/09\/Congestionamento-automo\u0301vel.jpg\" alt=\"09 - Congestionamento-automo\u0301vel\" width=\"1024\" height=\"581\" srcset=\"https:\/\/jornaldasoficinas.com\/pt\/wp-content\/uploads\/2020\/09\/Congestionamento-automo\u0301vel.jpg 1024w, https:\/\/jornaldasoficinas.com\/pt\/wp-content\/uploads\/2020\/09\/Congestionamento-automo\u0301vel-300x170.jpg 300w, https:\/\/jornaldasoficinas.com\/pt\/wp-content\/uploads\/2020\/09\/Congestionamento-automo\u0301vel-150x85.jpg 150w, https:\/\/jornaldasoficinas.com\/pt\/wp-content\/uploads\/2020\/09\/Congestionamento-automo\u0301vel-768x436.jpg 768w\" sizes=\"auto, (max-width: 1024px) 100vw, 1024px\" \/><\/strong><\/p>\n<p><strong>A pandemia de Covid-19 veio mudar quase tudo e o tr\u00e2nsito n\u00e3o foi exce\u00e7\u00e3o. As cidades portuguesas t\u00eam vindo a sentir, desde o in\u00edcio das medidas de conten\u00e7\u00e3o aplicadas em mar\u00e7o, uma enorme diminui\u00e7\u00e3o no congestionamento autom\u00f3vel.<\/strong><\/p>\n<p>Esta \u00e9 uma das consequ\u00eancias do facto de grande parte da popula\u00e7\u00e3o ter estado em casa, em teletrabalho ou a acompanhar crian\u00e7as que n\u00e3o tiveram aulas presenciais no terceiro per\u00edodo letivo.<\/p>\n<p>A TomTom, especialista em tecnologia de localiza\u00e7\u00e3o, monitoriza j\u00e1 h\u00e1 nove anos o fluxo de tr\u00e2nsito nas cidades da Europa, permitindo mostrar aos seus utilizadores como estes se devem movimentar para evitar filas de tr\u00e2nsito e, acima de tudo, dota os especialistas em mobilidade de ferramentas para planear, de forma eficiente, os transportes p\u00fablicos e a gest\u00e3o do tr\u00e1fego.<\/p>\n<p>A queda abrupta no congestionamento de tr\u00e2nsito nas cidades portuguesas reflete-se na plataforma da TomTom Traffic Index, que disponibiliza informa\u00e7\u00e3o sobre o congestionamento de tr\u00e1fego urbano em tempo real, em 416 cidades do mundo. Por exemplo, a sexta-feira de 24 de abril em Lisboa, registou uma diminui\u00e7\u00e3o de 80% na taxa de congestionamento da cidade em rela\u00e7\u00e3o ao mesmo dia de 2019.<\/p>\n<p>De 14 de mar\u00e7o a 18 de junho, o \u00edndice de tr\u00e1fego em Lisboa nunca ultrapassou os 15%, o que significa que numa hora de viagem realizada neste per\u00edodo de tr\u00eas meses na cidade de Lisboa, o condutor nunca demorou mais de 9 minutos do que habitualmente demora na estrada, em compara\u00e7\u00e3o com uma situa\u00e7\u00e3o de tr\u00e2nsito totalmente fluido.<\/p>\n<p>No mesmo dia 24 de abril, a cidade do Porto registou tamb\u00e9m uma quebra de 75% no congestionamento em rela\u00e7\u00e3o ao ano anterior. J\u00e1 o Funchal, Braga e Coimbra, que at\u00e9 \u00e0 implementa\u00e7\u00e3o das medidas de conten\u00e7\u00e3o para a pandemia tinham registado valores mais problem\u00e1ticos do que em 2019, tamb\u00e9m desceram abruptamente, com uma diferen\u00e7a de 68, 67 e 59 pontos percentuais, respetivamente, em rela\u00e7\u00e3o ao dia em an\u00e1lise do ano anterior.<\/p>\n<p>J\u00e1 na \u00faltima semana, marcada pelo Regresso \u00e0s Aulas dos alunos em todo o pa\u00eds, a diferen\u00e7a em rela\u00e7\u00e3o ao ano passado teve uma menor amplitude, mas ainda assim, tomando como exemplo segunda-feira, dia 14 de setembro, registou 32% menos de congestionamento que no mesmo dia de 2019. Nas restantes cidades portuguesas os valores diferenciais foram mais baixos (Funchal 31%, Coimbra 26%, Porto 26% e Braga 23%).<\/p>\n<p>Os dados fornecidos pela TomTom tamb\u00e9m permitem ter uma vis\u00e3o geral do efeito causado pelas medidas de conten\u00e7\u00e3o ao longo do tempo. O gr\u00e1fico abaixo mostra as taxas de congestionamento de\u00a0\u00a0 24 de fevereiro, in\u00edcio da semana em que a Dire\u00e7\u00e3o Geral da Sa\u00fade divulgou orienta\u00e7\u00f5es \u00e0s empresas, aconselhando-as a definir planos de conting\u00eancia para casos suspeitos entre os trabalhadores &#8211; at\u00e9 23 de mar\u00e7o, data em que o pa\u00eds estava j\u00e1 em Estado de Emerg\u00eancia. Tendo em conta que a amarelo est\u00e3o os dados correspondentes a 2020 e a cinza os de 2019, \u00e9 poss\u00edvel verificar uma quebra no tr\u00e1fego que se inicia na \u00faltima semana de fevereiro.<\/p>\n<p>A partir de 15 de junho, o tr\u00e2nsito come\u00e7a lentamente a retomar, embora ainda longe dos valores habituais de 2019.<\/p>\n<p>Os portugueses t\u00eam estado gradualmente a retomar os seus h\u00e1bitos. E entre o transporte p\u00fablico ou uma solu\u00e7\u00e3o de mobilidade individual, o carro \u00e9 uma das formas mais seguras de desloca\u00e7\u00e3o nos tempos que correm, de forma a evitar cont\u00e1gios. As pessoas est\u00e3o a retomar alguns dos h\u00e1bitos que tinham antes da pandemia e os n\u00edveis de congestionamento v\u00e3o, lentamente, ficando mais pr\u00f3ximas dos valores de 2019.<\/p>\n<p>Numa situa\u00e7\u00e3o pr\u00e9-pandemia, em Lisboa, a taxa de congestionamento m\u00e9dia \u00e0s 8h da manh\u00e3 \u00e9 de cerca de 66%, o que significa que numa viagem total de uma hora, o tempo perdido no tr\u00e2nsito ascende aos 40 minutos. No entanto, uma viagem feita apenas uma horas mais cedo, entre as 7h e as 8h, pode reduzir o tempo nas filas para apenas 17 minutos.<\/p>\n<p>No per\u00edodo da tarde, a tend\u00eancia repete-se. Se o condutor sair do trabalho \u00e0s 18h, provavelmente passar\u00e1 um tempo extra de cerca de 53 minutos preso no p\u00e1ra-arranca. Contudo, se sair apenas uma hora antes, esse valor diminui para os 37 minutos.<\/p>\n<p>As mudan\u00e7as que t\u00eam vindo a ocorrer durante os \u00faltimos meses podem ser realmente importantes para ajudar os decison- makers a mudarem o paradigma da mobilidade nas cidades\u201d, comenta Vincent Martinier, Diretor de Comunica\u00e7\u00e3o da TomTom do Sul da Europa. \u201c\u00c9 necess\u00e1rio encontrar solu\u00e7\u00f5es de forma a amenizar o frenesim do tr\u00e2nsito e reduzir as filas. Mas a implementa\u00e7\u00e3o do teletrabalho, mesmo que parcial, pode mudar o estilo de vida das pessoas e democratizar a forma como nos movemos. Tamb\u00e9m a flexibilidade dos hor\u00e1rios de trabalho pode ajudar a quebrar as horas de ponta, j\u00e1 que, no passado, a maioria dos condutores fazia desloca\u00e7\u00f5es nos mesmos per\u00edodos do dia, congestionado fortemente o fluxo de tr\u00e2nsito. Para os trabalhadores que t\u00eam essa facilidade, sair mais cedo de casa e regressar tamb\u00e9m antes do normal, pode significar uma redu\u00e7\u00e3o significativa do tempo passado em viagem\u201d, conclui Martinier.<\/p>\n","protected":false},"excerpt":{"rendered":"<p>A pandemia de Covid-19 veio mudar&#8230;<\/p>\n","protected":false},"author":15,"featured_media":15981,"comment_status":"closed","ping_status":"closed","sticky":false,"template":"","format":"standard","meta":{"footnotes":""},"categories":[37],"tags":[],"class_list":["post-16009","post","type-post","status-publish","format-standard","has-post-thumbnail","hentry","category-mercado"],"yoast_head":"<!-- This site is optimized with the Yoast SEO plugin v27.4 - https:\/\/yoast.com\/product\/yoast-seo-wordpress\/ -->\n<title>Congestionamento autom\u00f3vel em queda - Jornal das Oficinas<\/title>\n<meta name=\"robots\" content=\"index, follow, max-snippet:-1, max-image-preview:large, max-video-preview:-1\" \/>\n<link rel=\"canonical\" href=\"https:\/\/jornaldasoficinas.com\/pt\/congestionamento-automovel-em-queda\/\" \/>\n<meta property=\"og:locale\" content=\"pt_PT\" \/>\n<meta property=\"og:type\" content=\"article\" \/>\n<meta property=\"og:title\" content=\"Congestionamento autom\u00f3vel em queda - Jornal das Oficinas\" \/>\n<meta property=\"og:description\" content=\"A pandemia de Covid-19 veio mudar...\" \/>\n<meta property=\"og:url\" content=\"https:\/\/jornaldasoficinas.com\/pt\/congestionamento-automovel-em-queda\/\" \/>\n<meta property=\"og:site_name\" content=\"Jornal das Oficinas\" \/>\n<meta property=\"article:publisher\" content=\"https:\/\/www.facebook.com\/jornaloficinas\" \/>\n<meta property=\"article:published_time\" content=\"2020-09-24T19:00:22+00:00\" \/>\n<meta property=\"og:image\" content=\"https:\/\/jornaldasoficinas.com\/pt\/wp-content\/uploads\/2020\/09\/Congestionamento-automo\u0301vel.jpg\" \/>\n\t<meta property=\"og:image:width\" content=\"1024\" \/>\n\t<meta property=\"og:image:height\" content=\"581\" \/>\n\t<meta property=\"og:image:type\" content=\"image\/jpeg\" \/>\n<meta name=\"author\" content=\"Reda\u00e7\u00e3o JO\" \/>\n<meta name=\"twitter:card\" content=\"summary_large_image\" \/>\n<meta name=\"twitter:creator\" content=\"@jornaloficinas\" \/>\n<meta name=\"twitter:site\" content=\"@jornaloficinas\" \/>\n<meta name=\"twitter:label1\" content=\"Escrito por\" \/>\n\t<meta name=\"twitter:data1\" content=\"Reda\u00e7\u00e3o JO\" \/>\n\t<meta name=\"twitter:label2\" content=\"Tempo estimado de leitura\" \/>\n\t<meta name=\"twitter:data2\" content=\"4 minutos\" \/>\n<script type=\"application\/ld+json\" class=\"yoast-schema-graph\">{\"@context\":\"https:\\\/\\\/schema.org\",\"@graph\":[{\"@type\":\"Article\",\"@id\":\"https:\\\/\\\/jornaldasoficinas.com\\\/pt\\\/congestionamento-automovel-em-queda\\\/#article\",\"isPartOf\":{\"@id\":\"https:\\\/\\\/jornaldasoficinas.com\\\/pt\\\/congestionamento-automovel-em-queda\\\/\"},\"author\":{\"name\":\"Reda\u00e7\u00e3o JO\",\"@id\":\"https:\\\/\\\/jornaldasoficinas.com\\\/pt\\\/#\\\/schema\\\/person\\\/a38eef5de2c41d9e7c9ac10141afddf3\"},\"headline\":\"Congestionamento autom\u00f3vel em queda\",\"datePublished\":\"2020-09-24T19:00:22+00:00\",\"mainEntityOfPage\":{\"@id\":\"https:\\\/\\\/jornaldasoficinas.com\\\/pt\\\/congestionamento-automovel-em-queda\\\/\"},\"wordCount\":894,\"publisher\":{\"@id\":\"https:\\\/\\\/jornaldasoficinas.com\\\/pt\\\/#organization\"},\"image\":{\"@id\":\"https:\\\/\\\/jornaldasoficinas.com\\\/pt\\\/congestionamento-automovel-em-queda\\\/#primaryimage\"},\"thumbnailUrl\":\"https:\\\/\\\/jornaldasoficinas.com\\\/pt\\\/wp-content\\\/uploads\\\/2020\\\/09\\\/Congestionamento-automo\u0301vel.jpg\",\"articleSection\":[\"Mercado\"],\"inLanguage\":\"pt-PT\"},{\"@type\":\"WebPage\",\"@id\":\"https:\\\/\\\/jornaldasoficinas.com\\\/pt\\\/congestionamento-automovel-em-queda\\\/\",\"url\":\"https:\\\/\\\/jornaldasoficinas.com\\\/pt\\\/congestionamento-automovel-em-queda\\\/\",\"name\":\"Congestionamento autom\u00f3vel em queda - Jornal das Oficinas\",\"isPartOf\":{\"@id\":\"https:\\\/\\\/jornaldasoficinas.com\\\/pt\\\/#website\"},\"primaryImageOfPage\":{\"@id\":\"https:\\\/\\\/jornaldasoficinas.com\\\/pt\\\/congestionamento-automovel-em-queda\\\/#primaryimage\"},\"image\":{\"@id\":\"https:\\\/\\\/jornaldasoficinas.com\\\/pt\\\/congestionamento-automovel-em-queda\\\/#primaryimage\"},\"thumbnailUrl\":\"https:\\\/\\\/jornaldasoficinas.com\\\/pt\\\/wp-content\\\/uploads\\\/2020\\\/09\\\/Congestionamento-automo\u0301vel.jpg\",\"datePublished\":\"2020-09-24T19:00:22+00:00\",\"breadcrumb\":{\"@id\":\"https:\\\/\\\/jornaldasoficinas.com\\\/pt\\\/congestionamento-automovel-em-queda\\\/#breadcrumb\"},\"inLanguage\":\"pt-PT\",\"potentialAction\":[{\"@type\":\"ReadAction\",\"target\":[\"https:\\\/\\\/jornaldasoficinas.com\\\/pt\\\/congestionamento-automovel-em-queda\\\/\"]}]},{\"@type\":\"ImageObject\",\"inLanguage\":\"pt-PT\",\"@id\":\"https:\\\/\\\/jornaldasoficinas.com\\\/pt\\\/congestionamento-automovel-em-queda\\\/#primaryimage\",\"url\":\"https:\\\/\\\/jornaldasoficinas.com\\\/pt\\\/wp-content\\\/uploads\\\/2020\\\/09\\\/Congestionamento-automo\u0301vel.jpg\",\"contentUrl\":\"https:\\\/\\\/jornaldasoficinas.com\\\/pt\\\/wp-content\\\/uploads\\\/2020\\\/09\\\/Congestionamento-automo\u0301vel.jpg\",\"width\":1024,\"height\":581,\"caption\":\"09 - Congestionamento-automo\u0301vel\"},{\"@type\":\"BreadcrumbList\",\"@id\":\"https:\\\/\\\/jornaldasoficinas.com\\\/pt\\\/congestionamento-automovel-em-queda\\\/#breadcrumb\",\"itemListElement\":[{\"@type\":\"ListItem\",\"position\":1,\"name\":\"In\u00edcio\",\"item\":\"https:\\\/\\\/jornaldasoficinas.com\\\/pt\\\/\"},{\"@type\":\"ListItem\",\"position\":2,\"name\":\"Congestionamento autom\u00f3vel em queda\"}]},{\"@type\":\"WebSite\",\"@id\":\"https:\\\/\\\/jornaldasoficinas.com\\\/pt\\\/#website\",\"url\":\"https:\\\/\\\/jornaldasoficinas.com\\\/pt\\\/\",\"name\":\"Jornal das Oficinas\",\"description\":\"Jornal independente do Aftermarket Autom\u00f3vel em Portugal\",\"publisher\":{\"@id\":\"https:\\\/\\\/jornaldasoficinas.com\\\/pt\\\/#organization\"},\"potentialAction\":[{\"@type\":\"SearchAction\",\"target\":{\"@type\":\"EntryPoint\",\"urlTemplate\":\"https:\\\/\\\/jornaldasoficinas.com\\\/pt\\\/?s={search_term_string}\"},\"query-input\":{\"@type\":\"PropertyValueSpecification\",\"valueRequired\":true,\"valueName\":\"search_term_string\"}}],\"inLanguage\":\"pt-PT\"},{\"@type\":\"Organization\",\"@id\":\"https:\\\/\\\/jornaldasoficinas.com\\\/pt\\\/#organization\",\"name\":\"Jornal das Oficinas\",\"url\":\"https:\\\/\\\/jornaldasoficinas.com\\\/pt\\\/\",\"logo\":{\"@type\":\"ImageObject\",\"inLanguage\":\"pt-PT\",\"@id\":\"https:\\\/\\\/jornaldasoficinas.com\\\/pt\\\/#\\\/schema\\\/logo\\\/image\\\/\",\"url\":\"https:\\\/\\\/jornaldasoficinas.com\\\/pt\\\/wp-content\\\/uploads\\\/logoJO-SEO.png\",\"contentUrl\":\"https:\\\/\\\/jornaldasoficinas.com\\\/pt\\\/wp-content\\\/uploads\\\/logoJO-SEO.png\",\"width\":285,\"height\":450,\"caption\":\"Jornal das Oficinas\"},\"image\":{\"@id\":\"https:\\\/\\\/jornaldasoficinas.com\\\/pt\\\/#\\\/schema\\\/logo\\\/image\\\/\"},\"sameAs\":[\"https:\\\/\\\/www.facebook.com\\\/jornaloficinas\",\"https:\\\/\\\/x.com\\\/jornaloficinas\",\"https:\\\/\\\/www.instagram.com\\\/jornal_oficinas\\\/\",\"https:\\\/\\\/www.linkedin.com\\\/company\\\/jornal-das-oficinas\\\/\",\"https:\\\/\\\/www.youtube.com\\\/channel\\\/UCbQZBqtcvV-oSQrr7RzINGg\"]},{\"@type\":\"Person\",\"@id\":\"https:\\\/\\\/jornaldasoficinas.com\\\/pt\\\/#\\\/schema\\\/person\\\/a38eef5de2c41d9e7c9ac10141afddf3\",\"name\":\"Reda\u00e7\u00e3o JO\",\"image\":{\"@type\":\"ImageObject\",\"inLanguage\":\"pt-PT\",\"@id\":\"https:\\\/\\\/secure.gravatar.com\\\/avatar\\\/71f2fa71737ad68a84fea94bc708ddac8ea5b0c4788dc2ad202f3ccb2887742f?s=96&d=wp_user_avatar&r=g\",\"url\":\"https:\\\/\\\/secure.gravatar.com\\\/avatar\\\/71f2fa71737ad68a84fea94bc708ddac8ea5b0c4788dc2ad202f3ccb2887742f?s=96&d=wp_user_avatar&r=g\",\"contentUrl\":\"https:\\\/\\\/secure.gravatar.com\\\/avatar\\\/71f2fa71737ad68a84fea94bc708ddac8ea5b0c4788dc2ad202f3ccb2887742f?s=96&d=wp_user_avatar&r=g\",\"caption\":\"Reda\u00e7\u00e3o JO\"},\"url\":\"https:\\\/\\\/jornaldasoficinas.com\\\/pt\\\/author\\\/joredacao\\\/\"}]}<\/script>\n<!-- \/ Yoast SEO plugin. -->","yoast_head_json":{"title":"Congestionamento autom\u00f3vel em queda - Jornal das Oficinas","robots":{"index":"index","follow":"follow","max-snippet":"max-snippet:-1","max-image-preview":"max-image-preview:large","max-video-preview":"max-video-preview:-1"},"canonical":"https:\/\/jornaldasoficinas.com\/pt\/congestionamento-automovel-em-queda\/","og_locale":"pt_PT","og_type":"article","og_title":"Congestionamento autom\u00f3vel em queda - Jornal das Oficinas","og_description":"A pandemia de Covid-19 veio mudar...","og_url":"https:\/\/jornaldasoficinas.com\/pt\/congestionamento-automovel-em-queda\/","og_site_name":"Jornal das Oficinas","article_publisher":"https:\/\/www.facebook.com\/jornaloficinas","article_published_time":"2020-09-24T19:00:22+00:00","og_image":[{"width":1024,"height":581,"url":"https:\/\/jornaldasoficinas.com\/pt\/wp-content\/uploads\/2020\/09\/Congestionamento-automo\u0301vel.jpg","type":"image\/jpeg"}],"author":"Reda\u00e7\u00e3o JO","twitter_card":"summary_large_image","twitter_creator":"@jornaloficinas","twitter_site":"@jornaloficinas","twitter_misc":{"Escrito por":"Reda\u00e7\u00e3o JO","Tempo estimado de leitura":"4 minutos"},"schema":{"@context":"https:\/\/schema.org","@graph":[{"@type":"Article","@id":"https:\/\/jornaldasoficinas.com\/pt\/congestionamento-automovel-em-queda\/#article","isPartOf":{"@id":"https:\/\/jornaldasoficinas.com\/pt\/congestionamento-automovel-em-queda\/"},"author":{"name":"Reda\u00e7\u00e3o JO","@id":"https:\/\/jornaldasoficinas.com\/pt\/#\/schema\/person\/a38eef5de2c41d9e7c9ac10141afddf3"},"headline":"Congestionamento autom\u00f3vel em queda","datePublished":"2020-09-24T19:00:22+00:00","mainEntityOfPage":{"@id":"https:\/\/jornaldasoficinas.com\/pt\/congestionamento-automovel-em-queda\/"},"wordCount":894,"publisher":{"@id":"https:\/\/jornaldasoficinas.com\/pt\/#organization"},"image":{"@id":"https:\/\/jornaldasoficinas.com\/pt\/congestionamento-automovel-em-queda\/#primaryimage"},"thumbnailUrl":"https:\/\/jornaldasoficinas.com\/pt\/wp-content\/uploads\/2020\/09\/Congestionamento-automo\u0301vel.jpg","articleSection":["Mercado"],"inLanguage":"pt-PT"},{"@type":"WebPage","@id":"https:\/\/jornaldasoficinas.com\/pt\/congestionamento-automovel-em-queda\/","url":"https:\/\/jornaldasoficinas.com\/pt\/congestionamento-automovel-em-queda\/","name":"Congestionamento autom\u00f3vel em queda - Jornal das Oficinas","isPartOf":{"@id":"https:\/\/jornaldasoficinas.com\/pt\/#website"},"primaryImageOfPage":{"@id":"https:\/\/jornaldasoficinas.com\/pt\/congestionamento-automovel-em-queda\/#primaryimage"},"image":{"@id":"https:\/\/jornaldasoficinas.com\/pt\/congestionamento-automovel-em-queda\/#primaryimage"},"thumbnailUrl":"https:\/\/jornaldasoficinas.com\/pt\/wp-content\/uploads\/2020\/09\/Congestionamento-automo\u0301vel.jpg","datePublished":"2020-09-24T19:00:22+00:00","breadcrumb":{"@id":"https:\/\/jornaldasoficinas.com\/pt\/congestionamento-automovel-em-queda\/#breadcrumb"},"inLanguage":"pt-PT","potentialAction":[{"@type":"ReadAction","target":["https:\/\/jornaldasoficinas.com\/pt\/congestionamento-automovel-em-queda\/"]}]},{"@type":"ImageObject","inLanguage":"pt-PT","@id":"https:\/\/jornaldasoficinas.com\/pt\/congestionamento-automovel-em-queda\/#primaryimage","url":"https:\/\/jornaldasoficinas.com\/pt\/wp-content\/uploads\/2020\/09\/Congestionamento-automo\u0301vel.jpg","contentUrl":"https:\/\/jornaldasoficinas.com\/pt\/wp-content\/uploads\/2020\/09\/Congestionamento-automo\u0301vel.jpg","width":1024,"height":581,"caption":"09 - Congestionamento-automo\u0301vel"},{"@type":"BreadcrumbList","@id":"https:\/\/jornaldasoficinas.com\/pt\/congestionamento-automovel-em-queda\/#breadcrumb","itemListElement":[{"@type":"ListItem","position":1,"name":"In\u00edcio","item":"https:\/\/jornaldasoficinas.com\/pt\/"},{"@type":"ListItem","position":2,"name":"Congestionamento autom\u00f3vel em queda"}]},{"@type":"WebSite","@id":"https:\/\/jornaldasoficinas.com\/pt\/#website","url":"https:\/\/jornaldasoficinas.com\/pt\/","name":"Jornal das Oficinas","description":"Jornal independente do Aftermarket Autom\u00f3vel em Portugal","publisher":{"@id":"https:\/\/jornaldasoficinas.com\/pt\/#organization"},"potentialAction":[{"@type":"SearchAction","target":{"@type":"EntryPoint","urlTemplate":"https:\/\/jornaldasoficinas.com\/pt\/?s={search_term_string}"},"query-input":{"@type":"PropertyValueSpecification","valueRequired":true,"valueName":"search_term_string"}}],"inLanguage":"pt-PT"},{"@type":"Organization","@id":"https:\/\/jornaldasoficinas.com\/pt\/#organization","name":"Jornal das Oficinas","url":"https:\/\/jornaldasoficinas.com\/pt\/","logo":{"@type":"ImageObject","inLanguage":"pt-PT","@id":"https:\/\/jornaldasoficinas.com\/pt\/#\/schema\/logo\/image\/","url":"https:\/\/jornaldasoficinas.com\/pt\/wp-content\/uploads\/logoJO-SEO.png","contentUrl":"https:\/\/jornaldasoficinas.com\/pt\/wp-content\/uploads\/logoJO-SEO.png","width":285,"height":450,"caption":"Jornal das Oficinas"},"image":{"@id":"https:\/\/jornaldasoficinas.com\/pt\/#\/schema\/logo\/image\/"},"sameAs":["https:\/\/www.facebook.com\/jornaloficinas","https:\/\/x.com\/jornaloficinas","https:\/\/www.instagram.com\/jornal_oficinas\/","https:\/\/www.linkedin.com\/company\/jornal-das-oficinas\/","https:\/\/www.youtube.com\/channel\/UCbQZBqtcvV-oSQrr7RzINGg"]},{"@type":"Person","@id":"https:\/\/jornaldasoficinas.com\/pt\/#\/schema\/person\/a38eef5de2c41d9e7c9ac10141afddf3","name":"Reda\u00e7\u00e3o JO","image":{"@type":"ImageObject","inLanguage":"pt-PT","@id":"https:\/\/secure.gravatar.com\/avatar\/71f2fa71737ad68a84fea94bc708ddac8ea5b0c4788dc2ad202f3ccb2887742f?s=96&d=wp_user_avatar&r=g","url":"https:\/\/secure.gravatar.com\/avatar\/71f2fa71737ad68a84fea94bc708ddac8ea5b0c4788dc2ad202f3ccb2887742f?s=96&d=wp_user_avatar&r=g","contentUrl":"https:\/\/secure.gravatar.com\/avatar\/71f2fa71737ad68a84fea94bc708ddac8ea5b0c4788dc2ad202f3ccb2887742f?s=96&d=wp_user_avatar&r=g","caption":"Reda\u00e7\u00e3o JO"},"url":"https:\/\/jornaldasoficinas.com\/pt\/author\/joredacao\/"}]}},"_links":{"self":[{"href":"https:\/\/jornaldasoficinas.com\/pt\/wp-json\/wp\/v2\/posts\/16009","targetHints":{"allow":["GET"]}}],"collection":[{"href":"https:\/\/jornaldasoficinas.com\/pt\/wp-json\/wp\/v2\/posts"}],"about":[{"href":"https:\/\/jornaldasoficinas.com\/pt\/wp-json\/wp\/v2\/types\/post"}],"author":[{"embeddable":true,"href":"https:\/\/jornaldasoficinas.com\/pt\/wp-json\/wp\/v2\/users\/15"}],"replies":[{"embeddable":true,"href":"https:\/\/jornaldasoficinas.com\/pt\/wp-json\/wp\/v2\/comments?post=16009"}],"version-history":[{"count":0,"href":"https:\/\/jornaldasoficinas.com\/pt\/wp-json\/wp\/v2\/posts\/16009\/revisions"}],"wp:featuredmedia":[{"embeddable":true,"href":"https:\/\/jornaldasoficinas.com\/pt\/wp-json\/wp\/v2\/media\/15981"}],"wp:attachment":[{"href":"https:\/\/jornaldasoficinas.com\/pt\/wp-json\/wp\/v2\/media?parent=16009"}],"wp:term":[{"taxonomy":"category","embeddable":true,"href":"https:\/\/jornaldasoficinas.com\/pt\/wp-json\/wp\/v2\/categories?post=16009"},{"taxonomy":"post_tag","embeddable":true,"href":"https:\/\/jornaldasoficinas.com\/pt\/wp-json\/wp\/v2\/tags?post=16009"}],"curies":[{"name":"wp","href":"https:\/\/api.w.org\/{rel}","templated":true}]}}