{"id":16054,"date":"2020-09-28T12:00:22","date_gmt":"2020-09-28T11:00:22","guid":{"rendered":"https:\/\/jornaldasoficinas.com\/pt\/?p=16054"},"modified":"2020-09-28T10:35:41","modified_gmt":"2020-09-28T09:35:41","slug":"cromax-acompanha-as-ultimas-tendencias-de-cores","status":"publish","type":"post","link":"https:\/\/jornaldasoficinas.com\/pt\/cromax-acompanha-as-ultimas-tendencias-de-cores\/","title":{"rendered":"Cromax acompanha as \u00faltimas tend\u00eancias de cores"},"content":{"rendered":"<p><strong><img loading=\"lazy\" decoding=\"async\" class=\"alignnone wp-image-16040 size-full\" src=\"https:\/\/jornaldasoficinas.com\/pt\/wp-content\/uploads\/2020\/09\/Cromax-acompanha.jpg\" alt=\"09 - Cromax-acompanha\" width=\"1024\" height=\"581\" srcset=\"https:\/\/jornaldasoficinas.com\/pt\/wp-content\/uploads\/2020\/09\/Cromax-acompanha.jpg 1024w, https:\/\/jornaldasoficinas.com\/pt\/wp-content\/uploads\/2020\/09\/Cromax-acompanha-300x170.jpg 300w, https:\/\/jornaldasoficinas.com\/pt\/wp-content\/uploads\/2020\/09\/Cromax-acompanha-150x85.jpg 150w, https:\/\/jornaldasoficinas.com\/pt\/wp-content\/uploads\/2020\/09\/Cromax-acompanha-768x436.jpg 768w\" sizes=\"auto, (max-width: 1024px) 100vw, 1024px\" \/><\/strong><\/p>\n<p><strong>De acordo com a produ\u00e7\u00e3o dos fabricantes de autom\u00f3veis, as cores de autom\u00f3veis mais populares a n\u00edvel mundial s\u00e3o o branco, o cinzento e o preto.<\/strong><\/p>\n<p>A maioria das pessoas compra um autom\u00f3vel com uma cor convencional, mas existe uma pequena tend\u00eancia crescente de compradores de autom\u00f3veis que optam por cores mais invulgares.<\/p>\n<p>Embora esta tend\u00eancia confira um toque de cor \u00e0s entradas das garagens e \u00e0s ruas, estas cores chamativas podem ser problem\u00e1ticas para os pintores quando t\u00eam de fazer uma repara\u00e7\u00e3o. Gra\u00e7as \u00e0 vasta experi\u00eancia em cores da <a href=\"https:\/\/www.cromax.com\/pt\/pt_PT.html\" target=\"_blank\" rel=\"noopener noreferrer\">Cromax<\/a>, uma marca de repintura global da Axalta, as tintas e as f\u00f3rmulas da Base Bicamada Cromax Pro apoiam as repara\u00e7\u00f5es at\u00e9 dos tons mais invulgares.<\/p>\n<p>Desde o amarelo vivo e laranja \u00e1cido, at\u00e9 ao verde n\u00e9on e roxo reluzente, as cores de autom\u00f3veis invulgares s\u00e3o um nicho de mercado em crescimento. \u201cA maioria dos compradores de autom\u00f3veis est\u00e1 feliz em escolher uma cor metalizada ou padr\u00e3o oferecida pelos fabricantes, mas para alguns clientes, destacar-se da multid\u00e3o e chamar a aten\u00e7\u00e3o com a cor do autom\u00f3vel \u00e9 t\u00e3o importante como o pr\u00f3prio autom\u00f3vel\u201d, afirmou Thomas Cool, Training e Technical Service Leader da Cromax na Europa, M\u00e9dio Oriente e \u00c1frica (EMEA).<\/p>\n<p>Proporcionar a repara\u00e7\u00e3o perfeita da cor de um autom\u00f3vel pode ser uma tarefa dif\u00edcil, e isto \u00e9 especialmente verdade para as cores que est\u00e3o fora da norma. A Cromax oferece \u00e0s oficinas uma vantagem competitiva em termos de cores com a sua Base Bicamada Cromax Pro. Este produto faz parte de um sistema de tecnologia de tintas avan\u00e7ado que inclui corantes, binders, controladores e outros componentes, que contribui para as oficinas obterem uma correspond\u00eancia de cores precisa at\u00e9 para as cores mais dif\u00edceis.<\/p>\n<p>Thomas Cool acrescentou, \u201cEstamos constantemente a adicionar novos corantes com pigmentos especiais \u00e0 gama Base Bicamada Cromax Pro, assim como novas colora\u00e7\u00f5es para verniz. Gra\u00e7as \u00e0 estreita colabora\u00e7\u00e3o com OEMs, estamos numa posi\u00e7\u00e3o ideal n\u00e3o<\/p>\n<p>s\u00f3 para antecipar as futuras tend\u00eancias de cores, como tamb\u00e9m para desenvolver novas tintas e f\u00f3rmulas que os pintores podem encontrar quando utilizarem o nosso sistema de gest\u00e3o de cores digital avan\u00e7ado, o ChromaConnect.\u201d<\/p>\n<p>O ChromaConnect oferece \u00e0s oficinas m\u00e1xima liberdade e flexibilidade nos processos digitais totalmente sem fios, em todas as tarefas, desde a correspond\u00eancia de cores at\u00e9 \u00e0 mistura de cores. Esta abordagem baseada na Web proporciona aos pintores controlo total sobre todos os aspetos da gest\u00e3o de cores atrav\u00e9s de dispositivos ligados \u00e0 rede atrav\u00e9s de Wi-Fi, incluindo balan\u00e7as e impressoras sem fios, assim como o espetrofot\u00f3metro mais avan\u00e7ado da Cromax, o ChromaVision \u00ae Pro Mini, e o ChromaWeb, o software de busca de cor abrangente baseado na Web da Cromax.<\/p>\n<p>Mas o apoio n\u00e3o para aqui. Para mostrar m\u00e9todos de repara\u00e7\u00e3o habituais e abordar os desafios mais relevantes enfrentados pelos pintores, a Cromax oferece uma s\u00e9rie de v\u00eddeos de forma\u00e7\u00e3o no seu canal do YouTube, designada Let\u2019s get to work. Nestes v\u00eddeos, um especialista t\u00e9cnico mostra a utiliza\u00e7\u00e3o correta dos produtos de pintura Cromax e processos de aplica\u00e7\u00e3o.<\/p>\n","protected":false},"excerpt":{"rendered":"<p>De acordo com a produ\u00e7\u00e3o dos&#8230;<\/p>\n","protected":false},"author":15,"featured_media":16040,"comment_status":"closed","ping_status":"closed","sticky":false,"template":"","format":"standard","meta":{"footnotes":""},"categories":[2],"tags":[66],"class_list":["post-16054","post","type-post","status-publish","format-standard","has-post-thumbnail","hentry","category-repintura","tag-cromax"],"yoast_head":"<!-- This site is optimized with the Yoast SEO plugin v27.4 - https:\/\/yoast.com\/product\/yoast-seo-wordpress\/ -->\n<title>Cromax acompanha as \u00faltimas tend\u00eancias de cores - Jornal das Oficinas<\/title>\n<meta name=\"robots\" content=\"index, follow, max-snippet:-1, max-image-preview:large, max-video-preview:-1\" \/>\n<link rel=\"canonical\" href=\"https:\/\/jornaldasoficinas.com\/pt\/cromax-acompanha-as-ultimas-tendencias-de-cores\/\" \/>\n<meta property=\"og:locale\" content=\"pt_PT\" \/>\n<meta property=\"og:type\" content=\"article\" \/>\n<meta property=\"og:title\" content=\"Cromax acompanha as \u00faltimas tend\u00eancias de cores - Jornal das Oficinas\" \/>\n<meta property=\"og:description\" content=\"De acordo com a produ\u00e7\u00e3o dos...\" \/>\n<meta property=\"og:url\" content=\"https:\/\/jornaldasoficinas.com\/pt\/cromax-acompanha-as-ultimas-tendencias-de-cores\/\" \/>\n<meta property=\"og:site_name\" content=\"Jornal das Oficinas\" \/>\n<meta property=\"article:publisher\" content=\"https:\/\/www.facebook.com\/jornaloficinas\" \/>\n<meta property=\"article:published_time\" content=\"2020-09-28T11:00:22+00:00\" \/>\n<meta property=\"og:image\" content=\"https:\/\/jornaldasoficinas.com\/pt\/wp-content\/uploads\/2020\/09\/Cromax-acompanha.jpg\" \/>\n\t<meta property=\"og:image:width\" content=\"1024\" \/>\n\t<meta property=\"og:image:height\" content=\"581\" \/>\n\t<meta property=\"og:image:type\" content=\"image\/jpeg\" \/>\n<meta name=\"author\" content=\"Reda\u00e7\u00e3o JO\" \/>\n<meta name=\"twitter:card\" content=\"summary_large_image\" \/>\n<meta name=\"twitter:creator\" content=\"@jornaloficinas\" \/>\n<meta name=\"twitter:site\" content=\"@jornaloficinas\" \/>\n<meta name=\"twitter:label1\" content=\"Escrito por\" \/>\n\t<meta name=\"twitter:data1\" content=\"Reda\u00e7\u00e3o JO\" \/>\n\t<meta name=\"twitter:label2\" content=\"Tempo estimado de leitura\" \/>\n\t<meta name=\"twitter:data2\" content=\"3 minutos\" \/>\n<script type=\"application\/ld+json\" class=\"yoast-schema-graph\">{\"@context\":\"https:\\\/\\\/schema.org\",\"@graph\":[{\"@type\":\"Article\",\"@id\":\"https:\\\/\\\/jornaldasoficinas.com\\\/pt\\\/cromax-acompanha-as-ultimas-tendencias-de-cores\\\/#article\",\"isPartOf\":{\"@id\":\"https:\\\/\\\/jornaldasoficinas.com\\\/pt\\\/cromax-acompanha-as-ultimas-tendencias-de-cores\\\/\"},\"author\":{\"name\":\"Reda\u00e7\u00e3o JO\",\"@id\":\"https:\\\/\\\/jornaldasoficinas.com\\\/pt\\\/#\\\/schema\\\/person\\\/a38eef5de2c41d9e7c9ac10141afddf3\"},\"headline\":\"Cromax acompanha as \u00faltimas tend\u00eancias de cores\",\"datePublished\":\"2020-09-28T11:00:22+00:00\",\"mainEntityOfPage\":{\"@id\":\"https:\\\/\\\/jornaldasoficinas.com\\\/pt\\\/cromax-acompanha-as-ultimas-tendencias-de-cores\\\/\"},\"wordCount\":564,\"publisher\":{\"@id\":\"https:\\\/\\\/jornaldasoficinas.com\\\/pt\\\/#organization\"},\"image\":{\"@id\":\"https:\\\/\\\/jornaldasoficinas.com\\\/pt\\\/cromax-acompanha-as-ultimas-tendencias-de-cores\\\/#primaryimage\"},\"thumbnailUrl\":\"https:\\\/\\\/jornaldasoficinas.com\\\/pt\\\/wp-content\\\/uploads\\\/2020\\\/09\\\/Cromax-acompanha.jpg\",\"keywords\":[\"Cromax\"],\"articleSection\":[\"Repintura\"],\"inLanguage\":\"pt-PT\"},{\"@type\":\"WebPage\",\"@id\":\"https:\\\/\\\/jornaldasoficinas.com\\\/pt\\\/cromax-acompanha-as-ultimas-tendencias-de-cores\\\/\",\"url\":\"https:\\\/\\\/jornaldasoficinas.com\\\/pt\\\/cromax-acompanha-as-ultimas-tendencias-de-cores\\\/\",\"name\":\"Cromax acompanha as \u00faltimas tend\u00eancias de cores - Jornal das Oficinas\",\"isPartOf\":{\"@id\":\"https:\\\/\\\/jornaldasoficinas.com\\\/pt\\\/#website\"},\"primaryImageOfPage\":{\"@id\":\"https:\\\/\\\/jornaldasoficinas.com\\\/pt\\\/cromax-acompanha-as-ultimas-tendencias-de-cores\\\/#primaryimage\"},\"image\":{\"@id\":\"https:\\\/\\\/jornaldasoficinas.com\\\/pt\\\/cromax-acompanha-as-ultimas-tendencias-de-cores\\\/#primaryimage\"},\"thumbnailUrl\":\"https:\\\/\\\/jornaldasoficinas.com\\\/pt\\\/wp-content\\\/uploads\\\/2020\\\/09\\\/Cromax-acompanha.jpg\",\"datePublished\":\"2020-09-28T11:00:22+00:00\",\"breadcrumb\":{\"@id\":\"https:\\\/\\\/jornaldasoficinas.com\\\/pt\\\/cromax-acompanha-as-ultimas-tendencias-de-cores\\\/#breadcrumb\"},\"inLanguage\":\"pt-PT\",\"potentialAction\":[{\"@type\":\"ReadAction\",\"target\":[\"https:\\\/\\\/jornaldasoficinas.com\\\/pt\\\/cromax-acompanha-as-ultimas-tendencias-de-cores\\\/\"]}]},{\"@type\":\"ImageObject\",\"inLanguage\":\"pt-PT\",\"@id\":\"https:\\\/\\\/jornaldasoficinas.com\\\/pt\\\/cromax-acompanha-as-ultimas-tendencias-de-cores\\\/#primaryimage\",\"url\":\"https:\\\/\\\/jornaldasoficinas.com\\\/pt\\\/wp-content\\\/uploads\\\/2020\\\/09\\\/Cromax-acompanha.jpg\",\"contentUrl\":\"https:\\\/\\\/jornaldasoficinas.com\\\/pt\\\/wp-content\\\/uploads\\\/2020\\\/09\\\/Cromax-acompanha.jpg\",\"width\":1024,\"height\":581,\"caption\":\"09 - Cromax-acompanha\"},{\"@type\":\"BreadcrumbList\",\"@id\":\"https:\\\/\\\/jornaldasoficinas.com\\\/pt\\\/cromax-acompanha-as-ultimas-tendencias-de-cores\\\/#breadcrumb\",\"itemListElement\":[{\"@type\":\"ListItem\",\"position\":1,\"name\":\"In\u00edcio\",\"item\":\"https:\\\/\\\/jornaldasoficinas.com\\\/pt\\\/\"},{\"@type\":\"ListItem\",\"position\":2,\"name\":\"Cromax acompanha as \u00faltimas tend\u00eancias de cores\"}]},{\"@type\":\"WebSite\",\"@id\":\"https:\\\/\\\/jornaldasoficinas.com\\\/pt\\\/#website\",\"url\":\"https:\\\/\\\/jornaldasoficinas.com\\\/pt\\\/\",\"name\":\"Jornal das Oficinas\",\"description\":\"Jornal independente do Aftermarket Autom\u00f3vel em Portugal\",\"publisher\":{\"@id\":\"https:\\\/\\\/jornaldasoficinas.com\\\/pt\\\/#organization\"},\"potentialAction\":[{\"@type\":\"SearchAction\",\"target\":{\"@type\":\"EntryPoint\",\"urlTemplate\":\"https:\\\/\\\/jornaldasoficinas.com\\\/pt\\\/?s={search_term_string}\"},\"query-input\":{\"@type\":\"PropertyValueSpecification\",\"valueRequired\":true,\"valueName\":\"search_term_string\"}}],\"inLanguage\":\"pt-PT\"},{\"@type\":\"Organization\",\"@id\":\"https:\\\/\\\/jornaldasoficinas.com\\\/pt\\\/#organization\",\"name\":\"Jornal das Oficinas\",\"url\":\"https:\\\/\\\/jornaldasoficinas.com\\\/pt\\\/\",\"logo\":{\"@type\":\"ImageObject\",\"inLanguage\":\"pt-PT\",\"@id\":\"https:\\\/\\\/jornaldasoficinas.com\\\/pt\\\/#\\\/schema\\\/logo\\\/image\\\/\",\"url\":\"https:\\\/\\\/jornaldasoficinas.com\\\/pt\\\/wp-content\\\/uploads\\\/logoJO-SEO.png\",\"contentUrl\":\"https:\\\/\\\/jornaldasoficinas.com\\\/pt\\\/wp-content\\\/uploads\\\/logoJO-SEO.png\",\"width\":285,\"height\":450,\"caption\":\"Jornal das Oficinas\"},\"image\":{\"@id\":\"https:\\\/\\\/jornaldasoficinas.com\\\/pt\\\/#\\\/schema\\\/logo\\\/image\\\/\"},\"sameAs\":[\"https:\\\/\\\/www.facebook.com\\\/jornaloficinas\",\"https:\\\/\\\/x.com\\\/jornaloficinas\",\"https:\\\/\\\/www.instagram.com\\\/jornal_oficinas\\\/\",\"https:\\\/\\\/www.linkedin.com\\\/company\\\/jornal-das-oficinas\\\/\",\"https:\\\/\\\/www.youtube.com\\\/channel\\\/UCbQZBqtcvV-oSQrr7RzINGg\"]},{\"@type\":\"Person\",\"@id\":\"https:\\\/\\\/jornaldasoficinas.com\\\/pt\\\/#\\\/schema\\\/person\\\/a38eef5de2c41d9e7c9ac10141afddf3\",\"name\":\"Reda\u00e7\u00e3o JO\",\"image\":{\"@type\":\"ImageObject\",\"inLanguage\":\"pt-PT\",\"@id\":\"https:\\\/\\\/secure.gravatar.com\\\/avatar\\\/71f2fa71737ad68a84fea94bc708ddac8ea5b0c4788dc2ad202f3ccb2887742f?s=96&d=wp_user_avatar&r=g\",\"url\":\"https:\\\/\\\/secure.gravatar.com\\\/avatar\\\/71f2fa71737ad68a84fea94bc708ddac8ea5b0c4788dc2ad202f3ccb2887742f?s=96&d=wp_user_avatar&r=g\",\"contentUrl\":\"https:\\\/\\\/secure.gravatar.com\\\/avatar\\\/71f2fa71737ad68a84fea94bc708ddac8ea5b0c4788dc2ad202f3ccb2887742f?s=96&d=wp_user_avatar&r=g\",\"caption\":\"Reda\u00e7\u00e3o JO\"},\"url\":\"https:\\\/\\\/jornaldasoficinas.com\\\/pt\\\/author\\\/joredacao\\\/\"}]}<\/script>\n<!-- \/ Yoast SEO plugin. -->","yoast_head_json":{"title":"Cromax acompanha as \u00faltimas tend\u00eancias de cores - Jornal das Oficinas","robots":{"index":"index","follow":"follow","max-snippet":"max-snippet:-1","max-image-preview":"max-image-preview:large","max-video-preview":"max-video-preview:-1"},"canonical":"https:\/\/jornaldasoficinas.com\/pt\/cromax-acompanha-as-ultimas-tendencias-de-cores\/","og_locale":"pt_PT","og_type":"article","og_title":"Cromax acompanha as \u00faltimas tend\u00eancias de cores - Jornal das Oficinas","og_description":"De acordo com a produ\u00e7\u00e3o dos...","og_url":"https:\/\/jornaldasoficinas.com\/pt\/cromax-acompanha-as-ultimas-tendencias-de-cores\/","og_site_name":"Jornal das Oficinas","article_publisher":"https:\/\/www.facebook.com\/jornaloficinas","article_published_time":"2020-09-28T11:00:22+00:00","og_image":[{"width":1024,"height":581,"url":"https:\/\/jornaldasoficinas.com\/pt\/wp-content\/uploads\/2020\/09\/Cromax-acompanha.jpg","type":"image\/jpeg"}],"author":"Reda\u00e7\u00e3o JO","twitter_card":"summary_large_image","twitter_creator":"@jornaloficinas","twitter_site":"@jornaloficinas","twitter_misc":{"Escrito por":"Reda\u00e7\u00e3o JO","Tempo estimado de leitura":"3 minutos"},"schema":{"@context":"https:\/\/schema.org","@graph":[{"@type":"Article","@id":"https:\/\/jornaldasoficinas.com\/pt\/cromax-acompanha-as-ultimas-tendencias-de-cores\/#article","isPartOf":{"@id":"https:\/\/jornaldasoficinas.com\/pt\/cromax-acompanha-as-ultimas-tendencias-de-cores\/"},"author":{"name":"Reda\u00e7\u00e3o JO","@id":"https:\/\/jornaldasoficinas.com\/pt\/#\/schema\/person\/a38eef5de2c41d9e7c9ac10141afddf3"},"headline":"Cromax acompanha as \u00faltimas tend\u00eancias de cores","datePublished":"2020-09-28T11:00:22+00:00","mainEntityOfPage":{"@id":"https:\/\/jornaldasoficinas.com\/pt\/cromax-acompanha-as-ultimas-tendencias-de-cores\/"},"wordCount":564,"publisher":{"@id":"https:\/\/jornaldasoficinas.com\/pt\/#organization"},"image":{"@id":"https:\/\/jornaldasoficinas.com\/pt\/cromax-acompanha-as-ultimas-tendencias-de-cores\/#primaryimage"},"thumbnailUrl":"https:\/\/jornaldasoficinas.com\/pt\/wp-content\/uploads\/2020\/09\/Cromax-acompanha.jpg","keywords":["Cromax"],"articleSection":["Repintura"],"inLanguage":"pt-PT"},{"@type":"WebPage","@id":"https:\/\/jornaldasoficinas.com\/pt\/cromax-acompanha-as-ultimas-tendencias-de-cores\/","url":"https:\/\/jornaldasoficinas.com\/pt\/cromax-acompanha-as-ultimas-tendencias-de-cores\/","name":"Cromax acompanha as \u00faltimas tend\u00eancias de cores - Jornal das Oficinas","isPartOf":{"@id":"https:\/\/jornaldasoficinas.com\/pt\/#website"},"primaryImageOfPage":{"@id":"https:\/\/jornaldasoficinas.com\/pt\/cromax-acompanha-as-ultimas-tendencias-de-cores\/#primaryimage"},"image":{"@id":"https:\/\/jornaldasoficinas.com\/pt\/cromax-acompanha-as-ultimas-tendencias-de-cores\/#primaryimage"},"thumbnailUrl":"https:\/\/jornaldasoficinas.com\/pt\/wp-content\/uploads\/2020\/09\/Cromax-acompanha.jpg","datePublished":"2020-09-28T11:00:22+00:00","breadcrumb":{"@id":"https:\/\/jornaldasoficinas.com\/pt\/cromax-acompanha-as-ultimas-tendencias-de-cores\/#breadcrumb"},"inLanguage":"pt-PT","potentialAction":[{"@type":"ReadAction","target":["https:\/\/jornaldasoficinas.com\/pt\/cromax-acompanha-as-ultimas-tendencias-de-cores\/"]}]},{"@type":"ImageObject","inLanguage":"pt-PT","@id":"https:\/\/jornaldasoficinas.com\/pt\/cromax-acompanha-as-ultimas-tendencias-de-cores\/#primaryimage","url":"https:\/\/jornaldasoficinas.com\/pt\/wp-content\/uploads\/2020\/09\/Cromax-acompanha.jpg","contentUrl":"https:\/\/jornaldasoficinas.com\/pt\/wp-content\/uploads\/2020\/09\/Cromax-acompanha.jpg","width":1024,"height":581,"caption":"09 - Cromax-acompanha"},{"@type":"BreadcrumbList","@id":"https:\/\/jornaldasoficinas.com\/pt\/cromax-acompanha-as-ultimas-tendencias-de-cores\/#breadcrumb","itemListElement":[{"@type":"ListItem","position":1,"name":"In\u00edcio","item":"https:\/\/jornaldasoficinas.com\/pt\/"},{"@type":"ListItem","position":2,"name":"Cromax acompanha as \u00faltimas tend\u00eancias de cores"}]},{"@type":"WebSite","@id":"https:\/\/jornaldasoficinas.com\/pt\/#website","url":"https:\/\/jornaldasoficinas.com\/pt\/","name":"Jornal das Oficinas","description":"Jornal independente do Aftermarket Autom\u00f3vel em Portugal","publisher":{"@id":"https:\/\/jornaldasoficinas.com\/pt\/#organization"},"potentialAction":[{"@type":"SearchAction","target":{"@type":"EntryPoint","urlTemplate":"https:\/\/jornaldasoficinas.com\/pt\/?s={search_term_string}"},"query-input":{"@type":"PropertyValueSpecification","valueRequired":true,"valueName":"search_term_string"}}],"inLanguage":"pt-PT"},{"@type":"Organization","@id":"https:\/\/jornaldasoficinas.com\/pt\/#organization","name":"Jornal das Oficinas","url":"https:\/\/jornaldasoficinas.com\/pt\/","logo":{"@type":"ImageObject","inLanguage":"pt-PT","@id":"https:\/\/jornaldasoficinas.com\/pt\/#\/schema\/logo\/image\/","url":"https:\/\/jornaldasoficinas.com\/pt\/wp-content\/uploads\/logoJO-SEO.png","contentUrl":"https:\/\/jornaldasoficinas.com\/pt\/wp-content\/uploads\/logoJO-SEO.png","width":285,"height":450,"caption":"Jornal das Oficinas"},"image":{"@id":"https:\/\/jornaldasoficinas.com\/pt\/#\/schema\/logo\/image\/"},"sameAs":["https:\/\/www.facebook.com\/jornaloficinas","https:\/\/x.com\/jornaloficinas","https:\/\/www.instagram.com\/jornal_oficinas\/","https:\/\/www.linkedin.com\/company\/jornal-das-oficinas\/","https:\/\/www.youtube.com\/channel\/UCbQZBqtcvV-oSQrr7RzINGg"]},{"@type":"Person","@id":"https:\/\/jornaldasoficinas.com\/pt\/#\/schema\/person\/a38eef5de2c41d9e7c9ac10141afddf3","name":"Reda\u00e7\u00e3o JO","image":{"@type":"ImageObject","inLanguage":"pt-PT","@id":"https:\/\/secure.gravatar.com\/avatar\/71f2fa71737ad68a84fea94bc708ddac8ea5b0c4788dc2ad202f3ccb2887742f?s=96&d=wp_user_avatar&r=g","url":"https:\/\/secure.gravatar.com\/avatar\/71f2fa71737ad68a84fea94bc708ddac8ea5b0c4788dc2ad202f3ccb2887742f?s=96&d=wp_user_avatar&r=g","contentUrl":"https:\/\/secure.gravatar.com\/avatar\/71f2fa71737ad68a84fea94bc708ddac8ea5b0c4788dc2ad202f3ccb2887742f?s=96&d=wp_user_avatar&r=g","caption":"Reda\u00e7\u00e3o JO"},"url":"https:\/\/jornaldasoficinas.com\/pt\/author\/joredacao\/"}]}},"_links":{"self":[{"href":"https:\/\/jornaldasoficinas.com\/pt\/wp-json\/wp\/v2\/posts\/16054","targetHints":{"allow":["GET"]}}],"collection":[{"href":"https:\/\/jornaldasoficinas.com\/pt\/wp-json\/wp\/v2\/posts"}],"about":[{"href":"https:\/\/jornaldasoficinas.com\/pt\/wp-json\/wp\/v2\/types\/post"}],"author":[{"embeddable":true,"href":"https:\/\/jornaldasoficinas.com\/pt\/wp-json\/wp\/v2\/users\/15"}],"replies":[{"embeddable":true,"href":"https:\/\/jornaldasoficinas.com\/pt\/wp-json\/wp\/v2\/comments?post=16054"}],"version-history":[{"count":0,"href":"https:\/\/jornaldasoficinas.com\/pt\/wp-json\/wp\/v2\/posts\/16054\/revisions"}],"wp:featuredmedia":[{"embeddable":true,"href":"https:\/\/jornaldasoficinas.com\/pt\/wp-json\/wp\/v2\/media\/16040"}],"wp:attachment":[{"href":"https:\/\/jornaldasoficinas.com\/pt\/wp-json\/wp\/v2\/media?parent=16054"}],"wp:term":[{"taxonomy":"category","embeddable":true,"href":"https:\/\/jornaldasoficinas.com\/pt\/wp-json\/wp\/v2\/categories?post=16054"},{"taxonomy":"post_tag","embeddable":true,"href":"https:\/\/jornaldasoficinas.com\/pt\/wp-json\/wp\/v2\/tags?post=16054"}],"curies":[{"name":"wp","href":"https:\/\/api.w.org\/{rel}","templated":true}]}}