{"id":16081,"date":"2020-09-30T11:55:43","date_gmt":"2020-09-30T10:55:43","guid":{"rendered":"https:\/\/jornaldasoficinas.com\/pt\/?p=16081"},"modified":"2020-09-30T11:55:43","modified_gmt":"2020-09-30T10:55:43","slug":"alvaro-de-sousa-borrego-completa-43-anos-parabens","status":"publish","type":"post","link":"https:\/\/jornaldasoficinas.com\/pt\/alvaro-de-sousa-borrego-completa-43-anos-parabens\/","title":{"rendered":"\u00c1lvaro de Sousa Borrego completa 43 anos. Parab\u00e9ns!"},"content":{"rendered":"<p><strong><img loading=\"lazy\" decoding=\"async\" class=\"alignnone wp-image-16083 size-full\" src=\"https:\/\/jornaldasoficinas.com\/pt\/wp-content\/uploads\/2020\/A\u0301lvaro-de-Sousa-Borrego.jpg\" alt=\"2020 - A\u0301lvaro-de-Sousa-Borrego\" width=\"1024\" height=\"581\" srcset=\"https:\/\/jornaldasoficinas.com\/pt\/wp-content\/uploads\/2020\/A\u0301lvaro-de-Sousa-Borrego.jpg 1024w, https:\/\/jornaldasoficinas.com\/pt\/wp-content\/uploads\/2020\/A\u0301lvaro-de-Sousa-Borrego-300x170.jpg 300w, https:\/\/jornaldasoficinas.com\/pt\/wp-content\/uploads\/2020\/A\u0301lvaro-de-Sousa-Borrego-150x85.jpg 150w, https:\/\/jornaldasoficinas.com\/pt\/wp-content\/uploads\/2020\/A\u0301lvaro-de-Sousa-Borrego-768x436.jpg 768w\" sizes=\"auto, (max-width: 1024px) 100vw, 1024px\" \/><\/strong><\/p>\n<p><strong>Foi a 01 de outubro de 1977 que nasceu a \u00c1lvaro de Sousa Borrego S.A. dedicada \u00e0 comercializa\u00e7\u00e3o de tintas e consum\u00edveis para a repintura autom\u00f3vel.<\/strong><\/p>\n<p>Sobre esta efem\u00e9ride, \u00c1lvaro de Sousa, administrador, comentou:<\/p>\n<p>\u201cQuando me foi solicitado dizer umas palavras sobre os 43 anos da ASB, foi f\u00e1cil, parei e deixei o meu cora\u00e7\u00e3o falar. O in\u00edcio do neg\u00f3cio reporta a 1965 com o meu pai, \u00c1lvaro Sousa Borrego, no fabrico de boinas em pele de borrego para polir a pintura do autom\u00f3vel. Doze anos mais tarde nasceu a ASB ent\u00e3o dedicada \u00e0 comercializa\u00e7\u00e3o de tintas para repintura autom\u00f3vel, como a conhecemos hoje.<\/p>\n<p>A equipa ASB desde sempre trabalhou com paix\u00e3o para servir o cliente com a melhor qualidade. Fico muito orgulhoso em olhar para estes 43 anos de batalha, uns tempos mais pr\u00f3speros e outros mais desafiantes, e ver que h\u00e1 pessoas, equipa e clientes, que nunca viraram costas e sempre se mantiveram ao lado da nossa empresa.<\/p>\n<p>Todos os dias eu e a nossa equipa, lutamos com Alma para construir o presente e o futuro da ASB\u201d, referiu o administrador \u00c1lvaro de Sousa Borrego.<\/p>\n<div class=\"wonderplugingallery-container\" id=\"wonderplugingallery-container-26\" style=\"max-width:960px;margin:0 auto;\"><div class=\"wonderplugingallery\" id=\"wonderplugingallery-26\" data-galleryid=\"26\" data-width=\"960\" data-height=\"540\" data-skin=\"gallery\" data-playsinline=\"false\" data-mutevideo=\"false\" data-random=\"false\" data-autoslide=\"false\" data-autoplayvideo=\"false\" data-schemamarkup=\"false\" data-stopallplaying=\"false\" data-reloadonvideoend=\"false\" data-donotuseposter=\"false\" data-enabletabindex=\"false\" data-loadnextonvideoend=\"false\" data-hidetitlewhenvideoisplaying=\"false\" data-disablehovereventontouch=\"false\" data-autoslideandplayafterfirstplayed=\"false\" data-html5player=\"true\" data-responsive=\"true\" data-fullwidth=\"false\" data-showtitle=\"true\" data-showdescription=\"true\" data-showplaybutton=\"true\" data-showfullscreenbutton=\"true\" data-showtimer=\"true\" data-showcarousel=\"true\" data-galleryshadow=\"false\" data-slideshadow=\"true\" data-thumbshowtitle=\"false\" data-thumbshadow=\"true\" data-lightboxshowtitle=\"true\" data-lightboxshowdescription=\"true\" data-specifyid=\"true\" data-donotinit=\"false\" data-addinitscript=\"false\" data-triggerresize=\"false\" data-thumbcolumnsresponsive=\"false\" data-thumbverticalmiddle=\"true\" data-removeinlinecss=\"true\" data-switchonmouseover=\"false\" data-showimgtitle=\"false\" data-titlesmallscreen=\"false\" data-initsocial=\"true\" data-showsocial=\"false\" data-showemail=\"false\" data-showfacebook=\"true\" data-showtwitter=\"true\" data-showpinterest=\"true\" data-socialrotateeffect=\"true\" data-doshortcodeontext=\"false\" data-loop=\"0\" data-duration=\"1500\" data-slideduration=\"1000\" data-slideshowinterval=\"6000\" data-googleanalyticsaccount=\"\" data-resizemode=\"fill\" data-imagetoolboxmode=\"mouseover\" data-effect=\"fade\" data-padding=\"12\" data-bgcolor=\"\" data-bgimage=\"\" data-thumbwidth=\"120\" data-thumbheight=\"60\" data-thumbgap=\"8\" data-thumbrowgap=\"16\" data-lightboxtextheight=\"72\" data-lightboxtitlecss=\"{color:#333333; font:bold 12px Arial,Helvetica,sans-serif; overflow:hidden; white-space:normal; line-height:18px;}\" data-lightboxdescriptioncss=\"{color:#333333; font:normal 12px Arial,Helvetica,sans-serif; overflow:hidden; white-space:normal; line-height:14px;}\" data-titlecss=\"{color:#ffffff; font-size:14px; font-family:Armata, sans-serif, Arial; overflow:hidden; text-align:left; padding:10px 0px 10px 10px; background:rgb(102, 102, 102) transparent; background:rgba(102, 102, 102, 0.6);}\" data-descriptioncss=\"{color:#ffffff; font-size:13px; font-family:Armata, sans-serif, Arial; overflow:hidden; text-align:left; padding:0px 0px 10px 10px; background:rgb(102, 102, 102) transparent; background:rgba(102, 102, 102, 0.6);}\" data-titleheight=\"72\" data-titlesmallscreenwidth=\"640\" data-titleheightsmallscreen=\"148\" data-socialmode=\"mouseover\" data-socialposition=\"position:absolute;top:8px;right:8px;\" data-socialpositionlightbox=\"position:absolute;top:8px;right:8px;\" data-socialdirection=\"horizontal\" data-socialbuttonsize=\"32\" data-socialbuttonfontsize=\"18\" data-defaultvideovolume=\"1\" data-thumbtitleheight=\"24\" data-thumbmediumtitleheight=\"48\" data-thumbsmalltitleheight=\"72\" data-triggerresizedelay=\"100\" data-thumbmediumsize=\"800\" data-thumbsmallsize=\"480\" data-thumbmediumwidth=\"64\" data-thumbmediumheight=\"64\" data-thumbsmallwidth=\"48\" data-thumbsmallheight=\"48\" data-imgtitle=\"title\" data-jsfolder=\"https:\/\/jornaldasoficinas.com\/pt\/wp-content\/plugins\/wonderplugin-gallery\/engine\/\" style=\"display:none;\" ><a class=\"html5galleryimglink\" href=\"https:\/\/jornaldasoficinas.com\/pt\/wp-content\/uploads\/2020\/09\/Alvaro_de_Sousa_Borrego\/ASB-O-ini\u0301cio-1965-1024x480.jpg\" data-mediatype=1><img decoding=\"async\" class=\"html5galleryimg html5gallery-tn-image\" src=\"https:\/\/jornaldasoficinas.com\/pt\/wp-content\/uploads\/2020\/09\/Alvaro_de_Sousa_Borrego\/ASB-O-ini\u0301cio-1965-1024x480.jpg\" alt=\"\"><\/a><div class=\"html5gallery-info\"><\/div><a class=\"html5galleryimglink\" href=\"https:\/\/jornaldasoficinas.com\/pt\/wp-content\/uploads\/2020\/09\/Alvaro_de_Sousa_Borrego\/ASB-O-ini\u0301cio-1965-130x90.jpg\" data-mediatype=1><img decoding=\"async\" class=\"html5galleryimg html5gallery-tn-image\" src=\"https:\/\/jornaldasoficinas.com\/pt\/wp-content\/uploads\/2020\/09\/Alvaro_de_Sousa_Borrego\/ASB-O-ini\u0301cio-1965-130x90.jpg\" alt=\"\"><\/a><div class=\"html5gallery-info\"><\/div><a class=\"html5galleryimglink\" href=\"https:\/\/jornaldasoficinas.com\/pt\/wp-content\/uploads\/2020\/09\/Alvaro_de_Sousa_Borrego\/ASB-O-ini\u0301cio-1965-150x150.jpg\" data-mediatype=1><img decoding=\"async\" class=\"html5galleryimg html5gallery-tn-image\" src=\"https:\/\/jornaldasoficinas.com\/pt\/wp-content\/uploads\/2020\/09\/Alvaro_de_Sousa_Borrego\/ASB-O-ini\u0301cio-1965-150x150.jpg\" alt=\"\"><\/a><div class=\"html5gallery-info\"><\/div><a class=\"html5galleryimglink\" href=\"https:\/\/jornaldasoficinas.com\/pt\/wp-content\/uploads\/2020\/09\/Alvaro_de_Sousa_Borrego\/ASB-O-ini\u0301cio-1965-150x85.jpg\" data-mediatype=1><img decoding=\"async\" class=\"html5galleryimg html5gallery-tn-image\" src=\"https:\/\/jornaldasoficinas.com\/pt\/wp-content\/uploads\/2020\/09\/Alvaro_de_Sousa_Borrego\/ASB-O-ini\u0301cio-1965-150x85.jpg\" alt=\"\"><\/a><div class=\"html5gallery-info\"><\/div><a class=\"html5galleryimglink\" href=\"https:\/\/jornaldasoficinas.com\/pt\/wp-content\/uploads\/2020\/09\/Alvaro_de_Sousa_Borrego\/ASB-O-ini\u0301cio-1965-285x450.jpg\" data-mediatype=1><img decoding=\"async\" class=\"html5galleryimg html5gallery-tn-image\" src=\"https:\/\/jornaldasoficinas.com\/pt\/wp-content\/uploads\/2020\/09\/Alvaro_de_Sousa_Borrego\/ASB-O-ini\u0301cio-1965-285x450.jpg\" alt=\"\"><\/a><div class=\"html5gallery-info\"><\/div><a class=\"html5galleryimglink\" href=\"https:\/\/jornaldasoficinas.com\/pt\/wp-content\/uploads\/2020\/09\/Alvaro_de_Sousa_Borrego\/ASB-O-ini\u0301cio-1965-300x170.jpg\" data-mediatype=1><img decoding=\"async\" class=\"html5galleryimg html5gallery-tn-image\" src=\"https:\/\/jornaldasoficinas.com\/pt\/wp-content\/uploads\/2020\/09\/Alvaro_de_Sousa_Borrego\/ASB-O-ini\u0301cio-1965-300x170.jpg\" alt=\"\"><\/a><div class=\"html5gallery-info\"><\/div><a class=\"html5galleryimglink\" href=\"https:\/\/jornaldasoficinas.com\/pt\/wp-content\/uploads\/2020\/09\/Alvaro_de_Sousa_Borrego\/ASB-O-ini\u0301cio-1965-390x205.jpg\" data-mediatype=1><img decoding=\"async\" class=\"html5galleryimg html5gallery-tn-image\" src=\"https:\/\/jornaldasoficinas.com\/pt\/wp-content\/uploads\/2020\/09\/Alvaro_de_Sousa_Borrego\/ASB-O-ini\u0301cio-1965-390x205.jpg\" alt=\"\"><\/a><div class=\"html5gallery-info\"><\/div><a class=\"html5galleryimglink\" href=\"https:\/\/jornaldasoficinas.com\/pt\/wp-content\/uploads\/2020\/09\/Alvaro_de_Sousa_Borrego\/ASB-O-ini\u0301cio-1965-392x272.jpg\" data-mediatype=1><img decoding=\"async\" class=\"html5galleryimg html5gallery-tn-image\" src=\"https:\/\/jornaldasoficinas.com\/pt\/wp-content\/uploads\/2020\/09\/Alvaro_de_Sousa_Borrego\/ASB-O-ini\u0301cio-1965-392x272.jpg\" alt=\"\"><\/a><div class=\"html5gallery-info\"><\/div><a class=\"html5galleryimglink\" href=\"https:\/\/jornaldasoficinas.com\/pt\/wp-content\/uploads\/2020\/09\/Alvaro_de_Sousa_Borrego\/ASB-O-ini\u0301cio-1965-575x198.jpg\" data-mediatype=1><img decoding=\"async\" class=\"html5galleryimg html5gallery-tn-image\" src=\"https:\/\/jornaldasoficinas.com\/pt\/wp-content\/uploads\/2020\/09\/Alvaro_de_Sousa_Borrego\/ASB-O-ini\u0301cio-1965-575x198.jpg\" alt=\"\"><\/a><div class=\"html5gallery-info\"><\/div><a class=\"html5galleryimglink\" href=\"https:\/\/jornaldasoficinas.com\/pt\/wp-content\/uploads\/2020\/09\/Alvaro_de_Sousa_Borrego\/ASB-O-ini\u0301cio-1965-600x417.jpg\" data-mediatype=1><img decoding=\"async\" class=\"html5galleryimg html5gallery-tn-image\" src=\"https:\/\/jornaldasoficinas.com\/pt\/wp-content\/uploads\/2020\/09\/Alvaro_de_Sousa_Borrego\/ASB-O-ini\u0301cio-1965-600x417.jpg\" alt=\"\"><\/a><div class=\"html5gallery-info\"><\/div><a class=\"html5galleryimglink\" href=\"https:\/\/jornaldasoficinas.com\/pt\/wp-content\/uploads\/2020\/09\/Alvaro_de_Sousa_Borrego\/ASB-O-ini\u0301cio-1965-768x436.jpg\" data-mediatype=1><img decoding=\"async\" class=\"html5galleryimg html5gallery-tn-image\" src=\"https:\/\/jornaldasoficinas.com\/pt\/wp-content\/uploads\/2020\/09\/Alvaro_de_Sousa_Borrego\/ASB-O-ini\u0301cio-1965-768x436.jpg\" alt=\"\"><\/a><div class=\"html5gallery-info\"><\/div><a class=\"html5galleryimglink\" href=\"https:\/\/jornaldasoficinas.com\/pt\/wp-content\/uploads\/2020\/09\/Alvaro_de_Sousa_Borrego\/ASB-O-ini\u0301cio-1965-800x445.jpg\" data-mediatype=1><img decoding=\"async\" class=\"html5galleryimg html5gallery-tn-image\" src=\"https:\/\/jornaldasoficinas.com\/pt\/wp-content\/uploads\/2020\/09\/Alvaro_de_Sousa_Borrego\/ASB-O-ini\u0301cio-1965-800x445.jpg\" alt=\"\"><\/a><div class=\"html5gallery-info\"><\/div><a class=\"html5galleryimglink\" href=\"https:\/\/jornaldasoficinas.com\/pt\/wp-content\/uploads\/2020\/09\/Alvaro_de_Sousa_Borrego\/ASB-O-ini\u0301cio-1965.jpg\" data-mediatype=1><img decoding=\"async\" class=\"html5galleryimg html5gallery-tn-image\" src=\"https:\/\/jornaldasoficinas.com\/pt\/wp-content\/uploads\/2020\/09\/Alvaro_de_Sousa_Borrego\/ASB-O-ini\u0301cio-1965.jpg\" alt=\"\"><\/a><div class=\"html5gallery-info\"><\/div><a class=\"html5galleryimglink\" href=\"https:\/\/jornaldasoficinas.com\/pt\/wp-content\/uploads\/2020\/09\/Alvaro_de_Sousa_Borrego\/Fotos-ASB-Distribuic\u0327a\u0303o-1024x480.png\" data-mediatype=1><img decoding=\"async\" class=\"html5galleryimg html5gallery-tn-image\" src=\"https:\/\/jornaldasoficinas.com\/pt\/wp-content\/uploads\/2020\/09\/Alvaro_de_Sousa_Borrego\/Fotos-ASB-Distribuic\u0327a\u0303o-1024x480.png\" alt=\"\"><\/a><div class=\"html5gallery-info\"><\/div><a class=\"html5galleryimglink\" href=\"https:\/\/jornaldasoficinas.com\/pt\/wp-content\/uploads\/2020\/09\/Alvaro_de_Sousa_Borrego\/Fotos-ASB-Distribuic\u0327a\u0303o-130x90.png\" data-mediatype=1><img decoding=\"async\" class=\"html5galleryimg html5gallery-tn-image\" src=\"https:\/\/jornaldasoficinas.com\/pt\/wp-content\/uploads\/2020\/09\/Alvaro_de_Sousa_Borrego\/Fotos-ASB-Distribuic\u0327a\u0303o-130x90.png\" alt=\"\"><\/a><div class=\"html5gallery-info\"><\/div><a class=\"html5galleryimglink\" href=\"https:\/\/jornaldasoficinas.com\/pt\/wp-content\/uploads\/2020\/09\/Alvaro_de_Sousa_Borrego\/Fotos-ASB-Distribuic\u0327a\u0303o-150x150.png\" data-mediatype=1><img decoding=\"async\" class=\"html5galleryimg html5gallery-tn-image\" src=\"https:\/\/jornaldasoficinas.com\/pt\/wp-content\/uploads\/2020\/09\/Alvaro_de_Sousa_Borrego\/Fotos-ASB-Distribuic\u0327a\u0303o-150x150.png\" alt=\"\"><\/a><div class=\"html5gallery-info\"><\/div><a class=\"html5galleryimglink\" href=\"https:\/\/jornaldasoficinas.com\/pt\/wp-content\/uploads\/2020\/09\/Alvaro_de_Sousa_Borrego\/Fotos-ASB-Distribuic\u0327a\u0303o-150x85.png\" data-mediatype=1><img decoding=\"async\" class=\"html5galleryimg html5gallery-tn-image\" src=\"https:\/\/jornaldasoficinas.com\/pt\/wp-content\/uploads\/2020\/09\/Alvaro_de_Sousa_Borrego\/Fotos-ASB-Distribuic\u0327a\u0303o-150x85.png\" alt=\"\"><\/a><div class=\"html5gallery-info\"><\/div><a class=\"html5galleryimglink\" href=\"https:\/\/jornaldasoficinas.com\/pt\/wp-content\/uploads\/2020\/09\/Alvaro_de_Sousa_Borrego\/Fotos-ASB-Distribuic\u0327a\u0303o-285x450.png\" data-mediatype=1><img decoding=\"async\" class=\"html5galleryimg html5gallery-tn-image\" src=\"https:\/\/jornaldasoficinas.com\/pt\/wp-content\/uploads\/2020\/09\/Alvaro_de_Sousa_Borrego\/Fotos-ASB-Distribuic\u0327a\u0303o-285x450.png\" alt=\"\"><\/a><div class=\"html5gallery-info\"><\/div><a class=\"html5galleryimglink\" href=\"https:\/\/jornaldasoficinas.com\/pt\/wp-content\/uploads\/2020\/09\/Alvaro_de_Sousa_Borrego\/Fotos-ASB-Distribuic\u0327a\u0303o-300x170.png\" data-mediatype=1><img decoding=\"async\" class=\"html5galleryimg html5gallery-tn-image\" src=\"https:\/\/jornaldasoficinas.com\/pt\/wp-content\/uploads\/2020\/09\/Alvaro_de_Sousa_Borrego\/Fotos-ASB-Distribuic\u0327a\u0303o-300x170.png\" alt=\"\"><\/a><div class=\"html5gallery-info\"><\/div><a class=\"html5galleryimglink\" href=\"https:\/\/jornaldasoficinas.com\/pt\/wp-content\/uploads\/2020\/09\/Alvaro_de_Sousa_Borrego\/Fotos-ASB-Distribuic\u0327a\u0303o-390x205.png\" data-mediatype=1><img decoding=\"async\" class=\"html5galleryimg html5gallery-tn-image\" src=\"https:\/\/jornaldasoficinas.com\/pt\/wp-content\/uploads\/2020\/09\/Alvaro_de_Sousa_Borrego\/Fotos-ASB-Distribuic\u0327a\u0303o-390x205.png\" alt=\"\"><\/a><div class=\"html5gallery-info\"><\/div><a class=\"html5galleryimglink\" href=\"https:\/\/jornaldasoficinas.com\/pt\/wp-content\/uploads\/2020\/09\/Alvaro_de_Sousa_Borrego\/Fotos-ASB-Distribuic\u0327a\u0303o-392x272.png\" data-mediatype=1><img decoding=\"async\" class=\"html5galleryimg html5gallery-tn-image\" src=\"https:\/\/jornaldasoficinas.com\/pt\/wp-content\/uploads\/2020\/09\/Alvaro_de_Sousa_Borrego\/Fotos-ASB-Distribuic\u0327a\u0303o-392x272.png\" alt=\"\"><\/a><div class=\"html5gallery-info\"><\/div><a class=\"html5galleryimglink\" href=\"https:\/\/jornaldasoficinas.com\/pt\/wp-content\/uploads\/2020\/09\/Alvaro_de_Sousa_Borrego\/Fotos-ASB-Distribuic\u0327a\u0303o-575x198.png\" data-mediatype=1><img decoding=\"async\" class=\"html5galleryimg html5gallery-tn-image\" src=\"https:\/\/jornaldasoficinas.com\/pt\/wp-content\/uploads\/2020\/09\/Alvaro_de_Sousa_Borrego\/Fotos-ASB-Distribuic\u0327a\u0303o-575x198.png\" alt=\"\"><\/a><div class=\"html5gallery-info\"><\/div><a class=\"html5galleryimglink\" href=\"https:\/\/jornaldasoficinas.com\/pt\/wp-content\/uploads\/2020\/09\/Alvaro_de_Sousa_Borrego\/Fotos-ASB-Distribuic\u0327a\u0303o-600x417.png\" data-mediatype=1><img decoding=\"async\" class=\"html5galleryimg html5gallery-tn-image\" src=\"https:\/\/jornaldasoficinas.com\/pt\/wp-content\/uploads\/2020\/09\/Alvaro_de_Sousa_Borrego\/Fotos-ASB-Distribuic\u0327a\u0303o-600x417.png\" alt=\"\"><\/a><div class=\"html5gallery-info\"><\/div><a class=\"html5galleryimglink\" href=\"https:\/\/jornaldasoficinas.com\/pt\/wp-content\/uploads\/2020\/09\/Alvaro_de_Sousa_Borrego\/Fotos-ASB-Distribuic\u0327a\u0303o-768x436.png\" data-mediatype=1><img decoding=\"async\" class=\"html5galleryimg html5gallery-tn-image\" src=\"https:\/\/jornaldasoficinas.com\/pt\/wp-content\/uploads\/2020\/09\/Alvaro_de_Sousa_Borrego\/Fotos-ASB-Distribuic\u0327a\u0303o-768x436.png\" alt=\"\"><\/a><div class=\"html5gallery-info\"><\/div><a class=\"html5galleryimglink\" href=\"https:\/\/jornaldasoficinas.com\/pt\/wp-content\/uploads\/2020\/09\/Alvaro_de_Sousa_Borrego\/Fotos-ASB-Distribuic\u0327a\u0303o-800x445.png\" data-mediatype=1><img decoding=\"async\" class=\"html5galleryimg html5gallery-tn-image\" src=\"https:\/\/jornaldasoficinas.com\/pt\/wp-content\/uploads\/2020\/09\/Alvaro_de_Sousa_Borrego\/Fotos-ASB-Distribuic\u0327a\u0303o-800x445.png\" alt=\"\"><\/a><div class=\"html5gallery-info\"><\/div><a class=\"html5galleryimglink\" href=\"https:\/\/jornaldasoficinas.com\/pt\/wp-content\/uploads\/2020\/09\/Alvaro_de_Sousa_Borrego\/Fotos-ASB-Distribuic\u0327a\u0303o.png\" data-mediatype=1><img decoding=\"async\" class=\"html5galleryimg html5gallery-tn-image\" src=\"https:\/\/jornaldasoficinas.com\/pt\/wp-content\/uploads\/2020\/09\/Alvaro_de_Sousa_Borrego\/Fotos-ASB-Distribuic\u0327a\u0303o.png\" alt=\"\"><\/a><div class=\"html5gallery-info\"><\/div><a class=\"html5galleryimglink\" href=\"https:\/\/jornaldasoficinas.com\/pt\/wp-content\/uploads\/2020\/09\/Alvaro_de_Sousa_Borrego\/Fotos-ASB-Sr.-A\u0301lvaro-Sousa-Borrego-1024x480.jpg\" data-mediatype=1><img decoding=\"async\" class=\"html5galleryimg html5gallery-tn-image\" src=\"https:\/\/jornaldasoficinas.com\/pt\/wp-content\/uploads\/2020\/09\/Alvaro_de_Sousa_Borrego\/Fotos-ASB-Sr.-A\u0301lvaro-Sousa-Borrego-1024x480.jpg\" alt=\"\"><\/a><div class=\"html5gallery-info\"><\/div><a class=\"html5galleryimglink\" href=\"https:\/\/jornaldasoficinas.com\/pt\/wp-content\/uploads\/2020\/09\/Alvaro_de_Sousa_Borrego\/Fotos-ASB-Sr.-A\u0301lvaro-Sousa-Borrego-130x90.jpg\" data-mediatype=1><img decoding=\"async\" class=\"html5galleryimg html5gallery-tn-image\" src=\"https:\/\/jornaldasoficinas.com\/pt\/wp-content\/uploads\/2020\/09\/Alvaro_de_Sousa_Borrego\/Fotos-ASB-Sr.-A\u0301lvaro-Sousa-Borrego-130x90.jpg\" alt=\"\"><\/a><div class=\"html5gallery-info\"><\/div><a class=\"html5galleryimglink\" href=\"https:\/\/jornaldasoficinas.com\/pt\/wp-content\/uploads\/2020\/09\/Alvaro_de_Sousa_Borrego\/Fotos-ASB-Sr.-A\u0301lvaro-Sousa-Borrego-150x150.jpg\" data-mediatype=1><img decoding=\"async\" class=\"html5galleryimg html5gallery-tn-image\" src=\"https:\/\/jornaldasoficinas.com\/pt\/wp-content\/uploads\/2020\/09\/Alvaro_de_Sousa_Borrego\/Fotos-ASB-Sr.-A\u0301lvaro-Sousa-Borrego-150x150.jpg\" alt=\"\"><\/a><div class=\"html5gallery-info\"><\/div><a class=\"html5galleryimglink\" href=\"https:\/\/jornaldasoficinas.com\/pt\/wp-content\/uploads\/2020\/09\/Alvaro_de_Sousa_Borrego\/Fotos-ASB-Sr.-A\u0301lvaro-Sousa-Borrego-150x85.jpg\" data-mediatype=1><img decoding=\"async\" class=\"html5galleryimg html5gallery-tn-image\" src=\"https:\/\/jornaldasoficinas.com\/pt\/wp-content\/uploads\/2020\/09\/Alvaro_de_Sousa_Borrego\/Fotos-ASB-Sr.-A\u0301lvaro-Sousa-Borrego-150x85.jpg\" alt=\"\"><\/a><div class=\"html5gallery-info\"><\/div><a class=\"html5galleryimglink\" href=\"https:\/\/jornaldasoficinas.com\/pt\/wp-content\/uploads\/2020\/09\/Alvaro_de_Sousa_Borrego\/Fotos-ASB-Sr.-A\u0301lvaro-Sousa-Borrego-285x450.jpg\" data-mediatype=1><img decoding=\"async\" class=\"html5galleryimg html5gallery-tn-image\" src=\"https:\/\/jornaldasoficinas.com\/pt\/wp-content\/uploads\/2020\/09\/Alvaro_de_Sousa_Borrego\/Fotos-ASB-Sr.-A\u0301lvaro-Sousa-Borrego-285x450.jpg\" alt=\"\"><\/a><div class=\"html5gallery-info\"><\/div><a class=\"html5galleryimglink\" href=\"https:\/\/jornaldasoficinas.com\/pt\/wp-content\/uploads\/2020\/09\/Alvaro_de_Sousa_Borrego\/Fotos-ASB-Sr.-A\u0301lvaro-Sousa-Borrego-300x170.jpg\" data-mediatype=1><img decoding=\"async\" class=\"html5galleryimg html5gallery-tn-image\" src=\"https:\/\/jornaldasoficinas.com\/pt\/wp-content\/uploads\/2020\/09\/Alvaro_de_Sousa_Borrego\/Fotos-ASB-Sr.-A\u0301lvaro-Sousa-Borrego-300x170.jpg\" alt=\"\"><\/a><div class=\"html5gallery-info\"><\/div><a class=\"html5galleryimglink\" href=\"https:\/\/jornaldasoficinas.com\/pt\/wp-content\/uploads\/2020\/09\/Alvaro_de_Sousa_Borrego\/Fotos-ASB-Sr.-A\u0301lvaro-Sousa-Borrego-390x205.jpg\" data-mediatype=1><img decoding=\"async\" class=\"html5galleryimg html5gallery-tn-image\" src=\"https:\/\/jornaldasoficinas.com\/pt\/wp-content\/uploads\/2020\/09\/Alvaro_de_Sousa_Borrego\/Fotos-ASB-Sr.-A\u0301lvaro-Sousa-Borrego-390x205.jpg\" alt=\"\"><\/a><div class=\"html5gallery-info\"><\/div><a class=\"html5galleryimglink\" href=\"https:\/\/jornaldasoficinas.com\/pt\/wp-content\/uploads\/2020\/09\/Alvaro_de_Sousa_Borrego\/Fotos-ASB-Sr.-A\u0301lvaro-Sousa-Borrego-392x272.jpg\" data-mediatype=1><img decoding=\"async\" class=\"html5galleryimg html5gallery-tn-image\" src=\"https:\/\/jornaldasoficinas.com\/pt\/wp-content\/uploads\/2020\/09\/Alvaro_de_Sousa_Borrego\/Fotos-ASB-Sr.-A\u0301lvaro-Sousa-Borrego-392x272.jpg\" alt=\"\"><\/a><div class=\"html5gallery-info\"><\/div><a class=\"html5galleryimglink\" href=\"https:\/\/jornaldasoficinas.com\/pt\/wp-content\/uploads\/2020\/09\/Alvaro_de_Sousa_Borrego\/Fotos-ASB-Sr.-A\u0301lvaro-Sousa-Borrego-575x198.jpg\" data-mediatype=1><img decoding=\"async\" class=\"html5galleryimg html5gallery-tn-image\" src=\"https:\/\/jornaldasoficinas.com\/pt\/wp-content\/uploads\/2020\/09\/Alvaro_de_Sousa_Borrego\/Fotos-ASB-Sr.-A\u0301lvaro-Sousa-Borrego-575x198.jpg\" alt=\"\"><\/a><div class=\"html5gallery-info\"><\/div><a class=\"html5galleryimglink\" href=\"https:\/\/jornaldasoficinas.com\/pt\/wp-content\/uploads\/2020\/09\/Alvaro_de_Sousa_Borrego\/Fotos-ASB-Sr.-A\u0301lvaro-Sousa-Borrego-600x417.jpg\" data-mediatype=1><img decoding=\"async\" class=\"html5galleryimg html5gallery-tn-image\" src=\"https:\/\/jornaldasoficinas.com\/pt\/wp-content\/uploads\/2020\/09\/Alvaro_de_Sousa_Borrego\/Fotos-ASB-Sr.-A\u0301lvaro-Sousa-Borrego-600x417.jpg\" alt=\"\"><\/a><div class=\"html5gallery-info\"><\/div><a class=\"html5galleryimglink\" href=\"https:\/\/jornaldasoficinas.com\/pt\/wp-content\/uploads\/2020\/09\/Alvaro_de_Sousa_Borrego\/Fotos-ASB-Sr.-A\u0301lvaro-Sousa-Borrego-768x436.jpg\" data-mediatype=1><img decoding=\"async\" class=\"html5galleryimg html5gallery-tn-image\" src=\"https:\/\/jornaldasoficinas.com\/pt\/wp-content\/uploads\/2020\/09\/Alvaro_de_Sousa_Borrego\/Fotos-ASB-Sr.-A\u0301lvaro-Sousa-Borrego-768x436.jpg\" alt=\"\"><\/a><div class=\"html5gallery-info\"><\/div><a class=\"html5galleryimglink\" href=\"https:\/\/jornaldasoficinas.com\/pt\/wp-content\/uploads\/2020\/09\/Alvaro_de_Sousa_Borrego\/Fotos-ASB-Sr.-A\u0301lvaro-Sousa-Borrego-800x445.jpg\" data-mediatype=1><img decoding=\"async\" class=\"html5galleryimg html5gallery-tn-image\" src=\"https:\/\/jornaldasoficinas.com\/pt\/wp-content\/uploads\/2020\/09\/Alvaro_de_Sousa_Borrego\/Fotos-ASB-Sr.-A\u0301lvaro-Sousa-Borrego-800x445.jpg\" alt=\"\"><\/a><div class=\"html5gallery-info\"><\/div><a class=\"html5galleryimglink\" href=\"https:\/\/jornaldasoficinas.com\/pt\/wp-content\/uploads\/2020\/09\/Alvaro_de_Sousa_Borrego\/Fotos-ASB-Sr.-A\u0301lvaro-Sousa-Borrego.jpg\" data-mediatype=1><img decoding=\"async\" class=\"html5galleryimg html5gallery-tn-image\" src=\"https:\/\/jornaldasoficinas.com\/pt\/wp-content\/uploads\/2020\/09\/Alvaro_de_Sousa_Borrego\/Fotos-ASB-Sr.-A\u0301lvaro-Sousa-Borrego.jpg\" alt=\"\"><\/a><div class=\"html5gallery-info\"><\/div><\/div><\/div>\n","protected":false},"excerpt":{"rendered":"<p>Foi a 01 de outubro de&#8230;<\/p>\n","protected":false},"author":15,"featured_media":16083,"comment_status":"closed","ping_status":"closed","sticky":false,"template":"","format":"standard","meta":{"footnotes":""},"categories":[29],"tags":[306,477],"class_list":["post-16081","post","type-post","status-publish","format-standard","has-post-thumbnail","hentry","category-empresas","tag-abs","tag-alvaro-de-sousa-borrego"],"yoast_head":"<!-- This site is optimized with the Yoast SEO plugin v27.4 - https:\/\/yoast.com\/product\/yoast-seo-wordpress\/ -->\n<title>\u00c1lvaro de Sousa Borrego completa 43 anos. Parab\u00e9ns! - Jornal das Oficinas<\/title>\n<meta name=\"robots\" content=\"index, follow, max-snippet:-1, max-image-preview:large, max-video-preview:-1\" \/>\n<link rel=\"canonical\" href=\"https:\/\/jornaldasoficinas.com\/pt\/alvaro-de-sousa-borrego-completa-43-anos-parabens\/\" \/>\n<meta property=\"og:locale\" content=\"pt_PT\" \/>\n<meta property=\"og:type\" content=\"article\" \/>\n<meta property=\"og:title\" content=\"\u00c1lvaro de Sousa Borrego completa 43 anos. Parab\u00e9ns! - Jornal das Oficinas\" \/>\n<meta property=\"og:description\" content=\"Foi a 01 de outubro de...\" \/>\n<meta property=\"og:url\" content=\"https:\/\/jornaldasoficinas.com\/pt\/alvaro-de-sousa-borrego-completa-43-anos-parabens\/\" \/>\n<meta property=\"og:site_name\" content=\"Jornal das Oficinas\" \/>\n<meta property=\"article:publisher\" content=\"https:\/\/www.facebook.com\/jornaloficinas\" \/>\n<meta property=\"article:published_time\" content=\"2020-09-30T10:55:43+00:00\" \/>\n<meta property=\"og:image\" content=\"https:\/\/jornaldasoficinas.com\/pt\/wp-content\/uploads\/2020\/A\u0301lvaro-de-Sousa-Borrego.jpg\" \/>\n\t<meta property=\"og:image:width\" content=\"1024\" \/>\n\t<meta property=\"og:image:height\" content=\"581\" \/>\n\t<meta property=\"og:image:type\" content=\"image\/jpeg\" \/>\n<meta name=\"author\" content=\"Reda\u00e7\u00e3o JO\" \/>\n<meta name=\"twitter:card\" content=\"summary_large_image\" \/>\n<meta name=\"twitter:creator\" content=\"@jornaloficinas\" \/>\n<meta name=\"twitter:site\" content=\"@jornaloficinas\" \/>\n<meta name=\"twitter:label1\" content=\"Escrito por\" \/>\n\t<meta name=\"twitter:data1\" content=\"Reda\u00e7\u00e3o JO\" \/>\n\t<meta name=\"twitter:label2\" content=\"Tempo estimado de leitura\" \/>\n\t<meta name=\"twitter:data2\" content=\"1 minuto\" \/>\n<script type=\"application\/ld+json\" class=\"yoast-schema-graph\">{\"@context\":\"https:\\\/\\\/schema.org\",\"@graph\":[{\"@type\":\"Article\",\"@id\":\"https:\\\/\\\/jornaldasoficinas.com\\\/pt\\\/alvaro-de-sousa-borrego-completa-43-anos-parabens\\\/#article\",\"isPartOf\":{\"@id\":\"https:\\\/\\\/jornaldasoficinas.com\\\/pt\\\/alvaro-de-sousa-borrego-completa-43-anos-parabens\\\/\"},\"author\":{\"name\":\"Reda\u00e7\u00e3o JO\",\"@id\":\"https:\\\/\\\/jornaldasoficinas.com\\\/pt\\\/#\\\/schema\\\/person\\\/a38eef5de2c41d9e7c9ac10141afddf3\"},\"headline\":\"\u00c1lvaro de Sousa Borrego completa 43 anos. Parab\u00e9ns!\",\"datePublished\":\"2020-09-30T10:55:43+00:00\",\"mainEntityOfPage\":{\"@id\":\"https:\\\/\\\/jornaldasoficinas.com\\\/pt\\\/alvaro-de-sousa-borrego-completa-43-anos-parabens\\\/\"},\"wordCount\":206,\"publisher\":{\"@id\":\"https:\\\/\\\/jornaldasoficinas.com\\\/pt\\\/#organization\"},\"image\":{\"@id\":\"https:\\\/\\\/jornaldasoficinas.com\\\/pt\\\/alvaro-de-sousa-borrego-completa-43-anos-parabens\\\/#primaryimage\"},\"thumbnailUrl\":\"https:\\\/\\\/jornaldasoficinas.com\\\/pt\\\/wp-content\\\/uploads\\\/2020\\\/A\u0301lvaro-de-Sousa-Borrego.jpg\",\"keywords\":[\"ABS\",\"Alvaro de Sousa Borrego\"],\"articleSection\":[\"Empresas\"],\"inLanguage\":\"pt-PT\"},{\"@type\":\"WebPage\",\"@id\":\"https:\\\/\\\/jornaldasoficinas.com\\\/pt\\\/alvaro-de-sousa-borrego-completa-43-anos-parabens\\\/\",\"url\":\"https:\\\/\\\/jornaldasoficinas.com\\\/pt\\\/alvaro-de-sousa-borrego-completa-43-anos-parabens\\\/\",\"name\":\"\u00c1lvaro de Sousa Borrego completa 43 anos. Parab\u00e9ns! - Jornal das Oficinas\",\"isPartOf\":{\"@id\":\"https:\\\/\\\/jornaldasoficinas.com\\\/pt\\\/#website\"},\"primaryImageOfPage\":{\"@id\":\"https:\\\/\\\/jornaldasoficinas.com\\\/pt\\\/alvaro-de-sousa-borrego-completa-43-anos-parabens\\\/#primaryimage\"},\"image\":{\"@id\":\"https:\\\/\\\/jornaldasoficinas.com\\\/pt\\\/alvaro-de-sousa-borrego-completa-43-anos-parabens\\\/#primaryimage\"},\"thumbnailUrl\":\"https:\\\/\\\/jornaldasoficinas.com\\\/pt\\\/wp-content\\\/uploads\\\/2020\\\/A\u0301lvaro-de-Sousa-Borrego.jpg\",\"datePublished\":\"2020-09-30T10:55:43+00:00\",\"breadcrumb\":{\"@id\":\"https:\\\/\\\/jornaldasoficinas.com\\\/pt\\\/alvaro-de-sousa-borrego-completa-43-anos-parabens\\\/#breadcrumb\"},\"inLanguage\":\"pt-PT\",\"potentialAction\":[{\"@type\":\"ReadAction\",\"target\":[\"https:\\\/\\\/jornaldasoficinas.com\\\/pt\\\/alvaro-de-sousa-borrego-completa-43-anos-parabens\\\/\"]}]},{\"@type\":\"ImageObject\",\"inLanguage\":\"pt-PT\",\"@id\":\"https:\\\/\\\/jornaldasoficinas.com\\\/pt\\\/alvaro-de-sousa-borrego-completa-43-anos-parabens\\\/#primaryimage\",\"url\":\"https:\\\/\\\/jornaldasoficinas.com\\\/pt\\\/wp-content\\\/uploads\\\/2020\\\/A\u0301lvaro-de-Sousa-Borrego.jpg\",\"contentUrl\":\"https:\\\/\\\/jornaldasoficinas.com\\\/pt\\\/wp-content\\\/uploads\\\/2020\\\/A\u0301lvaro-de-Sousa-Borrego.jpg\",\"width\":1024,\"height\":581,\"caption\":\"2020 - A\u0301lvaro-de-Sousa-Borrego\"},{\"@type\":\"BreadcrumbList\",\"@id\":\"https:\\\/\\\/jornaldasoficinas.com\\\/pt\\\/alvaro-de-sousa-borrego-completa-43-anos-parabens\\\/#breadcrumb\",\"itemListElement\":[{\"@type\":\"ListItem\",\"position\":1,\"name\":\"In\u00edcio\",\"item\":\"https:\\\/\\\/jornaldasoficinas.com\\\/pt\\\/\"},{\"@type\":\"ListItem\",\"position\":2,\"name\":\"\u00c1lvaro de Sousa Borrego completa 43 anos. Parab\u00e9ns!\"}]},{\"@type\":\"WebSite\",\"@id\":\"https:\\\/\\\/jornaldasoficinas.com\\\/pt\\\/#website\",\"url\":\"https:\\\/\\\/jornaldasoficinas.com\\\/pt\\\/\",\"name\":\"Jornal das Oficinas\",\"description\":\"Jornal independente do Aftermarket Autom\u00f3vel em Portugal\",\"publisher\":{\"@id\":\"https:\\\/\\\/jornaldasoficinas.com\\\/pt\\\/#organization\"},\"potentialAction\":[{\"@type\":\"SearchAction\",\"target\":{\"@type\":\"EntryPoint\",\"urlTemplate\":\"https:\\\/\\\/jornaldasoficinas.com\\\/pt\\\/?s={search_term_string}\"},\"query-input\":{\"@type\":\"PropertyValueSpecification\",\"valueRequired\":true,\"valueName\":\"search_term_string\"}}],\"inLanguage\":\"pt-PT\"},{\"@type\":\"Organization\",\"@id\":\"https:\\\/\\\/jornaldasoficinas.com\\\/pt\\\/#organization\",\"name\":\"Jornal das Oficinas\",\"url\":\"https:\\\/\\\/jornaldasoficinas.com\\\/pt\\\/\",\"logo\":{\"@type\":\"ImageObject\",\"inLanguage\":\"pt-PT\",\"@id\":\"https:\\\/\\\/jornaldasoficinas.com\\\/pt\\\/#\\\/schema\\\/logo\\\/image\\\/\",\"url\":\"https:\\\/\\\/jornaldasoficinas.com\\\/pt\\\/wp-content\\\/uploads\\\/logoJO-SEO.png\",\"contentUrl\":\"https:\\\/\\\/jornaldasoficinas.com\\\/pt\\\/wp-content\\\/uploads\\\/logoJO-SEO.png\",\"width\":285,\"height\":450,\"caption\":\"Jornal das Oficinas\"},\"image\":{\"@id\":\"https:\\\/\\\/jornaldasoficinas.com\\\/pt\\\/#\\\/schema\\\/logo\\\/image\\\/\"},\"sameAs\":[\"https:\\\/\\\/www.facebook.com\\\/jornaloficinas\",\"https:\\\/\\\/x.com\\\/jornaloficinas\",\"https:\\\/\\\/www.instagram.com\\\/jornal_oficinas\\\/\",\"https:\\\/\\\/www.linkedin.com\\\/company\\\/jornal-das-oficinas\\\/\",\"https:\\\/\\\/www.youtube.com\\\/channel\\\/UCbQZBqtcvV-oSQrr7RzINGg\"]},{\"@type\":\"Person\",\"@id\":\"https:\\\/\\\/jornaldasoficinas.com\\\/pt\\\/#\\\/schema\\\/person\\\/a38eef5de2c41d9e7c9ac10141afddf3\",\"name\":\"Reda\u00e7\u00e3o JO\",\"image\":{\"@type\":\"ImageObject\",\"inLanguage\":\"pt-PT\",\"@id\":\"https:\\\/\\\/secure.gravatar.com\\\/avatar\\\/71f2fa71737ad68a84fea94bc708ddac8ea5b0c4788dc2ad202f3ccb2887742f?s=96&d=wp_user_avatar&r=g\",\"url\":\"https:\\\/\\\/secure.gravatar.com\\\/avatar\\\/71f2fa71737ad68a84fea94bc708ddac8ea5b0c4788dc2ad202f3ccb2887742f?s=96&d=wp_user_avatar&r=g\",\"contentUrl\":\"https:\\\/\\\/secure.gravatar.com\\\/avatar\\\/71f2fa71737ad68a84fea94bc708ddac8ea5b0c4788dc2ad202f3ccb2887742f?s=96&d=wp_user_avatar&r=g\",\"caption\":\"Reda\u00e7\u00e3o JO\"},\"url\":\"https:\\\/\\\/jornaldasoficinas.com\\\/pt\\\/author\\\/joredacao\\\/\"}]}<\/script>\n<!-- \/ Yoast SEO plugin. -->","yoast_head_json":{"title":"\u00c1lvaro de Sousa Borrego completa 43 anos. Parab\u00e9ns! - Jornal das Oficinas","robots":{"index":"index","follow":"follow","max-snippet":"max-snippet:-1","max-image-preview":"max-image-preview:large","max-video-preview":"max-video-preview:-1"},"canonical":"https:\/\/jornaldasoficinas.com\/pt\/alvaro-de-sousa-borrego-completa-43-anos-parabens\/","og_locale":"pt_PT","og_type":"article","og_title":"\u00c1lvaro de Sousa Borrego completa 43 anos. Parab\u00e9ns! - Jornal das Oficinas","og_description":"Foi a 01 de outubro de...","og_url":"https:\/\/jornaldasoficinas.com\/pt\/alvaro-de-sousa-borrego-completa-43-anos-parabens\/","og_site_name":"Jornal das Oficinas","article_publisher":"https:\/\/www.facebook.com\/jornaloficinas","article_published_time":"2020-09-30T10:55:43+00:00","og_image":[{"width":1024,"height":581,"url":"https:\/\/jornaldasoficinas.com\/pt\/wp-content\/uploads\/2020\/A\u0301lvaro-de-Sousa-Borrego.jpg","type":"image\/jpeg"}],"author":"Reda\u00e7\u00e3o JO","twitter_card":"summary_large_image","twitter_creator":"@jornaloficinas","twitter_site":"@jornaloficinas","twitter_misc":{"Escrito por":"Reda\u00e7\u00e3o JO","Tempo estimado de leitura":"1 minuto"},"schema":{"@context":"https:\/\/schema.org","@graph":[{"@type":"Article","@id":"https:\/\/jornaldasoficinas.com\/pt\/alvaro-de-sousa-borrego-completa-43-anos-parabens\/#article","isPartOf":{"@id":"https:\/\/jornaldasoficinas.com\/pt\/alvaro-de-sousa-borrego-completa-43-anos-parabens\/"},"author":{"name":"Reda\u00e7\u00e3o JO","@id":"https:\/\/jornaldasoficinas.com\/pt\/#\/schema\/person\/a38eef5de2c41d9e7c9ac10141afddf3"},"headline":"\u00c1lvaro de Sousa Borrego completa 43 anos. Parab\u00e9ns!","datePublished":"2020-09-30T10:55:43+00:00","mainEntityOfPage":{"@id":"https:\/\/jornaldasoficinas.com\/pt\/alvaro-de-sousa-borrego-completa-43-anos-parabens\/"},"wordCount":206,"publisher":{"@id":"https:\/\/jornaldasoficinas.com\/pt\/#organization"},"image":{"@id":"https:\/\/jornaldasoficinas.com\/pt\/alvaro-de-sousa-borrego-completa-43-anos-parabens\/#primaryimage"},"thumbnailUrl":"https:\/\/jornaldasoficinas.com\/pt\/wp-content\/uploads\/2020\/A\u0301lvaro-de-Sousa-Borrego.jpg","keywords":["ABS","Alvaro de Sousa Borrego"],"articleSection":["Empresas"],"inLanguage":"pt-PT"},{"@type":"WebPage","@id":"https:\/\/jornaldasoficinas.com\/pt\/alvaro-de-sousa-borrego-completa-43-anos-parabens\/","url":"https:\/\/jornaldasoficinas.com\/pt\/alvaro-de-sousa-borrego-completa-43-anos-parabens\/","name":"\u00c1lvaro de Sousa Borrego completa 43 anos. Parab\u00e9ns! - Jornal das Oficinas","isPartOf":{"@id":"https:\/\/jornaldasoficinas.com\/pt\/#website"},"primaryImageOfPage":{"@id":"https:\/\/jornaldasoficinas.com\/pt\/alvaro-de-sousa-borrego-completa-43-anos-parabens\/#primaryimage"},"image":{"@id":"https:\/\/jornaldasoficinas.com\/pt\/alvaro-de-sousa-borrego-completa-43-anos-parabens\/#primaryimage"},"thumbnailUrl":"https:\/\/jornaldasoficinas.com\/pt\/wp-content\/uploads\/2020\/A\u0301lvaro-de-Sousa-Borrego.jpg","datePublished":"2020-09-30T10:55:43+00:00","breadcrumb":{"@id":"https:\/\/jornaldasoficinas.com\/pt\/alvaro-de-sousa-borrego-completa-43-anos-parabens\/#breadcrumb"},"inLanguage":"pt-PT","potentialAction":[{"@type":"ReadAction","target":["https:\/\/jornaldasoficinas.com\/pt\/alvaro-de-sousa-borrego-completa-43-anos-parabens\/"]}]},{"@type":"ImageObject","inLanguage":"pt-PT","@id":"https:\/\/jornaldasoficinas.com\/pt\/alvaro-de-sousa-borrego-completa-43-anos-parabens\/#primaryimage","url":"https:\/\/jornaldasoficinas.com\/pt\/wp-content\/uploads\/2020\/A\u0301lvaro-de-Sousa-Borrego.jpg","contentUrl":"https:\/\/jornaldasoficinas.com\/pt\/wp-content\/uploads\/2020\/A\u0301lvaro-de-Sousa-Borrego.jpg","width":1024,"height":581,"caption":"2020 - A\u0301lvaro-de-Sousa-Borrego"},{"@type":"BreadcrumbList","@id":"https:\/\/jornaldasoficinas.com\/pt\/alvaro-de-sousa-borrego-completa-43-anos-parabens\/#breadcrumb","itemListElement":[{"@type":"ListItem","position":1,"name":"In\u00edcio","item":"https:\/\/jornaldasoficinas.com\/pt\/"},{"@type":"ListItem","position":2,"name":"\u00c1lvaro de Sousa Borrego completa 43 anos. Parab\u00e9ns!"}]},{"@type":"WebSite","@id":"https:\/\/jornaldasoficinas.com\/pt\/#website","url":"https:\/\/jornaldasoficinas.com\/pt\/","name":"Jornal das Oficinas","description":"Jornal independente do Aftermarket Autom\u00f3vel em Portugal","publisher":{"@id":"https:\/\/jornaldasoficinas.com\/pt\/#organization"},"potentialAction":[{"@type":"SearchAction","target":{"@type":"EntryPoint","urlTemplate":"https:\/\/jornaldasoficinas.com\/pt\/?s={search_term_string}"},"query-input":{"@type":"PropertyValueSpecification","valueRequired":true,"valueName":"search_term_string"}}],"inLanguage":"pt-PT"},{"@type":"Organization","@id":"https:\/\/jornaldasoficinas.com\/pt\/#organization","name":"Jornal das Oficinas","url":"https:\/\/jornaldasoficinas.com\/pt\/","logo":{"@type":"ImageObject","inLanguage":"pt-PT","@id":"https:\/\/jornaldasoficinas.com\/pt\/#\/schema\/logo\/image\/","url":"https:\/\/jornaldasoficinas.com\/pt\/wp-content\/uploads\/logoJO-SEO.png","contentUrl":"https:\/\/jornaldasoficinas.com\/pt\/wp-content\/uploads\/logoJO-SEO.png","width":285,"height":450,"caption":"Jornal das Oficinas"},"image":{"@id":"https:\/\/jornaldasoficinas.com\/pt\/#\/schema\/logo\/image\/"},"sameAs":["https:\/\/www.facebook.com\/jornaloficinas","https:\/\/x.com\/jornaloficinas","https:\/\/www.instagram.com\/jornal_oficinas\/","https:\/\/www.linkedin.com\/company\/jornal-das-oficinas\/","https:\/\/www.youtube.com\/channel\/UCbQZBqtcvV-oSQrr7RzINGg"]},{"@type":"Person","@id":"https:\/\/jornaldasoficinas.com\/pt\/#\/schema\/person\/a38eef5de2c41d9e7c9ac10141afddf3","name":"Reda\u00e7\u00e3o JO","image":{"@type":"ImageObject","inLanguage":"pt-PT","@id":"https:\/\/secure.gravatar.com\/avatar\/71f2fa71737ad68a84fea94bc708ddac8ea5b0c4788dc2ad202f3ccb2887742f?s=96&d=wp_user_avatar&r=g","url":"https:\/\/secure.gravatar.com\/avatar\/71f2fa71737ad68a84fea94bc708ddac8ea5b0c4788dc2ad202f3ccb2887742f?s=96&d=wp_user_avatar&r=g","contentUrl":"https:\/\/secure.gravatar.com\/avatar\/71f2fa71737ad68a84fea94bc708ddac8ea5b0c4788dc2ad202f3ccb2887742f?s=96&d=wp_user_avatar&r=g","caption":"Reda\u00e7\u00e3o JO"},"url":"https:\/\/jornaldasoficinas.com\/pt\/author\/joredacao\/"}]}},"_links":{"self":[{"href":"https:\/\/jornaldasoficinas.com\/pt\/wp-json\/wp\/v2\/posts\/16081","targetHints":{"allow":["GET"]}}],"collection":[{"href":"https:\/\/jornaldasoficinas.com\/pt\/wp-json\/wp\/v2\/posts"}],"about":[{"href":"https:\/\/jornaldasoficinas.com\/pt\/wp-json\/wp\/v2\/types\/post"}],"author":[{"embeddable":true,"href":"https:\/\/jornaldasoficinas.com\/pt\/wp-json\/wp\/v2\/users\/15"}],"replies":[{"embeddable":true,"href":"https:\/\/jornaldasoficinas.com\/pt\/wp-json\/wp\/v2\/comments?post=16081"}],"version-history":[{"count":0,"href":"https:\/\/jornaldasoficinas.com\/pt\/wp-json\/wp\/v2\/posts\/16081\/revisions"}],"wp:featuredmedia":[{"embeddable":true,"href":"https:\/\/jornaldasoficinas.com\/pt\/wp-json\/wp\/v2\/media\/16083"}],"wp:attachment":[{"href":"https:\/\/jornaldasoficinas.com\/pt\/wp-json\/wp\/v2\/media?parent=16081"}],"wp:term":[{"taxonomy":"category","embeddable":true,"href":"https:\/\/jornaldasoficinas.com\/pt\/wp-json\/wp\/v2\/categories?post=16081"},{"taxonomy":"post_tag","embeddable":true,"href":"https:\/\/jornaldasoficinas.com\/pt\/wp-json\/wp\/v2\/tags?post=16081"}],"curies":[{"name":"wp","href":"https:\/\/api.w.org\/{rel}","templated":true}]}}