{"id":16145,"date":"2020-10-01T20:00:16","date_gmt":"2020-10-01T19:00:16","guid":{"rendered":"https:\/\/jornaldasoficinas.com\/pt\/?p=16145"},"modified":"2020-10-01T08:47:01","modified_gmt":"2020-10-01T07:47:01","slug":"ceo-da-liqui-moly-fala-sobre-o-lay-off","status":"publish","type":"post","link":"https:\/\/jornaldasoficinas.com\/pt\/ceo-da-liqui-moly-fala-sobre-o-lay-off\/","title":{"rendered":"CEO da LIQUI MOLY fala sobre o lay-off"},"content":{"rendered":"<p><img loading=\"lazy\" decoding=\"async\" class=\"alignnone wp-image-16131 size-full\" src=\"https:\/\/jornaldasoficinas.com\/pt\/wp-content\/uploads\/2020\/10\/CEO-da-LIQUI-MOLY-fala-sobre-o-lay-off.jpg\" alt=\"10 - CEO-da-LIQUI-MOLY-fala-sobre-o-lay-off\" width=\"1024\" height=\"581\" srcset=\"https:\/\/jornaldasoficinas.com\/pt\/wp-content\/uploads\/2020\/10\/CEO-da-LIQUI-MOLY-fala-sobre-o-lay-off.jpg 1024w, https:\/\/jornaldasoficinas.com\/pt\/wp-content\/uploads\/2020\/10\/CEO-da-LIQUI-MOLY-fala-sobre-o-lay-off-300x170.jpg 300w, https:\/\/jornaldasoficinas.com\/pt\/wp-content\/uploads\/2020\/10\/CEO-da-LIQUI-MOLY-fala-sobre-o-lay-off-150x85.jpg 150w, https:\/\/jornaldasoficinas.com\/pt\/wp-content\/uploads\/2020\/10\/CEO-da-LIQUI-MOLY-fala-sobre-o-lay-off-768x436.jpg 768w\" sizes=\"auto, (max-width: 1024px) 100vw, 1024px\" \/><\/p>\n<p><strong>A COVID-19 e os seus efeitos tomaram propor\u00e7\u00f5es gigantes e colocaram a economia em dificuldades, inclusivamente a ind\u00fastria autom\u00f3vel e os seus fornecedores.<\/strong><\/p>\n<p>Numa circular aos colegas, o l\u00edder da <a href=\"https:\/\/www.liqui-moly.com\/pt\/\" target=\"_blank\" rel=\"noopener noreferrer\">LIQUI MOLY<\/a>, Ernst Prost, descreve como a economia alem\u00e3 est\u00e1 a lidar com o problema. Ernst Prost espanta-se com a forma como uma parte das empresas e das pessoas na Alemanha est\u00e1 a reagir aos cortes dr\u00e1sticos.<\/p>\n<p>\u201c\u00c9 claro que o coronav\u00edrus foi violento, t\u00e3o violento como uma bala de canh\u00e3o ou uma bomba. O que se faz numa situa\u00e7\u00e3o destas? Sou apologista da retalia\u00e7\u00e3o, da revolta, do combate, do lutar com todas for\u00e7as contra estas investidas. O que estou a ver, n\u00e3o sempre, mas com demasiada frequ\u00eancia? Precisamente o contr\u00e1rio. Aceitamos, de forma por vezes fatalista, o que a\u00ed vem, recebemos os programas estatais de assist\u00eancia e, depois do lay-off, vamos de f\u00e9rias.<\/p>\n<p>Nada funciona por causa do coronav\u00edrus? Ou nada funciona por causa do lay-off? \u00c9 claro que quando tudo fecha para f\u00e9rias, nada mais funciona. Mas isso tem pouco a ver com o coronav\u00edrus. Os oper\u00e1rios contam-me que n\u00e3o recebem mercadorias porque as f\u00e1bricas ainda est\u00e3o fechadas ou est\u00e3o em lay-off e, logo, n\u00e3o conseguem cumprir as suas encomendas. As editoras lamentam-se que j\u00e1 n\u00e3o recebem encomendas para an\u00fancios, mas entrar em contacto com elas \u00e9 imposs\u00edvel. Os nossos fornecedores n\u00e3o fornecem porque, assim como assim, nada funciona e, por isso, falta-nos por vezes mat\u00e9ria-prima e materiais de embalagem. Algo n\u00e3o est\u00e1 bem aqui.<\/p>\n<p>Claro que, quando \u00e9 mais barato p\u00f4r a equipa em lay-off reduzindo assim as despesas com sal\u00e1rios e continuar a ser minimamente rent\u00e1vel, n\u00e3o para trabalhar, mas sim para existir, \u00e9 evidente que o coronav\u00edrus \u00e9 uma mera fachada destinada a esconder a pr\u00f3pria in\u00e9rcia.<\/p>\n<p>H\u00e1 quantos anos e d\u00e9cadas \u00e9 que a nossa economia funciona bem? Sempre a crescer, marcada pelo crescimento, pelo aumento dos sal\u00e1rios e por lucros quase automaticamente elevados? Ouve-se por a\u00ed que &#8220;nada \u00e9 mais dif\u00edcil de suportar do que uma s\u00e9rie de dias bons&#8221;. E mais dif\u00edcil ainda \u00e9 passar do \u00eaxito, do bem-estar e do conforto a que muito depressa nos habituamos para lutas, trabalho de escravo e &#8220;um p\u00e3o mais pequeno&#8221;. Em muitas empresas e equipas, a bomba rebentou e desfez tudo. Nelas ainda se luta, como se tem de lutar, para sobreviver.<\/p>\n<p>Noutros setores e empresas, entendeu-se o lay-off e o teletrabalho como f\u00e9rias adicionais ou ano sab\u00e1tico, em fun\u00e7\u00e3o da qualidade com o Estado, atrav\u00e9s dos nossos sistemas sociais, bombeou a \u00e1gua que chega \u00e0 cabe\u00e7a de alguns e sugou o dinheiro dos contribuintes. Quando posso voltar a ir de f\u00e9rias e quando regressa a liga alem\u00e3 de futebol? \u00c9 esta a preocupa\u00e7\u00e3o de alguns enquanto os outros t\u00eam de ir ao gestor de insolv\u00eancias. Mas agora, as investidas atingem um n\u00famero cada vez maior de pessoas e chegam tamb\u00e9m \u00e0queles que, de forma relativamente c\u00f3moda numa ilha aparentemente segura, continuaram a exercer a sua atividade num estilo t\u00e3o relaxado como de costume. Primeiro, foram os cabeleireiros, os caf\u00e9s, os hot\u00e9is, mas agora s\u00e3o tamb\u00e9m os fabricantes autom\u00f3veis, outrora cheios de energia, e infelizmente tamb\u00e9m os seus fornecedores. A seguir ao lay-off v\u00eam despedimentos coletivos.<\/p>\n<p>Os bancos observam e cortam o cr\u00e9dito. Os construtores acabam eventualmente por perder o emprego. Pois \u00e9, a economia n\u00e3o acontece numa bolha qualquer. N\u00e3o! A economia somos todos n\u00f3s, os 83 milh\u00f5es de Alem\u00e3es. E dependemos todos uns dos outros. Made in Germany Uma marca, de certa forma uma prova de qualidade excecional e inova\u00e7\u00e3o. Para mim tamb\u00e9m uma garantia de fiabilidade, pontualidade, ambi\u00e7\u00e3o, zelo, responsabilidade e de capacidade, quando necess\u00e1rio, para dar mais e trabalhar mais arduamente do que em tempos normais. As crises n\u00e3o se enfrentam com lay-offs, mas sim e apenas com mais trabalho.<\/p>\n<p>S\u00e3o precisas qualidades para n\u00e3o se afundar. E n\u00f3s temos essas qualidades. Basta us\u00e1-las. \u00c9 assim que ultrapassaremos esta crise, a pr\u00f3xima e a que vier a seguir \u00e0 pr\u00f3xima, pois as crises s\u00e3o t\u00e3o certas como o am\u00e9m na igreja\u201d, concluiu o CEO.<\/p>\n","protected":false},"excerpt":{"rendered":"<p>A COVID-19 e os seus efeitos&#8230;<\/p>\n","protected":false},"author":15,"featured_media":16131,"comment_status":"closed","ping_status":"closed","sticky":false,"template":"","format":"standard","meta":{"footnotes":""},"categories":[29],"tags":[272],"class_list":["post-16145","post","type-post","status-publish","format-standard","has-post-thumbnail","hentry","category-empresas","tag-liqui-moly"],"yoast_head":"<!-- This site is optimized with the Yoast SEO plugin v27.5 - https:\/\/yoast.com\/product\/yoast-seo-wordpress\/ -->\n<title>CEO da LIQUI MOLY fala sobre o lay-off - Jornal das Oficinas<\/title>\n<meta name=\"robots\" content=\"index, follow, max-snippet:-1, max-image-preview:large, max-video-preview:-1\" \/>\n<link rel=\"canonical\" href=\"https:\/\/jornaldasoficinas.com\/pt\/ceo-da-liqui-moly-fala-sobre-o-lay-off\/\" \/>\n<meta property=\"og:locale\" content=\"pt_PT\" \/>\n<meta property=\"og:type\" content=\"article\" \/>\n<meta property=\"og:title\" content=\"CEO da LIQUI MOLY fala sobre o lay-off - Jornal das Oficinas\" \/>\n<meta property=\"og:description\" content=\"A COVID-19 e os seus efeitos...\" \/>\n<meta property=\"og:url\" content=\"https:\/\/jornaldasoficinas.com\/pt\/ceo-da-liqui-moly-fala-sobre-o-lay-off\/\" \/>\n<meta property=\"og:site_name\" content=\"Jornal das Oficinas\" \/>\n<meta property=\"article:publisher\" content=\"https:\/\/www.facebook.com\/jornaloficinas\" \/>\n<meta property=\"article:published_time\" content=\"2020-10-01T19:00:16+00:00\" \/>\n<meta property=\"og:image\" content=\"https:\/\/jornaldasoficinas.com\/pt\/wp-content\/uploads\/2020\/10\/CEO-da-LIQUI-MOLY-fala-sobre-o-lay-off.jpg\" \/>\n\t<meta property=\"og:image:width\" content=\"1024\" \/>\n\t<meta property=\"og:image:height\" content=\"581\" \/>\n\t<meta property=\"og:image:type\" content=\"image\/jpeg\" \/>\n<meta name=\"author\" content=\"Reda\u00e7\u00e3o JO\" \/>\n<meta name=\"twitter:card\" content=\"summary_large_image\" \/>\n<meta name=\"twitter:creator\" content=\"@jornaloficinas\" \/>\n<meta name=\"twitter:site\" content=\"@jornaloficinas\" \/>\n<meta name=\"twitter:label1\" content=\"Escrito por\" \/>\n\t<meta name=\"twitter:data1\" content=\"Reda\u00e7\u00e3o JO\" \/>\n\t<meta name=\"twitter:label2\" content=\"Tempo estimado de leitura\" \/>\n\t<meta name=\"twitter:data2\" content=\"4 minutos\" \/>\n<script type=\"application\/ld+json\" class=\"yoast-schema-graph\">{\"@context\":\"https:\\\/\\\/schema.org\",\"@graph\":[{\"@type\":\"Article\",\"@id\":\"https:\\\/\\\/jornaldasoficinas.com\\\/pt\\\/ceo-da-liqui-moly-fala-sobre-o-lay-off\\\/#article\",\"isPartOf\":{\"@id\":\"https:\\\/\\\/jornaldasoficinas.com\\\/pt\\\/ceo-da-liqui-moly-fala-sobre-o-lay-off\\\/\"},\"author\":{\"name\":\"Reda\u00e7\u00e3o JO\",\"@id\":\"https:\\\/\\\/jornaldasoficinas.com\\\/pt\\\/#\\\/schema\\\/person\\\/a38eef5de2c41d9e7c9ac10141afddf3\"},\"headline\":\"CEO da LIQUI MOLY fala sobre o lay-off\",\"datePublished\":\"2020-10-01T19:00:16+00:00\",\"mainEntityOfPage\":{\"@id\":\"https:\\\/\\\/jornaldasoficinas.com\\\/pt\\\/ceo-da-liqui-moly-fala-sobre-o-lay-off\\\/\"},\"wordCount\":751,\"publisher\":{\"@id\":\"https:\\\/\\\/jornaldasoficinas.com\\\/pt\\\/#organization\"},\"image\":{\"@id\":\"https:\\\/\\\/jornaldasoficinas.com\\\/pt\\\/ceo-da-liqui-moly-fala-sobre-o-lay-off\\\/#primaryimage\"},\"thumbnailUrl\":\"https:\\\/\\\/jornaldasoficinas.com\\\/pt\\\/wp-content\\\/uploads\\\/2020\\\/10\\\/CEO-da-LIQUI-MOLY-fala-sobre-o-lay-off.jpg\",\"keywords\":[\"LIQUI MOLY\"],\"articleSection\":[\"Empresas\"],\"inLanguage\":\"pt-PT\"},{\"@type\":\"WebPage\",\"@id\":\"https:\\\/\\\/jornaldasoficinas.com\\\/pt\\\/ceo-da-liqui-moly-fala-sobre-o-lay-off\\\/\",\"url\":\"https:\\\/\\\/jornaldasoficinas.com\\\/pt\\\/ceo-da-liqui-moly-fala-sobre-o-lay-off\\\/\",\"name\":\"CEO da LIQUI MOLY fala sobre o lay-off - Jornal das Oficinas\",\"isPartOf\":{\"@id\":\"https:\\\/\\\/jornaldasoficinas.com\\\/pt\\\/#website\"},\"primaryImageOfPage\":{\"@id\":\"https:\\\/\\\/jornaldasoficinas.com\\\/pt\\\/ceo-da-liqui-moly-fala-sobre-o-lay-off\\\/#primaryimage\"},\"image\":{\"@id\":\"https:\\\/\\\/jornaldasoficinas.com\\\/pt\\\/ceo-da-liqui-moly-fala-sobre-o-lay-off\\\/#primaryimage\"},\"thumbnailUrl\":\"https:\\\/\\\/jornaldasoficinas.com\\\/pt\\\/wp-content\\\/uploads\\\/2020\\\/10\\\/CEO-da-LIQUI-MOLY-fala-sobre-o-lay-off.jpg\",\"datePublished\":\"2020-10-01T19:00:16+00:00\",\"breadcrumb\":{\"@id\":\"https:\\\/\\\/jornaldasoficinas.com\\\/pt\\\/ceo-da-liqui-moly-fala-sobre-o-lay-off\\\/#breadcrumb\"},\"inLanguage\":\"pt-PT\",\"potentialAction\":[{\"@type\":\"ReadAction\",\"target\":[\"https:\\\/\\\/jornaldasoficinas.com\\\/pt\\\/ceo-da-liqui-moly-fala-sobre-o-lay-off\\\/\"]}]},{\"@type\":\"ImageObject\",\"inLanguage\":\"pt-PT\",\"@id\":\"https:\\\/\\\/jornaldasoficinas.com\\\/pt\\\/ceo-da-liqui-moly-fala-sobre-o-lay-off\\\/#primaryimage\",\"url\":\"https:\\\/\\\/jornaldasoficinas.com\\\/pt\\\/wp-content\\\/uploads\\\/2020\\\/10\\\/CEO-da-LIQUI-MOLY-fala-sobre-o-lay-off.jpg\",\"contentUrl\":\"https:\\\/\\\/jornaldasoficinas.com\\\/pt\\\/wp-content\\\/uploads\\\/2020\\\/10\\\/CEO-da-LIQUI-MOLY-fala-sobre-o-lay-off.jpg\",\"width\":1024,\"height\":581,\"caption\":\"Ernst Prost in seinem Schloss Leipheim. Prost ist Gesch\u00e4ftsf\u00fchrer von Liqui Moly. Das Schloss hat er 2005 f\u00fcr rund 300000 Euro gekauft und dann saniert.\"},{\"@type\":\"BreadcrumbList\",\"@id\":\"https:\\\/\\\/jornaldasoficinas.com\\\/pt\\\/ceo-da-liqui-moly-fala-sobre-o-lay-off\\\/#breadcrumb\",\"itemListElement\":[{\"@type\":\"ListItem\",\"position\":1,\"name\":\"In\u00edcio\",\"item\":\"https:\\\/\\\/jornaldasoficinas.com\\\/pt\\\/\"},{\"@type\":\"ListItem\",\"position\":2,\"name\":\"CEO da LIQUI MOLY fala sobre o lay-off\"}]},{\"@type\":\"WebSite\",\"@id\":\"https:\\\/\\\/jornaldasoficinas.com\\\/pt\\\/#website\",\"url\":\"https:\\\/\\\/jornaldasoficinas.com\\\/pt\\\/\",\"name\":\"Jornal das Oficinas\",\"description\":\"Jornal independente do Aftermarket Autom\u00f3vel em Portugal\",\"publisher\":{\"@id\":\"https:\\\/\\\/jornaldasoficinas.com\\\/pt\\\/#organization\"},\"potentialAction\":[{\"@type\":\"SearchAction\",\"target\":{\"@type\":\"EntryPoint\",\"urlTemplate\":\"https:\\\/\\\/jornaldasoficinas.com\\\/pt\\\/?s={search_term_string}\"},\"query-input\":{\"@type\":\"PropertyValueSpecification\",\"valueRequired\":true,\"valueName\":\"search_term_string\"}}],\"inLanguage\":\"pt-PT\"},{\"@type\":\"Organization\",\"@id\":\"https:\\\/\\\/jornaldasoficinas.com\\\/pt\\\/#organization\",\"name\":\"Jornal das Oficinas\",\"url\":\"https:\\\/\\\/jornaldasoficinas.com\\\/pt\\\/\",\"logo\":{\"@type\":\"ImageObject\",\"inLanguage\":\"pt-PT\",\"@id\":\"https:\\\/\\\/jornaldasoficinas.com\\\/pt\\\/#\\\/schema\\\/logo\\\/image\\\/\",\"url\":\"https:\\\/\\\/jornaldasoficinas.com\\\/pt\\\/wp-content\\\/uploads\\\/logoJO-SEO.png\",\"contentUrl\":\"https:\\\/\\\/jornaldasoficinas.com\\\/pt\\\/wp-content\\\/uploads\\\/logoJO-SEO.png\",\"width\":285,\"height\":450,\"caption\":\"Jornal das Oficinas\"},\"image\":{\"@id\":\"https:\\\/\\\/jornaldasoficinas.com\\\/pt\\\/#\\\/schema\\\/logo\\\/image\\\/\"},\"sameAs\":[\"https:\\\/\\\/www.facebook.com\\\/jornaloficinas\",\"https:\\\/\\\/x.com\\\/jornaloficinas\",\"https:\\\/\\\/www.instagram.com\\\/jornal_oficinas\\\/\",\"https:\\\/\\\/www.linkedin.com\\\/company\\\/jornal-das-oficinas\\\/\",\"https:\\\/\\\/www.youtube.com\\\/channel\\\/UCbQZBqtcvV-oSQrr7RzINGg\"]},{\"@type\":\"Person\",\"@id\":\"https:\\\/\\\/jornaldasoficinas.com\\\/pt\\\/#\\\/schema\\\/person\\\/a38eef5de2c41d9e7c9ac10141afddf3\",\"name\":\"Reda\u00e7\u00e3o JO\",\"image\":{\"@type\":\"ImageObject\",\"inLanguage\":\"pt-PT\",\"@id\":\"https:\\\/\\\/secure.gravatar.com\\\/avatar\\\/71f2fa71737ad68a84fea94bc708ddac8ea5b0c4788dc2ad202f3ccb2887742f?s=96&d=wp_user_avatar&r=g\",\"url\":\"https:\\\/\\\/secure.gravatar.com\\\/avatar\\\/71f2fa71737ad68a84fea94bc708ddac8ea5b0c4788dc2ad202f3ccb2887742f?s=96&d=wp_user_avatar&r=g\",\"contentUrl\":\"https:\\\/\\\/secure.gravatar.com\\\/avatar\\\/71f2fa71737ad68a84fea94bc708ddac8ea5b0c4788dc2ad202f3ccb2887742f?s=96&d=wp_user_avatar&r=g\",\"caption\":\"Reda\u00e7\u00e3o JO\"},\"url\":\"https:\\\/\\\/jornaldasoficinas.com\\\/pt\\\/author\\\/joredacao\\\/\"}]}<\/script>\n<!-- \/ Yoast SEO plugin. -->","yoast_head_json":{"title":"CEO da LIQUI MOLY fala sobre o lay-off - Jornal das Oficinas","robots":{"index":"index","follow":"follow","max-snippet":"max-snippet:-1","max-image-preview":"max-image-preview:large","max-video-preview":"max-video-preview:-1"},"canonical":"https:\/\/jornaldasoficinas.com\/pt\/ceo-da-liqui-moly-fala-sobre-o-lay-off\/","og_locale":"pt_PT","og_type":"article","og_title":"CEO da LIQUI MOLY fala sobre o lay-off - Jornal das Oficinas","og_description":"A COVID-19 e os seus efeitos...","og_url":"https:\/\/jornaldasoficinas.com\/pt\/ceo-da-liqui-moly-fala-sobre-o-lay-off\/","og_site_name":"Jornal das Oficinas","article_publisher":"https:\/\/www.facebook.com\/jornaloficinas","article_published_time":"2020-10-01T19:00:16+00:00","og_image":[{"width":1024,"height":581,"url":"https:\/\/jornaldasoficinas.com\/pt\/wp-content\/uploads\/2020\/10\/CEO-da-LIQUI-MOLY-fala-sobre-o-lay-off.jpg","type":"image\/jpeg"}],"author":"Reda\u00e7\u00e3o JO","twitter_card":"summary_large_image","twitter_creator":"@jornaloficinas","twitter_site":"@jornaloficinas","twitter_misc":{"Escrito por":"Reda\u00e7\u00e3o JO","Tempo estimado de leitura":"4 minutos"},"schema":{"@context":"https:\/\/schema.org","@graph":[{"@type":"Article","@id":"https:\/\/jornaldasoficinas.com\/pt\/ceo-da-liqui-moly-fala-sobre-o-lay-off\/#article","isPartOf":{"@id":"https:\/\/jornaldasoficinas.com\/pt\/ceo-da-liqui-moly-fala-sobre-o-lay-off\/"},"author":{"name":"Reda\u00e7\u00e3o JO","@id":"https:\/\/jornaldasoficinas.com\/pt\/#\/schema\/person\/a38eef5de2c41d9e7c9ac10141afddf3"},"headline":"CEO da LIQUI MOLY fala sobre o lay-off","datePublished":"2020-10-01T19:00:16+00:00","mainEntityOfPage":{"@id":"https:\/\/jornaldasoficinas.com\/pt\/ceo-da-liqui-moly-fala-sobre-o-lay-off\/"},"wordCount":751,"publisher":{"@id":"https:\/\/jornaldasoficinas.com\/pt\/#organization"},"image":{"@id":"https:\/\/jornaldasoficinas.com\/pt\/ceo-da-liqui-moly-fala-sobre-o-lay-off\/#primaryimage"},"thumbnailUrl":"https:\/\/jornaldasoficinas.com\/pt\/wp-content\/uploads\/2020\/10\/CEO-da-LIQUI-MOLY-fala-sobre-o-lay-off.jpg","keywords":["LIQUI MOLY"],"articleSection":["Empresas"],"inLanguage":"pt-PT"},{"@type":"WebPage","@id":"https:\/\/jornaldasoficinas.com\/pt\/ceo-da-liqui-moly-fala-sobre-o-lay-off\/","url":"https:\/\/jornaldasoficinas.com\/pt\/ceo-da-liqui-moly-fala-sobre-o-lay-off\/","name":"CEO da LIQUI MOLY fala sobre o lay-off - Jornal das Oficinas","isPartOf":{"@id":"https:\/\/jornaldasoficinas.com\/pt\/#website"},"primaryImageOfPage":{"@id":"https:\/\/jornaldasoficinas.com\/pt\/ceo-da-liqui-moly-fala-sobre-o-lay-off\/#primaryimage"},"image":{"@id":"https:\/\/jornaldasoficinas.com\/pt\/ceo-da-liqui-moly-fala-sobre-o-lay-off\/#primaryimage"},"thumbnailUrl":"https:\/\/jornaldasoficinas.com\/pt\/wp-content\/uploads\/2020\/10\/CEO-da-LIQUI-MOLY-fala-sobre-o-lay-off.jpg","datePublished":"2020-10-01T19:00:16+00:00","breadcrumb":{"@id":"https:\/\/jornaldasoficinas.com\/pt\/ceo-da-liqui-moly-fala-sobre-o-lay-off\/#breadcrumb"},"inLanguage":"pt-PT","potentialAction":[{"@type":"ReadAction","target":["https:\/\/jornaldasoficinas.com\/pt\/ceo-da-liqui-moly-fala-sobre-o-lay-off\/"]}]},{"@type":"ImageObject","inLanguage":"pt-PT","@id":"https:\/\/jornaldasoficinas.com\/pt\/ceo-da-liqui-moly-fala-sobre-o-lay-off\/#primaryimage","url":"https:\/\/jornaldasoficinas.com\/pt\/wp-content\/uploads\/2020\/10\/CEO-da-LIQUI-MOLY-fala-sobre-o-lay-off.jpg","contentUrl":"https:\/\/jornaldasoficinas.com\/pt\/wp-content\/uploads\/2020\/10\/CEO-da-LIQUI-MOLY-fala-sobre-o-lay-off.jpg","width":1024,"height":581,"caption":"Ernst Prost in seinem Schloss Leipheim. Prost ist Gesch\u00e4ftsf\u00fchrer von Liqui Moly. Das Schloss hat er 2005 f\u00fcr rund 300000 Euro gekauft und dann saniert."},{"@type":"BreadcrumbList","@id":"https:\/\/jornaldasoficinas.com\/pt\/ceo-da-liqui-moly-fala-sobre-o-lay-off\/#breadcrumb","itemListElement":[{"@type":"ListItem","position":1,"name":"In\u00edcio","item":"https:\/\/jornaldasoficinas.com\/pt\/"},{"@type":"ListItem","position":2,"name":"CEO da LIQUI MOLY fala sobre o lay-off"}]},{"@type":"WebSite","@id":"https:\/\/jornaldasoficinas.com\/pt\/#website","url":"https:\/\/jornaldasoficinas.com\/pt\/","name":"Jornal das Oficinas","description":"Jornal independente do Aftermarket Autom\u00f3vel em Portugal","publisher":{"@id":"https:\/\/jornaldasoficinas.com\/pt\/#organization"},"potentialAction":[{"@type":"SearchAction","target":{"@type":"EntryPoint","urlTemplate":"https:\/\/jornaldasoficinas.com\/pt\/?s={search_term_string}"},"query-input":{"@type":"PropertyValueSpecification","valueRequired":true,"valueName":"search_term_string"}}],"inLanguage":"pt-PT"},{"@type":"Organization","@id":"https:\/\/jornaldasoficinas.com\/pt\/#organization","name":"Jornal das Oficinas","url":"https:\/\/jornaldasoficinas.com\/pt\/","logo":{"@type":"ImageObject","inLanguage":"pt-PT","@id":"https:\/\/jornaldasoficinas.com\/pt\/#\/schema\/logo\/image\/","url":"https:\/\/jornaldasoficinas.com\/pt\/wp-content\/uploads\/logoJO-SEO.png","contentUrl":"https:\/\/jornaldasoficinas.com\/pt\/wp-content\/uploads\/logoJO-SEO.png","width":285,"height":450,"caption":"Jornal das Oficinas"},"image":{"@id":"https:\/\/jornaldasoficinas.com\/pt\/#\/schema\/logo\/image\/"},"sameAs":["https:\/\/www.facebook.com\/jornaloficinas","https:\/\/x.com\/jornaloficinas","https:\/\/www.instagram.com\/jornal_oficinas\/","https:\/\/www.linkedin.com\/company\/jornal-das-oficinas\/","https:\/\/www.youtube.com\/channel\/UCbQZBqtcvV-oSQrr7RzINGg"]},{"@type":"Person","@id":"https:\/\/jornaldasoficinas.com\/pt\/#\/schema\/person\/a38eef5de2c41d9e7c9ac10141afddf3","name":"Reda\u00e7\u00e3o JO","image":{"@type":"ImageObject","inLanguage":"pt-PT","@id":"https:\/\/secure.gravatar.com\/avatar\/71f2fa71737ad68a84fea94bc708ddac8ea5b0c4788dc2ad202f3ccb2887742f?s=96&d=wp_user_avatar&r=g","url":"https:\/\/secure.gravatar.com\/avatar\/71f2fa71737ad68a84fea94bc708ddac8ea5b0c4788dc2ad202f3ccb2887742f?s=96&d=wp_user_avatar&r=g","contentUrl":"https:\/\/secure.gravatar.com\/avatar\/71f2fa71737ad68a84fea94bc708ddac8ea5b0c4788dc2ad202f3ccb2887742f?s=96&d=wp_user_avatar&r=g","caption":"Reda\u00e7\u00e3o JO"},"url":"https:\/\/jornaldasoficinas.com\/pt\/author\/joredacao\/"}]}},"_links":{"self":[{"href":"https:\/\/jornaldasoficinas.com\/pt\/wp-json\/wp\/v2\/posts\/16145","targetHints":{"allow":["GET"]}}],"collection":[{"href":"https:\/\/jornaldasoficinas.com\/pt\/wp-json\/wp\/v2\/posts"}],"about":[{"href":"https:\/\/jornaldasoficinas.com\/pt\/wp-json\/wp\/v2\/types\/post"}],"author":[{"embeddable":true,"href":"https:\/\/jornaldasoficinas.com\/pt\/wp-json\/wp\/v2\/users\/15"}],"replies":[{"embeddable":true,"href":"https:\/\/jornaldasoficinas.com\/pt\/wp-json\/wp\/v2\/comments?post=16145"}],"version-history":[{"count":0,"href":"https:\/\/jornaldasoficinas.com\/pt\/wp-json\/wp\/v2\/posts\/16145\/revisions"}],"wp:featuredmedia":[{"embeddable":true,"href":"https:\/\/jornaldasoficinas.com\/pt\/wp-json\/wp\/v2\/media\/16131"}],"wp:attachment":[{"href":"https:\/\/jornaldasoficinas.com\/pt\/wp-json\/wp\/v2\/media?parent=16145"}],"wp:term":[{"taxonomy":"category","embeddable":true,"href":"https:\/\/jornaldasoficinas.com\/pt\/wp-json\/wp\/v2\/categories?post=16145"},{"taxonomy":"post_tag","embeddable":true,"href":"https:\/\/jornaldasoficinas.com\/pt\/wp-json\/wp\/v2\/tags?post=16145"}],"curies":[{"name":"wp","href":"https:\/\/api.w.org\/{rel}","templated":true}]}}