{"id":16190,"date":"2020-10-04T10:00:39","date_gmt":"2020-10-04T09:00:39","guid":{"rendered":"https:\/\/jornaldasoficinas.com\/pt\/?p=16190"},"modified":"2021-04-29T18:07:11","modified_gmt":"2021-04-29T17:07:11","slug":"mann-hummel-geram-filtro-mann-filter-cuk-34-003","status":"publish","type":"post","link":"https:\/\/jornaldasoficinas.com\/pt\/mann-hummel-geram-filtro-mann-filter-cuk-34-003\/","title":{"rendered":"MANN + HUMMEL geram filtro MANN-FILTER CUK 34 003"},"content":{"rendered":"<p><strong><img loading=\"lazy\" decoding=\"async\" class=\"alignnone wp-image-16179 size-full\" src=\"https:\/\/jornaldasoficinas.com\/pt\/wp-content\/uploads\/2020\/10\/MANN-HUMMEL-geram-filtro-MANN-FILTER-CUK-34-003.jpg\" alt=\"10 - MANN-HUMMEL-geram-filtro-MANN-FILTER-CUK-34-003\" width=\"1024\" height=\"581\" srcset=\"https:\/\/jornaldasoficinas.com\/pt\/wp-content\/uploads\/2020\/10\/MANN-HUMMEL-geram-filtro-MANN-FILTER-CUK-34-003.jpg 1024w, https:\/\/jornaldasoficinas.com\/pt\/wp-content\/uploads\/2020\/10\/MANN-HUMMEL-geram-filtro-MANN-FILTER-CUK-34-003-300x170.jpg 300w, https:\/\/jornaldasoficinas.com\/pt\/wp-content\/uploads\/2020\/10\/MANN-HUMMEL-geram-filtro-MANN-FILTER-CUK-34-003-150x85.jpg 150w, https:\/\/jornaldasoficinas.com\/pt\/wp-content\/uploads\/2020\/10\/MANN-HUMMEL-geram-filtro-MANN-FILTER-CUK-34-003-768x436.jpg 768w\" sizes=\"auto, (max-width: 1024px) 100vw, 1024px\" \/><\/strong><\/p>\n<p><strong>Os meios filtrantes desenvolvidos pela MANN + HUMMEL s\u00e3o capazes de filtrar part\u00edculas de at\u00e9 PM 2,5. Este filtro protege os passageiros da nuvem de poluentes, atuando como uma primeira barreira, na penetra\u00e7\u00e3o dessas min\u00fasculas part\u00edculas suspensas nos carros.<\/strong><\/p>\n<p>Part\u00edculas suspensas s\u00e3o mat\u00e9ria s\u00f3lida ou l\u00edquida suspensa no ar ao redor dos humanos. A natureza gera 90% dessas part\u00edculas (vulc\u00f5es, tempestades de poeira, inc\u00eandios florestais &#8230;) e os outros 10% s\u00e3o provenientes da atividade humana: trav\u00f5es, embraiagens, desgaste de pneus, superf\u00edcies de estradas, etc.\u00a0 Quando \u00f3rg\u00e3os p\u00fablicos como a Organiza\u00e7\u00e3o Mundial de Sa\u00fade discutem a polui\u00e7\u00e3o do ar, geralmente falam em termos de PM10, PM2,5 e PM1, ou seja, part\u00edculas menores que 10 \u03bcm, 2,5 \u03bcm e 1 \u03bcm, respetivamente. E h\u00e1 boas raz\u00f5es para isso.<\/p>\n<p>Os humanos s\u00e3o adeptos da preven\u00e7\u00e3o da entrada de part\u00edculas maiores que 10 \u00b5m nos nossos corpos, mas as menores part\u00edculas sobrecarregam as defesas, dos humanos, o que pode originar problemas card\u00edacos ou at\u00e9 mesmo estar vinculadas a doen\u00e7as como o cancro do pulm\u00e3o. \u00c9 por isso que \u00e9 cada vez mais importante saber at\u00e9 que ponto part\u00edculas suspensas de diferentes tamanhos podem penetrar no corpo humano e como par\u00e1-las:<\/p>\n<p>\u2043\u00a0\u00a0\u00a0\u00a0\u00a0\u00a0\u00a0\u00a0\u00a0\u00a0\u00a0\u00a0 Part\u00edculas maiores que 10 m\u00edcrons s\u00e3o retidas pelas defesas naturais do corpo no nariz e na garganta.<\/p>\n<p>\u2043\u00a0\u00a0\u00a0\u00a0\u00a0\u00a0\u00a0\u00a0\u00a0\u00a0\u00a0\u00a0 Part\u00edculas menores que 10 m\u00edcrons (PM10) ficam presas na garganta, laringe e traqueia, antes de serem tossidas ou engolidas.<\/p>\n<p>\u2043\u00a0\u00a0\u00a0\u00a0\u00a0\u00a0\u00a0\u00a0\u00a0\u00a0\u00a0\u00a0 Part\u00edculas menores que 2,5 m\u00edcrons (PM2,5) atingem o interior dos pulm\u00f5es, atingindo os br\u00f4nquios.<\/p>\n<p>Aqui, as part\u00edculas podem causar rea\u00e7\u00f5es inflamat\u00f3rias como bronquite aguda e asma. Os meios filtrantes desenvolvidos pela MANN + HUMMEL s\u00e3o capazes de filtrar part\u00edculas de at\u00e9 PM 2,5, com desenvolvimentos crescentes no filtro de cabine visto que o interior dos ve\u00edculos \u00e9 um dos locais onde a filtra\u00e7\u00e3o \u00e9 realizada a cada tempo mais necess\u00e1rio.<\/p>\n<p>A concentra\u00e7\u00e3o de part\u00edculas dentro do carro \u00e9 at\u00e9 cinco vezes maior do que a registada fora do ve\u00edculo. \u00c9 o filtro de cabine que protege os passageiros da nuvem de poluentes, atuando como uma primeira barreira, na penetra\u00e7\u00e3o dessas min\u00fasculas part\u00edculas suspensas nos carros. Os fabricantes de ve\u00edculos como a VOLVO j\u00e1 incorporaram um sistema de medi\u00e7\u00e3o de part\u00edculas nos seus modelos mais recentes, cujos sensores medem a concentra\u00e7\u00e3o dessas part\u00edculas dentro do habit\u00e1culo. Estes ve\u00edculos possuem o filtro MANN-FILTER CUK 34 003 como equipamento original.<\/p>\n","protected":false},"excerpt":{"rendered":"<p>Os meios filtrantes desenvolvidos pela MANN&#8230;<\/p>\n","protected":false},"author":15,"featured_media":16179,"comment_status":"closed","ping_status":"closed","sticky":false,"template":"","format":"standard","meta":{"footnotes":""},"categories":[37],"tags":[2451],"class_list":["post-16190","post","type-post","status-publish","format-standard","has-post-thumbnail","hentry","category-mercado","tag-mann-hummel"],"yoast_head":"<!-- This site is optimized with the Yoast SEO plugin v27.4 - https:\/\/yoast.com\/product\/yoast-seo-wordpress\/ -->\n<title>MANN + HUMMEL geram filtro MANN-FILTER CUK 34 003 - Jornal das Oficinas<\/title>\n<meta name=\"robots\" content=\"index, follow, max-snippet:-1, max-image-preview:large, max-video-preview:-1\" \/>\n<link rel=\"canonical\" href=\"https:\/\/jornaldasoficinas.com\/pt\/mann-hummel-geram-filtro-mann-filter-cuk-34-003\/\" \/>\n<meta property=\"og:locale\" content=\"pt_PT\" \/>\n<meta property=\"og:type\" content=\"article\" \/>\n<meta property=\"og:title\" content=\"MANN + HUMMEL geram filtro MANN-FILTER CUK 34 003 - Jornal das Oficinas\" \/>\n<meta property=\"og:description\" content=\"Os meios filtrantes desenvolvidos pela MANN...\" \/>\n<meta property=\"og:url\" content=\"https:\/\/jornaldasoficinas.com\/pt\/mann-hummel-geram-filtro-mann-filter-cuk-34-003\/\" \/>\n<meta property=\"og:site_name\" content=\"Jornal das Oficinas\" \/>\n<meta property=\"article:publisher\" content=\"https:\/\/www.facebook.com\/jornaloficinas\" \/>\n<meta property=\"article:published_time\" content=\"2020-10-04T09:00:39+00:00\" \/>\n<meta property=\"article:modified_time\" content=\"2021-04-29T17:07:11+00:00\" \/>\n<meta property=\"og:image\" content=\"https:\/\/jornaldasoficinas.com\/pt\/wp-content\/uploads\/2020\/10\/MANN-HUMMEL-geram-filtro-MANN-FILTER-CUK-34-003.jpg\" \/>\n\t<meta property=\"og:image:width\" content=\"1024\" \/>\n\t<meta property=\"og:image:height\" content=\"581\" \/>\n\t<meta property=\"og:image:type\" content=\"image\/jpeg\" \/>\n<meta name=\"author\" content=\"Reda\u00e7\u00e3o JO\" \/>\n<meta name=\"twitter:card\" content=\"summary_large_image\" \/>\n<meta name=\"twitter:creator\" content=\"@jornaloficinas\" \/>\n<meta name=\"twitter:site\" content=\"@jornaloficinas\" \/>\n<meta name=\"twitter:label1\" content=\"Escrito por\" \/>\n\t<meta name=\"twitter:data1\" content=\"Reda\u00e7\u00e3o JO\" \/>\n\t<meta name=\"twitter:label2\" content=\"Tempo estimado de leitura\" \/>\n\t<meta name=\"twitter:data2\" content=\"2 minutos\" \/>\n<script type=\"application\/ld+json\" class=\"yoast-schema-graph\">{\"@context\":\"https:\\\/\\\/schema.org\",\"@graph\":[{\"@type\":\"Article\",\"@id\":\"https:\\\/\\\/jornaldasoficinas.com\\\/pt\\\/mann-hummel-geram-filtro-mann-filter-cuk-34-003\\\/#article\",\"isPartOf\":{\"@id\":\"https:\\\/\\\/jornaldasoficinas.com\\\/pt\\\/mann-hummel-geram-filtro-mann-filter-cuk-34-003\\\/\"},\"author\":{\"name\":\"Reda\u00e7\u00e3o JO\",\"@id\":\"https:\\\/\\\/jornaldasoficinas.com\\\/pt\\\/#\\\/schema\\\/person\\\/a38eef5de2c41d9e7c9ac10141afddf3\"},\"headline\":\"MANN + HUMMEL geram filtro MANN-FILTER CUK 34 003\",\"datePublished\":\"2020-10-04T09:00:39+00:00\",\"dateModified\":\"2021-04-29T17:07:11+00:00\",\"mainEntityOfPage\":{\"@id\":\"https:\\\/\\\/jornaldasoficinas.com\\\/pt\\\/mann-hummel-geram-filtro-mann-filter-cuk-34-003\\\/\"},\"wordCount\":435,\"publisher\":{\"@id\":\"https:\\\/\\\/jornaldasoficinas.com\\\/pt\\\/#organization\"},\"image\":{\"@id\":\"https:\\\/\\\/jornaldasoficinas.com\\\/pt\\\/mann-hummel-geram-filtro-mann-filter-cuk-34-003\\\/#primaryimage\"},\"thumbnailUrl\":\"https:\\\/\\\/jornaldasoficinas.com\\\/pt\\\/wp-content\\\/uploads\\\/2020\\\/10\\\/MANN-HUMMEL-geram-filtro-MANN-FILTER-CUK-34-003.jpg\",\"keywords\":[\"MANN + HUMMEL\"],\"articleSection\":[\"Mercado\"],\"inLanguage\":\"pt-PT\"},{\"@type\":\"WebPage\",\"@id\":\"https:\\\/\\\/jornaldasoficinas.com\\\/pt\\\/mann-hummel-geram-filtro-mann-filter-cuk-34-003\\\/\",\"url\":\"https:\\\/\\\/jornaldasoficinas.com\\\/pt\\\/mann-hummel-geram-filtro-mann-filter-cuk-34-003\\\/\",\"name\":\"MANN + HUMMEL geram filtro MANN-FILTER CUK 34 003 - Jornal das Oficinas\",\"isPartOf\":{\"@id\":\"https:\\\/\\\/jornaldasoficinas.com\\\/pt\\\/#website\"},\"primaryImageOfPage\":{\"@id\":\"https:\\\/\\\/jornaldasoficinas.com\\\/pt\\\/mann-hummel-geram-filtro-mann-filter-cuk-34-003\\\/#primaryimage\"},\"image\":{\"@id\":\"https:\\\/\\\/jornaldasoficinas.com\\\/pt\\\/mann-hummel-geram-filtro-mann-filter-cuk-34-003\\\/#primaryimage\"},\"thumbnailUrl\":\"https:\\\/\\\/jornaldasoficinas.com\\\/pt\\\/wp-content\\\/uploads\\\/2020\\\/10\\\/MANN-HUMMEL-geram-filtro-MANN-FILTER-CUK-34-003.jpg\",\"datePublished\":\"2020-10-04T09:00:39+00:00\",\"dateModified\":\"2021-04-29T17:07:11+00:00\",\"breadcrumb\":{\"@id\":\"https:\\\/\\\/jornaldasoficinas.com\\\/pt\\\/mann-hummel-geram-filtro-mann-filter-cuk-34-003\\\/#breadcrumb\"},\"inLanguage\":\"pt-PT\",\"potentialAction\":[{\"@type\":\"ReadAction\",\"target\":[\"https:\\\/\\\/jornaldasoficinas.com\\\/pt\\\/mann-hummel-geram-filtro-mann-filter-cuk-34-003\\\/\"]}]},{\"@type\":\"ImageObject\",\"inLanguage\":\"pt-PT\",\"@id\":\"https:\\\/\\\/jornaldasoficinas.com\\\/pt\\\/mann-hummel-geram-filtro-mann-filter-cuk-34-003\\\/#primaryimage\",\"url\":\"https:\\\/\\\/jornaldasoficinas.com\\\/pt\\\/wp-content\\\/uploads\\\/2020\\\/10\\\/MANN-HUMMEL-geram-filtro-MANN-FILTER-CUK-34-003.jpg\",\"contentUrl\":\"https:\\\/\\\/jornaldasoficinas.com\\\/pt\\\/wp-content\\\/uploads\\\/2020\\\/10\\\/MANN-HUMMEL-geram-filtro-MANN-FILTER-CUK-34-003.jpg\",\"width\":1024,\"height\":581,\"caption\":\"10 - MANN-HUMMEL-geram-filtro-MANN-FILTER-CUK-34-003\"},{\"@type\":\"BreadcrumbList\",\"@id\":\"https:\\\/\\\/jornaldasoficinas.com\\\/pt\\\/mann-hummel-geram-filtro-mann-filter-cuk-34-003\\\/#breadcrumb\",\"itemListElement\":[{\"@type\":\"ListItem\",\"position\":1,\"name\":\"In\u00edcio\",\"item\":\"https:\\\/\\\/jornaldasoficinas.com\\\/pt\\\/\"},{\"@type\":\"ListItem\",\"position\":2,\"name\":\"MANN + HUMMEL geram filtro MANN-FILTER CUK 34 003\"}]},{\"@type\":\"WebSite\",\"@id\":\"https:\\\/\\\/jornaldasoficinas.com\\\/pt\\\/#website\",\"url\":\"https:\\\/\\\/jornaldasoficinas.com\\\/pt\\\/\",\"name\":\"Jornal das Oficinas\",\"description\":\"Jornal independente do Aftermarket Autom\u00f3vel em Portugal\",\"publisher\":{\"@id\":\"https:\\\/\\\/jornaldasoficinas.com\\\/pt\\\/#organization\"},\"potentialAction\":[{\"@type\":\"SearchAction\",\"target\":{\"@type\":\"EntryPoint\",\"urlTemplate\":\"https:\\\/\\\/jornaldasoficinas.com\\\/pt\\\/?s={search_term_string}\"},\"query-input\":{\"@type\":\"PropertyValueSpecification\",\"valueRequired\":true,\"valueName\":\"search_term_string\"}}],\"inLanguage\":\"pt-PT\"},{\"@type\":\"Organization\",\"@id\":\"https:\\\/\\\/jornaldasoficinas.com\\\/pt\\\/#organization\",\"name\":\"Jornal das Oficinas\",\"url\":\"https:\\\/\\\/jornaldasoficinas.com\\\/pt\\\/\",\"logo\":{\"@type\":\"ImageObject\",\"inLanguage\":\"pt-PT\",\"@id\":\"https:\\\/\\\/jornaldasoficinas.com\\\/pt\\\/#\\\/schema\\\/logo\\\/image\\\/\",\"url\":\"https:\\\/\\\/jornaldasoficinas.com\\\/pt\\\/wp-content\\\/uploads\\\/logoJO-SEO.png\",\"contentUrl\":\"https:\\\/\\\/jornaldasoficinas.com\\\/pt\\\/wp-content\\\/uploads\\\/logoJO-SEO.png\",\"width\":285,\"height\":450,\"caption\":\"Jornal das Oficinas\"},\"image\":{\"@id\":\"https:\\\/\\\/jornaldasoficinas.com\\\/pt\\\/#\\\/schema\\\/logo\\\/image\\\/\"},\"sameAs\":[\"https:\\\/\\\/www.facebook.com\\\/jornaloficinas\",\"https:\\\/\\\/x.com\\\/jornaloficinas\",\"https:\\\/\\\/www.instagram.com\\\/jornal_oficinas\\\/\",\"https:\\\/\\\/www.linkedin.com\\\/company\\\/jornal-das-oficinas\\\/\",\"https:\\\/\\\/www.youtube.com\\\/channel\\\/UCbQZBqtcvV-oSQrr7RzINGg\"]},{\"@type\":\"Person\",\"@id\":\"https:\\\/\\\/jornaldasoficinas.com\\\/pt\\\/#\\\/schema\\\/person\\\/a38eef5de2c41d9e7c9ac10141afddf3\",\"name\":\"Reda\u00e7\u00e3o JO\",\"image\":{\"@type\":\"ImageObject\",\"inLanguage\":\"pt-PT\",\"@id\":\"https:\\\/\\\/secure.gravatar.com\\\/avatar\\\/71f2fa71737ad68a84fea94bc708ddac8ea5b0c4788dc2ad202f3ccb2887742f?s=96&d=wp_user_avatar&r=g\",\"url\":\"https:\\\/\\\/secure.gravatar.com\\\/avatar\\\/71f2fa71737ad68a84fea94bc708ddac8ea5b0c4788dc2ad202f3ccb2887742f?s=96&d=wp_user_avatar&r=g\",\"contentUrl\":\"https:\\\/\\\/secure.gravatar.com\\\/avatar\\\/71f2fa71737ad68a84fea94bc708ddac8ea5b0c4788dc2ad202f3ccb2887742f?s=96&d=wp_user_avatar&r=g\",\"caption\":\"Reda\u00e7\u00e3o JO\"},\"url\":\"https:\\\/\\\/jornaldasoficinas.com\\\/pt\\\/author\\\/joredacao\\\/\"}]}<\/script>\n<!-- \/ Yoast SEO plugin. -->","yoast_head_json":{"title":"MANN + HUMMEL geram filtro MANN-FILTER CUK 34 003 - Jornal das Oficinas","robots":{"index":"index","follow":"follow","max-snippet":"max-snippet:-1","max-image-preview":"max-image-preview:large","max-video-preview":"max-video-preview:-1"},"canonical":"https:\/\/jornaldasoficinas.com\/pt\/mann-hummel-geram-filtro-mann-filter-cuk-34-003\/","og_locale":"pt_PT","og_type":"article","og_title":"MANN + HUMMEL geram filtro MANN-FILTER CUK 34 003 - Jornal das Oficinas","og_description":"Os meios filtrantes desenvolvidos pela MANN...","og_url":"https:\/\/jornaldasoficinas.com\/pt\/mann-hummel-geram-filtro-mann-filter-cuk-34-003\/","og_site_name":"Jornal das Oficinas","article_publisher":"https:\/\/www.facebook.com\/jornaloficinas","article_published_time":"2020-10-04T09:00:39+00:00","article_modified_time":"2021-04-29T17:07:11+00:00","og_image":[{"width":1024,"height":581,"url":"https:\/\/jornaldasoficinas.com\/pt\/wp-content\/uploads\/2020\/10\/MANN-HUMMEL-geram-filtro-MANN-FILTER-CUK-34-003.jpg","type":"image\/jpeg"}],"author":"Reda\u00e7\u00e3o JO","twitter_card":"summary_large_image","twitter_creator":"@jornaloficinas","twitter_site":"@jornaloficinas","twitter_misc":{"Escrito por":"Reda\u00e7\u00e3o JO","Tempo estimado de leitura":"2 minutos"},"schema":{"@context":"https:\/\/schema.org","@graph":[{"@type":"Article","@id":"https:\/\/jornaldasoficinas.com\/pt\/mann-hummel-geram-filtro-mann-filter-cuk-34-003\/#article","isPartOf":{"@id":"https:\/\/jornaldasoficinas.com\/pt\/mann-hummel-geram-filtro-mann-filter-cuk-34-003\/"},"author":{"name":"Reda\u00e7\u00e3o JO","@id":"https:\/\/jornaldasoficinas.com\/pt\/#\/schema\/person\/a38eef5de2c41d9e7c9ac10141afddf3"},"headline":"MANN + HUMMEL geram filtro MANN-FILTER CUK 34 003","datePublished":"2020-10-04T09:00:39+00:00","dateModified":"2021-04-29T17:07:11+00:00","mainEntityOfPage":{"@id":"https:\/\/jornaldasoficinas.com\/pt\/mann-hummel-geram-filtro-mann-filter-cuk-34-003\/"},"wordCount":435,"publisher":{"@id":"https:\/\/jornaldasoficinas.com\/pt\/#organization"},"image":{"@id":"https:\/\/jornaldasoficinas.com\/pt\/mann-hummel-geram-filtro-mann-filter-cuk-34-003\/#primaryimage"},"thumbnailUrl":"https:\/\/jornaldasoficinas.com\/pt\/wp-content\/uploads\/2020\/10\/MANN-HUMMEL-geram-filtro-MANN-FILTER-CUK-34-003.jpg","keywords":["MANN + HUMMEL"],"articleSection":["Mercado"],"inLanguage":"pt-PT"},{"@type":"WebPage","@id":"https:\/\/jornaldasoficinas.com\/pt\/mann-hummel-geram-filtro-mann-filter-cuk-34-003\/","url":"https:\/\/jornaldasoficinas.com\/pt\/mann-hummel-geram-filtro-mann-filter-cuk-34-003\/","name":"MANN + HUMMEL geram filtro MANN-FILTER CUK 34 003 - Jornal das Oficinas","isPartOf":{"@id":"https:\/\/jornaldasoficinas.com\/pt\/#website"},"primaryImageOfPage":{"@id":"https:\/\/jornaldasoficinas.com\/pt\/mann-hummel-geram-filtro-mann-filter-cuk-34-003\/#primaryimage"},"image":{"@id":"https:\/\/jornaldasoficinas.com\/pt\/mann-hummel-geram-filtro-mann-filter-cuk-34-003\/#primaryimage"},"thumbnailUrl":"https:\/\/jornaldasoficinas.com\/pt\/wp-content\/uploads\/2020\/10\/MANN-HUMMEL-geram-filtro-MANN-FILTER-CUK-34-003.jpg","datePublished":"2020-10-04T09:00:39+00:00","dateModified":"2021-04-29T17:07:11+00:00","breadcrumb":{"@id":"https:\/\/jornaldasoficinas.com\/pt\/mann-hummel-geram-filtro-mann-filter-cuk-34-003\/#breadcrumb"},"inLanguage":"pt-PT","potentialAction":[{"@type":"ReadAction","target":["https:\/\/jornaldasoficinas.com\/pt\/mann-hummel-geram-filtro-mann-filter-cuk-34-003\/"]}]},{"@type":"ImageObject","inLanguage":"pt-PT","@id":"https:\/\/jornaldasoficinas.com\/pt\/mann-hummel-geram-filtro-mann-filter-cuk-34-003\/#primaryimage","url":"https:\/\/jornaldasoficinas.com\/pt\/wp-content\/uploads\/2020\/10\/MANN-HUMMEL-geram-filtro-MANN-FILTER-CUK-34-003.jpg","contentUrl":"https:\/\/jornaldasoficinas.com\/pt\/wp-content\/uploads\/2020\/10\/MANN-HUMMEL-geram-filtro-MANN-FILTER-CUK-34-003.jpg","width":1024,"height":581,"caption":"10 - MANN-HUMMEL-geram-filtro-MANN-FILTER-CUK-34-003"},{"@type":"BreadcrumbList","@id":"https:\/\/jornaldasoficinas.com\/pt\/mann-hummel-geram-filtro-mann-filter-cuk-34-003\/#breadcrumb","itemListElement":[{"@type":"ListItem","position":1,"name":"In\u00edcio","item":"https:\/\/jornaldasoficinas.com\/pt\/"},{"@type":"ListItem","position":2,"name":"MANN + HUMMEL geram filtro MANN-FILTER CUK 34 003"}]},{"@type":"WebSite","@id":"https:\/\/jornaldasoficinas.com\/pt\/#website","url":"https:\/\/jornaldasoficinas.com\/pt\/","name":"Jornal das Oficinas","description":"Jornal independente do Aftermarket Autom\u00f3vel em Portugal","publisher":{"@id":"https:\/\/jornaldasoficinas.com\/pt\/#organization"},"potentialAction":[{"@type":"SearchAction","target":{"@type":"EntryPoint","urlTemplate":"https:\/\/jornaldasoficinas.com\/pt\/?s={search_term_string}"},"query-input":{"@type":"PropertyValueSpecification","valueRequired":true,"valueName":"search_term_string"}}],"inLanguage":"pt-PT"},{"@type":"Organization","@id":"https:\/\/jornaldasoficinas.com\/pt\/#organization","name":"Jornal das Oficinas","url":"https:\/\/jornaldasoficinas.com\/pt\/","logo":{"@type":"ImageObject","inLanguage":"pt-PT","@id":"https:\/\/jornaldasoficinas.com\/pt\/#\/schema\/logo\/image\/","url":"https:\/\/jornaldasoficinas.com\/pt\/wp-content\/uploads\/logoJO-SEO.png","contentUrl":"https:\/\/jornaldasoficinas.com\/pt\/wp-content\/uploads\/logoJO-SEO.png","width":285,"height":450,"caption":"Jornal das Oficinas"},"image":{"@id":"https:\/\/jornaldasoficinas.com\/pt\/#\/schema\/logo\/image\/"},"sameAs":["https:\/\/www.facebook.com\/jornaloficinas","https:\/\/x.com\/jornaloficinas","https:\/\/www.instagram.com\/jornal_oficinas\/","https:\/\/www.linkedin.com\/company\/jornal-das-oficinas\/","https:\/\/www.youtube.com\/channel\/UCbQZBqtcvV-oSQrr7RzINGg"]},{"@type":"Person","@id":"https:\/\/jornaldasoficinas.com\/pt\/#\/schema\/person\/a38eef5de2c41d9e7c9ac10141afddf3","name":"Reda\u00e7\u00e3o JO","image":{"@type":"ImageObject","inLanguage":"pt-PT","@id":"https:\/\/secure.gravatar.com\/avatar\/71f2fa71737ad68a84fea94bc708ddac8ea5b0c4788dc2ad202f3ccb2887742f?s=96&d=wp_user_avatar&r=g","url":"https:\/\/secure.gravatar.com\/avatar\/71f2fa71737ad68a84fea94bc708ddac8ea5b0c4788dc2ad202f3ccb2887742f?s=96&d=wp_user_avatar&r=g","contentUrl":"https:\/\/secure.gravatar.com\/avatar\/71f2fa71737ad68a84fea94bc708ddac8ea5b0c4788dc2ad202f3ccb2887742f?s=96&d=wp_user_avatar&r=g","caption":"Reda\u00e7\u00e3o JO"},"url":"https:\/\/jornaldasoficinas.com\/pt\/author\/joredacao\/"}]}},"_links":{"self":[{"href":"https:\/\/jornaldasoficinas.com\/pt\/wp-json\/wp\/v2\/posts\/16190","targetHints":{"allow":["GET"]}}],"collection":[{"href":"https:\/\/jornaldasoficinas.com\/pt\/wp-json\/wp\/v2\/posts"}],"about":[{"href":"https:\/\/jornaldasoficinas.com\/pt\/wp-json\/wp\/v2\/types\/post"}],"author":[{"embeddable":true,"href":"https:\/\/jornaldasoficinas.com\/pt\/wp-json\/wp\/v2\/users\/15"}],"replies":[{"embeddable":true,"href":"https:\/\/jornaldasoficinas.com\/pt\/wp-json\/wp\/v2\/comments?post=16190"}],"version-history":[{"count":0,"href":"https:\/\/jornaldasoficinas.com\/pt\/wp-json\/wp\/v2\/posts\/16190\/revisions"}],"wp:featuredmedia":[{"embeddable":true,"href":"https:\/\/jornaldasoficinas.com\/pt\/wp-json\/wp\/v2\/media\/16179"}],"wp:attachment":[{"href":"https:\/\/jornaldasoficinas.com\/pt\/wp-json\/wp\/v2\/media?parent=16190"}],"wp:term":[{"taxonomy":"category","embeddable":true,"href":"https:\/\/jornaldasoficinas.com\/pt\/wp-json\/wp\/v2\/categories?post=16190"},{"taxonomy":"post_tag","embeddable":true,"href":"https:\/\/jornaldasoficinas.com\/pt\/wp-json\/wp\/v2\/tags?post=16190"}],"curies":[{"name":"wp","href":"https:\/\/api.w.org\/{rel}","templated":true}]}}