{"id":16212,"date":"2020-10-07T10:00:25","date_gmt":"2020-10-07T09:00:25","guid":{"rendered":"https:\/\/jornaldasoficinas.com\/pt\/?p=16212"},"modified":"2020-10-07T09:12:59","modified_gmt":"2020-10-07T08:12:59","slug":"mf-pinto-reestrutura-instalacoes-de-sintra","status":"publish","type":"post","link":"https:\/\/jornaldasoficinas.com\/pt\/mf-pinto-reestrutura-instalacoes-de-sintra\/","title":{"rendered":"MF Pinto reestrutura Instala\u00e7\u00f5es de Sintra"},"content":{"rendered":"<p><strong><img loading=\"lazy\" decoding=\"async\" class=\"alignnone wp-image-16214 size-full\" src=\"https:\/\/jornaldasoficinas.com\/pt\/wp-content\/uploads\/2020\/10\/AMF-Pinto-reestrutura-Instalac\u0327o\u0303es-de-Sintra.jpg\" alt=\"10 - AMF-Pinto-reestrutura-Instalac\u0327o\u0303es-de-Sintra\" width=\"1024\" height=\"581\" srcset=\"https:\/\/jornaldasoficinas.com\/pt\/wp-content\/uploads\/2020\/10\/AMF-Pinto-reestrutura-Instalac\u0327o\u0303es-de-Sintra.jpg 1024w, https:\/\/jornaldasoficinas.com\/pt\/wp-content\/uploads\/2020\/10\/AMF-Pinto-reestrutura-Instalac\u0327o\u0303es-de-Sintra-300x170.jpg 300w, https:\/\/jornaldasoficinas.com\/pt\/wp-content\/uploads\/2020\/10\/AMF-Pinto-reestrutura-Instalac\u0327o\u0303es-de-Sintra-150x85.jpg 150w, https:\/\/jornaldasoficinas.com\/pt\/wp-content\/uploads\/2020\/10\/AMF-Pinto-reestrutura-Instalac\u0327o\u0303es-de-Sintra-768x436.jpg 768w\" sizes=\"auto, (max-width: 1024px) 100vw, 1024px\" \/><\/strong><\/p>\n<p><strong>A MF Pinto acaba de alargar as suas instala\u00e7\u00f5es. Atualmente a empresa conta com cerca de 2.000 m\u00b2 para escrit\u00f3rios, \u00e1rea t\u00e9cnica e armaz\u00e9m. Esta atualiza\u00e7\u00e3o permite \u00e0 empresa aumentar o volume dos stocks<\/strong><\/p>\n<p>Numa altura em que se tornou, mais do que nunca, necess\u00e1rio a afirma\u00e7\u00e3o e a persist\u00eancia no neg\u00f3cio do aftermarket, a <a href=\"https:\/\/mfpinto.com\/\" target=\"_blank\" rel=\"noopener noreferrer\">MF Pinto<\/a> d\u00e1 o passo que lhe faltava. Desde 2010 sediados na zona Industrial da Abrunheira, aproveitaram a pandemia para aumentar os 900 m\u00b2 que possu\u00edam para 2000 m\u00b2. Medidas \u00e0 parte, estas remodeladas instala\u00e7\u00f5es permitiram \u00e0 empresa de Sintra, n\u00e3o s\u00f3 aumentar a capacidade de stock, como tamb\u00e9m dar melhores condi\u00e7\u00f5es de trabalho aos seus 30 colaboradores.<\/p>\n<p>O Jornal das Oficinas est\u00e1 sempre em cima do acontecimento e claro, fomos at\u00e9 \u00e0 MF Pinto, a distribuidora <em>&#8216;expert&#8217;<\/em> de Sistemas de inje\u00e7\u00e3o Diesel e Turbocompressores, conhecer os cantos \u00e0 casa. \u00a0Estivemos \u00e0 conversa com o diretor geral da empresa, Jorge Costa Pinto que nos explicou o que mudou \u201cA nossa capacidade de stock j\u00e1 estava bastante limitada e agora aumentou significativamente. Desde 2017 que come\u00e7\u00e1mos a notar algumas dificuldades, foi uma oportunidade que surgiu agora e n\u00e3o quisemos deixar de a agarrar. N\u00e3o foi preciso arranjar outro espa\u00e7o geogr\u00e1fico e conseguimos duplicar o que n\u00f3s t\u00ednhamos. Pass\u00e1mos a ter uma capacidade de stock muito maior e tamb\u00e9m conseguimos dar aos nossos colaboradores melhores condi\u00e7\u00f5es de trabalho\u201d.<\/p>\n<p><strong>Nova \u00e1rea t\u00e9cnica \u00e9 uma mais valia<br \/>\n<\/strong>A nova \u00e1rea t\u00e9cnica da empresa est\u00e1 destinada ao armaz\u00e9m e aos colaboradores que efetuam a gest\u00e3o de produto. Jorge explica \u201cA nova \u00e1rea est\u00e1 integrada com a antiga, \u00e9 um prolongamento. Atualmente melhorou em grande escala o nosso servi\u00e7o de p\u00f3s-venda, contempla as garantias, que para n\u00f3s \u00e9 sempre um grande problema. Permitiu-nos aumentar a nossa gama de turbos e dar uma resposta muito mais r\u00e1pida aos nossos clientes\u201d.<\/p>\n<p>Apesar destas mudan\u00e7as, se h\u00e1 coisa que n\u00e3o muda na MF Pinto s\u00e3o as forma\u00e7\u00f5es t\u00e9cnicas aos Turbocompressores. \u201cAtualmente estamos a ser muito procurados por empres\u00e1rios que querem entrar na \u00e1rea e ter conhecimento sobre a repara\u00e7\u00e3o de um turbo. Para al\u00e9m da forma\u00e7\u00e3o t\u00e9cnica que prestamos, fornecemos as pe\u00e7as para a repara\u00e7\u00e3o e podemos tamb\u00e9m fornecer os equipamentos. No fundo, \u00e9 um servi\u00e7o global na \u00e1rea dos turbos\u201d, revelou o diretor geral.<\/p>\n<p>Ap\u00f3s um grande investimento como o que fizeram, numa altura de pandemia, Jorge Costa explicou ao Jornal das Oficinas que o contexto do Covid-19 lhes trouxe alguma instabilidade inicialmente, mas que acabou por n\u00e3o se refletir na empresa \u201cAbril e Maio foram meses de poucas vendas, como para todas as empresas deste ramo, no entanto, posso afirmar que vivemos esta fase relativamente tranquilos. Fizemos algumas altera\u00e7\u00f5es na empresa, enviamos alguns funcion\u00e1rios para teletrabalho, posicionamos as instala\u00e7\u00f5es de modo a que cumprissem os requisitos, mas de resto n\u00e3o sentimos o que muitas empresas sentiram\u201d, o diretor geral da MF Pinto fez ainda quest\u00e3o de acrescentar \u201cEsta pandemia \u00e9 uma oportunidade para o aftermarket. Quero com isto dizer que os automobilistas v\u00e3o guardar os carros, n\u00e3o os v\u00e3o trocar t\u00e3o rapidamente, v\u00e3o fazer mais quil\u00f3metros, logo v\u00e3o precisar de mais pe\u00e7as. Vejo com otimismo o resto do ano, n\u00e3o h\u00e1 nenhuma raz\u00e3o que me leve a ser pessimista. Atualmente a MF Pinto est\u00e1 dentro do mesmo n\u00famero de vendas face ao ano de 2019\u201d, afirmou.<\/p>\n<p>Leia o artigo completo<a href=\"https:\/\/www.yumpu.com\/pt\/document\/read\/64404093\/jornal-das-oficinas-179\/26\" target=\"_blank\" rel=\"noopener noreferrer\"><strong> aqui<\/strong><\/a><\/p>\n","protected":false},"excerpt":{"rendered":"<p>A MF Pinto acaba de alargar&#8230;<\/p>\n","protected":false},"author":15,"featured_media":16214,"comment_status":"closed","ping_status":"closed","sticky":false,"template":"","format":"standard","meta":{"footnotes":""},"categories":[29],"tags":[1990],"class_list":["post-16212","post","type-post","status-publish","format-standard","has-post-thumbnail","hentry","category-empresas","tag-mf-pinto"],"yoast_head":"<!-- This site is optimized with the Yoast SEO plugin v27.4 - https:\/\/yoast.com\/product\/yoast-seo-wordpress\/ -->\n<title>MF Pinto reestrutura Instala\u00e7\u00f5es de Sintra - Jornal das Oficinas<\/title>\n<meta name=\"robots\" content=\"index, follow, max-snippet:-1, max-image-preview:large, max-video-preview:-1\" \/>\n<link rel=\"canonical\" href=\"https:\/\/jornaldasoficinas.com\/pt\/mf-pinto-reestrutura-instalacoes-de-sintra\/\" \/>\n<meta property=\"og:locale\" content=\"pt_PT\" \/>\n<meta property=\"og:type\" content=\"article\" \/>\n<meta property=\"og:title\" content=\"MF Pinto reestrutura Instala\u00e7\u00f5es de Sintra - Jornal das Oficinas\" \/>\n<meta property=\"og:description\" content=\"A MF Pinto acaba de alargar...\" \/>\n<meta property=\"og:url\" content=\"https:\/\/jornaldasoficinas.com\/pt\/mf-pinto-reestrutura-instalacoes-de-sintra\/\" \/>\n<meta property=\"og:site_name\" content=\"Jornal das Oficinas\" \/>\n<meta property=\"article:publisher\" content=\"https:\/\/www.facebook.com\/jornaloficinas\" \/>\n<meta property=\"article:published_time\" content=\"2020-10-07T09:00:25+00:00\" \/>\n<meta property=\"og:image\" content=\"https:\/\/jornaldasoficinas.com\/pt\/wp-content\/uploads\/2020\/10\/AMF-Pinto-reestrutura-Instalac\u0327o\u0303es-de-Sintra.jpg\" \/>\n\t<meta property=\"og:image:width\" content=\"1024\" \/>\n\t<meta property=\"og:image:height\" content=\"581\" \/>\n\t<meta property=\"og:image:type\" content=\"image\/jpeg\" \/>\n<meta name=\"author\" content=\"Reda\u00e7\u00e3o JO\" \/>\n<meta name=\"twitter:card\" content=\"summary_large_image\" \/>\n<meta name=\"twitter:creator\" content=\"@jornaloficinas\" \/>\n<meta name=\"twitter:site\" content=\"@jornaloficinas\" \/>\n<meta name=\"twitter:label1\" content=\"Escrito por\" \/>\n\t<meta name=\"twitter:data1\" content=\"Reda\u00e7\u00e3o JO\" \/>\n\t<meta name=\"twitter:label2\" content=\"Tempo estimado de leitura\" \/>\n\t<meta name=\"twitter:data2\" content=\"3 minutos\" \/>\n<script type=\"application\/ld+json\" class=\"yoast-schema-graph\">{\"@context\":\"https:\\\/\\\/schema.org\",\"@graph\":[{\"@type\":\"Article\",\"@id\":\"https:\\\/\\\/jornaldasoficinas.com\\\/pt\\\/mf-pinto-reestrutura-instalacoes-de-sintra\\\/#article\",\"isPartOf\":{\"@id\":\"https:\\\/\\\/jornaldasoficinas.com\\\/pt\\\/mf-pinto-reestrutura-instalacoes-de-sintra\\\/\"},\"author\":{\"name\":\"Reda\u00e7\u00e3o JO\",\"@id\":\"https:\\\/\\\/jornaldasoficinas.com\\\/pt\\\/#\\\/schema\\\/person\\\/a38eef5de2c41d9e7c9ac10141afddf3\"},\"headline\":\"MF Pinto reestrutura Instala\u00e7\u00f5es de Sintra\",\"datePublished\":\"2020-10-07T09:00:25+00:00\",\"mainEntityOfPage\":{\"@id\":\"https:\\\/\\\/jornaldasoficinas.com\\\/pt\\\/mf-pinto-reestrutura-instalacoes-de-sintra\\\/\"},\"wordCount\":613,\"publisher\":{\"@id\":\"https:\\\/\\\/jornaldasoficinas.com\\\/pt\\\/#organization\"},\"image\":{\"@id\":\"https:\\\/\\\/jornaldasoficinas.com\\\/pt\\\/mf-pinto-reestrutura-instalacoes-de-sintra\\\/#primaryimage\"},\"thumbnailUrl\":\"https:\\\/\\\/jornaldasoficinas.com\\\/pt\\\/wp-content\\\/uploads\\\/2020\\\/10\\\/AMF-Pinto-reestrutura-Instalac\u0327o\u0303es-de-Sintra.jpg\",\"keywords\":[\"MF Pinto\"],\"articleSection\":[\"Empresas\"],\"inLanguage\":\"pt-PT\"},{\"@type\":\"WebPage\",\"@id\":\"https:\\\/\\\/jornaldasoficinas.com\\\/pt\\\/mf-pinto-reestrutura-instalacoes-de-sintra\\\/\",\"url\":\"https:\\\/\\\/jornaldasoficinas.com\\\/pt\\\/mf-pinto-reestrutura-instalacoes-de-sintra\\\/\",\"name\":\"MF Pinto reestrutura Instala\u00e7\u00f5es de Sintra - Jornal das Oficinas\",\"isPartOf\":{\"@id\":\"https:\\\/\\\/jornaldasoficinas.com\\\/pt\\\/#website\"},\"primaryImageOfPage\":{\"@id\":\"https:\\\/\\\/jornaldasoficinas.com\\\/pt\\\/mf-pinto-reestrutura-instalacoes-de-sintra\\\/#primaryimage\"},\"image\":{\"@id\":\"https:\\\/\\\/jornaldasoficinas.com\\\/pt\\\/mf-pinto-reestrutura-instalacoes-de-sintra\\\/#primaryimage\"},\"thumbnailUrl\":\"https:\\\/\\\/jornaldasoficinas.com\\\/pt\\\/wp-content\\\/uploads\\\/2020\\\/10\\\/AMF-Pinto-reestrutura-Instalac\u0327o\u0303es-de-Sintra.jpg\",\"datePublished\":\"2020-10-07T09:00:25+00:00\",\"breadcrumb\":{\"@id\":\"https:\\\/\\\/jornaldasoficinas.com\\\/pt\\\/mf-pinto-reestrutura-instalacoes-de-sintra\\\/#breadcrumb\"},\"inLanguage\":\"pt-PT\",\"potentialAction\":[{\"@type\":\"ReadAction\",\"target\":[\"https:\\\/\\\/jornaldasoficinas.com\\\/pt\\\/mf-pinto-reestrutura-instalacoes-de-sintra\\\/\"]}]},{\"@type\":\"ImageObject\",\"inLanguage\":\"pt-PT\",\"@id\":\"https:\\\/\\\/jornaldasoficinas.com\\\/pt\\\/mf-pinto-reestrutura-instalacoes-de-sintra\\\/#primaryimage\",\"url\":\"https:\\\/\\\/jornaldasoficinas.com\\\/pt\\\/wp-content\\\/uploads\\\/2020\\\/10\\\/AMF-Pinto-reestrutura-Instalac\u0327o\u0303es-de-Sintra.jpg\",\"contentUrl\":\"https:\\\/\\\/jornaldasoficinas.com\\\/pt\\\/wp-content\\\/uploads\\\/2020\\\/10\\\/AMF-Pinto-reestrutura-Instalac\u0327o\u0303es-de-Sintra.jpg\",\"width\":1024,\"height\":581,\"caption\":\"10 - AMF-Pinto-reestrutura-Instalac\u0327o\u0303es-de-Sintra\"},{\"@type\":\"BreadcrumbList\",\"@id\":\"https:\\\/\\\/jornaldasoficinas.com\\\/pt\\\/mf-pinto-reestrutura-instalacoes-de-sintra\\\/#breadcrumb\",\"itemListElement\":[{\"@type\":\"ListItem\",\"position\":1,\"name\":\"In\u00edcio\",\"item\":\"https:\\\/\\\/jornaldasoficinas.com\\\/pt\\\/\"},{\"@type\":\"ListItem\",\"position\":2,\"name\":\"MF Pinto reestrutura Instala\u00e7\u00f5es de Sintra\"}]},{\"@type\":\"WebSite\",\"@id\":\"https:\\\/\\\/jornaldasoficinas.com\\\/pt\\\/#website\",\"url\":\"https:\\\/\\\/jornaldasoficinas.com\\\/pt\\\/\",\"name\":\"Jornal das Oficinas\",\"description\":\"Jornal independente do Aftermarket Autom\u00f3vel em Portugal\",\"publisher\":{\"@id\":\"https:\\\/\\\/jornaldasoficinas.com\\\/pt\\\/#organization\"},\"potentialAction\":[{\"@type\":\"SearchAction\",\"target\":{\"@type\":\"EntryPoint\",\"urlTemplate\":\"https:\\\/\\\/jornaldasoficinas.com\\\/pt\\\/?s={search_term_string}\"},\"query-input\":{\"@type\":\"PropertyValueSpecification\",\"valueRequired\":true,\"valueName\":\"search_term_string\"}}],\"inLanguage\":\"pt-PT\"},{\"@type\":\"Organization\",\"@id\":\"https:\\\/\\\/jornaldasoficinas.com\\\/pt\\\/#organization\",\"name\":\"Jornal das Oficinas\",\"url\":\"https:\\\/\\\/jornaldasoficinas.com\\\/pt\\\/\",\"logo\":{\"@type\":\"ImageObject\",\"inLanguage\":\"pt-PT\",\"@id\":\"https:\\\/\\\/jornaldasoficinas.com\\\/pt\\\/#\\\/schema\\\/logo\\\/image\\\/\",\"url\":\"https:\\\/\\\/jornaldasoficinas.com\\\/pt\\\/wp-content\\\/uploads\\\/logoJO-SEO.png\",\"contentUrl\":\"https:\\\/\\\/jornaldasoficinas.com\\\/pt\\\/wp-content\\\/uploads\\\/logoJO-SEO.png\",\"width\":285,\"height\":450,\"caption\":\"Jornal das Oficinas\"},\"image\":{\"@id\":\"https:\\\/\\\/jornaldasoficinas.com\\\/pt\\\/#\\\/schema\\\/logo\\\/image\\\/\"},\"sameAs\":[\"https:\\\/\\\/www.facebook.com\\\/jornaloficinas\",\"https:\\\/\\\/x.com\\\/jornaloficinas\",\"https:\\\/\\\/www.instagram.com\\\/jornal_oficinas\\\/\",\"https:\\\/\\\/www.linkedin.com\\\/company\\\/jornal-das-oficinas\\\/\",\"https:\\\/\\\/www.youtube.com\\\/channel\\\/UCbQZBqtcvV-oSQrr7RzINGg\"]},{\"@type\":\"Person\",\"@id\":\"https:\\\/\\\/jornaldasoficinas.com\\\/pt\\\/#\\\/schema\\\/person\\\/a38eef5de2c41d9e7c9ac10141afddf3\",\"name\":\"Reda\u00e7\u00e3o JO\",\"image\":{\"@type\":\"ImageObject\",\"inLanguage\":\"pt-PT\",\"@id\":\"https:\\\/\\\/secure.gravatar.com\\\/avatar\\\/71f2fa71737ad68a84fea94bc708ddac8ea5b0c4788dc2ad202f3ccb2887742f?s=96&d=wp_user_avatar&r=g\",\"url\":\"https:\\\/\\\/secure.gravatar.com\\\/avatar\\\/71f2fa71737ad68a84fea94bc708ddac8ea5b0c4788dc2ad202f3ccb2887742f?s=96&d=wp_user_avatar&r=g\",\"contentUrl\":\"https:\\\/\\\/secure.gravatar.com\\\/avatar\\\/71f2fa71737ad68a84fea94bc708ddac8ea5b0c4788dc2ad202f3ccb2887742f?s=96&d=wp_user_avatar&r=g\",\"caption\":\"Reda\u00e7\u00e3o JO\"},\"url\":\"https:\\\/\\\/jornaldasoficinas.com\\\/pt\\\/author\\\/joredacao\\\/\"}]}<\/script>\n<!-- \/ Yoast SEO plugin. -->","yoast_head_json":{"title":"MF Pinto reestrutura Instala\u00e7\u00f5es de Sintra - Jornal das Oficinas","robots":{"index":"index","follow":"follow","max-snippet":"max-snippet:-1","max-image-preview":"max-image-preview:large","max-video-preview":"max-video-preview:-1"},"canonical":"https:\/\/jornaldasoficinas.com\/pt\/mf-pinto-reestrutura-instalacoes-de-sintra\/","og_locale":"pt_PT","og_type":"article","og_title":"MF Pinto reestrutura Instala\u00e7\u00f5es de Sintra - Jornal das Oficinas","og_description":"A MF Pinto acaba de alargar...","og_url":"https:\/\/jornaldasoficinas.com\/pt\/mf-pinto-reestrutura-instalacoes-de-sintra\/","og_site_name":"Jornal das Oficinas","article_publisher":"https:\/\/www.facebook.com\/jornaloficinas","article_published_time":"2020-10-07T09:00:25+00:00","og_image":[{"width":1024,"height":581,"url":"https:\/\/jornaldasoficinas.com\/pt\/wp-content\/uploads\/2020\/10\/AMF-Pinto-reestrutura-Instalac\u0327o\u0303es-de-Sintra.jpg","type":"image\/jpeg"}],"author":"Reda\u00e7\u00e3o JO","twitter_card":"summary_large_image","twitter_creator":"@jornaloficinas","twitter_site":"@jornaloficinas","twitter_misc":{"Escrito por":"Reda\u00e7\u00e3o JO","Tempo estimado de leitura":"3 minutos"},"schema":{"@context":"https:\/\/schema.org","@graph":[{"@type":"Article","@id":"https:\/\/jornaldasoficinas.com\/pt\/mf-pinto-reestrutura-instalacoes-de-sintra\/#article","isPartOf":{"@id":"https:\/\/jornaldasoficinas.com\/pt\/mf-pinto-reestrutura-instalacoes-de-sintra\/"},"author":{"name":"Reda\u00e7\u00e3o JO","@id":"https:\/\/jornaldasoficinas.com\/pt\/#\/schema\/person\/a38eef5de2c41d9e7c9ac10141afddf3"},"headline":"MF Pinto reestrutura Instala\u00e7\u00f5es de Sintra","datePublished":"2020-10-07T09:00:25+00:00","mainEntityOfPage":{"@id":"https:\/\/jornaldasoficinas.com\/pt\/mf-pinto-reestrutura-instalacoes-de-sintra\/"},"wordCount":613,"publisher":{"@id":"https:\/\/jornaldasoficinas.com\/pt\/#organization"},"image":{"@id":"https:\/\/jornaldasoficinas.com\/pt\/mf-pinto-reestrutura-instalacoes-de-sintra\/#primaryimage"},"thumbnailUrl":"https:\/\/jornaldasoficinas.com\/pt\/wp-content\/uploads\/2020\/10\/AMF-Pinto-reestrutura-Instalac\u0327o\u0303es-de-Sintra.jpg","keywords":["MF Pinto"],"articleSection":["Empresas"],"inLanguage":"pt-PT"},{"@type":"WebPage","@id":"https:\/\/jornaldasoficinas.com\/pt\/mf-pinto-reestrutura-instalacoes-de-sintra\/","url":"https:\/\/jornaldasoficinas.com\/pt\/mf-pinto-reestrutura-instalacoes-de-sintra\/","name":"MF Pinto reestrutura Instala\u00e7\u00f5es de Sintra - Jornal das Oficinas","isPartOf":{"@id":"https:\/\/jornaldasoficinas.com\/pt\/#website"},"primaryImageOfPage":{"@id":"https:\/\/jornaldasoficinas.com\/pt\/mf-pinto-reestrutura-instalacoes-de-sintra\/#primaryimage"},"image":{"@id":"https:\/\/jornaldasoficinas.com\/pt\/mf-pinto-reestrutura-instalacoes-de-sintra\/#primaryimage"},"thumbnailUrl":"https:\/\/jornaldasoficinas.com\/pt\/wp-content\/uploads\/2020\/10\/AMF-Pinto-reestrutura-Instalac\u0327o\u0303es-de-Sintra.jpg","datePublished":"2020-10-07T09:00:25+00:00","breadcrumb":{"@id":"https:\/\/jornaldasoficinas.com\/pt\/mf-pinto-reestrutura-instalacoes-de-sintra\/#breadcrumb"},"inLanguage":"pt-PT","potentialAction":[{"@type":"ReadAction","target":["https:\/\/jornaldasoficinas.com\/pt\/mf-pinto-reestrutura-instalacoes-de-sintra\/"]}]},{"@type":"ImageObject","inLanguage":"pt-PT","@id":"https:\/\/jornaldasoficinas.com\/pt\/mf-pinto-reestrutura-instalacoes-de-sintra\/#primaryimage","url":"https:\/\/jornaldasoficinas.com\/pt\/wp-content\/uploads\/2020\/10\/AMF-Pinto-reestrutura-Instalac\u0327o\u0303es-de-Sintra.jpg","contentUrl":"https:\/\/jornaldasoficinas.com\/pt\/wp-content\/uploads\/2020\/10\/AMF-Pinto-reestrutura-Instalac\u0327o\u0303es-de-Sintra.jpg","width":1024,"height":581,"caption":"10 - AMF-Pinto-reestrutura-Instalac\u0327o\u0303es-de-Sintra"},{"@type":"BreadcrumbList","@id":"https:\/\/jornaldasoficinas.com\/pt\/mf-pinto-reestrutura-instalacoes-de-sintra\/#breadcrumb","itemListElement":[{"@type":"ListItem","position":1,"name":"In\u00edcio","item":"https:\/\/jornaldasoficinas.com\/pt\/"},{"@type":"ListItem","position":2,"name":"MF Pinto reestrutura Instala\u00e7\u00f5es de Sintra"}]},{"@type":"WebSite","@id":"https:\/\/jornaldasoficinas.com\/pt\/#website","url":"https:\/\/jornaldasoficinas.com\/pt\/","name":"Jornal das Oficinas","description":"Jornal independente do Aftermarket Autom\u00f3vel em Portugal","publisher":{"@id":"https:\/\/jornaldasoficinas.com\/pt\/#organization"},"potentialAction":[{"@type":"SearchAction","target":{"@type":"EntryPoint","urlTemplate":"https:\/\/jornaldasoficinas.com\/pt\/?s={search_term_string}"},"query-input":{"@type":"PropertyValueSpecification","valueRequired":true,"valueName":"search_term_string"}}],"inLanguage":"pt-PT"},{"@type":"Organization","@id":"https:\/\/jornaldasoficinas.com\/pt\/#organization","name":"Jornal das Oficinas","url":"https:\/\/jornaldasoficinas.com\/pt\/","logo":{"@type":"ImageObject","inLanguage":"pt-PT","@id":"https:\/\/jornaldasoficinas.com\/pt\/#\/schema\/logo\/image\/","url":"https:\/\/jornaldasoficinas.com\/pt\/wp-content\/uploads\/logoJO-SEO.png","contentUrl":"https:\/\/jornaldasoficinas.com\/pt\/wp-content\/uploads\/logoJO-SEO.png","width":285,"height":450,"caption":"Jornal das Oficinas"},"image":{"@id":"https:\/\/jornaldasoficinas.com\/pt\/#\/schema\/logo\/image\/"},"sameAs":["https:\/\/www.facebook.com\/jornaloficinas","https:\/\/x.com\/jornaloficinas","https:\/\/www.instagram.com\/jornal_oficinas\/","https:\/\/www.linkedin.com\/company\/jornal-das-oficinas\/","https:\/\/www.youtube.com\/channel\/UCbQZBqtcvV-oSQrr7RzINGg"]},{"@type":"Person","@id":"https:\/\/jornaldasoficinas.com\/pt\/#\/schema\/person\/a38eef5de2c41d9e7c9ac10141afddf3","name":"Reda\u00e7\u00e3o JO","image":{"@type":"ImageObject","inLanguage":"pt-PT","@id":"https:\/\/secure.gravatar.com\/avatar\/71f2fa71737ad68a84fea94bc708ddac8ea5b0c4788dc2ad202f3ccb2887742f?s=96&d=wp_user_avatar&r=g","url":"https:\/\/secure.gravatar.com\/avatar\/71f2fa71737ad68a84fea94bc708ddac8ea5b0c4788dc2ad202f3ccb2887742f?s=96&d=wp_user_avatar&r=g","contentUrl":"https:\/\/secure.gravatar.com\/avatar\/71f2fa71737ad68a84fea94bc708ddac8ea5b0c4788dc2ad202f3ccb2887742f?s=96&d=wp_user_avatar&r=g","caption":"Reda\u00e7\u00e3o JO"},"url":"https:\/\/jornaldasoficinas.com\/pt\/author\/joredacao\/"}]}},"_links":{"self":[{"href":"https:\/\/jornaldasoficinas.com\/pt\/wp-json\/wp\/v2\/posts\/16212","targetHints":{"allow":["GET"]}}],"collection":[{"href":"https:\/\/jornaldasoficinas.com\/pt\/wp-json\/wp\/v2\/posts"}],"about":[{"href":"https:\/\/jornaldasoficinas.com\/pt\/wp-json\/wp\/v2\/types\/post"}],"author":[{"embeddable":true,"href":"https:\/\/jornaldasoficinas.com\/pt\/wp-json\/wp\/v2\/users\/15"}],"replies":[{"embeddable":true,"href":"https:\/\/jornaldasoficinas.com\/pt\/wp-json\/wp\/v2\/comments?post=16212"}],"version-history":[{"count":0,"href":"https:\/\/jornaldasoficinas.com\/pt\/wp-json\/wp\/v2\/posts\/16212\/revisions"}],"wp:featuredmedia":[{"embeddable":true,"href":"https:\/\/jornaldasoficinas.com\/pt\/wp-json\/wp\/v2\/media\/16214"}],"wp:attachment":[{"href":"https:\/\/jornaldasoficinas.com\/pt\/wp-json\/wp\/v2\/media?parent=16212"}],"wp:term":[{"taxonomy":"category","embeddable":true,"href":"https:\/\/jornaldasoficinas.com\/pt\/wp-json\/wp\/v2\/categories?post=16212"},{"taxonomy":"post_tag","embeddable":true,"href":"https:\/\/jornaldasoficinas.com\/pt\/wp-json\/wp\/v2\/tags?post=16212"}],"curies":[{"name":"wp","href":"https:\/\/api.w.org\/{rel}","templated":true}]}}