{"id":16318,"date":"2020-10-13T18:00:41","date_gmt":"2020-10-13T17:00:41","guid":{"rendered":"https:\/\/jornaldasoficinas.com\/pt\/?p=16318"},"modified":"2020-10-14T08:36:21","modified_gmt":"2020-10-14T07:36:21","slug":"osram-lanca-nova-gama-dedicada-ao-cuidado-dos-pneus","status":"publish","type":"post","link":"https:\/\/jornaldasoficinas.com\/pt\/osram-lanca-nova-gama-dedicada-ao-cuidado-dos-pneus\/","title":{"rendered":"OSRAM lan\u00e7a nova gama dedicada ao cuidado dos pneus"},"content":{"rendered":"<p><img loading=\"lazy\" decoding=\"async\" class=\"alignnone wp-image-16287 size-full\" src=\"https:\/\/jornaldasoficinas.com\/pt\/wp-content\/uploads\/2020\/10\/OSRAM-lanc\u0327a-nova-gama-dedicada-ao-cuidado-dos-pneus.jpg\" alt=\"10 - OSRAM-lanc\u0327a-nova-gama-dedicada-ao-cuidado-dos-pneus\" width=\"1024\" height=\"581\" srcset=\"https:\/\/jornaldasoficinas.com\/pt\/wp-content\/uploads\/2020\/10\/OSRAM-lanc\u0327a-nova-gama-dedicada-ao-cuidado-dos-pneus.jpg 1024w, https:\/\/jornaldasoficinas.com\/pt\/wp-content\/uploads\/2020\/10\/OSRAM-lanc\u0327a-nova-gama-dedicada-ao-cuidado-dos-pneus-300x170.jpg 300w, https:\/\/jornaldasoficinas.com\/pt\/wp-content\/uploads\/2020\/10\/OSRAM-lanc\u0327a-nova-gama-dedicada-ao-cuidado-dos-pneus-150x85.jpg 150w, https:\/\/jornaldasoficinas.com\/pt\/wp-content\/uploads\/2020\/10\/OSRAM-lanc\u0327a-nova-gama-dedicada-ao-cuidado-dos-pneus-768x436.jpg 768w\" sizes=\"auto, (max-width: 1024px) 100vw, 1024px\" \/><\/p>\n<p><strong>OSRAM alarga portf\u00f3lio de produtos com nova categoria: BLS (Beyond Light Sources &#8211; Al\u00e9m das Fontes de Luz). Centra-se na seguran\u00e7a, facilidade de uso e manuten\u00e7\u00e3o flex\u00edvel do ve\u00edculo. Toda a gama \u00e9 dedicada ao Cuidado dos Pneus com os novos compressores OSRAM.<\/strong><\/p>\n<p>O portef\u00f3lio de produtos da OSRAM para o mercado de aftermarket autom\u00f3vel est\u00e1 a mudar e a ir al\u00e9m das fontes de luz. A marca alargou o neg\u00f3cio juntando uma nova categoria de produtos designada BLS (Beyond Light Sources &#8211; Al\u00e9m das Fontes de Luz).<\/p>\n<p>Muito poucos condutores verificam a press\u00e3o dos pneus uma vez por m\u00eas, conforme recomendado. A press\u00e3o ideal dos pneus tem muitos benef\u00edcios para o seu carro e pode melhorar a seguran\u00e7a nas estradas. Com a nova gama de compressores de ar pr\u00e1ticos da OSRAM, a manuten\u00e7\u00e3o dos pneus do seu ve\u00edculo ser\u00e1 mais f\u00e1cil do que nunca. Verificar a press\u00e3o dos pneus tornar-se-\u00e1 rotina antes de cada viagem e ap\u00f3s um longo per\u00edodo de estacionamento.<\/p>\n<p>Os pneus s\u00e3o o primeiro elemento de seguran\u00e7a de um ve\u00edculo, pois permitem uma boa ader\u00eancia ao solo. Embora os sensores equipados nos ve\u00edculos modernos avisem sobre a press\u00e3o incorreta dos pneus, a OSRAM recomenda verificar regularmente a sua press\u00e3o.<\/p>\n<p>Pneus com a press\u00e3o correta melhoram o controlo do ve\u00edculo na estrada, proporcionam uma \u00f3tima ader\u00eancia na estrada e, portanto, maior seguran\u00e7a. Por outro lado, pneus com press\u00e3o insuficiente ou em excesso podem reduzir o manuseamento. Nos pneus com a press\u00e3o correta o desgaste \u00e9 reduzido e, portanto, pode prolongar os ciclos de substitui\u00e7\u00e3o dos mesmos. A essa economia soma-se a redu\u00e7\u00e3o no consumo de combust\u00edvel, ao mesmo tempo que se reduzem as emiss\u00f5es de di\u00f3xido de carbono do ve\u00edculo. Com a nova gama TIREinflate da OSRAM, pode verificar a press\u00e3o dos pneus de forma r\u00e1pida e f\u00e1cil e ajust\u00e1-la sempre e quando necess\u00e1rio.<\/p>\n<p>Seja em casa na garagem, no estacionamento na estrada, nas f\u00e9rias ou na sua pr\u00f3xima viagem de neg\u00f3cios, os compressores port\u00e1teis da fam\u00edlia TIREinflate s\u00e3o pr\u00e1ticos, leves e f\u00e1ceis de guardar, gra\u00e7as \u00e0s suas dimens\u00f5es compactas. Todos os compressores de pneus OSRAM TIREinflate t\u00eam uma conex\u00e3o de 12 V que permite que os compressores port\u00e1teis sejam alimentados pelo isqueiro do ve\u00edculo. Os modelos TIREinflate450 e TIREinflate1000, com os seus visores digitais retroiluminados, funcionam muito r\u00e1pido e s\u00e3o f\u00e1ceis de manusear, gra\u00e7as aos seus grandes bot\u00f5es. Eles tamb\u00e9m t\u00eam uma fun\u00e7\u00e3o de paragem autom\u00e1tica (auto-stop) que \u00e9 ativada quando a press\u00e3o do pneu desejada \u00e9 atingida. A press\u00e3o dos pneus pode ser memorizada para o pr\u00f3ximo servi\u00e7o.<\/p>\n<p>Tamb\u00e9m pode usar os compressores autom\u00e1ticos de pneus OSRAM n\u00e3o s\u00f3 para o seu carro, mas tamb\u00e9m para os pneus do seu motociclo, trailer, bicicleta e at\u00e9 carrinhos de beb\u00e9, desde que equipados com pneus. Adaptadores adequados est\u00e3o inclu\u00eddos para garantir a infla\u00e7\u00e3o de equipamentos desportivos, barcos infl\u00e1veis, bolas, colch\u00f5es de ar, brinquedos aqu\u00e1ticos, etc.<\/p>\n<p>Os compressores pneum\u00e1ticos port\u00e1teis da fam\u00edlia OSRAM TIREinflate s\u00e3o flex\u00edveis, f\u00e1ceis e vers\u00e1teis de usar e, gra\u00e7as \u00e0s suas dimens\u00f5es compactas, s\u00e3o ideais para ter \u00e0 m\u00e3o. Finalmente j\u00e1 n\u00e3o precisa de lidar mais com diferentes compressores de pneus nos postos de gasolina. Economize tempo e frustra\u00e7\u00e3o! Gra\u00e7as aos compressores de pneus da OSRAM, cada verifica\u00e7\u00e3o da press\u00e3o dos pneus torna-se uma brincadeira de crian\u00e7a.<\/p>\n","protected":false},"excerpt":{"rendered":"<p>OSRAM alarga portf\u00f3lio de produtos com&#8230;<\/p>\n","protected":false},"author":15,"featured_media":16287,"comment_status":"closed","ping_status":"closed","sticky":false,"template":"","format":"standard","meta":{"footnotes":""},"categories":[29],"tags":[60],"class_list":["post-16318","post","type-post","status-publish","format-standard","has-post-thumbnail","hentry","category-empresas","tag-osram"],"yoast_head":"<!-- This site is optimized with the Yoast SEO plugin v27.5 - https:\/\/yoast.com\/product\/yoast-seo-wordpress\/ -->\n<title>OSRAM lan\u00e7a nova gama dedicada ao cuidado dos pneus - Jornal das Oficinas<\/title>\n<meta name=\"robots\" content=\"index, follow, max-snippet:-1, max-image-preview:large, max-video-preview:-1\" \/>\n<link rel=\"canonical\" href=\"https:\/\/jornaldasoficinas.com\/pt\/osram-lanca-nova-gama-dedicada-ao-cuidado-dos-pneus\/\" \/>\n<meta property=\"og:locale\" content=\"pt_PT\" \/>\n<meta property=\"og:type\" content=\"article\" \/>\n<meta property=\"og:title\" content=\"OSRAM lan\u00e7a nova gama dedicada ao cuidado dos pneus - Jornal das Oficinas\" \/>\n<meta property=\"og:description\" content=\"OSRAM alarga portf\u00f3lio de produtos com...\" \/>\n<meta property=\"og:url\" content=\"https:\/\/jornaldasoficinas.com\/pt\/osram-lanca-nova-gama-dedicada-ao-cuidado-dos-pneus\/\" \/>\n<meta property=\"og:site_name\" content=\"Jornal das Oficinas\" \/>\n<meta property=\"article:publisher\" content=\"https:\/\/www.facebook.com\/jornaloficinas\" \/>\n<meta property=\"article:published_time\" content=\"2020-10-13T17:00:41+00:00\" \/>\n<meta property=\"article:modified_time\" content=\"2020-10-14T07:36:21+00:00\" \/>\n<meta property=\"og:image\" content=\"https:\/\/jornaldasoficinas.com\/pt\/wp-content\/uploads\/2020\/10\/OSRAM-lanc\u0327a-nova-gama-dedicada-ao-cuidado-dos-pneus.jpg\" \/>\n\t<meta property=\"og:image:width\" content=\"1024\" \/>\n\t<meta property=\"og:image:height\" content=\"581\" \/>\n\t<meta property=\"og:image:type\" content=\"image\/jpeg\" \/>\n<meta name=\"author\" content=\"Reda\u00e7\u00e3o JO\" \/>\n<meta name=\"twitter:card\" content=\"summary_large_image\" \/>\n<meta name=\"twitter:creator\" content=\"@jornaloficinas\" \/>\n<meta name=\"twitter:site\" content=\"@jornaloficinas\" \/>\n<meta name=\"twitter:label1\" content=\"Escrito por\" \/>\n\t<meta name=\"twitter:data1\" content=\"Reda\u00e7\u00e3o JO\" \/>\n\t<meta name=\"twitter:label2\" content=\"Tempo estimado de leitura\" \/>\n\t<meta name=\"twitter:data2\" content=\"3 minutos\" \/>\n<script type=\"application\/ld+json\" class=\"yoast-schema-graph\">{\"@context\":\"https:\\\/\\\/schema.org\",\"@graph\":[{\"@type\":\"Article\",\"@id\":\"https:\\\/\\\/jornaldasoficinas.com\\\/pt\\\/osram-lanca-nova-gama-dedicada-ao-cuidado-dos-pneus\\\/#article\",\"isPartOf\":{\"@id\":\"https:\\\/\\\/jornaldasoficinas.com\\\/pt\\\/osram-lanca-nova-gama-dedicada-ao-cuidado-dos-pneus\\\/\"},\"author\":{\"name\":\"Reda\u00e7\u00e3o JO\",\"@id\":\"https:\\\/\\\/jornaldasoficinas.com\\\/pt\\\/#\\\/schema\\\/person\\\/a38eef5de2c41d9e7c9ac10141afddf3\"},\"headline\":\"OSRAM lan\u00e7a nova gama dedicada ao cuidado dos pneus\",\"datePublished\":\"2020-10-13T17:00:41+00:00\",\"dateModified\":\"2020-10-14T07:36:21+00:00\",\"mainEntityOfPage\":{\"@id\":\"https:\\\/\\\/jornaldasoficinas.com\\\/pt\\\/osram-lanca-nova-gama-dedicada-ao-cuidado-dos-pneus\\\/\"},\"wordCount\":648,\"publisher\":{\"@id\":\"https:\\\/\\\/jornaldasoficinas.com\\\/pt\\\/#organization\"},\"image\":{\"@id\":\"https:\\\/\\\/jornaldasoficinas.com\\\/pt\\\/osram-lanca-nova-gama-dedicada-ao-cuidado-dos-pneus\\\/#primaryimage\"},\"thumbnailUrl\":\"https:\\\/\\\/jornaldasoficinas.com\\\/pt\\\/wp-content\\\/uploads\\\/2020\\\/10\\\/OSRAM-lanc\u0327a-nova-gama-dedicada-ao-cuidado-dos-pneus.jpg\",\"keywords\":[\"OSRAM\"],\"articleSection\":[\"Empresas\"],\"inLanguage\":\"pt-PT\"},{\"@type\":\"WebPage\",\"@id\":\"https:\\\/\\\/jornaldasoficinas.com\\\/pt\\\/osram-lanca-nova-gama-dedicada-ao-cuidado-dos-pneus\\\/\",\"url\":\"https:\\\/\\\/jornaldasoficinas.com\\\/pt\\\/osram-lanca-nova-gama-dedicada-ao-cuidado-dos-pneus\\\/\",\"name\":\"OSRAM lan\u00e7a nova gama dedicada ao cuidado dos pneus - Jornal das Oficinas\",\"isPartOf\":{\"@id\":\"https:\\\/\\\/jornaldasoficinas.com\\\/pt\\\/#website\"},\"primaryImageOfPage\":{\"@id\":\"https:\\\/\\\/jornaldasoficinas.com\\\/pt\\\/osram-lanca-nova-gama-dedicada-ao-cuidado-dos-pneus\\\/#primaryimage\"},\"image\":{\"@id\":\"https:\\\/\\\/jornaldasoficinas.com\\\/pt\\\/osram-lanca-nova-gama-dedicada-ao-cuidado-dos-pneus\\\/#primaryimage\"},\"thumbnailUrl\":\"https:\\\/\\\/jornaldasoficinas.com\\\/pt\\\/wp-content\\\/uploads\\\/2020\\\/10\\\/OSRAM-lanc\u0327a-nova-gama-dedicada-ao-cuidado-dos-pneus.jpg\",\"datePublished\":\"2020-10-13T17:00:41+00:00\",\"dateModified\":\"2020-10-14T07:36:21+00:00\",\"breadcrumb\":{\"@id\":\"https:\\\/\\\/jornaldasoficinas.com\\\/pt\\\/osram-lanca-nova-gama-dedicada-ao-cuidado-dos-pneus\\\/#breadcrumb\"},\"inLanguage\":\"pt-PT\",\"potentialAction\":[{\"@type\":\"ReadAction\",\"target\":[\"https:\\\/\\\/jornaldasoficinas.com\\\/pt\\\/osram-lanca-nova-gama-dedicada-ao-cuidado-dos-pneus\\\/\"]}]},{\"@type\":\"ImageObject\",\"inLanguage\":\"pt-PT\",\"@id\":\"https:\\\/\\\/jornaldasoficinas.com\\\/pt\\\/osram-lanca-nova-gama-dedicada-ao-cuidado-dos-pneus\\\/#primaryimage\",\"url\":\"https:\\\/\\\/jornaldasoficinas.com\\\/pt\\\/wp-content\\\/uploads\\\/2020\\\/10\\\/OSRAM-lanc\u0327a-nova-gama-dedicada-ao-cuidado-dos-pneus.jpg\",\"contentUrl\":\"https:\\\/\\\/jornaldasoficinas.com\\\/pt\\\/wp-content\\\/uploads\\\/2020\\\/10\\\/OSRAM-lanc\u0327a-nova-gama-dedicada-ao-cuidado-dos-pneus.jpg\",\"width\":1024,\"height\":581,\"caption\":\"G10232058_64210-01B_MiG_02.indd\"},{\"@type\":\"BreadcrumbList\",\"@id\":\"https:\\\/\\\/jornaldasoficinas.com\\\/pt\\\/osram-lanca-nova-gama-dedicada-ao-cuidado-dos-pneus\\\/#breadcrumb\",\"itemListElement\":[{\"@type\":\"ListItem\",\"position\":1,\"name\":\"In\u00edcio\",\"item\":\"https:\\\/\\\/jornaldasoficinas.com\\\/pt\\\/\"},{\"@type\":\"ListItem\",\"position\":2,\"name\":\"OSRAM lan\u00e7a nova gama dedicada ao cuidado dos pneus\"}]},{\"@type\":\"WebSite\",\"@id\":\"https:\\\/\\\/jornaldasoficinas.com\\\/pt\\\/#website\",\"url\":\"https:\\\/\\\/jornaldasoficinas.com\\\/pt\\\/\",\"name\":\"Jornal das Oficinas\",\"description\":\"Jornal independente do Aftermarket Autom\u00f3vel em Portugal\",\"publisher\":{\"@id\":\"https:\\\/\\\/jornaldasoficinas.com\\\/pt\\\/#organization\"},\"potentialAction\":[{\"@type\":\"SearchAction\",\"target\":{\"@type\":\"EntryPoint\",\"urlTemplate\":\"https:\\\/\\\/jornaldasoficinas.com\\\/pt\\\/?s={search_term_string}\"},\"query-input\":{\"@type\":\"PropertyValueSpecification\",\"valueRequired\":true,\"valueName\":\"search_term_string\"}}],\"inLanguage\":\"pt-PT\"},{\"@type\":\"Organization\",\"@id\":\"https:\\\/\\\/jornaldasoficinas.com\\\/pt\\\/#organization\",\"name\":\"Jornal das Oficinas\",\"url\":\"https:\\\/\\\/jornaldasoficinas.com\\\/pt\\\/\",\"logo\":{\"@type\":\"ImageObject\",\"inLanguage\":\"pt-PT\",\"@id\":\"https:\\\/\\\/jornaldasoficinas.com\\\/pt\\\/#\\\/schema\\\/logo\\\/image\\\/\",\"url\":\"https:\\\/\\\/jornaldasoficinas.com\\\/pt\\\/wp-content\\\/uploads\\\/logoJO-SEO.png\",\"contentUrl\":\"https:\\\/\\\/jornaldasoficinas.com\\\/pt\\\/wp-content\\\/uploads\\\/logoJO-SEO.png\",\"width\":285,\"height\":450,\"caption\":\"Jornal das Oficinas\"},\"image\":{\"@id\":\"https:\\\/\\\/jornaldasoficinas.com\\\/pt\\\/#\\\/schema\\\/logo\\\/image\\\/\"},\"sameAs\":[\"https:\\\/\\\/www.facebook.com\\\/jornaloficinas\",\"https:\\\/\\\/x.com\\\/jornaloficinas\",\"https:\\\/\\\/www.instagram.com\\\/jornal_oficinas\\\/\",\"https:\\\/\\\/www.linkedin.com\\\/company\\\/jornal-das-oficinas\\\/\",\"https:\\\/\\\/www.youtube.com\\\/channel\\\/UCbQZBqtcvV-oSQrr7RzINGg\"]},{\"@type\":\"Person\",\"@id\":\"https:\\\/\\\/jornaldasoficinas.com\\\/pt\\\/#\\\/schema\\\/person\\\/a38eef5de2c41d9e7c9ac10141afddf3\",\"name\":\"Reda\u00e7\u00e3o JO\",\"image\":{\"@type\":\"ImageObject\",\"inLanguage\":\"pt-PT\",\"@id\":\"https:\\\/\\\/secure.gravatar.com\\\/avatar\\\/71f2fa71737ad68a84fea94bc708ddac8ea5b0c4788dc2ad202f3ccb2887742f?s=96&d=wp_user_avatar&r=g\",\"url\":\"https:\\\/\\\/secure.gravatar.com\\\/avatar\\\/71f2fa71737ad68a84fea94bc708ddac8ea5b0c4788dc2ad202f3ccb2887742f?s=96&d=wp_user_avatar&r=g\",\"contentUrl\":\"https:\\\/\\\/secure.gravatar.com\\\/avatar\\\/71f2fa71737ad68a84fea94bc708ddac8ea5b0c4788dc2ad202f3ccb2887742f?s=96&d=wp_user_avatar&r=g\",\"caption\":\"Reda\u00e7\u00e3o JO\"},\"url\":\"https:\\\/\\\/jornaldasoficinas.com\\\/pt\\\/author\\\/joredacao\\\/\"}]}<\/script>\n<!-- \/ Yoast SEO plugin. -->","yoast_head_json":{"title":"OSRAM lan\u00e7a nova gama dedicada ao cuidado dos pneus - Jornal das Oficinas","robots":{"index":"index","follow":"follow","max-snippet":"max-snippet:-1","max-image-preview":"max-image-preview:large","max-video-preview":"max-video-preview:-1"},"canonical":"https:\/\/jornaldasoficinas.com\/pt\/osram-lanca-nova-gama-dedicada-ao-cuidado-dos-pneus\/","og_locale":"pt_PT","og_type":"article","og_title":"OSRAM lan\u00e7a nova gama dedicada ao cuidado dos pneus - Jornal das Oficinas","og_description":"OSRAM alarga portf\u00f3lio de produtos com...","og_url":"https:\/\/jornaldasoficinas.com\/pt\/osram-lanca-nova-gama-dedicada-ao-cuidado-dos-pneus\/","og_site_name":"Jornal das Oficinas","article_publisher":"https:\/\/www.facebook.com\/jornaloficinas","article_published_time":"2020-10-13T17:00:41+00:00","article_modified_time":"2020-10-14T07:36:21+00:00","og_image":[{"width":1024,"height":581,"url":"https:\/\/jornaldasoficinas.com\/pt\/wp-content\/uploads\/2020\/10\/OSRAM-lanc\u0327a-nova-gama-dedicada-ao-cuidado-dos-pneus.jpg","type":"image\/jpeg"}],"author":"Reda\u00e7\u00e3o JO","twitter_card":"summary_large_image","twitter_creator":"@jornaloficinas","twitter_site":"@jornaloficinas","twitter_misc":{"Escrito por":"Reda\u00e7\u00e3o JO","Tempo estimado de leitura":"3 minutos"},"schema":{"@context":"https:\/\/schema.org","@graph":[{"@type":"Article","@id":"https:\/\/jornaldasoficinas.com\/pt\/osram-lanca-nova-gama-dedicada-ao-cuidado-dos-pneus\/#article","isPartOf":{"@id":"https:\/\/jornaldasoficinas.com\/pt\/osram-lanca-nova-gama-dedicada-ao-cuidado-dos-pneus\/"},"author":{"name":"Reda\u00e7\u00e3o JO","@id":"https:\/\/jornaldasoficinas.com\/pt\/#\/schema\/person\/a38eef5de2c41d9e7c9ac10141afddf3"},"headline":"OSRAM lan\u00e7a nova gama dedicada ao cuidado dos pneus","datePublished":"2020-10-13T17:00:41+00:00","dateModified":"2020-10-14T07:36:21+00:00","mainEntityOfPage":{"@id":"https:\/\/jornaldasoficinas.com\/pt\/osram-lanca-nova-gama-dedicada-ao-cuidado-dos-pneus\/"},"wordCount":648,"publisher":{"@id":"https:\/\/jornaldasoficinas.com\/pt\/#organization"},"image":{"@id":"https:\/\/jornaldasoficinas.com\/pt\/osram-lanca-nova-gama-dedicada-ao-cuidado-dos-pneus\/#primaryimage"},"thumbnailUrl":"https:\/\/jornaldasoficinas.com\/pt\/wp-content\/uploads\/2020\/10\/OSRAM-lanc\u0327a-nova-gama-dedicada-ao-cuidado-dos-pneus.jpg","keywords":["OSRAM"],"articleSection":["Empresas"],"inLanguage":"pt-PT"},{"@type":"WebPage","@id":"https:\/\/jornaldasoficinas.com\/pt\/osram-lanca-nova-gama-dedicada-ao-cuidado-dos-pneus\/","url":"https:\/\/jornaldasoficinas.com\/pt\/osram-lanca-nova-gama-dedicada-ao-cuidado-dos-pneus\/","name":"OSRAM lan\u00e7a nova gama dedicada ao cuidado dos pneus - Jornal das Oficinas","isPartOf":{"@id":"https:\/\/jornaldasoficinas.com\/pt\/#website"},"primaryImageOfPage":{"@id":"https:\/\/jornaldasoficinas.com\/pt\/osram-lanca-nova-gama-dedicada-ao-cuidado-dos-pneus\/#primaryimage"},"image":{"@id":"https:\/\/jornaldasoficinas.com\/pt\/osram-lanca-nova-gama-dedicada-ao-cuidado-dos-pneus\/#primaryimage"},"thumbnailUrl":"https:\/\/jornaldasoficinas.com\/pt\/wp-content\/uploads\/2020\/10\/OSRAM-lanc\u0327a-nova-gama-dedicada-ao-cuidado-dos-pneus.jpg","datePublished":"2020-10-13T17:00:41+00:00","dateModified":"2020-10-14T07:36:21+00:00","breadcrumb":{"@id":"https:\/\/jornaldasoficinas.com\/pt\/osram-lanca-nova-gama-dedicada-ao-cuidado-dos-pneus\/#breadcrumb"},"inLanguage":"pt-PT","potentialAction":[{"@type":"ReadAction","target":["https:\/\/jornaldasoficinas.com\/pt\/osram-lanca-nova-gama-dedicada-ao-cuidado-dos-pneus\/"]}]},{"@type":"ImageObject","inLanguage":"pt-PT","@id":"https:\/\/jornaldasoficinas.com\/pt\/osram-lanca-nova-gama-dedicada-ao-cuidado-dos-pneus\/#primaryimage","url":"https:\/\/jornaldasoficinas.com\/pt\/wp-content\/uploads\/2020\/10\/OSRAM-lanc\u0327a-nova-gama-dedicada-ao-cuidado-dos-pneus.jpg","contentUrl":"https:\/\/jornaldasoficinas.com\/pt\/wp-content\/uploads\/2020\/10\/OSRAM-lanc\u0327a-nova-gama-dedicada-ao-cuidado-dos-pneus.jpg","width":1024,"height":581,"caption":"G10232058_64210-01B_MiG_02.indd"},{"@type":"BreadcrumbList","@id":"https:\/\/jornaldasoficinas.com\/pt\/osram-lanca-nova-gama-dedicada-ao-cuidado-dos-pneus\/#breadcrumb","itemListElement":[{"@type":"ListItem","position":1,"name":"In\u00edcio","item":"https:\/\/jornaldasoficinas.com\/pt\/"},{"@type":"ListItem","position":2,"name":"OSRAM lan\u00e7a nova gama dedicada ao cuidado dos pneus"}]},{"@type":"WebSite","@id":"https:\/\/jornaldasoficinas.com\/pt\/#website","url":"https:\/\/jornaldasoficinas.com\/pt\/","name":"Jornal das Oficinas","description":"Jornal independente do Aftermarket Autom\u00f3vel em Portugal","publisher":{"@id":"https:\/\/jornaldasoficinas.com\/pt\/#organization"},"potentialAction":[{"@type":"SearchAction","target":{"@type":"EntryPoint","urlTemplate":"https:\/\/jornaldasoficinas.com\/pt\/?s={search_term_string}"},"query-input":{"@type":"PropertyValueSpecification","valueRequired":true,"valueName":"search_term_string"}}],"inLanguage":"pt-PT"},{"@type":"Organization","@id":"https:\/\/jornaldasoficinas.com\/pt\/#organization","name":"Jornal das Oficinas","url":"https:\/\/jornaldasoficinas.com\/pt\/","logo":{"@type":"ImageObject","inLanguage":"pt-PT","@id":"https:\/\/jornaldasoficinas.com\/pt\/#\/schema\/logo\/image\/","url":"https:\/\/jornaldasoficinas.com\/pt\/wp-content\/uploads\/logoJO-SEO.png","contentUrl":"https:\/\/jornaldasoficinas.com\/pt\/wp-content\/uploads\/logoJO-SEO.png","width":285,"height":450,"caption":"Jornal das Oficinas"},"image":{"@id":"https:\/\/jornaldasoficinas.com\/pt\/#\/schema\/logo\/image\/"},"sameAs":["https:\/\/www.facebook.com\/jornaloficinas","https:\/\/x.com\/jornaloficinas","https:\/\/www.instagram.com\/jornal_oficinas\/","https:\/\/www.linkedin.com\/company\/jornal-das-oficinas\/","https:\/\/www.youtube.com\/channel\/UCbQZBqtcvV-oSQrr7RzINGg"]},{"@type":"Person","@id":"https:\/\/jornaldasoficinas.com\/pt\/#\/schema\/person\/a38eef5de2c41d9e7c9ac10141afddf3","name":"Reda\u00e7\u00e3o JO","image":{"@type":"ImageObject","inLanguage":"pt-PT","@id":"https:\/\/secure.gravatar.com\/avatar\/71f2fa71737ad68a84fea94bc708ddac8ea5b0c4788dc2ad202f3ccb2887742f?s=96&d=wp_user_avatar&r=g","url":"https:\/\/secure.gravatar.com\/avatar\/71f2fa71737ad68a84fea94bc708ddac8ea5b0c4788dc2ad202f3ccb2887742f?s=96&d=wp_user_avatar&r=g","contentUrl":"https:\/\/secure.gravatar.com\/avatar\/71f2fa71737ad68a84fea94bc708ddac8ea5b0c4788dc2ad202f3ccb2887742f?s=96&d=wp_user_avatar&r=g","caption":"Reda\u00e7\u00e3o JO"},"url":"https:\/\/jornaldasoficinas.com\/pt\/author\/joredacao\/"}]}},"_links":{"self":[{"href":"https:\/\/jornaldasoficinas.com\/pt\/wp-json\/wp\/v2\/posts\/16318","targetHints":{"allow":["GET"]}}],"collection":[{"href":"https:\/\/jornaldasoficinas.com\/pt\/wp-json\/wp\/v2\/posts"}],"about":[{"href":"https:\/\/jornaldasoficinas.com\/pt\/wp-json\/wp\/v2\/types\/post"}],"author":[{"embeddable":true,"href":"https:\/\/jornaldasoficinas.com\/pt\/wp-json\/wp\/v2\/users\/15"}],"replies":[{"embeddable":true,"href":"https:\/\/jornaldasoficinas.com\/pt\/wp-json\/wp\/v2\/comments?post=16318"}],"version-history":[{"count":0,"href":"https:\/\/jornaldasoficinas.com\/pt\/wp-json\/wp\/v2\/posts\/16318\/revisions"}],"wp:featuredmedia":[{"embeddable":true,"href":"https:\/\/jornaldasoficinas.com\/pt\/wp-json\/wp\/v2\/media\/16287"}],"wp:attachment":[{"href":"https:\/\/jornaldasoficinas.com\/pt\/wp-json\/wp\/v2\/media?parent=16318"}],"wp:term":[{"taxonomy":"category","embeddable":true,"href":"https:\/\/jornaldasoficinas.com\/pt\/wp-json\/wp\/v2\/categories?post=16318"},{"taxonomy":"post_tag","embeddable":true,"href":"https:\/\/jornaldasoficinas.com\/pt\/wp-json\/wp\/v2\/tags?post=16318"}],"curies":[{"name":"wp","href":"https:\/\/api.w.org\/{rel}","templated":true}]}}