{"id":16375,"date":"2020-10-15T16:00:17","date_gmt":"2020-10-15T15:00:17","guid":{"rendered":"https:\/\/jornaldasoficinas.com\/pt\/?p=16375"},"modified":"2020-10-15T13:32:33","modified_gmt":"2020-10-15T12:32:33","slug":"anecra-desagradada-com-proposta-orcamento-de-estado","status":"publish","type":"post","link":"https:\/\/jornaldasoficinas.com\/pt\/anecra-desagradada-com-proposta-orcamento-de-estado\/","title":{"rendered":"ANECRA desagradada com proposta Or\u00e7amento de Estado"},"content":{"rendered":"<p><img loading=\"lazy\" decoding=\"async\" class=\"alignnone wp-image-16343 size-full\" src=\"https:\/\/jornaldasoficinas.com\/pt\/wp-content\/uploads\/2020\/10\/ANECRA-desagradada.jpg\" alt=\"10 - ANECRA-desagradada\" width=\"1024\" height=\"581\" srcset=\"https:\/\/jornaldasoficinas.com\/pt\/wp-content\/uploads\/2020\/10\/ANECRA-desagradada.jpg 1024w, https:\/\/jornaldasoficinas.com\/pt\/wp-content\/uploads\/2020\/10\/ANECRA-desagradada-300x170.jpg 300w, https:\/\/jornaldasoficinas.com\/pt\/wp-content\/uploads\/2020\/10\/ANECRA-desagradada-150x85.jpg 150w, https:\/\/jornaldasoficinas.com\/pt\/wp-content\/uploads\/2020\/10\/ANECRA-desagradada-768x436.jpg 768w\" sizes=\"auto, (max-width: 1024px) 100vw, 1024px\" \/><\/p>\n<p><strong>Ao tomar conhecimento de algumas medidas de car\u00e1cter fiscal inclu\u00eddas na Proposta preliminar do Or\u00e7amento do Estado para 2021, a ANECRA lamenta que o Minist\u00e9rio das Finan\u00e7as, tenha desprezado a Proposta apresentada pela Associa\u00e7\u00e3o desde h\u00e1 v\u00e1rios anos, para a retoma do Sistema de Incentivos ao Abate de Ve\u00edculos em Fim de Vida.<\/strong><\/p>\n<p>\u00c9 inadmiss\u00edvel e injusto que, num momento em que se vive uma situa\u00e7\u00e3o conjuntural profundamente negativa e grave no Setor Autom\u00f3vel, decorrente da crise pand\u00e9mica que a todos tem atingido, no presente ano, estejamos a assistir a uma quebra de quase 40%, nas vendas registadas no mercado total de ve\u00edculos autom\u00f3veis face a id\u00eantico per\u00edodo hom\u00f3logo de 2019, o Minist\u00e9rio das Finan\u00e7as, n\u00e3o tenha aceite um instrumento legislativo de incentivos setoriais, que t\u00e3o importantes e positivos efeitos teve, na primeira d\u00e9cada do s\u00e9culo XX, quer ao n\u00edvel do crescimento das vendas quer, da redu\u00e7\u00e3o da idade m\u00e9dia do Parque Autom\u00f3vel Nacional, potenciando assim, a desejada dinamiza\u00e7\u00e3o da atividade de um setor cujo desempenho, desde sempre se pautou por se assumir, n\u00e3o s\u00f3, como um dos principais contribuintes l\u00edquidos do er\u00e1rio p\u00fablico, como tamb\u00e9m, por se constituir como um dos mais relevantes valores acrescentados na composi\u00e7\u00e3o e melhoria do PIB.<\/p>\n<p>Acresce, salientar que a ado\u00e7\u00e3o, por parte de muitos pa\u00edses membros da Uni\u00e3o Europeia, de adequados sistemas de incentivos, no contexto dos respetivos setores de atividade comercial autom\u00f3vel, teve subjacentes preocupa\u00e7\u00f5es priorit\u00e1rias de interven\u00e7\u00e3o e regulamenta\u00e7\u00e3o ambiental e energ\u00e9ticas proactivas e sem preocupa\u00e7\u00f5es restritivas, optando por instrumentos capazes de assegurar uma mobilidade sustent\u00e1vel e especialmente segura e inibidora de eventuais impactos negativos no que diz respeito ao desgaste dos eixos vi\u00e1rios.<\/p>\n<p>Finalmente, imp\u00f5e-se evidenciar que, contrariando qualquer risco de quebra de receitas fiscais, a ado\u00e7\u00e3o dos Sistemas de Incentivos ao Abate de Ve\u00edculos em Fim de Vida, poder\u00e1, de acordo com rigorosos estudos de impacto efetuados pela <a href=\"https:\/\/www.anecra.pt\/\" target=\"_blank\" rel=\"noopener noreferrer\">ANECRA<\/a>, mantendo as condicionantes existentes quando o referido sistema vigorou nos primeiros anos do presente s\u00e9culo, seria facilmente obtido, atrav\u00e9s da recria\u00e7\u00e3o dos incentivos em apre\u00e7o, um muito acentuado crescimento l\u00edquido de receita do ISV, inerente ao aumento, mesmo que se admita moderado, das vendas de carros novos, deduzindo o valor global dos benef\u00edcios a conceder, isto sem contar com o impacto significativo do IVA, sobre o pre\u00e7o base dos ve\u00edculos autom\u00f3veis que, obviamente, potenciaria um ainda maior crescimento da receita afeta ao autom\u00f3vel.<\/p>\n<p>Assim, a ANECRA espera e deseja que o Minist\u00e9rio das Finan\u00e7as reconsidere a sua posi\u00e7\u00e3o sobre a presente mat\u00e9ria a bem do Setor Autom\u00f3vel, dos Consumidores, do Ambiente, da Seguran\u00e7a Rodovi\u00e1ria, da Economia Nacional e do pr\u00f3prio Estado, naquilo que \u00e0 arrecada\u00e7\u00e3o de Receitas Fiscais, diz respeito.<\/p>\n","protected":false},"excerpt":{"rendered":"<p>Ao tomar conhecimento de algumas medidas&#8230;<\/p>\n","protected":false},"author":15,"featured_media":16343,"comment_status":"closed","ping_status":"closed","sticky":false,"template":"","format":"standard","meta":{"footnotes":""},"categories":[37],"tags":[137],"class_list":["post-16375","post","type-post","status-publish","format-standard","has-post-thumbnail","hentry","category-mercado","tag-anecra"],"yoast_head":"<!-- This site is optimized with the Yoast SEO plugin v27.4 - https:\/\/yoast.com\/product\/yoast-seo-wordpress\/ -->\n<title>ANECRA desagradada com proposta Or\u00e7amento de Estado - Jornal das Oficinas<\/title>\n<meta name=\"robots\" content=\"index, follow, max-snippet:-1, max-image-preview:large, max-video-preview:-1\" \/>\n<link rel=\"canonical\" href=\"https:\/\/jornaldasoficinas.com\/pt\/anecra-desagradada-com-proposta-orcamento-de-estado\/\" \/>\n<meta property=\"og:locale\" content=\"pt_PT\" \/>\n<meta property=\"og:type\" content=\"article\" \/>\n<meta property=\"og:title\" content=\"ANECRA desagradada com proposta Or\u00e7amento de Estado - Jornal das Oficinas\" \/>\n<meta property=\"og:description\" content=\"Ao tomar conhecimento de algumas medidas...\" \/>\n<meta property=\"og:url\" content=\"https:\/\/jornaldasoficinas.com\/pt\/anecra-desagradada-com-proposta-orcamento-de-estado\/\" \/>\n<meta property=\"og:site_name\" content=\"Jornal das Oficinas\" \/>\n<meta property=\"article:publisher\" content=\"https:\/\/www.facebook.com\/jornaloficinas\" \/>\n<meta property=\"article:published_time\" content=\"2020-10-15T15:00:17+00:00\" \/>\n<meta property=\"og:image\" content=\"https:\/\/jornaldasoficinas.com\/pt\/wp-content\/uploads\/2020\/10\/ANECRA-desagradada.jpg\" \/>\n\t<meta property=\"og:image:width\" content=\"1024\" \/>\n\t<meta property=\"og:image:height\" content=\"581\" \/>\n\t<meta property=\"og:image:type\" content=\"image\/jpeg\" \/>\n<meta name=\"author\" content=\"Reda\u00e7\u00e3o JO\" \/>\n<meta name=\"twitter:card\" content=\"summary_large_image\" \/>\n<meta name=\"twitter:creator\" content=\"@jornaloficinas\" \/>\n<meta name=\"twitter:site\" content=\"@jornaloficinas\" \/>\n<meta name=\"twitter:label1\" content=\"Escrito por\" \/>\n\t<meta name=\"twitter:data1\" content=\"Reda\u00e7\u00e3o JO\" \/>\n\t<meta name=\"twitter:label2\" content=\"Tempo estimado de leitura\" \/>\n\t<meta name=\"twitter:data2\" content=\"3 minutos\" \/>\n<script type=\"application\/ld+json\" class=\"yoast-schema-graph\">{\"@context\":\"https:\\\/\\\/schema.org\",\"@graph\":[{\"@type\":\"Article\",\"@id\":\"https:\\\/\\\/jornaldasoficinas.com\\\/pt\\\/anecra-desagradada-com-proposta-orcamento-de-estado\\\/#article\",\"isPartOf\":{\"@id\":\"https:\\\/\\\/jornaldasoficinas.com\\\/pt\\\/anecra-desagradada-com-proposta-orcamento-de-estado\\\/\"},\"author\":{\"name\":\"Reda\u00e7\u00e3o JO\",\"@id\":\"https:\\\/\\\/jornaldasoficinas.com\\\/pt\\\/#\\\/schema\\\/person\\\/a38eef5de2c41d9e7c9ac10141afddf3\"},\"headline\":\"ANECRA desagradada com proposta Or\u00e7amento de Estado\",\"datePublished\":\"2020-10-15T15:00:17+00:00\",\"mainEntityOfPage\":{\"@id\":\"https:\\\/\\\/jornaldasoficinas.com\\\/pt\\\/anecra-desagradada-com-proposta-orcamento-de-estado\\\/\"},\"wordCount\":511,\"publisher\":{\"@id\":\"https:\\\/\\\/jornaldasoficinas.com\\\/pt\\\/#organization\"},\"image\":{\"@id\":\"https:\\\/\\\/jornaldasoficinas.com\\\/pt\\\/anecra-desagradada-com-proposta-orcamento-de-estado\\\/#primaryimage\"},\"thumbnailUrl\":\"https:\\\/\\\/jornaldasoficinas.com\\\/pt\\\/wp-content\\\/uploads\\\/2020\\\/10\\\/ANECRA-desagradada.jpg\",\"keywords\":[\"ANECRA\"],\"articleSection\":[\"Mercado\"],\"inLanguage\":\"pt-PT\"},{\"@type\":\"WebPage\",\"@id\":\"https:\\\/\\\/jornaldasoficinas.com\\\/pt\\\/anecra-desagradada-com-proposta-orcamento-de-estado\\\/\",\"url\":\"https:\\\/\\\/jornaldasoficinas.com\\\/pt\\\/anecra-desagradada-com-proposta-orcamento-de-estado\\\/\",\"name\":\"ANECRA desagradada com proposta Or\u00e7amento de Estado - Jornal das Oficinas\",\"isPartOf\":{\"@id\":\"https:\\\/\\\/jornaldasoficinas.com\\\/pt\\\/#website\"},\"primaryImageOfPage\":{\"@id\":\"https:\\\/\\\/jornaldasoficinas.com\\\/pt\\\/anecra-desagradada-com-proposta-orcamento-de-estado\\\/#primaryimage\"},\"image\":{\"@id\":\"https:\\\/\\\/jornaldasoficinas.com\\\/pt\\\/anecra-desagradada-com-proposta-orcamento-de-estado\\\/#primaryimage\"},\"thumbnailUrl\":\"https:\\\/\\\/jornaldasoficinas.com\\\/pt\\\/wp-content\\\/uploads\\\/2020\\\/10\\\/ANECRA-desagradada.jpg\",\"datePublished\":\"2020-10-15T15:00:17+00:00\",\"breadcrumb\":{\"@id\":\"https:\\\/\\\/jornaldasoficinas.com\\\/pt\\\/anecra-desagradada-com-proposta-orcamento-de-estado\\\/#breadcrumb\"},\"inLanguage\":\"pt-PT\",\"potentialAction\":[{\"@type\":\"ReadAction\",\"target\":[\"https:\\\/\\\/jornaldasoficinas.com\\\/pt\\\/anecra-desagradada-com-proposta-orcamento-de-estado\\\/\"]}]},{\"@type\":\"ImageObject\",\"inLanguage\":\"pt-PT\",\"@id\":\"https:\\\/\\\/jornaldasoficinas.com\\\/pt\\\/anecra-desagradada-com-proposta-orcamento-de-estado\\\/#primaryimage\",\"url\":\"https:\\\/\\\/jornaldasoficinas.com\\\/pt\\\/wp-content\\\/uploads\\\/2020\\\/10\\\/ANECRA-desagradada.jpg\",\"contentUrl\":\"https:\\\/\\\/jornaldasoficinas.com\\\/pt\\\/wp-content\\\/uploads\\\/2020\\\/10\\\/ANECRA-desagradada.jpg\",\"width\":1024,\"height\":581,\"caption\":\"Dealer New Cars Stock. Colorful Brand New Compact Vehicles For Sale Awaiting on the Dealer Parking Lot. Car Market Business Concept.\"},{\"@type\":\"BreadcrumbList\",\"@id\":\"https:\\\/\\\/jornaldasoficinas.com\\\/pt\\\/anecra-desagradada-com-proposta-orcamento-de-estado\\\/#breadcrumb\",\"itemListElement\":[{\"@type\":\"ListItem\",\"position\":1,\"name\":\"In\u00edcio\",\"item\":\"https:\\\/\\\/jornaldasoficinas.com\\\/pt\\\/\"},{\"@type\":\"ListItem\",\"position\":2,\"name\":\"ANECRA desagradada com proposta Or\u00e7amento de Estado\"}]},{\"@type\":\"WebSite\",\"@id\":\"https:\\\/\\\/jornaldasoficinas.com\\\/pt\\\/#website\",\"url\":\"https:\\\/\\\/jornaldasoficinas.com\\\/pt\\\/\",\"name\":\"Jornal das Oficinas\",\"description\":\"Jornal independente do Aftermarket Autom\u00f3vel em Portugal\",\"publisher\":{\"@id\":\"https:\\\/\\\/jornaldasoficinas.com\\\/pt\\\/#organization\"},\"potentialAction\":[{\"@type\":\"SearchAction\",\"target\":{\"@type\":\"EntryPoint\",\"urlTemplate\":\"https:\\\/\\\/jornaldasoficinas.com\\\/pt\\\/?s={search_term_string}\"},\"query-input\":{\"@type\":\"PropertyValueSpecification\",\"valueRequired\":true,\"valueName\":\"search_term_string\"}}],\"inLanguage\":\"pt-PT\"},{\"@type\":\"Organization\",\"@id\":\"https:\\\/\\\/jornaldasoficinas.com\\\/pt\\\/#organization\",\"name\":\"Jornal das Oficinas\",\"url\":\"https:\\\/\\\/jornaldasoficinas.com\\\/pt\\\/\",\"logo\":{\"@type\":\"ImageObject\",\"inLanguage\":\"pt-PT\",\"@id\":\"https:\\\/\\\/jornaldasoficinas.com\\\/pt\\\/#\\\/schema\\\/logo\\\/image\\\/\",\"url\":\"https:\\\/\\\/jornaldasoficinas.com\\\/pt\\\/wp-content\\\/uploads\\\/logoJO-SEO.png\",\"contentUrl\":\"https:\\\/\\\/jornaldasoficinas.com\\\/pt\\\/wp-content\\\/uploads\\\/logoJO-SEO.png\",\"width\":285,\"height\":450,\"caption\":\"Jornal das Oficinas\"},\"image\":{\"@id\":\"https:\\\/\\\/jornaldasoficinas.com\\\/pt\\\/#\\\/schema\\\/logo\\\/image\\\/\"},\"sameAs\":[\"https:\\\/\\\/www.facebook.com\\\/jornaloficinas\",\"https:\\\/\\\/x.com\\\/jornaloficinas\",\"https:\\\/\\\/www.instagram.com\\\/jornal_oficinas\\\/\",\"https:\\\/\\\/www.linkedin.com\\\/company\\\/jornal-das-oficinas\\\/\",\"https:\\\/\\\/www.youtube.com\\\/channel\\\/UCbQZBqtcvV-oSQrr7RzINGg\"]},{\"@type\":\"Person\",\"@id\":\"https:\\\/\\\/jornaldasoficinas.com\\\/pt\\\/#\\\/schema\\\/person\\\/a38eef5de2c41d9e7c9ac10141afddf3\",\"name\":\"Reda\u00e7\u00e3o JO\",\"image\":{\"@type\":\"ImageObject\",\"inLanguage\":\"pt-PT\",\"@id\":\"https:\\\/\\\/secure.gravatar.com\\\/avatar\\\/71f2fa71737ad68a84fea94bc708ddac8ea5b0c4788dc2ad202f3ccb2887742f?s=96&d=wp_user_avatar&r=g\",\"url\":\"https:\\\/\\\/secure.gravatar.com\\\/avatar\\\/71f2fa71737ad68a84fea94bc708ddac8ea5b0c4788dc2ad202f3ccb2887742f?s=96&d=wp_user_avatar&r=g\",\"contentUrl\":\"https:\\\/\\\/secure.gravatar.com\\\/avatar\\\/71f2fa71737ad68a84fea94bc708ddac8ea5b0c4788dc2ad202f3ccb2887742f?s=96&d=wp_user_avatar&r=g\",\"caption\":\"Reda\u00e7\u00e3o JO\"},\"url\":\"https:\\\/\\\/jornaldasoficinas.com\\\/pt\\\/author\\\/joredacao\\\/\"}]}<\/script>\n<!-- \/ Yoast SEO plugin. -->","yoast_head_json":{"title":"ANECRA desagradada com proposta Or\u00e7amento de Estado - Jornal das Oficinas","robots":{"index":"index","follow":"follow","max-snippet":"max-snippet:-1","max-image-preview":"max-image-preview:large","max-video-preview":"max-video-preview:-1"},"canonical":"https:\/\/jornaldasoficinas.com\/pt\/anecra-desagradada-com-proposta-orcamento-de-estado\/","og_locale":"pt_PT","og_type":"article","og_title":"ANECRA desagradada com proposta Or\u00e7amento de Estado - Jornal das Oficinas","og_description":"Ao tomar conhecimento de algumas medidas...","og_url":"https:\/\/jornaldasoficinas.com\/pt\/anecra-desagradada-com-proposta-orcamento-de-estado\/","og_site_name":"Jornal das Oficinas","article_publisher":"https:\/\/www.facebook.com\/jornaloficinas","article_published_time":"2020-10-15T15:00:17+00:00","og_image":[{"width":1024,"height":581,"url":"https:\/\/jornaldasoficinas.com\/pt\/wp-content\/uploads\/2020\/10\/ANECRA-desagradada.jpg","type":"image\/jpeg"}],"author":"Reda\u00e7\u00e3o JO","twitter_card":"summary_large_image","twitter_creator":"@jornaloficinas","twitter_site":"@jornaloficinas","twitter_misc":{"Escrito por":"Reda\u00e7\u00e3o JO","Tempo estimado de leitura":"3 minutos"},"schema":{"@context":"https:\/\/schema.org","@graph":[{"@type":"Article","@id":"https:\/\/jornaldasoficinas.com\/pt\/anecra-desagradada-com-proposta-orcamento-de-estado\/#article","isPartOf":{"@id":"https:\/\/jornaldasoficinas.com\/pt\/anecra-desagradada-com-proposta-orcamento-de-estado\/"},"author":{"name":"Reda\u00e7\u00e3o JO","@id":"https:\/\/jornaldasoficinas.com\/pt\/#\/schema\/person\/a38eef5de2c41d9e7c9ac10141afddf3"},"headline":"ANECRA desagradada com proposta Or\u00e7amento de Estado","datePublished":"2020-10-15T15:00:17+00:00","mainEntityOfPage":{"@id":"https:\/\/jornaldasoficinas.com\/pt\/anecra-desagradada-com-proposta-orcamento-de-estado\/"},"wordCount":511,"publisher":{"@id":"https:\/\/jornaldasoficinas.com\/pt\/#organization"},"image":{"@id":"https:\/\/jornaldasoficinas.com\/pt\/anecra-desagradada-com-proposta-orcamento-de-estado\/#primaryimage"},"thumbnailUrl":"https:\/\/jornaldasoficinas.com\/pt\/wp-content\/uploads\/2020\/10\/ANECRA-desagradada.jpg","keywords":["ANECRA"],"articleSection":["Mercado"],"inLanguage":"pt-PT"},{"@type":"WebPage","@id":"https:\/\/jornaldasoficinas.com\/pt\/anecra-desagradada-com-proposta-orcamento-de-estado\/","url":"https:\/\/jornaldasoficinas.com\/pt\/anecra-desagradada-com-proposta-orcamento-de-estado\/","name":"ANECRA desagradada com proposta Or\u00e7amento de Estado - Jornal das Oficinas","isPartOf":{"@id":"https:\/\/jornaldasoficinas.com\/pt\/#website"},"primaryImageOfPage":{"@id":"https:\/\/jornaldasoficinas.com\/pt\/anecra-desagradada-com-proposta-orcamento-de-estado\/#primaryimage"},"image":{"@id":"https:\/\/jornaldasoficinas.com\/pt\/anecra-desagradada-com-proposta-orcamento-de-estado\/#primaryimage"},"thumbnailUrl":"https:\/\/jornaldasoficinas.com\/pt\/wp-content\/uploads\/2020\/10\/ANECRA-desagradada.jpg","datePublished":"2020-10-15T15:00:17+00:00","breadcrumb":{"@id":"https:\/\/jornaldasoficinas.com\/pt\/anecra-desagradada-com-proposta-orcamento-de-estado\/#breadcrumb"},"inLanguage":"pt-PT","potentialAction":[{"@type":"ReadAction","target":["https:\/\/jornaldasoficinas.com\/pt\/anecra-desagradada-com-proposta-orcamento-de-estado\/"]}]},{"@type":"ImageObject","inLanguage":"pt-PT","@id":"https:\/\/jornaldasoficinas.com\/pt\/anecra-desagradada-com-proposta-orcamento-de-estado\/#primaryimage","url":"https:\/\/jornaldasoficinas.com\/pt\/wp-content\/uploads\/2020\/10\/ANECRA-desagradada.jpg","contentUrl":"https:\/\/jornaldasoficinas.com\/pt\/wp-content\/uploads\/2020\/10\/ANECRA-desagradada.jpg","width":1024,"height":581,"caption":"Dealer New Cars Stock. Colorful Brand New Compact Vehicles For Sale Awaiting on the Dealer Parking Lot. Car Market Business Concept."},{"@type":"BreadcrumbList","@id":"https:\/\/jornaldasoficinas.com\/pt\/anecra-desagradada-com-proposta-orcamento-de-estado\/#breadcrumb","itemListElement":[{"@type":"ListItem","position":1,"name":"In\u00edcio","item":"https:\/\/jornaldasoficinas.com\/pt\/"},{"@type":"ListItem","position":2,"name":"ANECRA desagradada com proposta Or\u00e7amento de Estado"}]},{"@type":"WebSite","@id":"https:\/\/jornaldasoficinas.com\/pt\/#website","url":"https:\/\/jornaldasoficinas.com\/pt\/","name":"Jornal das Oficinas","description":"Jornal independente do Aftermarket Autom\u00f3vel em Portugal","publisher":{"@id":"https:\/\/jornaldasoficinas.com\/pt\/#organization"},"potentialAction":[{"@type":"SearchAction","target":{"@type":"EntryPoint","urlTemplate":"https:\/\/jornaldasoficinas.com\/pt\/?s={search_term_string}"},"query-input":{"@type":"PropertyValueSpecification","valueRequired":true,"valueName":"search_term_string"}}],"inLanguage":"pt-PT"},{"@type":"Organization","@id":"https:\/\/jornaldasoficinas.com\/pt\/#organization","name":"Jornal das Oficinas","url":"https:\/\/jornaldasoficinas.com\/pt\/","logo":{"@type":"ImageObject","inLanguage":"pt-PT","@id":"https:\/\/jornaldasoficinas.com\/pt\/#\/schema\/logo\/image\/","url":"https:\/\/jornaldasoficinas.com\/pt\/wp-content\/uploads\/logoJO-SEO.png","contentUrl":"https:\/\/jornaldasoficinas.com\/pt\/wp-content\/uploads\/logoJO-SEO.png","width":285,"height":450,"caption":"Jornal das Oficinas"},"image":{"@id":"https:\/\/jornaldasoficinas.com\/pt\/#\/schema\/logo\/image\/"},"sameAs":["https:\/\/www.facebook.com\/jornaloficinas","https:\/\/x.com\/jornaloficinas","https:\/\/www.instagram.com\/jornal_oficinas\/","https:\/\/www.linkedin.com\/company\/jornal-das-oficinas\/","https:\/\/www.youtube.com\/channel\/UCbQZBqtcvV-oSQrr7RzINGg"]},{"@type":"Person","@id":"https:\/\/jornaldasoficinas.com\/pt\/#\/schema\/person\/a38eef5de2c41d9e7c9ac10141afddf3","name":"Reda\u00e7\u00e3o JO","image":{"@type":"ImageObject","inLanguage":"pt-PT","@id":"https:\/\/secure.gravatar.com\/avatar\/71f2fa71737ad68a84fea94bc708ddac8ea5b0c4788dc2ad202f3ccb2887742f?s=96&d=wp_user_avatar&r=g","url":"https:\/\/secure.gravatar.com\/avatar\/71f2fa71737ad68a84fea94bc708ddac8ea5b0c4788dc2ad202f3ccb2887742f?s=96&d=wp_user_avatar&r=g","contentUrl":"https:\/\/secure.gravatar.com\/avatar\/71f2fa71737ad68a84fea94bc708ddac8ea5b0c4788dc2ad202f3ccb2887742f?s=96&d=wp_user_avatar&r=g","caption":"Reda\u00e7\u00e3o JO"},"url":"https:\/\/jornaldasoficinas.com\/pt\/author\/joredacao\/"}]}},"_links":{"self":[{"href":"https:\/\/jornaldasoficinas.com\/pt\/wp-json\/wp\/v2\/posts\/16375","targetHints":{"allow":["GET"]}}],"collection":[{"href":"https:\/\/jornaldasoficinas.com\/pt\/wp-json\/wp\/v2\/posts"}],"about":[{"href":"https:\/\/jornaldasoficinas.com\/pt\/wp-json\/wp\/v2\/types\/post"}],"author":[{"embeddable":true,"href":"https:\/\/jornaldasoficinas.com\/pt\/wp-json\/wp\/v2\/users\/15"}],"replies":[{"embeddable":true,"href":"https:\/\/jornaldasoficinas.com\/pt\/wp-json\/wp\/v2\/comments?post=16375"}],"version-history":[{"count":0,"href":"https:\/\/jornaldasoficinas.com\/pt\/wp-json\/wp\/v2\/posts\/16375\/revisions"}],"wp:featuredmedia":[{"embeddable":true,"href":"https:\/\/jornaldasoficinas.com\/pt\/wp-json\/wp\/v2\/media\/16343"}],"wp:attachment":[{"href":"https:\/\/jornaldasoficinas.com\/pt\/wp-json\/wp\/v2\/media?parent=16375"}],"wp:term":[{"taxonomy":"category","embeddable":true,"href":"https:\/\/jornaldasoficinas.com\/pt\/wp-json\/wp\/v2\/categories?post=16375"},{"taxonomy":"post_tag","embeddable":true,"href":"https:\/\/jornaldasoficinas.com\/pt\/wp-json\/wp\/v2\/tags?post=16375"}],"curies":[{"name":"wp","href":"https:\/\/api.w.org\/{rel}","templated":true}]}}