{"id":16436,"date":"2020-10-20T12:00:45","date_gmt":"2020-10-20T11:00:45","guid":{"rendered":"https:\/\/jornaldasoficinas.com\/pt\/?p=16436"},"modified":"2023-07-20T16:14:25","modified_gmt":"2023-07-20T15:14:25","slug":"camioes-man-conquistam-ouro-no-premio-alemao-de-design-2021","status":"publish","type":"post","link":"https:\/\/jornaldasoficinas.com\/pt\/camioes-man-conquistam-ouro-no-premio-alemao-de-design-2021\/","title":{"rendered":"Cami\u00f5es MAN conquistam Ouro no Pr\u00e9mio Alem\u00e3o de Design 2021"},"content":{"rendered":"<p><strong><img loading=\"lazy\" decoding=\"async\" class=\"alignnone wp-image-16402 size-full\" src=\"https:\/\/jornaldasoficinas.com\/pt\/wp-content\/uploads\/2020\/10\/Camio\u0303es-MAN-conquistam.jpg\" alt=\"10 - Camio\u0303es-MAN-conquistam\" width=\"1024\" height=\"581\" srcset=\"https:\/\/jornaldasoficinas.com\/pt\/wp-content\/uploads\/2020\/10\/Camio\u0303es-MAN-conquistam.jpg 1024w, https:\/\/jornaldasoficinas.com\/pt\/wp-content\/uploads\/2020\/10\/Camio\u0303es-MAN-conquistam-300x170.jpg 300w, https:\/\/jornaldasoficinas.com\/pt\/wp-content\/uploads\/2020\/10\/Camio\u0303es-MAN-conquistam-150x85.jpg 150w, https:\/\/jornaldasoficinas.com\/pt\/wp-content\/uploads\/2020\/10\/Camio\u0303es-MAN-conquistam-768x436.jpg 768w\" sizes=\"auto, (max-width: 1024px) 100vw, 1024px\" \/><\/strong><\/p>\n<p><strong>A exposi\u00e7\u00e3o inovadora e o conceito de funcionamento da nova gera\u00e7\u00e3o de cami\u00f5es MAN foi galardoada com Ouro no Pr\u00e9mio Alem\u00e3o de Design 2021. Na categoria Excelente Design de Produto, o local de trabalho consistente e orientado para os motoristas de cami\u00f5es convenceu o j\u00fari internacional de 38 especialistas em design.<\/strong><\/p>\n<p>Ap\u00f3s o Red Dot no Red Dot Design Award, este \u00e9 agora o segundo grande pr\u00e9mio para o local de trabalho do condutor na nova Gera\u00e7\u00e3o de Cami\u00f5es MAN.<\/p>\n<p>&#8220;O Pr\u00e9mio Ouro do Pr\u00e9mio Alem\u00e3o de Design \u00e9 a maior distin\u00e7\u00e3o atribu\u00edda a um trabalho de design excelente, abrangente e inovador. Como pioneiros, os detentores do t\u00edtulo de &#8220;Ouro&#8221; fornecem um est\u00edmulo crucial para toda a ind\u00fastria&#8221;, de acordo com Lutz Dietzold, diretor-geral do Conselho Alem\u00e3o de Design. O Pr\u00e9mio Alem\u00e3o de Design \u00e9 o pr\u00e9mio internacional do Conselho Alem\u00e3o de Design e \u00e9 um dos concursos de design mais reconhecidos a n\u00edvel mundial.<\/p>\n<p>O Dr. Andreas Tostmann, Presidente do Conselho Executivo da MAN Truck &amp; Bus, sublinha o significado especial do novo pr\u00e9mio para a nova gera\u00e7\u00e3o de cami\u00f5es lan\u00e7ada no in\u00edcio de 2020: &#8220;A nova gera\u00e7\u00e3o de cami\u00f5es MAN proporciona aos nossos clientes o m\u00e1ximo de apoio no seu trabalho di\u00e1rio. Os nossos motoristas sabem melhor como deve ser o local de trabalho perfeito. \u00c9 por isso que os ouvimos atentamente e o concebemos de acordo com as suas ideias. Estamos ainda mais satisfeitos por in\u00fameros especialistas em design estarem agora a homenagear o novo local de trabalho do motorista. Isto mostra-nos que estamos no caminho certo!<\/p>\n<p><strong>Local de trabalho do condutor com excelente orienta\u00e7\u00e3o para o motorista<br \/>\n<\/strong>No decurso do desenvolvimento da nova gera\u00e7\u00e3o de cami\u00f5es, a MAN envolveu mais de 700 motoristas de cami\u00f5es em v\u00e1rios tipos de modelos, simuladores de condu\u00e7\u00e3o e estudos de pista de ensaio e integrou a sua experi\u00eancia na conce\u00e7\u00e3o do novo local de trabalho.<\/p>\n<p>Isto \u00e9 determinado por tr\u00eas sistemas oper\u00e1veis independentemente: primeiro, a instrumentaliza\u00e7\u00e3o; segundo, os meios de comunica\u00e7\u00e3o e o sistema de navega\u00e7\u00e3o com um visor de at\u00e9 12,3 polegadas de tamanho e o inovador elemento de controlo MAN SmartSelect; e terceiro, o controlo remoto interno para controlar as fun\u00e7\u00f5es de conforto e entretenimento a partir da \u00e1rea de beliches. Cada sistema tem a sua pr\u00f3pria l\u00f3gica de controlo espec\u00edfica do cami\u00e3o, que, ao mesmo tempo, est\u00e1 integrada no conceito de intera\u00e7\u00e3o hol\u00edstica.<\/p>\n<p>Isto permite ao condutor operar intuitivamente as numerosas fun\u00e7\u00f5es de assist\u00eancia e conforto da nova gera\u00e7\u00e3o de cami\u00f5es MAN e, assim, conduzir o ve\u00edculo de forma segura e eficiente. Todos os elementos operacionais foram concebidos de modo a n\u00e3o distrair a aten\u00e7\u00e3o do condutor do que est\u00e1 a acontecer na estrada. Os n\u00edveis de visualiza\u00e7\u00e3o e de funcionamento est\u00e3o separados uns dos outros de modo a que a informa\u00e7\u00e3o visual esteja o mais pr\u00f3ximo poss\u00edvel da linha de vis\u00e3o da estrada, enquanto os elementos de controlo est\u00e3o ao alcance de uma confort\u00e1vel posi\u00e7\u00e3o sentada. O MAN SmartSelect, por exemplo, com a sua fun\u00e7\u00e3o de virar e pressionar, minimiza a necessidade de desviar o olhar da estrada ao operar os menus de infotainment e navega\u00e7\u00e3o. Outra grande vantagem do novo posto de trabalho do condutor \u00e9 que a cada condutor \u00e9 oferecido o mesmo n\u00edvel elevado de conforto de opera\u00e7\u00e3o de forma r\u00e1pida e intuitiva, independentemente da idade, experi\u00eancia profissional ou afinidade t\u00e9cnica. Com estas caracter\u00edsticas, a nova gera\u00e7\u00e3o MAN d\u00e1 um contributo duradouro para a simplifica\u00e7\u00e3o do dia-a-dia de trabalho cada vez mais exigente dos motoristas de cami\u00f5es.<\/p>\n<p><strong>Sobre o Pr\u00e9mio de Design Alem\u00e3o<br \/>\n<\/strong>O Conselho Alem\u00e3o de Design funciona desde 1953 como um centro de especializa\u00e7\u00e3o em comunica\u00e7\u00e3o e transfer\u00eancia de conhecimentos no \u00e2mbito do design, da marca e da inova\u00e7\u00e3o. Desde 2012, o Pr\u00e9mio Alem\u00e3o de Design, de renome internacional, tem vindo a apresentar pr\u00e9mios para produtos e servi\u00e7os de design de comunica\u00e7\u00e3o de acordo com a sua qualidade de design nas categorias de concursos &#8220;Excelente Design de Produto&#8221;, &#8220;Excelente Design de Comunica\u00e7\u00e3o&#8221; e &#8220;Excelente Arquitetura&#8221;. O j\u00fari internacional de especialistas em design nomeia um ou mais vencedores para o Pr\u00e9mio Ouro para cada categoria. Os vencedores do Pr\u00e9mio de Design Alem\u00e3o 2021 ser\u00e3o publicados na galeria do vencedor a partir de Novembro de 2020. A cerim\u00f3nia festiva de entrega dos pr\u00e9mios ter\u00e1 lugar em Fevereiro de 2021.<\/p>\n","protected":false},"excerpt":{"rendered":"<p>A exposi\u00e7\u00e3o inovadora e o conceito&#8230;<\/p>\n","protected":false},"author":15,"featured_media":16402,"comment_status":"closed","ping_status":"closed","sticky":false,"template":"","format":"standard","meta":{"footnotes":""},"categories":[29],"tags":[10],"class_list":["post-16436","post","type-post","status-publish","format-standard","has-post-thumbnail","hentry","category-empresas","tag-man"],"yoast_head":"<!-- This site is optimized with the Yoast SEO plugin v27.4 - https:\/\/yoast.com\/product\/yoast-seo-wordpress\/ -->\n<title>Cami\u00f5es MAN conquistam Ouro no Pr\u00e9mio Alem\u00e3o de Design 2021 - Jornal das Oficinas<\/title>\n<meta name=\"robots\" content=\"index, follow, max-snippet:-1, max-image-preview:large, max-video-preview:-1\" \/>\n<link rel=\"canonical\" href=\"https:\/\/jornaldasoficinas.com\/pt\/camioes-man-conquistam-ouro-no-premio-alemao-de-design-2021\/\" \/>\n<meta property=\"og:locale\" content=\"pt_PT\" \/>\n<meta property=\"og:type\" content=\"article\" \/>\n<meta property=\"og:title\" content=\"Cami\u00f5es MAN conquistam Ouro no Pr\u00e9mio Alem\u00e3o de Design 2021 - Jornal das Oficinas\" \/>\n<meta property=\"og:description\" content=\"A exposi\u00e7\u00e3o inovadora e o conceito...\" \/>\n<meta property=\"og:url\" content=\"https:\/\/jornaldasoficinas.com\/pt\/camioes-man-conquistam-ouro-no-premio-alemao-de-design-2021\/\" \/>\n<meta property=\"og:site_name\" content=\"Jornal das Oficinas\" \/>\n<meta property=\"article:publisher\" content=\"https:\/\/www.facebook.com\/jornaloficinas\" \/>\n<meta property=\"article:published_time\" content=\"2020-10-20T11:00:45+00:00\" \/>\n<meta property=\"article:modified_time\" content=\"2023-07-20T15:14:25+00:00\" \/>\n<meta property=\"og:image\" content=\"https:\/\/jornaldasoficinas.com\/pt\/wp-content\/uploads\/2020\/10\/Camio\u0303es-MAN-conquistam.jpg\" \/>\n\t<meta property=\"og:image:width\" content=\"1024\" \/>\n\t<meta property=\"og:image:height\" content=\"581\" \/>\n\t<meta property=\"og:image:type\" content=\"image\/jpeg\" \/>\n<meta name=\"author\" content=\"Reda\u00e7\u00e3o JO\" \/>\n<meta name=\"twitter:card\" content=\"summary_large_image\" \/>\n<meta name=\"twitter:creator\" content=\"@jornaloficinas\" \/>\n<meta name=\"twitter:site\" content=\"@jornaloficinas\" \/>\n<meta name=\"twitter:label1\" content=\"Escrito por\" \/>\n\t<meta name=\"twitter:data1\" content=\"Reda\u00e7\u00e3o JO\" \/>\n\t<meta name=\"twitter:label2\" content=\"Tempo estimado de leitura\" \/>\n\t<meta name=\"twitter:data2\" content=\"4 minutos\" \/>\n<script type=\"application\/ld+json\" class=\"yoast-schema-graph\">{\"@context\":\"https:\\\/\\\/schema.org\",\"@graph\":[{\"@type\":\"Article\",\"@id\":\"https:\\\/\\\/jornaldasoficinas.com\\\/pt\\\/camioes-man-conquistam-ouro-no-premio-alemao-de-design-2021\\\/#article\",\"isPartOf\":{\"@id\":\"https:\\\/\\\/jornaldasoficinas.com\\\/pt\\\/camioes-man-conquistam-ouro-no-premio-alemao-de-design-2021\\\/\"},\"author\":{\"name\":\"Reda\u00e7\u00e3o JO\",\"@id\":\"https:\\\/\\\/jornaldasoficinas.com\\\/pt\\\/#\\\/schema\\\/person\\\/a38eef5de2c41d9e7c9ac10141afddf3\"},\"headline\":\"Cami\u00f5es MAN conquistam Ouro no Pr\u00e9mio Alem\u00e3o de Design 2021\",\"datePublished\":\"2020-10-20T11:00:45+00:00\",\"dateModified\":\"2023-07-20T15:14:25+00:00\",\"mainEntityOfPage\":{\"@id\":\"https:\\\/\\\/jornaldasoficinas.com\\\/pt\\\/camioes-man-conquistam-ouro-no-premio-alemao-de-design-2021\\\/\"},\"wordCount\":813,\"publisher\":{\"@id\":\"https:\\\/\\\/jornaldasoficinas.com\\\/pt\\\/#organization\"},\"image\":{\"@id\":\"https:\\\/\\\/jornaldasoficinas.com\\\/pt\\\/camioes-man-conquistam-ouro-no-premio-alemao-de-design-2021\\\/#primaryimage\"},\"thumbnailUrl\":\"https:\\\/\\\/jornaldasoficinas.com\\\/pt\\\/wp-content\\\/uploads\\\/2020\\\/10\\\/Camio\u0303es-MAN-conquistam.jpg\",\"keywords\":[\"Man\"],\"articleSection\":[\"Empresas\"],\"inLanguage\":\"pt-PT\"},{\"@type\":\"WebPage\",\"@id\":\"https:\\\/\\\/jornaldasoficinas.com\\\/pt\\\/camioes-man-conquistam-ouro-no-premio-alemao-de-design-2021\\\/\",\"url\":\"https:\\\/\\\/jornaldasoficinas.com\\\/pt\\\/camioes-man-conquistam-ouro-no-premio-alemao-de-design-2021\\\/\",\"name\":\"Cami\u00f5es MAN conquistam Ouro no Pr\u00e9mio Alem\u00e3o de Design 2021 - Jornal das Oficinas\",\"isPartOf\":{\"@id\":\"https:\\\/\\\/jornaldasoficinas.com\\\/pt\\\/#website\"},\"primaryImageOfPage\":{\"@id\":\"https:\\\/\\\/jornaldasoficinas.com\\\/pt\\\/camioes-man-conquistam-ouro-no-premio-alemao-de-design-2021\\\/#primaryimage\"},\"image\":{\"@id\":\"https:\\\/\\\/jornaldasoficinas.com\\\/pt\\\/camioes-man-conquistam-ouro-no-premio-alemao-de-design-2021\\\/#primaryimage\"},\"thumbnailUrl\":\"https:\\\/\\\/jornaldasoficinas.com\\\/pt\\\/wp-content\\\/uploads\\\/2020\\\/10\\\/Camio\u0303es-MAN-conquistam.jpg\",\"datePublished\":\"2020-10-20T11:00:45+00:00\",\"dateModified\":\"2023-07-20T15:14:25+00:00\",\"breadcrumb\":{\"@id\":\"https:\\\/\\\/jornaldasoficinas.com\\\/pt\\\/camioes-man-conquistam-ouro-no-premio-alemao-de-design-2021\\\/#breadcrumb\"},\"inLanguage\":\"pt-PT\",\"potentialAction\":[{\"@type\":\"ReadAction\",\"target\":[\"https:\\\/\\\/jornaldasoficinas.com\\\/pt\\\/camioes-man-conquistam-ouro-no-premio-alemao-de-design-2021\\\/\"]}]},{\"@type\":\"ImageObject\",\"inLanguage\":\"pt-PT\",\"@id\":\"https:\\\/\\\/jornaldasoficinas.com\\\/pt\\\/camioes-man-conquistam-ouro-no-premio-alemao-de-design-2021\\\/#primaryimage\",\"url\":\"https:\\\/\\\/jornaldasoficinas.com\\\/pt\\\/wp-content\\\/uploads\\\/2020\\\/10\\\/Camio\u0303es-MAN-conquistam.jpg\",\"contentUrl\":\"https:\\\/\\\/jornaldasoficinas.com\\\/pt\\\/wp-content\\\/uploads\\\/2020\\\/10\\\/Camio\u0303es-MAN-conquistam.jpg\",\"width\":1024,\"height\":581,\"caption\":\"10 - Camio\u0303es-MAN-conquistam\"},{\"@type\":\"BreadcrumbList\",\"@id\":\"https:\\\/\\\/jornaldasoficinas.com\\\/pt\\\/camioes-man-conquistam-ouro-no-premio-alemao-de-design-2021\\\/#breadcrumb\",\"itemListElement\":[{\"@type\":\"ListItem\",\"position\":1,\"name\":\"In\u00edcio\",\"item\":\"https:\\\/\\\/jornaldasoficinas.com\\\/pt\\\/\"},{\"@type\":\"ListItem\",\"position\":2,\"name\":\"Cami\u00f5es MAN conquistam Ouro no Pr\u00e9mio Alem\u00e3o de Design 2021\"}]},{\"@type\":\"WebSite\",\"@id\":\"https:\\\/\\\/jornaldasoficinas.com\\\/pt\\\/#website\",\"url\":\"https:\\\/\\\/jornaldasoficinas.com\\\/pt\\\/\",\"name\":\"Jornal das Oficinas\",\"description\":\"Jornal independente do Aftermarket Autom\u00f3vel em Portugal\",\"publisher\":{\"@id\":\"https:\\\/\\\/jornaldasoficinas.com\\\/pt\\\/#organization\"},\"potentialAction\":[{\"@type\":\"SearchAction\",\"target\":{\"@type\":\"EntryPoint\",\"urlTemplate\":\"https:\\\/\\\/jornaldasoficinas.com\\\/pt\\\/?s={search_term_string}\"},\"query-input\":{\"@type\":\"PropertyValueSpecification\",\"valueRequired\":true,\"valueName\":\"search_term_string\"}}],\"inLanguage\":\"pt-PT\"},{\"@type\":\"Organization\",\"@id\":\"https:\\\/\\\/jornaldasoficinas.com\\\/pt\\\/#organization\",\"name\":\"Jornal das Oficinas\",\"url\":\"https:\\\/\\\/jornaldasoficinas.com\\\/pt\\\/\",\"logo\":{\"@type\":\"ImageObject\",\"inLanguage\":\"pt-PT\",\"@id\":\"https:\\\/\\\/jornaldasoficinas.com\\\/pt\\\/#\\\/schema\\\/logo\\\/image\\\/\",\"url\":\"https:\\\/\\\/jornaldasoficinas.com\\\/pt\\\/wp-content\\\/uploads\\\/logoJO-SEO.png\",\"contentUrl\":\"https:\\\/\\\/jornaldasoficinas.com\\\/pt\\\/wp-content\\\/uploads\\\/logoJO-SEO.png\",\"width\":285,\"height\":450,\"caption\":\"Jornal das Oficinas\"},\"image\":{\"@id\":\"https:\\\/\\\/jornaldasoficinas.com\\\/pt\\\/#\\\/schema\\\/logo\\\/image\\\/\"},\"sameAs\":[\"https:\\\/\\\/www.facebook.com\\\/jornaloficinas\",\"https:\\\/\\\/x.com\\\/jornaloficinas\",\"https:\\\/\\\/www.instagram.com\\\/jornal_oficinas\\\/\",\"https:\\\/\\\/www.linkedin.com\\\/company\\\/jornal-das-oficinas\\\/\",\"https:\\\/\\\/www.youtube.com\\\/channel\\\/UCbQZBqtcvV-oSQrr7RzINGg\"]},{\"@type\":\"Person\",\"@id\":\"https:\\\/\\\/jornaldasoficinas.com\\\/pt\\\/#\\\/schema\\\/person\\\/a38eef5de2c41d9e7c9ac10141afddf3\",\"name\":\"Reda\u00e7\u00e3o JO\",\"image\":{\"@type\":\"ImageObject\",\"inLanguage\":\"pt-PT\",\"@id\":\"https:\\\/\\\/secure.gravatar.com\\\/avatar\\\/71f2fa71737ad68a84fea94bc708ddac8ea5b0c4788dc2ad202f3ccb2887742f?s=96&d=wp_user_avatar&r=g\",\"url\":\"https:\\\/\\\/secure.gravatar.com\\\/avatar\\\/71f2fa71737ad68a84fea94bc708ddac8ea5b0c4788dc2ad202f3ccb2887742f?s=96&d=wp_user_avatar&r=g\",\"contentUrl\":\"https:\\\/\\\/secure.gravatar.com\\\/avatar\\\/71f2fa71737ad68a84fea94bc708ddac8ea5b0c4788dc2ad202f3ccb2887742f?s=96&d=wp_user_avatar&r=g\",\"caption\":\"Reda\u00e7\u00e3o JO\"},\"url\":\"https:\\\/\\\/jornaldasoficinas.com\\\/pt\\\/author\\\/joredacao\\\/\"}]}<\/script>\n<!-- \/ Yoast SEO plugin. -->","yoast_head_json":{"title":"Cami\u00f5es MAN conquistam Ouro no Pr\u00e9mio Alem\u00e3o de Design 2021 - Jornal das Oficinas","robots":{"index":"index","follow":"follow","max-snippet":"max-snippet:-1","max-image-preview":"max-image-preview:large","max-video-preview":"max-video-preview:-1"},"canonical":"https:\/\/jornaldasoficinas.com\/pt\/camioes-man-conquistam-ouro-no-premio-alemao-de-design-2021\/","og_locale":"pt_PT","og_type":"article","og_title":"Cami\u00f5es MAN conquistam Ouro no Pr\u00e9mio Alem\u00e3o de Design 2021 - Jornal das Oficinas","og_description":"A exposi\u00e7\u00e3o inovadora e o conceito...","og_url":"https:\/\/jornaldasoficinas.com\/pt\/camioes-man-conquistam-ouro-no-premio-alemao-de-design-2021\/","og_site_name":"Jornal das Oficinas","article_publisher":"https:\/\/www.facebook.com\/jornaloficinas","article_published_time":"2020-10-20T11:00:45+00:00","article_modified_time":"2023-07-20T15:14:25+00:00","og_image":[{"width":1024,"height":581,"url":"https:\/\/jornaldasoficinas.com\/pt\/wp-content\/uploads\/2020\/10\/Camio\u0303es-MAN-conquistam.jpg","type":"image\/jpeg"}],"author":"Reda\u00e7\u00e3o JO","twitter_card":"summary_large_image","twitter_creator":"@jornaloficinas","twitter_site":"@jornaloficinas","twitter_misc":{"Escrito por":"Reda\u00e7\u00e3o JO","Tempo estimado de leitura":"4 minutos"},"schema":{"@context":"https:\/\/schema.org","@graph":[{"@type":"Article","@id":"https:\/\/jornaldasoficinas.com\/pt\/camioes-man-conquistam-ouro-no-premio-alemao-de-design-2021\/#article","isPartOf":{"@id":"https:\/\/jornaldasoficinas.com\/pt\/camioes-man-conquistam-ouro-no-premio-alemao-de-design-2021\/"},"author":{"name":"Reda\u00e7\u00e3o JO","@id":"https:\/\/jornaldasoficinas.com\/pt\/#\/schema\/person\/a38eef5de2c41d9e7c9ac10141afddf3"},"headline":"Cami\u00f5es MAN conquistam Ouro no Pr\u00e9mio Alem\u00e3o de Design 2021","datePublished":"2020-10-20T11:00:45+00:00","dateModified":"2023-07-20T15:14:25+00:00","mainEntityOfPage":{"@id":"https:\/\/jornaldasoficinas.com\/pt\/camioes-man-conquistam-ouro-no-premio-alemao-de-design-2021\/"},"wordCount":813,"publisher":{"@id":"https:\/\/jornaldasoficinas.com\/pt\/#organization"},"image":{"@id":"https:\/\/jornaldasoficinas.com\/pt\/camioes-man-conquistam-ouro-no-premio-alemao-de-design-2021\/#primaryimage"},"thumbnailUrl":"https:\/\/jornaldasoficinas.com\/pt\/wp-content\/uploads\/2020\/10\/Camio\u0303es-MAN-conquistam.jpg","keywords":["Man"],"articleSection":["Empresas"],"inLanguage":"pt-PT"},{"@type":"WebPage","@id":"https:\/\/jornaldasoficinas.com\/pt\/camioes-man-conquistam-ouro-no-premio-alemao-de-design-2021\/","url":"https:\/\/jornaldasoficinas.com\/pt\/camioes-man-conquistam-ouro-no-premio-alemao-de-design-2021\/","name":"Cami\u00f5es MAN conquistam Ouro no Pr\u00e9mio Alem\u00e3o de Design 2021 - Jornal das Oficinas","isPartOf":{"@id":"https:\/\/jornaldasoficinas.com\/pt\/#website"},"primaryImageOfPage":{"@id":"https:\/\/jornaldasoficinas.com\/pt\/camioes-man-conquistam-ouro-no-premio-alemao-de-design-2021\/#primaryimage"},"image":{"@id":"https:\/\/jornaldasoficinas.com\/pt\/camioes-man-conquistam-ouro-no-premio-alemao-de-design-2021\/#primaryimage"},"thumbnailUrl":"https:\/\/jornaldasoficinas.com\/pt\/wp-content\/uploads\/2020\/10\/Camio\u0303es-MAN-conquistam.jpg","datePublished":"2020-10-20T11:00:45+00:00","dateModified":"2023-07-20T15:14:25+00:00","breadcrumb":{"@id":"https:\/\/jornaldasoficinas.com\/pt\/camioes-man-conquistam-ouro-no-premio-alemao-de-design-2021\/#breadcrumb"},"inLanguage":"pt-PT","potentialAction":[{"@type":"ReadAction","target":["https:\/\/jornaldasoficinas.com\/pt\/camioes-man-conquistam-ouro-no-premio-alemao-de-design-2021\/"]}]},{"@type":"ImageObject","inLanguage":"pt-PT","@id":"https:\/\/jornaldasoficinas.com\/pt\/camioes-man-conquistam-ouro-no-premio-alemao-de-design-2021\/#primaryimage","url":"https:\/\/jornaldasoficinas.com\/pt\/wp-content\/uploads\/2020\/10\/Camio\u0303es-MAN-conquistam.jpg","contentUrl":"https:\/\/jornaldasoficinas.com\/pt\/wp-content\/uploads\/2020\/10\/Camio\u0303es-MAN-conquistam.jpg","width":1024,"height":581,"caption":"10 - Camio\u0303es-MAN-conquistam"},{"@type":"BreadcrumbList","@id":"https:\/\/jornaldasoficinas.com\/pt\/camioes-man-conquistam-ouro-no-premio-alemao-de-design-2021\/#breadcrumb","itemListElement":[{"@type":"ListItem","position":1,"name":"In\u00edcio","item":"https:\/\/jornaldasoficinas.com\/pt\/"},{"@type":"ListItem","position":2,"name":"Cami\u00f5es MAN conquistam Ouro no Pr\u00e9mio Alem\u00e3o de Design 2021"}]},{"@type":"WebSite","@id":"https:\/\/jornaldasoficinas.com\/pt\/#website","url":"https:\/\/jornaldasoficinas.com\/pt\/","name":"Jornal das Oficinas","description":"Jornal independente do Aftermarket Autom\u00f3vel em Portugal","publisher":{"@id":"https:\/\/jornaldasoficinas.com\/pt\/#organization"},"potentialAction":[{"@type":"SearchAction","target":{"@type":"EntryPoint","urlTemplate":"https:\/\/jornaldasoficinas.com\/pt\/?s={search_term_string}"},"query-input":{"@type":"PropertyValueSpecification","valueRequired":true,"valueName":"search_term_string"}}],"inLanguage":"pt-PT"},{"@type":"Organization","@id":"https:\/\/jornaldasoficinas.com\/pt\/#organization","name":"Jornal das Oficinas","url":"https:\/\/jornaldasoficinas.com\/pt\/","logo":{"@type":"ImageObject","inLanguage":"pt-PT","@id":"https:\/\/jornaldasoficinas.com\/pt\/#\/schema\/logo\/image\/","url":"https:\/\/jornaldasoficinas.com\/pt\/wp-content\/uploads\/logoJO-SEO.png","contentUrl":"https:\/\/jornaldasoficinas.com\/pt\/wp-content\/uploads\/logoJO-SEO.png","width":285,"height":450,"caption":"Jornal das Oficinas"},"image":{"@id":"https:\/\/jornaldasoficinas.com\/pt\/#\/schema\/logo\/image\/"},"sameAs":["https:\/\/www.facebook.com\/jornaloficinas","https:\/\/x.com\/jornaloficinas","https:\/\/www.instagram.com\/jornal_oficinas\/","https:\/\/www.linkedin.com\/company\/jornal-das-oficinas\/","https:\/\/www.youtube.com\/channel\/UCbQZBqtcvV-oSQrr7RzINGg"]},{"@type":"Person","@id":"https:\/\/jornaldasoficinas.com\/pt\/#\/schema\/person\/a38eef5de2c41d9e7c9ac10141afddf3","name":"Reda\u00e7\u00e3o JO","image":{"@type":"ImageObject","inLanguage":"pt-PT","@id":"https:\/\/secure.gravatar.com\/avatar\/71f2fa71737ad68a84fea94bc708ddac8ea5b0c4788dc2ad202f3ccb2887742f?s=96&d=wp_user_avatar&r=g","url":"https:\/\/secure.gravatar.com\/avatar\/71f2fa71737ad68a84fea94bc708ddac8ea5b0c4788dc2ad202f3ccb2887742f?s=96&d=wp_user_avatar&r=g","contentUrl":"https:\/\/secure.gravatar.com\/avatar\/71f2fa71737ad68a84fea94bc708ddac8ea5b0c4788dc2ad202f3ccb2887742f?s=96&d=wp_user_avatar&r=g","caption":"Reda\u00e7\u00e3o JO"},"url":"https:\/\/jornaldasoficinas.com\/pt\/author\/joredacao\/"}]}},"_links":{"self":[{"href":"https:\/\/jornaldasoficinas.com\/pt\/wp-json\/wp\/v2\/posts\/16436","targetHints":{"allow":["GET"]}}],"collection":[{"href":"https:\/\/jornaldasoficinas.com\/pt\/wp-json\/wp\/v2\/posts"}],"about":[{"href":"https:\/\/jornaldasoficinas.com\/pt\/wp-json\/wp\/v2\/types\/post"}],"author":[{"embeddable":true,"href":"https:\/\/jornaldasoficinas.com\/pt\/wp-json\/wp\/v2\/users\/15"}],"replies":[{"embeddable":true,"href":"https:\/\/jornaldasoficinas.com\/pt\/wp-json\/wp\/v2\/comments?post=16436"}],"version-history":[{"count":0,"href":"https:\/\/jornaldasoficinas.com\/pt\/wp-json\/wp\/v2\/posts\/16436\/revisions"}],"wp:featuredmedia":[{"embeddable":true,"href":"https:\/\/jornaldasoficinas.com\/pt\/wp-json\/wp\/v2\/media\/16402"}],"wp:attachment":[{"href":"https:\/\/jornaldasoficinas.com\/pt\/wp-json\/wp\/v2\/media?parent=16436"}],"wp:term":[{"taxonomy":"category","embeddable":true,"href":"https:\/\/jornaldasoficinas.com\/pt\/wp-json\/wp\/v2\/categories?post=16436"},{"taxonomy":"post_tag","embeddable":true,"href":"https:\/\/jornaldasoficinas.com\/pt\/wp-json\/wp\/v2\/tags?post=16436"}],"curies":[{"name":"wp","href":"https:\/\/api.w.org\/{rel}","templated":true}]}}