{"id":16439,"date":"2020-10-20T14:00:29","date_gmt":"2020-10-20T13:00:29","guid":{"rendered":"https:\/\/jornaldasoficinas.com\/pt\/?p=16439"},"modified":"2020-10-19T10:11:36","modified_gmt":"2020-10-19T09:11:36","slug":"entregas-ao-domicilio-com-zero-emissoes-sao-o-novo-normal","status":"publish","type":"post","link":"https:\/\/jornaldasoficinas.com\/pt\/entregas-ao-domicilio-com-zero-emissoes-sao-o-novo-normal\/","title":{"rendered":"Entregas ao domic\u00edlio com zero emiss\u00f5es s\u00e3o o \u201cnovo normal\u201d"},"content":{"rendered":"<p><strong><img loading=\"lazy\" decoding=\"async\" class=\"alignnone wp-image-16405 size-full\" src=\"https:\/\/jornaldasoficinas.com\/pt\/wp-content\/uploads\/2020\/10\/entregas-ao-domicilio.jpg\" alt=\"10 - entregas-ao-domicilio\" width=\"1024\" height=\"581\" srcset=\"https:\/\/jornaldasoficinas.com\/pt\/wp-content\/uploads\/2020\/10\/entregas-ao-domicilio.jpg 1024w, https:\/\/jornaldasoficinas.com\/pt\/wp-content\/uploads\/2020\/10\/entregas-ao-domicilio-300x170.jpg 300w, https:\/\/jornaldasoficinas.com\/pt\/wp-content\/uploads\/2020\/10\/entregas-ao-domicilio-150x85.jpg 150w, https:\/\/jornaldasoficinas.com\/pt\/wp-content\/uploads\/2020\/10\/entregas-ao-domicilio-768x436.jpg 768w\" sizes=\"auto, (max-width: 1024px) 100vw, 1024px\" \/><\/strong><\/p>\n<p><strong>As entregas ao domic\u00edlio com zero emiss\u00f5es s\u00e3o agora o novo normal, esta \u00e9 a principal conclus\u00e3o do Whitepaper que a LeasePlan acaba de divulgar \u2013 \u201cPorque chegou o momento da transi\u00e7\u00e3o para uma frota VCL el\u00e9trica\u201d -, mudan\u00e7a que apenas \u00e9 poss\u00edvel gra\u00e7as \u00e0 introdu\u00e7\u00e3o de uma nova gama de ve\u00edculos comerciais ligeiros el\u00e9tricos.<\/strong><\/p>\n<p>H\u00e1 muito que as cidades lutam contra o congestionamento e a polui\u00e7\u00e3o atmosf\u00e9rica, e a press\u00e3o est\u00e1 a aumentar ainda mais \u00e0 medida que o n\u00famero de entregas de encomendas ao domic\u00edlio continua a subir. Para resolver este problema os Governos de toda a Europa est\u00e3o a estimular a transi\u00e7\u00e3o para a condu\u00e7\u00e3o el\u00e9trica. Por exemplo, um n\u00famero crescente de autoridades locais est\u00e1 a introduzir uma legisla\u00e7\u00e3o mais r\u00edgida em zonas de emiss\u00f5es reduzidas (ZER) e de ar puro para limitar o n\u00famero de ve\u00edculos altamente poluentes em \u00e1reas urbanas. Os ve\u00edculos comerciais ligeiros (VCL) el\u00e9tricos s\u00e3o uma boa forma de contornar essa legisla\u00e7\u00e3o assegurando o acesso aos centros das cidades, que \u00e9 essencial para a continuidade das suas atividades.<\/p>\n<p>Tex Gunning, CEO da LeasePlan afirmou: \u201cHoje, mais do que nunca, as pessoas confiam nos servi\u00e7os de entrega ao domic\u00edlio, e isto est\u00e1 a gerar um aumento no tr\u00e1fego na distribui\u00e7\u00e3o de entregas nos centros urbanos. Os ve\u00edculos comerciais el\u00e9tricos s\u00e3o uma \u00f3tima forma de satisfazer esta procura crescente de servi\u00e7os de compras online, sem sacrificar a qualidade do ar nas nossas cidades.<\/p>\n<p>A nossa pesquisa mostra que existe agora uma gama de ve\u00edculos comerciais el\u00e9trica, de pr\u00f3xima gera\u00e7\u00e3o, prestes a chegar ao mercado, que pode transformar a mobilidade comercial urbana. Em resumo: n\u00e3o h\u00e1 desculpa para n\u00e3o trocar a sua carrinha branca por uma carrinha verde e fazer das entregas com zero emiss\u00f5es o novo normal\u201d.<\/p>\n<p><strong>As principais conclus\u00f5es do Whitepaper s\u00e3o:<br \/>\n<\/strong>-O aumento das zonas de emiss\u00f5es reduzidas (ZER) nas cidades de toda a Europa est\u00e1 a refor\u00e7ar a procura de ve\u00edculos comerciais el\u00e9tricos &#8211; uma tend\u00eancia refor\u00e7ada pelos esfor\u00e7os para reduzir a pegada de carbono entre os operadores de frotas empresariais e do setor p\u00fablico.<\/p>\n<p>&#8211; Os OEMs (Fabricante de Equipamento Original) est\u00e3o a come\u00e7ar a introduzir uma nova gama de ve\u00edculos comerciais el\u00e9tricos de m\u00e9dio e grande porte (por exemplo, Mercedes eVito e eSprinter), na sequ\u00eancia de novas pesquisas que mostram que as empresas que realizam servi\u00e7os de entrega de proximidade d\u00e3o prioridade ao volume total de carga poss\u00edvel em de \u00e0 carga \u00fatil m\u00e1xima.<\/p>\n<p>&#8211; A maioria dos novos ve\u00edculos comerciais el\u00e9tricos t\u00eam uma autonomia oficial de cerca de 160 km, com alguns fabricantes a\u00a0 afirmarem mesmo que os seus ve\u00edculos mais recentes podem atingir uma autonomia de at\u00e9 270 km. As autonomias atuais s\u00e3o, portanto, suficientes para que os ve\u00edculos comerciais el\u00e9tricos possam completar um dia de entregas sem terem de ser recarregados.<\/p>\n<p>&#8211; O TCO (Custo Total de Propriedade) dos ve\u00edculos comerciais el\u00e9tricos \u00e9 cada vez mais competitivo, \u00e0 medida que os fabricantes desenvolvem uma nova gama de ve\u00edculos comerciais, em vez de reconfigurar modelos de combust\u00e3o interna mais antigos. A queda dos custos das baterias e a disponibilidade generalizada de benef\u00edcios fiscais e incentivos governamentais est\u00e3o tamb\u00e9m a melhorar a competitividade dos ve\u00edculos comerciais el\u00e9tricos em termos de custos.<\/p>\n<p>&nbsp;<\/p>\n","protected":false},"excerpt":{"rendered":"<p>As entregas ao domic\u00edlio com zero&#8230;<\/p>\n","protected":false},"author":15,"featured_media":16405,"comment_status":"closed","ping_status":"closed","sticky":false,"template":"","format":"standard","meta":{"footnotes":""},"categories":[37],"tags":[519],"class_list":["post-16439","post","type-post","status-publish","format-standard","has-post-thumbnail","hentry","category-mercado","tag-leaseplan"],"yoast_head":"<!-- This site is optimized with the Yoast SEO plugin v27.4 - https:\/\/yoast.com\/product\/yoast-seo-wordpress\/ -->\n<title>Entregas ao domic\u00edlio com zero emiss\u00f5es s\u00e3o o \u201cnovo normal\u201d - Jornal das Oficinas<\/title>\n<meta name=\"robots\" content=\"index, follow, max-snippet:-1, max-image-preview:large, max-video-preview:-1\" \/>\n<link rel=\"canonical\" href=\"https:\/\/jornaldasoficinas.com\/pt\/entregas-ao-domicilio-com-zero-emissoes-sao-o-novo-normal\/\" \/>\n<meta property=\"og:locale\" content=\"pt_PT\" \/>\n<meta property=\"og:type\" content=\"article\" \/>\n<meta property=\"og:title\" content=\"Entregas ao domic\u00edlio com zero emiss\u00f5es s\u00e3o o \u201cnovo normal\u201d - Jornal das Oficinas\" \/>\n<meta property=\"og:description\" content=\"As entregas ao domic\u00edlio com zero...\" \/>\n<meta property=\"og:url\" content=\"https:\/\/jornaldasoficinas.com\/pt\/entregas-ao-domicilio-com-zero-emissoes-sao-o-novo-normal\/\" \/>\n<meta property=\"og:site_name\" content=\"Jornal das Oficinas\" \/>\n<meta property=\"article:publisher\" content=\"https:\/\/www.facebook.com\/jornaloficinas\" \/>\n<meta property=\"article:published_time\" content=\"2020-10-20T13:00:29+00:00\" \/>\n<meta property=\"og:image\" content=\"https:\/\/jornaldasoficinas.com\/pt\/wp-content\/uploads\/2020\/10\/entregas-ao-domicilio.jpg\" \/>\n\t<meta property=\"og:image:width\" content=\"1024\" \/>\n\t<meta property=\"og:image:height\" content=\"581\" \/>\n\t<meta property=\"og:image:type\" content=\"image\/jpeg\" \/>\n<meta name=\"author\" content=\"Reda\u00e7\u00e3o JO\" \/>\n<meta name=\"twitter:card\" content=\"summary_large_image\" \/>\n<meta name=\"twitter:creator\" content=\"@jornaloficinas\" \/>\n<meta name=\"twitter:site\" content=\"@jornaloficinas\" \/>\n<meta name=\"twitter:label1\" content=\"Escrito por\" \/>\n\t<meta name=\"twitter:data1\" content=\"Reda\u00e7\u00e3o JO\" \/>\n\t<meta name=\"twitter:label2\" content=\"Tempo estimado de leitura\" \/>\n\t<meta name=\"twitter:data2\" content=\"3 minutos\" \/>\n<script type=\"application\/ld+json\" class=\"yoast-schema-graph\">{\"@context\":\"https:\\\/\\\/schema.org\",\"@graph\":[{\"@type\":\"Article\",\"@id\":\"https:\\\/\\\/jornaldasoficinas.com\\\/pt\\\/entregas-ao-domicilio-com-zero-emissoes-sao-o-novo-normal\\\/#article\",\"isPartOf\":{\"@id\":\"https:\\\/\\\/jornaldasoficinas.com\\\/pt\\\/entregas-ao-domicilio-com-zero-emissoes-sao-o-novo-normal\\\/\"},\"author\":{\"name\":\"Reda\u00e7\u00e3o JO\",\"@id\":\"https:\\\/\\\/jornaldasoficinas.com\\\/pt\\\/#\\\/schema\\\/person\\\/a38eef5de2c41d9e7c9ac10141afddf3\"},\"headline\":\"Entregas ao domic\u00edlio com zero emiss\u00f5es s\u00e3o o \u201cnovo normal\u201d\",\"datePublished\":\"2020-10-20T13:00:29+00:00\",\"mainEntityOfPage\":{\"@id\":\"https:\\\/\\\/jornaldasoficinas.com\\\/pt\\\/entregas-ao-domicilio-com-zero-emissoes-sao-o-novo-normal\\\/\"},\"wordCount\":617,\"publisher\":{\"@id\":\"https:\\\/\\\/jornaldasoficinas.com\\\/pt\\\/#organization\"},\"image\":{\"@id\":\"https:\\\/\\\/jornaldasoficinas.com\\\/pt\\\/entregas-ao-domicilio-com-zero-emissoes-sao-o-novo-normal\\\/#primaryimage\"},\"thumbnailUrl\":\"https:\\\/\\\/jornaldasoficinas.com\\\/pt\\\/wp-content\\\/uploads\\\/2020\\\/10\\\/entregas-ao-domicilio.jpg\",\"keywords\":[\"LeasePlan\"],\"articleSection\":[\"Mercado\"],\"inLanguage\":\"pt-PT\"},{\"@type\":\"WebPage\",\"@id\":\"https:\\\/\\\/jornaldasoficinas.com\\\/pt\\\/entregas-ao-domicilio-com-zero-emissoes-sao-o-novo-normal\\\/\",\"url\":\"https:\\\/\\\/jornaldasoficinas.com\\\/pt\\\/entregas-ao-domicilio-com-zero-emissoes-sao-o-novo-normal\\\/\",\"name\":\"Entregas ao domic\u00edlio com zero emiss\u00f5es s\u00e3o o \u201cnovo normal\u201d - Jornal das Oficinas\",\"isPartOf\":{\"@id\":\"https:\\\/\\\/jornaldasoficinas.com\\\/pt\\\/#website\"},\"primaryImageOfPage\":{\"@id\":\"https:\\\/\\\/jornaldasoficinas.com\\\/pt\\\/entregas-ao-domicilio-com-zero-emissoes-sao-o-novo-normal\\\/#primaryimage\"},\"image\":{\"@id\":\"https:\\\/\\\/jornaldasoficinas.com\\\/pt\\\/entregas-ao-domicilio-com-zero-emissoes-sao-o-novo-normal\\\/#primaryimage\"},\"thumbnailUrl\":\"https:\\\/\\\/jornaldasoficinas.com\\\/pt\\\/wp-content\\\/uploads\\\/2020\\\/10\\\/entregas-ao-domicilio.jpg\",\"datePublished\":\"2020-10-20T13:00:29+00:00\",\"breadcrumb\":{\"@id\":\"https:\\\/\\\/jornaldasoficinas.com\\\/pt\\\/entregas-ao-domicilio-com-zero-emissoes-sao-o-novo-normal\\\/#breadcrumb\"},\"inLanguage\":\"pt-PT\",\"potentialAction\":[{\"@type\":\"ReadAction\",\"target\":[\"https:\\\/\\\/jornaldasoficinas.com\\\/pt\\\/entregas-ao-domicilio-com-zero-emissoes-sao-o-novo-normal\\\/\"]}]},{\"@type\":\"ImageObject\",\"inLanguage\":\"pt-PT\",\"@id\":\"https:\\\/\\\/jornaldasoficinas.com\\\/pt\\\/entregas-ao-domicilio-com-zero-emissoes-sao-o-novo-normal\\\/#primaryimage\",\"url\":\"https:\\\/\\\/jornaldasoficinas.com\\\/pt\\\/wp-content\\\/uploads\\\/2020\\\/10\\\/entregas-ao-domicilio.jpg\",\"contentUrl\":\"https:\\\/\\\/jornaldasoficinas.com\\\/pt\\\/wp-content\\\/uploads\\\/2020\\\/10\\\/entregas-ao-domicilio.jpg\",\"width\":1024,\"height\":581,\"caption\":\"10 - entregas-ao-domicilio\"},{\"@type\":\"BreadcrumbList\",\"@id\":\"https:\\\/\\\/jornaldasoficinas.com\\\/pt\\\/entregas-ao-domicilio-com-zero-emissoes-sao-o-novo-normal\\\/#breadcrumb\",\"itemListElement\":[{\"@type\":\"ListItem\",\"position\":1,\"name\":\"In\u00edcio\",\"item\":\"https:\\\/\\\/jornaldasoficinas.com\\\/pt\\\/\"},{\"@type\":\"ListItem\",\"position\":2,\"name\":\"Entregas ao domic\u00edlio com zero emiss\u00f5es s\u00e3o o \u201cnovo normal\u201d\"}]},{\"@type\":\"WebSite\",\"@id\":\"https:\\\/\\\/jornaldasoficinas.com\\\/pt\\\/#website\",\"url\":\"https:\\\/\\\/jornaldasoficinas.com\\\/pt\\\/\",\"name\":\"Jornal das Oficinas\",\"description\":\"Jornal independente do Aftermarket Autom\u00f3vel em Portugal\",\"publisher\":{\"@id\":\"https:\\\/\\\/jornaldasoficinas.com\\\/pt\\\/#organization\"},\"potentialAction\":[{\"@type\":\"SearchAction\",\"target\":{\"@type\":\"EntryPoint\",\"urlTemplate\":\"https:\\\/\\\/jornaldasoficinas.com\\\/pt\\\/?s={search_term_string}\"},\"query-input\":{\"@type\":\"PropertyValueSpecification\",\"valueRequired\":true,\"valueName\":\"search_term_string\"}}],\"inLanguage\":\"pt-PT\"},{\"@type\":\"Organization\",\"@id\":\"https:\\\/\\\/jornaldasoficinas.com\\\/pt\\\/#organization\",\"name\":\"Jornal das Oficinas\",\"url\":\"https:\\\/\\\/jornaldasoficinas.com\\\/pt\\\/\",\"logo\":{\"@type\":\"ImageObject\",\"inLanguage\":\"pt-PT\",\"@id\":\"https:\\\/\\\/jornaldasoficinas.com\\\/pt\\\/#\\\/schema\\\/logo\\\/image\\\/\",\"url\":\"https:\\\/\\\/jornaldasoficinas.com\\\/pt\\\/wp-content\\\/uploads\\\/logoJO-SEO.png\",\"contentUrl\":\"https:\\\/\\\/jornaldasoficinas.com\\\/pt\\\/wp-content\\\/uploads\\\/logoJO-SEO.png\",\"width\":285,\"height\":450,\"caption\":\"Jornal das Oficinas\"},\"image\":{\"@id\":\"https:\\\/\\\/jornaldasoficinas.com\\\/pt\\\/#\\\/schema\\\/logo\\\/image\\\/\"},\"sameAs\":[\"https:\\\/\\\/www.facebook.com\\\/jornaloficinas\",\"https:\\\/\\\/x.com\\\/jornaloficinas\",\"https:\\\/\\\/www.instagram.com\\\/jornal_oficinas\\\/\",\"https:\\\/\\\/www.linkedin.com\\\/company\\\/jornal-das-oficinas\\\/\",\"https:\\\/\\\/www.youtube.com\\\/channel\\\/UCbQZBqtcvV-oSQrr7RzINGg\"]},{\"@type\":\"Person\",\"@id\":\"https:\\\/\\\/jornaldasoficinas.com\\\/pt\\\/#\\\/schema\\\/person\\\/a38eef5de2c41d9e7c9ac10141afddf3\",\"name\":\"Reda\u00e7\u00e3o JO\",\"image\":{\"@type\":\"ImageObject\",\"inLanguage\":\"pt-PT\",\"@id\":\"https:\\\/\\\/secure.gravatar.com\\\/avatar\\\/71f2fa71737ad68a84fea94bc708ddac8ea5b0c4788dc2ad202f3ccb2887742f?s=96&d=wp_user_avatar&r=g\",\"url\":\"https:\\\/\\\/secure.gravatar.com\\\/avatar\\\/71f2fa71737ad68a84fea94bc708ddac8ea5b0c4788dc2ad202f3ccb2887742f?s=96&d=wp_user_avatar&r=g\",\"contentUrl\":\"https:\\\/\\\/secure.gravatar.com\\\/avatar\\\/71f2fa71737ad68a84fea94bc708ddac8ea5b0c4788dc2ad202f3ccb2887742f?s=96&d=wp_user_avatar&r=g\",\"caption\":\"Reda\u00e7\u00e3o JO\"},\"url\":\"https:\\\/\\\/jornaldasoficinas.com\\\/pt\\\/author\\\/joredacao\\\/\"}]}<\/script>\n<!-- \/ Yoast SEO plugin. -->","yoast_head_json":{"title":"Entregas ao domic\u00edlio com zero emiss\u00f5es s\u00e3o o \u201cnovo normal\u201d - Jornal das Oficinas","robots":{"index":"index","follow":"follow","max-snippet":"max-snippet:-1","max-image-preview":"max-image-preview:large","max-video-preview":"max-video-preview:-1"},"canonical":"https:\/\/jornaldasoficinas.com\/pt\/entregas-ao-domicilio-com-zero-emissoes-sao-o-novo-normal\/","og_locale":"pt_PT","og_type":"article","og_title":"Entregas ao domic\u00edlio com zero emiss\u00f5es s\u00e3o o \u201cnovo normal\u201d - Jornal das Oficinas","og_description":"As entregas ao domic\u00edlio com zero...","og_url":"https:\/\/jornaldasoficinas.com\/pt\/entregas-ao-domicilio-com-zero-emissoes-sao-o-novo-normal\/","og_site_name":"Jornal das Oficinas","article_publisher":"https:\/\/www.facebook.com\/jornaloficinas","article_published_time":"2020-10-20T13:00:29+00:00","og_image":[{"width":1024,"height":581,"url":"https:\/\/jornaldasoficinas.com\/pt\/wp-content\/uploads\/2020\/10\/entregas-ao-domicilio.jpg","type":"image\/jpeg"}],"author":"Reda\u00e7\u00e3o JO","twitter_card":"summary_large_image","twitter_creator":"@jornaloficinas","twitter_site":"@jornaloficinas","twitter_misc":{"Escrito por":"Reda\u00e7\u00e3o JO","Tempo estimado de leitura":"3 minutos"},"schema":{"@context":"https:\/\/schema.org","@graph":[{"@type":"Article","@id":"https:\/\/jornaldasoficinas.com\/pt\/entregas-ao-domicilio-com-zero-emissoes-sao-o-novo-normal\/#article","isPartOf":{"@id":"https:\/\/jornaldasoficinas.com\/pt\/entregas-ao-domicilio-com-zero-emissoes-sao-o-novo-normal\/"},"author":{"name":"Reda\u00e7\u00e3o JO","@id":"https:\/\/jornaldasoficinas.com\/pt\/#\/schema\/person\/a38eef5de2c41d9e7c9ac10141afddf3"},"headline":"Entregas ao domic\u00edlio com zero emiss\u00f5es s\u00e3o o \u201cnovo normal\u201d","datePublished":"2020-10-20T13:00:29+00:00","mainEntityOfPage":{"@id":"https:\/\/jornaldasoficinas.com\/pt\/entregas-ao-domicilio-com-zero-emissoes-sao-o-novo-normal\/"},"wordCount":617,"publisher":{"@id":"https:\/\/jornaldasoficinas.com\/pt\/#organization"},"image":{"@id":"https:\/\/jornaldasoficinas.com\/pt\/entregas-ao-domicilio-com-zero-emissoes-sao-o-novo-normal\/#primaryimage"},"thumbnailUrl":"https:\/\/jornaldasoficinas.com\/pt\/wp-content\/uploads\/2020\/10\/entregas-ao-domicilio.jpg","keywords":["LeasePlan"],"articleSection":["Mercado"],"inLanguage":"pt-PT"},{"@type":"WebPage","@id":"https:\/\/jornaldasoficinas.com\/pt\/entregas-ao-domicilio-com-zero-emissoes-sao-o-novo-normal\/","url":"https:\/\/jornaldasoficinas.com\/pt\/entregas-ao-domicilio-com-zero-emissoes-sao-o-novo-normal\/","name":"Entregas ao domic\u00edlio com zero emiss\u00f5es s\u00e3o o \u201cnovo normal\u201d - Jornal das Oficinas","isPartOf":{"@id":"https:\/\/jornaldasoficinas.com\/pt\/#website"},"primaryImageOfPage":{"@id":"https:\/\/jornaldasoficinas.com\/pt\/entregas-ao-domicilio-com-zero-emissoes-sao-o-novo-normal\/#primaryimage"},"image":{"@id":"https:\/\/jornaldasoficinas.com\/pt\/entregas-ao-domicilio-com-zero-emissoes-sao-o-novo-normal\/#primaryimage"},"thumbnailUrl":"https:\/\/jornaldasoficinas.com\/pt\/wp-content\/uploads\/2020\/10\/entregas-ao-domicilio.jpg","datePublished":"2020-10-20T13:00:29+00:00","breadcrumb":{"@id":"https:\/\/jornaldasoficinas.com\/pt\/entregas-ao-domicilio-com-zero-emissoes-sao-o-novo-normal\/#breadcrumb"},"inLanguage":"pt-PT","potentialAction":[{"@type":"ReadAction","target":["https:\/\/jornaldasoficinas.com\/pt\/entregas-ao-domicilio-com-zero-emissoes-sao-o-novo-normal\/"]}]},{"@type":"ImageObject","inLanguage":"pt-PT","@id":"https:\/\/jornaldasoficinas.com\/pt\/entregas-ao-domicilio-com-zero-emissoes-sao-o-novo-normal\/#primaryimage","url":"https:\/\/jornaldasoficinas.com\/pt\/wp-content\/uploads\/2020\/10\/entregas-ao-domicilio.jpg","contentUrl":"https:\/\/jornaldasoficinas.com\/pt\/wp-content\/uploads\/2020\/10\/entregas-ao-domicilio.jpg","width":1024,"height":581,"caption":"10 - entregas-ao-domicilio"},{"@type":"BreadcrumbList","@id":"https:\/\/jornaldasoficinas.com\/pt\/entregas-ao-domicilio-com-zero-emissoes-sao-o-novo-normal\/#breadcrumb","itemListElement":[{"@type":"ListItem","position":1,"name":"In\u00edcio","item":"https:\/\/jornaldasoficinas.com\/pt\/"},{"@type":"ListItem","position":2,"name":"Entregas ao domic\u00edlio com zero emiss\u00f5es s\u00e3o o \u201cnovo normal\u201d"}]},{"@type":"WebSite","@id":"https:\/\/jornaldasoficinas.com\/pt\/#website","url":"https:\/\/jornaldasoficinas.com\/pt\/","name":"Jornal das Oficinas","description":"Jornal independente do Aftermarket Autom\u00f3vel em Portugal","publisher":{"@id":"https:\/\/jornaldasoficinas.com\/pt\/#organization"},"potentialAction":[{"@type":"SearchAction","target":{"@type":"EntryPoint","urlTemplate":"https:\/\/jornaldasoficinas.com\/pt\/?s={search_term_string}"},"query-input":{"@type":"PropertyValueSpecification","valueRequired":true,"valueName":"search_term_string"}}],"inLanguage":"pt-PT"},{"@type":"Organization","@id":"https:\/\/jornaldasoficinas.com\/pt\/#organization","name":"Jornal das Oficinas","url":"https:\/\/jornaldasoficinas.com\/pt\/","logo":{"@type":"ImageObject","inLanguage":"pt-PT","@id":"https:\/\/jornaldasoficinas.com\/pt\/#\/schema\/logo\/image\/","url":"https:\/\/jornaldasoficinas.com\/pt\/wp-content\/uploads\/logoJO-SEO.png","contentUrl":"https:\/\/jornaldasoficinas.com\/pt\/wp-content\/uploads\/logoJO-SEO.png","width":285,"height":450,"caption":"Jornal das Oficinas"},"image":{"@id":"https:\/\/jornaldasoficinas.com\/pt\/#\/schema\/logo\/image\/"},"sameAs":["https:\/\/www.facebook.com\/jornaloficinas","https:\/\/x.com\/jornaloficinas","https:\/\/www.instagram.com\/jornal_oficinas\/","https:\/\/www.linkedin.com\/company\/jornal-das-oficinas\/","https:\/\/www.youtube.com\/channel\/UCbQZBqtcvV-oSQrr7RzINGg"]},{"@type":"Person","@id":"https:\/\/jornaldasoficinas.com\/pt\/#\/schema\/person\/a38eef5de2c41d9e7c9ac10141afddf3","name":"Reda\u00e7\u00e3o JO","image":{"@type":"ImageObject","inLanguage":"pt-PT","@id":"https:\/\/secure.gravatar.com\/avatar\/71f2fa71737ad68a84fea94bc708ddac8ea5b0c4788dc2ad202f3ccb2887742f?s=96&d=wp_user_avatar&r=g","url":"https:\/\/secure.gravatar.com\/avatar\/71f2fa71737ad68a84fea94bc708ddac8ea5b0c4788dc2ad202f3ccb2887742f?s=96&d=wp_user_avatar&r=g","contentUrl":"https:\/\/secure.gravatar.com\/avatar\/71f2fa71737ad68a84fea94bc708ddac8ea5b0c4788dc2ad202f3ccb2887742f?s=96&d=wp_user_avatar&r=g","caption":"Reda\u00e7\u00e3o JO"},"url":"https:\/\/jornaldasoficinas.com\/pt\/author\/joredacao\/"}]}},"_links":{"self":[{"href":"https:\/\/jornaldasoficinas.com\/pt\/wp-json\/wp\/v2\/posts\/16439","targetHints":{"allow":["GET"]}}],"collection":[{"href":"https:\/\/jornaldasoficinas.com\/pt\/wp-json\/wp\/v2\/posts"}],"about":[{"href":"https:\/\/jornaldasoficinas.com\/pt\/wp-json\/wp\/v2\/types\/post"}],"author":[{"embeddable":true,"href":"https:\/\/jornaldasoficinas.com\/pt\/wp-json\/wp\/v2\/users\/15"}],"replies":[{"embeddable":true,"href":"https:\/\/jornaldasoficinas.com\/pt\/wp-json\/wp\/v2\/comments?post=16439"}],"version-history":[{"count":0,"href":"https:\/\/jornaldasoficinas.com\/pt\/wp-json\/wp\/v2\/posts\/16439\/revisions"}],"wp:featuredmedia":[{"embeddable":true,"href":"https:\/\/jornaldasoficinas.com\/pt\/wp-json\/wp\/v2\/media\/16405"}],"wp:attachment":[{"href":"https:\/\/jornaldasoficinas.com\/pt\/wp-json\/wp\/v2\/media?parent=16439"}],"wp:term":[{"taxonomy":"category","embeddable":true,"href":"https:\/\/jornaldasoficinas.com\/pt\/wp-json\/wp\/v2\/categories?post=16439"},{"taxonomy":"post_tag","embeddable":true,"href":"https:\/\/jornaldasoficinas.com\/pt\/wp-json\/wp\/v2\/tags?post=16439"}],"curies":[{"name":"wp","href":"https:\/\/api.w.org\/{rel}","templated":true}]}}