{"id":16441,"date":"2020-10-20T16:00:09","date_gmt":"2020-10-20T15:00:09","guid":{"rendered":"https:\/\/jornaldasoficinas.com\/pt\/?p=16441"},"modified":"2020-10-19T10:22:41","modified_gmt":"2020-10-19T09:22:41","slug":"90-anos-de-filtros-de-combustivel-bosch","status":"publish","type":"post","link":"https:\/\/jornaldasoficinas.com\/pt\/90-anos-de-filtros-de-combustivel-bosch\/","title":{"rendered":"90 anos de filtros de combust\u00edvel Bosch"},"content":{"rendered":"<p><strong><img loading=\"lazy\" decoding=\"async\" class=\"alignnone wp-image-16397 size-full\" src=\"https:\/\/jornaldasoficinas.com\/pt\/wp-content\/uploads\/2020\/10\/90-anos-de-filtros1.jpg\" alt=\"10 - 90-anos-de-filtros1\" width=\"1024\" height=\"581\" srcset=\"https:\/\/jornaldasoficinas.com\/pt\/wp-content\/uploads\/2020\/10\/90-anos-de-filtros1.jpg 1024w, https:\/\/jornaldasoficinas.com\/pt\/wp-content\/uploads\/2020\/10\/90-anos-de-filtros1-300x170.jpg 300w, https:\/\/jornaldasoficinas.com\/pt\/wp-content\/uploads\/2020\/10\/90-anos-de-filtros1-150x85.jpg 150w, https:\/\/jornaldasoficinas.com\/pt\/wp-content\/uploads\/2020\/10\/90-anos-de-filtros1-768x436.jpg 768w\" sizes=\"auto, (max-width: 1024px) 100vw, 1024px\" \/><\/strong><\/p>\n<p><strong>No in\u00edcio do s\u00e9culo passado, as impurezas do combust\u00edvel da \u00e9poca causavam muitas falhas no motor. A Bosch conseguiu resolver esse problema em 1930 por meio de filtros de combust\u00edvel que protegiam os sistemas de inje\u00e7\u00e3o dos motores a diesel &#8211; e, posteriormente, tamb\u00e9m os da gasolina &#8211; dos poluentes.<\/strong><\/p>\n<p>Embora o primeiro filtro de combust\u00edvel da Bosch usado 90 anos atr\u00e1s j\u00e1 fosse bastante eficaz, ele precisava ser limpo com muita frequ\u00eancia. Anos depois, a Bosch encontrou a solu\u00e7\u00e3o: em 1936, um papel especial foi usado pela primeira vez como meio de filtro. Este material, embora obviamente tenha se aprimorado e seu desenvolvimento tenha sido aperfei\u00e7oado desde ent\u00e3o, ainda hoje \u00e9 utilizado pelos seus bons resultados de limpeza.<\/p>\n<p>Os engenheiros de desenvolvimento da Bosch, gra\u00e7as ao seu amplo conhecimento no campo de sistemas de inje\u00e7\u00e3o e filtragem, tamb\u00e9m t\u00eam desenvolvido solu\u00e7\u00f5es para outros desafios relacionados \u00e0s tecnologias de motores. Em 1998, por exemplo, foi lan\u00e7ado no mercado o filtro diesel com separador de \u00e1gua para sistemas common rail. Posteriormente, em 2001, foi desenvolvido um filtro especial de combust\u00edvel para os m\u00f3dulos de abastecimento de combust\u00edvel integrados ao tanque do ve\u00edculo e, em 2009, um filtro diesel common-rail para motores a biodiesel.<\/p>\n<p>Os filtros de combust\u00edvel separam com seguran\u00e7a as part\u00edculas e a \u00e1gua do combust\u00edvel e ajudam a alcan\u00e7ar o desempenho ideal do motor. Gra\u00e7as a materiais de alta qualidade, processamento extensivo e controles de qualidade rigorosos, a Bosch garante que seus filtros de reposi\u00e7\u00e3o atendam aos mesmos padr\u00f5es do equipamento original.<\/p>\n<p><strong>Filtros para a mobilidade do futuro<br \/>\n<\/strong>Quer sejam ve\u00edculos h\u00edbridos, el\u00e9tricos ou com c\u00e9lulas de combust\u00edvel, eles tamb\u00e9m precisam de filtros para proteger seus motores e conjuntos de for\u00e7a. Elementos como combust\u00edvel, ar, \u00e1gua ou \u00f3leo para a lubrifica\u00e7\u00e3o dos motores, ou \u00f3leo para os sistemas de refrigera\u00e7\u00e3o das baterias, tamb\u00e9m devem ser devidamente protegidos e funcionar em condi\u00e7\u00f5es de limpeza adequadas. Para garantir essa prote\u00e7\u00e3o, os filtros continuar\u00e3o a ser elementos essenciais no futuro.<\/p>\n<p>Al\u00e9m disso, os filtros da habit\u00e1culo continuar\u00e3o a garantir ar limpo dentro do ve\u00edculo. Para fazer isso, a Bosch oferece um programa de filtro Aftermarket que atualmente tem uma cobertura de frota de ve\u00edculos que agora ultrapassa 95%, uma faixa na qual os motoristas tamb\u00e9m confiam. De acordo com a pesquisa de 2019 com leitores da revista alem\u00e3 &#8220;Auto Motor und Sport&#8221;, a Bosch foi a marca mais votada como &#8220;Melhor Marca&#8221; na categoria de filtros pelo 14\u00ba ano consecutivo.<\/p>\n<p><img loading=\"lazy\" decoding=\"async\" class=\"alignnone wp-image-16400 size-full\" src=\"https:\/\/jornaldasoficinas.com\/pt\/wp-content\/uploads\/2020\/10\/90-anos-de-filtros.jpg\" alt=\"10 - 90-anos-de-filtros\" width=\"1024\" height=\"581\" srcset=\"https:\/\/jornaldasoficinas.com\/pt\/wp-content\/uploads\/2020\/10\/90-anos-de-filtros.jpg 1024w, https:\/\/jornaldasoficinas.com\/pt\/wp-content\/uploads\/2020\/10\/90-anos-de-filtros-300x170.jpg 300w, https:\/\/jornaldasoficinas.com\/pt\/wp-content\/uploads\/2020\/10\/90-anos-de-filtros-150x85.jpg 150w, https:\/\/jornaldasoficinas.com\/pt\/wp-content\/uploads\/2020\/10\/90-anos-de-filtros-768x436.jpg 768w\" sizes=\"auto, (max-width: 1024px) 100vw, 1024px\" \/><\/p>\n","protected":false},"excerpt":{"rendered":"<p>No in\u00edcio do s\u00e9culo passado, as&#8230;<\/p>\n","protected":false},"author":15,"featured_media":16397,"comment_status":"closed","ping_status":"closed","sticky":false,"template":"","format":"standard","meta":{"footnotes":""},"categories":[29],"tags":[123],"class_list":["post-16441","post","type-post","status-publish","format-standard","has-post-thumbnail","hentry","category-empresas","tag-bosch"],"yoast_head":"<!-- This site is optimized with the Yoast SEO plugin v27.4 - https:\/\/yoast.com\/product\/yoast-seo-wordpress\/ -->\n<title>90 anos de filtros de combust\u00edvel Bosch - Jornal das Oficinas<\/title>\n<meta name=\"robots\" content=\"index, follow, max-snippet:-1, max-image-preview:large, max-video-preview:-1\" \/>\n<link rel=\"canonical\" href=\"https:\/\/jornaldasoficinas.com\/pt\/90-anos-de-filtros-de-combustivel-bosch\/\" \/>\n<meta property=\"og:locale\" content=\"pt_PT\" \/>\n<meta property=\"og:type\" content=\"article\" \/>\n<meta property=\"og:title\" content=\"90 anos de filtros de combust\u00edvel Bosch - Jornal das Oficinas\" \/>\n<meta property=\"og:description\" content=\"No in\u00edcio do s\u00e9culo passado, as...\" \/>\n<meta property=\"og:url\" content=\"https:\/\/jornaldasoficinas.com\/pt\/90-anos-de-filtros-de-combustivel-bosch\/\" \/>\n<meta property=\"og:site_name\" content=\"Jornal das Oficinas\" \/>\n<meta property=\"article:publisher\" content=\"https:\/\/www.facebook.com\/jornaloficinas\" \/>\n<meta property=\"article:published_time\" content=\"2020-10-20T15:00:09+00:00\" \/>\n<meta property=\"og:image\" content=\"https:\/\/jornaldasoficinas.com\/pt\/wp-content\/uploads\/2020\/10\/90-anos-de-filtros1.jpg\" \/>\n\t<meta property=\"og:image:width\" content=\"1024\" \/>\n\t<meta property=\"og:image:height\" content=\"581\" \/>\n\t<meta property=\"og:image:type\" content=\"image\/jpeg\" \/>\n<meta name=\"author\" content=\"Reda\u00e7\u00e3o JO\" \/>\n<meta name=\"twitter:card\" content=\"summary_large_image\" \/>\n<meta name=\"twitter:creator\" content=\"@jornaloficinas\" \/>\n<meta name=\"twitter:site\" content=\"@jornaloficinas\" \/>\n<meta name=\"twitter:label1\" content=\"Escrito por\" \/>\n\t<meta name=\"twitter:data1\" content=\"Reda\u00e7\u00e3o JO\" \/>\n\t<meta name=\"twitter:label2\" content=\"Tempo estimado de leitura\" \/>\n\t<meta name=\"twitter:data2\" content=\"2 minutos\" \/>\n<script type=\"application\/ld+json\" class=\"yoast-schema-graph\">{\"@context\":\"https:\\\/\\\/schema.org\",\"@graph\":[{\"@type\":\"Article\",\"@id\":\"https:\\\/\\\/jornaldasoficinas.com\\\/pt\\\/90-anos-de-filtros-de-combustivel-bosch\\\/#article\",\"isPartOf\":{\"@id\":\"https:\\\/\\\/jornaldasoficinas.com\\\/pt\\\/90-anos-de-filtros-de-combustivel-bosch\\\/\"},\"author\":{\"name\":\"Reda\u00e7\u00e3o JO\",\"@id\":\"https:\\\/\\\/jornaldasoficinas.com\\\/pt\\\/#\\\/schema\\\/person\\\/a38eef5de2c41d9e7c9ac10141afddf3\"},\"headline\":\"90 anos de filtros de combust\u00edvel Bosch\",\"datePublished\":\"2020-10-20T15:00:09+00:00\",\"mainEntityOfPage\":{\"@id\":\"https:\\\/\\\/jornaldasoficinas.com\\\/pt\\\/90-anos-de-filtros-de-combustivel-bosch\\\/\"},\"wordCount\":455,\"publisher\":{\"@id\":\"https:\\\/\\\/jornaldasoficinas.com\\\/pt\\\/#organization\"},\"image\":{\"@id\":\"https:\\\/\\\/jornaldasoficinas.com\\\/pt\\\/90-anos-de-filtros-de-combustivel-bosch\\\/#primaryimage\"},\"thumbnailUrl\":\"https:\\\/\\\/jornaldasoficinas.com\\\/pt\\\/wp-content\\\/uploads\\\/2020\\\/10\\\/90-anos-de-filtros1.jpg\",\"keywords\":[\"Bosch\"],\"articleSection\":[\"Empresas\"],\"inLanguage\":\"pt-PT\"},{\"@type\":\"WebPage\",\"@id\":\"https:\\\/\\\/jornaldasoficinas.com\\\/pt\\\/90-anos-de-filtros-de-combustivel-bosch\\\/\",\"url\":\"https:\\\/\\\/jornaldasoficinas.com\\\/pt\\\/90-anos-de-filtros-de-combustivel-bosch\\\/\",\"name\":\"90 anos de filtros de combust\u00edvel Bosch - Jornal das Oficinas\",\"isPartOf\":{\"@id\":\"https:\\\/\\\/jornaldasoficinas.com\\\/pt\\\/#website\"},\"primaryImageOfPage\":{\"@id\":\"https:\\\/\\\/jornaldasoficinas.com\\\/pt\\\/90-anos-de-filtros-de-combustivel-bosch\\\/#primaryimage\"},\"image\":{\"@id\":\"https:\\\/\\\/jornaldasoficinas.com\\\/pt\\\/90-anos-de-filtros-de-combustivel-bosch\\\/#primaryimage\"},\"thumbnailUrl\":\"https:\\\/\\\/jornaldasoficinas.com\\\/pt\\\/wp-content\\\/uploads\\\/2020\\\/10\\\/90-anos-de-filtros1.jpg\",\"datePublished\":\"2020-10-20T15:00:09+00:00\",\"breadcrumb\":{\"@id\":\"https:\\\/\\\/jornaldasoficinas.com\\\/pt\\\/90-anos-de-filtros-de-combustivel-bosch\\\/#breadcrumb\"},\"inLanguage\":\"pt-PT\",\"potentialAction\":[{\"@type\":\"ReadAction\",\"target\":[\"https:\\\/\\\/jornaldasoficinas.com\\\/pt\\\/90-anos-de-filtros-de-combustivel-bosch\\\/\"]}]},{\"@type\":\"ImageObject\",\"inLanguage\":\"pt-PT\",\"@id\":\"https:\\\/\\\/jornaldasoficinas.com\\\/pt\\\/90-anos-de-filtros-de-combustivel-bosch\\\/#primaryimage\",\"url\":\"https:\\\/\\\/jornaldasoficinas.com\\\/pt\\\/wp-content\\\/uploads\\\/2020\\\/10\\\/90-anos-de-filtros1.jpg\",\"contentUrl\":\"https:\\\/\\\/jornaldasoficinas.com\\\/pt\\\/wp-content\\\/uploads\\\/2020\\\/10\\\/90-anos-de-filtros1.jpg\",\"width\":1024,\"height\":581,\"caption\":\"10 - 90-anos-de-filtros1\"},{\"@type\":\"BreadcrumbList\",\"@id\":\"https:\\\/\\\/jornaldasoficinas.com\\\/pt\\\/90-anos-de-filtros-de-combustivel-bosch\\\/#breadcrumb\",\"itemListElement\":[{\"@type\":\"ListItem\",\"position\":1,\"name\":\"In\u00edcio\",\"item\":\"https:\\\/\\\/jornaldasoficinas.com\\\/pt\\\/\"},{\"@type\":\"ListItem\",\"position\":2,\"name\":\"90 anos de filtros de combust\u00edvel Bosch\"}]},{\"@type\":\"WebSite\",\"@id\":\"https:\\\/\\\/jornaldasoficinas.com\\\/pt\\\/#website\",\"url\":\"https:\\\/\\\/jornaldasoficinas.com\\\/pt\\\/\",\"name\":\"Jornal das Oficinas\",\"description\":\"Jornal independente do Aftermarket Autom\u00f3vel em Portugal\",\"publisher\":{\"@id\":\"https:\\\/\\\/jornaldasoficinas.com\\\/pt\\\/#organization\"},\"potentialAction\":[{\"@type\":\"SearchAction\",\"target\":{\"@type\":\"EntryPoint\",\"urlTemplate\":\"https:\\\/\\\/jornaldasoficinas.com\\\/pt\\\/?s={search_term_string}\"},\"query-input\":{\"@type\":\"PropertyValueSpecification\",\"valueRequired\":true,\"valueName\":\"search_term_string\"}}],\"inLanguage\":\"pt-PT\"},{\"@type\":\"Organization\",\"@id\":\"https:\\\/\\\/jornaldasoficinas.com\\\/pt\\\/#organization\",\"name\":\"Jornal das Oficinas\",\"url\":\"https:\\\/\\\/jornaldasoficinas.com\\\/pt\\\/\",\"logo\":{\"@type\":\"ImageObject\",\"inLanguage\":\"pt-PT\",\"@id\":\"https:\\\/\\\/jornaldasoficinas.com\\\/pt\\\/#\\\/schema\\\/logo\\\/image\\\/\",\"url\":\"https:\\\/\\\/jornaldasoficinas.com\\\/pt\\\/wp-content\\\/uploads\\\/logoJO-SEO.png\",\"contentUrl\":\"https:\\\/\\\/jornaldasoficinas.com\\\/pt\\\/wp-content\\\/uploads\\\/logoJO-SEO.png\",\"width\":285,\"height\":450,\"caption\":\"Jornal das Oficinas\"},\"image\":{\"@id\":\"https:\\\/\\\/jornaldasoficinas.com\\\/pt\\\/#\\\/schema\\\/logo\\\/image\\\/\"},\"sameAs\":[\"https:\\\/\\\/www.facebook.com\\\/jornaloficinas\",\"https:\\\/\\\/x.com\\\/jornaloficinas\",\"https:\\\/\\\/www.instagram.com\\\/jornal_oficinas\\\/\",\"https:\\\/\\\/www.linkedin.com\\\/company\\\/jornal-das-oficinas\\\/\",\"https:\\\/\\\/www.youtube.com\\\/channel\\\/UCbQZBqtcvV-oSQrr7RzINGg\"]},{\"@type\":\"Person\",\"@id\":\"https:\\\/\\\/jornaldasoficinas.com\\\/pt\\\/#\\\/schema\\\/person\\\/a38eef5de2c41d9e7c9ac10141afddf3\",\"name\":\"Reda\u00e7\u00e3o JO\",\"image\":{\"@type\":\"ImageObject\",\"inLanguage\":\"pt-PT\",\"@id\":\"https:\\\/\\\/secure.gravatar.com\\\/avatar\\\/71f2fa71737ad68a84fea94bc708ddac8ea5b0c4788dc2ad202f3ccb2887742f?s=96&d=wp_user_avatar&r=g\",\"url\":\"https:\\\/\\\/secure.gravatar.com\\\/avatar\\\/71f2fa71737ad68a84fea94bc708ddac8ea5b0c4788dc2ad202f3ccb2887742f?s=96&d=wp_user_avatar&r=g\",\"contentUrl\":\"https:\\\/\\\/secure.gravatar.com\\\/avatar\\\/71f2fa71737ad68a84fea94bc708ddac8ea5b0c4788dc2ad202f3ccb2887742f?s=96&d=wp_user_avatar&r=g\",\"caption\":\"Reda\u00e7\u00e3o JO\"},\"url\":\"https:\\\/\\\/jornaldasoficinas.com\\\/pt\\\/author\\\/joredacao\\\/\"}]}<\/script>\n<!-- \/ Yoast SEO plugin. -->","yoast_head_json":{"title":"90 anos de filtros de combust\u00edvel Bosch - Jornal das Oficinas","robots":{"index":"index","follow":"follow","max-snippet":"max-snippet:-1","max-image-preview":"max-image-preview:large","max-video-preview":"max-video-preview:-1"},"canonical":"https:\/\/jornaldasoficinas.com\/pt\/90-anos-de-filtros-de-combustivel-bosch\/","og_locale":"pt_PT","og_type":"article","og_title":"90 anos de filtros de combust\u00edvel Bosch - Jornal das Oficinas","og_description":"No in\u00edcio do s\u00e9culo passado, as...","og_url":"https:\/\/jornaldasoficinas.com\/pt\/90-anos-de-filtros-de-combustivel-bosch\/","og_site_name":"Jornal das Oficinas","article_publisher":"https:\/\/www.facebook.com\/jornaloficinas","article_published_time":"2020-10-20T15:00:09+00:00","og_image":[{"width":1024,"height":581,"url":"https:\/\/jornaldasoficinas.com\/pt\/wp-content\/uploads\/2020\/10\/90-anos-de-filtros1.jpg","type":"image\/jpeg"}],"author":"Reda\u00e7\u00e3o JO","twitter_card":"summary_large_image","twitter_creator":"@jornaloficinas","twitter_site":"@jornaloficinas","twitter_misc":{"Escrito por":"Reda\u00e7\u00e3o JO","Tempo estimado de leitura":"2 minutos"},"schema":{"@context":"https:\/\/schema.org","@graph":[{"@type":"Article","@id":"https:\/\/jornaldasoficinas.com\/pt\/90-anos-de-filtros-de-combustivel-bosch\/#article","isPartOf":{"@id":"https:\/\/jornaldasoficinas.com\/pt\/90-anos-de-filtros-de-combustivel-bosch\/"},"author":{"name":"Reda\u00e7\u00e3o JO","@id":"https:\/\/jornaldasoficinas.com\/pt\/#\/schema\/person\/a38eef5de2c41d9e7c9ac10141afddf3"},"headline":"90 anos de filtros de combust\u00edvel Bosch","datePublished":"2020-10-20T15:00:09+00:00","mainEntityOfPage":{"@id":"https:\/\/jornaldasoficinas.com\/pt\/90-anos-de-filtros-de-combustivel-bosch\/"},"wordCount":455,"publisher":{"@id":"https:\/\/jornaldasoficinas.com\/pt\/#organization"},"image":{"@id":"https:\/\/jornaldasoficinas.com\/pt\/90-anos-de-filtros-de-combustivel-bosch\/#primaryimage"},"thumbnailUrl":"https:\/\/jornaldasoficinas.com\/pt\/wp-content\/uploads\/2020\/10\/90-anos-de-filtros1.jpg","keywords":["Bosch"],"articleSection":["Empresas"],"inLanguage":"pt-PT"},{"@type":"WebPage","@id":"https:\/\/jornaldasoficinas.com\/pt\/90-anos-de-filtros-de-combustivel-bosch\/","url":"https:\/\/jornaldasoficinas.com\/pt\/90-anos-de-filtros-de-combustivel-bosch\/","name":"90 anos de filtros de combust\u00edvel Bosch - Jornal das Oficinas","isPartOf":{"@id":"https:\/\/jornaldasoficinas.com\/pt\/#website"},"primaryImageOfPage":{"@id":"https:\/\/jornaldasoficinas.com\/pt\/90-anos-de-filtros-de-combustivel-bosch\/#primaryimage"},"image":{"@id":"https:\/\/jornaldasoficinas.com\/pt\/90-anos-de-filtros-de-combustivel-bosch\/#primaryimage"},"thumbnailUrl":"https:\/\/jornaldasoficinas.com\/pt\/wp-content\/uploads\/2020\/10\/90-anos-de-filtros1.jpg","datePublished":"2020-10-20T15:00:09+00:00","breadcrumb":{"@id":"https:\/\/jornaldasoficinas.com\/pt\/90-anos-de-filtros-de-combustivel-bosch\/#breadcrumb"},"inLanguage":"pt-PT","potentialAction":[{"@type":"ReadAction","target":["https:\/\/jornaldasoficinas.com\/pt\/90-anos-de-filtros-de-combustivel-bosch\/"]}]},{"@type":"ImageObject","inLanguage":"pt-PT","@id":"https:\/\/jornaldasoficinas.com\/pt\/90-anos-de-filtros-de-combustivel-bosch\/#primaryimage","url":"https:\/\/jornaldasoficinas.com\/pt\/wp-content\/uploads\/2020\/10\/90-anos-de-filtros1.jpg","contentUrl":"https:\/\/jornaldasoficinas.com\/pt\/wp-content\/uploads\/2020\/10\/90-anos-de-filtros1.jpg","width":1024,"height":581,"caption":"10 - 90-anos-de-filtros1"},{"@type":"BreadcrumbList","@id":"https:\/\/jornaldasoficinas.com\/pt\/90-anos-de-filtros-de-combustivel-bosch\/#breadcrumb","itemListElement":[{"@type":"ListItem","position":1,"name":"In\u00edcio","item":"https:\/\/jornaldasoficinas.com\/pt\/"},{"@type":"ListItem","position":2,"name":"90 anos de filtros de combust\u00edvel Bosch"}]},{"@type":"WebSite","@id":"https:\/\/jornaldasoficinas.com\/pt\/#website","url":"https:\/\/jornaldasoficinas.com\/pt\/","name":"Jornal das Oficinas","description":"Jornal independente do Aftermarket Autom\u00f3vel em Portugal","publisher":{"@id":"https:\/\/jornaldasoficinas.com\/pt\/#organization"},"potentialAction":[{"@type":"SearchAction","target":{"@type":"EntryPoint","urlTemplate":"https:\/\/jornaldasoficinas.com\/pt\/?s={search_term_string}"},"query-input":{"@type":"PropertyValueSpecification","valueRequired":true,"valueName":"search_term_string"}}],"inLanguage":"pt-PT"},{"@type":"Organization","@id":"https:\/\/jornaldasoficinas.com\/pt\/#organization","name":"Jornal das Oficinas","url":"https:\/\/jornaldasoficinas.com\/pt\/","logo":{"@type":"ImageObject","inLanguage":"pt-PT","@id":"https:\/\/jornaldasoficinas.com\/pt\/#\/schema\/logo\/image\/","url":"https:\/\/jornaldasoficinas.com\/pt\/wp-content\/uploads\/logoJO-SEO.png","contentUrl":"https:\/\/jornaldasoficinas.com\/pt\/wp-content\/uploads\/logoJO-SEO.png","width":285,"height":450,"caption":"Jornal das Oficinas"},"image":{"@id":"https:\/\/jornaldasoficinas.com\/pt\/#\/schema\/logo\/image\/"},"sameAs":["https:\/\/www.facebook.com\/jornaloficinas","https:\/\/x.com\/jornaloficinas","https:\/\/www.instagram.com\/jornal_oficinas\/","https:\/\/www.linkedin.com\/company\/jornal-das-oficinas\/","https:\/\/www.youtube.com\/channel\/UCbQZBqtcvV-oSQrr7RzINGg"]},{"@type":"Person","@id":"https:\/\/jornaldasoficinas.com\/pt\/#\/schema\/person\/a38eef5de2c41d9e7c9ac10141afddf3","name":"Reda\u00e7\u00e3o JO","image":{"@type":"ImageObject","inLanguage":"pt-PT","@id":"https:\/\/secure.gravatar.com\/avatar\/71f2fa71737ad68a84fea94bc708ddac8ea5b0c4788dc2ad202f3ccb2887742f?s=96&d=wp_user_avatar&r=g","url":"https:\/\/secure.gravatar.com\/avatar\/71f2fa71737ad68a84fea94bc708ddac8ea5b0c4788dc2ad202f3ccb2887742f?s=96&d=wp_user_avatar&r=g","contentUrl":"https:\/\/secure.gravatar.com\/avatar\/71f2fa71737ad68a84fea94bc708ddac8ea5b0c4788dc2ad202f3ccb2887742f?s=96&d=wp_user_avatar&r=g","caption":"Reda\u00e7\u00e3o JO"},"url":"https:\/\/jornaldasoficinas.com\/pt\/author\/joredacao\/"}]}},"_links":{"self":[{"href":"https:\/\/jornaldasoficinas.com\/pt\/wp-json\/wp\/v2\/posts\/16441","targetHints":{"allow":["GET"]}}],"collection":[{"href":"https:\/\/jornaldasoficinas.com\/pt\/wp-json\/wp\/v2\/posts"}],"about":[{"href":"https:\/\/jornaldasoficinas.com\/pt\/wp-json\/wp\/v2\/types\/post"}],"author":[{"embeddable":true,"href":"https:\/\/jornaldasoficinas.com\/pt\/wp-json\/wp\/v2\/users\/15"}],"replies":[{"embeddable":true,"href":"https:\/\/jornaldasoficinas.com\/pt\/wp-json\/wp\/v2\/comments?post=16441"}],"version-history":[{"count":0,"href":"https:\/\/jornaldasoficinas.com\/pt\/wp-json\/wp\/v2\/posts\/16441\/revisions"}],"wp:featuredmedia":[{"embeddable":true,"href":"https:\/\/jornaldasoficinas.com\/pt\/wp-json\/wp\/v2\/media\/16397"}],"wp:attachment":[{"href":"https:\/\/jornaldasoficinas.com\/pt\/wp-json\/wp\/v2\/media?parent=16441"}],"wp:term":[{"taxonomy":"category","embeddable":true,"href":"https:\/\/jornaldasoficinas.com\/pt\/wp-json\/wp\/v2\/categories?post=16441"},{"taxonomy":"post_tag","embeddable":true,"href":"https:\/\/jornaldasoficinas.com\/pt\/wp-json\/wp\/v2\/tags?post=16441"}],"curies":[{"name":"wp","href":"https:\/\/api.w.org\/{rel}","templated":true}]}}