{"id":16445,"date":"2020-10-21T09:00:17","date_gmt":"2020-10-21T08:00:17","guid":{"rendered":"https:\/\/jornaldasoficinas.com\/pt\/?p=16445"},"modified":"2020-10-21T11:37:29","modified_gmt":"2020-10-21T10:37:29","slug":"baterias-tudor-completam-100-anos","status":"publish","type":"post","link":"https:\/\/jornaldasoficinas.com\/pt\/baterias-tudor-completam-100-anos\/","title":{"rendered":"Baterias Tudor completam 100 anos"},"content":{"rendered":"<p><img loading=\"lazy\" decoding=\"async\" class=\"alignnone wp-image-16473 size-full\" src=\"https:\/\/jornaldasoficinas.com\/pt\/wp-content\/uploads\/2020\/10\/tudor.png\" alt=\"10 - tudor\" width=\"1024\" height=\"581\" srcset=\"https:\/\/jornaldasoficinas.com\/pt\/wp-content\/uploads\/2020\/10\/tudor.png 1024w, https:\/\/jornaldasoficinas.com\/pt\/wp-content\/uploads\/2020\/10\/tudor-300x170.png 300w, https:\/\/jornaldasoficinas.com\/pt\/wp-content\/uploads\/2020\/10\/tudor-150x85.png 150w, https:\/\/jornaldasoficinas.com\/pt\/wp-content\/uploads\/2020\/10\/tudor-768x436.png 768w\" sizes=\"auto, (max-width: 1024px) 100vw, 1024px\" \/><\/p>\n<p><strong>S\u00e3o 100 anos de atividade em Portugal. Um marco que n\u00e3o pode passar despercebido e que merece comemora\u00e7\u00e3o. Am\u00edlcar Nascimento, key account e marketing manager da Exide em Portugal explica tudo nesta conversa com o Jornal das Oficinas.<\/strong><\/p>\n<p>Am\u00edlcar Nascimento j\u00e1 \u00e9 um velho conhecido no Jornal das Oficinas. S\u00e3o muito anos na Exide Tudor Portugal, mais propriamente 32, e para ele este mercado n\u00e3o tem segredos. Para comemorar os 100 anos da marca em Portugal voltamos a entrevist\u00e1-lo. Abordamos, para al\u00e9m do centen\u00e1rio da empresa, outros temas da atualidade com especial incid\u00eancia na pandemia da Covid-19, mas n\u00e3o s\u00f3.<\/p>\n<p>Entrou para a empresa a 1 de junho de 1988. At\u00e9 essa data trabalhou na Standard El\u00e9ctrica\/Alcatel Portugal durante onze anos. De seguida foi trabalhar para a \u00e1rea industrial. Foi aqui que recebeu forma\u00e7\u00e3o na \u00e1rea das baterias de tra\u00e7\u00e3o el\u00e9trica e das baterias de estacion\u00e1rio. Pouco tempo depois foi convidado para o departamento de exporta\u00e7\u00e3o da empresa onde esteve sete anos. Andou por toda a Europa em empresas do grupo Tudor, foi ainda respons\u00e1vel pelas vendas da empresa em Inglaterra, e em 1995, quando o grupo Tudor foi adquirido pela Exide Technologies, a exporta\u00e7\u00e3o deixou de fazer sentido, pois o grupo tinha filiais em praticamente todos os pa\u00edses. Foi a partir daqui que se dedicou apenas ao mercado portugu\u00eas. Depois do respons\u00e1vel de marketing sair da empresa, Am\u00edlcar Nascimento foi convidado para ficar como marketing manager, cargo que mant\u00e9m desde 1995.<\/p>\n<p><strong>Exporta\u00e7\u00e3o foi uma escola<br \/>\n<\/strong>O neg\u00f3cio da exporta\u00e7\u00e3o acabou por se tornar uma escola para Am\u00edlcar Nascimento. &#8220;Quando se vende baterias num pa\u00eds estrangeiro, na Am\u00e9rica do Sul ou na Europa, seja onde for, \u00e9 preciso falar de tudo, at\u00e9 do produtor, pois n\u00e3o temos qualquer apoio t\u00e9cnico. Aqui \u00e9 tudo mais f\u00e1cil. Se tiver um problema, chamo um t\u00e9cnico e ele automaticamente d\u00e1-me todo o apoio que eu preciso. Na exporta\u00e7\u00e3o era preciso dominar minimamente o assunto para poder falar com os t\u00e9cnicos, porque sempre que falamos de baterias, falamos de um produto muito t\u00e9cnico. Gostei de vender baterias na Am\u00e9rica do Sul, mas aqui \u00e9 melhor ainda, conheci muita gente no mercado e tenho-me adaptado bem e respondido \u00e0s exig\u00eancias da empresa.\u201d<\/p>\n<p><strong>\u00a0<\/strong><strong>A Tudor e o mercado portugu\u00eas<br \/>\n<\/strong>A Tudor tem um papel preponderante na evolu\u00e7\u00e3o do setor autom\u00f3vel em Portugal. Envolveu-se com marcas, teve uma a\u00e7\u00e3o ao n\u00edvel do mercado muito positiva por ter sido sempre um dos principais fabricantes de primeiro equipamento, logo, esteve desde o in\u00edcio com as marcas e ligada \u00e0s marcas no fornecimento de baterias para equipamento original.<br \/>\nQuando apareceu a Autoeuropa perspectivava-se um grande volume de fatura\u00e7\u00e3o e a f\u00e1brica da Exide n\u00e3o tinha capacidade nem condi\u00e7\u00f5es para abastecer todos os modelos. Por isso o neg\u00f3cio acabou por ser feito por Espanha de onde vinham as baterias. A f\u00e1brica da Exide aqui em Portugal, o m\u00e1ximo que produziu foi 1 milh\u00e3o e 500 mil baterias, o que \u00e9 pouco. Apesar de ser Espanha a dominar, o mercado em Portugal continuou a trabalhar com todos os fabricantes autom\u00f3veis para ver o que eles precisavam e que baterias se podiam desenvolver para acompanhar a evolu\u00e7\u00e3o da ind\u00fastria autom\u00f3vel. A Exide ainda hoje \u00e9 um dos principais fabricantes de primeiro equipamento.<\/p>\n<p><strong>A integra\u00e7\u00e3o na Exide Technologies<br \/>\n<\/strong>E como foi a integra\u00e7\u00e3o da Tudor na Exide Technologies? Como \u00e9 constitu\u00eddo atualmente o grupo, a empresa, quando pessoas est\u00e3o ligadas a ela e o que se passa ao n\u00edvel da f\u00e1brica&#8230;. Am\u00edlcar Nascimento come\u00e7ou por dizer que atualmente a empresa tem cerca de 500 colaboradores, entre a f\u00e1brica da Castanheira e a Exide Recycling (antiga Sonalur). T\u00eam um departamento de recursos humanos e dependem da Alemanha.<\/p>\n<p>E a pandemia, como tem a Exide reagido a esta nova realidade? A f\u00e1brica da empresa nunca parou, esteve sempre a laborar. Como a Exide trabalha com um produto que requer muitos cuidados e onde todas as pessoas t\u00eam de ter controlo no que fazem, j\u00e1 era obrigat\u00f3rio todos andarem de m\u00e1scara e de \u00f3culos. Nunca houve sobressaltos, pois havia uma equipa que fazia a monitoriza\u00e7\u00e3o e sempre que havia alerta, essa equipa ia para casa e entrava outra a laborar. Por todos estes cuidados que foram tomados na unidade portuguesa, os problemas foram praticamente inexistentes, aqui e nas outras f\u00e1bricas na Europa. Am\u00edlcar Nascimento refor\u00e7a os v\u00e1rios cuidados tidos em conta para que a infe\u00e7\u00e3o n\u00e3o se espalhasse pelas unidades fabris do grupo e se ultrapassasse a situa\u00e7\u00e3o.<\/p>\n<p><strong>As baterias na Exide<br \/>\n<\/strong>A f\u00e1brica de Castanheira do Ribatejo \u00e9 100% industrial. \u00c9 uma f\u00e1brica network de baterias industriais estacion\u00e1rias e n\u00e3o uma motive power. As baterias para os empilhadores de tra\u00e7\u00e3o el\u00e9trica n\u00e3o se produzem aqui, s\u00e3o produzidas em Espanha. A f\u00e1brica portuguesa \u00e9 uma das mais modernas para network, para produ\u00e7\u00e3o de baterias estacion\u00e1rias e para a alimenta\u00e7\u00e3o de equipamentos. Nesta f\u00e1brica, a \u00fanica linha de produ\u00e7\u00e3o que existe est\u00e1 ligada \u00e0s baterias de arranque para as motos da BMW.<\/p>\n<p>A gama de oferta da Exide est\u00e1 bem segmentada. Tem o &#8220;good, o better e o best&#8221;. Depois foram introduzidas baterias micro h\u00edbridas, por causa das exig\u00eancias do mercado. Continua a ser a gama mais simples de vender e a de maior sucesso. Mas h\u00e1 ainda baterias para cami\u00f5es, baterias CV, sendo que as primeiras tiveram de ser adaptadas para poderem ser instaladas no meio do chassis traseiro dos novos ve\u00edculos Euro 6. A gama Exide est\u00e1 segmentada por Professional Pro, Power Pro e Strong Pro e assim respondem \u00e0s v\u00e1rias exig\u00eancias dos ve\u00edculos que s\u00e3o in\u00fameras. Nos autom\u00f3veis ligeiros a evolu\u00e7\u00e3o foi no sentido do \u201cstart-stop\u201d. O n\u00famero de ve\u00edculos com Start-Stop, aumenta drasticamente ano ap\u00f3s ano e, para todos eles, s\u00e3o necess\u00e1rias baterias AGM e EFB, compat\u00edveis com as instaladas pelo OE. Ainda que em 2020 o parque em circula\u00e7\u00e3o, seja maioritariamente com motores convencionais, a percentagem de ve\u00edculos com Start-Stop vai aumentar rapidamente. Nos cami\u00f5es, al\u00e9m do \u201cstart-stop\u201d existe muito mais equipamentos e as baterias t\u00eam que poder responder e estar prontas para funcionar, porque um cami\u00e3o parado \u00e9 um preju\u00edzo muito grande para toda a gente.<\/p>\n<p><strong>A lideran\u00e7a<br \/>\n<\/strong>A Tudor j\u00e1 foi l\u00edder de mercado, at\u00e9 porque a empresa j\u00e1 tem 100 anos e j\u00e1 passou por in\u00fameros est\u00e1gios. O mercado portugu\u00eas era um mercado fechado, as importa\u00e7\u00f5es eram poucas tal como os volumes. A Exide esteve sempre estruturada e preparada para responder a todos os segmentos de mercado: &#8220;\u00c9 l\u00f3gico que temos que estar, n\u00f3s come\u00e7\u00e1mos h\u00e1 100 anos e o mercado n\u00e3o era como \u00e9 hoje. O que havia eram pequenas oficinas que faziam repara\u00e7\u00f5es, era a esses que n\u00f3s vend\u00edamos baterias. Esses foram crescendo, e n\u00f3s tamb\u00e9m fomos crescendo, assim como o mercado. Apareceram novos desafios e n\u00f3s tivemos de responder \u00e0s oportunidades. A Tudor est\u00e1 presente em todos os segmentos do mercado&#8230;&#8221;, frisou Am\u00edlcar Nascimento. At\u00e9 ao 25 de abril, s\u00f3 existia no mercado a Tudor e a Autosil, n\u00e3o haviam mais marcas. Depois veio a Deta que mais tarde acabou comprada pelo grupo Tudor. Antigamente o mercado portugu\u00eas era na ordem das 300 mil baterias por ano, hoje em dia \u00e9 de um milh\u00e3o e 300 mil baterias, uma diferen\u00e7a abismal. Hoje, a Exide divide o mercado com a Clarius, \u201ccerca de 33% para cada um e o restante \u00e9 das outras marcas\u201d.<\/p>\n<p><strong>O p\u00f3s-venda<br \/>\n<\/strong>A conversa segue na dire\u00e7\u00e3o do p\u00f3s-venda e o tipo de apoio disponibilizado aos distribuidores e \u00e0s oficinas clientes desses distribuidores. Segundo o respons\u00e1vel, nem sempre foi f\u00e1cil, j\u00e1 houve tempos em que era dif\u00edcil convencer as oficinas de que precisavam de ter uma forma\u00e7\u00e3o para mudar uma bateria. \u201cHoje em dia j\u00e1 n\u00e3o, com o evoluir dos ve\u00edculos, as oficinas sentem necessidade de falar connosco e de que n\u00f3s lhes expliquemos algumas situa\u00e7\u00f5es sobre as novas tecnologias das baterias. O que \u00e9 uma bateria AGM, o que \u00e9 uma bateria EFB, quando \u00e9 que deve aplicar uma bateria AGM, quando \u00e9 que deve aplicar uma EFB, o que \u00e9 que se pode fazer, como \u00e9 que se deve fazer para mudar a bateria e por a\u00ed fora\u2026\u201d, explica.<\/p>\n<p>A Exide prefere fazer a\u00e7\u00f5es individuais, porque assim consegue estar mais pr\u00f3ximo do revendedor. Tamb\u00e9m faz a\u00e7\u00f5es de forma\u00e7\u00e3o sempre que s\u00e3o solicitadas. A procura de informa\u00e7\u00e3o tem vindo a aumentar e h\u00e1 mais pessoas a quererem saber mais. \u201cAntigamente tudo era problema da bateria, hoje em dia \u00e9 preciso sensibilizar as pessoas de que j\u00e1 temos equipamentos de teste mais evolu\u00eddos, que disponibilizamos, que veem a situa\u00e7\u00e3o da bateria, que informam\u2026 e isso tem ajudado muito. Oferecemos uma gama abrangente de acess\u00f3rios e suporte. Ajudamos os mec\u00e2nicos a: testar, carregar, selecionar, substituir e reciclar as baterias \u2013 tudo o que as oficinas precisam para manter o trabalho em casa, fornecer servi\u00e7os de qualidade e aumentar a sua margem de lucro.\u201d<\/p>\n<p>Leia o artigo completo <a href=\"https:\/\/www.yumpu.com\/pt\/document\/read\/64404093\/jornal-das-oficinas-179\/32\" target=\"_blank\" rel=\"noopener noreferrer\"><strong>aqui<\/strong><\/a><\/p>\n<p>&nbsp;<\/p>\n<p>&nbsp;<\/p>\n","protected":false},"excerpt":{"rendered":"<p>S\u00e3o 100 anos de atividade em&#8230;<\/p>\n","protected":false},"author":15,"featured_media":16473,"comment_status":"closed","ping_status":"closed","sticky":false,"template":"","format":"standard","meta":{"footnotes":""},"categories":[29],"tags":[],"class_list":["post-16445","post","type-post","status-publish","format-standard","has-post-thumbnail","hentry","category-empresas"],"yoast_head":"<!-- This site is optimized with the Yoast SEO plugin v27.4 - https:\/\/yoast.com\/product\/yoast-seo-wordpress\/ -->\n<title>Baterias Tudor completam 100 anos - Jornal das Oficinas<\/title>\n<meta name=\"robots\" content=\"index, follow, max-snippet:-1, max-image-preview:large, max-video-preview:-1\" \/>\n<link rel=\"canonical\" href=\"https:\/\/jornaldasoficinas.com\/pt\/baterias-tudor-completam-100-anos\/\" \/>\n<meta property=\"og:locale\" content=\"pt_PT\" \/>\n<meta property=\"og:type\" content=\"article\" \/>\n<meta property=\"og:title\" content=\"Baterias Tudor completam 100 anos - Jornal das Oficinas\" \/>\n<meta property=\"og:description\" content=\"S\u00e3o 100 anos de atividade em...\" \/>\n<meta property=\"og:url\" content=\"https:\/\/jornaldasoficinas.com\/pt\/baterias-tudor-completam-100-anos\/\" \/>\n<meta property=\"og:site_name\" content=\"Jornal das Oficinas\" \/>\n<meta property=\"article:publisher\" content=\"https:\/\/www.facebook.com\/jornaloficinas\" \/>\n<meta property=\"article:published_time\" content=\"2020-10-21T08:00:17+00:00\" \/>\n<meta property=\"article:modified_time\" content=\"2020-10-21T10:37:29+00:00\" \/>\n<meta property=\"og:image\" content=\"https:\/\/jornaldasoficinas.com\/pt\/wp-content\/uploads\/2020\/10\/tudor.png\" \/>\n\t<meta property=\"og:image:width\" content=\"1024\" \/>\n\t<meta property=\"og:image:height\" content=\"581\" \/>\n\t<meta property=\"og:image:type\" content=\"image\/png\" \/>\n<meta name=\"author\" content=\"Reda\u00e7\u00e3o JO\" \/>\n<meta name=\"twitter:card\" content=\"summary_large_image\" \/>\n<meta name=\"twitter:creator\" content=\"@jornaloficinas\" \/>\n<meta name=\"twitter:site\" content=\"@jornaloficinas\" \/>\n<meta name=\"twitter:label1\" content=\"Escrito por\" \/>\n\t<meta name=\"twitter:data1\" content=\"Reda\u00e7\u00e3o JO\" \/>\n\t<meta name=\"twitter:label2\" content=\"Tempo estimado de leitura\" \/>\n\t<meta name=\"twitter:data2\" content=\"8 minutos\" \/>\n<script type=\"application\/ld+json\" class=\"yoast-schema-graph\">{\"@context\":\"https:\\\/\\\/schema.org\",\"@graph\":[{\"@type\":\"Article\",\"@id\":\"https:\\\/\\\/jornaldasoficinas.com\\\/pt\\\/baterias-tudor-completam-100-anos\\\/#article\",\"isPartOf\":{\"@id\":\"https:\\\/\\\/jornaldasoficinas.com\\\/pt\\\/baterias-tudor-completam-100-anos\\\/\"},\"author\":{\"name\":\"Reda\u00e7\u00e3o JO\",\"@id\":\"https:\\\/\\\/jornaldasoficinas.com\\\/pt\\\/#\\\/schema\\\/person\\\/a38eef5de2c41d9e7c9ac10141afddf3\"},\"headline\":\"Baterias Tudor completam 100 anos\",\"datePublished\":\"2020-10-21T08:00:17+00:00\",\"dateModified\":\"2020-10-21T10:37:29+00:00\",\"mainEntityOfPage\":{\"@id\":\"https:\\\/\\\/jornaldasoficinas.com\\\/pt\\\/baterias-tudor-completam-100-anos\\\/\"},\"wordCount\":1600,\"publisher\":{\"@id\":\"https:\\\/\\\/jornaldasoficinas.com\\\/pt\\\/#organization\"},\"image\":{\"@id\":\"https:\\\/\\\/jornaldasoficinas.com\\\/pt\\\/baterias-tudor-completam-100-anos\\\/#primaryimage\"},\"thumbnailUrl\":\"https:\\\/\\\/jornaldasoficinas.com\\\/pt\\\/wp-content\\\/uploads\\\/2020\\\/10\\\/tudor.png\",\"articleSection\":[\"Empresas\"],\"inLanguage\":\"pt-PT\"},{\"@type\":\"WebPage\",\"@id\":\"https:\\\/\\\/jornaldasoficinas.com\\\/pt\\\/baterias-tudor-completam-100-anos\\\/\",\"url\":\"https:\\\/\\\/jornaldasoficinas.com\\\/pt\\\/baterias-tudor-completam-100-anos\\\/\",\"name\":\"Baterias Tudor completam 100 anos - Jornal das Oficinas\",\"isPartOf\":{\"@id\":\"https:\\\/\\\/jornaldasoficinas.com\\\/pt\\\/#website\"},\"primaryImageOfPage\":{\"@id\":\"https:\\\/\\\/jornaldasoficinas.com\\\/pt\\\/baterias-tudor-completam-100-anos\\\/#primaryimage\"},\"image\":{\"@id\":\"https:\\\/\\\/jornaldasoficinas.com\\\/pt\\\/baterias-tudor-completam-100-anos\\\/#primaryimage\"},\"thumbnailUrl\":\"https:\\\/\\\/jornaldasoficinas.com\\\/pt\\\/wp-content\\\/uploads\\\/2020\\\/10\\\/tudor.png\",\"datePublished\":\"2020-10-21T08:00:17+00:00\",\"dateModified\":\"2020-10-21T10:37:29+00:00\",\"breadcrumb\":{\"@id\":\"https:\\\/\\\/jornaldasoficinas.com\\\/pt\\\/baterias-tudor-completam-100-anos\\\/#breadcrumb\"},\"inLanguage\":\"pt-PT\",\"potentialAction\":[{\"@type\":\"ReadAction\",\"target\":[\"https:\\\/\\\/jornaldasoficinas.com\\\/pt\\\/baterias-tudor-completam-100-anos\\\/\"]}]},{\"@type\":\"ImageObject\",\"inLanguage\":\"pt-PT\",\"@id\":\"https:\\\/\\\/jornaldasoficinas.com\\\/pt\\\/baterias-tudor-completam-100-anos\\\/#primaryimage\",\"url\":\"https:\\\/\\\/jornaldasoficinas.com\\\/pt\\\/wp-content\\\/uploads\\\/2020\\\/10\\\/tudor.png\",\"contentUrl\":\"https:\\\/\\\/jornaldasoficinas.com\\\/pt\\\/wp-content\\\/uploads\\\/2020\\\/10\\\/tudor.png\",\"width\":1024,\"height\":581,\"caption\":\"10 - tudor\"},{\"@type\":\"BreadcrumbList\",\"@id\":\"https:\\\/\\\/jornaldasoficinas.com\\\/pt\\\/baterias-tudor-completam-100-anos\\\/#breadcrumb\",\"itemListElement\":[{\"@type\":\"ListItem\",\"position\":1,\"name\":\"In\u00edcio\",\"item\":\"https:\\\/\\\/jornaldasoficinas.com\\\/pt\\\/\"},{\"@type\":\"ListItem\",\"position\":2,\"name\":\"Baterias Tudor completam 100 anos\"}]},{\"@type\":\"WebSite\",\"@id\":\"https:\\\/\\\/jornaldasoficinas.com\\\/pt\\\/#website\",\"url\":\"https:\\\/\\\/jornaldasoficinas.com\\\/pt\\\/\",\"name\":\"Jornal das Oficinas\",\"description\":\"Jornal independente do Aftermarket Autom\u00f3vel em Portugal\",\"publisher\":{\"@id\":\"https:\\\/\\\/jornaldasoficinas.com\\\/pt\\\/#organization\"},\"potentialAction\":[{\"@type\":\"SearchAction\",\"target\":{\"@type\":\"EntryPoint\",\"urlTemplate\":\"https:\\\/\\\/jornaldasoficinas.com\\\/pt\\\/?s={search_term_string}\"},\"query-input\":{\"@type\":\"PropertyValueSpecification\",\"valueRequired\":true,\"valueName\":\"search_term_string\"}}],\"inLanguage\":\"pt-PT\"},{\"@type\":\"Organization\",\"@id\":\"https:\\\/\\\/jornaldasoficinas.com\\\/pt\\\/#organization\",\"name\":\"Jornal das Oficinas\",\"url\":\"https:\\\/\\\/jornaldasoficinas.com\\\/pt\\\/\",\"logo\":{\"@type\":\"ImageObject\",\"inLanguage\":\"pt-PT\",\"@id\":\"https:\\\/\\\/jornaldasoficinas.com\\\/pt\\\/#\\\/schema\\\/logo\\\/image\\\/\",\"url\":\"https:\\\/\\\/jornaldasoficinas.com\\\/pt\\\/wp-content\\\/uploads\\\/logoJO-SEO.png\",\"contentUrl\":\"https:\\\/\\\/jornaldasoficinas.com\\\/pt\\\/wp-content\\\/uploads\\\/logoJO-SEO.png\",\"width\":285,\"height\":450,\"caption\":\"Jornal das Oficinas\"},\"image\":{\"@id\":\"https:\\\/\\\/jornaldasoficinas.com\\\/pt\\\/#\\\/schema\\\/logo\\\/image\\\/\"},\"sameAs\":[\"https:\\\/\\\/www.facebook.com\\\/jornaloficinas\",\"https:\\\/\\\/x.com\\\/jornaloficinas\",\"https:\\\/\\\/www.instagram.com\\\/jornal_oficinas\\\/\",\"https:\\\/\\\/www.linkedin.com\\\/company\\\/jornal-das-oficinas\\\/\",\"https:\\\/\\\/www.youtube.com\\\/channel\\\/UCbQZBqtcvV-oSQrr7RzINGg\"]},{\"@type\":\"Person\",\"@id\":\"https:\\\/\\\/jornaldasoficinas.com\\\/pt\\\/#\\\/schema\\\/person\\\/a38eef5de2c41d9e7c9ac10141afddf3\",\"name\":\"Reda\u00e7\u00e3o JO\",\"image\":{\"@type\":\"ImageObject\",\"inLanguage\":\"pt-PT\",\"@id\":\"https:\\\/\\\/secure.gravatar.com\\\/avatar\\\/71f2fa71737ad68a84fea94bc708ddac8ea5b0c4788dc2ad202f3ccb2887742f?s=96&d=wp_user_avatar&r=g\",\"url\":\"https:\\\/\\\/secure.gravatar.com\\\/avatar\\\/71f2fa71737ad68a84fea94bc708ddac8ea5b0c4788dc2ad202f3ccb2887742f?s=96&d=wp_user_avatar&r=g\",\"contentUrl\":\"https:\\\/\\\/secure.gravatar.com\\\/avatar\\\/71f2fa71737ad68a84fea94bc708ddac8ea5b0c4788dc2ad202f3ccb2887742f?s=96&d=wp_user_avatar&r=g\",\"caption\":\"Reda\u00e7\u00e3o JO\"},\"url\":\"https:\\\/\\\/jornaldasoficinas.com\\\/pt\\\/author\\\/joredacao\\\/\"}]}<\/script>\n<!-- \/ Yoast SEO plugin. -->","yoast_head_json":{"title":"Baterias Tudor completam 100 anos - Jornal das Oficinas","robots":{"index":"index","follow":"follow","max-snippet":"max-snippet:-1","max-image-preview":"max-image-preview:large","max-video-preview":"max-video-preview:-1"},"canonical":"https:\/\/jornaldasoficinas.com\/pt\/baterias-tudor-completam-100-anos\/","og_locale":"pt_PT","og_type":"article","og_title":"Baterias Tudor completam 100 anos - Jornal das Oficinas","og_description":"S\u00e3o 100 anos de atividade em...","og_url":"https:\/\/jornaldasoficinas.com\/pt\/baterias-tudor-completam-100-anos\/","og_site_name":"Jornal das Oficinas","article_publisher":"https:\/\/www.facebook.com\/jornaloficinas","article_published_time":"2020-10-21T08:00:17+00:00","article_modified_time":"2020-10-21T10:37:29+00:00","og_image":[{"width":1024,"height":581,"url":"https:\/\/jornaldasoficinas.com\/pt\/wp-content\/uploads\/2020\/10\/tudor.png","type":"image\/png"}],"author":"Reda\u00e7\u00e3o JO","twitter_card":"summary_large_image","twitter_creator":"@jornaloficinas","twitter_site":"@jornaloficinas","twitter_misc":{"Escrito por":"Reda\u00e7\u00e3o JO","Tempo estimado de leitura":"8 minutos"},"schema":{"@context":"https:\/\/schema.org","@graph":[{"@type":"Article","@id":"https:\/\/jornaldasoficinas.com\/pt\/baterias-tudor-completam-100-anos\/#article","isPartOf":{"@id":"https:\/\/jornaldasoficinas.com\/pt\/baterias-tudor-completam-100-anos\/"},"author":{"name":"Reda\u00e7\u00e3o JO","@id":"https:\/\/jornaldasoficinas.com\/pt\/#\/schema\/person\/a38eef5de2c41d9e7c9ac10141afddf3"},"headline":"Baterias Tudor completam 100 anos","datePublished":"2020-10-21T08:00:17+00:00","dateModified":"2020-10-21T10:37:29+00:00","mainEntityOfPage":{"@id":"https:\/\/jornaldasoficinas.com\/pt\/baterias-tudor-completam-100-anos\/"},"wordCount":1600,"publisher":{"@id":"https:\/\/jornaldasoficinas.com\/pt\/#organization"},"image":{"@id":"https:\/\/jornaldasoficinas.com\/pt\/baterias-tudor-completam-100-anos\/#primaryimage"},"thumbnailUrl":"https:\/\/jornaldasoficinas.com\/pt\/wp-content\/uploads\/2020\/10\/tudor.png","articleSection":["Empresas"],"inLanguage":"pt-PT"},{"@type":"WebPage","@id":"https:\/\/jornaldasoficinas.com\/pt\/baterias-tudor-completam-100-anos\/","url":"https:\/\/jornaldasoficinas.com\/pt\/baterias-tudor-completam-100-anos\/","name":"Baterias Tudor completam 100 anos - Jornal das Oficinas","isPartOf":{"@id":"https:\/\/jornaldasoficinas.com\/pt\/#website"},"primaryImageOfPage":{"@id":"https:\/\/jornaldasoficinas.com\/pt\/baterias-tudor-completam-100-anos\/#primaryimage"},"image":{"@id":"https:\/\/jornaldasoficinas.com\/pt\/baterias-tudor-completam-100-anos\/#primaryimage"},"thumbnailUrl":"https:\/\/jornaldasoficinas.com\/pt\/wp-content\/uploads\/2020\/10\/tudor.png","datePublished":"2020-10-21T08:00:17+00:00","dateModified":"2020-10-21T10:37:29+00:00","breadcrumb":{"@id":"https:\/\/jornaldasoficinas.com\/pt\/baterias-tudor-completam-100-anos\/#breadcrumb"},"inLanguage":"pt-PT","potentialAction":[{"@type":"ReadAction","target":["https:\/\/jornaldasoficinas.com\/pt\/baterias-tudor-completam-100-anos\/"]}]},{"@type":"ImageObject","inLanguage":"pt-PT","@id":"https:\/\/jornaldasoficinas.com\/pt\/baterias-tudor-completam-100-anos\/#primaryimage","url":"https:\/\/jornaldasoficinas.com\/pt\/wp-content\/uploads\/2020\/10\/tudor.png","contentUrl":"https:\/\/jornaldasoficinas.com\/pt\/wp-content\/uploads\/2020\/10\/tudor.png","width":1024,"height":581,"caption":"10 - tudor"},{"@type":"BreadcrumbList","@id":"https:\/\/jornaldasoficinas.com\/pt\/baterias-tudor-completam-100-anos\/#breadcrumb","itemListElement":[{"@type":"ListItem","position":1,"name":"In\u00edcio","item":"https:\/\/jornaldasoficinas.com\/pt\/"},{"@type":"ListItem","position":2,"name":"Baterias Tudor completam 100 anos"}]},{"@type":"WebSite","@id":"https:\/\/jornaldasoficinas.com\/pt\/#website","url":"https:\/\/jornaldasoficinas.com\/pt\/","name":"Jornal das Oficinas","description":"Jornal independente do Aftermarket Autom\u00f3vel em Portugal","publisher":{"@id":"https:\/\/jornaldasoficinas.com\/pt\/#organization"},"potentialAction":[{"@type":"SearchAction","target":{"@type":"EntryPoint","urlTemplate":"https:\/\/jornaldasoficinas.com\/pt\/?s={search_term_string}"},"query-input":{"@type":"PropertyValueSpecification","valueRequired":true,"valueName":"search_term_string"}}],"inLanguage":"pt-PT"},{"@type":"Organization","@id":"https:\/\/jornaldasoficinas.com\/pt\/#organization","name":"Jornal das Oficinas","url":"https:\/\/jornaldasoficinas.com\/pt\/","logo":{"@type":"ImageObject","inLanguage":"pt-PT","@id":"https:\/\/jornaldasoficinas.com\/pt\/#\/schema\/logo\/image\/","url":"https:\/\/jornaldasoficinas.com\/pt\/wp-content\/uploads\/logoJO-SEO.png","contentUrl":"https:\/\/jornaldasoficinas.com\/pt\/wp-content\/uploads\/logoJO-SEO.png","width":285,"height":450,"caption":"Jornal das Oficinas"},"image":{"@id":"https:\/\/jornaldasoficinas.com\/pt\/#\/schema\/logo\/image\/"},"sameAs":["https:\/\/www.facebook.com\/jornaloficinas","https:\/\/x.com\/jornaloficinas","https:\/\/www.instagram.com\/jornal_oficinas\/","https:\/\/www.linkedin.com\/company\/jornal-das-oficinas\/","https:\/\/www.youtube.com\/channel\/UCbQZBqtcvV-oSQrr7RzINGg"]},{"@type":"Person","@id":"https:\/\/jornaldasoficinas.com\/pt\/#\/schema\/person\/a38eef5de2c41d9e7c9ac10141afddf3","name":"Reda\u00e7\u00e3o JO","image":{"@type":"ImageObject","inLanguage":"pt-PT","@id":"https:\/\/secure.gravatar.com\/avatar\/71f2fa71737ad68a84fea94bc708ddac8ea5b0c4788dc2ad202f3ccb2887742f?s=96&d=wp_user_avatar&r=g","url":"https:\/\/secure.gravatar.com\/avatar\/71f2fa71737ad68a84fea94bc708ddac8ea5b0c4788dc2ad202f3ccb2887742f?s=96&d=wp_user_avatar&r=g","contentUrl":"https:\/\/secure.gravatar.com\/avatar\/71f2fa71737ad68a84fea94bc708ddac8ea5b0c4788dc2ad202f3ccb2887742f?s=96&d=wp_user_avatar&r=g","caption":"Reda\u00e7\u00e3o JO"},"url":"https:\/\/jornaldasoficinas.com\/pt\/author\/joredacao\/"}]}},"_links":{"self":[{"href":"https:\/\/jornaldasoficinas.com\/pt\/wp-json\/wp\/v2\/posts\/16445","targetHints":{"allow":["GET"]}}],"collection":[{"href":"https:\/\/jornaldasoficinas.com\/pt\/wp-json\/wp\/v2\/posts"}],"about":[{"href":"https:\/\/jornaldasoficinas.com\/pt\/wp-json\/wp\/v2\/types\/post"}],"author":[{"embeddable":true,"href":"https:\/\/jornaldasoficinas.com\/pt\/wp-json\/wp\/v2\/users\/15"}],"replies":[{"embeddable":true,"href":"https:\/\/jornaldasoficinas.com\/pt\/wp-json\/wp\/v2\/comments?post=16445"}],"version-history":[{"count":0,"href":"https:\/\/jornaldasoficinas.com\/pt\/wp-json\/wp\/v2\/posts\/16445\/revisions"}],"wp:featuredmedia":[{"embeddable":true,"href":"https:\/\/jornaldasoficinas.com\/pt\/wp-json\/wp\/v2\/media\/16473"}],"wp:attachment":[{"href":"https:\/\/jornaldasoficinas.com\/pt\/wp-json\/wp\/v2\/media?parent=16445"}],"wp:term":[{"taxonomy":"category","embeddable":true,"href":"https:\/\/jornaldasoficinas.com\/pt\/wp-json\/wp\/v2\/categories?post=16445"},{"taxonomy":"post_tag","embeddable":true,"href":"https:\/\/jornaldasoficinas.com\/pt\/wp-json\/wp\/v2\/tags?post=16445"}],"curies":[{"name":"wp","href":"https:\/\/api.w.org\/{rel}","templated":true}]}}