{"id":16552,"date":"2020-10-26T18:00:18","date_gmt":"2020-10-26T18:00:18","guid":{"rendered":"https:\/\/jornaldasoficinas.com\/pt\/?p=16552"},"modified":"2020-10-25T10:29:13","modified_gmt":"2020-10-25T10:29:13","slug":"repsol-e-honda-juntas-no-motogp-de-2022","status":"publish","type":"post","link":"https:\/\/jornaldasoficinas.com\/pt\/repsol-e-honda-juntas-no-motogp-de-2022\/","title":{"rendered":"Repsol e Honda juntas no MotoGP de 2022"},"content":{"rendered":"<p><img loading=\"lazy\" decoding=\"async\" class=\"alignnone wp-image-16532 size-full\" src=\"https:\/\/jornaldasoficinas.com\/pt\/wp-content\/uploads\/2020\/10\/Repsol-e-Honda-juntas.jpg\" alt=\"10 - Repsol-e-Honda-juntas\" width=\"1024\" height=\"581\" srcset=\"https:\/\/jornaldasoficinas.com\/pt\/wp-content\/uploads\/2020\/10\/Repsol-e-Honda-juntas.jpg 1024w, https:\/\/jornaldasoficinas.com\/pt\/wp-content\/uploads\/2020\/10\/Repsol-e-Honda-juntas-300x170.jpg 300w, https:\/\/jornaldasoficinas.com\/pt\/wp-content\/uploads\/2020\/10\/Repsol-e-Honda-juntas-150x85.jpg 150w, https:\/\/jornaldasoficinas.com\/pt\/wp-content\/uploads\/2020\/10\/Repsol-e-Honda-juntas-768x436.jpg 768w\" sizes=\"auto, (max-width: 1024px) 100vw, 1024px\" \/><\/p>\n<p><strong>A Repsol e a Honda Racing Corporation (HRC) renovaram o seu acordo de colabora\u00e7\u00e3o no MotoGP at\u00e9 2022, o que far\u00e1 com que a energ\u00e9tica ib\u00e9rica e a fabricante japonesa prolonguem a sua rela\u00e7\u00e3o de sucesso no Mundial de Motociclismo por 28 anos.<\/strong><\/p>\n<p>A Diretora Geral de Rela\u00e7\u00f5es Externas da Repsol, Bego\u00f1a Elices, e o Presidente da HRC, Yoshishige Nomura, assinaram o acordo de renova\u00e7\u00e3o, pelo que a Repsol continuar\u00e1 a ser o patrocinador principal da equipa oficial da Honda no MotoGP e tamb\u00e9m o fornecedor de combust\u00edveis e lubrificantes utilizados nas motos da Repsol Honda.<\/p>\n<p>A rela\u00e7\u00e3o entre estas duas empresas globais \u00e9 baseada num trabalho conjunto para alcan\u00e7ar a excel\u00eancia, ou seja, a vit\u00f3ria nos circuitos de todo o mundo e tamb\u00e9m no desenvolvimento dos seus produtos. A estreita rela\u00e7\u00e3o de trabalho entre o Repsol Technology Lab, em M\u00f3stoles (Espanha), e os laborat\u00f3rios de HRC, em Saitama (Jap\u00e3o), resultou numa f\u00f3rmula vencedora baseada na inova\u00e7\u00e3o, aplica\u00e7\u00e3o da \u00faltima tecnolog\u00eda e melhoria cont\u00ednua.<\/p>\n<p>Em linha com este trabalho, a Repsol j\u00e1 est\u00e1 a desenvolver, de acordo com o compromisso de ser uma empresa com zero emiss\u00f5es l\u00edquidas no ano 2050, diferentes solu\u00e7\u00f5es com baixa pegada de carbono em todos os \u00e2mbitos da mobilidade, incluindo o da alta competi\u00e7\u00e3o.<\/p>\n<p>Para a pr\u00f3xima temporada, o Repsol Technology Lab ir\u00e1 formular e produzir cerca de 30.000 litros de gasolina e 5.000 litros de lubricante para a equipa oficial do MotoGP, tanto para os testes da pr\u00e9-temporada como para os Grandes Pr\u00e9mios e os testes de desenvolvimento que s\u00e3o realizados em Saitama.<\/p>\n<p>Esta renova\u00e7\u00e3o reafirma o compromisso da Repsol com o mundo do desporto. A presen\u00e7a da energ\u00e9tica ib\u00e9rica na competi\u00e7\u00e3o remonta ao ano de 1969 e vai al\u00e9m do pr\u00f3prio conceito de patroc\u00ednio desportivo. Assenta tamb\u00e9m no compromisso por aprender, melhorar dia ap\u00f3s dia e continuar a dar o melhor de si mesma, seja qual for a situa\u00e7\u00e3o \u00e0 qual tenha de fazer frente. Estes valores est\u00e3o inclu\u00eddos na sua alian\u00e7a com a HRC ao longo destes 26 anos. Mais de um quarto de s\u00e9culo em que tanto a Repsol como a Honda demonstraram que partilham a mesma filosofia de trabalho em equipa, baseada no respeito m\u00fatuo e o esp\u00edrito de supera\u00e7\u00e3o.<\/p>\n<p>Para Bego\u00f1a Elices, o acordo alcan\u00e7ado com a HRC \u201c\u00e9 uma prova da solidez da nossa alian\u00e7a, sobretudo no atual contexto internacional provocado pela pandemia do novo coronav\u00edrus\u201d. \u201cPara a Repsol, o fator tecnol\u00f3gico \u00e9 chave e esta parceria hist\u00f3rica tem muito de inova\u00e7\u00e3o e colabora\u00e7\u00e3o. Juntos alcan\u00e7\u00e1mos grandes metas desportivas e tamb\u00e9m fizemos evoluir os nossos produtos no caminho pela excel\u00eancia. Continuar neste trajeto de sucesso, sempre ao servi\u00e7o da sociedade, \u00e9 o que nos impulsiona a continuar a superar-nos dia ap\u00f3s dia\u201d, acrescentou.<\/p>\n<p>Por seu lado, Yoshishige Nomura destacou o trabalho em equipa desenvolvido pela Honda e Repsol. \u201c\u00c9 sempre uma satisfa\u00e7\u00e3o ampliar a nossa colabora\u00e7\u00e3o com a Repsol, agora por mais dois anos. Juntos conseguimos um sucesso incr\u00edvel e formamos uma parceria que \u00e9 \u00fanica no desporto motorizado\u201d, adiantou.<\/p>\n","protected":false},"excerpt":{"rendered":"<p>A Repsol e a Honda Racing&#8230;<\/p>\n","protected":false},"author":15,"featured_media":16532,"comment_status":"closed","ping_status":"closed","sticky":false,"template":"","format":"standard","meta":{"footnotes":""},"categories":[29],"tags":[454,46],"class_list":["post-16552","post","type-post","status-publish","format-standard","has-post-thumbnail","hentry","category-empresas","tag-honda","tag-repsol"],"yoast_head":"<!-- This site is optimized with the Yoast SEO plugin v27.4 - https:\/\/yoast.com\/product\/yoast-seo-wordpress\/ -->\n<title>Repsol e Honda juntas no MotoGP de 2022 - Jornal das Oficinas<\/title>\n<meta name=\"robots\" content=\"index, follow, max-snippet:-1, max-image-preview:large, max-video-preview:-1\" \/>\n<link rel=\"canonical\" href=\"https:\/\/jornaldasoficinas.com\/pt\/repsol-e-honda-juntas-no-motogp-de-2022\/\" \/>\n<meta property=\"og:locale\" content=\"pt_PT\" \/>\n<meta property=\"og:type\" content=\"article\" \/>\n<meta property=\"og:title\" content=\"Repsol e Honda juntas no MotoGP de 2022 - Jornal das Oficinas\" \/>\n<meta property=\"og:description\" content=\"A Repsol e a Honda Racing...\" \/>\n<meta property=\"og:url\" content=\"https:\/\/jornaldasoficinas.com\/pt\/repsol-e-honda-juntas-no-motogp-de-2022\/\" \/>\n<meta property=\"og:site_name\" content=\"Jornal das Oficinas\" \/>\n<meta property=\"article:publisher\" content=\"https:\/\/www.facebook.com\/jornaloficinas\" \/>\n<meta property=\"article:published_time\" content=\"2020-10-26T18:00:18+00:00\" \/>\n<meta property=\"og:image\" content=\"https:\/\/jornaldasoficinas.com\/pt\/wp-content\/uploads\/2020\/10\/Repsol-e-Honda-juntas.jpg\" \/>\n\t<meta property=\"og:image:width\" content=\"1024\" \/>\n\t<meta property=\"og:image:height\" content=\"581\" \/>\n\t<meta property=\"og:image:type\" content=\"image\/jpeg\" \/>\n<meta name=\"author\" content=\"Reda\u00e7\u00e3o JO\" \/>\n<meta name=\"twitter:card\" content=\"summary_large_image\" \/>\n<meta name=\"twitter:creator\" content=\"@jornaloficinas\" \/>\n<meta name=\"twitter:site\" content=\"@jornaloficinas\" \/>\n<meta name=\"twitter:label1\" content=\"Escrito por\" \/>\n\t<meta name=\"twitter:data1\" content=\"Reda\u00e7\u00e3o JO\" \/>\n\t<meta name=\"twitter:label2\" content=\"Tempo estimado de leitura\" \/>\n\t<meta name=\"twitter:data2\" content=\"3 minutos\" \/>\n<script type=\"application\/ld+json\" class=\"yoast-schema-graph\">{\"@context\":\"https:\\\/\\\/schema.org\",\"@graph\":[{\"@type\":\"Article\",\"@id\":\"https:\\\/\\\/jornaldasoficinas.com\\\/pt\\\/repsol-e-honda-juntas-no-motogp-de-2022\\\/#article\",\"isPartOf\":{\"@id\":\"https:\\\/\\\/jornaldasoficinas.com\\\/pt\\\/repsol-e-honda-juntas-no-motogp-de-2022\\\/\"},\"author\":{\"name\":\"Reda\u00e7\u00e3o JO\",\"@id\":\"https:\\\/\\\/jornaldasoficinas.com\\\/pt\\\/#\\\/schema\\\/person\\\/a38eef5de2c41d9e7c9ac10141afddf3\"},\"headline\":\"Repsol e Honda juntas no MotoGP de 2022\",\"datePublished\":\"2020-10-26T18:00:18+00:00\",\"mainEntityOfPage\":{\"@id\":\"https:\\\/\\\/jornaldasoficinas.com\\\/pt\\\/repsol-e-honda-juntas-no-motogp-de-2022\\\/\"},\"wordCount\":560,\"publisher\":{\"@id\":\"https:\\\/\\\/jornaldasoficinas.com\\\/pt\\\/#organization\"},\"image\":{\"@id\":\"https:\\\/\\\/jornaldasoficinas.com\\\/pt\\\/repsol-e-honda-juntas-no-motogp-de-2022\\\/#primaryimage\"},\"thumbnailUrl\":\"https:\\\/\\\/jornaldasoficinas.com\\\/pt\\\/wp-content\\\/uploads\\\/2020\\\/10\\\/Repsol-e-Honda-juntas.jpg\",\"keywords\":[\"Honda\",\"Repsol\"],\"articleSection\":[\"Empresas\"],\"inLanguage\":\"pt-PT\"},{\"@type\":\"WebPage\",\"@id\":\"https:\\\/\\\/jornaldasoficinas.com\\\/pt\\\/repsol-e-honda-juntas-no-motogp-de-2022\\\/\",\"url\":\"https:\\\/\\\/jornaldasoficinas.com\\\/pt\\\/repsol-e-honda-juntas-no-motogp-de-2022\\\/\",\"name\":\"Repsol e Honda juntas no MotoGP de 2022 - Jornal das Oficinas\",\"isPartOf\":{\"@id\":\"https:\\\/\\\/jornaldasoficinas.com\\\/pt\\\/#website\"},\"primaryImageOfPage\":{\"@id\":\"https:\\\/\\\/jornaldasoficinas.com\\\/pt\\\/repsol-e-honda-juntas-no-motogp-de-2022\\\/#primaryimage\"},\"image\":{\"@id\":\"https:\\\/\\\/jornaldasoficinas.com\\\/pt\\\/repsol-e-honda-juntas-no-motogp-de-2022\\\/#primaryimage\"},\"thumbnailUrl\":\"https:\\\/\\\/jornaldasoficinas.com\\\/pt\\\/wp-content\\\/uploads\\\/2020\\\/10\\\/Repsol-e-Honda-juntas.jpg\",\"datePublished\":\"2020-10-26T18:00:18+00:00\",\"breadcrumb\":{\"@id\":\"https:\\\/\\\/jornaldasoficinas.com\\\/pt\\\/repsol-e-honda-juntas-no-motogp-de-2022\\\/#breadcrumb\"},\"inLanguage\":\"pt-PT\",\"potentialAction\":[{\"@type\":\"ReadAction\",\"target\":[\"https:\\\/\\\/jornaldasoficinas.com\\\/pt\\\/repsol-e-honda-juntas-no-motogp-de-2022\\\/\"]}]},{\"@type\":\"ImageObject\",\"inLanguage\":\"pt-PT\",\"@id\":\"https:\\\/\\\/jornaldasoficinas.com\\\/pt\\\/repsol-e-honda-juntas-no-motogp-de-2022\\\/#primaryimage\",\"url\":\"https:\\\/\\\/jornaldasoficinas.com\\\/pt\\\/wp-content\\\/uploads\\\/2020\\\/10\\\/Repsol-e-Honda-juntas.jpg\",\"contentUrl\":\"https:\\\/\\\/jornaldasoficinas.com\\\/pt\\\/wp-content\\\/uploads\\\/2020\\\/10\\\/Repsol-e-Honda-juntas.jpg\",\"width\":1024,\"height\":581,\"caption\":\"11 Arag\u00f3n GP 16 al 17 de Octubre de 2020.; motogp; mgp; MotoGP; MOTOGP\"},{\"@type\":\"BreadcrumbList\",\"@id\":\"https:\\\/\\\/jornaldasoficinas.com\\\/pt\\\/repsol-e-honda-juntas-no-motogp-de-2022\\\/#breadcrumb\",\"itemListElement\":[{\"@type\":\"ListItem\",\"position\":1,\"name\":\"In\u00edcio\",\"item\":\"https:\\\/\\\/jornaldasoficinas.com\\\/pt\\\/\"},{\"@type\":\"ListItem\",\"position\":2,\"name\":\"Repsol e Honda juntas no MotoGP de 2022\"}]},{\"@type\":\"WebSite\",\"@id\":\"https:\\\/\\\/jornaldasoficinas.com\\\/pt\\\/#website\",\"url\":\"https:\\\/\\\/jornaldasoficinas.com\\\/pt\\\/\",\"name\":\"Jornal das Oficinas\",\"description\":\"Jornal independente do Aftermarket Autom\u00f3vel em Portugal\",\"publisher\":{\"@id\":\"https:\\\/\\\/jornaldasoficinas.com\\\/pt\\\/#organization\"},\"potentialAction\":[{\"@type\":\"SearchAction\",\"target\":{\"@type\":\"EntryPoint\",\"urlTemplate\":\"https:\\\/\\\/jornaldasoficinas.com\\\/pt\\\/?s={search_term_string}\"},\"query-input\":{\"@type\":\"PropertyValueSpecification\",\"valueRequired\":true,\"valueName\":\"search_term_string\"}}],\"inLanguage\":\"pt-PT\"},{\"@type\":\"Organization\",\"@id\":\"https:\\\/\\\/jornaldasoficinas.com\\\/pt\\\/#organization\",\"name\":\"Jornal das Oficinas\",\"url\":\"https:\\\/\\\/jornaldasoficinas.com\\\/pt\\\/\",\"logo\":{\"@type\":\"ImageObject\",\"inLanguage\":\"pt-PT\",\"@id\":\"https:\\\/\\\/jornaldasoficinas.com\\\/pt\\\/#\\\/schema\\\/logo\\\/image\\\/\",\"url\":\"https:\\\/\\\/jornaldasoficinas.com\\\/pt\\\/wp-content\\\/uploads\\\/logoJO-SEO.png\",\"contentUrl\":\"https:\\\/\\\/jornaldasoficinas.com\\\/pt\\\/wp-content\\\/uploads\\\/logoJO-SEO.png\",\"width\":285,\"height\":450,\"caption\":\"Jornal das Oficinas\"},\"image\":{\"@id\":\"https:\\\/\\\/jornaldasoficinas.com\\\/pt\\\/#\\\/schema\\\/logo\\\/image\\\/\"},\"sameAs\":[\"https:\\\/\\\/www.facebook.com\\\/jornaloficinas\",\"https:\\\/\\\/x.com\\\/jornaloficinas\",\"https:\\\/\\\/www.instagram.com\\\/jornal_oficinas\\\/\",\"https:\\\/\\\/www.linkedin.com\\\/company\\\/jornal-das-oficinas\\\/\",\"https:\\\/\\\/www.youtube.com\\\/channel\\\/UCbQZBqtcvV-oSQrr7RzINGg\"]},{\"@type\":\"Person\",\"@id\":\"https:\\\/\\\/jornaldasoficinas.com\\\/pt\\\/#\\\/schema\\\/person\\\/a38eef5de2c41d9e7c9ac10141afddf3\",\"name\":\"Reda\u00e7\u00e3o JO\",\"image\":{\"@type\":\"ImageObject\",\"inLanguage\":\"pt-PT\",\"@id\":\"https:\\\/\\\/secure.gravatar.com\\\/avatar\\\/71f2fa71737ad68a84fea94bc708ddac8ea5b0c4788dc2ad202f3ccb2887742f?s=96&d=wp_user_avatar&r=g\",\"url\":\"https:\\\/\\\/secure.gravatar.com\\\/avatar\\\/71f2fa71737ad68a84fea94bc708ddac8ea5b0c4788dc2ad202f3ccb2887742f?s=96&d=wp_user_avatar&r=g\",\"contentUrl\":\"https:\\\/\\\/secure.gravatar.com\\\/avatar\\\/71f2fa71737ad68a84fea94bc708ddac8ea5b0c4788dc2ad202f3ccb2887742f?s=96&d=wp_user_avatar&r=g\",\"caption\":\"Reda\u00e7\u00e3o JO\"},\"url\":\"https:\\\/\\\/jornaldasoficinas.com\\\/pt\\\/author\\\/joredacao\\\/\"}]}<\/script>\n<!-- \/ Yoast SEO plugin. -->","yoast_head_json":{"title":"Repsol e Honda juntas no MotoGP de 2022 - Jornal das Oficinas","robots":{"index":"index","follow":"follow","max-snippet":"max-snippet:-1","max-image-preview":"max-image-preview:large","max-video-preview":"max-video-preview:-1"},"canonical":"https:\/\/jornaldasoficinas.com\/pt\/repsol-e-honda-juntas-no-motogp-de-2022\/","og_locale":"pt_PT","og_type":"article","og_title":"Repsol e Honda juntas no MotoGP de 2022 - Jornal das Oficinas","og_description":"A Repsol e a Honda Racing...","og_url":"https:\/\/jornaldasoficinas.com\/pt\/repsol-e-honda-juntas-no-motogp-de-2022\/","og_site_name":"Jornal das Oficinas","article_publisher":"https:\/\/www.facebook.com\/jornaloficinas","article_published_time":"2020-10-26T18:00:18+00:00","og_image":[{"width":1024,"height":581,"url":"https:\/\/jornaldasoficinas.com\/pt\/wp-content\/uploads\/2020\/10\/Repsol-e-Honda-juntas.jpg","type":"image\/jpeg"}],"author":"Reda\u00e7\u00e3o JO","twitter_card":"summary_large_image","twitter_creator":"@jornaloficinas","twitter_site":"@jornaloficinas","twitter_misc":{"Escrito por":"Reda\u00e7\u00e3o JO","Tempo estimado de leitura":"3 minutos"},"schema":{"@context":"https:\/\/schema.org","@graph":[{"@type":"Article","@id":"https:\/\/jornaldasoficinas.com\/pt\/repsol-e-honda-juntas-no-motogp-de-2022\/#article","isPartOf":{"@id":"https:\/\/jornaldasoficinas.com\/pt\/repsol-e-honda-juntas-no-motogp-de-2022\/"},"author":{"name":"Reda\u00e7\u00e3o JO","@id":"https:\/\/jornaldasoficinas.com\/pt\/#\/schema\/person\/a38eef5de2c41d9e7c9ac10141afddf3"},"headline":"Repsol e Honda juntas no MotoGP de 2022","datePublished":"2020-10-26T18:00:18+00:00","mainEntityOfPage":{"@id":"https:\/\/jornaldasoficinas.com\/pt\/repsol-e-honda-juntas-no-motogp-de-2022\/"},"wordCount":560,"publisher":{"@id":"https:\/\/jornaldasoficinas.com\/pt\/#organization"},"image":{"@id":"https:\/\/jornaldasoficinas.com\/pt\/repsol-e-honda-juntas-no-motogp-de-2022\/#primaryimage"},"thumbnailUrl":"https:\/\/jornaldasoficinas.com\/pt\/wp-content\/uploads\/2020\/10\/Repsol-e-Honda-juntas.jpg","keywords":["Honda","Repsol"],"articleSection":["Empresas"],"inLanguage":"pt-PT"},{"@type":"WebPage","@id":"https:\/\/jornaldasoficinas.com\/pt\/repsol-e-honda-juntas-no-motogp-de-2022\/","url":"https:\/\/jornaldasoficinas.com\/pt\/repsol-e-honda-juntas-no-motogp-de-2022\/","name":"Repsol e Honda juntas no MotoGP de 2022 - Jornal das Oficinas","isPartOf":{"@id":"https:\/\/jornaldasoficinas.com\/pt\/#website"},"primaryImageOfPage":{"@id":"https:\/\/jornaldasoficinas.com\/pt\/repsol-e-honda-juntas-no-motogp-de-2022\/#primaryimage"},"image":{"@id":"https:\/\/jornaldasoficinas.com\/pt\/repsol-e-honda-juntas-no-motogp-de-2022\/#primaryimage"},"thumbnailUrl":"https:\/\/jornaldasoficinas.com\/pt\/wp-content\/uploads\/2020\/10\/Repsol-e-Honda-juntas.jpg","datePublished":"2020-10-26T18:00:18+00:00","breadcrumb":{"@id":"https:\/\/jornaldasoficinas.com\/pt\/repsol-e-honda-juntas-no-motogp-de-2022\/#breadcrumb"},"inLanguage":"pt-PT","potentialAction":[{"@type":"ReadAction","target":["https:\/\/jornaldasoficinas.com\/pt\/repsol-e-honda-juntas-no-motogp-de-2022\/"]}]},{"@type":"ImageObject","inLanguage":"pt-PT","@id":"https:\/\/jornaldasoficinas.com\/pt\/repsol-e-honda-juntas-no-motogp-de-2022\/#primaryimage","url":"https:\/\/jornaldasoficinas.com\/pt\/wp-content\/uploads\/2020\/10\/Repsol-e-Honda-juntas.jpg","contentUrl":"https:\/\/jornaldasoficinas.com\/pt\/wp-content\/uploads\/2020\/10\/Repsol-e-Honda-juntas.jpg","width":1024,"height":581,"caption":"11 Arag\u00f3n GP 16 al 17 de Octubre de 2020.; motogp; mgp; MotoGP; MOTOGP"},{"@type":"BreadcrumbList","@id":"https:\/\/jornaldasoficinas.com\/pt\/repsol-e-honda-juntas-no-motogp-de-2022\/#breadcrumb","itemListElement":[{"@type":"ListItem","position":1,"name":"In\u00edcio","item":"https:\/\/jornaldasoficinas.com\/pt\/"},{"@type":"ListItem","position":2,"name":"Repsol e Honda juntas no MotoGP de 2022"}]},{"@type":"WebSite","@id":"https:\/\/jornaldasoficinas.com\/pt\/#website","url":"https:\/\/jornaldasoficinas.com\/pt\/","name":"Jornal das Oficinas","description":"Jornal independente do Aftermarket Autom\u00f3vel em Portugal","publisher":{"@id":"https:\/\/jornaldasoficinas.com\/pt\/#organization"},"potentialAction":[{"@type":"SearchAction","target":{"@type":"EntryPoint","urlTemplate":"https:\/\/jornaldasoficinas.com\/pt\/?s={search_term_string}"},"query-input":{"@type":"PropertyValueSpecification","valueRequired":true,"valueName":"search_term_string"}}],"inLanguage":"pt-PT"},{"@type":"Organization","@id":"https:\/\/jornaldasoficinas.com\/pt\/#organization","name":"Jornal das Oficinas","url":"https:\/\/jornaldasoficinas.com\/pt\/","logo":{"@type":"ImageObject","inLanguage":"pt-PT","@id":"https:\/\/jornaldasoficinas.com\/pt\/#\/schema\/logo\/image\/","url":"https:\/\/jornaldasoficinas.com\/pt\/wp-content\/uploads\/logoJO-SEO.png","contentUrl":"https:\/\/jornaldasoficinas.com\/pt\/wp-content\/uploads\/logoJO-SEO.png","width":285,"height":450,"caption":"Jornal das Oficinas"},"image":{"@id":"https:\/\/jornaldasoficinas.com\/pt\/#\/schema\/logo\/image\/"},"sameAs":["https:\/\/www.facebook.com\/jornaloficinas","https:\/\/x.com\/jornaloficinas","https:\/\/www.instagram.com\/jornal_oficinas\/","https:\/\/www.linkedin.com\/company\/jornal-das-oficinas\/","https:\/\/www.youtube.com\/channel\/UCbQZBqtcvV-oSQrr7RzINGg"]},{"@type":"Person","@id":"https:\/\/jornaldasoficinas.com\/pt\/#\/schema\/person\/a38eef5de2c41d9e7c9ac10141afddf3","name":"Reda\u00e7\u00e3o JO","image":{"@type":"ImageObject","inLanguage":"pt-PT","@id":"https:\/\/secure.gravatar.com\/avatar\/71f2fa71737ad68a84fea94bc708ddac8ea5b0c4788dc2ad202f3ccb2887742f?s=96&d=wp_user_avatar&r=g","url":"https:\/\/secure.gravatar.com\/avatar\/71f2fa71737ad68a84fea94bc708ddac8ea5b0c4788dc2ad202f3ccb2887742f?s=96&d=wp_user_avatar&r=g","contentUrl":"https:\/\/secure.gravatar.com\/avatar\/71f2fa71737ad68a84fea94bc708ddac8ea5b0c4788dc2ad202f3ccb2887742f?s=96&d=wp_user_avatar&r=g","caption":"Reda\u00e7\u00e3o JO"},"url":"https:\/\/jornaldasoficinas.com\/pt\/author\/joredacao\/"}]}},"_links":{"self":[{"href":"https:\/\/jornaldasoficinas.com\/pt\/wp-json\/wp\/v2\/posts\/16552","targetHints":{"allow":["GET"]}}],"collection":[{"href":"https:\/\/jornaldasoficinas.com\/pt\/wp-json\/wp\/v2\/posts"}],"about":[{"href":"https:\/\/jornaldasoficinas.com\/pt\/wp-json\/wp\/v2\/types\/post"}],"author":[{"embeddable":true,"href":"https:\/\/jornaldasoficinas.com\/pt\/wp-json\/wp\/v2\/users\/15"}],"replies":[{"embeddable":true,"href":"https:\/\/jornaldasoficinas.com\/pt\/wp-json\/wp\/v2\/comments?post=16552"}],"version-history":[{"count":0,"href":"https:\/\/jornaldasoficinas.com\/pt\/wp-json\/wp\/v2\/posts\/16552\/revisions"}],"wp:featuredmedia":[{"embeddable":true,"href":"https:\/\/jornaldasoficinas.com\/pt\/wp-json\/wp\/v2\/media\/16532"}],"wp:attachment":[{"href":"https:\/\/jornaldasoficinas.com\/pt\/wp-json\/wp\/v2\/media?parent=16552"}],"wp:term":[{"taxonomy":"category","embeddable":true,"href":"https:\/\/jornaldasoficinas.com\/pt\/wp-json\/wp\/v2\/categories?post=16552"},{"taxonomy":"post_tag","embeddable":true,"href":"https:\/\/jornaldasoficinas.com\/pt\/wp-json\/wp\/v2\/tags?post=16552"}],"curies":[{"name":"wp","href":"https:\/\/api.w.org\/{rel}","templated":true}]}}