{"id":16864,"date":"2020-11-09T10:00:31","date_gmt":"2020-11-09T10:00:31","guid":{"rendered":"https:\/\/jornaldasoficinas.com\/pt\/?p=16864"},"modified":"2020-11-09T08:53:49","modified_gmt":"2020-11-09T08:53:49","slug":"seguro-direto-lanca-campanha-com-novas-coberturas","status":"publish","type":"post","link":"https:\/\/jornaldasoficinas.com\/pt\/seguro-direto-lanca-campanha-com-novas-coberturas\/","title":{"rendered":"Seguro Direto lan\u00e7a campanha com novas coberturas"},"content":{"rendered":"<p><strong><img loading=\"lazy\" decoding=\"async\" class=\"alignnone wp-image-16860 size-full\" src=\"https:\/\/jornaldasoficinas.com\/pt\/wp-content\/uploads\/2020\/11\/Seguro-Direto-lanc\u0327a.png\" alt=\"11 - Seguro-Direto-lanc\u0327a\" width=\"1024\" height=\"581\" srcset=\"https:\/\/jornaldasoficinas.com\/pt\/wp-content\/uploads\/2020\/11\/Seguro-Direto-lanc\u0327a.png 1024w, https:\/\/jornaldasoficinas.com\/pt\/wp-content\/uploads\/2020\/11\/Seguro-Direto-lanc\u0327a-300x170.png 300w, https:\/\/jornaldasoficinas.com\/pt\/wp-content\/uploads\/2020\/11\/Seguro-Direto-lanc\u0327a-150x85.png 150w, https:\/\/jornaldasoficinas.com\/pt\/wp-content\/uploads\/2020\/11\/Seguro-Direto-lanc\u0327a-768x436.png 768w\" sizes=\"auto, (max-width: 1024px) 100vw, 1024px\" \/><\/strong><\/p>\n<p><strong>A Seguro Directo lan\u00e7ou uma campanha que promove a venda conjunta de duas novas coberturas, que garantem a prote\u00e7\u00e3o de pneu e a substitui\u00e7\u00e3o da bateria do autom\u00f3vel.<\/strong><\/p>\n<p>Esta campanha pretende dar resposta a dois dos principais problemas na manuten\u00e7\u00e3o de um autom\u00f3vel, ao permitir a substitui\u00e7\u00e3o dos dois pneus do mesmo eixo quando um se danifica, bem como a substitui\u00e7\u00e3o da bateria no caso de a mesma se encontrar no fim de vida.<\/p>\n<p>Estas coberturas v\u00eam refor\u00e7ar a proposta de valor da Seguro Directo e est\u00e3o alinhadas com o objetivo da marca, ter uma prote\u00e7\u00e3o mais completa e relevante para os clientes.<\/p>\n<p>O an\u00fancio em v\u00eddeo, cujo intuito \u00e9 dar a conhecer a exist\u00eancia de um seguro autom\u00f3vel com novas garantias que v\u00e3o ao encontro das necessidades de cada Cliente, foi pensado para poder viver em diferentes meios de comunica\u00e7\u00e3o, nomeadamente na televis\u00e3o e em meios digitais.<\/p>\n<p>Rita Travassos, Diretora Geral da Seguro Directo, refere que \u201cO nosso principal objetivo passa pela garantia das melhores ofertas para os nossos Clientes no que diz respeito ao seguro autom\u00f3vel. Esta nova campanha comercial constitui mais uma aposta no refor\u00e7o dessa rela\u00e7\u00e3o, mostrando que continuamos atentos \u00e0s necessidades dos Clientes e que desenvolvemos e fornecemos solu\u00e7\u00f5es simples e pr\u00e1ticas para os seus problemas quotidianos, sempre com o selo de qualidade Seguro Directo.\u201d<\/p>\n<p>Veja o v\u00eddeo da campanha <a href=\"https:\/\/www.youtube.com\/watch?v=tcPrL-Go3ow&amp;feature=emb_logo\" target=\"_blank\" rel=\"noopener noreferrer\"><strong>aqui<\/strong><\/a><\/p>\n","protected":false},"excerpt":{"rendered":"<p>A Seguro Directo lan\u00e7ou uma campanha&#8230;<\/p>\n","protected":false},"author":15,"featured_media":16860,"comment_status":"closed","ping_status":"closed","sticky":false,"template":"","format":"standard","meta":{"footnotes":""},"categories":[37],"tags":[1861],"class_list":["post-16864","post","type-post","status-publish","format-standard","has-post-thumbnail","hentry","category-mercado","tag-seguro-directo"],"yoast_head":"<!-- This site is optimized with the Yoast SEO plugin v27.5 - https:\/\/yoast.com\/product\/yoast-seo-wordpress\/ -->\n<title>Seguro Direto lan\u00e7a campanha com novas coberturas - Jornal das Oficinas<\/title>\n<meta name=\"robots\" content=\"index, follow, max-snippet:-1, max-image-preview:large, max-video-preview:-1\" \/>\n<link rel=\"canonical\" href=\"https:\/\/jornaldasoficinas.com\/pt\/seguro-direto-lanca-campanha-com-novas-coberturas\/\" \/>\n<meta property=\"og:locale\" content=\"pt_PT\" \/>\n<meta property=\"og:type\" content=\"article\" \/>\n<meta property=\"og:title\" content=\"Seguro Direto lan\u00e7a campanha com novas coberturas - Jornal das Oficinas\" \/>\n<meta property=\"og:description\" content=\"A Seguro Directo lan\u00e7ou uma campanha...\" \/>\n<meta property=\"og:url\" content=\"https:\/\/jornaldasoficinas.com\/pt\/seguro-direto-lanca-campanha-com-novas-coberturas\/\" \/>\n<meta property=\"og:site_name\" content=\"Jornal das Oficinas\" \/>\n<meta property=\"article:publisher\" content=\"https:\/\/www.facebook.com\/jornaloficinas\" \/>\n<meta property=\"article:published_time\" content=\"2020-11-09T10:00:31+00:00\" \/>\n<meta property=\"og:image\" content=\"https:\/\/jornaldasoficinas.com\/pt\/wp-content\/uploads\/2020\/11\/Seguro-Direto-lanc\u0327a.png\" \/>\n\t<meta property=\"og:image:width\" content=\"1024\" \/>\n\t<meta property=\"og:image:height\" content=\"581\" \/>\n\t<meta property=\"og:image:type\" content=\"image\/png\" \/>\n<meta name=\"author\" content=\"Reda\u00e7\u00e3o JO\" \/>\n<meta name=\"twitter:card\" content=\"summary_large_image\" \/>\n<meta name=\"twitter:creator\" content=\"@jornaloficinas\" \/>\n<meta name=\"twitter:site\" content=\"@jornaloficinas\" \/>\n<meta name=\"twitter:label1\" content=\"Escrito por\" \/>\n\t<meta name=\"twitter:data1\" content=\"Reda\u00e7\u00e3o JO\" \/>\n\t<meta name=\"twitter:label2\" content=\"Tempo estimado de leitura\" \/>\n\t<meta name=\"twitter:data2\" content=\"1 minuto\" \/>\n<script type=\"application\/ld+json\" class=\"yoast-schema-graph\">{\"@context\":\"https:\\\/\\\/schema.org\",\"@graph\":[{\"@type\":\"Article\",\"@id\":\"https:\\\/\\\/jornaldasoficinas.com\\\/pt\\\/seguro-direto-lanca-campanha-com-novas-coberturas\\\/#article\",\"isPartOf\":{\"@id\":\"https:\\\/\\\/jornaldasoficinas.com\\\/pt\\\/seguro-direto-lanca-campanha-com-novas-coberturas\\\/\"},\"author\":{\"name\":\"Reda\u00e7\u00e3o JO\",\"@id\":\"https:\\\/\\\/jornaldasoficinas.com\\\/pt\\\/#\\\/schema\\\/person\\\/a38eef5de2c41d9e7c9ac10141afddf3\"},\"headline\":\"Seguro Direto lan\u00e7a campanha com novas coberturas\",\"datePublished\":\"2020-11-09T10:00:31+00:00\",\"mainEntityOfPage\":{\"@id\":\"https:\\\/\\\/jornaldasoficinas.com\\\/pt\\\/seguro-direto-lanca-campanha-com-novas-coberturas\\\/\"},\"wordCount\":258,\"publisher\":{\"@id\":\"https:\\\/\\\/jornaldasoficinas.com\\\/pt\\\/#organization\"},\"image\":{\"@id\":\"https:\\\/\\\/jornaldasoficinas.com\\\/pt\\\/seguro-direto-lanca-campanha-com-novas-coberturas\\\/#primaryimage\"},\"thumbnailUrl\":\"https:\\\/\\\/jornaldasoficinas.com\\\/pt\\\/wp-content\\\/uploads\\\/2020\\\/11\\\/Seguro-Direto-lanc\u0327a.png\",\"keywords\":[\"Seguro Directo\"],\"articleSection\":[\"Mercado\"],\"inLanguage\":\"pt-PT\"},{\"@type\":\"WebPage\",\"@id\":\"https:\\\/\\\/jornaldasoficinas.com\\\/pt\\\/seguro-direto-lanca-campanha-com-novas-coberturas\\\/\",\"url\":\"https:\\\/\\\/jornaldasoficinas.com\\\/pt\\\/seguro-direto-lanca-campanha-com-novas-coberturas\\\/\",\"name\":\"Seguro Direto lan\u00e7a campanha com novas coberturas - Jornal das Oficinas\",\"isPartOf\":{\"@id\":\"https:\\\/\\\/jornaldasoficinas.com\\\/pt\\\/#website\"},\"primaryImageOfPage\":{\"@id\":\"https:\\\/\\\/jornaldasoficinas.com\\\/pt\\\/seguro-direto-lanca-campanha-com-novas-coberturas\\\/#primaryimage\"},\"image\":{\"@id\":\"https:\\\/\\\/jornaldasoficinas.com\\\/pt\\\/seguro-direto-lanca-campanha-com-novas-coberturas\\\/#primaryimage\"},\"thumbnailUrl\":\"https:\\\/\\\/jornaldasoficinas.com\\\/pt\\\/wp-content\\\/uploads\\\/2020\\\/11\\\/Seguro-Direto-lanc\u0327a.png\",\"datePublished\":\"2020-11-09T10:00:31+00:00\",\"breadcrumb\":{\"@id\":\"https:\\\/\\\/jornaldasoficinas.com\\\/pt\\\/seguro-direto-lanca-campanha-com-novas-coberturas\\\/#breadcrumb\"},\"inLanguage\":\"pt-PT\",\"potentialAction\":[{\"@type\":\"ReadAction\",\"target\":[\"https:\\\/\\\/jornaldasoficinas.com\\\/pt\\\/seguro-direto-lanca-campanha-com-novas-coberturas\\\/\"]}]},{\"@type\":\"ImageObject\",\"inLanguage\":\"pt-PT\",\"@id\":\"https:\\\/\\\/jornaldasoficinas.com\\\/pt\\\/seguro-direto-lanca-campanha-com-novas-coberturas\\\/#primaryimage\",\"url\":\"https:\\\/\\\/jornaldasoficinas.com\\\/pt\\\/wp-content\\\/uploads\\\/2020\\\/11\\\/Seguro-Direto-lanc\u0327a.png\",\"contentUrl\":\"https:\\\/\\\/jornaldasoficinas.com\\\/pt\\\/wp-content\\\/uploads\\\/2020\\\/11\\\/Seguro-Direto-lanc\u0327a.png\",\"width\":1024,\"height\":581,\"caption\":\"11 - Seguro-Direto-lanc\u0327a\"},{\"@type\":\"BreadcrumbList\",\"@id\":\"https:\\\/\\\/jornaldasoficinas.com\\\/pt\\\/seguro-direto-lanca-campanha-com-novas-coberturas\\\/#breadcrumb\",\"itemListElement\":[{\"@type\":\"ListItem\",\"position\":1,\"name\":\"In\u00edcio\",\"item\":\"https:\\\/\\\/jornaldasoficinas.com\\\/pt\\\/\"},{\"@type\":\"ListItem\",\"position\":2,\"name\":\"Seguro Direto lan\u00e7a campanha com novas coberturas\"}]},{\"@type\":\"WebSite\",\"@id\":\"https:\\\/\\\/jornaldasoficinas.com\\\/pt\\\/#website\",\"url\":\"https:\\\/\\\/jornaldasoficinas.com\\\/pt\\\/\",\"name\":\"Jornal das Oficinas\",\"description\":\"Jornal independente do Aftermarket Autom\u00f3vel em Portugal\",\"publisher\":{\"@id\":\"https:\\\/\\\/jornaldasoficinas.com\\\/pt\\\/#organization\"},\"potentialAction\":[{\"@type\":\"SearchAction\",\"target\":{\"@type\":\"EntryPoint\",\"urlTemplate\":\"https:\\\/\\\/jornaldasoficinas.com\\\/pt\\\/?s={search_term_string}\"},\"query-input\":{\"@type\":\"PropertyValueSpecification\",\"valueRequired\":true,\"valueName\":\"search_term_string\"}}],\"inLanguage\":\"pt-PT\"},{\"@type\":\"Organization\",\"@id\":\"https:\\\/\\\/jornaldasoficinas.com\\\/pt\\\/#organization\",\"name\":\"Jornal das Oficinas\",\"url\":\"https:\\\/\\\/jornaldasoficinas.com\\\/pt\\\/\",\"logo\":{\"@type\":\"ImageObject\",\"inLanguage\":\"pt-PT\",\"@id\":\"https:\\\/\\\/jornaldasoficinas.com\\\/pt\\\/#\\\/schema\\\/logo\\\/image\\\/\",\"url\":\"https:\\\/\\\/jornaldasoficinas.com\\\/pt\\\/wp-content\\\/uploads\\\/logoJO-SEO.png\",\"contentUrl\":\"https:\\\/\\\/jornaldasoficinas.com\\\/pt\\\/wp-content\\\/uploads\\\/logoJO-SEO.png\",\"width\":285,\"height\":450,\"caption\":\"Jornal das Oficinas\"},\"image\":{\"@id\":\"https:\\\/\\\/jornaldasoficinas.com\\\/pt\\\/#\\\/schema\\\/logo\\\/image\\\/\"},\"sameAs\":[\"https:\\\/\\\/www.facebook.com\\\/jornaloficinas\",\"https:\\\/\\\/x.com\\\/jornaloficinas\",\"https:\\\/\\\/www.instagram.com\\\/jornal_oficinas\\\/\",\"https:\\\/\\\/www.linkedin.com\\\/company\\\/jornal-das-oficinas\\\/\",\"https:\\\/\\\/www.youtube.com\\\/channel\\\/UCbQZBqtcvV-oSQrr7RzINGg\"]},{\"@type\":\"Person\",\"@id\":\"https:\\\/\\\/jornaldasoficinas.com\\\/pt\\\/#\\\/schema\\\/person\\\/a38eef5de2c41d9e7c9ac10141afddf3\",\"name\":\"Reda\u00e7\u00e3o JO\",\"image\":{\"@type\":\"ImageObject\",\"inLanguage\":\"pt-PT\",\"@id\":\"https:\\\/\\\/secure.gravatar.com\\\/avatar\\\/71f2fa71737ad68a84fea94bc708ddac8ea5b0c4788dc2ad202f3ccb2887742f?s=96&d=wp_user_avatar&r=g\",\"url\":\"https:\\\/\\\/secure.gravatar.com\\\/avatar\\\/71f2fa71737ad68a84fea94bc708ddac8ea5b0c4788dc2ad202f3ccb2887742f?s=96&d=wp_user_avatar&r=g\",\"contentUrl\":\"https:\\\/\\\/secure.gravatar.com\\\/avatar\\\/71f2fa71737ad68a84fea94bc708ddac8ea5b0c4788dc2ad202f3ccb2887742f?s=96&d=wp_user_avatar&r=g\",\"caption\":\"Reda\u00e7\u00e3o JO\"},\"url\":\"https:\\\/\\\/jornaldasoficinas.com\\\/pt\\\/author\\\/joredacao\\\/\"}]}<\/script>\n<!-- \/ Yoast SEO plugin. -->","yoast_head_json":{"title":"Seguro Direto lan\u00e7a campanha com novas coberturas - Jornal das Oficinas","robots":{"index":"index","follow":"follow","max-snippet":"max-snippet:-1","max-image-preview":"max-image-preview:large","max-video-preview":"max-video-preview:-1"},"canonical":"https:\/\/jornaldasoficinas.com\/pt\/seguro-direto-lanca-campanha-com-novas-coberturas\/","og_locale":"pt_PT","og_type":"article","og_title":"Seguro Direto lan\u00e7a campanha com novas coberturas - Jornal das Oficinas","og_description":"A Seguro Directo lan\u00e7ou uma campanha...","og_url":"https:\/\/jornaldasoficinas.com\/pt\/seguro-direto-lanca-campanha-com-novas-coberturas\/","og_site_name":"Jornal das Oficinas","article_publisher":"https:\/\/www.facebook.com\/jornaloficinas","article_published_time":"2020-11-09T10:00:31+00:00","og_image":[{"width":1024,"height":581,"url":"https:\/\/jornaldasoficinas.com\/pt\/wp-content\/uploads\/2020\/11\/Seguro-Direto-lanc\u0327a.png","type":"image\/png"}],"author":"Reda\u00e7\u00e3o JO","twitter_card":"summary_large_image","twitter_creator":"@jornaloficinas","twitter_site":"@jornaloficinas","twitter_misc":{"Escrito por":"Reda\u00e7\u00e3o JO","Tempo estimado de leitura":"1 minuto"},"schema":{"@context":"https:\/\/schema.org","@graph":[{"@type":"Article","@id":"https:\/\/jornaldasoficinas.com\/pt\/seguro-direto-lanca-campanha-com-novas-coberturas\/#article","isPartOf":{"@id":"https:\/\/jornaldasoficinas.com\/pt\/seguro-direto-lanca-campanha-com-novas-coberturas\/"},"author":{"name":"Reda\u00e7\u00e3o JO","@id":"https:\/\/jornaldasoficinas.com\/pt\/#\/schema\/person\/a38eef5de2c41d9e7c9ac10141afddf3"},"headline":"Seguro Direto lan\u00e7a campanha com novas coberturas","datePublished":"2020-11-09T10:00:31+00:00","mainEntityOfPage":{"@id":"https:\/\/jornaldasoficinas.com\/pt\/seguro-direto-lanca-campanha-com-novas-coberturas\/"},"wordCount":258,"publisher":{"@id":"https:\/\/jornaldasoficinas.com\/pt\/#organization"},"image":{"@id":"https:\/\/jornaldasoficinas.com\/pt\/seguro-direto-lanca-campanha-com-novas-coberturas\/#primaryimage"},"thumbnailUrl":"https:\/\/jornaldasoficinas.com\/pt\/wp-content\/uploads\/2020\/11\/Seguro-Direto-lanc\u0327a.png","keywords":["Seguro Directo"],"articleSection":["Mercado"],"inLanguage":"pt-PT"},{"@type":"WebPage","@id":"https:\/\/jornaldasoficinas.com\/pt\/seguro-direto-lanca-campanha-com-novas-coberturas\/","url":"https:\/\/jornaldasoficinas.com\/pt\/seguro-direto-lanca-campanha-com-novas-coberturas\/","name":"Seguro Direto lan\u00e7a campanha com novas coberturas - Jornal das Oficinas","isPartOf":{"@id":"https:\/\/jornaldasoficinas.com\/pt\/#website"},"primaryImageOfPage":{"@id":"https:\/\/jornaldasoficinas.com\/pt\/seguro-direto-lanca-campanha-com-novas-coberturas\/#primaryimage"},"image":{"@id":"https:\/\/jornaldasoficinas.com\/pt\/seguro-direto-lanca-campanha-com-novas-coberturas\/#primaryimage"},"thumbnailUrl":"https:\/\/jornaldasoficinas.com\/pt\/wp-content\/uploads\/2020\/11\/Seguro-Direto-lanc\u0327a.png","datePublished":"2020-11-09T10:00:31+00:00","breadcrumb":{"@id":"https:\/\/jornaldasoficinas.com\/pt\/seguro-direto-lanca-campanha-com-novas-coberturas\/#breadcrumb"},"inLanguage":"pt-PT","potentialAction":[{"@type":"ReadAction","target":["https:\/\/jornaldasoficinas.com\/pt\/seguro-direto-lanca-campanha-com-novas-coberturas\/"]}]},{"@type":"ImageObject","inLanguage":"pt-PT","@id":"https:\/\/jornaldasoficinas.com\/pt\/seguro-direto-lanca-campanha-com-novas-coberturas\/#primaryimage","url":"https:\/\/jornaldasoficinas.com\/pt\/wp-content\/uploads\/2020\/11\/Seguro-Direto-lanc\u0327a.png","contentUrl":"https:\/\/jornaldasoficinas.com\/pt\/wp-content\/uploads\/2020\/11\/Seguro-Direto-lanc\u0327a.png","width":1024,"height":581,"caption":"11 - Seguro-Direto-lanc\u0327a"},{"@type":"BreadcrumbList","@id":"https:\/\/jornaldasoficinas.com\/pt\/seguro-direto-lanca-campanha-com-novas-coberturas\/#breadcrumb","itemListElement":[{"@type":"ListItem","position":1,"name":"In\u00edcio","item":"https:\/\/jornaldasoficinas.com\/pt\/"},{"@type":"ListItem","position":2,"name":"Seguro Direto lan\u00e7a campanha com novas coberturas"}]},{"@type":"WebSite","@id":"https:\/\/jornaldasoficinas.com\/pt\/#website","url":"https:\/\/jornaldasoficinas.com\/pt\/","name":"Jornal das Oficinas","description":"Jornal independente do Aftermarket Autom\u00f3vel em Portugal","publisher":{"@id":"https:\/\/jornaldasoficinas.com\/pt\/#organization"},"potentialAction":[{"@type":"SearchAction","target":{"@type":"EntryPoint","urlTemplate":"https:\/\/jornaldasoficinas.com\/pt\/?s={search_term_string}"},"query-input":{"@type":"PropertyValueSpecification","valueRequired":true,"valueName":"search_term_string"}}],"inLanguage":"pt-PT"},{"@type":"Organization","@id":"https:\/\/jornaldasoficinas.com\/pt\/#organization","name":"Jornal das Oficinas","url":"https:\/\/jornaldasoficinas.com\/pt\/","logo":{"@type":"ImageObject","inLanguage":"pt-PT","@id":"https:\/\/jornaldasoficinas.com\/pt\/#\/schema\/logo\/image\/","url":"https:\/\/jornaldasoficinas.com\/pt\/wp-content\/uploads\/logoJO-SEO.png","contentUrl":"https:\/\/jornaldasoficinas.com\/pt\/wp-content\/uploads\/logoJO-SEO.png","width":285,"height":450,"caption":"Jornal das Oficinas"},"image":{"@id":"https:\/\/jornaldasoficinas.com\/pt\/#\/schema\/logo\/image\/"},"sameAs":["https:\/\/www.facebook.com\/jornaloficinas","https:\/\/x.com\/jornaloficinas","https:\/\/www.instagram.com\/jornal_oficinas\/","https:\/\/www.linkedin.com\/company\/jornal-das-oficinas\/","https:\/\/www.youtube.com\/channel\/UCbQZBqtcvV-oSQrr7RzINGg"]},{"@type":"Person","@id":"https:\/\/jornaldasoficinas.com\/pt\/#\/schema\/person\/a38eef5de2c41d9e7c9ac10141afddf3","name":"Reda\u00e7\u00e3o JO","image":{"@type":"ImageObject","inLanguage":"pt-PT","@id":"https:\/\/secure.gravatar.com\/avatar\/71f2fa71737ad68a84fea94bc708ddac8ea5b0c4788dc2ad202f3ccb2887742f?s=96&d=wp_user_avatar&r=g","url":"https:\/\/secure.gravatar.com\/avatar\/71f2fa71737ad68a84fea94bc708ddac8ea5b0c4788dc2ad202f3ccb2887742f?s=96&d=wp_user_avatar&r=g","contentUrl":"https:\/\/secure.gravatar.com\/avatar\/71f2fa71737ad68a84fea94bc708ddac8ea5b0c4788dc2ad202f3ccb2887742f?s=96&d=wp_user_avatar&r=g","caption":"Reda\u00e7\u00e3o JO"},"url":"https:\/\/jornaldasoficinas.com\/pt\/author\/joredacao\/"}]}},"_links":{"self":[{"href":"https:\/\/jornaldasoficinas.com\/pt\/wp-json\/wp\/v2\/posts\/16864","targetHints":{"allow":["GET"]}}],"collection":[{"href":"https:\/\/jornaldasoficinas.com\/pt\/wp-json\/wp\/v2\/posts"}],"about":[{"href":"https:\/\/jornaldasoficinas.com\/pt\/wp-json\/wp\/v2\/types\/post"}],"author":[{"embeddable":true,"href":"https:\/\/jornaldasoficinas.com\/pt\/wp-json\/wp\/v2\/users\/15"}],"replies":[{"embeddable":true,"href":"https:\/\/jornaldasoficinas.com\/pt\/wp-json\/wp\/v2\/comments?post=16864"}],"version-history":[{"count":0,"href":"https:\/\/jornaldasoficinas.com\/pt\/wp-json\/wp\/v2\/posts\/16864\/revisions"}],"wp:featuredmedia":[{"embeddable":true,"href":"https:\/\/jornaldasoficinas.com\/pt\/wp-json\/wp\/v2\/media\/16860"}],"wp:attachment":[{"href":"https:\/\/jornaldasoficinas.com\/pt\/wp-json\/wp\/v2\/media?parent=16864"}],"wp:term":[{"taxonomy":"category","embeddable":true,"href":"https:\/\/jornaldasoficinas.com\/pt\/wp-json\/wp\/v2\/categories?post=16864"},{"taxonomy":"post_tag","embeddable":true,"href":"https:\/\/jornaldasoficinas.com\/pt\/wp-json\/wp\/v2\/tags?post=16864"}],"curies":[{"name":"wp","href":"https:\/\/api.w.org\/{rel}","templated":true}]}}