{"id":17286,"date":"2020-11-26T14:00:36","date_gmt":"2020-11-26T14:00:36","guid":{"rendered":"https:\/\/jornaldasoficinas.com\/pt\/?p=17286"},"modified":"2020-11-26T09:19:24","modified_gmt":"2020-11-26T09:19:24","slug":"empresas-portuguesas-usam-telematica-nas-frotas","status":"publish","type":"post","link":"https:\/\/jornaldasoficinas.com\/pt\/empresas-portuguesas-usam-telematica-nas-frotas\/","title":{"rendered":"Empresas portuguesas usam telem\u00e1tica nas frotas"},"content":{"rendered":"<p><strong><img loading=\"lazy\" decoding=\"async\" class=\"alignnone wp-image-17280 size-full\" src=\"https:\/\/jornaldasoficinas.com\/pt\/wp-content\/uploads\/2020\/11\/empresas-portuguesas.jpg\" alt=\"11 - empresas-portuguesas\" width=\"1024\" height=\"581\" srcset=\"https:\/\/jornaldasoficinas.com\/pt\/wp-content\/uploads\/2020\/11\/empresas-portuguesas.jpg 1024w, https:\/\/jornaldasoficinas.com\/pt\/wp-content\/uploads\/2020\/11\/empresas-portuguesas-300x170.jpg 300w, https:\/\/jornaldasoficinas.com\/pt\/wp-content\/uploads\/2020\/11\/empresas-portuguesas-150x85.jpg 150w, https:\/\/jornaldasoficinas.com\/pt\/wp-content\/uploads\/2020\/11\/empresas-portuguesas-768x436.jpg 768w\" sizes=\"auto, (max-width: 1024px) 100vw, 1024px\" \/><\/strong><\/p>\n<p><strong>As empresas portuguesas utilizam, cada vez mais, sistemas de telem\u00e1tica nas suas frotas, num crescimento de 45% face aos dados de 2019.<\/strong><\/p>\n<p>Os gestores nacionais, que utilizam sistemas de telem\u00e1tica nas suas viaturas, fazem-no por controlo de localiza\u00e7\u00e3o e de custos, para evitar a utiliza\u00e7\u00e3o n\u00e3o autorizada e como forma de melhorar o comportamento dos condutores, raz\u00f5es distintas dos seus pares na Europa.<\/p>\n<p>S\u00e3o cada vez mais, as empresas portuguesas que utilizam sistemas de tem\u00e1ticas nas suas frotas. Em Portugal 29% das empresas respondeu que j\u00e1 utiliza sistemas de tem\u00e1tica, sendo que 24% utilizam em ve\u00edculos ligeiros de passageiros e 26% utiliza nos ve\u00edculos comerciais ligeiros. Na Europa 33% das empresas j\u00e1 utilizam sistemas de telem\u00e1tica e o Bar\u00f3metro Autom\u00f3vel 2020 quis conferir as raz\u00f5es para a aplica\u00e7\u00e3o deste sistema junto das empresas usu\u00e1rias.<\/p>\n<p>Estas s\u00e3o algumas das conclus\u00f5es e respostas do Bar\u00f3metro Autom\u00f3vel 2020 do Arval Mobility Observatory, realizado a mais de 5000 empresas de 20 pa\u00edses, das quais 300 em Portugal, que visa fornecer informa\u00e7\u00f5es independentes e precisas sobre as pr\u00e1ticas e tend\u00eancias na mobilidade e gest\u00e3o de frotas nas empresas e na \u00f3tica dos seus gestores.<\/p>\n<p>A progress\u00e3o da percentagem de empresas em Portugal que j\u00e1 utiliza sistemas de telem\u00e1tica nas suas frotas autom\u00f3veis \u00e9 uma tend\u00eancia crescente nos \u00faltimos 3 anos, com mais 45% em no \u00faltimo ano em Portugal, nomeadamente em 39% das empresas com mais de 100 colaboradores e em 47% das grandes empresas com mais de 500 colaboradores. A utiliza\u00e7\u00e3o desta tecnologia entre a m\u00e9dia dos pa\u00edses da Europa \u00e9 ligeiramente superior ao que acontece no mercado empresarial portugu\u00eas, mas \u00e9 poss\u00edvel afirmar que a tend\u00eancia de implementa\u00e7\u00e3o tem sido semelhante, at\u00e9 mesmo ao n\u00edvel dos segmentos de dimens\u00e3o das empresas.<\/p>\n<p>Neste \u00e2mbito, os dados do Bar\u00f3metro Autom\u00f3vel 2020 mostram que em Portugal a percentagem de empresas que utiliza telem\u00e1tica nas suas viaturas comerciais ligeiras \u00e9 ligeiramente superior ao universo de empresas que usa esta tecnologia na sua frota de ligeiros de passageiros (+2%). Em rela\u00e7\u00e3o aos pa\u00edses europeus inquiridos, h\u00e1 igualmente uma varia\u00e7\u00e3o entre a implementa\u00e7\u00e3o entre viaturas comerciais ligeiras e de ligeiros de passageiros.<\/p>\n<p>As exce\u00e7\u00f5es nesta rela\u00e7\u00e3o s\u00e3o a Espanha e a It\u00e1lia, onde h\u00e1 uma maior percentagem de empresas com sistemas de localiza\u00e7\u00e3o nas frotas ligeiras de passageiros, e o Reino Unido, onde a percentagem de empresas a utilizar telem\u00e1tica em viaturas comerciais \u00e9 muito superior \u00e0 percentagem de viaturas de passageiros.<\/p>\n<p><strong>Raz\u00f5es para o uso de sistemas de telem\u00e1tica nas frotas<br \/>\n<\/strong>A localiza\u00e7\u00e3o das viaturas \u00e9 o principal motivo para o uso de telem\u00e1tica nas frotas, sendo comum para cerca de 40% das empresas com qualquer tipo de viatura. Esse \u00e9 tamb\u00e9m o principal motivo de utiliza\u00e7\u00e3o entre a m\u00e9dia dos pa\u00edses europeus inclu\u00eddos neste estudo.<\/p>\n<p>Dentro das empresas portuguesas, as principais raz\u00f5es enumeradas para o uso de sistemas de telem\u00e1tica nas suas frotas t\u00eam diferen\u00e7as significativas quando analisadas consoante o tipo de viatura, ou seja, entre ve\u00edculos ligeiros de passageiros e ve\u00edculos comerciais ligeiros.<\/p>\n<p>Neste \u00e2mbito, a percentagem de empresas nacionais que elegem a instala\u00e7\u00e3o desta tecnologia nos ve\u00edculos ligeiros de passageiros \u00e9 significativa, por raz\u00f5es como a redu\u00e7\u00e3o de custos (26%), a forma de evitar o uso n\u00e3o autorizado (26%) e de melhorar o comportamento dos condutores (27%). Enquanto nos ve\u00edculos comerciais ligeiros, o uso prende-se sobretudo com a capacidade de reduzir os custos da frota (36%) e evitar o uso n\u00e3o autorizado (23%). Em compara\u00e7\u00e3o com os pa\u00edses europeus inquiridos, a utiliza\u00e7\u00e3o desta tecnologia nas viaturas ligeiras de passageiros tem como argumento central a melhoria da efici\u00eancia operacional (24%), da seguran\u00e7a dos condutores (20%) e a redu\u00e7\u00e3o do impacto ambiental (18%).<\/p>\n<p><strong>Sobre o Bar\u00f3metro Autom\u00f3vel 2020<br \/>\n<\/strong>A recolha de dados para o Bar\u00f3metro Autom\u00f3vel 2020 foi elaborada pelos especialistas da consultora Kantar, entre os dias 15 de janeiro e 17 de mar\u00e7o. Como consequ\u00eancia do confinamento e das medidas de preven\u00e7\u00e3o de combate \u00e0 pandemia, mais de 70% dos dados recolhidos perderam o seu valor cient\u00edfico e seria irrealista transmitir esses dados, que refletiam otimismo com crescimento das frotas empresas e uma perspetiva positiva face \u00e0 utiliza\u00e7\u00e3o partilhada. Por isso, procur\u00e1mos avaliar e identificar os dados que se mantiveram relevantes centrados nas caracter\u00edsticas das frotas e na sua gest\u00e3o por parte das empresas e gestores em Portugal. Em 2020, o Arval Mobility Observatory alargou o \u00e2mbito do Bar\u00f3metro Autom\u00f3vel a 20 pa\u00edses, dos quais 17 na Europa, o que aumenta o interesse na compara\u00e7\u00e3o entre pr\u00e1ticas e tend\u00eancias nas empresas portuguesas e as suas cong\u00e9neres na Europa.<\/p>\n<p><strong>Sobre o Arval Mobility Observatory:<br \/>\n<\/strong>O Arval Mobility Observatory \u00e9 amplamente reconhecido como uma das plataformas de partilha de informa\u00e7\u00f5es da ind\u00fastria e de pesquisa de confian\u00e7a no setor das frotas e mobilidade. Tem como objetivo recolher e disponibilizar informa\u00e7\u00e3o objetiva e precisa para partilhar com todos os p\u00fablicos, ajudando-os a compreender melhor o novo paradigma da mobilidade em que evolu\u00edmos e apoiando-os a encontrar o seu caminho perante a crescente oferta de solu\u00e7\u00f5es de mobilidade dispon\u00edveis.<\/p>\n<p>O Bar\u00f3metro Autom\u00f3vel 2020 do Arval Mobility Observatory encontra-se dispon\u00edvel <a href=\"http:\/\/www.arval.pt\/pt\/sobre-arval\/noticias\/barometro-automovel-2020-portugal\" target=\"_blank\" rel=\"noopener noreferrer\"><strong>aqui<\/strong><\/a><\/p>\n<p>&nbsp;<\/p>\n","protected":false},"excerpt":{"rendered":"<p>As empresas portuguesas utilizam, cada vez&#8230;<\/p>\n","protected":false},"author":15,"featured_media":17280,"comment_status":"closed","ping_status":"closed","sticky":false,"template":"","format":"standard","meta":{"footnotes":""},"categories":[37],"tags":[364],"class_list":["post-17286","post","type-post","status-publish","format-standard","has-post-thumbnail","hentry","category-mercado","tag-arval"],"yoast_head":"<!-- This site is optimized with the Yoast SEO plugin v27.4 - https:\/\/yoast.com\/product\/yoast-seo-wordpress\/ -->\n<title>Empresas portuguesas usam telem\u00e1tica nas frotas - Jornal das Oficinas<\/title>\n<meta name=\"robots\" content=\"index, follow, max-snippet:-1, max-image-preview:large, max-video-preview:-1\" \/>\n<link rel=\"canonical\" href=\"https:\/\/jornaldasoficinas.com\/pt\/empresas-portuguesas-usam-telematica-nas-frotas\/\" \/>\n<meta property=\"og:locale\" content=\"pt_PT\" \/>\n<meta property=\"og:type\" content=\"article\" \/>\n<meta property=\"og:title\" content=\"Empresas portuguesas usam telem\u00e1tica nas frotas - Jornal das Oficinas\" \/>\n<meta property=\"og:description\" content=\"As empresas portuguesas utilizam, cada vez...\" \/>\n<meta property=\"og:url\" content=\"https:\/\/jornaldasoficinas.com\/pt\/empresas-portuguesas-usam-telematica-nas-frotas\/\" \/>\n<meta property=\"og:site_name\" content=\"Jornal das Oficinas\" \/>\n<meta property=\"article:publisher\" content=\"https:\/\/www.facebook.com\/jornaloficinas\" \/>\n<meta property=\"article:published_time\" content=\"2020-11-26T14:00:36+00:00\" \/>\n<meta property=\"og:image\" content=\"https:\/\/jornaldasoficinas.com\/pt\/wp-content\/uploads\/2020\/11\/empresas-portuguesas.jpg\" \/>\n\t<meta property=\"og:image:width\" content=\"1024\" \/>\n\t<meta property=\"og:image:height\" content=\"581\" \/>\n\t<meta property=\"og:image:type\" content=\"image\/jpeg\" \/>\n<meta name=\"author\" content=\"Reda\u00e7\u00e3o JO\" \/>\n<meta name=\"twitter:card\" content=\"summary_large_image\" \/>\n<meta name=\"twitter:creator\" content=\"@jornaloficinas\" \/>\n<meta name=\"twitter:site\" content=\"@jornaloficinas\" \/>\n<meta name=\"twitter:label1\" content=\"Escrito por\" \/>\n\t<meta name=\"twitter:data1\" content=\"Reda\u00e7\u00e3o JO\" \/>\n\t<meta name=\"twitter:label2\" content=\"Tempo estimado de leitura\" \/>\n\t<meta name=\"twitter:data2\" content=\"5 minutos\" \/>\n<script type=\"application\/ld+json\" class=\"yoast-schema-graph\">{\"@context\":\"https:\\\/\\\/schema.org\",\"@graph\":[{\"@type\":\"Article\",\"@id\":\"https:\\\/\\\/jornaldasoficinas.com\\\/pt\\\/empresas-portuguesas-usam-telematica-nas-frotas\\\/#article\",\"isPartOf\":{\"@id\":\"https:\\\/\\\/jornaldasoficinas.com\\\/pt\\\/empresas-portuguesas-usam-telematica-nas-frotas\\\/\"},\"author\":{\"name\":\"Reda\u00e7\u00e3o JO\",\"@id\":\"https:\\\/\\\/jornaldasoficinas.com\\\/pt\\\/#\\\/schema\\\/person\\\/a38eef5de2c41d9e7c9ac10141afddf3\"},\"headline\":\"Empresas portuguesas usam telem\u00e1tica nas frotas\",\"datePublished\":\"2020-11-26T14:00:36+00:00\",\"mainEntityOfPage\":{\"@id\":\"https:\\\/\\\/jornaldasoficinas.com\\\/pt\\\/empresas-portuguesas-usam-telematica-nas-frotas\\\/\"},\"wordCount\":909,\"publisher\":{\"@id\":\"https:\\\/\\\/jornaldasoficinas.com\\\/pt\\\/#organization\"},\"image\":{\"@id\":\"https:\\\/\\\/jornaldasoficinas.com\\\/pt\\\/empresas-portuguesas-usam-telematica-nas-frotas\\\/#primaryimage\"},\"thumbnailUrl\":\"https:\\\/\\\/jornaldasoficinas.com\\\/pt\\\/wp-content\\\/uploads\\\/2020\\\/11\\\/empresas-portuguesas.jpg\",\"keywords\":[\"Arval\"],\"articleSection\":[\"Mercado\"],\"inLanguage\":\"pt-PT\"},{\"@type\":\"WebPage\",\"@id\":\"https:\\\/\\\/jornaldasoficinas.com\\\/pt\\\/empresas-portuguesas-usam-telematica-nas-frotas\\\/\",\"url\":\"https:\\\/\\\/jornaldasoficinas.com\\\/pt\\\/empresas-portuguesas-usam-telematica-nas-frotas\\\/\",\"name\":\"Empresas portuguesas usam telem\u00e1tica nas frotas - Jornal das Oficinas\",\"isPartOf\":{\"@id\":\"https:\\\/\\\/jornaldasoficinas.com\\\/pt\\\/#website\"},\"primaryImageOfPage\":{\"@id\":\"https:\\\/\\\/jornaldasoficinas.com\\\/pt\\\/empresas-portuguesas-usam-telematica-nas-frotas\\\/#primaryimage\"},\"image\":{\"@id\":\"https:\\\/\\\/jornaldasoficinas.com\\\/pt\\\/empresas-portuguesas-usam-telematica-nas-frotas\\\/#primaryimage\"},\"thumbnailUrl\":\"https:\\\/\\\/jornaldasoficinas.com\\\/pt\\\/wp-content\\\/uploads\\\/2020\\\/11\\\/empresas-portuguesas.jpg\",\"datePublished\":\"2020-11-26T14:00:36+00:00\",\"breadcrumb\":{\"@id\":\"https:\\\/\\\/jornaldasoficinas.com\\\/pt\\\/empresas-portuguesas-usam-telematica-nas-frotas\\\/#breadcrumb\"},\"inLanguage\":\"pt-PT\",\"potentialAction\":[{\"@type\":\"ReadAction\",\"target\":[\"https:\\\/\\\/jornaldasoficinas.com\\\/pt\\\/empresas-portuguesas-usam-telematica-nas-frotas\\\/\"]}]},{\"@type\":\"ImageObject\",\"inLanguage\":\"pt-PT\",\"@id\":\"https:\\\/\\\/jornaldasoficinas.com\\\/pt\\\/empresas-portuguesas-usam-telematica-nas-frotas\\\/#primaryimage\",\"url\":\"https:\\\/\\\/jornaldasoficinas.com\\\/pt\\\/wp-content\\\/uploads\\\/2020\\\/11\\\/empresas-portuguesas.jpg\",\"contentUrl\":\"https:\\\/\\\/jornaldasoficinas.com\\\/pt\\\/wp-content\\\/uploads\\\/2020\\\/11\\\/empresas-portuguesas.jpg\",\"width\":1024,\"height\":581,\"caption\":\"11 - empresas-portuguesas\"},{\"@type\":\"BreadcrumbList\",\"@id\":\"https:\\\/\\\/jornaldasoficinas.com\\\/pt\\\/empresas-portuguesas-usam-telematica-nas-frotas\\\/#breadcrumb\",\"itemListElement\":[{\"@type\":\"ListItem\",\"position\":1,\"name\":\"In\u00edcio\",\"item\":\"https:\\\/\\\/jornaldasoficinas.com\\\/pt\\\/\"},{\"@type\":\"ListItem\",\"position\":2,\"name\":\"Empresas portuguesas usam telem\u00e1tica nas frotas\"}]},{\"@type\":\"WebSite\",\"@id\":\"https:\\\/\\\/jornaldasoficinas.com\\\/pt\\\/#website\",\"url\":\"https:\\\/\\\/jornaldasoficinas.com\\\/pt\\\/\",\"name\":\"Jornal das Oficinas\",\"description\":\"Jornal independente do Aftermarket Autom\u00f3vel em Portugal\",\"publisher\":{\"@id\":\"https:\\\/\\\/jornaldasoficinas.com\\\/pt\\\/#organization\"},\"potentialAction\":[{\"@type\":\"SearchAction\",\"target\":{\"@type\":\"EntryPoint\",\"urlTemplate\":\"https:\\\/\\\/jornaldasoficinas.com\\\/pt\\\/?s={search_term_string}\"},\"query-input\":{\"@type\":\"PropertyValueSpecification\",\"valueRequired\":true,\"valueName\":\"search_term_string\"}}],\"inLanguage\":\"pt-PT\"},{\"@type\":\"Organization\",\"@id\":\"https:\\\/\\\/jornaldasoficinas.com\\\/pt\\\/#organization\",\"name\":\"Jornal das Oficinas\",\"url\":\"https:\\\/\\\/jornaldasoficinas.com\\\/pt\\\/\",\"logo\":{\"@type\":\"ImageObject\",\"inLanguage\":\"pt-PT\",\"@id\":\"https:\\\/\\\/jornaldasoficinas.com\\\/pt\\\/#\\\/schema\\\/logo\\\/image\\\/\",\"url\":\"https:\\\/\\\/jornaldasoficinas.com\\\/pt\\\/wp-content\\\/uploads\\\/logoJO-SEO.png\",\"contentUrl\":\"https:\\\/\\\/jornaldasoficinas.com\\\/pt\\\/wp-content\\\/uploads\\\/logoJO-SEO.png\",\"width\":285,\"height\":450,\"caption\":\"Jornal das Oficinas\"},\"image\":{\"@id\":\"https:\\\/\\\/jornaldasoficinas.com\\\/pt\\\/#\\\/schema\\\/logo\\\/image\\\/\"},\"sameAs\":[\"https:\\\/\\\/www.facebook.com\\\/jornaloficinas\",\"https:\\\/\\\/x.com\\\/jornaloficinas\",\"https:\\\/\\\/www.instagram.com\\\/jornal_oficinas\\\/\",\"https:\\\/\\\/www.linkedin.com\\\/company\\\/jornal-das-oficinas\\\/\",\"https:\\\/\\\/www.youtube.com\\\/channel\\\/UCbQZBqtcvV-oSQrr7RzINGg\"]},{\"@type\":\"Person\",\"@id\":\"https:\\\/\\\/jornaldasoficinas.com\\\/pt\\\/#\\\/schema\\\/person\\\/a38eef5de2c41d9e7c9ac10141afddf3\",\"name\":\"Reda\u00e7\u00e3o JO\",\"image\":{\"@type\":\"ImageObject\",\"inLanguage\":\"pt-PT\",\"@id\":\"https:\\\/\\\/secure.gravatar.com\\\/avatar\\\/71f2fa71737ad68a84fea94bc708ddac8ea5b0c4788dc2ad202f3ccb2887742f?s=96&d=wp_user_avatar&r=g\",\"url\":\"https:\\\/\\\/secure.gravatar.com\\\/avatar\\\/71f2fa71737ad68a84fea94bc708ddac8ea5b0c4788dc2ad202f3ccb2887742f?s=96&d=wp_user_avatar&r=g\",\"contentUrl\":\"https:\\\/\\\/secure.gravatar.com\\\/avatar\\\/71f2fa71737ad68a84fea94bc708ddac8ea5b0c4788dc2ad202f3ccb2887742f?s=96&d=wp_user_avatar&r=g\",\"caption\":\"Reda\u00e7\u00e3o JO\"},\"url\":\"https:\\\/\\\/jornaldasoficinas.com\\\/pt\\\/author\\\/joredacao\\\/\"}]}<\/script>\n<!-- \/ Yoast SEO plugin. -->","yoast_head_json":{"title":"Empresas portuguesas usam telem\u00e1tica nas frotas - Jornal das Oficinas","robots":{"index":"index","follow":"follow","max-snippet":"max-snippet:-1","max-image-preview":"max-image-preview:large","max-video-preview":"max-video-preview:-1"},"canonical":"https:\/\/jornaldasoficinas.com\/pt\/empresas-portuguesas-usam-telematica-nas-frotas\/","og_locale":"pt_PT","og_type":"article","og_title":"Empresas portuguesas usam telem\u00e1tica nas frotas - Jornal das Oficinas","og_description":"As empresas portuguesas utilizam, cada vez...","og_url":"https:\/\/jornaldasoficinas.com\/pt\/empresas-portuguesas-usam-telematica-nas-frotas\/","og_site_name":"Jornal das Oficinas","article_publisher":"https:\/\/www.facebook.com\/jornaloficinas","article_published_time":"2020-11-26T14:00:36+00:00","og_image":[{"width":1024,"height":581,"url":"https:\/\/jornaldasoficinas.com\/pt\/wp-content\/uploads\/2020\/11\/empresas-portuguesas.jpg","type":"image\/jpeg"}],"author":"Reda\u00e7\u00e3o JO","twitter_card":"summary_large_image","twitter_creator":"@jornaloficinas","twitter_site":"@jornaloficinas","twitter_misc":{"Escrito por":"Reda\u00e7\u00e3o JO","Tempo estimado de leitura":"5 minutos"},"schema":{"@context":"https:\/\/schema.org","@graph":[{"@type":"Article","@id":"https:\/\/jornaldasoficinas.com\/pt\/empresas-portuguesas-usam-telematica-nas-frotas\/#article","isPartOf":{"@id":"https:\/\/jornaldasoficinas.com\/pt\/empresas-portuguesas-usam-telematica-nas-frotas\/"},"author":{"name":"Reda\u00e7\u00e3o JO","@id":"https:\/\/jornaldasoficinas.com\/pt\/#\/schema\/person\/a38eef5de2c41d9e7c9ac10141afddf3"},"headline":"Empresas portuguesas usam telem\u00e1tica nas frotas","datePublished":"2020-11-26T14:00:36+00:00","mainEntityOfPage":{"@id":"https:\/\/jornaldasoficinas.com\/pt\/empresas-portuguesas-usam-telematica-nas-frotas\/"},"wordCount":909,"publisher":{"@id":"https:\/\/jornaldasoficinas.com\/pt\/#organization"},"image":{"@id":"https:\/\/jornaldasoficinas.com\/pt\/empresas-portuguesas-usam-telematica-nas-frotas\/#primaryimage"},"thumbnailUrl":"https:\/\/jornaldasoficinas.com\/pt\/wp-content\/uploads\/2020\/11\/empresas-portuguesas.jpg","keywords":["Arval"],"articleSection":["Mercado"],"inLanguage":"pt-PT"},{"@type":"WebPage","@id":"https:\/\/jornaldasoficinas.com\/pt\/empresas-portuguesas-usam-telematica-nas-frotas\/","url":"https:\/\/jornaldasoficinas.com\/pt\/empresas-portuguesas-usam-telematica-nas-frotas\/","name":"Empresas portuguesas usam telem\u00e1tica nas frotas - Jornal das Oficinas","isPartOf":{"@id":"https:\/\/jornaldasoficinas.com\/pt\/#website"},"primaryImageOfPage":{"@id":"https:\/\/jornaldasoficinas.com\/pt\/empresas-portuguesas-usam-telematica-nas-frotas\/#primaryimage"},"image":{"@id":"https:\/\/jornaldasoficinas.com\/pt\/empresas-portuguesas-usam-telematica-nas-frotas\/#primaryimage"},"thumbnailUrl":"https:\/\/jornaldasoficinas.com\/pt\/wp-content\/uploads\/2020\/11\/empresas-portuguesas.jpg","datePublished":"2020-11-26T14:00:36+00:00","breadcrumb":{"@id":"https:\/\/jornaldasoficinas.com\/pt\/empresas-portuguesas-usam-telematica-nas-frotas\/#breadcrumb"},"inLanguage":"pt-PT","potentialAction":[{"@type":"ReadAction","target":["https:\/\/jornaldasoficinas.com\/pt\/empresas-portuguesas-usam-telematica-nas-frotas\/"]}]},{"@type":"ImageObject","inLanguage":"pt-PT","@id":"https:\/\/jornaldasoficinas.com\/pt\/empresas-portuguesas-usam-telematica-nas-frotas\/#primaryimage","url":"https:\/\/jornaldasoficinas.com\/pt\/wp-content\/uploads\/2020\/11\/empresas-portuguesas.jpg","contentUrl":"https:\/\/jornaldasoficinas.com\/pt\/wp-content\/uploads\/2020\/11\/empresas-portuguesas.jpg","width":1024,"height":581,"caption":"11 - empresas-portuguesas"},{"@type":"BreadcrumbList","@id":"https:\/\/jornaldasoficinas.com\/pt\/empresas-portuguesas-usam-telematica-nas-frotas\/#breadcrumb","itemListElement":[{"@type":"ListItem","position":1,"name":"In\u00edcio","item":"https:\/\/jornaldasoficinas.com\/pt\/"},{"@type":"ListItem","position":2,"name":"Empresas portuguesas usam telem\u00e1tica nas frotas"}]},{"@type":"WebSite","@id":"https:\/\/jornaldasoficinas.com\/pt\/#website","url":"https:\/\/jornaldasoficinas.com\/pt\/","name":"Jornal das Oficinas","description":"Jornal independente do Aftermarket Autom\u00f3vel em Portugal","publisher":{"@id":"https:\/\/jornaldasoficinas.com\/pt\/#organization"},"potentialAction":[{"@type":"SearchAction","target":{"@type":"EntryPoint","urlTemplate":"https:\/\/jornaldasoficinas.com\/pt\/?s={search_term_string}"},"query-input":{"@type":"PropertyValueSpecification","valueRequired":true,"valueName":"search_term_string"}}],"inLanguage":"pt-PT"},{"@type":"Organization","@id":"https:\/\/jornaldasoficinas.com\/pt\/#organization","name":"Jornal das Oficinas","url":"https:\/\/jornaldasoficinas.com\/pt\/","logo":{"@type":"ImageObject","inLanguage":"pt-PT","@id":"https:\/\/jornaldasoficinas.com\/pt\/#\/schema\/logo\/image\/","url":"https:\/\/jornaldasoficinas.com\/pt\/wp-content\/uploads\/logoJO-SEO.png","contentUrl":"https:\/\/jornaldasoficinas.com\/pt\/wp-content\/uploads\/logoJO-SEO.png","width":285,"height":450,"caption":"Jornal das Oficinas"},"image":{"@id":"https:\/\/jornaldasoficinas.com\/pt\/#\/schema\/logo\/image\/"},"sameAs":["https:\/\/www.facebook.com\/jornaloficinas","https:\/\/x.com\/jornaloficinas","https:\/\/www.instagram.com\/jornal_oficinas\/","https:\/\/www.linkedin.com\/company\/jornal-das-oficinas\/","https:\/\/www.youtube.com\/channel\/UCbQZBqtcvV-oSQrr7RzINGg"]},{"@type":"Person","@id":"https:\/\/jornaldasoficinas.com\/pt\/#\/schema\/person\/a38eef5de2c41d9e7c9ac10141afddf3","name":"Reda\u00e7\u00e3o JO","image":{"@type":"ImageObject","inLanguage":"pt-PT","@id":"https:\/\/secure.gravatar.com\/avatar\/71f2fa71737ad68a84fea94bc708ddac8ea5b0c4788dc2ad202f3ccb2887742f?s=96&d=wp_user_avatar&r=g","url":"https:\/\/secure.gravatar.com\/avatar\/71f2fa71737ad68a84fea94bc708ddac8ea5b0c4788dc2ad202f3ccb2887742f?s=96&d=wp_user_avatar&r=g","contentUrl":"https:\/\/secure.gravatar.com\/avatar\/71f2fa71737ad68a84fea94bc708ddac8ea5b0c4788dc2ad202f3ccb2887742f?s=96&d=wp_user_avatar&r=g","caption":"Reda\u00e7\u00e3o JO"},"url":"https:\/\/jornaldasoficinas.com\/pt\/author\/joredacao\/"}]}},"_links":{"self":[{"href":"https:\/\/jornaldasoficinas.com\/pt\/wp-json\/wp\/v2\/posts\/17286","targetHints":{"allow":["GET"]}}],"collection":[{"href":"https:\/\/jornaldasoficinas.com\/pt\/wp-json\/wp\/v2\/posts"}],"about":[{"href":"https:\/\/jornaldasoficinas.com\/pt\/wp-json\/wp\/v2\/types\/post"}],"author":[{"embeddable":true,"href":"https:\/\/jornaldasoficinas.com\/pt\/wp-json\/wp\/v2\/users\/15"}],"replies":[{"embeddable":true,"href":"https:\/\/jornaldasoficinas.com\/pt\/wp-json\/wp\/v2\/comments?post=17286"}],"version-history":[{"count":0,"href":"https:\/\/jornaldasoficinas.com\/pt\/wp-json\/wp\/v2\/posts\/17286\/revisions"}],"wp:featuredmedia":[{"embeddable":true,"href":"https:\/\/jornaldasoficinas.com\/pt\/wp-json\/wp\/v2\/media\/17280"}],"wp:attachment":[{"href":"https:\/\/jornaldasoficinas.com\/pt\/wp-json\/wp\/v2\/media?parent=17286"}],"wp:term":[{"taxonomy":"category","embeddable":true,"href":"https:\/\/jornaldasoficinas.com\/pt\/wp-json\/wp\/v2\/categories?post=17286"},{"taxonomy":"post_tag","embeddable":true,"href":"https:\/\/jornaldasoficinas.com\/pt\/wp-json\/wp\/v2\/tags?post=17286"}],"curies":[{"name":"wp","href":"https:\/\/api.w.org\/{rel}","templated":true}]}}