{"id":17288,"date":"2020-11-26T16:00:41","date_gmt":"2020-11-26T16:00:41","guid":{"rendered":"https:\/\/jornaldasoficinas.com\/pt\/?p=17288"},"modified":"2020-11-26T09:21:33","modified_gmt":"2020-11-26T09:21:33","slug":"axalta-felicita-mercedes-amg-petronas-formula-one-team","status":"publish","type":"post","link":"https:\/\/jornaldasoficinas.com\/pt\/axalta-felicita-mercedes-amg-petronas-formula-one-team\/","title":{"rendered":"Axalta felicita Mercedes-AMG Petronas Formula One Team"},"content":{"rendered":"<p><img loading=\"lazy\" decoding=\"async\" class=\"alignnone wp-image-17279 size-full\" src=\"https:\/\/jornaldasoficinas.com\/pt\/wp-content\/uploads\/2020\/11\/Axalta-felicita-Mercedes-AMG.jpg\" alt=\"11 - Axalta-felicita-Mercedes-AMG\" width=\"1024\" height=\"581\" srcset=\"https:\/\/jornaldasoficinas.com\/pt\/wp-content\/uploads\/2020\/11\/Axalta-felicita-Mercedes-AMG.jpg 1024w, https:\/\/jornaldasoficinas.com\/pt\/wp-content\/uploads\/2020\/11\/Axalta-felicita-Mercedes-AMG-300x170.jpg 300w, https:\/\/jornaldasoficinas.com\/pt\/wp-content\/uploads\/2020\/11\/Axalta-felicita-Mercedes-AMG-150x85.jpg 150w, https:\/\/jornaldasoficinas.com\/pt\/wp-content\/uploads\/2020\/11\/Axalta-felicita-Mercedes-AMG-768x436.jpg 768w\" sizes=\"auto, (max-width: 1024px) 100vw, 1024px\" \/><\/p>\n<p><strong>A Axalta felicitou a Mercedes-AMG Petronas Formula One Team pela vit\u00f3ria no Campeonato Mundial de Construtores de Formula OneTM da FIA de 2020, obtida no Grande Pr\u00e9mio de Emilia-Romagna a 1 de novembro de 2020 em \u00cdmola, It\u00e1lia.<\/strong><\/p>\n<p>Este \u00e9 o s\u00e9timo t\u00edtulo consecutivo obtido no Campeonato Mundial de Construtores pela Mercedes-AMG Petronas Formula One Team, que fez hist\u00f3ria ao estabelecer um novo recorde mundial pelo maior n\u00famero de Campeonatos Mundiais de Construtores alguma vez conquistados por uma equipa neste desporto.<\/p>\n<p>A 15 de novembro de 2020 no Grande Pr\u00e9mio da Turquia, o piloto Lewis Hamilton tamb\u00e9m conquistou o seu s\u00e9timo t\u00edtulo no Campeonato Mundial de Condutores de Formula One\u2122 da FIA. Esta vit\u00f3ria significa que Lewis Hamilton \u00e9 apenas o segundo piloto da hist\u00f3ria de F\u00f3rmula 1 a sagrar-se sete vezes campe\u00e3o do mundo igualando o recorde impressionante de Michael Schumacher. Al\u00e9m disso, a Mercedes-AMG Petronas Formula One Team tornou-se na primeira equipa na hist\u00f3ria deste desporto a conquistar ambos os t\u00edtulos sete vezes consecutivas.<\/p>\n<p>Yves Kerstens, President da Axalta na Europa, M\u00e9dio Oriente e \u00c1frica, afirmou, \u201cComo Fornecedor Oficial da Equipa h\u00e1 mais de sete anos, \u00e9 extraordin\u00e1rio fazer parte desta conquista hist\u00f3rica. Os Campeonatos Mundiais de Formula One mostram realmente como o trabalho de equipa excecional em conjunto com um forte compromisso com a tecnologia e a inova\u00e7\u00e3o cont\u00ednua impulsiona o sucesso coletivo e incompar\u00e1vel. Estes s\u00e3o alguns dos mesmos valores fundamentais que s\u00e3o importantes para a equipa Axalta e centrar-se nos mesmos contribui para impulsionarmos o desempenho nas ind\u00fastrias nas quais operamos. Em nome de todos na Axalta, gostaria de felicitar a Mercedes-AMG Petronas Formula One Team e Lewis Hamilton por estas vit\u00f3rias hist\u00f3ricas.\u201d<\/p>\n<p>H\u00e1 mais de sete anos que a marca de repintura premium da Axalta, Spies Hecker, \u00e9 utilizada para pintar os carros de corrida Silver Arrows da Team, incluindo o carro de corrida Mercedes-AMG F1 W11 EQ Performance deste ano, que tem uma imagem toda preta para a temporada de 2020.<\/p>\n","protected":false},"excerpt":{"rendered":"<p>A Axalta felicitou a Mercedes-AMG Petronas&#8230;<\/p>\n","protected":false},"author":15,"featured_media":17279,"comment_status":"closed","ping_status":"closed","sticky":false,"template":"","format":"standard","meta":{"footnotes":""},"categories":[2],"tags":[67],"class_list":["post-17288","post","type-post","status-publish","format-standard","has-post-thumbnail","hentry","category-repintura","tag-axalta"],"yoast_head":"<!-- This site is optimized with the Yoast SEO plugin v27.4 - https:\/\/yoast.com\/product\/yoast-seo-wordpress\/ -->\n<title>Axalta felicita Mercedes-AMG Petronas Formula One Team - Jornal das Oficinas<\/title>\n<meta name=\"robots\" content=\"index, follow, max-snippet:-1, max-image-preview:large, max-video-preview:-1\" \/>\n<link rel=\"canonical\" href=\"https:\/\/jornaldasoficinas.com\/pt\/axalta-felicita-mercedes-amg-petronas-formula-one-team\/\" \/>\n<meta property=\"og:locale\" content=\"pt_PT\" \/>\n<meta property=\"og:type\" content=\"article\" \/>\n<meta property=\"og:title\" content=\"Axalta felicita Mercedes-AMG Petronas Formula One Team - Jornal das Oficinas\" \/>\n<meta property=\"og:description\" content=\"A Axalta felicitou a Mercedes-AMG Petronas...\" \/>\n<meta property=\"og:url\" content=\"https:\/\/jornaldasoficinas.com\/pt\/axalta-felicita-mercedes-amg-petronas-formula-one-team\/\" \/>\n<meta property=\"og:site_name\" content=\"Jornal das Oficinas\" \/>\n<meta property=\"article:publisher\" content=\"https:\/\/www.facebook.com\/jornaloficinas\" \/>\n<meta property=\"article:published_time\" content=\"2020-11-26T16:00:41+00:00\" \/>\n<meta property=\"og:image\" content=\"https:\/\/jornaldasoficinas.com\/pt\/wp-content\/uploads\/2020\/11\/Axalta-felicita-Mercedes-AMG.jpg\" \/>\n\t<meta property=\"og:image:width\" content=\"1024\" \/>\n\t<meta property=\"og:image:height\" content=\"581\" \/>\n\t<meta property=\"og:image:type\" content=\"image\/jpeg\" \/>\n<meta name=\"author\" content=\"Reda\u00e7\u00e3o JO\" \/>\n<meta name=\"twitter:card\" content=\"summary_large_image\" \/>\n<meta name=\"twitter:creator\" content=\"@jornaloficinas\" \/>\n<meta name=\"twitter:site\" content=\"@jornaloficinas\" \/>\n<meta name=\"twitter:label1\" content=\"Escrito por\" \/>\n\t<meta name=\"twitter:data1\" content=\"Reda\u00e7\u00e3o JO\" \/>\n\t<meta name=\"twitter:label2\" content=\"Tempo estimado de leitura\" \/>\n\t<meta name=\"twitter:data2\" content=\"2 minutos\" \/>\n<script type=\"application\/ld+json\" class=\"yoast-schema-graph\">{\"@context\":\"https:\\\/\\\/schema.org\",\"@graph\":[{\"@type\":\"Article\",\"@id\":\"https:\\\/\\\/jornaldasoficinas.com\\\/pt\\\/axalta-felicita-mercedes-amg-petronas-formula-one-team\\\/#article\",\"isPartOf\":{\"@id\":\"https:\\\/\\\/jornaldasoficinas.com\\\/pt\\\/axalta-felicita-mercedes-amg-petronas-formula-one-team\\\/\"},\"author\":{\"name\":\"Reda\u00e7\u00e3o JO\",\"@id\":\"https:\\\/\\\/jornaldasoficinas.com\\\/pt\\\/#\\\/schema\\\/person\\\/a38eef5de2c41d9e7c9ac10141afddf3\"},\"headline\":\"Axalta felicita Mercedes-AMG Petronas Formula One Team\",\"datePublished\":\"2020-11-26T16:00:41+00:00\",\"mainEntityOfPage\":{\"@id\":\"https:\\\/\\\/jornaldasoficinas.com\\\/pt\\\/axalta-felicita-mercedes-amg-petronas-formula-one-team\\\/\"},\"wordCount\":353,\"publisher\":{\"@id\":\"https:\\\/\\\/jornaldasoficinas.com\\\/pt\\\/#organization\"},\"image\":{\"@id\":\"https:\\\/\\\/jornaldasoficinas.com\\\/pt\\\/axalta-felicita-mercedes-amg-petronas-formula-one-team\\\/#primaryimage\"},\"thumbnailUrl\":\"https:\\\/\\\/jornaldasoficinas.com\\\/pt\\\/wp-content\\\/uploads\\\/2020\\\/11\\\/Axalta-felicita-Mercedes-AMG.jpg\",\"keywords\":[\"Axalta\"],\"articleSection\":[\"Repintura\"],\"inLanguage\":\"pt-PT\"},{\"@type\":\"WebPage\",\"@id\":\"https:\\\/\\\/jornaldasoficinas.com\\\/pt\\\/axalta-felicita-mercedes-amg-petronas-formula-one-team\\\/\",\"url\":\"https:\\\/\\\/jornaldasoficinas.com\\\/pt\\\/axalta-felicita-mercedes-amg-petronas-formula-one-team\\\/\",\"name\":\"Axalta felicita Mercedes-AMG Petronas Formula One Team - Jornal das Oficinas\",\"isPartOf\":{\"@id\":\"https:\\\/\\\/jornaldasoficinas.com\\\/pt\\\/#website\"},\"primaryImageOfPage\":{\"@id\":\"https:\\\/\\\/jornaldasoficinas.com\\\/pt\\\/axalta-felicita-mercedes-amg-petronas-formula-one-team\\\/#primaryimage\"},\"image\":{\"@id\":\"https:\\\/\\\/jornaldasoficinas.com\\\/pt\\\/axalta-felicita-mercedes-amg-petronas-formula-one-team\\\/#primaryimage\"},\"thumbnailUrl\":\"https:\\\/\\\/jornaldasoficinas.com\\\/pt\\\/wp-content\\\/uploads\\\/2020\\\/11\\\/Axalta-felicita-Mercedes-AMG.jpg\",\"datePublished\":\"2020-11-26T16:00:41+00:00\",\"breadcrumb\":{\"@id\":\"https:\\\/\\\/jornaldasoficinas.com\\\/pt\\\/axalta-felicita-mercedes-amg-petronas-formula-one-team\\\/#breadcrumb\"},\"inLanguage\":\"pt-PT\",\"potentialAction\":[{\"@type\":\"ReadAction\",\"target\":[\"https:\\\/\\\/jornaldasoficinas.com\\\/pt\\\/axalta-felicita-mercedes-amg-petronas-formula-one-team\\\/\"]}]},{\"@type\":\"ImageObject\",\"inLanguage\":\"pt-PT\",\"@id\":\"https:\\\/\\\/jornaldasoficinas.com\\\/pt\\\/axalta-felicita-mercedes-amg-petronas-formula-one-team\\\/#primaryimage\",\"url\":\"https:\\\/\\\/jornaldasoficinas.com\\\/pt\\\/wp-content\\\/uploads\\\/2020\\\/11\\\/Axalta-felicita-Mercedes-AMG.jpg\",\"contentUrl\":\"https:\\\/\\\/jornaldasoficinas.com\\\/pt\\\/wp-content\\\/uploads\\\/2020\\\/11\\\/Axalta-felicita-Mercedes-AMG.jpg\",\"width\":1024,\"height\":581,\"caption\":\"2020 Turkish Grand Prix, Sunday - LAT Images\"},{\"@type\":\"BreadcrumbList\",\"@id\":\"https:\\\/\\\/jornaldasoficinas.com\\\/pt\\\/axalta-felicita-mercedes-amg-petronas-formula-one-team\\\/#breadcrumb\",\"itemListElement\":[{\"@type\":\"ListItem\",\"position\":1,\"name\":\"In\u00edcio\",\"item\":\"https:\\\/\\\/jornaldasoficinas.com\\\/pt\\\/\"},{\"@type\":\"ListItem\",\"position\":2,\"name\":\"Axalta felicita Mercedes-AMG Petronas Formula One Team\"}]},{\"@type\":\"WebSite\",\"@id\":\"https:\\\/\\\/jornaldasoficinas.com\\\/pt\\\/#website\",\"url\":\"https:\\\/\\\/jornaldasoficinas.com\\\/pt\\\/\",\"name\":\"Jornal das Oficinas\",\"description\":\"Jornal independente do Aftermarket Autom\u00f3vel em Portugal\",\"publisher\":{\"@id\":\"https:\\\/\\\/jornaldasoficinas.com\\\/pt\\\/#organization\"},\"potentialAction\":[{\"@type\":\"SearchAction\",\"target\":{\"@type\":\"EntryPoint\",\"urlTemplate\":\"https:\\\/\\\/jornaldasoficinas.com\\\/pt\\\/?s={search_term_string}\"},\"query-input\":{\"@type\":\"PropertyValueSpecification\",\"valueRequired\":true,\"valueName\":\"search_term_string\"}}],\"inLanguage\":\"pt-PT\"},{\"@type\":\"Organization\",\"@id\":\"https:\\\/\\\/jornaldasoficinas.com\\\/pt\\\/#organization\",\"name\":\"Jornal das Oficinas\",\"url\":\"https:\\\/\\\/jornaldasoficinas.com\\\/pt\\\/\",\"logo\":{\"@type\":\"ImageObject\",\"inLanguage\":\"pt-PT\",\"@id\":\"https:\\\/\\\/jornaldasoficinas.com\\\/pt\\\/#\\\/schema\\\/logo\\\/image\\\/\",\"url\":\"https:\\\/\\\/jornaldasoficinas.com\\\/pt\\\/wp-content\\\/uploads\\\/logoJO-SEO.png\",\"contentUrl\":\"https:\\\/\\\/jornaldasoficinas.com\\\/pt\\\/wp-content\\\/uploads\\\/logoJO-SEO.png\",\"width\":285,\"height\":450,\"caption\":\"Jornal das Oficinas\"},\"image\":{\"@id\":\"https:\\\/\\\/jornaldasoficinas.com\\\/pt\\\/#\\\/schema\\\/logo\\\/image\\\/\"},\"sameAs\":[\"https:\\\/\\\/www.facebook.com\\\/jornaloficinas\",\"https:\\\/\\\/x.com\\\/jornaloficinas\",\"https:\\\/\\\/www.instagram.com\\\/jornal_oficinas\\\/\",\"https:\\\/\\\/www.linkedin.com\\\/company\\\/jornal-das-oficinas\\\/\",\"https:\\\/\\\/www.youtube.com\\\/channel\\\/UCbQZBqtcvV-oSQrr7RzINGg\"]},{\"@type\":\"Person\",\"@id\":\"https:\\\/\\\/jornaldasoficinas.com\\\/pt\\\/#\\\/schema\\\/person\\\/a38eef5de2c41d9e7c9ac10141afddf3\",\"name\":\"Reda\u00e7\u00e3o JO\",\"image\":{\"@type\":\"ImageObject\",\"inLanguage\":\"pt-PT\",\"@id\":\"https:\\\/\\\/secure.gravatar.com\\\/avatar\\\/71f2fa71737ad68a84fea94bc708ddac8ea5b0c4788dc2ad202f3ccb2887742f?s=96&d=wp_user_avatar&r=g\",\"url\":\"https:\\\/\\\/secure.gravatar.com\\\/avatar\\\/71f2fa71737ad68a84fea94bc708ddac8ea5b0c4788dc2ad202f3ccb2887742f?s=96&d=wp_user_avatar&r=g\",\"contentUrl\":\"https:\\\/\\\/secure.gravatar.com\\\/avatar\\\/71f2fa71737ad68a84fea94bc708ddac8ea5b0c4788dc2ad202f3ccb2887742f?s=96&d=wp_user_avatar&r=g\",\"caption\":\"Reda\u00e7\u00e3o JO\"},\"url\":\"https:\\\/\\\/jornaldasoficinas.com\\\/pt\\\/author\\\/joredacao\\\/\"}]}<\/script>\n<!-- \/ Yoast SEO plugin. -->","yoast_head_json":{"title":"Axalta felicita Mercedes-AMG Petronas Formula One Team - Jornal das Oficinas","robots":{"index":"index","follow":"follow","max-snippet":"max-snippet:-1","max-image-preview":"max-image-preview:large","max-video-preview":"max-video-preview:-1"},"canonical":"https:\/\/jornaldasoficinas.com\/pt\/axalta-felicita-mercedes-amg-petronas-formula-one-team\/","og_locale":"pt_PT","og_type":"article","og_title":"Axalta felicita Mercedes-AMG Petronas Formula One Team - Jornal das Oficinas","og_description":"A Axalta felicitou a Mercedes-AMG Petronas...","og_url":"https:\/\/jornaldasoficinas.com\/pt\/axalta-felicita-mercedes-amg-petronas-formula-one-team\/","og_site_name":"Jornal das Oficinas","article_publisher":"https:\/\/www.facebook.com\/jornaloficinas","article_published_time":"2020-11-26T16:00:41+00:00","og_image":[{"width":1024,"height":581,"url":"https:\/\/jornaldasoficinas.com\/pt\/wp-content\/uploads\/2020\/11\/Axalta-felicita-Mercedes-AMG.jpg","type":"image\/jpeg"}],"author":"Reda\u00e7\u00e3o JO","twitter_card":"summary_large_image","twitter_creator":"@jornaloficinas","twitter_site":"@jornaloficinas","twitter_misc":{"Escrito por":"Reda\u00e7\u00e3o JO","Tempo estimado de leitura":"2 minutos"},"schema":{"@context":"https:\/\/schema.org","@graph":[{"@type":"Article","@id":"https:\/\/jornaldasoficinas.com\/pt\/axalta-felicita-mercedes-amg-petronas-formula-one-team\/#article","isPartOf":{"@id":"https:\/\/jornaldasoficinas.com\/pt\/axalta-felicita-mercedes-amg-petronas-formula-one-team\/"},"author":{"name":"Reda\u00e7\u00e3o JO","@id":"https:\/\/jornaldasoficinas.com\/pt\/#\/schema\/person\/a38eef5de2c41d9e7c9ac10141afddf3"},"headline":"Axalta felicita Mercedes-AMG Petronas Formula One Team","datePublished":"2020-11-26T16:00:41+00:00","mainEntityOfPage":{"@id":"https:\/\/jornaldasoficinas.com\/pt\/axalta-felicita-mercedes-amg-petronas-formula-one-team\/"},"wordCount":353,"publisher":{"@id":"https:\/\/jornaldasoficinas.com\/pt\/#organization"},"image":{"@id":"https:\/\/jornaldasoficinas.com\/pt\/axalta-felicita-mercedes-amg-petronas-formula-one-team\/#primaryimage"},"thumbnailUrl":"https:\/\/jornaldasoficinas.com\/pt\/wp-content\/uploads\/2020\/11\/Axalta-felicita-Mercedes-AMG.jpg","keywords":["Axalta"],"articleSection":["Repintura"],"inLanguage":"pt-PT"},{"@type":"WebPage","@id":"https:\/\/jornaldasoficinas.com\/pt\/axalta-felicita-mercedes-amg-petronas-formula-one-team\/","url":"https:\/\/jornaldasoficinas.com\/pt\/axalta-felicita-mercedes-amg-petronas-formula-one-team\/","name":"Axalta felicita Mercedes-AMG Petronas Formula One Team - Jornal das Oficinas","isPartOf":{"@id":"https:\/\/jornaldasoficinas.com\/pt\/#website"},"primaryImageOfPage":{"@id":"https:\/\/jornaldasoficinas.com\/pt\/axalta-felicita-mercedes-amg-petronas-formula-one-team\/#primaryimage"},"image":{"@id":"https:\/\/jornaldasoficinas.com\/pt\/axalta-felicita-mercedes-amg-petronas-formula-one-team\/#primaryimage"},"thumbnailUrl":"https:\/\/jornaldasoficinas.com\/pt\/wp-content\/uploads\/2020\/11\/Axalta-felicita-Mercedes-AMG.jpg","datePublished":"2020-11-26T16:00:41+00:00","breadcrumb":{"@id":"https:\/\/jornaldasoficinas.com\/pt\/axalta-felicita-mercedes-amg-petronas-formula-one-team\/#breadcrumb"},"inLanguage":"pt-PT","potentialAction":[{"@type":"ReadAction","target":["https:\/\/jornaldasoficinas.com\/pt\/axalta-felicita-mercedes-amg-petronas-formula-one-team\/"]}]},{"@type":"ImageObject","inLanguage":"pt-PT","@id":"https:\/\/jornaldasoficinas.com\/pt\/axalta-felicita-mercedes-amg-petronas-formula-one-team\/#primaryimage","url":"https:\/\/jornaldasoficinas.com\/pt\/wp-content\/uploads\/2020\/11\/Axalta-felicita-Mercedes-AMG.jpg","contentUrl":"https:\/\/jornaldasoficinas.com\/pt\/wp-content\/uploads\/2020\/11\/Axalta-felicita-Mercedes-AMG.jpg","width":1024,"height":581,"caption":"2020 Turkish Grand Prix, Sunday - LAT Images"},{"@type":"BreadcrumbList","@id":"https:\/\/jornaldasoficinas.com\/pt\/axalta-felicita-mercedes-amg-petronas-formula-one-team\/#breadcrumb","itemListElement":[{"@type":"ListItem","position":1,"name":"In\u00edcio","item":"https:\/\/jornaldasoficinas.com\/pt\/"},{"@type":"ListItem","position":2,"name":"Axalta felicita Mercedes-AMG Petronas Formula One Team"}]},{"@type":"WebSite","@id":"https:\/\/jornaldasoficinas.com\/pt\/#website","url":"https:\/\/jornaldasoficinas.com\/pt\/","name":"Jornal das Oficinas","description":"Jornal independente do Aftermarket Autom\u00f3vel em Portugal","publisher":{"@id":"https:\/\/jornaldasoficinas.com\/pt\/#organization"},"potentialAction":[{"@type":"SearchAction","target":{"@type":"EntryPoint","urlTemplate":"https:\/\/jornaldasoficinas.com\/pt\/?s={search_term_string}"},"query-input":{"@type":"PropertyValueSpecification","valueRequired":true,"valueName":"search_term_string"}}],"inLanguage":"pt-PT"},{"@type":"Organization","@id":"https:\/\/jornaldasoficinas.com\/pt\/#organization","name":"Jornal das Oficinas","url":"https:\/\/jornaldasoficinas.com\/pt\/","logo":{"@type":"ImageObject","inLanguage":"pt-PT","@id":"https:\/\/jornaldasoficinas.com\/pt\/#\/schema\/logo\/image\/","url":"https:\/\/jornaldasoficinas.com\/pt\/wp-content\/uploads\/logoJO-SEO.png","contentUrl":"https:\/\/jornaldasoficinas.com\/pt\/wp-content\/uploads\/logoJO-SEO.png","width":285,"height":450,"caption":"Jornal das Oficinas"},"image":{"@id":"https:\/\/jornaldasoficinas.com\/pt\/#\/schema\/logo\/image\/"},"sameAs":["https:\/\/www.facebook.com\/jornaloficinas","https:\/\/x.com\/jornaloficinas","https:\/\/www.instagram.com\/jornal_oficinas\/","https:\/\/www.linkedin.com\/company\/jornal-das-oficinas\/","https:\/\/www.youtube.com\/channel\/UCbQZBqtcvV-oSQrr7RzINGg"]},{"@type":"Person","@id":"https:\/\/jornaldasoficinas.com\/pt\/#\/schema\/person\/a38eef5de2c41d9e7c9ac10141afddf3","name":"Reda\u00e7\u00e3o JO","image":{"@type":"ImageObject","inLanguage":"pt-PT","@id":"https:\/\/secure.gravatar.com\/avatar\/71f2fa71737ad68a84fea94bc708ddac8ea5b0c4788dc2ad202f3ccb2887742f?s=96&d=wp_user_avatar&r=g","url":"https:\/\/secure.gravatar.com\/avatar\/71f2fa71737ad68a84fea94bc708ddac8ea5b0c4788dc2ad202f3ccb2887742f?s=96&d=wp_user_avatar&r=g","contentUrl":"https:\/\/secure.gravatar.com\/avatar\/71f2fa71737ad68a84fea94bc708ddac8ea5b0c4788dc2ad202f3ccb2887742f?s=96&d=wp_user_avatar&r=g","caption":"Reda\u00e7\u00e3o JO"},"url":"https:\/\/jornaldasoficinas.com\/pt\/author\/joredacao\/"}]}},"_links":{"self":[{"href":"https:\/\/jornaldasoficinas.com\/pt\/wp-json\/wp\/v2\/posts\/17288","targetHints":{"allow":["GET"]}}],"collection":[{"href":"https:\/\/jornaldasoficinas.com\/pt\/wp-json\/wp\/v2\/posts"}],"about":[{"href":"https:\/\/jornaldasoficinas.com\/pt\/wp-json\/wp\/v2\/types\/post"}],"author":[{"embeddable":true,"href":"https:\/\/jornaldasoficinas.com\/pt\/wp-json\/wp\/v2\/users\/15"}],"replies":[{"embeddable":true,"href":"https:\/\/jornaldasoficinas.com\/pt\/wp-json\/wp\/v2\/comments?post=17288"}],"version-history":[{"count":0,"href":"https:\/\/jornaldasoficinas.com\/pt\/wp-json\/wp\/v2\/posts\/17288\/revisions"}],"wp:featuredmedia":[{"embeddable":true,"href":"https:\/\/jornaldasoficinas.com\/pt\/wp-json\/wp\/v2\/media\/17279"}],"wp:attachment":[{"href":"https:\/\/jornaldasoficinas.com\/pt\/wp-json\/wp\/v2\/media?parent=17288"}],"wp:term":[{"taxonomy":"category","embeddable":true,"href":"https:\/\/jornaldasoficinas.com\/pt\/wp-json\/wp\/v2\/categories?post=17288"},{"taxonomy":"post_tag","embeddable":true,"href":"https:\/\/jornaldasoficinas.com\/pt\/wp-json\/wp\/v2\/tags?post=17288"}],"curies":[{"name":"wp","href":"https:\/\/api.w.org\/{rel}","templated":true}]}}