{"id":17330,"date":"2020-11-27T08:00:20","date_gmt":"2020-11-27T08:00:20","guid":{"rendered":"https:\/\/jornaldasoficinas.com\/pt\/?p=17330"},"modified":"2020-11-26T12:19:41","modified_gmt":"2020-11-26T12:19:41","slug":"repsol-instala-equipamentos-adblue-a-granel-na-madeira","status":"publish","type":"post","link":"https:\/\/jornaldasoficinas.com\/pt\/repsol-instala-equipamentos-adblue-a-granel-na-madeira\/","title":{"rendered":"Repsol instala equipamentos AdBlue a granel na Madeira"},"content":{"rendered":"<p><strong><img loading=\"lazy\" decoding=\"async\" class=\"alignnone wp-image-17302 size-full\" src=\"https:\/\/jornaldasoficinas.com\/pt\/wp-content\/uploads\/2020\/11\/Repsol-instala-equipamentos-AdBlue-a-granel-na-Madeira.jpg\" alt=\"11 - Repsol-instala-equipamentos-AdBlue-a-granel-na-Madeira\" width=\"2064\" height=\"1161\" srcset=\"https:\/\/jornaldasoficinas.com\/pt\/wp-content\/uploads\/2020\/11\/Repsol-instala-equipamentos-AdBlue-a-granel-na-Madeira.jpg 2064w, https:\/\/jornaldasoficinas.com\/pt\/wp-content\/uploads\/2020\/11\/Repsol-instala-equipamentos-AdBlue-a-granel-na-Madeira-300x169.jpg 300w, https:\/\/jornaldasoficinas.com\/pt\/wp-content\/uploads\/2020\/11\/Repsol-instala-equipamentos-AdBlue-a-granel-na-Madeira-1024x576.jpg 1024w, https:\/\/jornaldasoficinas.com\/pt\/wp-content\/uploads\/2020\/11\/Repsol-instala-equipamentos-AdBlue-a-granel-na-Madeira-150x85.jpg 150w, https:\/\/jornaldasoficinas.com\/pt\/wp-content\/uploads\/2020\/11\/Repsol-instala-equipamentos-AdBlue-a-granel-na-Madeira-768x432.jpg 768w, https:\/\/jornaldasoficinas.com\/pt\/wp-content\/uploads\/2020\/11\/Repsol-instala-equipamentos-AdBlue-a-granel-na-Madeira-1536x864.jpg 1536w, https:\/\/jornaldasoficinas.com\/pt\/wp-content\/uploads\/2020\/11\/Repsol-instala-equipamentos-AdBlue-a-granel-na-Madeira-2048x1152.jpg 2048w\" sizes=\"auto, (max-width: 2064px) 100vw, 2064px\" \/><\/strong><\/p>\n<p><strong>A Repsol instalou, na Regi\u00e3o Aut\u00f3noma da Madeira, os seus primeiros equipamentos que permitem o abastecimento de AdBlue a granel. Este investimento, realizado em tr\u00eas Esta\u00e7\u00f5es de Servi\u00e7o, vai ao encontro das exig\u00eancias ambientais, introduzidas pelas normas Euro 6.<\/strong><\/p>\n<p>A rede de AdBlue, em bomba, a granel, da Repsol tem vindo a ser alvo de investimento em expans\u00e3o, sendo atualmente a rede com a melhor cobertura do pa\u00eds, com 70 das cerca de 500 Esta\u00e7\u00f5es de Servi\u00e7o Repsol a disponibilizarem esta solu\u00e7\u00e3o.<\/p>\n<p>Este produto, sendo composto por uma solu\u00e7\u00e3o de ureia e \u00e1gua, reduz as emiss\u00f5es poluentes libertadas a partir dos ve\u00edculos pesados e ligeiros a diesel que t\u00eam instalado este sistema catalisador. A utiliza\u00e7\u00e3o do AdBlue possibilita uma redu\u00e7\u00e3o de at\u00e9 90% das emiss\u00f5es nocivas de NOx que uma viatura a gas\u00f3leo liberta pelo sistema de escape, aquando do processo de combust\u00e3o.<\/p>\n<p>\u201cA procura crescente de op\u00e7\u00f5es energ\u00e9ticas que visam reduzir o n\u00edvel de emiss\u00f5es contaminantes para o ambiente e o compromisso da Repsol em fazer parte desse projeto e continuar a aposta na regi\u00e3o, fizeram com que fosse poss\u00edvel concretizar este investimento na rede de Esta\u00e7\u00f5es de Servi\u00e7o da Madeira\u201d, refere Rui Aires, respons\u00e1vel pelo Neg\u00f3cio de Esta\u00e7\u00f5es de Servi\u00e7o da Repsol em Portugal.<\/p>\n<p>Numa altura em que os investimentos em territ\u00f3rio nacional s\u00e3o cancelados ou adiados, \u201co sucesso desta opera\u00e7\u00e3o no atual contexto s\u00f3 foi poss\u00edvel com o esfor\u00e7o e empenho de todas as pessoas envolvidas, para as quais deixamos uma mensagem especial de agradecimento\u201d, acrescenta Rui Aires.<\/p>\n<p>A Repsol \u00e9 l\u00edder Ib\u00e9rica com cerca de 4.000 Esta\u00e7\u00f5es de Servi\u00e7o. Em Portugal, a empresa est\u00e1 presente em todos os distritos do pa\u00eds, com uma rede de cerca de 500 Esta\u00e7\u00f5es de Servi\u00e7o das quais 86 com abastecimento de Autog\u00e1s e 70 com AdBlue, em bomba, a granel.<\/p>\n","protected":false},"excerpt":{"rendered":"<p>A Repsol instalou, na Regi\u00e3o Aut\u00f3noma&#8230;<\/p>\n","protected":false},"author":15,"featured_media":17302,"comment_status":"closed","ping_status":"closed","sticky":false,"template":"","format":"standard","meta":{"footnotes":""},"categories":[29],"tags":[46],"class_list":["post-17330","post","type-post","status-publish","format-standard","has-post-thumbnail","hentry","category-empresas","tag-repsol"],"yoast_head":"<!-- This site is optimized with the Yoast SEO plugin v27.4 - https:\/\/yoast.com\/product\/yoast-seo-wordpress\/ -->\n<title>Repsol instala equipamentos AdBlue a granel na Madeira - Jornal das Oficinas<\/title>\n<meta name=\"robots\" content=\"index, follow, max-snippet:-1, max-image-preview:large, max-video-preview:-1\" \/>\n<link rel=\"canonical\" href=\"https:\/\/jornaldasoficinas.com\/pt\/repsol-instala-equipamentos-adblue-a-granel-na-madeira\/\" \/>\n<meta property=\"og:locale\" content=\"pt_PT\" \/>\n<meta property=\"og:type\" content=\"article\" \/>\n<meta property=\"og:title\" content=\"Repsol instala equipamentos AdBlue a granel na Madeira - Jornal das Oficinas\" \/>\n<meta property=\"og:description\" content=\"A Repsol instalou, na Regi\u00e3o Aut\u00f3noma...\" \/>\n<meta property=\"og:url\" content=\"https:\/\/jornaldasoficinas.com\/pt\/repsol-instala-equipamentos-adblue-a-granel-na-madeira\/\" \/>\n<meta property=\"og:site_name\" content=\"Jornal das Oficinas\" \/>\n<meta property=\"article:publisher\" content=\"https:\/\/www.facebook.com\/jornaloficinas\" \/>\n<meta property=\"article:published_time\" content=\"2020-11-27T08:00:20+00:00\" \/>\n<meta property=\"og:image\" content=\"https:\/\/jornaldasoficinas.com\/pt\/wp-content\/uploads\/2020\/11\/Repsol-instala-equipamentos-AdBlue-a-granel-na-Madeira.jpg\" \/>\n\t<meta property=\"og:image:width\" content=\"2064\" \/>\n\t<meta property=\"og:image:height\" content=\"1161\" \/>\n\t<meta property=\"og:image:type\" content=\"image\/jpeg\" \/>\n<meta name=\"author\" content=\"Reda\u00e7\u00e3o JO\" \/>\n<meta name=\"twitter:card\" content=\"summary_large_image\" \/>\n<meta name=\"twitter:creator\" content=\"@jornaloficinas\" \/>\n<meta name=\"twitter:site\" content=\"@jornaloficinas\" \/>\n<meta name=\"twitter:label1\" content=\"Escrito por\" \/>\n\t<meta name=\"twitter:data1\" content=\"Reda\u00e7\u00e3o JO\" \/>\n\t<meta name=\"twitter:label2\" content=\"Tempo estimado de leitura\" \/>\n\t<meta name=\"twitter:data2\" content=\"2 minutos\" \/>\n<script type=\"application\/ld+json\" class=\"yoast-schema-graph\">{\"@context\":\"https:\\\/\\\/schema.org\",\"@graph\":[{\"@type\":\"Article\",\"@id\":\"https:\\\/\\\/jornaldasoficinas.com\\\/pt\\\/repsol-instala-equipamentos-adblue-a-granel-na-madeira\\\/#article\",\"isPartOf\":{\"@id\":\"https:\\\/\\\/jornaldasoficinas.com\\\/pt\\\/repsol-instala-equipamentos-adblue-a-granel-na-madeira\\\/\"},\"author\":{\"name\":\"Reda\u00e7\u00e3o JO\",\"@id\":\"https:\\\/\\\/jornaldasoficinas.com\\\/pt\\\/#\\\/schema\\\/person\\\/a38eef5de2c41d9e7c9ac10141afddf3\"},\"headline\":\"Repsol instala equipamentos AdBlue a granel na Madeira\",\"datePublished\":\"2020-11-27T08:00:20+00:00\",\"mainEntityOfPage\":{\"@id\":\"https:\\\/\\\/jornaldasoficinas.com\\\/pt\\\/repsol-instala-equipamentos-adblue-a-granel-na-madeira\\\/\"},\"wordCount\":344,\"publisher\":{\"@id\":\"https:\\\/\\\/jornaldasoficinas.com\\\/pt\\\/#organization\"},\"image\":{\"@id\":\"https:\\\/\\\/jornaldasoficinas.com\\\/pt\\\/repsol-instala-equipamentos-adblue-a-granel-na-madeira\\\/#primaryimage\"},\"thumbnailUrl\":\"https:\\\/\\\/jornaldasoficinas.com\\\/pt\\\/wp-content\\\/uploads\\\/2020\\\/11\\\/Repsol-instala-equipamentos-AdBlue-a-granel-na-Madeira.jpg\",\"keywords\":[\"Repsol\"],\"articleSection\":[\"Empresas\"],\"inLanguage\":\"pt-PT\"},{\"@type\":\"WebPage\",\"@id\":\"https:\\\/\\\/jornaldasoficinas.com\\\/pt\\\/repsol-instala-equipamentos-adblue-a-granel-na-madeira\\\/\",\"url\":\"https:\\\/\\\/jornaldasoficinas.com\\\/pt\\\/repsol-instala-equipamentos-adblue-a-granel-na-madeira\\\/\",\"name\":\"Repsol instala equipamentos AdBlue a granel na Madeira - Jornal das Oficinas\",\"isPartOf\":{\"@id\":\"https:\\\/\\\/jornaldasoficinas.com\\\/pt\\\/#website\"},\"primaryImageOfPage\":{\"@id\":\"https:\\\/\\\/jornaldasoficinas.com\\\/pt\\\/repsol-instala-equipamentos-adblue-a-granel-na-madeira\\\/#primaryimage\"},\"image\":{\"@id\":\"https:\\\/\\\/jornaldasoficinas.com\\\/pt\\\/repsol-instala-equipamentos-adblue-a-granel-na-madeira\\\/#primaryimage\"},\"thumbnailUrl\":\"https:\\\/\\\/jornaldasoficinas.com\\\/pt\\\/wp-content\\\/uploads\\\/2020\\\/11\\\/Repsol-instala-equipamentos-AdBlue-a-granel-na-Madeira.jpg\",\"datePublished\":\"2020-11-27T08:00:20+00:00\",\"breadcrumb\":{\"@id\":\"https:\\\/\\\/jornaldasoficinas.com\\\/pt\\\/repsol-instala-equipamentos-adblue-a-granel-na-madeira\\\/#breadcrumb\"},\"inLanguage\":\"pt-PT\",\"potentialAction\":[{\"@type\":\"ReadAction\",\"target\":[\"https:\\\/\\\/jornaldasoficinas.com\\\/pt\\\/repsol-instala-equipamentos-adblue-a-granel-na-madeira\\\/\"]}]},{\"@type\":\"ImageObject\",\"inLanguage\":\"pt-PT\",\"@id\":\"https:\\\/\\\/jornaldasoficinas.com\\\/pt\\\/repsol-instala-equipamentos-adblue-a-granel-na-madeira\\\/#primaryimage\",\"url\":\"https:\\\/\\\/jornaldasoficinas.com\\\/pt\\\/wp-content\\\/uploads\\\/2020\\\/11\\\/Repsol-instala-equipamentos-AdBlue-a-granel-na-Madeira.jpg\",\"contentUrl\":\"https:\\\/\\\/jornaldasoficinas.com\\\/pt\\\/wp-content\\\/uploads\\\/2020\\\/11\\\/Repsol-instala-equipamentos-AdBlue-a-granel-na-Madeira.jpg\",\"width\":2064,\"height\":1161,\"caption\":\"11 - Repsol-instala-equipamentos-AdBlue-a-granel-na-Madeira\"},{\"@type\":\"BreadcrumbList\",\"@id\":\"https:\\\/\\\/jornaldasoficinas.com\\\/pt\\\/repsol-instala-equipamentos-adblue-a-granel-na-madeira\\\/#breadcrumb\",\"itemListElement\":[{\"@type\":\"ListItem\",\"position\":1,\"name\":\"In\u00edcio\",\"item\":\"https:\\\/\\\/jornaldasoficinas.com\\\/pt\\\/\"},{\"@type\":\"ListItem\",\"position\":2,\"name\":\"Repsol instala equipamentos AdBlue a granel na Madeira\"}]},{\"@type\":\"WebSite\",\"@id\":\"https:\\\/\\\/jornaldasoficinas.com\\\/pt\\\/#website\",\"url\":\"https:\\\/\\\/jornaldasoficinas.com\\\/pt\\\/\",\"name\":\"Jornal das Oficinas\",\"description\":\"Jornal independente do Aftermarket Autom\u00f3vel em Portugal\",\"publisher\":{\"@id\":\"https:\\\/\\\/jornaldasoficinas.com\\\/pt\\\/#organization\"},\"potentialAction\":[{\"@type\":\"SearchAction\",\"target\":{\"@type\":\"EntryPoint\",\"urlTemplate\":\"https:\\\/\\\/jornaldasoficinas.com\\\/pt\\\/?s={search_term_string}\"},\"query-input\":{\"@type\":\"PropertyValueSpecification\",\"valueRequired\":true,\"valueName\":\"search_term_string\"}}],\"inLanguage\":\"pt-PT\"},{\"@type\":\"Organization\",\"@id\":\"https:\\\/\\\/jornaldasoficinas.com\\\/pt\\\/#organization\",\"name\":\"Jornal das Oficinas\",\"url\":\"https:\\\/\\\/jornaldasoficinas.com\\\/pt\\\/\",\"logo\":{\"@type\":\"ImageObject\",\"inLanguage\":\"pt-PT\",\"@id\":\"https:\\\/\\\/jornaldasoficinas.com\\\/pt\\\/#\\\/schema\\\/logo\\\/image\\\/\",\"url\":\"https:\\\/\\\/jornaldasoficinas.com\\\/pt\\\/wp-content\\\/uploads\\\/logoJO-SEO.png\",\"contentUrl\":\"https:\\\/\\\/jornaldasoficinas.com\\\/pt\\\/wp-content\\\/uploads\\\/logoJO-SEO.png\",\"width\":285,\"height\":450,\"caption\":\"Jornal das Oficinas\"},\"image\":{\"@id\":\"https:\\\/\\\/jornaldasoficinas.com\\\/pt\\\/#\\\/schema\\\/logo\\\/image\\\/\"},\"sameAs\":[\"https:\\\/\\\/www.facebook.com\\\/jornaloficinas\",\"https:\\\/\\\/x.com\\\/jornaloficinas\",\"https:\\\/\\\/www.instagram.com\\\/jornal_oficinas\\\/\",\"https:\\\/\\\/www.linkedin.com\\\/company\\\/jornal-das-oficinas\\\/\",\"https:\\\/\\\/www.youtube.com\\\/channel\\\/UCbQZBqtcvV-oSQrr7RzINGg\"]},{\"@type\":\"Person\",\"@id\":\"https:\\\/\\\/jornaldasoficinas.com\\\/pt\\\/#\\\/schema\\\/person\\\/a38eef5de2c41d9e7c9ac10141afddf3\",\"name\":\"Reda\u00e7\u00e3o JO\",\"image\":{\"@type\":\"ImageObject\",\"inLanguage\":\"pt-PT\",\"@id\":\"https:\\\/\\\/secure.gravatar.com\\\/avatar\\\/71f2fa71737ad68a84fea94bc708ddac8ea5b0c4788dc2ad202f3ccb2887742f?s=96&d=wp_user_avatar&r=g\",\"url\":\"https:\\\/\\\/secure.gravatar.com\\\/avatar\\\/71f2fa71737ad68a84fea94bc708ddac8ea5b0c4788dc2ad202f3ccb2887742f?s=96&d=wp_user_avatar&r=g\",\"contentUrl\":\"https:\\\/\\\/secure.gravatar.com\\\/avatar\\\/71f2fa71737ad68a84fea94bc708ddac8ea5b0c4788dc2ad202f3ccb2887742f?s=96&d=wp_user_avatar&r=g\",\"caption\":\"Reda\u00e7\u00e3o JO\"},\"url\":\"https:\\\/\\\/jornaldasoficinas.com\\\/pt\\\/author\\\/joredacao\\\/\"}]}<\/script>\n<!-- \/ Yoast SEO plugin. -->","yoast_head_json":{"title":"Repsol instala equipamentos AdBlue a granel na Madeira - Jornal das Oficinas","robots":{"index":"index","follow":"follow","max-snippet":"max-snippet:-1","max-image-preview":"max-image-preview:large","max-video-preview":"max-video-preview:-1"},"canonical":"https:\/\/jornaldasoficinas.com\/pt\/repsol-instala-equipamentos-adblue-a-granel-na-madeira\/","og_locale":"pt_PT","og_type":"article","og_title":"Repsol instala equipamentos AdBlue a granel na Madeira - Jornal das Oficinas","og_description":"A Repsol instalou, na Regi\u00e3o Aut\u00f3noma...","og_url":"https:\/\/jornaldasoficinas.com\/pt\/repsol-instala-equipamentos-adblue-a-granel-na-madeira\/","og_site_name":"Jornal das Oficinas","article_publisher":"https:\/\/www.facebook.com\/jornaloficinas","article_published_time":"2020-11-27T08:00:20+00:00","og_image":[{"width":2064,"height":1161,"url":"https:\/\/jornaldasoficinas.com\/pt\/wp-content\/uploads\/2020\/11\/Repsol-instala-equipamentos-AdBlue-a-granel-na-Madeira.jpg","type":"image\/jpeg"}],"author":"Reda\u00e7\u00e3o JO","twitter_card":"summary_large_image","twitter_creator":"@jornaloficinas","twitter_site":"@jornaloficinas","twitter_misc":{"Escrito por":"Reda\u00e7\u00e3o JO","Tempo estimado de leitura":"2 minutos"},"schema":{"@context":"https:\/\/schema.org","@graph":[{"@type":"Article","@id":"https:\/\/jornaldasoficinas.com\/pt\/repsol-instala-equipamentos-adblue-a-granel-na-madeira\/#article","isPartOf":{"@id":"https:\/\/jornaldasoficinas.com\/pt\/repsol-instala-equipamentos-adblue-a-granel-na-madeira\/"},"author":{"name":"Reda\u00e7\u00e3o JO","@id":"https:\/\/jornaldasoficinas.com\/pt\/#\/schema\/person\/a38eef5de2c41d9e7c9ac10141afddf3"},"headline":"Repsol instala equipamentos AdBlue a granel na Madeira","datePublished":"2020-11-27T08:00:20+00:00","mainEntityOfPage":{"@id":"https:\/\/jornaldasoficinas.com\/pt\/repsol-instala-equipamentos-adblue-a-granel-na-madeira\/"},"wordCount":344,"publisher":{"@id":"https:\/\/jornaldasoficinas.com\/pt\/#organization"},"image":{"@id":"https:\/\/jornaldasoficinas.com\/pt\/repsol-instala-equipamentos-adblue-a-granel-na-madeira\/#primaryimage"},"thumbnailUrl":"https:\/\/jornaldasoficinas.com\/pt\/wp-content\/uploads\/2020\/11\/Repsol-instala-equipamentos-AdBlue-a-granel-na-Madeira.jpg","keywords":["Repsol"],"articleSection":["Empresas"],"inLanguage":"pt-PT"},{"@type":"WebPage","@id":"https:\/\/jornaldasoficinas.com\/pt\/repsol-instala-equipamentos-adblue-a-granel-na-madeira\/","url":"https:\/\/jornaldasoficinas.com\/pt\/repsol-instala-equipamentos-adblue-a-granel-na-madeira\/","name":"Repsol instala equipamentos AdBlue a granel na Madeira - Jornal das Oficinas","isPartOf":{"@id":"https:\/\/jornaldasoficinas.com\/pt\/#website"},"primaryImageOfPage":{"@id":"https:\/\/jornaldasoficinas.com\/pt\/repsol-instala-equipamentos-adblue-a-granel-na-madeira\/#primaryimage"},"image":{"@id":"https:\/\/jornaldasoficinas.com\/pt\/repsol-instala-equipamentos-adblue-a-granel-na-madeira\/#primaryimage"},"thumbnailUrl":"https:\/\/jornaldasoficinas.com\/pt\/wp-content\/uploads\/2020\/11\/Repsol-instala-equipamentos-AdBlue-a-granel-na-Madeira.jpg","datePublished":"2020-11-27T08:00:20+00:00","breadcrumb":{"@id":"https:\/\/jornaldasoficinas.com\/pt\/repsol-instala-equipamentos-adblue-a-granel-na-madeira\/#breadcrumb"},"inLanguage":"pt-PT","potentialAction":[{"@type":"ReadAction","target":["https:\/\/jornaldasoficinas.com\/pt\/repsol-instala-equipamentos-adblue-a-granel-na-madeira\/"]}]},{"@type":"ImageObject","inLanguage":"pt-PT","@id":"https:\/\/jornaldasoficinas.com\/pt\/repsol-instala-equipamentos-adblue-a-granel-na-madeira\/#primaryimage","url":"https:\/\/jornaldasoficinas.com\/pt\/wp-content\/uploads\/2020\/11\/Repsol-instala-equipamentos-AdBlue-a-granel-na-Madeira.jpg","contentUrl":"https:\/\/jornaldasoficinas.com\/pt\/wp-content\/uploads\/2020\/11\/Repsol-instala-equipamentos-AdBlue-a-granel-na-Madeira.jpg","width":2064,"height":1161,"caption":"11 - Repsol-instala-equipamentos-AdBlue-a-granel-na-Madeira"},{"@type":"BreadcrumbList","@id":"https:\/\/jornaldasoficinas.com\/pt\/repsol-instala-equipamentos-adblue-a-granel-na-madeira\/#breadcrumb","itemListElement":[{"@type":"ListItem","position":1,"name":"In\u00edcio","item":"https:\/\/jornaldasoficinas.com\/pt\/"},{"@type":"ListItem","position":2,"name":"Repsol instala equipamentos AdBlue a granel na Madeira"}]},{"@type":"WebSite","@id":"https:\/\/jornaldasoficinas.com\/pt\/#website","url":"https:\/\/jornaldasoficinas.com\/pt\/","name":"Jornal das Oficinas","description":"Jornal independente do Aftermarket Autom\u00f3vel em Portugal","publisher":{"@id":"https:\/\/jornaldasoficinas.com\/pt\/#organization"},"potentialAction":[{"@type":"SearchAction","target":{"@type":"EntryPoint","urlTemplate":"https:\/\/jornaldasoficinas.com\/pt\/?s={search_term_string}"},"query-input":{"@type":"PropertyValueSpecification","valueRequired":true,"valueName":"search_term_string"}}],"inLanguage":"pt-PT"},{"@type":"Organization","@id":"https:\/\/jornaldasoficinas.com\/pt\/#organization","name":"Jornal das Oficinas","url":"https:\/\/jornaldasoficinas.com\/pt\/","logo":{"@type":"ImageObject","inLanguage":"pt-PT","@id":"https:\/\/jornaldasoficinas.com\/pt\/#\/schema\/logo\/image\/","url":"https:\/\/jornaldasoficinas.com\/pt\/wp-content\/uploads\/logoJO-SEO.png","contentUrl":"https:\/\/jornaldasoficinas.com\/pt\/wp-content\/uploads\/logoJO-SEO.png","width":285,"height":450,"caption":"Jornal das Oficinas"},"image":{"@id":"https:\/\/jornaldasoficinas.com\/pt\/#\/schema\/logo\/image\/"},"sameAs":["https:\/\/www.facebook.com\/jornaloficinas","https:\/\/x.com\/jornaloficinas","https:\/\/www.instagram.com\/jornal_oficinas\/","https:\/\/www.linkedin.com\/company\/jornal-das-oficinas\/","https:\/\/www.youtube.com\/channel\/UCbQZBqtcvV-oSQrr7RzINGg"]},{"@type":"Person","@id":"https:\/\/jornaldasoficinas.com\/pt\/#\/schema\/person\/a38eef5de2c41d9e7c9ac10141afddf3","name":"Reda\u00e7\u00e3o JO","image":{"@type":"ImageObject","inLanguage":"pt-PT","@id":"https:\/\/secure.gravatar.com\/avatar\/71f2fa71737ad68a84fea94bc708ddac8ea5b0c4788dc2ad202f3ccb2887742f?s=96&d=wp_user_avatar&r=g","url":"https:\/\/secure.gravatar.com\/avatar\/71f2fa71737ad68a84fea94bc708ddac8ea5b0c4788dc2ad202f3ccb2887742f?s=96&d=wp_user_avatar&r=g","contentUrl":"https:\/\/secure.gravatar.com\/avatar\/71f2fa71737ad68a84fea94bc708ddac8ea5b0c4788dc2ad202f3ccb2887742f?s=96&d=wp_user_avatar&r=g","caption":"Reda\u00e7\u00e3o JO"},"url":"https:\/\/jornaldasoficinas.com\/pt\/author\/joredacao\/"}]}},"_links":{"self":[{"href":"https:\/\/jornaldasoficinas.com\/pt\/wp-json\/wp\/v2\/posts\/17330","targetHints":{"allow":["GET"]}}],"collection":[{"href":"https:\/\/jornaldasoficinas.com\/pt\/wp-json\/wp\/v2\/posts"}],"about":[{"href":"https:\/\/jornaldasoficinas.com\/pt\/wp-json\/wp\/v2\/types\/post"}],"author":[{"embeddable":true,"href":"https:\/\/jornaldasoficinas.com\/pt\/wp-json\/wp\/v2\/users\/15"}],"replies":[{"embeddable":true,"href":"https:\/\/jornaldasoficinas.com\/pt\/wp-json\/wp\/v2\/comments?post=17330"}],"version-history":[{"count":0,"href":"https:\/\/jornaldasoficinas.com\/pt\/wp-json\/wp\/v2\/posts\/17330\/revisions"}],"wp:featuredmedia":[{"embeddable":true,"href":"https:\/\/jornaldasoficinas.com\/pt\/wp-json\/wp\/v2\/media\/17302"}],"wp:attachment":[{"href":"https:\/\/jornaldasoficinas.com\/pt\/wp-json\/wp\/v2\/media?parent=17330"}],"wp:term":[{"taxonomy":"category","embeddable":true,"href":"https:\/\/jornaldasoficinas.com\/pt\/wp-json\/wp\/v2\/categories?post=17330"},{"taxonomy":"post_tag","embeddable":true,"href":"https:\/\/jornaldasoficinas.com\/pt\/wp-json\/wp\/v2\/tags?post=17330"}],"curies":[{"name":"wp","href":"https:\/\/api.w.org\/{rel}","templated":true}]}}