{"id":17458,"date":"2020-12-02T10:00:07","date_gmt":"2020-12-02T10:00:07","guid":{"rendered":"https:\/\/jornaldasoficinas.com\/pt\/?p=17458"},"modified":"2020-11-30T21:45:06","modified_gmt":"2020-11-30T21:45:06","slug":"domingos-morgado-promove-campanha-fim-de-ano","status":"publish","type":"post","link":"https:\/\/jornaldasoficinas.com\/pt\/domingos-morgado-promove-campanha-fim-de-ano\/","title":{"rendered":"Domingos &#038; Morgado promove campanha Fim de Ano"},"content":{"rendered":"<p><strong><img loading=\"lazy\" decoding=\"async\" class=\"alignnone wp-image-17459 size-full\" src=\"https:\/\/jornaldasoficinas.com\/pt\/wp-content\/uploads\/2020\/12\/domingos-e-morgado1.png\" alt=\"12 - domingos-e-morgado1\" width=\"1024\" height=\"581\" srcset=\"https:\/\/jornaldasoficinas.com\/pt\/wp-content\/uploads\/2020\/12\/domingos-e-morgado1.png 1024w, https:\/\/jornaldasoficinas.com\/pt\/wp-content\/uploads\/2020\/12\/domingos-e-morgado1-300x170.png 300w, https:\/\/jornaldasoficinas.com\/pt\/wp-content\/uploads\/2020\/12\/domingos-e-morgado1-150x85.png 150w, https:\/\/jornaldasoficinas.com\/pt\/wp-content\/uploads\/2020\/12\/domingos-e-morgado1-768x436.png 768w\" sizes=\"auto, (max-width: 1024px) 100vw, 1024px\" \/><\/strong><\/p>\n<p><strong>A campanha \u201c24 meses sem despesas e sem juros\u201d que a Domingos &amp; Morgado est\u00e1 a promover at\u00e9 ao final do ano, possibilita a aquisi\u00e7\u00e3o de equipamentos de marcas premium em condi\u00e7\u00f5es muito vantajosas.<\/strong><\/p>\n<p>O final do ano \u00e9 sempre uma altura atribulada para as empresas.<\/p>\n<p>\u00c9 altura de avaliar e refletir o ano corrente e come\u00e7ar a preparar o ano que se avizinha. Contabilisticamente, torna-se importante analisar o balan\u00e7o e perceber o IRC e IVA a pagar, na maioria dos casos, \u00e9 altura ideal para investir para evitar pagar impostos desnecess\u00e1rio.<\/p>\n<p>Apesar de 2020, ter sido um ano no m\u00ednimo at\u00edpico devido ao Covid-19, a Domingos &amp; Morgado olha com confian\u00e7a para o futuro, e acredita que esta crise em breve ser\u00e1 ultrapassada dando lugar a novas oportunidades e ao crescimento econ\u00f3mico dos agentes econ\u00f3micos Portugueses.<\/p>\n<p>Como tal, decidiu lan\u00e7ar uma Campanha de Equipamentos de final do ano, para empres\u00e1rios que desejem fazer investimento inteligentes nas suas oficinas.<\/p>\n<p>Trata-se de uma campanha de 24 meses sem juros, ideal para quem deseja investir sem descapitalizar a sua tesouraria, ao mesmo tempo que liberta capacidade de endividamento junto do Banco de Portugal, uma vez que se trata de um opera\u00e7\u00e3o de renting, com os parceiros Liqui.do e Grenk.<\/p>\n<p>A aprova\u00e7\u00e3o financeira \u00e9 feita em meros minutos, um contributo positivo para quem gosta de processos r\u00e1pidos e eficientes.<\/p>\n<p>&nbsp;<\/p>\n<p><strong>Produtos em Campanha:<\/strong><\/p>\n<p><strong>\u00a0<\/strong><strong>M\u00c1QUINA DE ALINHAR &#8211; V2280<\/strong><\/p>\n<p>A V2280 \u00e9 simplesmente fant\u00e1stica, dotada de alta tecnologia consegue aumentar niveis de produtividade do operador, com maior conforto na tarefas di\u00e1rias e com um pre\u00e7o super convidativo, \u00e9 um dos equipamentos mais vendidos na Domingos &amp; Morgado, sem d\u00favida um dos melhores investimentos que poder\u00e1 fazer em mat\u00e9ria de alinhamento de dire\u00e7\u00e3o.<\/p>\n<p>Pre\u00e7o: 746 \u20ac \/ m\u00eas &#8211; 24 X sem juros<\/p>\n<p><strong>\u00a0<\/strong><strong>M\u00c1QUINA DE DESMONTAR &#8211; T53202 BS<\/strong><\/p>\n<p>A Desmontadora mais inteligente do mercado! Dotada do revolucion\u00e1rio sistema Prospeed, a m\u00e1quina adapta automaticamente a velocidade e a for\u00e7a necess\u00e1rias para montar ou desmontar o pneu, reduzindo ao m\u00ednimo o tempo de servi\u00e7o do operador!<\/p>\n<p>Pre\u00e7o: 173 \u20ac \/ m\u00eas \u2013 24 X sem juros<\/p>\n<p><strong>M\u00c1QUINA DE EQUILIBRAR &#8211; B340L<\/strong><\/p>\n<p><strong>\u00a0<\/strong>Equilibradora de topo de gama, em formato compacto, com comando atrav\u00e9s de um touchpanel industrial! Dotada de s\u00e9rie com laser e sonar para maior rapidez e precis\u00e3o de equilibragem.<\/p>\n<p>Pre\u00e7o: 187 \u20ac \/ m\u00eas \u2013 24 X sem juros<\/p>\n<p><strong>ELEVADOR DE ALINHAMENTO DIRE\u00c7\u00d5ES &#8211; POWER UP50<\/strong><\/p>\n<p><strong>\u00a0<\/strong>100% fabricado em It\u00e1lia, este elevador de alinhamento de dupla eleva\u00e7\u00e3o, encastramento dianteiro vari\u00e1vel\u00a0 e pratos oscilantes traseiros de bloqueio pneum\u00e1tico, est\u00e1 especialmente adaptado ao alinhamento de viaturas de grandes dimens\u00f5es, incluindo os maiores furg\u00f5es dispon\u00edveis no mercado<\/p>\n<p>Pre\u00e7o: 646 \u20ac \/ m\u00eas \u2013 24 X sem juros<\/p>\n<p>Veja mais informa\u00e7\u00e3o sobre a Campanha <a href=\"https:\/\/www.domingos-morgado.pt\/pt\/blog\/equipamentos\/campanha-de-fim-de-ano-de-equipamentos-2020\" target=\"_blank\" rel=\"noopener noreferrer\"><strong>aqui<\/strong><\/a><\/p>\n","protected":false},"excerpt":{"rendered":"<p>A campanha \u201c24 meses sem despesas&#8230;<\/p>\n","protected":false},"author":15,"featured_media":17459,"comment_status":"closed","ping_status":"closed","sticky":false,"template":"","format":"standard","meta":{"footnotes":""},"categories":[29],"tags":[1555],"class_list":["post-17458","post","type-post","status-publish","format-standard","has-post-thumbnail","hentry","category-empresas","tag-domingos-morgado"],"yoast_head":"<!-- This site is optimized with the Yoast SEO plugin v27.5 - https:\/\/yoast.com\/product\/yoast-seo-wordpress\/ -->\n<title>Domingos &amp; Morgado promove campanha Fim de Ano - Jornal das Oficinas<\/title>\n<meta name=\"robots\" content=\"index, follow, max-snippet:-1, max-image-preview:large, max-video-preview:-1\" \/>\n<link rel=\"canonical\" href=\"https:\/\/jornaldasoficinas.com\/pt\/domingos-morgado-promove-campanha-fim-de-ano\/\" \/>\n<meta property=\"og:locale\" content=\"pt_PT\" \/>\n<meta property=\"og:type\" content=\"article\" \/>\n<meta property=\"og:title\" content=\"Domingos &amp; Morgado promove campanha Fim de Ano - Jornal das Oficinas\" \/>\n<meta property=\"og:description\" content=\"A campanha \u201c24 meses sem despesas...\" \/>\n<meta property=\"og:url\" content=\"https:\/\/jornaldasoficinas.com\/pt\/domingos-morgado-promove-campanha-fim-de-ano\/\" \/>\n<meta property=\"og:site_name\" content=\"Jornal das Oficinas\" \/>\n<meta property=\"article:publisher\" content=\"https:\/\/www.facebook.com\/jornaloficinas\" \/>\n<meta property=\"article:published_time\" content=\"2020-12-02T10:00:07+00:00\" \/>\n<meta property=\"og:image\" content=\"https:\/\/jornaldasoficinas.com\/pt\/wp-content\/uploads\/2020\/12\/domingos-e-morgado1.png\" \/>\n\t<meta property=\"og:image:width\" content=\"1024\" \/>\n\t<meta property=\"og:image:height\" content=\"581\" \/>\n\t<meta property=\"og:image:type\" content=\"image\/png\" \/>\n<meta name=\"author\" content=\"Reda\u00e7\u00e3o JO\" \/>\n<meta name=\"twitter:card\" content=\"summary_large_image\" \/>\n<meta name=\"twitter:creator\" content=\"@jornaloficinas\" \/>\n<meta name=\"twitter:site\" content=\"@jornaloficinas\" \/>\n<meta name=\"twitter:label1\" content=\"Escrito por\" \/>\n\t<meta name=\"twitter:data1\" content=\"Reda\u00e7\u00e3o JO\" \/>\n\t<meta name=\"twitter:label2\" content=\"Tempo estimado de leitura\" \/>\n\t<meta name=\"twitter:data2\" content=\"2 minutos\" \/>\n<script type=\"application\/ld+json\" class=\"yoast-schema-graph\">{\"@context\":\"https:\\\/\\\/schema.org\",\"@graph\":[{\"@type\":\"Article\",\"@id\":\"https:\\\/\\\/jornaldasoficinas.com\\\/pt\\\/domingos-morgado-promove-campanha-fim-de-ano\\\/#article\",\"isPartOf\":{\"@id\":\"https:\\\/\\\/jornaldasoficinas.com\\\/pt\\\/domingos-morgado-promove-campanha-fim-de-ano\\\/\"},\"author\":{\"name\":\"Reda\u00e7\u00e3o JO\",\"@id\":\"https:\\\/\\\/jornaldasoficinas.com\\\/pt\\\/#\\\/schema\\\/person\\\/a38eef5de2c41d9e7c9ac10141afddf3\"},\"headline\":\"Domingos &#038; Morgado promove campanha Fim de Ano\",\"datePublished\":\"2020-12-02T10:00:07+00:00\",\"mainEntityOfPage\":{\"@id\":\"https:\\\/\\\/jornaldasoficinas.com\\\/pt\\\/domingos-morgado-promove-campanha-fim-de-ano\\\/\"},\"wordCount\":486,\"publisher\":{\"@id\":\"https:\\\/\\\/jornaldasoficinas.com\\\/pt\\\/#organization\"},\"image\":{\"@id\":\"https:\\\/\\\/jornaldasoficinas.com\\\/pt\\\/domingos-morgado-promove-campanha-fim-de-ano\\\/#primaryimage\"},\"thumbnailUrl\":\"https:\\\/\\\/jornaldasoficinas.com\\\/pt\\\/wp-content\\\/uploads\\\/2020\\\/12\\\/domingos-e-morgado1.png\",\"keywords\":[\"Domingos &amp; Morgado\"],\"articleSection\":[\"Empresas\"],\"inLanguage\":\"pt-PT\"},{\"@type\":\"WebPage\",\"@id\":\"https:\\\/\\\/jornaldasoficinas.com\\\/pt\\\/domingos-morgado-promove-campanha-fim-de-ano\\\/\",\"url\":\"https:\\\/\\\/jornaldasoficinas.com\\\/pt\\\/domingos-morgado-promove-campanha-fim-de-ano\\\/\",\"name\":\"Domingos & Morgado promove campanha Fim de Ano - Jornal das Oficinas\",\"isPartOf\":{\"@id\":\"https:\\\/\\\/jornaldasoficinas.com\\\/pt\\\/#website\"},\"primaryImageOfPage\":{\"@id\":\"https:\\\/\\\/jornaldasoficinas.com\\\/pt\\\/domingos-morgado-promove-campanha-fim-de-ano\\\/#primaryimage\"},\"image\":{\"@id\":\"https:\\\/\\\/jornaldasoficinas.com\\\/pt\\\/domingos-morgado-promove-campanha-fim-de-ano\\\/#primaryimage\"},\"thumbnailUrl\":\"https:\\\/\\\/jornaldasoficinas.com\\\/pt\\\/wp-content\\\/uploads\\\/2020\\\/12\\\/domingos-e-morgado1.png\",\"datePublished\":\"2020-12-02T10:00:07+00:00\",\"breadcrumb\":{\"@id\":\"https:\\\/\\\/jornaldasoficinas.com\\\/pt\\\/domingos-morgado-promove-campanha-fim-de-ano\\\/#breadcrumb\"},\"inLanguage\":\"pt-PT\",\"potentialAction\":[{\"@type\":\"ReadAction\",\"target\":[\"https:\\\/\\\/jornaldasoficinas.com\\\/pt\\\/domingos-morgado-promove-campanha-fim-de-ano\\\/\"]}]},{\"@type\":\"ImageObject\",\"inLanguage\":\"pt-PT\",\"@id\":\"https:\\\/\\\/jornaldasoficinas.com\\\/pt\\\/domingos-morgado-promove-campanha-fim-de-ano\\\/#primaryimage\",\"url\":\"https:\\\/\\\/jornaldasoficinas.com\\\/pt\\\/wp-content\\\/uploads\\\/2020\\\/12\\\/domingos-e-morgado1.png\",\"contentUrl\":\"https:\\\/\\\/jornaldasoficinas.com\\\/pt\\\/wp-content\\\/uploads\\\/2020\\\/12\\\/domingos-e-morgado1.png\",\"width\":1024,\"height\":581,\"caption\":\"12 - domingos-e-morgado1\"},{\"@type\":\"BreadcrumbList\",\"@id\":\"https:\\\/\\\/jornaldasoficinas.com\\\/pt\\\/domingos-morgado-promove-campanha-fim-de-ano\\\/#breadcrumb\",\"itemListElement\":[{\"@type\":\"ListItem\",\"position\":1,\"name\":\"In\u00edcio\",\"item\":\"https:\\\/\\\/jornaldasoficinas.com\\\/pt\\\/\"},{\"@type\":\"ListItem\",\"position\":2,\"name\":\"Domingos &#038; Morgado promove campanha Fim de Ano\"}]},{\"@type\":\"WebSite\",\"@id\":\"https:\\\/\\\/jornaldasoficinas.com\\\/pt\\\/#website\",\"url\":\"https:\\\/\\\/jornaldasoficinas.com\\\/pt\\\/\",\"name\":\"Jornal das Oficinas\",\"description\":\"Jornal independente do Aftermarket Autom\u00f3vel em Portugal\",\"publisher\":{\"@id\":\"https:\\\/\\\/jornaldasoficinas.com\\\/pt\\\/#organization\"},\"potentialAction\":[{\"@type\":\"SearchAction\",\"target\":{\"@type\":\"EntryPoint\",\"urlTemplate\":\"https:\\\/\\\/jornaldasoficinas.com\\\/pt\\\/?s={search_term_string}\"},\"query-input\":{\"@type\":\"PropertyValueSpecification\",\"valueRequired\":true,\"valueName\":\"search_term_string\"}}],\"inLanguage\":\"pt-PT\"},{\"@type\":\"Organization\",\"@id\":\"https:\\\/\\\/jornaldasoficinas.com\\\/pt\\\/#organization\",\"name\":\"Jornal das Oficinas\",\"url\":\"https:\\\/\\\/jornaldasoficinas.com\\\/pt\\\/\",\"logo\":{\"@type\":\"ImageObject\",\"inLanguage\":\"pt-PT\",\"@id\":\"https:\\\/\\\/jornaldasoficinas.com\\\/pt\\\/#\\\/schema\\\/logo\\\/image\\\/\",\"url\":\"https:\\\/\\\/jornaldasoficinas.com\\\/pt\\\/wp-content\\\/uploads\\\/logoJO-SEO.png\",\"contentUrl\":\"https:\\\/\\\/jornaldasoficinas.com\\\/pt\\\/wp-content\\\/uploads\\\/logoJO-SEO.png\",\"width\":285,\"height\":450,\"caption\":\"Jornal das Oficinas\"},\"image\":{\"@id\":\"https:\\\/\\\/jornaldasoficinas.com\\\/pt\\\/#\\\/schema\\\/logo\\\/image\\\/\"},\"sameAs\":[\"https:\\\/\\\/www.facebook.com\\\/jornaloficinas\",\"https:\\\/\\\/x.com\\\/jornaloficinas\",\"https:\\\/\\\/www.instagram.com\\\/jornal_oficinas\\\/\",\"https:\\\/\\\/www.linkedin.com\\\/company\\\/jornal-das-oficinas\\\/\",\"https:\\\/\\\/www.youtube.com\\\/channel\\\/UCbQZBqtcvV-oSQrr7RzINGg\"]},{\"@type\":\"Person\",\"@id\":\"https:\\\/\\\/jornaldasoficinas.com\\\/pt\\\/#\\\/schema\\\/person\\\/a38eef5de2c41d9e7c9ac10141afddf3\",\"name\":\"Reda\u00e7\u00e3o JO\",\"image\":{\"@type\":\"ImageObject\",\"inLanguage\":\"pt-PT\",\"@id\":\"https:\\\/\\\/secure.gravatar.com\\\/avatar\\\/71f2fa71737ad68a84fea94bc708ddac8ea5b0c4788dc2ad202f3ccb2887742f?s=96&d=wp_user_avatar&r=g\",\"url\":\"https:\\\/\\\/secure.gravatar.com\\\/avatar\\\/71f2fa71737ad68a84fea94bc708ddac8ea5b0c4788dc2ad202f3ccb2887742f?s=96&d=wp_user_avatar&r=g\",\"contentUrl\":\"https:\\\/\\\/secure.gravatar.com\\\/avatar\\\/71f2fa71737ad68a84fea94bc708ddac8ea5b0c4788dc2ad202f3ccb2887742f?s=96&d=wp_user_avatar&r=g\",\"caption\":\"Reda\u00e7\u00e3o JO\"},\"url\":\"https:\\\/\\\/jornaldasoficinas.com\\\/pt\\\/author\\\/joredacao\\\/\"}]}<\/script>\n<!-- \/ Yoast SEO plugin. -->","yoast_head_json":{"title":"Domingos & Morgado promove campanha Fim de Ano - Jornal das Oficinas","robots":{"index":"index","follow":"follow","max-snippet":"max-snippet:-1","max-image-preview":"max-image-preview:large","max-video-preview":"max-video-preview:-1"},"canonical":"https:\/\/jornaldasoficinas.com\/pt\/domingos-morgado-promove-campanha-fim-de-ano\/","og_locale":"pt_PT","og_type":"article","og_title":"Domingos & Morgado promove campanha Fim de Ano - Jornal das Oficinas","og_description":"A campanha \u201c24 meses sem despesas...","og_url":"https:\/\/jornaldasoficinas.com\/pt\/domingos-morgado-promove-campanha-fim-de-ano\/","og_site_name":"Jornal das Oficinas","article_publisher":"https:\/\/www.facebook.com\/jornaloficinas","article_published_time":"2020-12-02T10:00:07+00:00","og_image":[{"width":1024,"height":581,"url":"https:\/\/jornaldasoficinas.com\/pt\/wp-content\/uploads\/2020\/12\/domingos-e-morgado1.png","type":"image\/png"}],"author":"Reda\u00e7\u00e3o JO","twitter_card":"summary_large_image","twitter_creator":"@jornaloficinas","twitter_site":"@jornaloficinas","twitter_misc":{"Escrito por":"Reda\u00e7\u00e3o JO","Tempo estimado de leitura":"2 minutos"},"schema":{"@context":"https:\/\/schema.org","@graph":[{"@type":"Article","@id":"https:\/\/jornaldasoficinas.com\/pt\/domingos-morgado-promove-campanha-fim-de-ano\/#article","isPartOf":{"@id":"https:\/\/jornaldasoficinas.com\/pt\/domingos-morgado-promove-campanha-fim-de-ano\/"},"author":{"name":"Reda\u00e7\u00e3o JO","@id":"https:\/\/jornaldasoficinas.com\/pt\/#\/schema\/person\/a38eef5de2c41d9e7c9ac10141afddf3"},"headline":"Domingos &#038; Morgado promove campanha Fim de Ano","datePublished":"2020-12-02T10:00:07+00:00","mainEntityOfPage":{"@id":"https:\/\/jornaldasoficinas.com\/pt\/domingos-morgado-promove-campanha-fim-de-ano\/"},"wordCount":486,"publisher":{"@id":"https:\/\/jornaldasoficinas.com\/pt\/#organization"},"image":{"@id":"https:\/\/jornaldasoficinas.com\/pt\/domingos-morgado-promove-campanha-fim-de-ano\/#primaryimage"},"thumbnailUrl":"https:\/\/jornaldasoficinas.com\/pt\/wp-content\/uploads\/2020\/12\/domingos-e-morgado1.png","keywords":["Domingos &amp; Morgado"],"articleSection":["Empresas"],"inLanguage":"pt-PT"},{"@type":"WebPage","@id":"https:\/\/jornaldasoficinas.com\/pt\/domingos-morgado-promove-campanha-fim-de-ano\/","url":"https:\/\/jornaldasoficinas.com\/pt\/domingos-morgado-promove-campanha-fim-de-ano\/","name":"Domingos & Morgado promove campanha Fim de Ano - Jornal das Oficinas","isPartOf":{"@id":"https:\/\/jornaldasoficinas.com\/pt\/#website"},"primaryImageOfPage":{"@id":"https:\/\/jornaldasoficinas.com\/pt\/domingos-morgado-promove-campanha-fim-de-ano\/#primaryimage"},"image":{"@id":"https:\/\/jornaldasoficinas.com\/pt\/domingos-morgado-promove-campanha-fim-de-ano\/#primaryimage"},"thumbnailUrl":"https:\/\/jornaldasoficinas.com\/pt\/wp-content\/uploads\/2020\/12\/domingos-e-morgado1.png","datePublished":"2020-12-02T10:00:07+00:00","breadcrumb":{"@id":"https:\/\/jornaldasoficinas.com\/pt\/domingos-morgado-promove-campanha-fim-de-ano\/#breadcrumb"},"inLanguage":"pt-PT","potentialAction":[{"@type":"ReadAction","target":["https:\/\/jornaldasoficinas.com\/pt\/domingos-morgado-promove-campanha-fim-de-ano\/"]}]},{"@type":"ImageObject","inLanguage":"pt-PT","@id":"https:\/\/jornaldasoficinas.com\/pt\/domingos-morgado-promove-campanha-fim-de-ano\/#primaryimage","url":"https:\/\/jornaldasoficinas.com\/pt\/wp-content\/uploads\/2020\/12\/domingos-e-morgado1.png","contentUrl":"https:\/\/jornaldasoficinas.com\/pt\/wp-content\/uploads\/2020\/12\/domingos-e-morgado1.png","width":1024,"height":581,"caption":"12 - domingos-e-morgado1"},{"@type":"BreadcrumbList","@id":"https:\/\/jornaldasoficinas.com\/pt\/domingos-morgado-promove-campanha-fim-de-ano\/#breadcrumb","itemListElement":[{"@type":"ListItem","position":1,"name":"In\u00edcio","item":"https:\/\/jornaldasoficinas.com\/pt\/"},{"@type":"ListItem","position":2,"name":"Domingos &#038; Morgado promove campanha Fim de Ano"}]},{"@type":"WebSite","@id":"https:\/\/jornaldasoficinas.com\/pt\/#website","url":"https:\/\/jornaldasoficinas.com\/pt\/","name":"Jornal das Oficinas","description":"Jornal independente do Aftermarket Autom\u00f3vel em Portugal","publisher":{"@id":"https:\/\/jornaldasoficinas.com\/pt\/#organization"},"potentialAction":[{"@type":"SearchAction","target":{"@type":"EntryPoint","urlTemplate":"https:\/\/jornaldasoficinas.com\/pt\/?s={search_term_string}"},"query-input":{"@type":"PropertyValueSpecification","valueRequired":true,"valueName":"search_term_string"}}],"inLanguage":"pt-PT"},{"@type":"Organization","@id":"https:\/\/jornaldasoficinas.com\/pt\/#organization","name":"Jornal das Oficinas","url":"https:\/\/jornaldasoficinas.com\/pt\/","logo":{"@type":"ImageObject","inLanguage":"pt-PT","@id":"https:\/\/jornaldasoficinas.com\/pt\/#\/schema\/logo\/image\/","url":"https:\/\/jornaldasoficinas.com\/pt\/wp-content\/uploads\/logoJO-SEO.png","contentUrl":"https:\/\/jornaldasoficinas.com\/pt\/wp-content\/uploads\/logoJO-SEO.png","width":285,"height":450,"caption":"Jornal das Oficinas"},"image":{"@id":"https:\/\/jornaldasoficinas.com\/pt\/#\/schema\/logo\/image\/"},"sameAs":["https:\/\/www.facebook.com\/jornaloficinas","https:\/\/x.com\/jornaloficinas","https:\/\/www.instagram.com\/jornal_oficinas\/","https:\/\/www.linkedin.com\/company\/jornal-das-oficinas\/","https:\/\/www.youtube.com\/channel\/UCbQZBqtcvV-oSQrr7RzINGg"]},{"@type":"Person","@id":"https:\/\/jornaldasoficinas.com\/pt\/#\/schema\/person\/a38eef5de2c41d9e7c9ac10141afddf3","name":"Reda\u00e7\u00e3o JO","image":{"@type":"ImageObject","inLanguage":"pt-PT","@id":"https:\/\/secure.gravatar.com\/avatar\/71f2fa71737ad68a84fea94bc708ddac8ea5b0c4788dc2ad202f3ccb2887742f?s=96&d=wp_user_avatar&r=g","url":"https:\/\/secure.gravatar.com\/avatar\/71f2fa71737ad68a84fea94bc708ddac8ea5b0c4788dc2ad202f3ccb2887742f?s=96&d=wp_user_avatar&r=g","contentUrl":"https:\/\/secure.gravatar.com\/avatar\/71f2fa71737ad68a84fea94bc708ddac8ea5b0c4788dc2ad202f3ccb2887742f?s=96&d=wp_user_avatar&r=g","caption":"Reda\u00e7\u00e3o JO"},"url":"https:\/\/jornaldasoficinas.com\/pt\/author\/joredacao\/"}]}},"_links":{"self":[{"href":"https:\/\/jornaldasoficinas.com\/pt\/wp-json\/wp\/v2\/posts\/17458","targetHints":{"allow":["GET"]}}],"collection":[{"href":"https:\/\/jornaldasoficinas.com\/pt\/wp-json\/wp\/v2\/posts"}],"about":[{"href":"https:\/\/jornaldasoficinas.com\/pt\/wp-json\/wp\/v2\/types\/post"}],"author":[{"embeddable":true,"href":"https:\/\/jornaldasoficinas.com\/pt\/wp-json\/wp\/v2\/users\/15"}],"replies":[{"embeddable":true,"href":"https:\/\/jornaldasoficinas.com\/pt\/wp-json\/wp\/v2\/comments?post=17458"}],"version-history":[{"count":0,"href":"https:\/\/jornaldasoficinas.com\/pt\/wp-json\/wp\/v2\/posts\/17458\/revisions"}],"wp:featuredmedia":[{"embeddable":true,"href":"https:\/\/jornaldasoficinas.com\/pt\/wp-json\/wp\/v2\/media\/17459"}],"wp:attachment":[{"href":"https:\/\/jornaldasoficinas.com\/pt\/wp-json\/wp\/v2\/media?parent=17458"}],"wp:term":[{"taxonomy":"category","embeddable":true,"href":"https:\/\/jornaldasoficinas.com\/pt\/wp-json\/wp\/v2\/categories?post=17458"},{"taxonomy":"post_tag","embeddable":true,"href":"https:\/\/jornaldasoficinas.com\/pt\/wp-json\/wp\/v2\/tags?post=17458"}],"curies":[{"name":"wp","href":"https:\/\/api.w.org\/{rel}","templated":true}]}}