{"id":17569,"date":"2020-12-11T08:00:08","date_gmt":"2020-12-11T08:00:08","guid":{"rendered":"https:\/\/jornaldasoficinas.com\/pt\/?p=17569"},"modified":"2020-12-11T09:47:36","modified_gmt":"2020-12-11T09:47:36","slug":"sem-produto-nao-se-pode-garantir-um-bom-nivel-de-servico-pedro-rodrigues-alecarpecas","status":"publish","type":"post","link":"https:\/\/jornaldasoficinas.com\/pt\/sem-produto-nao-se-pode-garantir-um-bom-nivel-de-servico-pedro-rodrigues-alecarpecas\/","title":{"rendered":"\u00a0\u201cSem produto n\u00e3o se pode garantir um bom n\u00edvel de servi\u00e7o\u201d  Pedro Rodrigues, Alecarpe\u00e7as"},"content":{"rendered":"<p><strong><img loading=\"lazy\" decoding=\"async\" class=\"alignnone wp-image-17567 size-full\" src=\"https:\/\/jornaldasoficinas.com\/pt\/wp-content\/uploads\/2020\/12\/Pedro-Rodrigues-administrador-Alecarpec\u0327as.jpg\" alt=\"12 - Pedro-Rodrigues-administrador-Alecarpec\u0327as\" width=\"1024\" height=\"581\" srcset=\"https:\/\/jornaldasoficinas.com\/pt\/wp-content\/uploads\/2020\/12\/Pedro-Rodrigues-administrador-Alecarpec\u0327as.jpg 1024w, https:\/\/jornaldasoficinas.com\/pt\/wp-content\/uploads\/2020\/12\/Pedro-Rodrigues-administrador-Alecarpec\u0327as-300x170.jpg 300w, https:\/\/jornaldasoficinas.com\/pt\/wp-content\/uploads\/2020\/12\/Pedro-Rodrigues-administrador-Alecarpec\u0327as-150x85.jpg 150w, https:\/\/jornaldasoficinas.com\/pt\/wp-content\/uploads\/2020\/12\/Pedro-Rodrigues-administrador-Alecarpec\u0327as-768x436.jpg 768w\" sizes=\"auto, (max-width: 1024px) 100vw, 1024px\" \/><\/strong><\/p>\n<p><strong>Em 2020, a AleCarPe\u00e7as passou a integrar a Temot Internacional, uma decis\u00e3o estrat\u00e9gica de entrada num dos maiores grupos de compras do mundo.\u00a0<\/strong><\/p>\n<p>Atualmente tem 50 colaboradores, espalhados por uma \u00e1rea total de armazenagem de 2.000 m2 divididos entre o Estoril e a Maia. Conta com 40.000 refer\u00eancias em stock que servem cerca de 1.000 clientes, mas a ideia \u00e9 aumentar o portef\u00f3lio de marcas.\u00a0 Sem qualquer liga\u00e7\u00e3o a uma rede oficinal, a empresa pondera esta estrat\u00e9gia que poder\u00e1 vir a concretizar-se a breve prazo.\u00a0 Quanto \u00e0 pandemia, situa\u00e7\u00e3o que mudou a vida de todos, a empresa alterou algumas rotinas di\u00e1rias e o cuidado de prote\u00e7\u00e3o de todos os colaboradores.<\/p>\n<p><strong>Este ano, a AleCarPe\u00e7as passou a integrar a Temot International. Qual a import\u00e2ncia deste acordo e que mais valias trouxe para a empresa e para os seus clientes?<br \/>\n<\/strong>Esta foi uma decis\u00e3o estrat\u00e9gica pensada h\u00e1 algum tempo e que agora foi poss\u00edvel concretizar. Passar a integrar um dos maiores grupos de compras do mundo \u00e9 um passo importante para consolidar a AleCarPe\u00e7as como um player de relevo no Aftermarket.<\/p>\n<p>Estamos j\u00e1 a trabalhar na implementa\u00e7\u00e3o de algumas solu\u00e7\u00f5es digitais em conjunto com a Temot Internacional que v\u00e3o ser mais valias para os nossos parceiros e este \u00e9 um dos pontos fulcrais da nossa integra\u00e7\u00e3o.<\/p>\n<p><strong>Celebraram 1 ano de presen\u00e7a na Maia. Que balan\u00e7o faz do desempenho da loja durante este per\u00edodo? Est\u00e1 a cumprir com as vossas expetativas?<br \/>\n<\/strong>Tem sido um ano de imenso trabalho, nomeadamente para a equipa que est\u00e1 \u00e1 frente da opera\u00e7\u00e3o. Tem sido inexced\u00edveis no esfor\u00e7o e dedica\u00e7\u00e3o para que o n\u00edvel de servi\u00e7o e disponibilidade esteja dentro dos elevados padr\u00f5es que pretendemos garantir. Apesar do ano at\u00edpico que vivemos, resultado da pandemia, a performance da Maia ultrapassou as nossas melhores expectativas.<\/p>\n<p><strong>Estamos a assistir ao aparecimento de diversos conceitos de redes oficinais no nosso pa\u00eds. A AleCarPe\u00e7as tem previsto o lan\u00e7amento de algum conceito oficinal?<br \/>\n<\/strong>\u00c9 uma possibilidade na qual temos vindo a trabalhar. Criar uma rede oficinal por si n\u00e3o \u00e9 a nossa estrat\u00e9gia que defendemos. Temos de acrescentar valor e ser\u00e1 essa a nossa proposta futura.<\/p>\n<p><strong>Considera que as redes oficinais s\u00e3o o futuro do mercado p\u00f3s-venda?<br \/>\n<\/strong>S\u00e3o seguramente uma parte importante, at\u00e9 porque as oficinas tem a no\u00e7\u00e3o que cada vez mais necessitam de ter apoio para estarem melhor preparadas para os \u00a0desafios que o mercado coloca.<\/p>\n<p><strong>Que impacto a pandemia est\u00e1 a ter na atividade da AleCarPe\u00e7as?<br \/>\n<\/strong>Essencialmente nas rotinas di\u00e1rias da empresa e no cuidado que todos os colaboradores devem ter para estarem o mais protegidos poss\u00edvel. \u00c9 um grande esfor\u00e7o que \u00e9 pedido a todos para manter uma disciplina que nos permita gerir a opera\u00e7\u00e3o de forma segura.<\/p>\n<p><strong>Que medidas tomaram para manter a atividade em seguran\u00e7a para os vossos colaboradores e clientes?<br \/>\n<\/strong>Cumprimos na integra um protocolo de seguran\u00e7a que aplicamos tendo em conta as normas da DGS (pontos de higieniza\u00e7\u00e3o, uso de m\u00e1scara, proibi\u00e7\u00e3o de entrada de terceiros em \u00e1reas que n\u00e3o os balc\u00f5es, etc\u2026). Limitamos o n\u00famero de clientes nos nossos balc\u00f5es, obrigando ao uso de m\u00e1scara a todos. \u00a0A seguran\u00e7a de todos parte da forma como as nossas equipas interagem com aqueles que nos visitam todos os dias e at\u00e9 agora manter o absoluto respeito pelas regras tem sido vital.<\/p>\n<p><strong>E como se tem preparado a AleCarPe\u00e7as para as mudan\u00e7as que est\u00e3o a acontecer no aftermarket?<br \/>\n<\/strong>A Alecarpe\u00e7as definiu uma estrat\u00e9gia h\u00e1 j\u00e1 algum tempo que lhe permite encarar o futuro de forma confiante. Qualidade e disponibilidade s\u00e3o imagens de marca da empresa que cada vez mais pretendemos aprofundar. Sabemos que o mercado est\u00e1 a evoluir muito rapidamente, mas temos absoluta confian\u00e7a nos nossos recursos humanos que est\u00e3o preparados para acompanhar essa evolu\u00e7\u00e3o.<\/p>\n<p><strong>Considera que a AleCarPe\u00e7as \u00e9 uma empresa digitalizada?<br \/>\n<\/strong>Em grande parte sim. No in\u00edcio da pandemia colocamos uma grande parte dos colaboradores em teletrabalho e sem grande esfor\u00e7o foi poss\u00edvel garantir que todos tivessem condi\u00e7\u00f5es para desempenhar as suas fun\u00e7\u00f5es remotamente. Da mesma forma foi poss\u00edvel manter a liga\u00e7\u00e3o com os clientes de forma regular.<\/p>\n<p><strong>Quais os processos que j\u00e1 se encontram digitalizados dentro da empresa?<br \/>\n<\/strong>Uma grande maioria. Compras, gest\u00e3o de stocks, armaz\u00e9m, log\u00edstica, apoio comercial, p\u00f3s-venda, comunica\u00e7\u00e3o interna, plataformas b2b, s\u00e3o \u00e1reas onde implementamos processos digitais que nos permitem ter uma efic\u00e1cia e capacidade de trabalho muito importantes. \u00a0Este n\u00e3o \u00e9 um processo conclu\u00eddo e estamos a implementar algumas melhorias, nomeadamente na \u00e1rea comercial e na rela\u00e7\u00e3o com os clientes.<\/p>\n<p><strong>Como tem evolu\u00eddo a vossa plataforma B2B e qual tem sido a recetividade dos clientes?<br \/>\n<\/strong>Hoje uma grande maioria dos nossos clientes utiliza as nossas plataformas B2B onde podem gerir uma grande parte da rela\u00e7\u00e3o com a Alecarpe\u00e7as. O aumento progressivo de utilizadores \u00e9 um indicador de que as plataformas s\u00e3o funcionais e cobrem as necessidades dos clientes. No entanto pudemos sempre melhorar e fazemo-lo tendo tem conta ideias e propostas de quem as utiliza diariamente.<\/p>\n<p><strong>Qual \u00e9 o vosso compromisso com os clientes?<br \/>\n<\/strong>Garantir qualidade e servi\u00e7o. Sabemos que sem produto n\u00e3o se pode garantir um n\u00edvel de servi\u00e7o que satisfa\u00e7a as necessidades dos clientes.<\/p>\n","protected":false},"excerpt":{"rendered":"<p>Em 2020, a AleCarPe\u00e7as passou a&#8230;<\/p>\n","protected":false},"author":15,"featured_media":17567,"comment_status":"closed","ping_status":"closed","sticky":false,"template":"","format":"standard","meta":{"footnotes":""},"categories":[38],"tags":[582],"class_list":["post-17569","post","type-post","status-publish","format-standard","has-post-thumbnail","hentry","category-entrevistas","tag-alecarpecas"],"yoast_head":"<!-- This site is optimized with the Yoast SEO plugin v27.5 - https:\/\/yoast.com\/product\/yoast-seo-wordpress\/ -->\n<title>\u00a0\u201cSem produto n\u00e3o se pode garantir um bom n\u00edvel de servi\u00e7o\u201d Pedro Rodrigues, Alecarpe\u00e7as - Jornal das Oficinas<\/title>\n<meta name=\"robots\" content=\"index, follow, max-snippet:-1, max-image-preview:large, max-video-preview:-1\" \/>\n<link rel=\"canonical\" href=\"https:\/\/jornaldasoficinas.com\/pt\/sem-produto-nao-se-pode-garantir-um-bom-nivel-de-servico-pedro-rodrigues-alecarpecas\/\" \/>\n<meta property=\"og:locale\" content=\"pt_PT\" \/>\n<meta property=\"og:type\" content=\"article\" \/>\n<meta property=\"og:title\" content=\"\u00a0\u201cSem produto n\u00e3o se pode garantir um bom n\u00edvel de servi\u00e7o\u201d Pedro Rodrigues, Alecarpe\u00e7as - Jornal das Oficinas\" \/>\n<meta property=\"og:description\" content=\"Em 2020, a AleCarPe\u00e7as passou a...\" \/>\n<meta property=\"og:url\" content=\"https:\/\/jornaldasoficinas.com\/pt\/sem-produto-nao-se-pode-garantir-um-bom-nivel-de-servico-pedro-rodrigues-alecarpecas\/\" \/>\n<meta property=\"og:site_name\" content=\"Jornal das Oficinas\" \/>\n<meta property=\"article:publisher\" content=\"https:\/\/www.facebook.com\/jornaloficinas\" \/>\n<meta property=\"article:published_time\" content=\"2020-12-11T08:00:08+00:00\" \/>\n<meta property=\"article:modified_time\" content=\"2020-12-11T09:47:36+00:00\" \/>\n<meta property=\"og:image\" content=\"https:\/\/jornaldasoficinas.com\/pt\/wp-content\/uploads\/2020\/12\/Pedro-Rodrigues-administrador-Alecarpec\u0327as.jpg\" \/>\n\t<meta property=\"og:image:width\" content=\"1024\" \/>\n\t<meta property=\"og:image:height\" content=\"581\" \/>\n\t<meta property=\"og:image:type\" content=\"image\/jpeg\" \/>\n<meta name=\"author\" content=\"Reda\u00e7\u00e3o JO\" \/>\n<meta name=\"twitter:card\" content=\"summary_large_image\" \/>\n<meta name=\"twitter:creator\" content=\"@jornaloficinas\" \/>\n<meta name=\"twitter:site\" content=\"@jornaloficinas\" \/>\n<meta name=\"twitter:label1\" content=\"Escrito por\" \/>\n\t<meta name=\"twitter:data1\" content=\"Reda\u00e7\u00e3o JO\" \/>\n\t<meta name=\"twitter:label2\" content=\"Tempo estimado de leitura\" \/>\n\t<meta name=\"twitter:data2\" content=\"5 minutos\" \/>\n<script type=\"application\/ld+json\" class=\"yoast-schema-graph\">{\"@context\":\"https:\\\/\\\/schema.org\",\"@graph\":[{\"@type\":\"Article\",\"@id\":\"https:\\\/\\\/jornaldasoficinas.com\\\/pt\\\/sem-produto-nao-se-pode-garantir-um-bom-nivel-de-servico-pedro-rodrigues-alecarpecas\\\/#article\",\"isPartOf\":{\"@id\":\"https:\\\/\\\/jornaldasoficinas.com\\\/pt\\\/sem-produto-nao-se-pode-garantir-um-bom-nivel-de-servico-pedro-rodrigues-alecarpecas\\\/\"},\"author\":{\"name\":\"Reda\u00e7\u00e3o JO\",\"@id\":\"https:\\\/\\\/jornaldasoficinas.com\\\/pt\\\/#\\\/schema\\\/person\\\/a38eef5de2c41d9e7c9ac10141afddf3\"},\"headline\":\"\u00a0\u201cSem produto n\u00e3o se pode garantir um bom n\u00edvel de servi\u00e7o\u201d Pedro Rodrigues, Alecarpe\u00e7as\",\"datePublished\":\"2020-12-11T08:00:08+00:00\",\"dateModified\":\"2020-12-11T09:47:36+00:00\",\"mainEntityOfPage\":{\"@id\":\"https:\\\/\\\/jornaldasoficinas.com\\\/pt\\\/sem-produto-nao-se-pode-garantir-um-bom-nivel-de-servico-pedro-rodrigues-alecarpecas\\\/\"},\"wordCount\":940,\"publisher\":{\"@id\":\"https:\\\/\\\/jornaldasoficinas.com\\\/pt\\\/#organization\"},\"image\":{\"@id\":\"https:\\\/\\\/jornaldasoficinas.com\\\/pt\\\/sem-produto-nao-se-pode-garantir-um-bom-nivel-de-servico-pedro-rodrigues-alecarpecas\\\/#primaryimage\"},\"thumbnailUrl\":\"https:\\\/\\\/jornaldasoficinas.com\\\/pt\\\/wp-content\\\/uploads\\\/2020\\\/12\\\/Pedro-Rodrigues-administrador-Alecarpec\u0327as.jpg\",\"keywords\":[\"AleCarPe\u00e7as\"],\"articleSection\":[\"Entrevistas\"],\"inLanguage\":\"pt-PT\"},{\"@type\":\"WebPage\",\"@id\":\"https:\\\/\\\/jornaldasoficinas.com\\\/pt\\\/sem-produto-nao-se-pode-garantir-um-bom-nivel-de-servico-pedro-rodrigues-alecarpecas\\\/\",\"url\":\"https:\\\/\\\/jornaldasoficinas.com\\\/pt\\\/sem-produto-nao-se-pode-garantir-um-bom-nivel-de-servico-pedro-rodrigues-alecarpecas\\\/\",\"name\":\"\u00a0\u201cSem produto n\u00e3o se pode garantir um bom n\u00edvel de servi\u00e7o\u201d Pedro Rodrigues, Alecarpe\u00e7as - Jornal das Oficinas\",\"isPartOf\":{\"@id\":\"https:\\\/\\\/jornaldasoficinas.com\\\/pt\\\/#website\"},\"primaryImageOfPage\":{\"@id\":\"https:\\\/\\\/jornaldasoficinas.com\\\/pt\\\/sem-produto-nao-se-pode-garantir-um-bom-nivel-de-servico-pedro-rodrigues-alecarpecas\\\/#primaryimage\"},\"image\":{\"@id\":\"https:\\\/\\\/jornaldasoficinas.com\\\/pt\\\/sem-produto-nao-se-pode-garantir-um-bom-nivel-de-servico-pedro-rodrigues-alecarpecas\\\/#primaryimage\"},\"thumbnailUrl\":\"https:\\\/\\\/jornaldasoficinas.com\\\/pt\\\/wp-content\\\/uploads\\\/2020\\\/12\\\/Pedro-Rodrigues-administrador-Alecarpec\u0327as.jpg\",\"datePublished\":\"2020-12-11T08:00:08+00:00\",\"dateModified\":\"2020-12-11T09:47:36+00:00\",\"breadcrumb\":{\"@id\":\"https:\\\/\\\/jornaldasoficinas.com\\\/pt\\\/sem-produto-nao-se-pode-garantir-um-bom-nivel-de-servico-pedro-rodrigues-alecarpecas\\\/#breadcrumb\"},\"inLanguage\":\"pt-PT\",\"potentialAction\":[{\"@type\":\"ReadAction\",\"target\":[\"https:\\\/\\\/jornaldasoficinas.com\\\/pt\\\/sem-produto-nao-se-pode-garantir-um-bom-nivel-de-servico-pedro-rodrigues-alecarpecas\\\/\"]}]},{\"@type\":\"ImageObject\",\"inLanguage\":\"pt-PT\",\"@id\":\"https:\\\/\\\/jornaldasoficinas.com\\\/pt\\\/sem-produto-nao-se-pode-garantir-um-bom-nivel-de-servico-pedro-rodrigues-alecarpecas\\\/#primaryimage\",\"url\":\"https:\\\/\\\/jornaldasoficinas.com\\\/pt\\\/wp-content\\\/uploads\\\/2020\\\/12\\\/Pedro-Rodrigues-administrador-Alecarpec\u0327as.jpg\",\"contentUrl\":\"https:\\\/\\\/jornaldasoficinas.com\\\/pt\\\/wp-content\\\/uploads\\\/2020\\\/12\\\/Pedro-Rodrigues-administrador-Alecarpec\u0327as.jpg\",\"width\":1024,\"height\":581,\"caption\":\"12 - Pedro-Rodrigues-administrador-Alecarpec\u0327as\"},{\"@type\":\"BreadcrumbList\",\"@id\":\"https:\\\/\\\/jornaldasoficinas.com\\\/pt\\\/sem-produto-nao-se-pode-garantir-um-bom-nivel-de-servico-pedro-rodrigues-alecarpecas\\\/#breadcrumb\",\"itemListElement\":[{\"@type\":\"ListItem\",\"position\":1,\"name\":\"In\u00edcio\",\"item\":\"https:\\\/\\\/jornaldasoficinas.com\\\/pt\\\/\"},{\"@type\":\"ListItem\",\"position\":2,\"name\":\"\u00a0\u201cSem produto n\u00e3o se pode garantir um bom n\u00edvel de servi\u00e7o\u201d Pedro Rodrigues, Alecarpe\u00e7as\"}]},{\"@type\":\"WebSite\",\"@id\":\"https:\\\/\\\/jornaldasoficinas.com\\\/pt\\\/#website\",\"url\":\"https:\\\/\\\/jornaldasoficinas.com\\\/pt\\\/\",\"name\":\"Jornal das Oficinas\",\"description\":\"Jornal independente do Aftermarket Autom\u00f3vel em Portugal\",\"publisher\":{\"@id\":\"https:\\\/\\\/jornaldasoficinas.com\\\/pt\\\/#organization\"},\"potentialAction\":[{\"@type\":\"SearchAction\",\"target\":{\"@type\":\"EntryPoint\",\"urlTemplate\":\"https:\\\/\\\/jornaldasoficinas.com\\\/pt\\\/?s={search_term_string}\"},\"query-input\":{\"@type\":\"PropertyValueSpecification\",\"valueRequired\":true,\"valueName\":\"search_term_string\"}}],\"inLanguage\":\"pt-PT\"},{\"@type\":\"Organization\",\"@id\":\"https:\\\/\\\/jornaldasoficinas.com\\\/pt\\\/#organization\",\"name\":\"Jornal das Oficinas\",\"url\":\"https:\\\/\\\/jornaldasoficinas.com\\\/pt\\\/\",\"logo\":{\"@type\":\"ImageObject\",\"inLanguage\":\"pt-PT\",\"@id\":\"https:\\\/\\\/jornaldasoficinas.com\\\/pt\\\/#\\\/schema\\\/logo\\\/image\\\/\",\"url\":\"https:\\\/\\\/jornaldasoficinas.com\\\/pt\\\/wp-content\\\/uploads\\\/logoJO-SEO.png\",\"contentUrl\":\"https:\\\/\\\/jornaldasoficinas.com\\\/pt\\\/wp-content\\\/uploads\\\/logoJO-SEO.png\",\"width\":285,\"height\":450,\"caption\":\"Jornal das Oficinas\"},\"image\":{\"@id\":\"https:\\\/\\\/jornaldasoficinas.com\\\/pt\\\/#\\\/schema\\\/logo\\\/image\\\/\"},\"sameAs\":[\"https:\\\/\\\/www.facebook.com\\\/jornaloficinas\",\"https:\\\/\\\/x.com\\\/jornaloficinas\",\"https:\\\/\\\/www.instagram.com\\\/jornal_oficinas\\\/\",\"https:\\\/\\\/www.linkedin.com\\\/company\\\/jornal-das-oficinas\\\/\",\"https:\\\/\\\/www.youtube.com\\\/channel\\\/UCbQZBqtcvV-oSQrr7RzINGg\"]},{\"@type\":\"Person\",\"@id\":\"https:\\\/\\\/jornaldasoficinas.com\\\/pt\\\/#\\\/schema\\\/person\\\/a38eef5de2c41d9e7c9ac10141afddf3\",\"name\":\"Reda\u00e7\u00e3o JO\",\"image\":{\"@type\":\"ImageObject\",\"inLanguage\":\"pt-PT\",\"@id\":\"https:\\\/\\\/secure.gravatar.com\\\/avatar\\\/71f2fa71737ad68a84fea94bc708ddac8ea5b0c4788dc2ad202f3ccb2887742f?s=96&d=wp_user_avatar&r=g\",\"url\":\"https:\\\/\\\/secure.gravatar.com\\\/avatar\\\/71f2fa71737ad68a84fea94bc708ddac8ea5b0c4788dc2ad202f3ccb2887742f?s=96&d=wp_user_avatar&r=g\",\"contentUrl\":\"https:\\\/\\\/secure.gravatar.com\\\/avatar\\\/71f2fa71737ad68a84fea94bc708ddac8ea5b0c4788dc2ad202f3ccb2887742f?s=96&d=wp_user_avatar&r=g\",\"caption\":\"Reda\u00e7\u00e3o JO\"},\"url\":\"https:\\\/\\\/jornaldasoficinas.com\\\/pt\\\/author\\\/joredacao\\\/\"}]}<\/script>\n<!-- \/ Yoast SEO plugin. -->","yoast_head_json":{"title":"\u00a0\u201cSem produto n\u00e3o se pode garantir um bom n\u00edvel de servi\u00e7o\u201d Pedro Rodrigues, Alecarpe\u00e7as - Jornal das Oficinas","robots":{"index":"index","follow":"follow","max-snippet":"max-snippet:-1","max-image-preview":"max-image-preview:large","max-video-preview":"max-video-preview:-1"},"canonical":"https:\/\/jornaldasoficinas.com\/pt\/sem-produto-nao-se-pode-garantir-um-bom-nivel-de-servico-pedro-rodrigues-alecarpecas\/","og_locale":"pt_PT","og_type":"article","og_title":"\u00a0\u201cSem produto n\u00e3o se pode garantir um bom n\u00edvel de servi\u00e7o\u201d Pedro Rodrigues, Alecarpe\u00e7as - Jornal das Oficinas","og_description":"Em 2020, a AleCarPe\u00e7as passou a...","og_url":"https:\/\/jornaldasoficinas.com\/pt\/sem-produto-nao-se-pode-garantir-um-bom-nivel-de-servico-pedro-rodrigues-alecarpecas\/","og_site_name":"Jornal das Oficinas","article_publisher":"https:\/\/www.facebook.com\/jornaloficinas","article_published_time":"2020-12-11T08:00:08+00:00","article_modified_time":"2020-12-11T09:47:36+00:00","og_image":[{"width":1024,"height":581,"url":"https:\/\/jornaldasoficinas.com\/pt\/wp-content\/uploads\/2020\/12\/Pedro-Rodrigues-administrador-Alecarpec\u0327as.jpg","type":"image\/jpeg"}],"author":"Reda\u00e7\u00e3o JO","twitter_card":"summary_large_image","twitter_creator":"@jornaloficinas","twitter_site":"@jornaloficinas","twitter_misc":{"Escrito por":"Reda\u00e7\u00e3o JO","Tempo estimado de leitura":"5 minutos"},"schema":{"@context":"https:\/\/schema.org","@graph":[{"@type":"Article","@id":"https:\/\/jornaldasoficinas.com\/pt\/sem-produto-nao-se-pode-garantir-um-bom-nivel-de-servico-pedro-rodrigues-alecarpecas\/#article","isPartOf":{"@id":"https:\/\/jornaldasoficinas.com\/pt\/sem-produto-nao-se-pode-garantir-um-bom-nivel-de-servico-pedro-rodrigues-alecarpecas\/"},"author":{"name":"Reda\u00e7\u00e3o JO","@id":"https:\/\/jornaldasoficinas.com\/pt\/#\/schema\/person\/a38eef5de2c41d9e7c9ac10141afddf3"},"headline":"\u00a0\u201cSem produto n\u00e3o se pode garantir um bom n\u00edvel de servi\u00e7o\u201d Pedro Rodrigues, Alecarpe\u00e7as","datePublished":"2020-12-11T08:00:08+00:00","dateModified":"2020-12-11T09:47:36+00:00","mainEntityOfPage":{"@id":"https:\/\/jornaldasoficinas.com\/pt\/sem-produto-nao-se-pode-garantir-um-bom-nivel-de-servico-pedro-rodrigues-alecarpecas\/"},"wordCount":940,"publisher":{"@id":"https:\/\/jornaldasoficinas.com\/pt\/#organization"},"image":{"@id":"https:\/\/jornaldasoficinas.com\/pt\/sem-produto-nao-se-pode-garantir-um-bom-nivel-de-servico-pedro-rodrigues-alecarpecas\/#primaryimage"},"thumbnailUrl":"https:\/\/jornaldasoficinas.com\/pt\/wp-content\/uploads\/2020\/12\/Pedro-Rodrigues-administrador-Alecarpec\u0327as.jpg","keywords":["AleCarPe\u00e7as"],"articleSection":["Entrevistas"],"inLanguage":"pt-PT"},{"@type":"WebPage","@id":"https:\/\/jornaldasoficinas.com\/pt\/sem-produto-nao-se-pode-garantir-um-bom-nivel-de-servico-pedro-rodrigues-alecarpecas\/","url":"https:\/\/jornaldasoficinas.com\/pt\/sem-produto-nao-se-pode-garantir-um-bom-nivel-de-servico-pedro-rodrigues-alecarpecas\/","name":"\u00a0\u201cSem produto n\u00e3o se pode garantir um bom n\u00edvel de servi\u00e7o\u201d Pedro Rodrigues, Alecarpe\u00e7as - Jornal das Oficinas","isPartOf":{"@id":"https:\/\/jornaldasoficinas.com\/pt\/#website"},"primaryImageOfPage":{"@id":"https:\/\/jornaldasoficinas.com\/pt\/sem-produto-nao-se-pode-garantir-um-bom-nivel-de-servico-pedro-rodrigues-alecarpecas\/#primaryimage"},"image":{"@id":"https:\/\/jornaldasoficinas.com\/pt\/sem-produto-nao-se-pode-garantir-um-bom-nivel-de-servico-pedro-rodrigues-alecarpecas\/#primaryimage"},"thumbnailUrl":"https:\/\/jornaldasoficinas.com\/pt\/wp-content\/uploads\/2020\/12\/Pedro-Rodrigues-administrador-Alecarpec\u0327as.jpg","datePublished":"2020-12-11T08:00:08+00:00","dateModified":"2020-12-11T09:47:36+00:00","breadcrumb":{"@id":"https:\/\/jornaldasoficinas.com\/pt\/sem-produto-nao-se-pode-garantir-um-bom-nivel-de-servico-pedro-rodrigues-alecarpecas\/#breadcrumb"},"inLanguage":"pt-PT","potentialAction":[{"@type":"ReadAction","target":["https:\/\/jornaldasoficinas.com\/pt\/sem-produto-nao-se-pode-garantir-um-bom-nivel-de-servico-pedro-rodrigues-alecarpecas\/"]}]},{"@type":"ImageObject","inLanguage":"pt-PT","@id":"https:\/\/jornaldasoficinas.com\/pt\/sem-produto-nao-se-pode-garantir-um-bom-nivel-de-servico-pedro-rodrigues-alecarpecas\/#primaryimage","url":"https:\/\/jornaldasoficinas.com\/pt\/wp-content\/uploads\/2020\/12\/Pedro-Rodrigues-administrador-Alecarpec\u0327as.jpg","contentUrl":"https:\/\/jornaldasoficinas.com\/pt\/wp-content\/uploads\/2020\/12\/Pedro-Rodrigues-administrador-Alecarpec\u0327as.jpg","width":1024,"height":581,"caption":"12 - Pedro-Rodrigues-administrador-Alecarpec\u0327as"},{"@type":"BreadcrumbList","@id":"https:\/\/jornaldasoficinas.com\/pt\/sem-produto-nao-se-pode-garantir-um-bom-nivel-de-servico-pedro-rodrigues-alecarpecas\/#breadcrumb","itemListElement":[{"@type":"ListItem","position":1,"name":"In\u00edcio","item":"https:\/\/jornaldasoficinas.com\/pt\/"},{"@type":"ListItem","position":2,"name":"\u00a0\u201cSem produto n\u00e3o se pode garantir um bom n\u00edvel de servi\u00e7o\u201d Pedro Rodrigues, Alecarpe\u00e7as"}]},{"@type":"WebSite","@id":"https:\/\/jornaldasoficinas.com\/pt\/#website","url":"https:\/\/jornaldasoficinas.com\/pt\/","name":"Jornal das Oficinas","description":"Jornal independente do Aftermarket Autom\u00f3vel em Portugal","publisher":{"@id":"https:\/\/jornaldasoficinas.com\/pt\/#organization"},"potentialAction":[{"@type":"SearchAction","target":{"@type":"EntryPoint","urlTemplate":"https:\/\/jornaldasoficinas.com\/pt\/?s={search_term_string}"},"query-input":{"@type":"PropertyValueSpecification","valueRequired":true,"valueName":"search_term_string"}}],"inLanguage":"pt-PT"},{"@type":"Organization","@id":"https:\/\/jornaldasoficinas.com\/pt\/#organization","name":"Jornal das Oficinas","url":"https:\/\/jornaldasoficinas.com\/pt\/","logo":{"@type":"ImageObject","inLanguage":"pt-PT","@id":"https:\/\/jornaldasoficinas.com\/pt\/#\/schema\/logo\/image\/","url":"https:\/\/jornaldasoficinas.com\/pt\/wp-content\/uploads\/logoJO-SEO.png","contentUrl":"https:\/\/jornaldasoficinas.com\/pt\/wp-content\/uploads\/logoJO-SEO.png","width":285,"height":450,"caption":"Jornal das Oficinas"},"image":{"@id":"https:\/\/jornaldasoficinas.com\/pt\/#\/schema\/logo\/image\/"},"sameAs":["https:\/\/www.facebook.com\/jornaloficinas","https:\/\/x.com\/jornaloficinas","https:\/\/www.instagram.com\/jornal_oficinas\/","https:\/\/www.linkedin.com\/company\/jornal-das-oficinas\/","https:\/\/www.youtube.com\/channel\/UCbQZBqtcvV-oSQrr7RzINGg"]},{"@type":"Person","@id":"https:\/\/jornaldasoficinas.com\/pt\/#\/schema\/person\/a38eef5de2c41d9e7c9ac10141afddf3","name":"Reda\u00e7\u00e3o JO","image":{"@type":"ImageObject","inLanguage":"pt-PT","@id":"https:\/\/secure.gravatar.com\/avatar\/71f2fa71737ad68a84fea94bc708ddac8ea5b0c4788dc2ad202f3ccb2887742f?s=96&d=wp_user_avatar&r=g","url":"https:\/\/secure.gravatar.com\/avatar\/71f2fa71737ad68a84fea94bc708ddac8ea5b0c4788dc2ad202f3ccb2887742f?s=96&d=wp_user_avatar&r=g","contentUrl":"https:\/\/secure.gravatar.com\/avatar\/71f2fa71737ad68a84fea94bc708ddac8ea5b0c4788dc2ad202f3ccb2887742f?s=96&d=wp_user_avatar&r=g","caption":"Reda\u00e7\u00e3o JO"},"url":"https:\/\/jornaldasoficinas.com\/pt\/author\/joredacao\/"}]}},"_links":{"self":[{"href":"https:\/\/jornaldasoficinas.com\/pt\/wp-json\/wp\/v2\/posts\/17569","targetHints":{"allow":["GET"]}}],"collection":[{"href":"https:\/\/jornaldasoficinas.com\/pt\/wp-json\/wp\/v2\/posts"}],"about":[{"href":"https:\/\/jornaldasoficinas.com\/pt\/wp-json\/wp\/v2\/types\/post"}],"author":[{"embeddable":true,"href":"https:\/\/jornaldasoficinas.com\/pt\/wp-json\/wp\/v2\/users\/15"}],"replies":[{"embeddable":true,"href":"https:\/\/jornaldasoficinas.com\/pt\/wp-json\/wp\/v2\/comments?post=17569"}],"version-history":[{"count":0,"href":"https:\/\/jornaldasoficinas.com\/pt\/wp-json\/wp\/v2\/posts\/17569\/revisions"}],"wp:featuredmedia":[{"embeddable":true,"href":"https:\/\/jornaldasoficinas.com\/pt\/wp-json\/wp\/v2\/media\/17567"}],"wp:attachment":[{"href":"https:\/\/jornaldasoficinas.com\/pt\/wp-json\/wp\/v2\/media?parent=17569"}],"wp:term":[{"taxonomy":"category","embeddable":true,"href":"https:\/\/jornaldasoficinas.com\/pt\/wp-json\/wp\/v2\/categories?post=17569"},{"taxonomy":"post_tag","embeddable":true,"href":"https:\/\/jornaldasoficinas.com\/pt\/wp-json\/wp\/v2\/tags?post=17569"}],"curies":[{"name":"wp","href":"https:\/\/api.w.org\/{rel}","templated":true}]}}