{"id":17683,"date":"2020-12-12T18:00:26","date_gmt":"2020-12-12T18:00:26","guid":{"rendered":"https:\/\/jornaldasoficinas.com\/pt\/?p=17683"},"modified":"2020-12-12T17:13:11","modified_gmt":"2020-12-12T17:13:11","slug":"ld-auto-celebra-30o-aniversario","status":"publish","type":"post","link":"https:\/\/jornaldasoficinas.com\/pt\/ld-auto-celebra-30o-aniversario\/","title":{"rendered":"LD Auto celebra 30\u00ba anivers\u00e1rio"},"content":{"rendered":"<p><img loading=\"lazy\" decoding=\"async\" class=\"alignnone wp-image-17685 size-full\" src=\"https:\/\/jornaldasoficinas.com\/pt\/wp-content\/uploads\/2020\/12\/LD-Auto-celebra.jpg\" alt=\"12 - LD-Auto-celebra\" width=\"1024\" height=\"581\" srcset=\"https:\/\/jornaldasoficinas.com\/pt\/wp-content\/uploads\/2020\/12\/LD-Auto-celebra.jpg 1024w, https:\/\/jornaldasoficinas.com\/pt\/wp-content\/uploads\/2020\/12\/LD-Auto-celebra-300x170.jpg 300w, https:\/\/jornaldasoficinas.com\/pt\/wp-content\/uploads\/2020\/12\/LD-Auto-celebra-150x85.jpg 150w, https:\/\/jornaldasoficinas.com\/pt\/wp-content\/uploads\/2020\/12\/LD-Auto-celebra-768x436.jpg 768w\" sizes=\"auto, (max-width: 1024px) 100vw, 1024px\" \/><\/p>\n<p><strong>Fundada em 1990 por Fernando Relva, a LD Auto celebra este ano o 30\u00ba anivers\u00e1rio com os olhos postos no futuro. O objetivo agora \u00e9 elevar a fasquia e definir novos padr\u00f5es de excel\u00eancia, oferecendo aos clientes um conjunto de servi\u00e7os de grande valor acrescentado, tendo como lema que \u201ca confian\u00e7a deve estar na base dos bons neg\u00f3cios\u201d<\/strong><\/p>\n<p>A LD Auto nasceu com o nome Leiridiesel que, como o pr\u00f3prio nome indica \u00e9 uma empresa especialista na repara\u00e7\u00e3o de componentes diesel e turbocompressores, para responder \u00e0s necessidades do mercado autom\u00f3vel que na altura n\u00e3o estavam preenchidas. O parque autom\u00f3vel era sobretudo composto por viaturas diesel, pelo que n\u00e3o existia uma resposta t\u00e9cnica a esta<\/p>\n<p>tecnologia. Com o objetivo de diversificar a atividade a Leiridiesel criou a marca LD Auto, passando a atuar no mercado da interven\u00e7\u00e3o em viaturas multimarca, disponibilizando, para al\u00e9m de servi\u00e7os de manuten\u00e7\u00e3o peri\u00f3dica, conceitos de repara\u00e7\u00e3o para os principais componentes do autom\u00f3vel.<\/p>\n<p>A ades\u00e3o \u00e0 rede Bosch Diesel Center, permitiu responder tecnicamente \u00e0 evolu\u00e7\u00e3o da tecnologia com a garantia do maior fornecedor destas tecnologias. A empresa evoluiu para a assist\u00eancia de viaturas multimarca e dos diversos sistemas que comp\u00f5e o autom\u00f3vel, refor\u00e7ando a rela\u00e7\u00e3o comercial com a Bosch e iniciando a representa\u00e7\u00e3o do conceito Bosch Car Service. Para al\u00e9m da ades\u00e3o \u00e0 rede Bosch Car Service, destaca-se tamb\u00e9m a expans\u00e3o do neg\u00f3cio atrav\u00e9s da aquisi\u00e7\u00e3o de outras<\/p>\n<p>empresas do ramo e a abertura de outras delega\u00e7\u00f5es em diferentes localiza\u00e7\u00f5es do pa\u00eds.<\/p>\n<p>Em entrevista ao Jornal das Oficinas, Fernando Relvas lembra o percurso da empresa e revela a estrat\u00e9gia delineada para ultrapassar a crise pand\u00e9mica que se vive, e que est\u00e1 a condicionar o desenvolvimento dos neg\u00f3cios.<\/p>\n<p><strong>Que balan\u00e7o faz destes 30 anos de atividade da LD Auto?<br \/>\n<\/strong>Os 30 anos de atividade permitiram, atrav\u00e9s das diversas aquisi\u00e7\u00f5es e investimento, refor\u00e7ar a lideran\u00e7a nacional na repara\u00e7\u00e3o de sistemas de inje\u00e7\u00e3o diesel e afirmar o posicionamento da empresa na assist\u00eancia de viaturas de todas as marcas e na interven\u00e7\u00e3o nos principais componentes do autom\u00f3vel atual. Neste contexto, podemos considerar que foram 30 anos positivos e que nos deixam motivados para mais 30.<\/p>\n<p><strong>Que mais valias oferecem aos seus clientes?<br \/>\n<\/strong>O conhecimento t\u00e9cnico e tamb\u00e9m a enorme capacidade de resposta \u00e0s solicita\u00e7\u00f5es dos principais players do mercado autom\u00f3vel. A principal mais valia \u00e9 o foco permanente na coloca\u00e7\u00e3o do nosso conhecimento t\u00e9cnico pr\u00f3ximo do cliente, atrav\u00e9s do acompanhamento e assist\u00eancia personalizada.<\/p>\n<p><strong>Como est\u00e1 a LD Auto a reagir \u00e0 pandemia do Covid 19?<br \/>\n<\/strong>Como qualquer empresa os primeiros tempos foram adversos. No entanto, A LD Auto adaptou-se muito bem \u00e0s restri\u00e7\u00f5es da pandemia. Podemos dizer que, ao final de um m\u00eas, conseguimos encontrar o equil\u00edbrio perfeito entre garantir a seguran\u00e7a das nossas equipas e estimular o nosso neg\u00f3cio. A principal altera\u00e7\u00e3o na atividade da empresa est\u00e1 obviamente relacionada com a adequa\u00e7\u00e3o de processos com vista a garantir a higiene e seguran\u00e7a de todos os intervenientes. Foram eliminados todos os processos que privilegiassem o contacto entre colaboradores e clientes e foram acionadas ferramentas que protegem os colaboradores de eventuais perigos externos e redobrados os cuidados nos servi\u00e7os disponibilizados aos clientes.<\/p>\n<p><strong>\u00a0<\/strong><strong>A LD Auto \u00e9 reconhecida como especialista na repara\u00e7\u00e3o e reconstru\u00e7\u00e3o de bombas injetoras, injetores e turbocompressores. Continua a ser um mercado com potencial de crescimento?<br \/>\n<\/strong>A LD Auto \u00e9 a principal refer\u00eancia neste mercado, pela experi\u00eancia e compet\u00eancia na interven\u00e7\u00e3o nestes sistemas, conquistando a confian\u00e7a dos nossos clientes. Se \u00e0 confian\u00e7a nos nossos servi\u00e7os aliarmos o facto do parque autom\u00f3vel nacional se manter e se perspetivar que se mantenha sobretudo composto por viaturas de combust\u00e3o interna diesel, este mercado continua a ter potencial de crescimento.<\/p>\n<p><strong>Porque decidiram apostar tamb\u00e9m na reconstru\u00e7\u00e3o de caixas de velocidade, filtros de part\u00edculas e motores?<br \/>\n<\/strong>O objetivo da empresa de se afirmar na repara\u00e7\u00e3o dos principais sistemas que comp\u00f5e o autom\u00f3vel, leva \u00e0 diversifica\u00e7\u00e3o e investimento em novos neg\u00f3cios.<\/p>\n<p><strong>\u00a0<\/strong><strong>O custo dos componentes diesel reconstru\u00eddos tem vindo a baixar. Considera que o futuro da repara\u00e7\u00e3o destes componentes est\u00e1 comprometido?<br \/>\n<\/strong>Sim, temos assistido a uma descida de pre\u00e7os em algumas refer\u00eancias porque alguns fabricantes entraram no mercado com pre\u00e7os mais reduzidos. Este n\u00e3o \u00e9 o posicionamento que pretendemos para a empresa. A LD Auto est\u00e1 no mercado para disponibilizar um servi\u00e7o de qualidade ao melhor pre\u00e7o. Este servi\u00e7o \u00e9 percebido pelo cliente e por isso n\u00e3o considero que o futuro da repara\u00e7\u00e3o de agregados diesel esteja comprometido. O futuro da repara\u00e7\u00e3o destes componentes estar\u00e1 sempre diretamente relacionado com a tend\u00eancia do mercado. Na minha opini\u00e3o, a m\u00e9dio prazo o futuro est\u00e1 assegurado. Pelo facto dos principais produtores destes sistemas serem tamb\u00e9m a refer\u00eancia na repara\u00e7\u00e3o, estes querer\u00e3o sustentar o seu neg\u00f3cio e manter o investimento na cria\u00e7\u00e3o de solu\u00e7\u00f5es de repara\u00e7\u00e3o e, desse modo, responder \u00e0s necessidades do mercado.<\/p>\n<p><strong>E relativamente \u00e0 repara\u00e7\u00e3o das caixas autom\u00e1ticas e dos turbocompressores, qual vai ser o futuro?<br \/>\n<\/strong>Penso que neste caso ser\u00e1 necess\u00e1rio separar os dois componentes. Relativamente \u00e0s caixas, h\u00e1 futuro para a repara\u00e7\u00e3o, no entanto o sucesso da interven\u00e7\u00e3o est\u00e1 bastante condicionado pela disponibilidade dos componentes e pela capacidade de testar o componente finalizado. Quando aos turbos, o futuro da repara\u00e7\u00e3o est\u00e1 mais uma vez relacionado com a tend\u00eancia do mercado e pela abertura dos fabricantes de criarem solu\u00e7\u00f5es de repara\u00e7\u00e3o.<\/p>\n<p><strong>Qual \u00e9 o papel das novas tecnologias, nomeadamente da internet e das redes sociais, na comunica\u00e7\u00e3o da empresa com os seus clientes?<br \/>\n<\/strong>A aposta na internet e redes sociais come\u00e7ou com a cria\u00e7\u00e3o de um site de apresenta\u00e7\u00e3o da empresa e produtos e pela cria\u00e7\u00e3o de um perfil de Facebook, Instagram e Linkedin. Usamos as redes sociais como o principal meio de comunica\u00e7\u00e3o campanhas, de apresenta\u00e7\u00e3o de servi\u00e7os e produtos e de contacto com os clientes. Para al\u00e9m disto, cri\u00e1mos em 2019 a nossa loja online para clientes profissionais, onde estes podem consultar e adquirir os nossos produtos, bem como o portal do cliente onde \u00e9 poss\u00edvel consultar conta corrente, documentos pendentes, fazer download de documentos, entre outros.<\/p>\n<p><strong>Desde quando mant\u00e9m a parceria com a Bosch? Que balan\u00e7o faz desta parceria?<br \/>\n<\/strong>Inici\u00e1mos a parceria com a Bosch em 2000. A integra\u00e7\u00e3o na rede Bosch Car Service e Bosch Diesel Center tem um impacto muito positivo. Para al\u00e9m das rela\u00e7\u00f5es comerciais privilegiadas com um dos maiores fornecedores do autom\u00f3vel atual, a marca e imagem Bosch, conhecida pela sua componente t\u00e9cnica avan\u00e7ada, refor\u00e7a a confian\u00e7a dos nossos clientes nos nossos produtos.<\/p>\n<p><strong>A LD Auto tem 11 oficinas BCS. Qual tem sido o seu desempenho? Tenciona abrir mais oficinas?<br \/>\n<\/strong>A presen\u00e7a em todo o territ\u00f3rio nacional \u00e9 um objetivo. O desempenho tem sido positivo em todas as localiza\u00e7\u00f5es, pelo que podemos assumir abertamente que queremos mais e vamos refor\u00e7ar ainda mais a nossa presen\u00e7a sobretudo nos grandes centros.<\/p>\n<p><strong>Quantos colaboradores tem atualmente a LD Auto? Como consegue motivar uma equipa t\u00e3o vasta de colaboradores?<br \/>\n<\/strong>Atualmente temos 120 colaboradores. Considero que o principal fator motivador est\u00e1 relacionado com o meu profundo conhecimento do neg\u00f3cio e com a capacidade de me colocar no terreno e envolver todos, partilhando as conquistas e desafios com a minha equipa.<\/p>\n<p><strong>Considera que o motor diesel est\u00e1 a chegar ao fim de ciclo?<br \/>\n<\/strong>Penso ser cedo para anunciar o fim do diesel. O nosso mercado \u00e9 tradicionalmente composto por viaturas diesel e os grandes fabricantes continuam a criar conceitos de repara\u00e7\u00e3o para estas viaturas. Contudo, acompanhando a filosofia da empresa desde a sua cria\u00e7\u00e3o, a diversifica\u00e7\u00e3o da atividade j\u00e1 est\u00e1 a decorrer. Trabalhamos hoje com diversos produtos transversais a qualquer motoriza\u00e7\u00e3o e possu\u00edmos capacidades t\u00e9cnicas para intervir na eletr\u00f3nica e programa\u00e7\u00e3o autom\u00f3vel. Para al\u00e9m disto, temos recursos humanos certificados para intervir em sistemas de alta tens\u00e3o.<\/p>\n<p><strong>Na sua opini\u00e3o, o que vai acontecer ao p\u00f3s-venda autom\u00f3vel p\u00f3s- Covid19? Qual vai ser o futuro do aftermarket em Portugal?<br \/>\n<\/strong>Na minha opini\u00e3o podemos antecipar dois cen\u00e1rios: a queda na renova\u00e7\u00e3o do parque autom\u00f3vel e das frotas e o aumento da procura por solu\u00e7\u00f5es de repara\u00e7\u00e3o de viaturas com mais horas de trabalho. Penso que os dois cen\u00e1rios podem beneficiar o aftermarket autom\u00f3vel, na medida em que os dois contribuem para o aumento da aflu\u00eancia de clientes nas oficinas de repara\u00e7\u00e3o autom\u00f3vel e por consequ\u00eancia na compra de pe\u00e7as.<\/p>\n<p><strong>Que avalia\u00e7\u00e3o faz do desempenho da LD Auto durante este ano 2020?<br \/>\n<\/strong>O balan\u00e7o para j\u00e1 \u00e9 positivo, podemos afirmar que os resultados tendem para atingirmos ao objetivos propostos. Estamos absolutamente convencidos que este ano permitiu otimizar processos e recursos e desse modo s\u00f3 podemos estar satisfeitos com 2020.<\/p>\n<p><strong>\u00a0<\/strong>Leia o artigo completo <a href=\"https:\/\/www.yumpu.com\/pt\/document\/read\/64979078\/jornal-das-oficinas-181\/24\" target=\"_blank\" rel=\"noopener\"><strong>aqui<\/strong><\/a><\/p>\n","protected":false},"excerpt":{"rendered":"<p>Fundada em 1990 por Fernando Relva,&#8230;<\/p>\n","protected":false},"author":15,"featured_media":17685,"comment_status":"closed","ping_status":"closed","sticky":false,"template":"","format":"standard","meta":{"footnotes":""},"categories":[29],"tags":[1594],"class_list":["post-17683","post","type-post","status-publish","format-standard","has-post-thumbnail","hentry","category-empresas","tag-ld-auto"],"yoast_head":"<!-- This site is optimized with the Yoast SEO plugin v27.4 - https:\/\/yoast.com\/product\/yoast-seo-wordpress\/ -->\n<title>LD Auto celebra 30\u00ba anivers\u00e1rio - Jornal das Oficinas<\/title>\n<meta name=\"robots\" content=\"index, follow, max-snippet:-1, max-image-preview:large, max-video-preview:-1\" \/>\n<link rel=\"canonical\" href=\"https:\/\/jornaldasoficinas.com\/pt\/ld-auto-celebra-30o-aniversario\/\" \/>\n<meta property=\"og:locale\" content=\"pt_PT\" \/>\n<meta property=\"og:type\" content=\"article\" \/>\n<meta property=\"og:title\" content=\"LD Auto celebra 30\u00ba anivers\u00e1rio - Jornal das Oficinas\" \/>\n<meta property=\"og:description\" content=\"Fundada em 1990 por Fernando Relva,...\" \/>\n<meta property=\"og:url\" content=\"https:\/\/jornaldasoficinas.com\/pt\/ld-auto-celebra-30o-aniversario\/\" \/>\n<meta property=\"og:site_name\" content=\"Jornal das Oficinas\" \/>\n<meta property=\"article:publisher\" content=\"https:\/\/www.facebook.com\/jornaloficinas\" \/>\n<meta property=\"article:published_time\" content=\"2020-12-12T18:00:26+00:00\" \/>\n<meta property=\"og:image\" content=\"https:\/\/jornaldasoficinas.com\/pt\/wp-content\/uploads\/2020\/12\/LD-Auto-celebra.jpg\" \/>\n\t<meta property=\"og:image:width\" content=\"1024\" \/>\n\t<meta property=\"og:image:height\" content=\"581\" \/>\n\t<meta property=\"og:image:type\" content=\"image\/jpeg\" \/>\n<meta name=\"author\" content=\"Reda\u00e7\u00e3o JO\" \/>\n<meta name=\"twitter:card\" content=\"summary_large_image\" \/>\n<meta name=\"twitter:creator\" content=\"@jornaloficinas\" \/>\n<meta name=\"twitter:site\" content=\"@jornaloficinas\" \/>\n<meta name=\"twitter:label1\" content=\"Escrito por\" \/>\n\t<meta name=\"twitter:data1\" content=\"Reda\u00e7\u00e3o JO\" \/>\n\t<meta name=\"twitter:label2\" content=\"Tempo estimado de leitura\" \/>\n\t<meta name=\"twitter:data2\" content=\"8 minutos\" \/>\n<script type=\"application\/ld+json\" class=\"yoast-schema-graph\">{\"@context\":\"https:\\\/\\\/schema.org\",\"@graph\":[{\"@type\":\"Article\",\"@id\":\"https:\\\/\\\/jornaldasoficinas.com\\\/pt\\\/ld-auto-celebra-30o-aniversario\\\/#article\",\"isPartOf\":{\"@id\":\"https:\\\/\\\/jornaldasoficinas.com\\\/pt\\\/ld-auto-celebra-30o-aniversario\\\/\"},\"author\":{\"name\":\"Reda\u00e7\u00e3o JO\",\"@id\":\"https:\\\/\\\/jornaldasoficinas.com\\\/pt\\\/#\\\/schema\\\/person\\\/a38eef5de2c41d9e7c9ac10141afddf3\"},\"headline\":\"LD Auto celebra 30\u00ba anivers\u00e1rio\",\"datePublished\":\"2020-12-12T18:00:26+00:00\",\"mainEntityOfPage\":{\"@id\":\"https:\\\/\\\/jornaldasoficinas.com\\\/pt\\\/ld-auto-celebra-30o-aniversario\\\/\"},\"wordCount\":1567,\"publisher\":{\"@id\":\"https:\\\/\\\/jornaldasoficinas.com\\\/pt\\\/#organization\"},\"image\":{\"@id\":\"https:\\\/\\\/jornaldasoficinas.com\\\/pt\\\/ld-auto-celebra-30o-aniversario\\\/#primaryimage\"},\"thumbnailUrl\":\"https:\\\/\\\/jornaldasoficinas.com\\\/pt\\\/wp-content\\\/uploads\\\/2020\\\/12\\\/LD-Auto-celebra.jpg\",\"keywords\":[\"LD Auto\"],\"articleSection\":[\"Empresas\"],\"inLanguage\":\"pt-PT\"},{\"@type\":\"WebPage\",\"@id\":\"https:\\\/\\\/jornaldasoficinas.com\\\/pt\\\/ld-auto-celebra-30o-aniversario\\\/\",\"url\":\"https:\\\/\\\/jornaldasoficinas.com\\\/pt\\\/ld-auto-celebra-30o-aniversario\\\/\",\"name\":\"LD Auto celebra 30\u00ba anivers\u00e1rio - Jornal das Oficinas\",\"isPartOf\":{\"@id\":\"https:\\\/\\\/jornaldasoficinas.com\\\/pt\\\/#website\"},\"primaryImageOfPage\":{\"@id\":\"https:\\\/\\\/jornaldasoficinas.com\\\/pt\\\/ld-auto-celebra-30o-aniversario\\\/#primaryimage\"},\"image\":{\"@id\":\"https:\\\/\\\/jornaldasoficinas.com\\\/pt\\\/ld-auto-celebra-30o-aniversario\\\/#primaryimage\"},\"thumbnailUrl\":\"https:\\\/\\\/jornaldasoficinas.com\\\/pt\\\/wp-content\\\/uploads\\\/2020\\\/12\\\/LD-Auto-celebra.jpg\",\"datePublished\":\"2020-12-12T18:00:26+00:00\",\"breadcrumb\":{\"@id\":\"https:\\\/\\\/jornaldasoficinas.com\\\/pt\\\/ld-auto-celebra-30o-aniversario\\\/#breadcrumb\"},\"inLanguage\":\"pt-PT\",\"potentialAction\":[{\"@type\":\"ReadAction\",\"target\":[\"https:\\\/\\\/jornaldasoficinas.com\\\/pt\\\/ld-auto-celebra-30o-aniversario\\\/\"]}]},{\"@type\":\"ImageObject\",\"inLanguage\":\"pt-PT\",\"@id\":\"https:\\\/\\\/jornaldasoficinas.com\\\/pt\\\/ld-auto-celebra-30o-aniversario\\\/#primaryimage\",\"url\":\"https:\\\/\\\/jornaldasoficinas.com\\\/pt\\\/wp-content\\\/uploads\\\/2020\\\/12\\\/LD-Auto-celebra.jpg\",\"contentUrl\":\"https:\\\/\\\/jornaldasoficinas.com\\\/pt\\\/wp-content\\\/uploads\\\/2020\\\/12\\\/LD-Auto-celebra.jpg\",\"width\":1024,\"height\":581,\"caption\":\"OLYMPUS DIGITAL CAMERA\"},{\"@type\":\"BreadcrumbList\",\"@id\":\"https:\\\/\\\/jornaldasoficinas.com\\\/pt\\\/ld-auto-celebra-30o-aniversario\\\/#breadcrumb\",\"itemListElement\":[{\"@type\":\"ListItem\",\"position\":1,\"name\":\"In\u00edcio\",\"item\":\"https:\\\/\\\/jornaldasoficinas.com\\\/pt\\\/\"},{\"@type\":\"ListItem\",\"position\":2,\"name\":\"LD Auto celebra 30\u00ba anivers\u00e1rio\"}]},{\"@type\":\"WebSite\",\"@id\":\"https:\\\/\\\/jornaldasoficinas.com\\\/pt\\\/#website\",\"url\":\"https:\\\/\\\/jornaldasoficinas.com\\\/pt\\\/\",\"name\":\"Jornal das Oficinas\",\"description\":\"Jornal independente do Aftermarket Autom\u00f3vel em Portugal\",\"publisher\":{\"@id\":\"https:\\\/\\\/jornaldasoficinas.com\\\/pt\\\/#organization\"},\"potentialAction\":[{\"@type\":\"SearchAction\",\"target\":{\"@type\":\"EntryPoint\",\"urlTemplate\":\"https:\\\/\\\/jornaldasoficinas.com\\\/pt\\\/?s={search_term_string}\"},\"query-input\":{\"@type\":\"PropertyValueSpecification\",\"valueRequired\":true,\"valueName\":\"search_term_string\"}}],\"inLanguage\":\"pt-PT\"},{\"@type\":\"Organization\",\"@id\":\"https:\\\/\\\/jornaldasoficinas.com\\\/pt\\\/#organization\",\"name\":\"Jornal das Oficinas\",\"url\":\"https:\\\/\\\/jornaldasoficinas.com\\\/pt\\\/\",\"logo\":{\"@type\":\"ImageObject\",\"inLanguage\":\"pt-PT\",\"@id\":\"https:\\\/\\\/jornaldasoficinas.com\\\/pt\\\/#\\\/schema\\\/logo\\\/image\\\/\",\"url\":\"https:\\\/\\\/jornaldasoficinas.com\\\/pt\\\/wp-content\\\/uploads\\\/logoJO-SEO.png\",\"contentUrl\":\"https:\\\/\\\/jornaldasoficinas.com\\\/pt\\\/wp-content\\\/uploads\\\/logoJO-SEO.png\",\"width\":285,\"height\":450,\"caption\":\"Jornal das Oficinas\"},\"image\":{\"@id\":\"https:\\\/\\\/jornaldasoficinas.com\\\/pt\\\/#\\\/schema\\\/logo\\\/image\\\/\"},\"sameAs\":[\"https:\\\/\\\/www.facebook.com\\\/jornaloficinas\",\"https:\\\/\\\/x.com\\\/jornaloficinas\",\"https:\\\/\\\/www.instagram.com\\\/jornal_oficinas\\\/\",\"https:\\\/\\\/www.linkedin.com\\\/company\\\/jornal-das-oficinas\\\/\",\"https:\\\/\\\/www.youtube.com\\\/channel\\\/UCbQZBqtcvV-oSQrr7RzINGg\"]},{\"@type\":\"Person\",\"@id\":\"https:\\\/\\\/jornaldasoficinas.com\\\/pt\\\/#\\\/schema\\\/person\\\/a38eef5de2c41d9e7c9ac10141afddf3\",\"name\":\"Reda\u00e7\u00e3o JO\",\"image\":{\"@type\":\"ImageObject\",\"inLanguage\":\"pt-PT\",\"@id\":\"https:\\\/\\\/secure.gravatar.com\\\/avatar\\\/71f2fa71737ad68a84fea94bc708ddac8ea5b0c4788dc2ad202f3ccb2887742f?s=96&d=wp_user_avatar&r=g\",\"url\":\"https:\\\/\\\/secure.gravatar.com\\\/avatar\\\/71f2fa71737ad68a84fea94bc708ddac8ea5b0c4788dc2ad202f3ccb2887742f?s=96&d=wp_user_avatar&r=g\",\"contentUrl\":\"https:\\\/\\\/secure.gravatar.com\\\/avatar\\\/71f2fa71737ad68a84fea94bc708ddac8ea5b0c4788dc2ad202f3ccb2887742f?s=96&d=wp_user_avatar&r=g\",\"caption\":\"Reda\u00e7\u00e3o JO\"},\"url\":\"https:\\\/\\\/jornaldasoficinas.com\\\/pt\\\/author\\\/joredacao\\\/\"}]}<\/script>\n<!-- \/ Yoast SEO plugin. -->","yoast_head_json":{"title":"LD Auto celebra 30\u00ba anivers\u00e1rio - Jornal das Oficinas","robots":{"index":"index","follow":"follow","max-snippet":"max-snippet:-1","max-image-preview":"max-image-preview:large","max-video-preview":"max-video-preview:-1"},"canonical":"https:\/\/jornaldasoficinas.com\/pt\/ld-auto-celebra-30o-aniversario\/","og_locale":"pt_PT","og_type":"article","og_title":"LD Auto celebra 30\u00ba anivers\u00e1rio - Jornal das Oficinas","og_description":"Fundada em 1990 por Fernando Relva,...","og_url":"https:\/\/jornaldasoficinas.com\/pt\/ld-auto-celebra-30o-aniversario\/","og_site_name":"Jornal das Oficinas","article_publisher":"https:\/\/www.facebook.com\/jornaloficinas","article_published_time":"2020-12-12T18:00:26+00:00","og_image":[{"width":1024,"height":581,"url":"https:\/\/jornaldasoficinas.com\/pt\/wp-content\/uploads\/2020\/12\/LD-Auto-celebra.jpg","type":"image\/jpeg"}],"author":"Reda\u00e7\u00e3o JO","twitter_card":"summary_large_image","twitter_creator":"@jornaloficinas","twitter_site":"@jornaloficinas","twitter_misc":{"Escrito por":"Reda\u00e7\u00e3o JO","Tempo estimado de leitura":"8 minutos"},"schema":{"@context":"https:\/\/schema.org","@graph":[{"@type":"Article","@id":"https:\/\/jornaldasoficinas.com\/pt\/ld-auto-celebra-30o-aniversario\/#article","isPartOf":{"@id":"https:\/\/jornaldasoficinas.com\/pt\/ld-auto-celebra-30o-aniversario\/"},"author":{"name":"Reda\u00e7\u00e3o JO","@id":"https:\/\/jornaldasoficinas.com\/pt\/#\/schema\/person\/a38eef5de2c41d9e7c9ac10141afddf3"},"headline":"LD Auto celebra 30\u00ba anivers\u00e1rio","datePublished":"2020-12-12T18:00:26+00:00","mainEntityOfPage":{"@id":"https:\/\/jornaldasoficinas.com\/pt\/ld-auto-celebra-30o-aniversario\/"},"wordCount":1567,"publisher":{"@id":"https:\/\/jornaldasoficinas.com\/pt\/#organization"},"image":{"@id":"https:\/\/jornaldasoficinas.com\/pt\/ld-auto-celebra-30o-aniversario\/#primaryimage"},"thumbnailUrl":"https:\/\/jornaldasoficinas.com\/pt\/wp-content\/uploads\/2020\/12\/LD-Auto-celebra.jpg","keywords":["LD Auto"],"articleSection":["Empresas"],"inLanguage":"pt-PT"},{"@type":"WebPage","@id":"https:\/\/jornaldasoficinas.com\/pt\/ld-auto-celebra-30o-aniversario\/","url":"https:\/\/jornaldasoficinas.com\/pt\/ld-auto-celebra-30o-aniversario\/","name":"LD Auto celebra 30\u00ba anivers\u00e1rio - Jornal das Oficinas","isPartOf":{"@id":"https:\/\/jornaldasoficinas.com\/pt\/#website"},"primaryImageOfPage":{"@id":"https:\/\/jornaldasoficinas.com\/pt\/ld-auto-celebra-30o-aniversario\/#primaryimage"},"image":{"@id":"https:\/\/jornaldasoficinas.com\/pt\/ld-auto-celebra-30o-aniversario\/#primaryimage"},"thumbnailUrl":"https:\/\/jornaldasoficinas.com\/pt\/wp-content\/uploads\/2020\/12\/LD-Auto-celebra.jpg","datePublished":"2020-12-12T18:00:26+00:00","breadcrumb":{"@id":"https:\/\/jornaldasoficinas.com\/pt\/ld-auto-celebra-30o-aniversario\/#breadcrumb"},"inLanguage":"pt-PT","potentialAction":[{"@type":"ReadAction","target":["https:\/\/jornaldasoficinas.com\/pt\/ld-auto-celebra-30o-aniversario\/"]}]},{"@type":"ImageObject","inLanguage":"pt-PT","@id":"https:\/\/jornaldasoficinas.com\/pt\/ld-auto-celebra-30o-aniversario\/#primaryimage","url":"https:\/\/jornaldasoficinas.com\/pt\/wp-content\/uploads\/2020\/12\/LD-Auto-celebra.jpg","contentUrl":"https:\/\/jornaldasoficinas.com\/pt\/wp-content\/uploads\/2020\/12\/LD-Auto-celebra.jpg","width":1024,"height":581,"caption":"OLYMPUS DIGITAL CAMERA"},{"@type":"BreadcrumbList","@id":"https:\/\/jornaldasoficinas.com\/pt\/ld-auto-celebra-30o-aniversario\/#breadcrumb","itemListElement":[{"@type":"ListItem","position":1,"name":"In\u00edcio","item":"https:\/\/jornaldasoficinas.com\/pt\/"},{"@type":"ListItem","position":2,"name":"LD Auto celebra 30\u00ba anivers\u00e1rio"}]},{"@type":"WebSite","@id":"https:\/\/jornaldasoficinas.com\/pt\/#website","url":"https:\/\/jornaldasoficinas.com\/pt\/","name":"Jornal das Oficinas","description":"Jornal independente do Aftermarket Autom\u00f3vel em Portugal","publisher":{"@id":"https:\/\/jornaldasoficinas.com\/pt\/#organization"},"potentialAction":[{"@type":"SearchAction","target":{"@type":"EntryPoint","urlTemplate":"https:\/\/jornaldasoficinas.com\/pt\/?s={search_term_string}"},"query-input":{"@type":"PropertyValueSpecification","valueRequired":true,"valueName":"search_term_string"}}],"inLanguage":"pt-PT"},{"@type":"Organization","@id":"https:\/\/jornaldasoficinas.com\/pt\/#organization","name":"Jornal das Oficinas","url":"https:\/\/jornaldasoficinas.com\/pt\/","logo":{"@type":"ImageObject","inLanguage":"pt-PT","@id":"https:\/\/jornaldasoficinas.com\/pt\/#\/schema\/logo\/image\/","url":"https:\/\/jornaldasoficinas.com\/pt\/wp-content\/uploads\/logoJO-SEO.png","contentUrl":"https:\/\/jornaldasoficinas.com\/pt\/wp-content\/uploads\/logoJO-SEO.png","width":285,"height":450,"caption":"Jornal das Oficinas"},"image":{"@id":"https:\/\/jornaldasoficinas.com\/pt\/#\/schema\/logo\/image\/"},"sameAs":["https:\/\/www.facebook.com\/jornaloficinas","https:\/\/x.com\/jornaloficinas","https:\/\/www.instagram.com\/jornal_oficinas\/","https:\/\/www.linkedin.com\/company\/jornal-das-oficinas\/","https:\/\/www.youtube.com\/channel\/UCbQZBqtcvV-oSQrr7RzINGg"]},{"@type":"Person","@id":"https:\/\/jornaldasoficinas.com\/pt\/#\/schema\/person\/a38eef5de2c41d9e7c9ac10141afddf3","name":"Reda\u00e7\u00e3o JO","image":{"@type":"ImageObject","inLanguage":"pt-PT","@id":"https:\/\/secure.gravatar.com\/avatar\/71f2fa71737ad68a84fea94bc708ddac8ea5b0c4788dc2ad202f3ccb2887742f?s=96&d=wp_user_avatar&r=g","url":"https:\/\/secure.gravatar.com\/avatar\/71f2fa71737ad68a84fea94bc708ddac8ea5b0c4788dc2ad202f3ccb2887742f?s=96&d=wp_user_avatar&r=g","contentUrl":"https:\/\/secure.gravatar.com\/avatar\/71f2fa71737ad68a84fea94bc708ddac8ea5b0c4788dc2ad202f3ccb2887742f?s=96&d=wp_user_avatar&r=g","caption":"Reda\u00e7\u00e3o JO"},"url":"https:\/\/jornaldasoficinas.com\/pt\/author\/joredacao\/"}]}},"_links":{"self":[{"href":"https:\/\/jornaldasoficinas.com\/pt\/wp-json\/wp\/v2\/posts\/17683","targetHints":{"allow":["GET"]}}],"collection":[{"href":"https:\/\/jornaldasoficinas.com\/pt\/wp-json\/wp\/v2\/posts"}],"about":[{"href":"https:\/\/jornaldasoficinas.com\/pt\/wp-json\/wp\/v2\/types\/post"}],"author":[{"embeddable":true,"href":"https:\/\/jornaldasoficinas.com\/pt\/wp-json\/wp\/v2\/users\/15"}],"replies":[{"embeddable":true,"href":"https:\/\/jornaldasoficinas.com\/pt\/wp-json\/wp\/v2\/comments?post=17683"}],"version-history":[{"count":0,"href":"https:\/\/jornaldasoficinas.com\/pt\/wp-json\/wp\/v2\/posts\/17683\/revisions"}],"wp:featuredmedia":[{"embeddable":true,"href":"https:\/\/jornaldasoficinas.com\/pt\/wp-json\/wp\/v2\/media\/17685"}],"wp:attachment":[{"href":"https:\/\/jornaldasoficinas.com\/pt\/wp-json\/wp\/v2\/media?parent=17683"}],"wp:term":[{"taxonomy":"category","embeddable":true,"href":"https:\/\/jornaldasoficinas.com\/pt\/wp-json\/wp\/v2\/categories?post=17683"},{"taxonomy":"post_tag","embeddable":true,"href":"https:\/\/jornaldasoficinas.com\/pt\/wp-json\/wp\/v2\/tags?post=17683"}],"curies":[{"name":"wp","href":"https:\/\/api.w.org\/{rel}","templated":true}]}}